{"id":53,"date":"2012-09-12T16:51:20","date_gmt":"2012-09-12T13:51:20","guid":{"rendered":"http:\/\/www.kariyerkampuste.com\/?p=53"},"modified":"2024-07-03T15:39:37","modified_gmt":"2024-07-03T12:39:37","slug":"gebze-makina-muhendisleri-odasi-uyeleri-ile-bulustuk","status":"publish","type":"post","link":"https:\/\/www.kariyer.net\/kariyer-rehberi\/gebze-makina-muhendisleri-odasi-uyeleri-ile-bulustuk\/","title":{"rendered":"Gebze Makina M\u00fchendisleri Odas\u0131 \u00fcyeleri ile bulu\u015ftuk!"},"content":{"rendered":"<p>Gebze Makina M\u00fchendisleri Odas\u0131n\u0131n daveti \u00fczerine, 14 May\u0131s 2012`de etkili cv haz\u0131rlama \u00fczerine sunum ger\u00e7ekle\u015ftirdim. Sunuma\u00a0 ilgi \u00e7ok y\u00fcksek oldu, oda \u00fcyelerine \u00e7ok te\u015fekk\u00fcr ediyorum. 3 saate yak\u0131n s\u00fcren sunumda, CV haz\u0131rlaman\u0131n p\u00fcf noktalar\u0131 ve ba\u015fvuru yaparken, veya m\u00fclakatlara haz\u0131rlan\u0131rken nelere dikkat edilmeli konular\u0131n\u0131n \u00fczerine duruldu.<\/p>\n<p><!--more--><\/p>\n<p>Olduk\u00e7a yo\u011fun soru ve kar\u015f\u0131l\u0131kl\u0131 de\u011ferlendirme ve yorumlar\u0131n da yap\u0131ld\u0131\u011f\u0131 bulu\u015fman\u0131n etkili oldu\u011funu ve kat\u0131l\u0131mc\u0131lar i\u00e7in de \u00e7ok g\u00fczel ge\u00e7ti\u011fini umuyorum. \u0130lk defa b\u00f6yle bir organizasyon yapan Makina M\u00fchendisleri Odas\u0131 y\u00f6neticilerini de b\u00f6yle bir organizasyona \u00f6n ayak olduklar\u0131\u00a0 i\u00e7in te\u015fekk\u00fcr ediyorum.<\/p>\n<!-- templates\/buttons-placeholder.php -->\n<div class=\"da-reactions-outer TpostID53\">\n\t    <div class=\"da-reactions-data da-reactions-container-async center\"\n         data-type=\"post\"\n         data-id=\"53\"\n         id=\"da-reactions-slot-post-53\">\n        <div class=\"da-reactions-static\">\n\t\t\t<img src=\"https:\/\/www.kariyer.net\/kariyer-rehberi\/wp-content\/plugins\/da-reactions\/assets\/dist\/loading.svg\" alt=\"Loading spinner\" width=\"48\" height=\"48\" style=\"width:48px\" \/>\n        <\/div>\n    <\/div>\n<\/div>\n","protected":false},"excerpt":{"rendered":"<p>Gebze Makina M\u00fchendisleri Odas\u0131n\u0131n daveti \u00fczerine, 14 May\u0131s 2012`de etkili cv haz\u0131rlama \u00fczerine sunum ger\u00e7ekle\u015ftirdim. Sunuma\u00a0 ilgi \u00e7ok y\u00fcksek oldu, oda \u00fcyelerine \u00e7ok te\u015fekk\u00fcr ediyorum. 3 saate yak\u0131n s\u00fcren sunumda, CV haz\u0131rlaman\u0131n p\u00fcf noktalar\u0131 ve ba\u015fvuru yaparken, veya m\u00fclakatlara haz\u0131rlan\u0131rken nelere dikkat edilmeli konular\u0131n\u0131n \u00fczerine duruldu.<\/p>\n<!-- templates\/buttons-placeholder.php -->\n<div class=\"da-reactions-outer TpostID53\">\n\t    <div class=\"da-reactions-data da-reactions-container-async center\"\n         data-type=\"post\"\n         data-id=\"53\"\n         id=\"da-reactions-slot-post-53\">\n        <div class=\"da-reactions-static\">\n\t\t\t<img src=\"https:\/\/www.kariyer.net\/kariyer-rehberi\/wp-content\/plugins\/da-reactions\/assets\/dist\/loading.svg\" alt=\"Loading spinner\" width=\"48\" height=\"48\" style=\"width:48px\" \/>\n        <\/div>\n    <\/div>\n<\/div>\n","protected":false},"author":12,"featured_media":0,"comment_status":"open","ping_status":"open","sticky":false,"template":"","format":"standard","meta":{"footnotes":"","_elementor_edit_mode":"","_elementor_template_type":"","_elementor_data":"","_elementor_page_settings":null,"_elementor_conditions":[]},"categories":[2211,85],"tags":[285],"class_list":{"0":"post-53","1":"post","2":"type-post","3":"status-publish","4":"format-standard","6":"category-kariyer-gelisimi","7":"category-universitelerden-izlenimler","8":"tag-gebze-makine-muhendisleri-odasi"},"yoast_head":"<!-- This site is optimized with the Yoast SEO Premium plugin v21.4 (Yoast SEO v27.0) - https:\/\/yoast.com\/product\/yoast-seo-premium-wordpress\/ -->\n<title>Gebze Makina M\u00fchendisleri Odas\u0131nda Seminer | Kariyer Rehberi<\/title>\n<meta name=\"description\" content=\"Kariyer.net, Gebze Makina M\u00fchendisleri Odas\u0131n\u0131n daveti \u00fczerine, 14 May\u0131s 2012`de etkili cv haz\u0131rlama \u00fczerine sunumu ger\u00e7ekle\u015ftirdi.\" \/>\n<meta name=\"robots\" content=\"index, follow, max-snippet:-1, max-image-preview:large, max-video-preview:-1\" \/>\n<link rel=\"canonical\" href=\"https:\/\/www.kariyer.net\/kariyer-rehberi\/gebze-makina-muhendisleri-odasi-uyeleri-ile-bulustuk\/\" \/>\n<meta property=\"og:locale\" content=\"tr_TR\" \/>\n<meta property=\"og:type\" content=\"article\" \/>\n<meta property=\"og:title\" content=\"Gebze Makina M\u00fchendisleri Odas\u0131 \u00fcyeleri ile bulu\u015ftuk!\" \/>\n<meta property=\"og:description\" content=\"Gebze Makina M\u00fchendisleri Odas\u0131n\u0131n daveti \u00fczerine, 14 May\u0131s 2012`de etkili cv haz\u0131rlama \u00fczerine sunum ger\u00e7ekle\u015ftirdim. Sunuma\u00a0 ilgi \u00e7ok y\u00fcksek oldu, oda\" \/>\n<meta property=\"og:url\" content=\"https:\/\/www.kariyer.net\/kariyer-rehberi\/gebze-makina-muhendisleri-odasi-uyeleri-ile-bulustuk\/\" \/>\n<meta property=\"og:site_name\" content=\"Kariyer Rehberi\" \/>\n<meta property=\"article:published_time\" content=\"2012-09-12T13:51:20+00:00\" \/>\n<meta property=\"article:modified_time\" content=\"2024-07-03T12:39:37+00:00\" \/>\n<meta name=\"author\" content=\"Edit\u00f6r\" \/>\n<meta name=\"twitter:card\" content=\"summary_large_image\" \/>\n<meta name=\"twitter:label1\" content=\"Yazan:\" \/>\n\t<meta name=\"twitter:data1\" content=\"Edit\u00f6r\" \/>\n\t<meta name=\"twitter:label2\" content=\"Tahmini okuma s\u00fcresi\" \/>\n\t<meta name=\"twitter:data2\" content=\"1 dakika\" \/>\n<!-- \/ Yoast SEO Premium plugin. -->","yoast_head_json":{"title":"Gebze Makina M\u00fchendisleri Odas\u0131nda Seminer | Kariyer Rehberi","description":"Kariyer.net, Gebze Makina M\u00fchendisleri Odas\u0131n\u0131n daveti \u00fczerine, 14 May\u0131s 2012`de etkili cv haz\u0131rlama \u00fczerine sunumu ger\u00e7ekle\u015ftirdi.","robots":{"index":"index","follow":"follow","max-snippet":"max-snippet:-1","max-image-preview":"max-image-preview:large","max-video-preview":"max-video-preview:-1"},"canonical":"https:\/\/www.kariyer.net\/kariyer-rehberi\/gebze-makina-muhendisleri-odasi-uyeleri-ile-bulustuk\/","og_locale":"tr_TR","og_type":"article","og_title":"Gebze Makina M\u00fchendisleri Odas\u0131 \u00fcyeleri ile bulu\u015ftuk!","og_description":"Gebze Makina M\u00fchendisleri Odas\u0131n\u0131n daveti \u00fczerine, 14 May\u0131s 2012`de etkili cv haz\u0131rlama \u00fczerine sunum ger\u00e7ekle\u015ftirdim. Sunuma\u00a0 ilgi \u00e7ok y\u00fcksek oldu, oda","og_url":"https:\/\/www.kariyer.net\/kariyer-rehberi\/gebze-makina-muhendisleri-odasi-uyeleri-ile-bulustuk\/","og_site_name":"Kariyer Rehberi","article_published_time":"2012-09-12T13:51:20+00:00","article_modified_time":"2024-07-03T12:39:37+00:00","author":"Edit\u00f6r","twitter_card":"summary_large_image","twitter_misc":{"Yazan:":"Edit\u00f6r","Tahmini okuma s\u00fcresi":"1 dakika"},"schema":{"@context":"https:\/\/schema.org","@graph":[{"@type":"Article","@id":"https:\/\/www.kariyer.net\/kariyer-rehberi\/gebze-makina-muhendisleri-odasi-uyeleri-ile-bulustuk\/#article","isPartOf":{"@id":"https:\/\/www.kariyer.net\/kariyer-rehberi\/gebze-makina-muhendisleri-odasi-uyeleri-ile-bulustuk\/"},"author":{"name":"Edit\u00f6r","@id":"https:\/\/www.kariyer.net\/kariyer-rehberi\/#\/schema\/person\/94fd6e49c7ff1b1b2565a2cc4fd685dd"},"headline":"Gebze Makina M\u00fchendisleri Odas\u0131 \u00fcyeleri ile bulu\u015ftuk!","datePublished":"2012-09-12T13:51:20+00:00","dateModified":"2024-07-03T12:39:37+00:00","mainEntityOfPage":{"@id":"https:\/\/www.kariyer.net\/kariyer-rehberi\/gebze-makina-muhendisleri-odasi-uyeleri-ile-bulustuk\/"},"wordCount":139,"commentCount":0,"publisher":{"@id":"https:\/\/www.kariyer.net\/kariyer-rehberi\/#organization"},"keywords":["Gebze Makine M\u00fchendisleri Odas\u0131"],"articleSection":["Kariyer Geli\u015fimi","\u00dcniversitelerden \u0130zlenimler"],"inLanguage":"tr","potentialAction":[{"@type":"CommentAction","name":"Comment","target":["https:\/\/www.kariyer.net\/kariyer-rehberi\/gebze-makina-muhendisleri-odasi-uyeleri-ile-bulustuk\/#respond"]}]},{"@type":"WebPage","@id":"https:\/\/www.kariyer.net\/kariyer-rehberi\/gebze-makina-muhendisleri-odasi-uyeleri-ile-bulustuk\/","url":"https:\/\/www.kariyer.net\/kariyer-rehberi\/gebze-makina-muhendisleri-odasi-uyeleri-ile-bulustuk\/","name":"Gebze Makina M\u00fchendisleri Odas\u0131nda Seminer | Kariyer Rehberi","isPartOf":{"@id":"https:\/\/www.kariyer.net\/kariyer-rehberi\/#website"},"datePublished":"2012-09-12T13:51:20+00:00","dateModified":"2024-07-03T12:39:37+00:00","description":"Kariyer.net, Gebze Makina M\u00fchendisleri Odas\u0131n\u0131n daveti \u00fczerine, 14 May\u0131s 2012`de etkili cv haz\u0131rlama \u00fczerine sunumu ger\u00e7ekle\u015ftirdi.","breadcrumb":{"@id":"https:\/\/www.kariyer.net\/kariyer-rehberi\/gebze-makina-muhendisleri-odasi-uyeleri-ile-bulustuk\/#breadcrumb"},"inLanguage":"tr","potentialAction":[{"@type":"ReadAction","target":["https:\/\/www.kariyer.net\/kariyer-rehberi\/gebze-makina-muhendisleri-odasi-uyeleri-ile-bulustuk\/"]}]},{"@type":"BreadcrumbList","@id":"https:\/\/www.kariyer.net\/kariyer-rehberi\/gebze-makina-muhendisleri-odasi-uyeleri-ile-bulustuk\/#breadcrumb","itemListElement":[{"@type":"ListItem","position":1,"name":"Anasayfa","item":"https:\/\/www.kariyer.net\/kariyer-rehberi\/"},{"@type":"ListItem","position":2,"name":"Gebze Makina M\u00fchendisleri Odas\u0131 \u00fcyeleri ile bulu\u015ftuk!"}]},{"@type":"WebSite","@id":"https:\/\/www.kariyer.net\/kariyer-rehberi\/#website","url":"https:\/\/www.kariyer.net\/kariyer-rehberi\/","name":"Kariyer Rehberi","description":"\u0130\u015f D\u00fcnyas\u0131yla \u0130lgili Bilmek \u0130stedi\u011finiz Her \u015eey","publisher":{"@id":"https:\/\/www.kariyer.net\/kariyer-rehberi\/#organization"},"potentialAction":[{"@type":"SearchAction","target":{"@type":"EntryPoint","urlTemplate":"https:\/\/www.kariyer.net\/kariyer-rehberi\/?s={search_term_string}"},"query-input":{"@type":"PropertyValueSpecification","valueRequired":true,"valueName":"search_term_string"}}],"inLanguage":"tr"},{"@type":"Organization","@id":"https:\/\/www.kariyer.net\/kariyer-rehberi\/#organization","name":"Kariyer.net","url":"https:\/\/www.kariyer.net\/kariyer-rehberi\/","logo":{"@type":"ImageObject","inLanguage":"tr","@id":"https:\/\/www.kariyer.net\/kariyer-rehberi\/#\/schema\/logo\/image\/","url":"https:\/\/www.kariyer.net\/kariyer-rehberi-new\/wp-content\/uploads\/2023\/01\/og-image11.jpg","contentUrl":"https:\/\/www.kariyer.net\/kariyer-rehberi-new\/wp-content\/uploads\/2023\/01\/og-image11.jpg","width":800,"height":800,"caption":"Kariyer.net"},"image":{"@id":"https:\/\/www.kariyer.net\/kariyer-rehberi\/#\/schema\/logo\/image\/"}},{"@type":"Person","@id":"https:\/\/www.kariyer.net\/kariyer-rehberi\/#\/schema\/person\/94fd6e49c7ff1b1b2565a2cc4fd685dd","name":"Edit\u00f6r","image":{"@type":"ImageObject","inLanguage":"tr","@id":"https:\/\/www.kariyer.net\/kariyer-rehberi\/#\/schema\/person\/image\/","url":"https:\/\/secure.gravatar.com\/avatar\/0c4fe6688343aed3693b15573beae12c08ace5565409d5ab7509bf9c115f458d?s=96&d=mm&r=g","contentUrl":"https:\/\/secure.gravatar.com\/avatar\/0c4fe6688343aed3693b15573beae12c08ace5565409d5ab7509bf9c115f458d?s=96&d=mm&r=g","caption":"Edit\u00f6r"},"url":"https:\/\/www.kariyer.net\/kariyer-rehberi\/author\/editor\/"}]}},"_links":{"self":[{"href":"https:\/\/www.kariyer.net\/kariyer-rehberi\/wp-json\/wp\/v2\/posts\/53","targetHints":{"allow":["GET"]}}],"collection":[{"href":"https:\/\/www.kariyer.net\/kariyer-rehberi\/wp-json\/wp\/v2\/posts"}],"about":[{"href":"https:\/\/www.kariyer.net\/kariyer-rehberi\/wp-json\/wp\/v2\/types\/post"}],"author":[{"embeddable":true,"href":"https:\/\/www.kariyer.net\/kariyer-rehberi\/wp-json\/wp\/v2\/users\/12"}],"replies":[{"embeddable":true,"href":"https:\/\/www.kariyer.net\/kariyer-rehberi\/wp-json\/wp\/v2\/comments?post=53"}],"version-history":[{"count":1,"href":"https:\/\/www.kariyer.net\/kariyer-rehberi\/wp-json\/wp\/v2\/posts\/53\/revisions"}],"predecessor-version":[{"id":20010,"href":"https:\/\/www.kariyer.net\/kariyer-rehberi\/wp-json\/wp\/v2\/posts\/53\/revisions\/20010"}],"wp:attachment":[{"href":"https:\/\/www.kariyer.net\/kariyer-rehberi\/wp-json\/wp\/v2\/media?parent=53"}],"wp:term":[{"taxonomy":"category","embeddable":true,"href":"https:\/\/www.kariyer.net\/kariyer-rehberi\/wp-json\/wp\/v2\/categories?post=53"},{"taxonomy":"post_tag","embeddable":true,"href":"https:\/\/www.kariyer.net\/kariyer-rehberi\/wp-json\/wp\/v2\/tags?post=53"}],"curies":[{"name":"wp","href":"https:\/\/api.w.org\/{rel}","templated":true}]}}