{"id":5511,"date":"2015-06-02T11:00:04","date_gmt":"2015-06-02T08:00:04","guid":{"rendered":"http:\/\/www.kariyer.net\/kariyer-rehberi\/?p=5511"},"modified":"2024-07-03T15:04:45","modified_gmt":"2024-07-03T12:04:45","slug":"ben-biraz-kafamin-dikine-giderim","status":"publish","type":"post","link":"https:\/\/www.kariyer.net\/kariyer-rehberi\/ben-biraz-kafamin-dikine-giderim\/","title":{"rendered":"Ben biraz kafam\u0131n dikine giderim"},"content":{"rendered":"<p><strong>\u00dcnl\u00fc kahkahalar\u0131 ve pozitif enerjisiyle ad\u0131 adeta bir marka haline gelen Saba T\u00fcmer b\u00fcy\u00fck bir hayran kitlesine sahip. \u201c\u0130nsanlar neden bahsetti\u011finizi unutabilir fakat onlara vermi\u015f oldu\u011funuz duyguyu hi\u00e7bir zaman unutmazlar\u201d diyen T\u00fcmer, ekran \u00f6n\u00fcnde neyin tutaca\u011f\u0131n\u0131 anlad\u0131\u011f\u0131n\u0131, dolay\u0131s\u0131yla da kendi bildi\u011fi yoldan asla vazge\u00e7medi\u011fini s\u00f6yl\u00fcyor<\/strong>.<\/p>\n<p style=\"text-align: left;\"><img fetchpriority=\"high\" decoding=\"async\" class=\"aligncenter size-full wp-image-5512\" src=\"http:\/\/www.kariyer.net\/kariyer-rehberi\/wp-content\/uploads\/2015\/05\/sabatumer1.jpg\" alt=\"saba t\u00fcmer\" width=\"600\" height=\"300\" srcset=\"https:\/\/www.kariyer.net\/kariyer-rehberi\/wp-content\/uploads\/2015\/05\/sabatumer1.jpg 600w, https:\/\/www.kariyer.net\/kariyer-rehberi\/wp-content\/uploads\/2015\/05\/sabatumer1-300x150.jpg 300w\" sizes=\"(max-width: 600px) 100vw, 600px\" \/>Tatl\u0131 dil ve g\u00fcler y\u00fcz\u00fcn g\u00fc\u00e7l\u00fc bir manyetik alan\u0131 vard\u0131r; insanlar\u0131 kendine \u00e7eker\u2026 Saba T\u00fcmer de tam olarak b\u00f6yle bir kad\u0131n, ilk kar\u015f\u0131la\u015ft\u0131\u011f\u0131n\u0131z andan itibaren enerjisini hissedebiliyor ve g\u00f6zlerinin parlad\u0131\u011f\u0131n\u0131 g\u00f6rebiliyorsunuz. \u201cBu mesle\u011fi yapmak i\u00e7in do\u011fdu\u011fuma inan\u0131yorum\u201d diyen T\u00fcmer, i\u015f hayat\u0131n\u0131n verdi\u011fi tatmin do\u011frultusunda ger\u00e7ek mutlulu\u011fu yakalad\u0131\u011f\u0131n\u0131 d\u00fc\u015f\u00fcn\u00fcyor. Ege \u00dcniversitesi \u0130leti\u015fim Fak\u00fcltesi\u2019nde gazetecilik e\u011fitimi ald\u0131ktan sonra \u0130zmir\u2019de \u00e7al\u0131\u015fma hayat\u0131na at\u0131lan T\u00fcmer, yakla\u015f\u0131k 15 y\u0131l boyunca s\u00fcrd\u00fcrd\u00fc\u011f\u00fc Talk Show\u2019un ard\u0131ndan farkl\u0131 bir formatla izleyiciyle bulu\u015fuyor. <strong>\u201cSaba T\u00fcmer ile Oyuna Geldik\u201d<\/strong> isimli program\u0131nda kendi deyimiyle art\u0131k aya\u011fa kalkan T\u00fcmer ile program \u00e7ekiminin ard\u0131ndan kariyeri ve ba\u015far\u0131ya bak\u0131\u015f a\u00e7\u0131s\u0131 oda\u011f\u0131nda bir sohbet ger\u00e7ekle\u015ftirdik.<\/p>\n<h2><b>Kariyer yolculu\u011funuzun gidi\u015fat\u0131n\u0131 de\u011fi\u015ftiren kilometre ta\u015flar\u0131ndan bahseder misiniz?<\/b><\/h2>\n<p>Kariyerimde \u00e7ok fazla d\u00f6n\u00fcm noktas\u0131 var. \u0130zmir\u2019den NTV\u2019ye transfer olmam, <strong>Reha Muhtar\u2019\u0131n<\/strong> beni Show Haber\u2019e almas\u0131, programc\u0131l\u0131\u011fa SKY T\u00fcrk\u2019te ba\u015flamam, <strong>Okan Bay\u00fclgen<\/strong> ile beraber \u00e7al\u0131\u015f\u0131p tamamen programc\u0131l\u0131\u011fa ge\u00e7mem gibi\u2026 Ben de\u011fi\u015fikli\u011fi seven bir insan\u0131m, de\u011fi\u015fikliklerden korkmam. Yeni bir \u015feyi yapabilece\u011fime inand\u0131\u011f\u0131m zaman daha \u00f6nce yapm\u0131\u015f oldu\u011fum i\u015fe yol veriyorum. Kendimdeki potansiyeli biliyorum. Ayr\u0131ca gelen do\u011fru teklifleri do\u011fru de\u011ferlendirdim. Bu da benim en b\u00fcy\u00fck \u015fans\u0131m oldu.<\/p>\n<h2><b>\u00c7al\u0131\u015fma hayat\u0131n\u0131zla birlikte karakterinizde en \u00e7ok hangi y\u00f6n\u00fcn\u00fcz\u00fcn g\u00fc\u00e7lendi\u011fini d\u00fc\u015f\u00fcn\u00fcyorsunuz?<\/b><\/h2>\n<p>\u00c7al\u0131\u015f\u0131p daha iyi \u015feyler yapt\u0131\u011f\u0131n\u0131 g\u00f6r\u00fcnce insan\u0131n \u00f6zg\u00fcveni daha bir g\u00fc\u00e7leniyor. Hele bir isim yapt\u0131ktan sonra m\u00fckemmeliyet\u00e7i oluyorsun mecburen. \u00c7\u00fcnk\u00fc daha \u00f6nce yapm\u0131\u015f oldu\u011fun i\u015flerle yar\u0131\u015f\u0131yorsun. Elalemle u\u011fra\u015faca\u011f\u0131na, en g\u00fczeli kendini a\u015fmaya \u00e7al\u0131\u015fmak bence. Zaman i\u00e7inde daha sab\u0131rl\u0131 olmay\u0131 \u00f6\u011frendim. Kendimi daha iyi tan\u0131d\u0131m ve ne istedi\u011fimi daha iyi biliyorum.<\/p>\n<h2><img decoding=\"async\" class=\"alignright size-medium wp-image-5518\" src=\"http:\/\/www.kariyer.net\/kariyer-rehberi\/wp-content\/uploads\/2015\/05\/sabatumer4-300x300.jpg\" alt=\"sabatumer4\" width=\"300\" height=\"300\" srcset=\"https:\/\/www.kariyer.net\/kariyer-rehberi\/wp-content\/uploads\/2015\/05\/sabatumer4-300x300.jpg 300w, https:\/\/www.kariyer.net\/kariyer-rehberi\/wp-content\/uploads\/2015\/05\/sabatumer4-150x150.jpg 150w, https:\/\/www.kariyer.net\/kariyer-rehberi\/wp-content\/uploads\/2015\/05\/sabatumer4.jpg 400w\" sizes=\"(max-width: 300px) 100vw, 300px\" \/><\/h2>\n<h2><b>Programlar\u0131n\u0131z yay\u0131ndan kald\u0131r\u0131lsa bile marka de\u011feriniz hi\u00e7 d\u00fc\u015fm\u00fcyor. Bunu neye ba\u011fl\u0131yorsunuz?<\/b><\/h2>\n<p>\u0130nsanlar neden bahsetti\u011finizi, neler konu\u015ftu\u011funuzu unutabilir fakat onlara vermi\u015f oldu\u011funuz duyguyu hi\u00e7bir zaman unutmazlar. Ben o duyguyu veriyorum. \u0130nsanlar beni g\u00f6r\u00fcnce tebess\u00fcm ediyor, beni g\u00f6r\u00fcnce e\u011flenece\u011fini anl\u0131yor, beni g\u00f6r\u00fcnce ilgin\u00e7 bir sorunun gelece\u011fini hissediyor. Biliyor \u00e7\u00fcnk\u00fc daha \u00f6nce ya\u015fam\u0131\u015f \u00a0bu duyguyu bedeninde; o hisse vak\u0131f olmu\u015f. Bu y\u00fczden de sabun k\u00f6p\u00fc\u011f\u00fc olan programc\u0131lardan de\u011filim. Yay\u0131ndan kald\u0131r\u0131lan bir tane program\u0131m oldu, o da \u00e7ok eskidendi. Benim i\u015f hayat\u0131mda sezonluk programlar bile olmaz. Ben ba\u015fka bir \u015feyler yapmaya karar verdi\u011fimde, bir s\u00fcre dinlenip yeni projeme haz\u0131rlan\u0131r\u0131m. Kendimi geri planda tutuyorsam yeni projelere haz\u0131rland\u0131\u011f\u0131m i\u00e7indir. \u00d6rne\u011fin, iki y\u0131l \u00f6ncesinden \u201cOyuna Geldik\u201d program\u0131n\u0131 yapaca\u011f\u0131m\u0131 biliyordum. <strong>Acun Il\u0131cal\u0131\u2019n\u0131n<\/strong> ricas\u0131 \u00fczerine ge\u00e7en y\u0131l eski program\u0131ma devam ettim. Do\u011fru zaman\u0131 beklemem gerekiyordu.<\/p>\n<h2><b>Sizin g\u00f6z\u00fcn\u00fczde ba\u015far\u0131y\u0131 de\u011ferli k\u0131lan nedir?<\/b><\/h2>\n<p>En \u00f6z\u00fcne gidersek, zaten bu d\u00fcnyaya gelmeyi ba\u015farm\u0131\u015fs\u0131n. Cepte! Bir ba\u015far\u0131n\u0131n sonucu olarak zaten buradas\u0131n, ba\u015far\u0131 senin kodunda var. <strong>Her ne i\u015fi yaparsan yap, ne olursan ol hayatta bir ba\u015far\u0131n olmal\u0131<\/strong> diye d\u00fc\u015f\u00fcn\u00fcr\u00fcm. \u00c7ok iyi bir anne ya da \u00e7ok iyi bir limon sat\u0131c\u0131s\u0131 olabilirsin; kendini ger\u00e7ekten iyi hissetmek i\u00e7in bir \u015feyleri ba\u015farm\u0131\u015f olman laz\u0131m. <strong>Ben kariyerimde \u00e7ok ba\u015far\u0131l\u0131y\u0131m ama \u00f6zel hayat\u0131mda de\u011filim.<\/strong> Bunu da kabul etmem gerekiyor ve ettim de zaten. Her \u015feyi de ba\u015faramam ki sonu\u00e7ta. \u201cTamam, ben i\u015fimde ba\u015far\u0131l\u0131y\u0131m\u201d dedim bir kere, \u00f6teki de olursa olur olmazsa olmaz. Ke\u015fke her insan kendisini tatmin edecek bir alanda ba\u015far\u0131y\u0131 yakalam\u0131\u015f olsa, en az\u0131ndan bir kere.<\/p>\n<h2><b>Peki neden \u00f6zel hayat\u0131n\u0131zda ba\u015far\u0131l\u0131 de\u011filsiniz?<\/b><\/h2>\n<p>Ben bu \u015fekilde yarat\u0131lm\u0131\u015f\u0131m. \u0130\u015fime hep daha fazla \u00f6nem verdim. \u0130li\u015fkilerimi ikinci plana att\u0131m, belki sebebi bu. Zaten kariyerimde o kadar iyi ba\u015far\u0131lar elde ettim ki tatmin duygusu da ya\u015f\u0131yorum. O da olmay\u0131versin, d\u00fcnyan\u0131n sonu de\u011fil ya!<\/p>\n<h2><b>Egolar\u0131n\u0131zdan s\u0131yr\u0131labildi\u011finizi d\u00fc\u015f\u00fcn\u00fcyor musunuz?<\/b><\/h2>\n<p>Ben egolu oldu\u011fumu d\u00fc\u015f\u00fcnm\u00fcyorum. Kaprisli de\u011filimdir ya da \u201cBu bana nas\u0131l yap\u0131l\u0131r?\u201d gibi d\u00fc\u015f\u00fcnceler i\u00e7ine girmem.<\/p>\n<h2><b><img decoding=\"async\" class=\"alignright size-medium wp-image-5517\" src=\"http:\/\/www.kariyer.net\/kariyer-rehberi\/wp-content\/uploads\/2015\/05\/sabatumer3-300x300.jpg\" alt=\"sabatumer3\" width=\"300\" height=\"300\" srcset=\"https:\/\/www.kariyer.net\/kariyer-rehberi\/wp-content\/uploads\/2015\/05\/sabatumer3-300x300.jpg 300w, https:\/\/www.kariyer.net\/kariyer-rehberi\/wp-content\/uploads\/2015\/05\/sabatumer3-150x150.jpg 150w, https:\/\/www.kariyer.net\/kariyer-rehberi\/wp-content\/uploads\/2015\/05\/sabatumer3.jpg 400w\" sizes=\"(max-width: 300px) 100vw, 300px\" \/>En \u00e7ok yapt\u0131\u011f\u0131n\u0131z hata ne?<\/b><\/h2>\n<p>Hata de\u011fil, tecr\u00fcbe olarak alg\u0131lar\u0131m yap\u0131lanlar\u0131. Bir yerde yanl\u0131\u015fl\u0131k yapt\u0131ysan da ondan ders \u00e7\u0131karmaya bakman laz\u0131m. \u201cAh ke\u015fke \u015funu yapmasayd\u0131m\u201d dedi\u011fim bir \u015fey yok, \u00e7\u00fcnk\u00fc ke\u015fkeye yer vermemek i\u00e7in yapar\u0131m.<\/p>\n<h2><b>\u0130\u015f hayat\u0131n\u0131zda en \u00e7ok kime dan\u0131\u015f\u0131rs\u0131n\u0131z?<\/b><\/h2>\n<p>Asl\u0131nda ben biraz kafam\u0131n dikine giderim. Bir \u015fey yapmak istersem onu yapaca\u011f\u0131m\u0131 bilirim. Ama s\u0131k s\u0131k fikir ald\u0131\u011f\u0131m insanlar da var. Acun\u2019a ve karde\u015fime \u00e7ok dan\u0131\u015f\u0131r\u0131m. Dinlerim ama kendi bildi\u011fim yoldan da vazge\u00e7mem.<\/p>\n<h2><b>\u0130lk defa bir yar\u0131\u015fma program\u0131 yap\u0131yorsunuz de\u011fil mi?<\/b><\/h2>\n<p>Yar\u0131\u015fma olarak alg\u0131lan\u0131yor ama bu bir oyun program\u0131. \u0130\u00e7erisinde oyunlar\u0131n oldu\u011fu bir Talk Show t\u00fcr\u00fc daha do\u011frusu.<\/p>\n<h2><b>Programa nas\u0131l haz\u0131rlan\u0131yorsunuz?<\/b><\/h2>\n<p>Alt\u0131 \u00fcnl\u00fc konu\u011fum oluyor, birbirleriyle arkada\u015f olmalar\u0131na dikkat ediyorum. Aralar\u0131n\u0131n iyi olmas\u0131 g\u00fczel bir sinerji a\u00e7\u0131\u011fa \u00e7\u0131kar\u0131yor. <strong>Zaten oyun do\u011fam\u0131zda var, seviyoruz oyun oynamay\u0131.<\/strong><\/p>\n<h2><b>\u00d6nceki programlar\u0131n\u0131za nazaran daha fazla konuk a\u011f\u0131rl\u0131yorsunuz. \u0130dare etmek daha zorla\u015ft\u0131 diyebilir miyiz?<\/b><\/h2>\n<p>Ben \u00e7ok daha fazla keyif al\u0131yorum. Di\u011fer program\u0131m\u0131 yakla\u015f\u0131k 15 y\u0131l boyunca yapt\u0131m. S\u0131k\u0131ld\u0131m! Daha farkl\u0131 bir format denemek istedim. Be\u015f ay sonra ayn\u0131 keyfi al\u0131r m\u0131y\u0131m bilmiyorum. Ama her ge\u00e7en program ayr\u0131 bir e\u011flence. \u0130zleyiciyi de e\u011flendirdi\u011fini bilmek \u00e7ok g\u00fczel bir duygu.<\/p>\n<h2><b>Gazetecilikten geliyorsunuz. Beyaz Yakal\u0131 bir \u00e7al\u0131\u015fan olsayd\u0131n\u0131z kendinizi hangi meslekte g\u00f6r\u00fcyorsunuz?<\/b><\/h2>\n<p><a title=\"Halkla \u0130li\u015fkiler \u0130\u015f \u0130lanlar\u0131\" href=\"http:\/\/www.kariyer.net\/halkla-iliskiler-is-ilanlari-a11\" target=\"_blank\" rel=\"noopener\">Halkla ili\u015fkiler<\/a> ya da <a title=\"Turizm Sekt\u00f6r\u00fc \u0130\u015f \u0130lanlar\u0131\" href=\"http:\/\/www.kariyer.net\/turizm-is-ilanlari-f019000000\" target=\"_blank\" rel=\"noopener\">turizm<\/a> ile u\u011fra\u015f\u0131yor olurdum san\u0131r\u0131m. Bunu hi\u00e7 d\u00fc\u015f\u00fcnmemi\u015ftim. \u00c7\u00fcnk\u00fc ben bu mesle\u011fi yapmak i\u00e7in do\u011fdu\u011fuma inan\u0131yorum. Hayat da beni buraya getirdi \u00e7ok \u015f\u00fck\u00fcr.<\/p>\n<h2><\/h2>\n<h2><b><img loading=\"lazy\" decoding=\"async\" class=\"alignright wp-image-5513\" src=\"http:\/\/www.kariyer.net\/kariyer-rehberi\/wp-content\/uploads\/2015\/05\/sabatumer2.jpg\" alt=\"saba t\u00fcmer\" width=\"288\" height=\"432\" srcset=\"https:\/\/www.kariyer.net\/kariyer-rehberi\/wp-content\/uploads\/2015\/05\/sabatumer2.jpg 400w, https:\/\/www.kariyer.net\/kariyer-rehberi\/wp-content\/uploads\/2015\/05\/sabatumer2-200x300.jpg 200w\" sizes=\"(max-width: 288px) 100vw, 288px\" \/>Hi\u00e7 i\u015ften kovuldunuz mu?<\/b><\/h2>\n<p>Kovulmad\u0131m san\u0131r\u0131m. Yani bir program\u0131m bitmi\u015fti ama o da kovulmak de\u011fil herhalde!<\/p>\n<h2><b>\u0130lk i\u015finiz \u0130zmir\u2019deki SKY TV\u2019deydi. Oradan kazand\u0131\u011f\u0131n\u0131z ilk maa\u015f\u0131n\u0131zla ne ald\u0131\u011f\u0131n\u0131z\u0131 hat\u0131rl\u0131yor musunuz?<\/b><\/h2>\n<p>Adettendir \u00e7al\u0131\u015fma arkada\u015flar\u0131ma baklava alm\u0131\u015ft\u0131m.<\/p>\n<h2><b>B\u00fcy\u00fck bir ekibiniz var, nas\u0131l bir y\u00f6netici oldu\u011funuzu d\u00fc\u015f\u00fcn\u00fcyorsunuz?<\/b><\/h2>\n<p>Bazen \u00e7ok kolay\u0131m, bazen de hi\u00e7 de\u011filim. Asl\u0131nda ben \u00e7ok fazla insan y\u00f6netebilen bir tip de de\u011filim. Fakat ne istedi\u011fimi ve ekran \u00f6n\u00fcnde nelerin iyi olabilece\u011fini \u00e7ok iyi biliyorum. Uzun y\u0131llard\u0131r ayn\u0131 ki\u015filerle \u00e7al\u0131\u015ft\u0131\u011f\u0131m i\u00e7in de i\u015fler daha iyi y\u00fcr\u00fcyor.<\/p>\n<h2><b> Son g\u00fcnlerde ya\u015fad\u0131\u011f\u0131n\u0131z en \u00f6nemli de\u011fi\u015fiklik ne?<\/b><\/h2>\n<p>Y\u0131llarca masada oturup da konu\u015fuyordum, art\u0131k ayaktay\u0131m b\u00fct\u00fcn program boyunca. Aya\u011fa kalkt\u0131m yani, b\u00fcy\u00fck bir de\u011fi\u015fiklik benim i\u00e7in! Kariyerimde bamba\u015fka bir format deniyorum. \u00c7ok riskliydi ger\u00e7ekten. Ama olaca\u011f\u0131n\u0131 biliyordum, hissediyordum. \u0130lk g\u00f6rd\u00fc\u011f\u00fcnde anlars\u0131n ya, \u201c\u0130\u015fte bu\u201d dersin, \u00f6yle bir an ya\u015fad\u0131\u011f\u0131m\u0131 s\u00f6yleyebilirim.<\/p>\n<blockquote><p><strong>Yapt\u0131\u011f\u0131n\u0131z en b\u00fcy\u00fck \u00e7\u0131lg\u0131nl\u0131k<\/strong><br \/>\nKendim biraz \u00e7\u0131lg\u0131n\u0131md\u0131r ama bungee jumping yapmak gibi\u00a0\u00e7\u0131lg\u0131nl\u0131klar\u0131m olmad\u0131. Oturdu\u011fum yerde \u00e7\u0131lg\u0131n\u0131md\u0131r ben,<br \/>\noturan \u00e7\u0131lg\u0131n!<br \/>\n<strong>Yapt\u0131\u011f\u0131n\u0131z en lezzetli yemek<\/strong><br \/>\n\u00c7ok g\u00fczel bir tavuk yeme\u011fim var, ismi Tembel Tavuk. \u00c7\u00fcnk\u00fc\u00a0\u00e7ok basit, tam benim gibi tembel bir insana yak\u0131\u015fan bir\u00a0yemek. Soya soslu et yeme\u011fim de vard\u0131r, o da kolay ama g\u00fczel\u00a0oluyor. Elim lezzetlidir.<br \/>\n<strong>Yapt\u0131\u011f\u0131n\u0131z en e\u011flenceli yolculuk<\/strong><br \/>\nGe\u00e7en y\u0131l birka\u00e7 arkada\u015f\u0131mla gitti\u011fim mavi yolculuk.<br \/>\n<strong>Ald\u0131\u011f\u0131n\u0131z en etkileyici iltifat<\/strong><br \/>\nO kadar \u00e7ok al\u0131yorum ki en etkileyicisini se\u00e7emeyece\u011fim.<br \/>\n<strong>Ald\u0131\u011f\u0131n\u0131z en d\u00fc\u015f\u00fck maa\u015f<\/strong><br \/>\nEnteresan bir skala\u2026 \u0130zmir\u2019de Ege TV\u2019den 20 Lira al\u0131yordum,\u00a0NTV\u2019den 150 Lira teklif etmi\u015flerdi. Zengin oldum diye\u00a0geldim \u0130stanbul\u2019a. \u0130zmir\u2019de 20 Lira\u2019yla d\u00f6ne d\u00f6ne ge\u00e7inirken\u00a0\u0130stanbul\u2019da ka\u00e7 kat\u0131 parayla ge\u00e7inmekte zorlanm\u0131\u015ft\u0131m.<\/p><\/blockquote>\n<h2><a title=\"Kariyer Dergi Haziran Say\u0131s\u0131\" href=\"http:\/\/www.dijimecmua.com\/flash\/index.php?id=11042\" target=\"_blank\" rel=\"noopener\">Kariyer Dergi Haziran Say\u0131s\u0131<\/a><\/h2>\n<!-- templates\/buttons-placeholder.php -->\n<div class=\"da-reactions-outer TpostID5511\">\n\t    <div class=\"da-reactions-data da-reactions-container-async center\"\n         data-type=\"post\"\n         data-id=\"5511\"\n         id=\"da-reactions-slot-post-5511\">\n        <div class=\"da-reactions-static\">\n\t\t\t<img src=\"https:\/\/www.kariyer.net\/kariyer-rehberi\/wp-content\/plugins\/da-reactions\/assets\/dist\/loading.svg\" alt=\"Loading spinner\" width=\"48\" height=\"48\" style=\"width:48px\" \/>\n        <\/div>\n    <\/div>\n<\/div>\n","protected":false},"excerpt":{"rendered":"<p>\u00dcnl\u00fc kahkahalar\u0131 ve pozitif enerjisiyle ad\u0131 adeta bir marka haline gelen Saba T\u00fcmer b\u00fcy\u00fck bir hayran kitlesine sahip. \u201c\u0130nsanlar neden bahsetti\u011finizi unutabilir fakat onlara vermi\u015f oldu\u011funuz duyguyu hi\u00e7bir zaman unutmazlar\u201d diyen T\u00fcmer, ekran \u00f6n\u00fcnde neyin tutaca\u011f\u0131n\u0131 anlad\u0131\u011f\u0131n\u0131, dolay\u0131s\u0131yla da kendi bildi\u011fi yoldan asla vazge\u00e7medi\u011fini s\u00f6yl\u00fcyor. Tatl\u0131 dil ve g\u00fcler y\u00fcz\u00fcn g\u00fc\u00e7l\u00fc bir manyetik alan\u0131 vard\u0131r; [&hellip;]<\/p>\n<!-- templates\/buttons-placeholder.php -->\n<div class=\"da-reactions-outer TpostID5511\">\n\t    <div class=\"da-reactions-data da-reactions-container-async center\"\n         data-type=\"post\"\n         data-id=\"5511\"\n         id=\"da-reactions-slot-post-5511\">\n        <div class=\"da-reactions-static\">\n\t\t\t<img src=\"https:\/\/www.kariyer.net\/kariyer-rehberi\/wp-content\/plugins\/da-reactions\/assets\/dist\/loading.svg\" alt=\"Loading spinner\" width=\"48\" height=\"48\" style=\"width:48px\" \/>\n        <\/div>\n    <\/div>\n<\/div>\n","protected":false},"author":13,"featured_media":5512,"comment_status":"open","ping_status":"open","sticky":false,"template":"","format":"standard","meta":{"footnotes":"","_elementor_edit_mode":"","_elementor_template_type":"","_elementor_data":"","_elementor_page_settings":null,"_elementor_conditions":[]},"categories":[46,2211],"tags":[],"class_list":{"0":"post-5511","1":"post","2":"type-post","3":"status-publish","4":"format-standard","5":"has-post-thumbnail","7":"category-is-hayati","8":"category-kariyer-gelisimi"},"yoast_head":"<!-- This site is optimized with the Yoast SEO Premium plugin v21.4 (Yoast SEO v27.0) - https:\/\/yoast.com\/product\/yoast-seo-premium-wordpress\/ -->\n<title>Ben biraz kafam\u0131n dikine giderim | Kariyer Rehberi<\/title>\n<meta name=\"description\" content=\"\u00dcnl\u00fc kahkahalar\u0131 ve pozitif enerjisiyle ad\u0131 adeta bir marka haline gelen Saba T\u00fcmer b\u00fcy\u00fck bir hayran kitlesine sahip. \u201c\u0130nsanlar neden bahsetti\u011finizi\" \/>\n<meta name=\"robots\" content=\"index, follow, max-snippet:-1, max-image-preview:large, max-video-preview:-1\" \/>\n<link rel=\"canonical\" href=\"https:\/\/www.kariyer.net\/kariyer-rehberi\/ben-biraz-kafamin-dikine-giderim\/\" \/>\n<meta property=\"og:locale\" content=\"tr_TR\" \/>\n<meta property=\"og:type\" content=\"article\" \/>\n<meta property=\"og:title\" content=\"Ben biraz kafam\u0131n dikine giderim\" \/>\n<meta property=\"og:description\" content=\"\u00dcnl\u00fc kahkahalar\u0131 ve pozitif enerjisiyle ad\u0131 adeta bir marka haline gelen Saba T\u00fcmer b\u00fcy\u00fck bir hayran kitlesine sahip. \u201c\u0130nsanlar neden bahsetti\u011finizi\" \/>\n<meta property=\"og:url\" content=\"https:\/\/www.kariyer.net\/kariyer-rehberi\/ben-biraz-kafamin-dikine-giderim\/\" \/>\n<meta property=\"og:site_name\" content=\"Kariyer Rehberi\" \/>\n<meta property=\"article:published_time\" content=\"2015-06-02T08:00:04+00:00\" \/>\n<meta property=\"article:modified_time\" content=\"2024-07-03T12:04:45+00:00\" \/>\n<meta property=\"og:image\" content=\"https:\/\/www.kariyer.net\/kariyer-rehberi\/wp-content\/uploads\/2015\/05\/sabatumer1.jpg\" \/>\n\t<meta property=\"og:image:width\" content=\"600\" \/>\n\t<meta property=\"og:image:height\" content=\"300\" \/>\n\t<meta property=\"og:image:type\" content=\"image\/jpeg\" \/>\n<meta name=\"author\" content=\"Melike \u00c7etinsara\u00e7\" \/>\n<meta name=\"twitter:card\" content=\"summary_large_image\" \/>\n<meta name=\"twitter:label1\" content=\"Yazan:\" \/>\n\t<meta name=\"twitter:data1\" content=\"Melike \u00c7etinsara\u00e7\" \/>\n\t<meta name=\"twitter:label2\" content=\"Tahmini okuma s\u00fcresi\" \/>\n\t<meta name=\"twitter:data2\" content=\"8 dakika\" \/>\n<!-- \/ Yoast SEO Premium plugin. -->","yoast_head_json":{"title":"Ben biraz kafam\u0131n dikine giderim | Kariyer Rehberi","description":"\u00dcnl\u00fc kahkahalar\u0131 ve pozitif enerjisiyle ad\u0131 adeta bir marka haline gelen Saba T\u00fcmer b\u00fcy\u00fck bir hayran kitlesine sahip. \u201c\u0130nsanlar neden bahsetti\u011finizi","robots":{"index":"index","follow":"follow","max-snippet":"max-snippet:-1","max-image-preview":"max-image-preview:large","max-video-preview":"max-video-preview:-1"},"canonical":"https:\/\/www.kariyer.net\/kariyer-rehberi\/ben-biraz-kafamin-dikine-giderim\/","og_locale":"tr_TR","og_type":"article","og_title":"Ben biraz kafam\u0131n dikine giderim","og_description":"\u00dcnl\u00fc kahkahalar\u0131 ve pozitif enerjisiyle ad\u0131 adeta bir marka haline gelen Saba T\u00fcmer b\u00fcy\u00fck bir hayran kitlesine sahip. \u201c\u0130nsanlar neden bahsetti\u011finizi","og_url":"https:\/\/www.kariyer.net\/kariyer-rehberi\/ben-biraz-kafamin-dikine-giderim\/","og_site_name":"Kariyer Rehberi","article_published_time":"2015-06-02T08:00:04+00:00","article_modified_time":"2024-07-03T12:04:45+00:00","og_image":[{"width":600,"height":300,"url":"https:\/\/www.kariyer.net\/kariyer-rehberi\/wp-content\/uploads\/2015\/05\/sabatumer1.jpg","type":"image\/jpeg"}],"author":"Melike \u00c7etinsara\u00e7","twitter_card":"summary_large_image","twitter_misc":{"Yazan:":"Melike \u00c7etinsara\u00e7","Tahmini okuma s\u00fcresi":"8 dakika"},"schema":{"@context":"https:\/\/schema.org","@graph":[{"@type":"Article","@id":"https:\/\/www.kariyer.net\/kariyer-rehberi\/ben-biraz-kafamin-dikine-giderim\/#article","isPartOf":{"@id":"https:\/\/www.kariyer.net\/kariyer-rehberi\/ben-biraz-kafamin-dikine-giderim\/"},"author":{"name":"Melike \u00c7etinsara\u00e7","@id":"https:\/\/www.kariyer.net\/kariyer-rehberi\/#\/schema\/person\/973a6f787fb1e62ee8ba81e607bcae5b"},"headline":"Ben biraz kafam\u0131n dikine giderim","datePublished":"2015-06-02T08:00:04+00:00","dateModified":"2024-07-03T12:04:45+00:00","mainEntityOfPage":{"@id":"https:\/\/www.kariyer.net\/kariyer-rehberi\/ben-biraz-kafamin-dikine-giderim\/"},"wordCount":1565,"commentCount":0,"publisher":{"@id":"https:\/\/www.kariyer.net\/kariyer-rehberi\/#organization"},"image":{"@id":"https:\/\/www.kariyer.net\/kariyer-rehberi\/ben-biraz-kafamin-dikine-giderim\/#primaryimage"},"thumbnailUrl":"https:\/\/www.kariyer.net\/kariyer-rehberi\/wp-content\/uploads\/2015\/05\/sabatumer1.jpg","articleSection":["\u0130\u015f Hayat\u0131","Kariyer Geli\u015fimi"],"inLanguage":"tr","potentialAction":[{"@type":"CommentAction","name":"Comment","target":["https:\/\/www.kariyer.net\/kariyer-rehberi\/ben-biraz-kafamin-dikine-giderim\/#respond"]}]},{"@type":"WebPage","@id":"https:\/\/www.kariyer.net\/kariyer-rehberi\/ben-biraz-kafamin-dikine-giderim\/","url":"https:\/\/www.kariyer.net\/kariyer-rehberi\/ben-biraz-kafamin-dikine-giderim\/","name":"Ben biraz kafam\u0131n dikine giderim | Kariyer Rehberi","isPartOf":{"@id":"https:\/\/www.kariyer.net\/kariyer-rehberi\/#website"},"primaryImageOfPage":{"@id":"https:\/\/www.kariyer.net\/kariyer-rehberi\/ben-biraz-kafamin-dikine-giderim\/#primaryimage"},"image":{"@id":"https:\/\/www.kariyer.net\/kariyer-rehberi\/ben-biraz-kafamin-dikine-giderim\/#primaryimage"},"thumbnailUrl":"https:\/\/www.kariyer.net\/kariyer-rehberi\/wp-content\/uploads\/2015\/05\/sabatumer1.jpg","datePublished":"2015-06-02T08:00:04+00:00","dateModified":"2024-07-03T12:04:45+00:00","description":"\u00dcnl\u00fc kahkahalar\u0131 ve pozitif enerjisiyle ad\u0131 adeta bir marka haline gelen Saba T\u00fcmer b\u00fcy\u00fck bir hayran kitlesine sahip. \u201c\u0130nsanlar neden bahsetti\u011finizi","breadcrumb":{"@id":"https:\/\/www.kariyer.net\/kariyer-rehberi\/ben-biraz-kafamin-dikine-giderim\/#breadcrumb"},"inLanguage":"tr","potentialAction":[{"@type":"ReadAction","target":["https:\/\/www.kariyer.net\/kariyer-rehberi\/ben-biraz-kafamin-dikine-giderim\/"]}]},{"@type":"ImageObject","inLanguage":"tr","@id":"https:\/\/www.kariyer.net\/kariyer-rehberi\/ben-biraz-kafamin-dikine-giderim\/#primaryimage","url":"https:\/\/www.kariyer.net\/kariyer-rehberi\/wp-content\/uploads\/2015\/05\/sabatumer1.jpg","contentUrl":"https:\/\/www.kariyer.net\/kariyer-rehberi\/wp-content\/uploads\/2015\/05\/sabatumer1.jpg","width":600,"height":300},{"@type":"BreadcrumbList","@id":"https:\/\/www.kariyer.net\/kariyer-rehberi\/ben-biraz-kafamin-dikine-giderim\/#breadcrumb","itemListElement":[{"@type":"ListItem","position":1,"name":"Anasayfa","item":"https:\/\/www.kariyer.net\/kariyer-rehberi\/"},{"@type":"ListItem","position":2,"name":"Ben biraz kafam\u0131n dikine giderim"}]},{"@type":"WebSite","@id":"https:\/\/www.kariyer.net\/kariyer-rehberi\/#website","url":"https:\/\/www.kariyer.net\/kariyer-rehberi\/","name":"Kariyer Rehberi","description":"\u0130\u015f D\u00fcnyas\u0131yla \u0130lgili Bilmek \u0130stedi\u011finiz Her \u015eey","publisher":{"@id":"https:\/\/www.kariyer.net\/kariyer-rehberi\/#organization"},"potentialAction":[{"@type":"SearchAction","target":{"@type":"EntryPoint","urlTemplate":"https:\/\/www.kariyer.net\/kariyer-rehberi\/?s={search_term_string}"},"query-input":{"@type":"PropertyValueSpecification","valueRequired":true,"valueName":"search_term_string"}}],"inLanguage":"tr"},{"@type":"Organization","@id":"https:\/\/www.kariyer.net\/kariyer-rehberi\/#organization","name":"Kariyer.net","url":"https:\/\/www.kariyer.net\/kariyer-rehberi\/","logo":{"@type":"ImageObject","inLanguage":"tr","@id":"https:\/\/www.kariyer.net\/kariyer-rehberi\/#\/schema\/logo\/image\/","url":"https:\/\/www.kariyer.net\/kariyer-rehberi-new\/wp-content\/uploads\/2023\/01\/og-image11.jpg","contentUrl":"https:\/\/www.kariyer.net\/kariyer-rehberi-new\/wp-content\/uploads\/2023\/01\/og-image11.jpg","width":800,"height":800,"caption":"Kariyer.net"},"image":{"@id":"https:\/\/www.kariyer.net\/kariyer-rehberi\/#\/schema\/logo\/image\/"}},{"@type":"Person","@id":"https:\/\/www.kariyer.net\/kariyer-rehberi\/#\/schema\/person\/973a6f787fb1e62ee8ba81e607bcae5b","name":"Melike \u00c7etinsara\u00e7","image":{"@type":"ImageObject","inLanguage":"tr","@id":"https:\/\/www.kariyer.net\/kariyer-rehberi\/#\/schema\/person\/image\/","url":"https:\/\/secure.gravatar.com\/avatar\/6f1465d64a23de306340dc839de23bfa288f0987da4b8db6c1dd6895ad84ab7d?s=96&d=mm&r=g","contentUrl":"https:\/\/secure.gravatar.com\/avatar\/6f1465d64a23de306340dc839de23bfa288f0987da4b8db6c1dd6895ad84ab7d?s=96&d=mm&r=g","caption":"Melike \u00c7etinsara\u00e7"},"description":"Ayd\u0131n Do\u011fan Anadolu \u0130leti\u015fim Meslek Lisesi\u2019nin Gazetecilik B\u00f6l\u00fcm\u00fc'nde yaz\u0131l\u0131 bas\u0131n muhabirli\u011fi, TV muhabirli\u011fi ve foto muhabirli\u011fi alanlar\u0131nda e\u011fitim ald\u0131. Son s\u0131n\u0131fta Milliyet Gazetesi\u2019nin Cumartesi-Pazar eklerinde bir y\u0131l boyunca staj yapt\u0131. Ard\u0131ndan \u0130stanbul \u00dcniversitesi Radyo-Televizyon Yay\u0131nc\u0131l\u0131\u011f\u0131 B\u00f6l\u00fcm\u00fc'nden mezun oldu. Yedi y\u0131ld\u0131r bir\u00e7ok dergi i\u00e7in i\u00e7erikler haz\u0131rlayarak foto\u011fraflar \u00e7ekti.","sameAs":["http:\/\/www.kariyer.net\/kariyer-rehberi\/melike-cetinsarac\/"],"url":"https:\/\/www.kariyer.net\/kariyer-rehberi\/author\/melike-cetinsarac\/"}]}},"_links":{"self":[{"href":"https:\/\/www.kariyer.net\/kariyer-rehberi\/wp-json\/wp\/v2\/posts\/5511","targetHints":{"allow":["GET"]}}],"collection":[{"href":"https:\/\/www.kariyer.net\/kariyer-rehberi\/wp-json\/wp\/v2\/posts"}],"about":[{"href":"https:\/\/www.kariyer.net\/kariyer-rehberi\/wp-json\/wp\/v2\/types\/post"}],"author":[{"embeddable":true,"href":"https:\/\/www.kariyer.net\/kariyer-rehberi\/wp-json\/wp\/v2\/users\/13"}],"replies":[{"embeddable":true,"href":"https:\/\/www.kariyer.net\/kariyer-rehberi\/wp-json\/wp\/v2\/comments?post=5511"}],"version-history":[{"count":1,"href":"https:\/\/www.kariyer.net\/kariyer-rehberi\/wp-json\/wp\/v2\/posts\/5511\/revisions"}],"predecessor-version":[{"id":19013,"href":"https:\/\/www.kariyer.net\/kariyer-rehberi\/wp-json\/wp\/v2\/posts\/5511\/revisions\/19013"}],"wp:featuredmedia":[{"embeddable":true,"href":"https:\/\/www.kariyer.net\/kariyer-rehberi\/wp-json\/wp\/v2\/media\/5512"}],"wp:attachment":[{"href":"https:\/\/www.kariyer.net\/kariyer-rehberi\/wp-json\/wp\/v2\/media?parent=5511"}],"wp:term":[{"taxonomy":"category","embeddable":true,"href":"https:\/\/www.kariyer.net\/kariyer-rehberi\/wp-json\/wp\/v2\/categories?post=5511"},{"taxonomy":"post_tag","embeddable":true,"href":"https:\/\/www.kariyer.net\/kariyer-rehberi\/wp-json\/wp\/v2\/tags?post=5511"}],"curies":[{"name":"wp","href":"https:\/\/api.w.org\/{rel}","templated":true}]}}