{"id":5650,"date":"2015-07-23T10:57:15","date_gmt":"2015-07-23T07:57:15","guid":{"rendered":"http:\/\/www.kariyer.net\/kariyer-rehberi\/?p=5650"},"modified":"2024-07-03T15:04:45","modified_gmt":"2024-07-03T12:04:45","slug":"begenmeme-hakkimi-sakli-tutuyorum","status":"publish","type":"post","link":"https:\/\/www.kariyer.net\/kariyer-rehberi\/begenmeme-hakkimi-sakli-tutuyorum\/","title":{"rendered":"Be\u011fenmeme hakk\u0131m\u0131 sakl\u0131 tutuyorum"},"content":{"rendered":"<p><b>T\u00fcrkiye\u2019nin ilk g\u00fcnl\u00fck Televizyon gazetesini \u00e7\u0131karan m\u00fczisyen ve gazeteci Sina Kolo\u011flu, \u201cEskiden az\u0131nl\u0131k i\u00e7in dizi yap\u0131l\u0131rd\u0131, \u015fimdiyse \u00e7o\u011funluk i\u00e7in yap\u0131l\u0131yor; be\u011fenmeyen de izlemesin mant\u0131\u011f\u0131 var. Ben de bunlar\u0131 be\u011fenmiyorum ama be\u011fenmeme hakk\u0131m\u0131 sakl\u0131 tutarak takip ediyorum\u201d diyor.<\/b><\/p>\n<p><a href=\"http:\/\/www.kariyer.net\/kariyer-rehberi\/wp-content\/uploads\/2015\/07\/Sinakologlu.jpg\"><img fetchpriority=\"high\" decoding=\"async\" class=\"aligncenter size-full wp-image-5656\" alt=\"Sina kolo\u011flu\" src=\"http:\/\/www.kariyer.net\/kariyer-rehberi\/wp-content\/uploads\/2015\/07\/Sinakologlu.jpg\" width=\"600\" height=\"300\" srcset=\"https:\/\/www.kariyer.net\/kariyer-rehberi\/wp-content\/uploads\/2015\/07\/Sinakologlu.jpg 600w, https:\/\/www.kariyer.net\/kariyer-rehberi\/wp-content\/uploads\/2015\/07\/Sinakologlu-300x150.jpg 300w\" sizes=\"(max-width: 600px) 100vw, 600px\" \/><\/a><\/p>\n<p>Meslek tercihlerinde ailenin \u00e7ok b\u00fcy\u00fck bir etkisi vard\u0131r. Yetenek ve ilgileri do\u011frultusunda meslek se\u00e7me \u015fans\u0131na sahip olan ve bu y\u00f6nde ailesinden destek g\u00f6ren \u015fansl\u0131 insanlardan biri Sina Kolo\u011flu. Gazeteci ve m\u00fczisyen bir ailede yeti\u015fip gazetecilik yapmas\u0131 ve bir m\u00fczik grubunun kurucular\u0131ndan olmas\u0131 kaderi belki de\u2026 Uzun y\u0131llard\u0131r <a title=\"Milliyet Gazetesi\" href=\"http:\/\/www.milliyet.com.tr\/\" target=\"_blank\" rel=\"noopener\">Milliyet Gazetesi<\/a>\u2019nde televizyon sayfalar\u0131n\u0131 haz\u0131rlayan ve <strong>\u201cRating Canavar\u0131\u201d<\/strong> k\u00f6\u015fesinde TV ele\u015ftirmenli\u011fi yapan Kolo\u011flu, ayn\u0131 zamanda T\u00fcrkiye&#8217;nin en \u00f6nemli m\u00fczik gruplar\u0131ndan <a title=\"Bulutsuzluk \u00d6zlemi\" href=\"https:\/\/tr.wikipedia.org\/wiki\/Bulutsuzluk_%C3%96zlemi\" target=\"_blank\" rel=\"noopener\">Bulutsuzluk \u00d6zlemi<\/a>&#8216;nde 30 y\u0131ld\u0131r piyano\/klavye \u00e7al\u0131yor. \u0130lk piyano derslerini annesinden ald\u0131\u011f\u0131n\u0131 dile getiren Kolo\u011flu, \u201cY\u0131llarca her Pazar \u015ean Sinemas\u0131\u2019ndaki klasik m\u00fczik konserlerine \u00fc\u015fenmeden beni g\u00f6t\u00fcr\u00fcrd\u00fc. O g\u00fcnlerin b\u00fcy\u00fck birikimi var\u201d diyor. Kolo\u011flu, babas\u0131 <a title=\"Do\u011fan Kolo\u011flu kimdir?\" href=\"https:\/\/tr.wikipedia.org\/wiki\/Do%C4%9Fan_Kolo%C4%9Flu\" target=\"_blank\" rel=\"noopener\">Do\u011fan Kolo\u011flu<\/a>\u2019nun gazetecilik ser\u00fcveni i\u00e7inde de fark\u0131nda olmadan T\u00fcrkiye\u2019deki siyasi geli\u015fmelere, hikayelere ve karakterlere tan\u0131kl\u0131k etti\u011fini s\u00f6yl\u00fcyor. Galatasaray Lisesi\u2019nin ard\u0131ndan Gazi \u00dcniversitesi\u2019nde okuyan Kolo\u011flu, kariyer yolculu\u011funu anlat\u0131yor.<\/p>\n<p><b>TV ele\u015ftirmenli\u011fi konusunda T\u00fcrkiye\u2019de ilklerden birisiniz. Bu i\u015fe nas\u0131l ba\u015flad\u0131\u011f\u0131n\u0131zdan bahseder misiniz?<\/b><\/p>\n<p>\u00d6zel televizyon ku\u015fa\u011f\u0131n\u0131n \u00e7ocu\u011fuyum ben. Gazetecili\u011fe ba\u015flad\u0131\u011f\u0131mda akl\u0131mda ekran yoktu. Adliye muhabirli\u011finden ba\u015fbakan takibi ve magazine kadar geni\u015f bir yelpazede yer ald\u0131m. Bu arada Cumhuriyet Gazetesi\u2019nde m\u00fczik s\u00f6yle\u015fileri de yaz\u0131yordum. Cumhuriyet&#8217;te \u015fimdi Star&#8217;\u0131n haber koordinat\u00f6r\u00fc olan Uygur Eremektar televizyon sayfas\u0131 yapmaya ba\u015flam\u0131\u015ft\u0131. Televizyon cazip gelmi\u015fti. Ben de onunla \u00e7al\u0131\u015fmaya ba\u015flad\u0131m. Cumhuriyet&#8217;te bir devrimdi bu, haber-yorum i\u00e7erik ile farkl\u0131 bir televizyon sayfas\u0131 yap\u0131yorduk. Sonra bir ara verdim. Tekrar Cumhuriyet&#8217;e d\u00f6nd\u00fc\u011f\u00fcmde \u00f6zel televizyonlar ba\u015flam\u0131\u015ft\u0131. Bu alanda uzman muhabir oldum. Sonra Milliyet maceras\u0131 ba\u015flad\u0131. Umur Talu Genel Yay\u0131n Y\u00f6netmeni olduktan sonra Azer Borta\u00e7ina ve Feray \u00d6zt\u00fcrk ile T\u00fcrkiye\u2019nin ilk g\u00fcnl\u00fck televizyon gazetesini \u00e7\u0131kard\u0131k. Umur benden g\u00fcnl\u00fck k\u0131sa k\u0131sa TV ele\u015ftiri yaz\u0131lar\u0131 yazmam\u0131 istedi. \u0130\u015fte o g\u00fcn bug\u00fcnd\u00fcr yaz\u0131yorum. San\u0131r\u0131m 20 y\u0131l\u0131 devirdim.<\/p>\n<p><b>Profesyonel olarak m\u00fczi\u011fe de 1986 y\u0131l\u0131nda Nejat Yava\u015fo\u011fullar\u0131 ile birlikte Bulutsuzluk \u00d6zlemi\u2019nin kurulmas\u0131yla ba\u015flad\u0131n\u0131z. Bu s\u00fcre\u00e7 nas\u0131l geli\u015fti?<\/b><\/p>\n<p>Nejat ile Galatasaray\u2019dan arkada\u015f\u0131m Haluk vas\u0131tas\u0131yla tan\u0131\u015fm\u0131\u015ft\u0131m. Lise son s\u0131n\u0131f y\u0131llar\u0131&#8230; O zamanlar Haluk ile birlikte mini konserler veriyorduk. Biri de Dostlar Tiyatrosu\u2019nda olmu\u015ftu. <strong>Pablo Neruda\u2019n\u0131n<\/strong> \u015fiirlerinden besteledi\u011fim (\u015fimdi unuttu\u011fum!) \u015fark\u0131lar\u0131n yan\u0131 s\u0131ra Yunan besteci Mikis Theodorakis\u2019tan \u015fark\u0131lar \u00e7al\u0131yorduk. Nejat beni sahnede g\u00f6rm\u00fc\u015f, be\u011fenmi\u015f! Sonra bir gitar bir piyano ile ba\u015flad\u0131k. Davul ve bas kat\u0131ld\u0131 aram\u0131za. \u0130lk konserimizde san\u0131r\u0131m 50 ki\u015fi vard\u0131. Sonras\u0131 tam da \u201cNe oldu\u011funu anlamad\u0131k, bir bakt\u0131k sahne \u00fcst\u00fcndeyiz\u201d durumu.<\/p>\n<p><b>M\u00fczik ve televizyon ele\u015ftirmenli\u011fi aras\u0131nda bir tercih yapman\u0131z gerekseydi hangisini se\u00e7erdiniz?<\/b><\/p>\n<p>Ben galiba hayat\u0131mda \u201cNe olaca\u011f\u0131m?\u201d sorusunu sormayanlar kafilesindeyim.<\/p>\n<p><b><a href=\"http:\/\/www.kariyer.net\/kariyer-rehberi\/wp-content\/uploads\/2015\/07\/bulutsuzlukozlemi.jpg\"><img decoding=\"async\" class=\"aligncenter size-full wp-image-5660\" alt=\"bulutsuzluk \u00f6zlemi\" src=\"http:\/\/www.kariyer.net\/kariyer-rehberi\/wp-content\/uploads\/2015\/07\/bulutsuzlukozlemi.jpg\" width=\"600\" height=\"300\" srcset=\"https:\/\/www.kariyer.net\/kariyer-rehberi\/wp-content\/uploads\/2015\/07\/bulutsuzlukozlemi.jpg 600w, https:\/\/www.kariyer.net\/kariyer-rehberi\/wp-content\/uploads\/2015\/07\/bulutsuzlukozlemi-300x150.jpg 300w\" sizes=\"(max-width: 600px) 100vw, 600px\" \/><\/a>Bulutsuzluk \u00d6zlemi dinleyicisini ne kadar tan\u0131yorsunuz? Sizce dinleyici kitleniz hangi mesleklerle u\u011fra\u015f\u0131yor olabilir?<\/b><\/p>\n<p>30 y\u0131l olunca dinleyici ku\u015faklara ayr\u0131l\u0131yor. \u0130lk dinleyicilerimiz bug\u00fcn anne ve baba hatta torun sahibi oldular diyebilirim. Benim g\u00f6rd\u00fc\u011f\u00fcm bizim kitlenin orta ya\u015f ve \u00fczeri ku\u015fa\u011f\u0131 belli konumlara gelmi\u015f ba\u015far\u0131l\u0131 olmu\u015f bir kitle oldu\u011fu. Gen\u00e7lerin ise \u015fehirli ve sol e\u011filimli oldu\u011fu \u00fczerine bir saptamam var. Eskiden rock, burjuva m\u00fczi\u011fi olarak nitelendirilirdi sol kitle i\u00e7inde. Bug\u00fcnk\u00fc \u015fehirli sol gen\u00e7lik, Metallica dinliyor, internette uzman ve gelecekte mutlaka kendi mesleklerinde ba\u015far\u0131l\u0131 olacaklar.<\/p>\n<p><b>Televizyonun \u00fcretti\u011fi rol modellerin gen\u00e7leri y\u00f6nlendirdi\u011fini d\u00fc\u015f\u00fcn\u00fcyor musunuz?<\/b><\/p>\n<p>Evet, y\u00f6nlendirdiklerini d\u00fc\u015f\u00fcn\u00fcyorum. Ba\u015far\u0131l\u0131 buluyorlar onlar\u0131. Peki, k\u0131stas nedir? \u015e\u00f6hret ve para. Televizyon varsa ve bu \u00fclke g\u00fcnde ortalama be\u015f saat TV izliyorsa, \u00f6rne\u011fin bu yaz ekrana gelecek dizi say\u0131s\u0131 bir \u00f6nceki y\u0131ldan daha fazlaysa ortal\u0131k rol modelden ge\u00e7ilmez. \u00d6zellikle gen\u00e7 kitlenin k\u0131z taraf\u0131nda bu daha etkili.<\/p>\n<p><b>G\u00fcnde ka\u00e7 saat TV izliyorsunuz?<\/b><\/p>\n<p>Ev ahalisinden daha fazla diyeyim&#8230;<\/p>\n<p><b> Ele\u015ftirmenlerin TV&#8217;yi be\u011fenmemek \u00fczerine izledi\u011fine dair bir alg\u0131 var. Siz nas\u0131l bir izleyicisiniz?<\/b><\/p>\n<p>Dizilerin amac\u0131 \u201c\u0130zlenme oran\u0131n\u0131\u201d belli bir standartta tutturmak, onun i\u00e7in ne gerekiyorsa yapmak. Ve fakat bunun belli bir g\u00f6rsel ve anlat\u0131m kalitesinde olmas\u0131 da laz\u0131m. \u0130zlenme oranlar\u0131 sistemi buna pek izin vermiyor. Eskiden az\u0131nl\u0131k i\u00e7in dizi yap\u0131l\u0131rd\u0131, \u015fimdi \u00e7o\u011funluk i\u00e7in yap\u0131l\u0131yor be\u011fenmeyen de izlemesin mant\u0131\u011f\u0131 var. Ben de bunlar\u0131 be\u011fenmiyorum. Ve maalesef onlar da \u00e7o\u011funlukta. Be\u011fenmeme hakk\u0131m\u0131 sakl\u0131 tutarak takip ediyorum, halk\u0131m\u0131z\u0131n neden be\u011fendi\u011fini \u00e7\u0131karmaya \u00e7al\u0131\u015f\u0131yorum.<\/p>\n<p><b><a href=\"http:\/\/www.kariyer.net\/kariyer-rehberi\/wp-content\/uploads\/2015\/07\/sinakologlu2.jpg\"><img decoding=\"async\" class=\"alignright size-medium wp-image-5658\" alt=\"sina kolo\u011flu\" src=\"http:\/\/www.kariyer.net\/kariyer-rehberi\/wp-content\/uploads\/2015\/07\/sinakologlu2-212x300.jpg\" width=\"212\" height=\"300\" srcset=\"https:\/\/www.kariyer.net\/kariyer-rehberi\/wp-content\/uploads\/2015\/07\/sinakologlu2-212x300.jpg 212w, https:\/\/www.kariyer.net\/kariyer-rehberi\/wp-content\/uploads\/2015\/07\/sinakologlu2.jpg 473w\" sizes=\"(max-width: 212px) 100vw, 212px\" \/><\/a><\/b><\/p>\n<p><b>T\u00fcrk insan\u0131 ele\u015ftiriye pek a\u00e7\u0131k de\u011fildir. T\u00fcrkiye\u2019de ele\u015ftirmenlik yapmak nas\u0131l bir duygu?<\/b><\/p>\n<p>Ben televizyonu dizilerden ibaret g\u00f6rm\u00fcyorum. Yeri geliyor gayet g\u00fczel propaganda arac\u0131 oluyor. Haberlerinden, kad\u0131n programlar\u0131na bir hakim g\u00f6r\u00fc\u015f\u00fcn sunumu oluyor. Mesela bunlar\u0131 tespit etmek, \u00f6rneklerini yakalamak ho\u015fuma gidiyor. \u00d6rne\u011fin, ekranda buzlama olay\u0131. \u00d6yle bir boyuta geldi ki RT\u00dcK \u201cBen buzlay\u0131n demiyorum\u201d diyor. Ama i\u00e7kiler buzlu. Bu bir bask\u0131n\u0131n sonucunda olu\u015fuyor. \u0130\u00e7kinin k\u00f6t\u00fcl\u00fc\u011f\u00fcn\u00fc onu buzlayarak anlatmak do\u011fru mu? Ele\u015ftirileri biraz da bu a\u00e7\u0131dan yap\u0131nca \u201cSizinle payla\u015fmak istedim\u201d d\u00fcrt\u00fcs\u00fc bende \u00f6ne \u00e7\u0131k\u0131yor. \u201cBu iyi bu k\u00f6t\u00fc\u201d s\u0131\u011fl\u0131\u011f\u0131ndan kendimi soyutlamaya \u00e7al\u0131\u015f\u0131yorum. Bizde ele\u015ftiri ile hakaret, kar\u015f\u0131l\u0131\u011f\u0131nda ele\u015ftiriye tahamm\u00fcl ile d\u00f6vmek birbirine kar\u0131\u015f\u0131yor. B\u00f6yle olunca biraz yumu\u015fak tonda gitmek daha faydal\u0131 oluyor. Ama bu \u00e7eli\u015fkiden faydalan\u0131p daha me\u015fhur olmay\u0131 tercih edenler de var.<\/p>\n<p><b>\u0130nternetin hayat\u0131m\u0131za girmesiyle televizyonun pop\u00fclaritesi azald\u0131 m\u0131 sizce? Bu durumu nas\u0131l de\u011ferlendiriyorsunuz?<\/b><\/p>\n<p>B\u00fcy\u00fck \u015fehirler bir de t\u00fcm T\u00fcrkiye&#8230; \u0130nternetin televizyonun pop\u00fclaritesini azaltacak d\u00fczeye geldi\u011fini zannetmiyorum. \u0130nternet kafelere gidenlerin say\u0131s\u0131 ne kadar? Bu \u00f6nemli. Bir de n\u00fcfusun b\u00fcy\u00fck b\u00f6l\u00fcm\u00fc bence h\u00e2l\u00e2 ekran\u0131n ba\u015f\u0131nda. Etkili ama daha k\u00fc\u00e7\u00fck bir z\u00fcmre, dedi\u011finiz gibi internetten her i\u015fini hallediyor.<\/p>\n<p><b>T\u00fcrk ve d\u00fcnya televizyonlar\u0131 aras\u0131ndaki en temel fark nedir sizce?<\/b><\/p>\n<p>D\u00fcnya televizyonlar\u0131n\u0131 kendi i\u00e7inde ay\u0131rmak laz\u0131m. Ama bakt\u0131\u011f\u0131n\u0131zda dizileri ile d\u00fcnyada s\u00f6z\u00fc edilir bir \u00fclke T\u00fcrkiye. Kanal say\u0131s\u0131 \u00e7ok ve bir \u00f6l\u00e7\u00fcde hareketli bir televizyon.<\/p>\n<p><b>\u00c7al\u0131\u015fmaya ba\u015flad\u0131ktan sonra \u201cGer\u00e7ekten bu i\u015f tam bana g\u00f6reymi\u015f\u201d dedi\u011finiz bir an var m\u0131?<\/b><\/p>\n<p>Bazen yazarken \u201cBunu benden ba\u015fkas\u0131 g\u00f6remez\u201d dedi\u011fim anlar oluyor. Hatta \u015funu iddia edebilirim ki televizyon programlar\u0131na \u201csoldan\u201d bakan benden ba\u015fka bir TV ele\u015ftirmeni yok.<\/p>\n<p><b>En \u00e7ok gurur duydu\u011funuz \u00f6zelli\u011finiz nedir?<\/b><\/p>\n<p>Yarat\u0131c\u0131y\u0131m. Ama bunu bir t\u0131k \u00f6telere ta\u015f\u0131yacak \u00e7al\u0131\u015fkanl\u0131kta de\u011filim.<\/p>\n<p><b>M\u00fczik kariyerinizdeki en son geli\u015fmeler neler oldu? Gelecek planlar\u0131n\u0131zdan k\u0131saca bahseder misiniz?<\/b><\/p>\n<p>Grupla konserlerimiz devam ediyor. Belgesel m\u00fcziklerim vard\u0131, onlara yapt\u0131\u011f\u0131m eskizleri ekledim. Ne yapar\u0131m diye d\u00fc\u015f\u00fcnd\u00fcm\u2026 Toplu olarak elimde bulunsun niyetine bir alb\u00fcm \u00e7al\u0131\u015fmas\u0131 ilk a\u015famalarda. B\u00fct\u00e7e yetti\u011fince zorlayaca\u011f\u0131m hayallerim var. San\u0131r\u0131m bu i\u015f bir iki y\u0131l\u0131m\u0131 al\u0131r&#8230;<\/p>\n<blockquote><p><strong>Medya:<\/strong><br \/>\nGazetecilik de\u011fil<br \/>\n<strong>Reyting:<\/strong><br \/>\nTakip ediyorum<br \/>\n<strong>Televizyon:<\/strong><br \/>\nAptal kutusu\u00a0diyenlere\u00a0k\u0131z\u0131yorum<br \/>\n<strong>M\u00fczik:<\/strong><br \/>\n\u00c7ok yak\u0131n\u0131mda<br \/>\n<strong>Kariyer:<\/strong><br \/>\nReddetmiyorum<\/p><\/blockquote>\n<!-- templates\/buttons-placeholder.php -->\n<div class=\"da-reactions-outer TpostID5650\">\n\t    <div class=\"da-reactions-data da-reactions-container-async center\"\n         data-type=\"post\"\n         data-id=\"5650\"\n         id=\"da-reactions-slot-post-5650\">\n        <div class=\"da-reactions-static\">\n\t\t\t<img src=\"https:\/\/www.kariyer.net\/kariyer-rehberi\/wp-content\/plugins\/da-reactions\/assets\/dist\/loading.svg\" alt=\"Loading spinner\" width=\"48\" height=\"48\" style=\"width:48px\" \/>\n        <\/div>\n    <\/div>\n<\/div>\n","protected":false},"excerpt":{"rendered":"<p>T\u00fcrkiye\u2019nin ilk g\u00fcnl\u00fck Televizyon gazetesini \u00e7\u0131karan m\u00fczisyen ve gazeteci Sina Kolo\u011flu, \u201cEskiden az\u0131nl\u0131k i\u00e7in dizi yap\u0131l\u0131rd\u0131, \u015fimdiyse \u00e7o\u011funluk i\u00e7in yap\u0131l\u0131yor; be\u011fenmeyen de izlemesin mant\u0131\u011f\u0131 var. Ben de bunlar\u0131 be\u011fenmiyorum ama be\u011fenmeme hakk\u0131m\u0131 sakl\u0131 tutarak takip ediyorum\u201d diyor. Meslek tercihlerinde ailenin \u00e7ok b\u00fcy\u00fck bir etkisi vard\u0131r. Yetenek ve ilgileri do\u011frultusunda meslek se\u00e7me \u015fans\u0131na sahip olan ve [&hellip;]<\/p>\n<!-- templates\/buttons-placeholder.php -->\n<div class=\"da-reactions-outer TpostID5650\">\n\t    <div class=\"da-reactions-data da-reactions-container-async center\"\n         data-type=\"post\"\n         data-id=\"5650\"\n         id=\"da-reactions-slot-post-5650\">\n        <div class=\"da-reactions-static\">\n\t\t\t<img src=\"https:\/\/www.kariyer.net\/kariyer-rehberi\/wp-content\/plugins\/da-reactions\/assets\/dist\/loading.svg\" alt=\"Loading spinner\" width=\"48\" height=\"48\" style=\"width:48px\" \/>\n        <\/div>\n    <\/div>\n<\/div>\n","protected":false},"author":13,"featured_media":5656,"comment_status":"open","ping_status":"open","sticky":false,"template":"","format":"standard","meta":{"footnotes":"","_elementor_edit_mode":"","_elementor_template_type":"","_elementor_data":"","_elementor_page_settings":null,"_elementor_conditions":[]},"categories":[46,2211],"tags":[],"class_list":{"0":"post-5650","1":"post","2":"type-post","3":"status-publish","4":"format-standard","5":"has-post-thumbnail","7":"category-is-hayati","8":"category-kariyer-gelisimi"},"yoast_head":"<!-- This site is optimized with the Yoast SEO Premium plugin v21.4 (Yoast SEO v27.0) - https:\/\/yoast.com\/product\/yoast-seo-premium-wordpress\/ -->\n<title>Be\u011fenmeme hakk\u0131m\u0131 sakl\u0131 tutuyorum | Kariyer Rehberi<\/title>\n<meta name=\"description\" content=\"T\u00fcrkiye\u2019nin ilk g\u00fcnl\u00fck Televizyon gazetesini \u00e7\u0131karan m\u00fczisyen ve gazeteci Sina Kolo\u011flu, \u201cEskiden az\u0131nl\u0131k i\u00e7in dizi yap\u0131l\u0131rd\u0131, \u015fimdiyse \u00e7o\u011funluk i\u00e7in\" \/>\n<meta name=\"robots\" content=\"index, follow, max-snippet:-1, max-image-preview:large, max-video-preview:-1\" \/>\n<link rel=\"canonical\" href=\"https:\/\/www.kariyer.net\/kariyer-rehberi\/begenmeme-hakkimi-sakli-tutuyorum\/\" \/>\n<meta property=\"og:locale\" content=\"tr_TR\" \/>\n<meta property=\"og:type\" content=\"article\" \/>\n<meta property=\"og:title\" content=\"Be\u011fenmeme hakk\u0131m\u0131 sakl\u0131 tutuyorum\" \/>\n<meta property=\"og:description\" content=\"T\u00fcrkiye\u2019nin ilk g\u00fcnl\u00fck Televizyon gazetesini \u00e7\u0131karan m\u00fczisyen ve gazeteci Sina Kolo\u011flu, \u201cEskiden az\u0131nl\u0131k i\u00e7in dizi yap\u0131l\u0131rd\u0131, \u015fimdiyse \u00e7o\u011funluk i\u00e7in\" \/>\n<meta property=\"og:url\" content=\"https:\/\/www.kariyer.net\/kariyer-rehberi\/begenmeme-hakkimi-sakli-tutuyorum\/\" \/>\n<meta property=\"og:site_name\" content=\"Kariyer Rehberi\" \/>\n<meta property=\"article:published_time\" content=\"2015-07-23T07:57:15+00:00\" \/>\n<meta property=\"article:modified_time\" content=\"2024-07-03T12:04:45+00:00\" \/>\n<meta property=\"og:image\" content=\"https:\/\/www.kariyer.net\/kariyer-rehberi\/wp-content\/uploads\/2015\/07\/Sinakologlu.jpg\" \/>\n\t<meta property=\"og:image:width\" content=\"600\" \/>\n\t<meta property=\"og:image:height\" content=\"300\" \/>\n\t<meta property=\"og:image:type\" content=\"image\/jpeg\" \/>\n<meta name=\"author\" content=\"Melike \u00c7etinsara\u00e7\" \/>\n<meta name=\"twitter:card\" content=\"summary_large_image\" \/>\n<meta name=\"twitter:label1\" content=\"Yazan:\" \/>\n\t<meta name=\"twitter:data1\" content=\"Melike \u00c7etinsara\u00e7\" \/>\n\t<meta name=\"twitter:label2\" content=\"Tahmini okuma s\u00fcresi\" \/>\n\t<meta name=\"twitter:data2\" content=\"7 dakika\" \/>\n<!-- \/ Yoast SEO Premium plugin. -->","yoast_head_json":{"title":"Be\u011fenmeme hakk\u0131m\u0131 sakl\u0131 tutuyorum | Kariyer Rehberi","description":"T\u00fcrkiye\u2019nin ilk g\u00fcnl\u00fck Televizyon gazetesini \u00e7\u0131karan m\u00fczisyen ve gazeteci Sina Kolo\u011flu, \u201cEskiden az\u0131nl\u0131k i\u00e7in dizi yap\u0131l\u0131rd\u0131, \u015fimdiyse \u00e7o\u011funluk i\u00e7in","robots":{"index":"index","follow":"follow","max-snippet":"max-snippet:-1","max-image-preview":"max-image-preview:large","max-video-preview":"max-video-preview:-1"},"canonical":"https:\/\/www.kariyer.net\/kariyer-rehberi\/begenmeme-hakkimi-sakli-tutuyorum\/","og_locale":"tr_TR","og_type":"article","og_title":"Be\u011fenmeme hakk\u0131m\u0131 sakl\u0131 tutuyorum","og_description":"T\u00fcrkiye\u2019nin ilk g\u00fcnl\u00fck Televizyon gazetesini \u00e7\u0131karan m\u00fczisyen ve gazeteci Sina Kolo\u011flu, \u201cEskiden az\u0131nl\u0131k i\u00e7in dizi yap\u0131l\u0131rd\u0131, \u015fimdiyse \u00e7o\u011funluk i\u00e7in","og_url":"https:\/\/www.kariyer.net\/kariyer-rehberi\/begenmeme-hakkimi-sakli-tutuyorum\/","og_site_name":"Kariyer Rehberi","article_published_time":"2015-07-23T07:57:15+00:00","article_modified_time":"2024-07-03T12:04:45+00:00","og_image":[{"width":600,"height":300,"url":"https:\/\/www.kariyer.net\/kariyer-rehberi\/wp-content\/uploads\/2015\/07\/Sinakologlu.jpg","type":"image\/jpeg"}],"author":"Melike \u00c7etinsara\u00e7","twitter_card":"summary_large_image","twitter_misc":{"Yazan:":"Melike \u00c7etinsara\u00e7","Tahmini okuma s\u00fcresi":"7 dakika"},"schema":{"@context":"https:\/\/schema.org","@graph":[{"@type":"Article","@id":"https:\/\/www.kariyer.net\/kariyer-rehberi\/begenmeme-hakkimi-sakli-tutuyorum\/#article","isPartOf":{"@id":"https:\/\/www.kariyer.net\/kariyer-rehberi\/begenmeme-hakkimi-sakli-tutuyorum\/"},"author":{"name":"Melike \u00c7etinsara\u00e7","@id":"https:\/\/www.kariyer.net\/kariyer-rehberi\/#\/schema\/person\/973a6f787fb1e62ee8ba81e607bcae5b"},"headline":"Be\u011fenmeme hakk\u0131m\u0131 sakl\u0131 tutuyorum","datePublished":"2015-07-23T07:57:15+00:00","dateModified":"2024-07-03T12:04:45+00:00","mainEntityOfPage":{"@id":"https:\/\/www.kariyer.net\/kariyer-rehberi\/begenmeme-hakkimi-sakli-tutuyorum\/"},"wordCount":1379,"commentCount":0,"publisher":{"@id":"https:\/\/www.kariyer.net\/kariyer-rehberi\/#organization"},"image":{"@id":"https:\/\/www.kariyer.net\/kariyer-rehberi\/begenmeme-hakkimi-sakli-tutuyorum\/#primaryimage"},"thumbnailUrl":"https:\/\/www.kariyer.net\/kariyer-rehberi\/wp-content\/uploads\/2015\/07\/Sinakologlu.jpg","articleSection":["\u0130\u015f Hayat\u0131","Kariyer Geli\u015fimi"],"inLanguage":"tr","potentialAction":[{"@type":"CommentAction","name":"Comment","target":["https:\/\/www.kariyer.net\/kariyer-rehberi\/begenmeme-hakkimi-sakli-tutuyorum\/#respond"]}]},{"@type":"WebPage","@id":"https:\/\/www.kariyer.net\/kariyer-rehberi\/begenmeme-hakkimi-sakli-tutuyorum\/","url":"https:\/\/www.kariyer.net\/kariyer-rehberi\/begenmeme-hakkimi-sakli-tutuyorum\/","name":"Be\u011fenmeme hakk\u0131m\u0131 sakl\u0131 tutuyorum | Kariyer Rehberi","isPartOf":{"@id":"https:\/\/www.kariyer.net\/kariyer-rehberi\/#website"},"primaryImageOfPage":{"@id":"https:\/\/www.kariyer.net\/kariyer-rehberi\/begenmeme-hakkimi-sakli-tutuyorum\/#primaryimage"},"image":{"@id":"https:\/\/www.kariyer.net\/kariyer-rehberi\/begenmeme-hakkimi-sakli-tutuyorum\/#primaryimage"},"thumbnailUrl":"https:\/\/www.kariyer.net\/kariyer-rehberi\/wp-content\/uploads\/2015\/07\/Sinakologlu.jpg","datePublished":"2015-07-23T07:57:15+00:00","dateModified":"2024-07-03T12:04:45+00:00","description":"T\u00fcrkiye\u2019nin ilk g\u00fcnl\u00fck Televizyon gazetesini \u00e7\u0131karan m\u00fczisyen ve gazeteci Sina Kolo\u011flu, \u201cEskiden az\u0131nl\u0131k i\u00e7in dizi yap\u0131l\u0131rd\u0131, \u015fimdiyse \u00e7o\u011funluk i\u00e7in","breadcrumb":{"@id":"https:\/\/www.kariyer.net\/kariyer-rehberi\/begenmeme-hakkimi-sakli-tutuyorum\/#breadcrumb"},"inLanguage":"tr","potentialAction":[{"@type":"ReadAction","target":["https:\/\/www.kariyer.net\/kariyer-rehberi\/begenmeme-hakkimi-sakli-tutuyorum\/"]}]},{"@type":"ImageObject","inLanguage":"tr","@id":"https:\/\/www.kariyer.net\/kariyer-rehberi\/begenmeme-hakkimi-sakli-tutuyorum\/#primaryimage","url":"https:\/\/www.kariyer.net\/kariyer-rehberi\/wp-content\/uploads\/2015\/07\/Sinakologlu.jpg","contentUrl":"https:\/\/www.kariyer.net\/kariyer-rehberi\/wp-content\/uploads\/2015\/07\/Sinakologlu.jpg","width":600,"height":300},{"@type":"BreadcrumbList","@id":"https:\/\/www.kariyer.net\/kariyer-rehberi\/begenmeme-hakkimi-sakli-tutuyorum\/#breadcrumb","itemListElement":[{"@type":"ListItem","position":1,"name":"Anasayfa","item":"https:\/\/www.kariyer.net\/kariyer-rehberi\/"},{"@type":"ListItem","position":2,"name":"Be\u011fenmeme hakk\u0131m\u0131 sakl\u0131 tutuyorum"}]},{"@type":"WebSite","@id":"https:\/\/www.kariyer.net\/kariyer-rehberi\/#website","url":"https:\/\/www.kariyer.net\/kariyer-rehberi\/","name":"Kariyer Rehberi","description":"\u0130\u015f D\u00fcnyas\u0131yla \u0130lgili Bilmek \u0130stedi\u011finiz Her \u015eey","publisher":{"@id":"https:\/\/www.kariyer.net\/kariyer-rehberi\/#organization"},"potentialAction":[{"@type":"SearchAction","target":{"@type":"EntryPoint","urlTemplate":"https:\/\/www.kariyer.net\/kariyer-rehberi\/?s={search_term_string}"},"query-input":{"@type":"PropertyValueSpecification","valueRequired":true,"valueName":"search_term_string"}}],"inLanguage":"tr"},{"@type":"Organization","@id":"https:\/\/www.kariyer.net\/kariyer-rehberi\/#organization","name":"Kariyer.net","url":"https:\/\/www.kariyer.net\/kariyer-rehberi\/","logo":{"@type":"ImageObject","inLanguage":"tr","@id":"https:\/\/www.kariyer.net\/kariyer-rehberi\/#\/schema\/logo\/image\/","url":"https:\/\/www.kariyer.net\/kariyer-rehberi-new\/wp-content\/uploads\/2023\/01\/og-image11.jpg","contentUrl":"https:\/\/www.kariyer.net\/kariyer-rehberi-new\/wp-content\/uploads\/2023\/01\/og-image11.jpg","width":800,"height":800,"caption":"Kariyer.net"},"image":{"@id":"https:\/\/www.kariyer.net\/kariyer-rehberi\/#\/schema\/logo\/image\/"}},{"@type":"Person","@id":"https:\/\/www.kariyer.net\/kariyer-rehberi\/#\/schema\/person\/973a6f787fb1e62ee8ba81e607bcae5b","name":"Melike \u00c7etinsara\u00e7","image":{"@type":"ImageObject","inLanguage":"tr","@id":"https:\/\/www.kariyer.net\/kariyer-rehberi\/#\/schema\/person\/image\/","url":"https:\/\/secure.gravatar.com\/avatar\/6f1465d64a23de306340dc839de23bfa288f0987da4b8db6c1dd6895ad84ab7d?s=96&d=mm&r=g","contentUrl":"https:\/\/secure.gravatar.com\/avatar\/6f1465d64a23de306340dc839de23bfa288f0987da4b8db6c1dd6895ad84ab7d?s=96&d=mm&r=g","caption":"Melike \u00c7etinsara\u00e7"},"description":"Ayd\u0131n Do\u011fan Anadolu \u0130leti\u015fim Meslek Lisesi\u2019nin Gazetecilik B\u00f6l\u00fcm\u00fc'nde yaz\u0131l\u0131 bas\u0131n muhabirli\u011fi, TV muhabirli\u011fi ve foto muhabirli\u011fi alanlar\u0131nda e\u011fitim ald\u0131. Son s\u0131n\u0131fta Milliyet Gazetesi\u2019nin Cumartesi-Pazar eklerinde bir y\u0131l boyunca staj yapt\u0131. Ard\u0131ndan \u0130stanbul \u00dcniversitesi Radyo-Televizyon Yay\u0131nc\u0131l\u0131\u011f\u0131 B\u00f6l\u00fcm\u00fc'nden mezun oldu. Yedi y\u0131ld\u0131r bir\u00e7ok dergi i\u00e7in i\u00e7erikler haz\u0131rlayarak foto\u011fraflar \u00e7ekti.","sameAs":["http:\/\/www.kariyer.net\/kariyer-rehberi\/melike-cetinsarac\/"],"url":"https:\/\/www.kariyer.net\/kariyer-rehberi\/author\/melike-cetinsarac\/"}]}},"_links":{"self":[{"href":"https:\/\/www.kariyer.net\/kariyer-rehberi\/wp-json\/wp\/v2\/posts\/5650","targetHints":{"allow":["GET"]}}],"collection":[{"href":"https:\/\/www.kariyer.net\/kariyer-rehberi\/wp-json\/wp\/v2\/posts"}],"about":[{"href":"https:\/\/www.kariyer.net\/kariyer-rehberi\/wp-json\/wp\/v2\/types\/post"}],"author":[{"embeddable":true,"href":"https:\/\/www.kariyer.net\/kariyer-rehberi\/wp-json\/wp\/v2\/users\/13"}],"replies":[{"embeddable":true,"href":"https:\/\/www.kariyer.net\/kariyer-rehberi\/wp-json\/wp\/v2\/comments?post=5650"}],"version-history":[{"count":1,"href":"https:\/\/www.kariyer.net\/kariyer-rehberi\/wp-json\/wp\/v2\/posts\/5650\/revisions"}],"predecessor-version":[{"id":19010,"href":"https:\/\/www.kariyer.net\/kariyer-rehberi\/wp-json\/wp\/v2\/posts\/5650\/revisions\/19010"}],"wp:featuredmedia":[{"embeddable":true,"href":"https:\/\/www.kariyer.net\/kariyer-rehberi\/wp-json\/wp\/v2\/media\/5656"}],"wp:attachment":[{"href":"https:\/\/www.kariyer.net\/kariyer-rehberi\/wp-json\/wp\/v2\/media?parent=5650"}],"wp:term":[{"taxonomy":"category","embeddable":true,"href":"https:\/\/www.kariyer.net\/kariyer-rehberi\/wp-json\/wp\/v2\/categories?post=5650"},{"taxonomy":"post_tag","embeddable":true,"href":"https:\/\/www.kariyer.net\/kariyer-rehberi\/wp-json\/wp\/v2\/tags?post=5650"}],"curies":[{"name":"wp","href":"https:\/\/api.w.org\/{rel}","templated":true}]}}