{"id":5899,"date":"2015-09-29T00:04:45","date_gmt":"2015-09-28T21:04:45","guid":{"rendered":"http:\/\/www.kariyer.net\/kariyer-rehberi\/?p=5899"},"modified":"2017-08-25T11:21:40","modified_gmt":"2017-08-25T08:21:40","slug":"ozgecmisinizi-guncellerken-isinize-yarayacak-8-ipucu","status":"publish","type":"post","link":"https:\/\/www.kariyer.net\/kariyer-rehberi\/ozgecmisinizi-guncellerken-isinize-yarayacak-8-ipucu\/","title":{"rendered":"\u00d6zge\u00e7mi\u015finizi g\u00fcncellerken i\u015finize yarayacak 8 ipucu"},"content":{"rendered":"<p style=\"text-align: left;\"><strong>\u0130\u015f bulma s\u00fcrecinin sadece ilanlara ba\u015fvurmaktan ibaret oldu\u011funu san\u0131yorsan\u0131z yan\u0131l\u0131yorsunuz. \u0130\u015fverenlerin dikkatini \u00e7ekebilmek i\u00e7in \u00f6zge\u00e7mi\u015finizin i\u00e7eri\u011fini geli\u015ftirmeniz ve s\u0131k s\u0131k g\u00fcncellemeniz gerekiyor. <\/strong><\/p>\n<p style=\"text-align: left;\"><span style=\"line-height: 1.5em;\">\u0130leti\u015fim bilgilerinin \u00a0hatas\u0131z, i\u015f tan\u0131mlar\u0131n\u0131n net, yetkinliklerin detayl\u0131, e\u011fitim bilgilerinin ise <\/span><span style=\"line-height: 1.5em;\">eksiksiz \u00a0\u015fekilde yer ald\u0131\u011f\u0131 bir \u00f6zge\u00e7mi\u015f ile kendinizi en k\u0131sa yoldan i\u015fverene anlatabilirsiniz. G\u00fcncellenmi\u015f bir \u00f6zge\u00e7mi\u015fin sizi her zaman bir ad\u0131m \u00f6teye ta\u015f\u0131yaca\u011f\u0131n\u0131 unutmay\u0131n ve bu\u00a0<\/span>8 ipucunu hemen uygulamaya ba\u015flay\u0131n.<\/p>\n<h2 style=\"text-align: left;\"><\/h2>\n<h2 style=\"text-align: left;\">G\u00fcncellik<\/h2>\n<p style=\"text-align: center;\"><img fetchpriority=\"high\" decoding=\"async\" class=\"aligncenter wp-image-5964\" style=\"margin: 5px;\" src=\"http:\/\/www.kariyer.net\/kariyer-rehberi\/wp-content\/uploads\/2015\/09\/giphy-5.gif\" alt=\"giphy (5)\" width=\"600\" height=\"310\" \/><\/p>\n<p><strong>En az ayda bir kez olmak \u00fczere d\u00fczenli aral\u0131klarla \u00f6zge\u00e7mi\u015finizi g\u00f6zden ge\u00e7irin.<\/strong> E\u011fer aktif olarak i\u015f ar\u0131yorsan\u0131z \u00f6zge\u00e7mi\u015finizi s\u0131k g\u00f6zden ge\u00e7irmeniz \u00e7ok daha faydal\u0131 olacakt\u0131r. Her ay\u0131n 1\u2019i ya da 15\u2019i gibi hat\u0131rlanabilir bir tarihi g\u00fcncelleme i\u00e7in ay\u0131rabilirseniz i\u015f aray\u0131\u015f\u0131n\u0131z\u0131 daha sistematik bir hale getirebilirsiniz.<\/p>\n<p>&nbsp;<\/p>\n<h2>Uyumluluk<\/h2>\n<p style=\"text-align: center;\"><img decoding=\"async\" class=\"aligncenter wp-image-6007\" style=\"margin: 5px;\" src=\"http:\/\/www.kariyer.net\/kariyer-rehberi\/wp-content\/uploads\/2015\/09\/giphy-19.gif\" alt=\"giphy (19)\" width=\"600\" height=\"340\" \/><\/p>\n<p><strong>Ayl\u0131k \u00f6zge\u00e7mi\u015f kontrolleriniz s\u0131ras\u0131nda ilgilendi\u011finiz pozisyonlar\u0131n de\u011fi\u015fip de\u011fi\u015fmedi\u011finden emin olun.<\/strong> \u00c7\u00fcnk\u00fc \u00e7al\u0131\u015fma trendlerine g\u00f6re kategori isimleri farkl\u0131l\u0131k g\u00f6sterebiliyor. E\u011fer de\u011fi\u015fmi\u015fse \u00f6zge\u00e7mi\u015f i\u00e7eri\u011finizin i\u015f kategorisinin i\u00e7eri\u011fiyle uyumlu olmas\u0131na dikkat edin. \u00d6rne\u011fin, \u201cKurumsal Sat\u0131\u015f Uzman\u0131\u201d yerine pozisyona art\u0131k \u201cKurumsal M\u00fc\u015fteri Y\u00f6neticisi\u201d deniliyor olabilir. En \u00e7ok ilgilendi\u011finiz pozisyonun gerektirdikleriyle \u00f6zge\u00e7mi\u015finizin uyum sa\u011flamas\u0131 da lehinize olacakt\u0131r.<\/p>\n<p>&nbsp;<\/p>\n<h2>Canl\u0131l\u0131k<\/h2>\n<p style=\"text-align: center;\"><img decoding=\"async\" class=\"aligncenter wp-image-5967\" style=\"margin-right: 5px; margin-left: 5px;\" src=\"http:\/\/www.kariyer.net\/kariyer-rehberi\/wp-content\/uploads\/2015\/09\/giphy-4.gif\" alt=\"giphy (4)\" width=\"600\" height=\"320\" \/><\/p>\n<p><strong>\u00d6zge\u00e7mi\u015finizin i\u00e7eri\u011fini canl\u0131 tutmaya \u00e7al\u0131\u015f\u0131n.<\/strong> \u00d6rne\u011fin, alt\u0131 ay \u00f6nce y\u00fcr\u00fctt\u00fc\u011f\u00fcn\u00fcz k\u0131sa bir projeye CV\u2019nizde sonu\u00e7lar\u0131yla birlikte yer verin. Projenin geli\u015fiminize neler kazand\u0131rd\u0131\u011f\u0131 ya da kariyerinizi nas\u0131l etkiledi\u011fi gibi bilgiler de \u0130nsan Kaynaklar\u0131 uzmanlar\u0131n\u0131n dikkatini \u00e7ekecektir. Bazen size \u00f6nemsiz gelen k\u00fc\u00e7\u00fck ba\u015far\u0131lar\u0131n\u0131z da i\u015fverenler i\u00e7in ilgi uyand\u0131r\u0131c\u0131 olabilir.<\/p>\n<p>&nbsp;<\/p>\n<h2>\u00d6zenlilik<\/h2>\n<p style=\"text-align: center;\"><img loading=\"lazy\" decoding=\"async\" class=\"aligncenter wp-image-5970\" style=\"margin: 5px;\" src=\"http:\/\/www.kariyer.net\/kariyer-rehberi\/wp-content\/uploads\/2015\/09\/giphy-11.gif\" alt=\"giphy (11)\" width=\"600\" height=\"400\" \/><\/p>\n<p><strong>Yaz\u0131m ve dilbilgisi hatalar\u0131n\u0131z\u0131 kontrol edin.<\/strong>\u00a0Daha \u00f6nce defalarca okuman\u0131za ra\u011fmen hi\u00e7 dikkat etmedi\u011finiz bir kelime <strong>yaln\u0131\u015f\u0131yla<\/strong> kar\u015f\u0131la\u015fabilirsiniz. Hatta bir \u00f6nceki c\u00fcmlemizi referans al\u0131p tekrar okuyun. \u0130lk bak\u0131\u015fta yanl\u0131\u015f kelimesindeki hatay\u0131 g\u00f6remediyseniz \u00f6zge\u00e7mi\u015finizi farkl\u0131 bir ki\u015fiye okutman\u0131z da faydal\u0131 olabilir.<\/p>\n<p>&nbsp;<\/p>\n<h2>Dinamiklik<\/h2>\n<p style=\"text-align: center;\"><img loading=\"lazy\" decoding=\"async\" class=\"aligncenter wp-image-5974\" style=\"margin: 5px;\" src=\"http:\/\/www.kariyer.net\/kariyer-rehberi\/wp-content\/uploads\/2015\/09\/giphy-7.gif\" alt=\"giphy (7)\" width=\"600\" height=\"450\" \/><\/p>\n<p><strong>Yeteneklerinizi, ba\u015far\u0131lar\u0131n\u0131z\u0131 ve ekledi\u011finiz di\u011fer bilgilerin sizi dina<\/strong><strong>mik bir \u015fekilde sunmas\u0131n\u0131 sa\u011flay\u0131n<\/strong>. Bu y\u00fczden kendinizi anlat\u0131rken kulland\u0131\u011f\u0131n\u0131z her c\u00fcmlenin kesinlikle tek d\u00fczelikten uzak olmas\u0131 \u015fart.<\/p>\n<p>&nbsp;<\/p>\n<h2>\u00c7ekicilik<\/h2>\n<p style=\"text-align: center;\"><img loading=\"lazy\" decoding=\"async\" class=\"aligncenter wp-image-5981\" style=\"margin: 5px;\" src=\"http:\/\/www.kariyer.net\/kariyer-rehberi\/wp-content\/uploads\/2015\/09\/giphy-13.gif\" alt=\"giphy (13)\" width=\"600\" height=\"320\" \/><\/p>\n<p><strong>\u00d6zge\u00e7mi\u015f foto\u011fraf\u0131n\u0131za yeniden bak\u0131n.<\/strong>\u00a0Yetenekleriniz kadar foto\u011fraf\u0131n\u0131z\u0131n profesyonelli\u011fiyle de de\u011ferlendirilece\u011finizin bilincinde olmal\u0131s\u0131n\u0131z. T\u00fcm y\u00fcz\u00fcn\u00fcz\u00fcn g\u00f6r\u00fcnd\u00fc\u011f\u00fc ve bir g\u00f6mlekle \u00e7ektirdi\u011finiz bir foto\u011fraf \u00f6zge\u00e7mi\u015finizin \u00e7ekicili\u011fini ve okunabilirli\u011fini art\u0131racakt\u0131r.<\/p>\n<p>&nbsp;<\/p>\n<h2>Yetkinlik<\/h2>\n<p style=\"text-align: center;\"><img loading=\"lazy\" decoding=\"async\" class=\"aligncenter wp-image-6009\" style=\"margin: 5px;\" src=\"http:\/\/www.kariyer.net\/kariyer-rehberi\/wp-content\/uploads\/2015\/09\/giphy-21.gif\" alt=\"giphy (21)\" width=\"600\" height=\"260\" \/><\/p>\n<p><strong>Mesleki yetkinlikleriniz listesini s\u00fcrekli g\u00fcncel tutun.<\/strong> B\u00f6ylece i\u015fverene bilgi ve becerilerinizi aktif olarak geli\u015ftirdi\u011finizi g\u00f6sterebilirsiniz. Hangi i\u015fi yaparsan\u0131z yap\u0131n, uzmanl\u0131k edindi\u011finiz i\u015f alan\u0131nda ortaya \u00e7\u0131kan son uygulamalar\u0131 takip etmeniz size art\u0131 puan kazand\u0131racakt\u0131r.<\/p>\n<p>&nbsp;<\/p>\n<h2>Sadelik<\/h2>\n<p style=\"text-align: center;\"><img loading=\"lazy\" decoding=\"async\" class=\"aligncenter wp-image-6012\" style=\"margin: 5px;\" src=\"http:\/\/www.kariyer.net\/kariyer-rehberi\/wp-content\/uploads\/2015\/09\/giphy-272.gif\" alt=\"giphy (272)\" width=\"600\" height=\"340\" \/><\/p>\n<p><strong>Okuldan yeni mezun olup i\u015f aramaya ba\u015flad\u0131\u011f\u0131n\u0131zda \u00f6zge\u00e7mi\u015finize yazacak pek de fazla bir \u015fey bulamam\u0131\u015ft\u0131n\u0131z.<\/strong>\u00a0Hatta &#8220;zengin g\u00f6r\u00fcns\u00fcn&#8221; diye bir\u00e7ok ba\u011fla\u00e7 ve gereksiz bilgiye yer vermi\u015ftiniz&#8230; \u015eimdiyse deneyimleriniz ve g\u00fcncel hedeflerinizi g\u00f6z \u00f6n\u00fcne alarak daha \u00f6nce ekledi\u011finiz laf kalabal\u0131klar\u0131n\u0131 elemenin vakti geldi! Sayfalarca yazmaya gerek yok, en iyi \u00f6zge\u00e7mi\u015f k\u0131sa ve \u00f6z oland\u0131r.<\/p>\n<p>&nbsp;<\/p>\n<p>&nbsp;<\/p>\n<!-- templates\/buttons-placeholder.php -->\n<div class=\"da-reactions-outer TpostID5899\">\n\t    <div class=\"da-reactions-data da-reactions-container-async center\"\n         data-type=\"post\"\n         data-id=\"5899\"\n         id=\"da-reactions-slot-post-5899\">\n        <div class=\"da-reactions-static\">\n\t\t\t<img src=\"https:\/\/www.kariyer.net\/kariyer-rehberi\/wp-content\/plugins\/da-reactions\/assets\/dist\/loading.svg\" alt=\"Loading spinner\" width=\"48\" height=\"48\" style=\"width:48px\" \/>\n        <\/div>\n    <\/div>\n<\/div>\n","protected":false},"excerpt":{"rendered":"<p>\u0130\u015f bulma s\u00fcrecinin sadece ilanlara ba\u015fvurmaktan ibaret oldu\u011funu san\u0131yorsan\u0131z yan\u0131l\u0131yorsunuz. \u0130\u015fverenlerin dikkatini \u00e7ekebilmek i\u00e7in \u00f6zge\u00e7mi\u015finizin i\u00e7eri\u011fini geli\u015ftirmeniz ve s\u0131k s\u0131k g\u00fcncellemeniz gerekiyor. \u0130leti\u015fim bilgilerinin \u00a0hatas\u0131z, i\u015f tan\u0131mlar\u0131n\u0131n net, yetkinliklerin detayl\u0131, e\u011fitim bilgilerinin ise eksiksiz \u00a0\u015fekilde yer ald\u0131\u011f\u0131 bir \u00f6zge\u00e7mi\u015f ile kendinizi en k\u0131sa yoldan i\u015fverene anlatabilirsiniz. G\u00fcncellenmi\u015f bir \u00f6zge\u00e7mi\u015fin sizi her zaman bir ad\u0131m \u00f6teye [&hellip;]<\/p>\n<!-- templates\/buttons-placeholder.php -->\n<div class=\"da-reactions-outer TpostID5899\">\n\t    <div class=\"da-reactions-data da-reactions-container-async center\"\n         data-type=\"post\"\n         data-id=\"5899\"\n         id=\"da-reactions-slot-post-5899\">\n        <div class=\"da-reactions-static\">\n\t\t\t<img src=\"https:\/\/www.kariyer.net\/kariyer-rehberi\/wp-content\/plugins\/da-reactions\/assets\/dist\/loading.svg\" alt=\"Loading spinner\" width=\"48\" height=\"48\" style=\"width:48px\" \/>\n        <\/div>\n    <\/div>\n<\/div>\n","protected":false},"author":13,"featured_media":6004,"comment_status":"open","ping_status":"open","sticky":false,"template":"","format":"standard","meta":{"footnotes":"","_elementor_edit_mode":"","_elementor_template_type":"","_elementor_data":"","_elementor_page_settings":null,"_elementor_conditions":[]},"categories":[34,35],"tags":[],"class_list":{"0":"post-5899","1":"post","2":"type-post","3":"status-publish","4":"format-standard","5":"has-post-thumbnail","7":"category-oz-gecmis","8":"category-ozgecmis-hazirlama"},"yoast_head":"<!-- This site is optimized with the Yoast SEO Premium plugin v21.4 (Yoast SEO v27.0) - https:\/\/yoast.com\/product\/yoast-seo-premium-wordpress\/ -->\n<title>\u00d6zge\u00e7mi\u015finizi g\u00fcncellerken i\u015finize yarayacak 8 ipucu | Kariyer Rehberi<\/title>\n<meta name=\"description\" content=\"\u0130\u015f bulma s\u00fcrecinin sadece ilanlara ba\u015fvurmaktan ibaret oldu\u011funu san\u0131yorsan\u0131z yan\u0131l\u0131yorsunuz. \u0130\u015fverenlerin dikkatini \u00e7ekebilmek i\u00e7in \u00f6zge\u00e7mi\u015finizin\" \/>\n<meta name=\"robots\" content=\"index, follow, max-snippet:-1, max-image-preview:large, max-video-preview:-1\" \/>\n<link rel=\"canonical\" href=\"https:\/\/www.kariyer.net\/kariyer-rehberi\/ozgecmisinizi-guncellerken-isinize-yarayacak-8-ipucu\/\" \/>\n<meta property=\"og:locale\" content=\"tr_TR\" \/>\n<meta property=\"og:type\" content=\"article\" \/>\n<meta property=\"og:title\" content=\"\u00d6zge\u00e7mi\u015finizi g\u00fcncellerken i\u015finize yarayacak 8 ipucu\" \/>\n<meta property=\"og:description\" content=\"\u0130\u015f bulma s\u00fcrecinin sadece ilanlara ba\u015fvurmaktan ibaret oldu\u011funu san\u0131yorsan\u0131z yan\u0131l\u0131yorsunuz. \u0130\u015fverenlerin dikkatini \u00e7ekebilmek i\u00e7in \u00f6zge\u00e7mi\u015finizin\" \/>\n<meta property=\"og:url\" content=\"https:\/\/www.kariyer.net\/kariyer-rehberi\/ozgecmisinizi-guncellerken-isinize-yarayacak-8-ipucu\/\" \/>\n<meta property=\"og:site_name\" content=\"Kariyer Rehberi\" \/>\n<meta property=\"article:published_time\" content=\"2015-09-28T21:04:45+00:00\" \/>\n<meta property=\"article:modified_time\" content=\"2017-08-25T08:21:40+00:00\" \/>\n<meta property=\"og:image\" content=\"https:\/\/www.kariyer.net\/kariyer-rehberi\/wp-content\/uploads\/2015\/09\/mcduck.jpg\" \/>\n\t<meta property=\"og:image:width\" content=\"600\" \/>\n\t<meta property=\"og:image:height\" content=\"300\" \/>\n\t<meta property=\"og:image:type\" content=\"image\/jpeg\" \/>\n<meta name=\"author\" content=\"Melike \u00c7etinsara\u00e7\" \/>\n<meta name=\"twitter:card\" content=\"summary_large_image\" \/>\n<meta name=\"twitter:label1\" content=\"Yazan:\" \/>\n\t<meta name=\"twitter:data1\" content=\"Melike \u00c7etinsara\u00e7\" \/>\n\t<meta name=\"twitter:label2\" content=\"Tahmini okuma s\u00fcresi\" \/>\n\t<meta name=\"twitter:data2\" content=\"3 dakika\" \/>\n<!-- \/ Yoast SEO Premium plugin. -->","yoast_head_json":{"title":"\u00d6zge\u00e7mi\u015finizi g\u00fcncellerken i\u015finize yarayacak 8 ipucu | Kariyer Rehberi","description":"\u0130\u015f bulma s\u00fcrecinin sadece ilanlara ba\u015fvurmaktan ibaret oldu\u011funu san\u0131yorsan\u0131z yan\u0131l\u0131yorsunuz. \u0130\u015fverenlerin dikkatini \u00e7ekebilmek i\u00e7in \u00f6zge\u00e7mi\u015finizin","robots":{"index":"index","follow":"follow","max-snippet":"max-snippet:-1","max-image-preview":"max-image-preview:large","max-video-preview":"max-video-preview:-1"},"canonical":"https:\/\/www.kariyer.net\/kariyer-rehberi\/ozgecmisinizi-guncellerken-isinize-yarayacak-8-ipucu\/","og_locale":"tr_TR","og_type":"article","og_title":"\u00d6zge\u00e7mi\u015finizi g\u00fcncellerken i\u015finize yarayacak 8 ipucu","og_description":"\u0130\u015f bulma s\u00fcrecinin sadece ilanlara ba\u015fvurmaktan ibaret oldu\u011funu san\u0131yorsan\u0131z yan\u0131l\u0131yorsunuz. \u0130\u015fverenlerin dikkatini \u00e7ekebilmek i\u00e7in \u00f6zge\u00e7mi\u015finizin","og_url":"https:\/\/www.kariyer.net\/kariyer-rehberi\/ozgecmisinizi-guncellerken-isinize-yarayacak-8-ipucu\/","og_site_name":"Kariyer Rehberi","article_published_time":"2015-09-28T21:04:45+00:00","article_modified_time":"2017-08-25T08:21:40+00:00","og_image":[{"width":600,"height":300,"url":"https:\/\/www.kariyer.net\/kariyer-rehberi\/wp-content\/uploads\/2015\/09\/mcduck.jpg","type":"image\/jpeg"}],"author":"Melike \u00c7etinsara\u00e7","twitter_card":"summary_large_image","twitter_misc":{"Yazan:":"Melike \u00c7etinsara\u00e7","Tahmini okuma s\u00fcresi":"3 dakika"},"schema":{"@context":"https:\/\/schema.org","@graph":[{"@type":"Article","@id":"https:\/\/www.kariyer.net\/kariyer-rehberi\/ozgecmisinizi-guncellerken-isinize-yarayacak-8-ipucu\/#article","isPartOf":{"@id":"https:\/\/www.kariyer.net\/kariyer-rehberi\/ozgecmisinizi-guncellerken-isinize-yarayacak-8-ipucu\/"},"author":{"name":"Melike \u00c7etinsara\u00e7","@id":"https:\/\/www.kariyer.net\/kariyer-rehberi\/#\/schema\/person\/973a6f787fb1e62ee8ba81e607bcae5b"},"headline":"\u00d6zge\u00e7mi\u015finizi g\u00fcncellerken i\u015finize yarayacak 8 ipucu","datePublished":"2015-09-28T21:04:45+00:00","dateModified":"2017-08-25T08:21:40+00:00","mainEntityOfPage":{"@id":"https:\/\/www.kariyer.net\/kariyer-rehberi\/ozgecmisinizi-guncellerken-isinize-yarayacak-8-ipucu\/"},"wordCount":634,"commentCount":0,"publisher":{"@id":"https:\/\/www.kariyer.net\/kariyer-rehberi\/#organization"},"image":{"@id":"https:\/\/www.kariyer.net\/kariyer-rehberi\/ozgecmisinizi-guncellerken-isinize-yarayacak-8-ipucu\/#primaryimage"},"thumbnailUrl":"https:\/\/www.kariyer.net\/kariyer-rehberi\/wp-content\/uploads\/2015\/09\/mcduck.jpg","articleSection":["\u00d6zge\u00e7mi\u015f","\u00d6zge\u00e7mi\u015f Haz\u0131rlama"],"inLanguage":"tr","potentialAction":[{"@type":"CommentAction","name":"Comment","target":["https:\/\/www.kariyer.net\/kariyer-rehberi\/ozgecmisinizi-guncellerken-isinize-yarayacak-8-ipucu\/#respond"]}]},{"@type":"WebPage","@id":"https:\/\/www.kariyer.net\/kariyer-rehberi\/ozgecmisinizi-guncellerken-isinize-yarayacak-8-ipucu\/","url":"https:\/\/www.kariyer.net\/kariyer-rehberi\/ozgecmisinizi-guncellerken-isinize-yarayacak-8-ipucu\/","name":"\u00d6zge\u00e7mi\u015finizi g\u00fcncellerken i\u015finize yarayacak 8 ipucu | Kariyer Rehberi","isPartOf":{"@id":"https:\/\/www.kariyer.net\/kariyer-rehberi\/#website"},"primaryImageOfPage":{"@id":"https:\/\/www.kariyer.net\/kariyer-rehberi\/ozgecmisinizi-guncellerken-isinize-yarayacak-8-ipucu\/#primaryimage"},"image":{"@id":"https:\/\/www.kariyer.net\/kariyer-rehberi\/ozgecmisinizi-guncellerken-isinize-yarayacak-8-ipucu\/#primaryimage"},"thumbnailUrl":"https:\/\/www.kariyer.net\/kariyer-rehberi\/wp-content\/uploads\/2015\/09\/mcduck.jpg","datePublished":"2015-09-28T21:04:45+00:00","dateModified":"2017-08-25T08:21:40+00:00","description":"\u0130\u015f bulma s\u00fcrecinin sadece ilanlara ba\u015fvurmaktan ibaret oldu\u011funu san\u0131yorsan\u0131z yan\u0131l\u0131yorsunuz. \u0130\u015fverenlerin dikkatini \u00e7ekebilmek i\u00e7in \u00f6zge\u00e7mi\u015finizin","breadcrumb":{"@id":"https:\/\/www.kariyer.net\/kariyer-rehberi\/ozgecmisinizi-guncellerken-isinize-yarayacak-8-ipucu\/#breadcrumb"},"inLanguage":"tr","potentialAction":[{"@type":"ReadAction","target":["https:\/\/www.kariyer.net\/kariyer-rehberi\/ozgecmisinizi-guncellerken-isinize-yarayacak-8-ipucu\/"]}]},{"@type":"ImageObject","inLanguage":"tr","@id":"https:\/\/www.kariyer.net\/kariyer-rehberi\/ozgecmisinizi-guncellerken-isinize-yarayacak-8-ipucu\/#primaryimage","url":"https:\/\/www.kariyer.net\/kariyer-rehberi\/wp-content\/uploads\/2015\/09\/mcduck.jpg","contentUrl":"https:\/\/www.kariyer.net\/kariyer-rehberi\/wp-content\/uploads\/2015\/09\/mcduck.jpg","width":600,"height":300},{"@type":"BreadcrumbList","@id":"https:\/\/www.kariyer.net\/kariyer-rehberi\/ozgecmisinizi-guncellerken-isinize-yarayacak-8-ipucu\/#breadcrumb","itemListElement":[{"@type":"ListItem","position":1,"name":"Anasayfa","item":"https:\/\/www.kariyer.net\/kariyer-rehberi\/"},{"@type":"ListItem","position":2,"name":"\u00d6zge\u00e7mi\u015finizi g\u00fcncellerken i\u015finize yarayacak 8 ipucu"}]},{"@type":"WebSite","@id":"https:\/\/www.kariyer.net\/kariyer-rehberi\/#website","url":"https:\/\/www.kariyer.net\/kariyer-rehberi\/","name":"Kariyer Rehberi","description":"\u0130\u015f D\u00fcnyas\u0131yla \u0130lgili Bilmek \u0130stedi\u011finiz Her \u015eey","publisher":{"@id":"https:\/\/www.kariyer.net\/kariyer-rehberi\/#organization"},"potentialAction":[{"@type":"SearchAction","target":{"@type":"EntryPoint","urlTemplate":"https:\/\/www.kariyer.net\/kariyer-rehberi\/?s={search_term_string}"},"query-input":{"@type":"PropertyValueSpecification","valueRequired":true,"valueName":"search_term_string"}}],"inLanguage":"tr"},{"@type":"Organization","@id":"https:\/\/www.kariyer.net\/kariyer-rehberi\/#organization","name":"Kariyer.net","url":"https:\/\/www.kariyer.net\/kariyer-rehberi\/","logo":{"@type":"ImageObject","inLanguage":"tr","@id":"https:\/\/www.kariyer.net\/kariyer-rehberi\/#\/schema\/logo\/image\/","url":"https:\/\/www.kariyer.net\/kariyer-rehberi-new\/wp-content\/uploads\/2023\/01\/og-image11.jpg","contentUrl":"https:\/\/www.kariyer.net\/kariyer-rehberi-new\/wp-content\/uploads\/2023\/01\/og-image11.jpg","width":800,"height":800,"caption":"Kariyer.net"},"image":{"@id":"https:\/\/www.kariyer.net\/kariyer-rehberi\/#\/schema\/logo\/image\/"}},{"@type":"Person","@id":"https:\/\/www.kariyer.net\/kariyer-rehberi\/#\/schema\/person\/973a6f787fb1e62ee8ba81e607bcae5b","name":"Melike \u00c7etinsara\u00e7","image":{"@type":"ImageObject","inLanguage":"tr","@id":"https:\/\/www.kariyer.net\/kariyer-rehberi\/#\/schema\/person\/image\/","url":"https:\/\/secure.gravatar.com\/avatar\/6f1465d64a23de306340dc839de23bfa288f0987da4b8db6c1dd6895ad84ab7d?s=96&d=mm&r=g","contentUrl":"https:\/\/secure.gravatar.com\/avatar\/6f1465d64a23de306340dc839de23bfa288f0987da4b8db6c1dd6895ad84ab7d?s=96&d=mm&r=g","caption":"Melike \u00c7etinsara\u00e7"},"description":"Ayd\u0131n Do\u011fan Anadolu \u0130leti\u015fim Meslek Lisesi\u2019nin Gazetecilik B\u00f6l\u00fcm\u00fc'nde yaz\u0131l\u0131 bas\u0131n muhabirli\u011fi, TV muhabirli\u011fi ve foto muhabirli\u011fi alanlar\u0131nda e\u011fitim ald\u0131. Son s\u0131n\u0131fta Milliyet Gazetesi\u2019nin Cumartesi-Pazar eklerinde bir y\u0131l boyunca staj yapt\u0131. Ard\u0131ndan \u0130stanbul \u00dcniversitesi Radyo-Televizyon Yay\u0131nc\u0131l\u0131\u011f\u0131 B\u00f6l\u00fcm\u00fc'nden mezun oldu. Yedi y\u0131ld\u0131r bir\u00e7ok dergi i\u00e7in i\u00e7erikler haz\u0131rlayarak foto\u011fraflar \u00e7ekti.","sameAs":["http:\/\/www.kariyer.net\/kariyer-rehberi\/melike-cetinsarac\/"],"url":"https:\/\/www.kariyer.net\/kariyer-rehberi\/author\/melike-cetinsarac\/"}]}},"_links":{"self":[{"href":"https:\/\/www.kariyer.net\/kariyer-rehberi\/wp-json\/wp\/v2\/posts\/5899","targetHints":{"allow":["GET"]}}],"collection":[{"href":"https:\/\/www.kariyer.net\/kariyer-rehberi\/wp-json\/wp\/v2\/posts"}],"about":[{"href":"https:\/\/www.kariyer.net\/kariyer-rehberi\/wp-json\/wp\/v2\/types\/post"}],"author":[{"embeddable":true,"href":"https:\/\/www.kariyer.net\/kariyer-rehberi\/wp-json\/wp\/v2\/users\/13"}],"replies":[{"embeddable":true,"href":"https:\/\/www.kariyer.net\/kariyer-rehberi\/wp-json\/wp\/v2\/comments?post=5899"}],"version-history":[{"count":0,"href":"https:\/\/www.kariyer.net\/kariyer-rehberi\/wp-json\/wp\/v2\/posts\/5899\/revisions"}],"wp:featuredmedia":[{"embeddable":true,"href":"https:\/\/www.kariyer.net\/kariyer-rehberi\/wp-json\/wp\/v2\/media\/6004"}],"wp:attachment":[{"href":"https:\/\/www.kariyer.net\/kariyer-rehberi\/wp-json\/wp\/v2\/media?parent=5899"}],"wp:term":[{"taxonomy":"category","embeddable":true,"href":"https:\/\/www.kariyer.net\/kariyer-rehberi\/wp-json\/wp\/v2\/categories?post=5899"},{"taxonomy":"post_tag","embeddable":true,"href":"https:\/\/www.kariyer.net\/kariyer-rehberi\/wp-json\/wp\/v2\/tags?post=5899"}],"curies":[{"name":"wp","href":"https:\/\/api.w.org\/{rel}","templated":true}]}}