{"id":6073,"date":"2015-10-07T16:14:57","date_gmt":"2015-10-07T13:14:57","guid":{"rendered":"http:\/\/www.kariyer.net\/kariyer-rehberi\/?p=6073"},"modified":"2024-07-03T15:04:45","modified_gmt":"2024-07-03T12:04:45","slug":"heykelin-beklenmedik-degisimi-heyecan-veriyor","status":"publish","type":"post","link":"https:\/\/www.kariyer.net\/kariyer-rehberi\/heykelin-beklenmedik-degisimi-heyecan-veriyor\/","title":{"rendered":"Heykelin beklenmedik de\u011fi\u015fimi heyecan veriyor"},"content":{"rendered":"<p><strong>Heykelt\u0131ra\u015f Mahmut Ayd\u0131n, belirli bir planla ba\u015flad\u0131\u011f\u0131 heykellerin zamanla d\u00f6n\u00fc\u015f\u00fcp bamba\u015fka bir hale b\u00fcr\u00fcnd\u00fc\u011f\u00fcn\u00fc anlat\u0131yor. Ayd\u0131n, heykelin onu heyecanland\u0131ran yan\u0131n\u0131n da bu de\u011fi\u015fim oldu\u011funu belirtiyor.<\/strong><\/p>\n<p><a href=\"http:\/\/www.kariyer.net\/kariyer-rehberi\/wp-content\/uploads\/2015\/10\/mahmutaydin.jpg\"><img fetchpriority=\"high\" decoding=\"async\" class=\"alignnone size-full wp-image-6075\" src=\"http:\/\/www.kariyer.net\/kariyer-rehberi\/wp-content\/uploads\/2015\/10\/mahmutaydin.jpg\" alt=\"mahmutaydin\" width=\"600\" height=\"300\" srcset=\"https:\/\/www.kariyer.net\/kariyer-rehberi\/wp-content\/uploads\/2015\/10\/mahmutaydin.jpg 600w, https:\/\/www.kariyer.net\/kariyer-rehberi\/wp-content\/uploads\/2015\/10\/mahmutaydin-300x150.jpg 300w\" sizes=\"(max-width: 600px) 100vw, 600px\" \/><\/a><\/p>\n<p>Gen\u00e7 ya\u015f\u0131na ra\u011fmen kendini yetene\u011fi do\u011frultusunda olduk\u00e7a geli\u015ftiren <strong>heykelt\u0131ra\u015f Mahmut Ayd\u0131n<\/strong>\u2019\u0131n heykellerine bak\u0131p da etkilenmemek m\u00fcmk\u00fcn de\u011fil. \u00dcstelik bir\u00e7o\u011funu k\u0131sa s\u00fcrelerde tamamlad\u0131\u011f\u0131n\u0131 s\u00f6yleyince bir kez daha bakma ihtiyac\u0131 hissediyorsunuz heykellere. \u00d6nce Diyarbak\u0131r G\u00fczel Sanatlar Lisesi, sonras\u0131nda ise <strong>Mimar Sinan G\u00fczel Sanatlar \u00dcniversitesi Heykel B\u00f6l\u00fcm\u00fc<\/strong>&#8216;n\u00fc tamamlayan Ayd\u0131n, \u015fu anda ayn\u0131 \u00fcniversitede y\u00fcksek lisansa devam ediyor. Sanata yatk\u0131nl\u0131\u011f\u0131n\u0131 k\u00fc\u00e7\u00fck ya\u015fta arkada\u015flar\u0131n\u0131n ke\u015ffetti\u011fini, t\u00fcm oyuncaklar\u0131n\u0131 kendisine yapt\u0131rd\u0131klar\u0131n\u0131 belirten Ayd\u0131n, bunun becerisini daha da art\u0131rd\u0131\u011f\u0131na de\u011finiyor. \u00c7al\u0131\u015fmalar\u0131yla \u00e7ok \u00f6nemli \u00f6d\u00fcller de alan Ayd\u0131n, heykellerin yap\u0131m a\u015famas\u0131n\u0131 ve onlarla olan ba\u011f\u0131n\u0131 bizimle payla\u015f\u0131yor.<\/p>\n<h2>Heykelt\u0131ra\u015f olmak hayaliniz miydi? B\u00f6yle bir meslekle u\u011fra\u015fmaya nas\u0131l ba\u015flad\u0131n\u0131z?<\/h2>\n<p>Zaman i\u00e7erisinde geli\u015fti. \u00c7ocukken s\u00fcrekli oyuncaklar yapard\u0131m. Sonra beni g\u00fczel sanatlar lisesine y\u00f6nlendirenler oldu. Okulda da d\u00f6rt y\u0131l boyunca hep resim ve heykel yapt\u0131m. Resimden \u00e7ok heykel yapmam gerekti\u011fine inand\u0131m. Sonras\u0131nda ise Mimar Sinan G\u00fczel Sanatlar \u00dcniversitesi\u2019ni kazand\u0131m. Heykele olan tutkum dinmeden devam ediyor.<\/p>\n<h2>K\u00fc\u00e7\u00fckken ne t\u00fcr oyuncaklar yap\u0131yordunuz?<\/h2>\n<p>K\u00f6yde b\u00fcy\u00fcd\u00fc\u011f\u00fcmden oyun hamurlar\u0131yla de\u011fil de, ta\u015f ve \u00e7amurla oynuyorduk. Orada at, e\u015fek, horoz gibi \u00e7evremde g\u00f6rd\u00fc\u011f\u00fcm hayvanlar\u0131n k\u00fc\u00e7\u00fck k\u00fc\u00e7\u00fck heykellerini yapard\u0131m.<\/p>\n<h2>Siz yetene\u011finizin fark\u0131nda m\u0131yd\u0131n\u0131z yoksa ke\u015ffeden birisi oldu mu?<\/h2>\n<p>K\u00f6yl\u00fcler heykeli, sanat\u0131 bilmediklerinden b\u00f6yle bir durumun fark\u0131na varamazlard\u0131. \u0130lk fark\u0131na varan benim \u00e7ocukluk arkada\u015flar\u0131m oldu. S\u00fcrekli bana kendi oyuncaklar\u0131n\u0131 yapt\u0131r\u0131yorlard\u0131. Becerim ve alt yap\u0131m bu \u015fekilde geli\u015fmeye ba\u015flad\u0131.<\/p>\n<h2>Yetene\u011fin yan\u0131nda e\u011fitim size ne katt\u0131?<\/h2>\n<p>\u00d6nceden saf duygularla bir \u015feyler yapmaya \u00e7al\u0131\u015f\u0131yordum. Ho\u015fuma gitti\u011fi i\u00e7in yap\u0131yordum sadece. Daha sonra heykel hakk\u0131nda bilgiler edindim. Okulun teknik a\u00e7\u0131dan \u00e7ok b\u00fcy\u00fck katk\u0131s\u0131 oldu. Sadece heykelle kalmad\u0131; film, <a href=\"http:\/\/www.kariyer.net\/kariyer-rehberi\/tiyatro-bizim-oyun-alanimiz\/\">tiyatro<\/a>, resim gibi di\u011fer sanat dallar\u0131 hakk\u0131nda da baya\u011f\u0131 bir katk\u0131 sa\u011flad\u0131. \u0130\u00e7imizde saf olarak var olan sanat\u0131n e\u011fitimle ve de ki\u015fisel geli\u015fimle birlikte daha iyi sonu\u00e7lar \u00e7\u0131karaca\u011f\u0131na inan\u0131yorum. Ama ben her zaman heykelle u\u011fra\u015fmak istedim. Lisede d\u00f6rt y\u0131l boyunca bunu d\u00fc\u015f\u00fcnme imkan\u0131m oldu. Heykelle ba\u015flad\u0131m ve \u00f6yle devam ediyorum.<\/p>\n<h2><img decoding=\"async\" class=\"size-full wp-image-6077 alignright\" src=\"http:\/\/www.kariyer.net\/kariyer-rehberi\/wp-content\/uploads\/2015\/10\/mahmutaydin2.jpg\" alt=\"mahmutaydin2\" width=\"250\" height=\"364\" srcset=\"https:\/\/www.kariyer.net\/kariyer-rehberi\/wp-content\/uploads\/2015\/10\/mahmutaydin2.jpg 250w, https:\/\/www.kariyer.net\/kariyer-rehberi\/wp-content\/uploads\/2015\/10\/mahmutaydin2-206x300.jpg 206w\" sizes=\"(max-width: 250px) 100vw, 250px\" \/>Bu alanda size ilham veren ki\u015filer kimler oldu?<\/h2>\n<p>Rodin, Giacometti ve Anish Kapoor.<\/p>\n<h2>Heykellerinizi olu\u015ftururken nelerden esinleniyorsunuz?<\/h2>\n<p>\u0130nsan \u00e7evresiyle her an etkile\u015fim i\u00e7erisinde olan sosyo-k\u00fclt\u00fcrel bir varl\u0131k. Heykellerimde insan\u0131n geli\u015fimini ve iradesi \u00fczerine etki eden \u00e7evresel ve toplumsal, do\u011fal ve yapay ko\u015fullar ile zaman i\u00e7erisinde ya\u015fad\u0131\u011f\u0131 evrimi g\u00f6steriyorum. Bi\u00e7imsel olarak heykellerimde geometrik formlarla insan bedenini birlikte kullan\u0131yorum. Duygular\u0131 en yal\u0131n hali ile anlatmay\u0131 ama\u00e7lad\u0131\u011f\u0131m fig\u00fcr heykellerimde, <strong>sosyo-politik temalar<\/strong>a de\u011finmenin yan\u0131 s\u0131ra, bedenin d\u0131\u015ftan gelecek en ufak d\u00fcrt\u00fclere kar\u015f\u0131 duyarl\u0131l\u0131\u011f\u0131n\u0131 ve de\u011fi\u015fimini ele al\u0131yorum.<\/p>\n<h2>Heykelleri hep belli bir konsept i\u00e7inde mi olu\u015fturuyorsunuz?<\/h2>\n<p>Eskiden s\u0131rf heykel olsun diye, heykeli \u00f6\u011frenmek i\u00e7in yapard\u0131m. Zaman i\u00e7inde bunun bir konsepte dahil olmas\u0131n\u0131n daha makul olaca\u011f\u0131n\u0131 d\u00fc\u015f\u00fcnd\u00fcm.<\/p>\n<h2>Kendi tarz\u0131n\u0131z\u0131 olu\u015fturdunuz yani\u2026<\/h2>\n<p>Zaten heykeli yaparken bir tarz aray\u0131\u015f\u0131 olu\u015fuyor. R\u00f6tu\u015flar olsun, formun devaml\u0131l\u0131\u011f\u0131 olsun bunlar hep fikir veriyor. Belli bir a\u015famadan sonra ise konsept olu\u015fuyor. Bende \u00f6yle oldu. \u015eimdi mesela sans\u00fcr konusunu i\u015fliyorum.<\/p>\n<h2>Sans\u00fcr konusuyla neyi ele\u015ftiriyorsunuz?<\/h2>\n<p>Sans\u00fcr \u00e7ok \u00f6nceden de vard\u0131, \u015fimdi de var. Benim hayat\u0131mda s\u00fcrekli sans\u00fcr oldu. Sizlerin de hayat\u0131nda sans\u00fcr oldu. Din olsun, <a href=\"http:\/\/www.kariyer.net\/medya-is-ilanlari-f031000000\" target=\"_blank\" rel=\"noopener\">Medya \u0130\u015f \u0130lanlar\u0131<\/a> olsun, okul olsun, bir s\u00fcr\u00fc \u015feyde hepimiz sans\u00fcrleniyoruz. Ben de onu ele ald\u0131m. Sans\u00fcr konusu biraz din i\u00e7erikli \u015fu an yapt\u0131\u011f\u0131m heykellerde. Bakt\u0131\u011f\u0131n\u0131zda heykellerin cinsel organlar\u0131n\u0131n bir k\u0131sm\u0131n\u0131 kapatt\u0131\u011f\u0131m\u0131 g\u00f6rebilirsiniz. Gelecek s\u00fcre\u00e7te sans\u00fcr\u00fcn di\u011fer k\u0131s\u0131mlar\u0131n\u0131 da i\u015flemeyi d\u00fc\u015f\u00fcn\u00fcyorum.<\/p>\n<h2>Bu \u00e7al\u0131\u015fmalara bakan birine ne hissettirmek istiyorsunuz?<\/h2>\n<p>\u00d6rne\u011fin az \u00f6nce bahsetti\u011fim sans\u00fcr konsept dahilinde oldu\u011fu i\u00e7in i\u015flenmi\u015f bir konu. Onun d\u0131\u015f\u0131nda orada zaten bir heykel var. Bir ki\u015fi sans\u00fcr diye alg\u0131lar, di\u011feri ba\u015fka bir \u015fey diye alg\u0131layabilir. Onun ucu \u00e7ok a\u00e7\u0131k, k\u0131s\u0131tlamak m\u00fcmk\u00fcn de de\u011fil zaten.<\/p>\n<h2>\u00c7al\u0131\u015fmalar\u0131n\u0131zda hangi malzemeleri kullan\u0131yorsunuz?<\/h2>\n<p>T\u00fcm malzemeleri denemeyi seviyorum. Birka\u00e7 malzemeyle de s\u0131n\u0131rl\u0131 kalmak istemiyorum, o anki ruh halime, konuya ya da fig\u00fcr\u00fcn hareketine g\u00f6re malzeme se\u00e7iyorum. Bronz, ta\u015f, ah\u015fap kulland\u0131\u011f\u0131m malzemelerden. Hen\u00fcz i\u015fin ba\u015f\u0131nday\u0131m. Bez, mozaik de kullanmak istedi\u011fim malzemeler aras\u0131nda. Hatta buz da.<\/p>\n<h2>Sizi bu konuda cesaretlendiren insanlar oldu mu? Ya da tam tersi?<\/h2>\n<p>Bu i\u015fi ne kadar \u00e7ok yapmak istedi\u011fini g\u00f6rmek istiyor insanlar ilk ba\u015fta. Bana da, ba\u015fka bir i\u015fle u\u011fra\u015fsayd\u0131n daha \u00e7ok para kazanabilir, daha rahat ayakta kalabilirdin dediler. Ama bu tepkiler \u00e7ok s\u00fcrmedi, sonras\u0131nda ne kadar istedi\u011fimi g\u00f6r\u00fcnce hep desteklediler.<\/p>\n<p><a href=\"http:\/\/www.kariyer.net\/kariyer-rehberi\/wp-content\/uploads\/2015\/10\/mahmutaydin3.jpg\"><img decoding=\"async\" class=\"alignnone size-full wp-image-6079\" src=\"http:\/\/www.kariyer.net\/kariyer-rehberi\/wp-content\/uploads\/2015\/10\/mahmutaydin3.jpg\" alt=\"mahmutaydin3\" width=\"600\" height=\"300\" srcset=\"https:\/\/www.kariyer.net\/kariyer-rehberi\/wp-content\/uploads\/2015\/10\/mahmutaydin3.jpg 600w, https:\/\/www.kariyer.net\/kariyer-rehberi\/wp-content\/uploads\/2015\/10\/mahmutaydin3-300x150.jpg 300w\" sizes=\"(max-width: 600px) 100vw, 600px\" \/><\/a><\/p>\n<h2>\u0130nsan formu d\u0131\u015f\u0131nda ba\u015fka fig\u00fcrler olu\u015fturuyor musunuz?<\/h2>\n<p>\u00c7ok s\u0131k de\u011fil ama son zamanlarda \u00fczerine d\u00fc\u015f\u00fcnd\u00fc\u011f\u00fcm ve kullanmak istedi\u011fim \u015feylerden biri. Ba\u015flang\u0131c\u0131 \u0130taat heykelindeki kargalarla oldu.<\/p>\n<h2>T\u00fcm heykellerin bir ismi var m\u0131?<\/h2>\n<p>Hepsinin olmasa da bir\u00e7o\u011funun var. Bazen bitene kadar hi\u00e7 isim koymuyorum heykellere, onlar isimsiz kal\u0131yor. Bazen ba\u015flang\u0131\u00e7 a\u015famas\u0131nda isim koyuyorum, \u0130taat heykelinde yapt\u0131\u011f\u0131m gibi. Sonradan isim koymaya \u00e7al\u0131\u015ft\u0131\u011f\u0131mda hep havada kal\u0131yor.<\/p>\n<h2>\u00c7al\u0131\u015fmalar\u0131n\u0131z\u0131 genellikle nas\u0131l bir ortamda \u00e7\u0131kar\u0131yorsunuz?<\/h2>\n<p>De\u011fi\u015fkenlik g\u00f6steriyor ama \u00e7o\u011funlukla g\u00fcn \u0131\u015f\u0131\u011f\u0131nda yap\u0131yorum. Heykel o kadar sessiz, ko\u015fullar\u0131 \u00e7ok iyi i\u00e7 mekanlarda yap\u0131lm\u0131yor. A\u00e7\u0131k alanlar, g\u00fcr\u00fclt\u00fcye ve toza m\u00fcsait ortamlar en iyisi. D\u0131\u015f mekan ve i\u00e7 mekan aras\u0131nda farkl\u0131l\u0131klar oluyor. Mesela i\u00e7erideyken \u00e7eki\u00e7 ya da makine kulland\u0131\u011f\u0131mda insanlar rahats\u0131z olabilir diye d\u00fc\u015f\u00fcn\u00fcyorum ve bu heykeli etkiliyor. Di\u011ferinde bunu d\u00fc\u015f\u00fcnmeden sadece heykele odaklanabiliyorum.<\/p>\n<h2>Bir \u00e7al\u0131\u015fma ne kadar zamanda tamamlan\u0131yor?<\/h2>\n<p>Tamamlanma s\u00fcresi \u00e7ok fazla de\u011fi\u015fiyor. Ben genel olarak h\u0131zl\u0131 heykel yap\u0131yorum, bir iki haftada \u00e7\u0131k\u0131yor bir i\u015f. Bir heykel i\u00e7in k\u0131sa s\u00fcreler. Bir bu\u00e7uk, iki ay en uzun \u00e7al\u0131\u015ft\u0131\u011f\u0131m s\u00fcre.<\/p>\n<h2>Bir heykeli \u00f6nceden planlayarak m\u0131 olu\u015fturuyorsunuz, yoksa kendili\u011finden mi ortaya \u00e7\u0131k\u0131yor?<\/h2>\n<p>\u00c7o\u011funlukla \u00f6nceden planlay\u0131p heykel yapmaya ba\u015fl\u0131yorum, baz\u0131 heykellerde planlad\u0131\u011f\u0131m gibi y\u00fcr\u00fcm\u00fcyor i\u015fler. De\u011fi\u015fim ge\u00e7iriyor ve d\u00fc\u015f\u00fcnd\u00fc\u011f\u00fcmden \u00e7ok farkl\u0131 \u015feyler ortaya \u00e7\u0131kabiliyor. Heykelin beni heyecanland\u0131ran taraflar\u0131ndan biri de bu.<\/p>\n<h2>Ele\u015ftiriler ne y\u00f6nde?<\/h2>\n<p>\u00d6zellikle son d\u00f6nemlerde \u00e7ok olumlu, \u00e7ok iyi y\u00f6nde tepkiler al\u0131yorum. Daha \u00f6ncesinde i\u015fin \u00e7ok ba\u015f\u0131ndayken \u00e7ok ilham verici, yap\u0131c\u0131 ele\u015ftiriler alm\u0131yordum. Sonras\u0131nda olay tam tersine d\u00f6nd\u00fc.<\/p>\n<h2>Sizce T\u00fcrkiye\u2019de bu konuya gereken \u00f6nem veriliyor mu?<\/h2>\n<p>\u00dclkemizin <strong>y\u00f6netim \u015fekli<\/strong>, bask\u0131c\u0131 toplum ve din unsurunun a\u011f\u0131rl\u0131kta oldu\u011funu d\u00fc\u015f\u00fcn\u00fcnce bence fena de\u011fil. \u0130yi say\u0131lmaz ama \u00e7ok k\u00f6t\u00fc de de\u011fil. Daha iyi olacak bence. \u015eu an insanlara m\u0131s\u0131r heykeli, horoz heykeli daha \u00e7ekici geliyor.<\/p>\n<!-- templates\/buttons-placeholder.php -->\n<div class=\"da-reactions-outer TpostID6073\">\n\t    <div class=\"da-reactions-data da-reactions-container-async center\"\n         data-type=\"post\"\n         data-id=\"6073\"\n         id=\"da-reactions-slot-post-6073\">\n        <div class=\"da-reactions-static\">\n\t\t\t<img src=\"https:\/\/www.kariyer.net\/kariyer-rehberi\/wp-content\/plugins\/da-reactions\/assets\/dist\/loading.svg\" alt=\"Loading spinner\" width=\"48\" height=\"48\" style=\"width:48px\" \/>\n        <\/div>\n    <\/div>\n<\/div>\n","protected":false},"excerpt":{"rendered":"<p>Heykelt\u0131ra\u015f Mahmut Ayd\u0131n, belirli bir planla ba\u015flad\u0131\u011f\u0131 heykellerin zamanla d\u00f6n\u00fc\u015f\u00fcp bamba\u015fka bir hale b\u00fcr\u00fcnd\u00fc\u011f\u00fcn\u00fc anlat\u0131yor. Ayd\u0131n, heykelin onu heyecanland\u0131ran yan\u0131n\u0131n da bu de\u011fi\u015fim oldu\u011funu belirtiyor. Gen\u00e7 ya\u015f\u0131na ra\u011fmen kendini yetene\u011fi do\u011frultusunda olduk\u00e7a geli\u015ftiren heykelt\u0131ra\u015f Mahmut Ayd\u0131n\u2019\u0131n heykellerine bak\u0131p da etkilenmemek m\u00fcmk\u00fcn de\u011fil. \u00dcstelik bir\u00e7o\u011funu k\u0131sa s\u00fcrelerde tamamlad\u0131\u011f\u0131n\u0131 s\u00f6yleyince bir kez daha bakma ihtiyac\u0131 hissediyorsunuz heykellere. [&hellip;]<\/p>\n<!-- templates\/buttons-placeholder.php -->\n<div class=\"da-reactions-outer TpostID6073\">\n\t    <div class=\"da-reactions-data da-reactions-container-async center\"\n         data-type=\"post\"\n         data-id=\"6073\"\n         id=\"da-reactions-slot-post-6073\">\n        <div class=\"da-reactions-static\">\n\t\t\t<img src=\"https:\/\/www.kariyer.net\/kariyer-rehberi\/wp-content\/plugins\/da-reactions\/assets\/dist\/loading.svg\" alt=\"Loading spinner\" width=\"48\" height=\"48\" style=\"width:48px\" \/>\n        <\/div>\n    <\/div>\n<\/div>\n","protected":false},"author":12,"featured_media":6075,"comment_status":"open","ping_status":"open","sticky":false,"template":"","format":"standard","meta":{"footnotes":"","_elementor_edit_mode":"","_elementor_template_type":"","_elementor_data":"","_elementor_page_settings":null,"_elementor_conditions":[]},"categories":[46,2211],"tags":[],"class_list":{"0":"post-6073","1":"post","2":"type-post","3":"status-publish","4":"format-standard","5":"has-post-thumbnail","7":"category-is-hayati","8":"category-kariyer-gelisimi"},"yoast_head":"<!-- This site is optimized with the Yoast SEO Premium plugin v21.4 (Yoast SEO v27.0) - https:\/\/yoast.com\/product\/yoast-seo-premium-wordpress\/ -->\n<title>Heykelin beklenmedik de\u011fi\u015fimi heyecan veriyor | Kariyer Rehberi<\/title>\n<meta name=\"description\" content=\"Heykelt\u0131ra\u015f Mahmut Ayd\u0131n, belirli bir planla ba\u015flad\u0131\u011f\u0131 heykellerin zamanla d\u00f6n\u00fc\u015f\u00fcp bamba\u015fka bir hale b\u00fcr\u00fcnd\u00fc\u011f\u00fcn\u00fc anlat\u0131yor. Ayd\u0131n, heykelin onu\" \/>\n<meta name=\"robots\" content=\"index, follow, max-snippet:-1, max-image-preview:large, max-video-preview:-1\" \/>\n<link rel=\"canonical\" href=\"https:\/\/www.kariyer.net\/kariyer-rehberi\/heykelin-beklenmedik-degisimi-heyecan-veriyor\/\" \/>\n<meta property=\"og:locale\" content=\"tr_TR\" \/>\n<meta property=\"og:type\" content=\"article\" \/>\n<meta property=\"og:title\" content=\"Heykelin beklenmedik de\u011fi\u015fimi heyecan veriyor\" \/>\n<meta property=\"og:description\" content=\"Heykelt\u0131ra\u015f Mahmut Ayd\u0131n, belirli bir planla ba\u015flad\u0131\u011f\u0131 heykellerin zamanla d\u00f6n\u00fc\u015f\u00fcp bamba\u015fka bir hale b\u00fcr\u00fcnd\u00fc\u011f\u00fcn\u00fc anlat\u0131yor. Ayd\u0131n, heykelin onu\" \/>\n<meta property=\"og:url\" content=\"https:\/\/www.kariyer.net\/kariyer-rehberi\/heykelin-beklenmedik-degisimi-heyecan-veriyor\/\" \/>\n<meta property=\"og:site_name\" content=\"Kariyer Rehberi\" \/>\n<meta property=\"article:published_time\" content=\"2015-10-07T13:14:57+00:00\" \/>\n<meta property=\"article:modified_time\" content=\"2024-07-03T12:04:45+00:00\" \/>\n<meta property=\"og:image\" content=\"https:\/\/www.kariyer.net\/kariyer-rehberi\/wp-content\/uploads\/2015\/10\/mahmutaydin.jpg\" \/>\n\t<meta property=\"og:image:width\" content=\"600\" \/>\n\t<meta property=\"og:image:height\" content=\"300\" \/>\n\t<meta property=\"og:image:type\" content=\"image\/jpeg\" \/>\n<meta name=\"author\" content=\"Edit\u00f6r\" \/>\n<meta name=\"twitter:card\" content=\"summary_large_image\" \/>\n<meta name=\"twitter:label1\" content=\"Yazan:\" \/>\n\t<meta name=\"twitter:data1\" content=\"Edit\u00f6r\" \/>\n\t<meta name=\"twitter:label2\" content=\"Tahmini okuma s\u00fcresi\" \/>\n\t<meta name=\"twitter:data2\" content=\"7 dakika\" \/>\n<!-- \/ Yoast SEO Premium plugin. -->","yoast_head_json":{"title":"Heykelin beklenmedik de\u011fi\u015fimi heyecan veriyor | Kariyer Rehberi","description":"Heykelt\u0131ra\u015f Mahmut Ayd\u0131n, belirli bir planla ba\u015flad\u0131\u011f\u0131 heykellerin zamanla d\u00f6n\u00fc\u015f\u00fcp bamba\u015fka bir hale b\u00fcr\u00fcnd\u00fc\u011f\u00fcn\u00fc anlat\u0131yor. Ayd\u0131n, heykelin onu","robots":{"index":"index","follow":"follow","max-snippet":"max-snippet:-1","max-image-preview":"max-image-preview:large","max-video-preview":"max-video-preview:-1"},"canonical":"https:\/\/www.kariyer.net\/kariyer-rehberi\/heykelin-beklenmedik-degisimi-heyecan-veriyor\/","og_locale":"tr_TR","og_type":"article","og_title":"Heykelin beklenmedik de\u011fi\u015fimi heyecan veriyor","og_description":"Heykelt\u0131ra\u015f Mahmut Ayd\u0131n, belirli bir planla ba\u015flad\u0131\u011f\u0131 heykellerin zamanla d\u00f6n\u00fc\u015f\u00fcp bamba\u015fka bir hale b\u00fcr\u00fcnd\u00fc\u011f\u00fcn\u00fc anlat\u0131yor. Ayd\u0131n, heykelin onu","og_url":"https:\/\/www.kariyer.net\/kariyer-rehberi\/heykelin-beklenmedik-degisimi-heyecan-veriyor\/","og_site_name":"Kariyer Rehberi","article_published_time":"2015-10-07T13:14:57+00:00","article_modified_time":"2024-07-03T12:04:45+00:00","og_image":[{"width":600,"height":300,"url":"https:\/\/www.kariyer.net\/kariyer-rehberi\/wp-content\/uploads\/2015\/10\/mahmutaydin.jpg","type":"image\/jpeg"}],"author":"Edit\u00f6r","twitter_card":"summary_large_image","twitter_misc":{"Yazan:":"Edit\u00f6r","Tahmini okuma s\u00fcresi":"7 dakika"},"schema":{"@context":"https:\/\/schema.org","@graph":[{"@type":"Article","@id":"https:\/\/www.kariyer.net\/kariyer-rehberi\/heykelin-beklenmedik-degisimi-heyecan-veriyor\/#article","isPartOf":{"@id":"https:\/\/www.kariyer.net\/kariyer-rehberi\/heykelin-beklenmedik-degisimi-heyecan-veriyor\/"},"author":{"name":"Edit\u00f6r","@id":"https:\/\/www.kariyer.net\/kariyer-rehberi\/#\/schema\/person\/94fd6e49c7ff1b1b2565a2cc4fd685dd"},"headline":"Heykelin beklenmedik de\u011fi\u015fimi heyecan veriyor","datePublished":"2015-10-07T13:14:57+00:00","dateModified":"2024-07-03T12:04:45+00:00","mainEntityOfPage":{"@id":"https:\/\/www.kariyer.net\/kariyer-rehberi\/heykelin-beklenmedik-degisimi-heyecan-veriyor\/"},"wordCount":1357,"commentCount":0,"publisher":{"@id":"https:\/\/www.kariyer.net\/kariyer-rehberi\/#organization"},"image":{"@id":"https:\/\/www.kariyer.net\/kariyer-rehberi\/heykelin-beklenmedik-degisimi-heyecan-veriyor\/#primaryimage"},"thumbnailUrl":"https:\/\/www.kariyer.net\/kariyer-rehberi\/wp-content\/uploads\/2015\/10\/mahmutaydin.jpg","articleSection":["\u0130\u015f Hayat\u0131","Kariyer Geli\u015fimi"],"inLanguage":"tr","potentialAction":[{"@type":"CommentAction","name":"Comment","target":["https:\/\/www.kariyer.net\/kariyer-rehberi\/heykelin-beklenmedik-degisimi-heyecan-veriyor\/#respond"]}]},{"@type":"WebPage","@id":"https:\/\/www.kariyer.net\/kariyer-rehberi\/heykelin-beklenmedik-degisimi-heyecan-veriyor\/","url":"https:\/\/www.kariyer.net\/kariyer-rehberi\/heykelin-beklenmedik-degisimi-heyecan-veriyor\/","name":"Heykelin beklenmedik de\u011fi\u015fimi heyecan veriyor | Kariyer Rehberi","isPartOf":{"@id":"https:\/\/www.kariyer.net\/kariyer-rehberi\/#website"},"primaryImageOfPage":{"@id":"https:\/\/www.kariyer.net\/kariyer-rehberi\/heykelin-beklenmedik-degisimi-heyecan-veriyor\/#primaryimage"},"image":{"@id":"https:\/\/www.kariyer.net\/kariyer-rehberi\/heykelin-beklenmedik-degisimi-heyecan-veriyor\/#primaryimage"},"thumbnailUrl":"https:\/\/www.kariyer.net\/kariyer-rehberi\/wp-content\/uploads\/2015\/10\/mahmutaydin.jpg","datePublished":"2015-10-07T13:14:57+00:00","dateModified":"2024-07-03T12:04:45+00:00","description":"Heykelt\u0131ra\u015f Mahmut Ayd\u0131n, belirli bir planla ba\u015flad\u0131\u011f\u0131 heykellerin zamanla d\u00f6n\u00fc\u015f\u00fcp bamba\u015fka bir hale b\u00fcr\u00fcnd\u00fc\u011f\u00fcn\u00fc anlat\u0131yor. Ayd\u0131n, heykelin onu","breadcrumb":{"@id":"https:\/\/www.kariyer.net\/kariyer-rehberi\/heykelin-beklenmedik-degisimi-heyecan-veriyor\/#breadcrumb"},"inLanguage":"tr","potentialAction":[{"@type":"ReadAction","target":["https:\/\/www.kariyer.net\/kariyer-rehberi\/heykelin-beklenmedik-degisimi-heyecan-veriyor\/"]}]},{"@type":"ImageObject","inLanguage":"tr","@id":"https:\/\/www.kariyer.net\/kariyer-rehberi\/heykelin-beklenmedik-degisimi-heyecan-veriyor\/#primaryimage","url":"https:\/\/www.kariyer.net\/kariyer-rehberi\/wp-content\/uploads\/2015\/10\/mahmutaydin.jpg","contentUrl":"https:\/\/www.kariyer.net\/kariyer-rehberi\/wp-content\/uploads\/2015\/10\/mahmutaydin.jpg","width":600,"height":300},{"@type":"BreadcrumbList","@id":"https:\/\/www.kariyer.net\/kariyer-rehberi\/heykelin-beklenmedik-degisimi-heyecan-veriyor\/#breadcrumb","itemListElement":[{"@type":"ListItem","position":1,"name":"Anasayfa","item":"https:\/\/www.kariyer.net\/kariyer-rehberi\/"},{"@type":"ListItem","position":2,"name":"Heykelin beklenmedik de\u011fi\u015fimi heyecan veriyor"}]},{"@type":"WebSite","@id":"https:\/\/www.kariyer.net\/kariyer-rehberi\/#website","url":"https:\/\/www.kariyer.net\/kariyer-rehberi\/","name":"Kariyer Rehberi","description":"\u0130\u015f D\u00fcnyas\u0131yla \u0130lgili Bilmek \u0130stedi\u011finiz Her \u015eey","publisher":{"@id":"https:\/\/www.kariyer.net\/kariyer-rehberi\/#organization"},"potentialAction":[{"@type":"SearchAction","target":{"@type":"EntryPoint","urlTemplate":"https:\/\/www.kariyer.net\/kariyer-rehberi\/?s={search_term_string}"},"query-input":{"@type":"PropertyValueSpecification","valueRequired":true,"valueName":"search_term_string"}}],"inLanguage":"tr"},{"@type":"Organization","@id":"https:\/\/www.kariyer.net\/kariyer-rehberi\/#organization","name":"Kariyer.net","url":"https:\/\/www.kariyer.net\/kariyer-rehberi\/","logo":{"@type":"ImageObject","inLanguage":"tr","@id":"https:\/\/www.kariyer.net\/kariyer-rehberi\/#\/schema\/logo\/image\/","url":"https:\/\/www.kariyer.net\/kariyer-rehberi-new\/wp-content\/uploads\/2023\/01\/og-image11.jpg","contentUrl":"https:\/\/www.kariyer.net\/kariyer-rehberi-new\/wp-content\/uploads\/2023\/01\/og-image11.jpg","width":800,"height":800,"caption":"Kariyer.net"},"image":{"@id":"https:\/\/www.kariyer.net\/kariyer-rehberi\/#\/schema\/logo\/image\/"}},{"@type":"Person","@id":"https:\/\/www.kariyer.net\/kariyer-rehberi\/#\/schema\/person\/94fd6e49c7ff1b1b2565a2cc4fd685dd","name":"Edit\u00f6r","image":{"@type":"ImageObject","inLanguage":"tr","@id":"https:\/\/www.kariyer.net\/kariyer-rehberi\/#\/schema\/person\/image\/","url":"https:\/\/secure.gravatar.com\/avatar\/0c4fe6688343aed3693b15573beae12c08ace5565409d5ab7509bf9c115f458d?s=96&d=mm&r=g","contentUrl":"https:\/\/secure.gravatar.com\/avatar\/0c4fe6688343aed3693b15573beae12c08ace5565409d5ab7509bf9c115f458d?s=96&d=mm&r=g","caption":"Edit\u00f6r"},"url":"https:\/\/www.kariyer.net\/kariyer-rehberi\/author\/editor\/"}]}},"_links":{"self":[{"href":"https:\/\/www.kariyer.net\/kariyer-rehberi\/wp-json\/wp\/v2\/posts\/6073","targetHints":{"allow":["GET"]}}],"collection":[{"href":"https:\/\/www.kariyer.net\/kariyer-rehberi\/wp-json\/wp\/v2\/posts"}],"about":[{"href":"https:\/\/www.kariyer.net\/kariyer-rehberi\/wp-json\/wp\/v2\/types\/post"}],"author":[{"embeddable":true,"href":"https:\/\/www.kariyer.net\/kariyer-rehberi\/wp-json\/wp\/v2\/users\/12"}],"replies":[{"embeddable":true,"href":"https:\/\/www.kariyer.net\/kariyer-rehberi\/wp-json\/wp\/v2\/comments?post=6073"}],"version-history":[{"count":1,"href":"https:\/\/www.kariyer.net\/kariyer-rehberi\/wp-json\/wp\/v2\/posts\/6073\/revisions"}],"predecessor-version":[{"id":19004,"href":"https:\/\/www.kariyer.net\/kariyer-rehberi\/wp-json\/wp\/v2\/posts\/6073\/revisions\/19004"}],"wp:featuredmedia":[{"embeddable":true,"href":"https:\/\/www.kariyer.net\/kariyer-rehberi\/wp-json\/wp\/v2\/media\/6075"}],"wp:attachment":[{"href":"https:\/\/www.kariyer.net\/kariyer-rehberi\/wp-json\/wp\/v2\/media?parent=6073"}],"wp:term":[{"taxonomy":"category","embeddable":true,"href":"https:\/\/www.kariyer.net\/kariyer-rehberi\/wp-json\/wp\/v2\/categories?post=6073"},{"taxonomy":"post_tag","embeddable":true,"href":"https:\/\/www.kariyer.net\/kariyer-rehberi\/wp-json\/wp\/v2\/tags?post=6073"}],"curies":[{"name":"wp","href":"https:\/\/api.w.org\/{rel}","templated":true}]}}