{"id":6263,"date":"2015-12-03T15:29:04","date_gmt":"2015-12-03T13:29:04","guid":{"rendered":"http:\/\/www.kariyer.net\/kariyer-rehberi\/?p=6263"},"modified":"2024-07-03T17:29:50","modified_gmt":"2024-07-03T14:29:50","slug":"bana-biraz-kendinizden-bahseder-misiniz","status":"publish","type":"post","link":"https:\/\/www.kariyer.net\/kariyer-rehberi\/bana-biraz-kendinizden-bahseder-misiniz\/","title":{"rendered":"Bana biraz kendinizden bahseder misiniz?"},"content":{"rendered":"<p><strong>\u0130\u015f g\u00f6r\u00fc\u015fmelerinin en klasik sorusudur \u201cKendinizi tan\u0131t\u0131r m\u0131s\u0131n\u0131z?\u201d ve bir\u00e7o\u011fumuz bu soruyla daha \u00f6nce kar\u015f\u0131la\u015fm\u0131\u015f\u0131zd\u0131r. \u00c7ok basit gibi g\u00f6r\u00fcnse de sizi hi\u00e7 tan\u0131mayan birine kendinizi anlatmak \u00e7ok zor ve bir o kadar da dikkat edilmesi gereken bir s\u00fcre\u00e7. Tek bir cevapta b\u00fct\u00fcn profesyonel hayat\u0131n\u0131z\u0131 g\u00f6zler \u00f6n\u00fcne serip, o pozisyonun deneyimlerinize ve ki\u015fili\u011finize uygun oldu\u011funu nas\u0131l anlatabilirsiniz? Hem de birka\u00e7 dakikada!<\/strong><\/p>\n<p><img fetchpriority=\"high\" decoding=\"async\" class=\"size-full wp-image-6268 aligncenter\" src=\"http:\/\/www.kariyer.net\/kariyer-rehberi\/wp-content\/uploads\/2015\/12\/bana-biraz-kendinizden.jpg\" alt=\"bana-biraz-kendinizden\" width=\"600\" height=\"300\" srcset=\"https:\/\/www.kariyer.net\/kariyer-rehberi\/wp-content\/uploads\/2015\/12\/bana-biraz-kendinizden.jpg 600w, https:\/\/www.kariyer.net\/kariyer-rehberi\/wp-content\/uploads\/2015\/12\/bana-biraz-kendinizden-300x150.jpg 300w\" sizes=\"(max-width: 600px) 100vw, 600px\" \/><\/p>\n<p>\u00c7o\u011fu zaman rutin bir soru olarak soruldu\u011funu d\u00fc\u015f\u00fcnd\u00fc\u011f\u00fcm\u00fcz bu soru asl\u0131nda m\u00fclakat\u0131n gidi\u015fat\u0131na \u00e7ok \u00f6nemli bir y\u00f6n veriyor. A\u00e7\u0131k u\u00e7lu bir soru oldu\u011fu i\u00e7in adaylar\u0131n kendilerini ifade etme \u015fekilleri m\u00fclakat\u0131 yapan ki\u015finin aday\u0131 analiz etmesini kolayla\u015ft\u0131r\u0131yor. O nedenle kendinizi tan\u0131tma sorusu s\u00fcrecin olumlu ilerleyebilmesi\u00a0i\u00e7in \u00f6nemli bir f\u0131rsat.<\/p>\n<p>Bu nedenle bu ilk ad\u0131m\u0131 kolayla\u015ft\u0131racak birka\u00e7 p\u00fcf noktas\u0131n\u0131 bir araya getirdik;<\/p>\n<h2><strong>Ara\u015ft\u0131rman\u0131z\u0131 yap\u0131n<\/strong><\/h2>\n<p><img decoding=\"async\" class=\"aligncenter size-full wp-image-6267\" src=\"http:\/\/www.kariyer.net\/kariyer-rehberi\/wp-content\/uploads\/2015\/12\/arastirma-yapin.jpg\" alt=\"arastirma-yapin\" width=\"600\" height=\"300\" srcset=\"https:\/\/www.kariyer.net\/kariyer-rehberi\/wp-content\/uploads\/2015\/12\/arastirma-yapin.jpg 600w, https:\/\/www.kariyer.net\/kariyer-rehberi\/wp-content\/uploads\/2015\/12\/arastirma-yapin-300x150.jpg 300w\" sizes=\"(max-width: 600px) 100vw, 600px\" \/>\u0130\u015fe al\u0131m karar\u0131n\u0131 belirleyen kriter teknik yetenekler, ikincisi ise ki\u015finin k\u00fclt\u00fcrel yap\u0131s\u0131d\u0131r. Yani sahip oldu\u011funuz ki\u015filik ve de\u011ferlerin \u00e7al\u0131\u015fmaya ba\u015flayaca\u011f\u0131n\u0131z \u015firketle uyum i\u00e7inde olmas\u0131 \u00e7ok \u00f6nemli. Bu nedenle bu kriterleri m\u00fclakata girmeden \u00f6nce belirlemenizde fayda var.<\/p>\n<p><a href=\"http:\/\/www.kariyer.net\/kariyer-rehberi\/mulakatta-bu-10-cumleyi-sakin-soylemeyin\/\" target=\"_blank\" rel=\"noopener\">M\u00fclakat<\/a> \u00f6ncesinde biraz zaman ay\u0131rarak ba\u015fvurdu\u011funuz pozisyonla ilgili bilgi edinmeye \u00e7al\u0131\u015f\u0131n. Ayr\u0131ca \u015firketin internet sitesindeki &#8220;Hakk\u0131m\u0131zda&#8221; b\u00f6l\u00fcm\u00fcn\u00fc mutlaka inceleyin. B\u00f6ylece size ge\u00e7mi\u015f i\u015f tecr\u00fcbeleriniz soruldu\u011funda \u015firketin alan\u0131yla ilgili ortak \u00f6zellikler ta\u015f\u0131yan deneyimlerinizi \u00f6ne \u00e7\u0131karabilirsiniz.<\/p>\n<h2><strong>Vermek istedi\u011finiz \u00fc\u00e7 mesaj\u0131 belirleyin<\/strong><\/h2>\n<p><img decoding=\"async\" class=\"aligncenter size-full wp-image-6265\" src=\"http:\/\/www.kariyer.net\/kariyer-rehberi\/wp-content\/uploads\/2015\/12\/3-fikir.jpg\" alt=\"3-fikir\" width=\"600\" height=\"300\" srcset=\"https:\/\/www.kariyer.net\/kariyer-rehberi\/wp-content\/uploads\/2015\/12\/3-fikir.jpg 600w, https:\/\/www.kariyer.net\/kariyer-rehberi\/wp-content\/uploads\/2015\/12\/3-fikir-300x150.jpg 300w\" sizes=\"(max-width: 600px) 100vw, 600px\" \/>M\u00fclakat\u0131 yapan ki\u015finin g\u00f6r\u00fc\u015fme s\u0131ras\u0131nda sizi anlat\u0131rken nas\u0131l not almas\u0131n\u0131 istiyorsunuz? G\u00f6r\u00fc\u015fmeye yaratmak istedi\u011finiz \u00fc\u00e7 etkiyi belirleyerek giderseniz i\u015finiz olduk\u00e7a kolayla\u015f\u0131r. Se\u00e7ti\u011finiz \u00fc\u00e7 mesajdan ikisi birinci a\u015famada yapt\u0131\u011f\u0131n\u0131z ara\u015ft\u0131rmayla paralel olmal\u0131 ki bu i\u015f i\u00e7in ne kadar uygun oldu\u011funuzu daha rahat g\u00f6sterin.<\/p>\n<p>Ancak cevaplar\u0131n\u0131zda \u015firketin arad\u0131\u011f\u0131 \u00e7al\u0131\u015fan profiline adapte olmay\u0131 abartmamal\u0131s\u0131n\u0131z. Elinizdeki yetkinlikleri do\u011fru anlatmak m\u00fclakat\u0131 yapan ki\u015finin be\u011fenebilece\u011fi cevaplar vermeye \u00e7al\u0131\u015fmaktan daha \u00f6nemlidir.<\/p>\n<h2><strong>Kendi hikayenizi yarat\u0131n<\/strong><\/h2>\n<p><a href=\"http:\/\/www.kariyer.net\/kariyer-rehberi\/wp-content\/uploads\/2015\/12\/hikayenizi-yaratin.jpg\"><img loading=\"lazy\" decoding=\"async\" class=\"aligncenter size-full wp-image-6269\" src=\"http:\/\/www.kariyer.net\/kariyer-rehberi\/wp-content\/uploads\/2015\/12\/hikayenizi-yaratin.jpg\" alt=\"hikayenizi-yaratin\" width=\"600\" height=\"300\" srcset=\"https:\/\/www.kariyer.net\/kariyer-rehberi\/wp-content\/uploads\/2015\/12\/hikayenizi-yaratin.jpg 600w, https:\/\/www.kariyer.net\/kariyer-rehberi\/wp-content\/uploads\/2015\/12\/hikayenizi-yaratin-300x150.jpg 300w\" sizes=\"(max-width: 600px) 100vw, 600px\" \/><\/a>Kar\u015f\u0131n\u0131zdaki ki\u015fide yaratmak istedi\u011finiz \u00fc\u00e7 etkiyi belirledi\u011finize g\u00f6re s\u00f6ylediklerinizin alt\u0131n\u0131 dolduracak hikayeyi haz\u0131rlamal\u0131s\u0131n\u0131z. Yanl\u0131\u015f anlamay\u0131n hikaye uydurmaktan bahsetmiyoruz! Vermek istedi\u011finiz her mesaj\u0131n ana hatlar\u0131n\u0131 belirleyerek daha \u00f6nce ya\u015fad\u0131\u011f\u0131n\u0131z bir deneyiminizi bu hatlarda kan\u0131t olu\u015fturacak \u015fekilde kullan\u0131n. \u00d6rne\u011fin, \u00f6ne \u00e7\u0131karmak istedi\u011finiz etki teknolojiye olan tutkunuz ise bu alanda yapt\u0131\u011f\u0131n\u0131z i\u015flerden ya da okulda hocalar\u0131n\u0131z\u0131n \u00e7ok ho\u015funa giden bir projenizden bahsedebilirsiniz. Size \u00f6nerimiz \u00fc\u00e7 hikayeyi de haz\u0131rlad\u0131ktan sonra bunlar\u0131 kronolojik s\u0131ralar\u0131yla anlatman\u0131z. B\u00f6ylece i\u015fe al\u0131m uzman\u0131 anlatt\u0131klar\u0131n\u0131z\u0131 daha rahat \u00f6z\u00fcmseyebilir.<\/p>\n<h2><strong>Pratik \u015fart<\/strong><\/h2>\n<p><img loading=\"lazy\" decoding=\"async\" class=\"aligncenter size-full wp-image-6266\" src=\"http:\/\/www.kariyer.net\/kariyer-rehberi\/wp-content\/uploads\/2015\/12\/pratik.jpg\" alt=\"pratik\" width=\"600\" height=\"300\" srcset=\"https:\/\/www.kariyer.net\/kariyer-rehberi\/wp-content\/uploads\/2015\/12\/pratik.jpg 600w, https:\/\/www.kariyer.net\/kariyer-rehberi\/wp-content\/uploads\/2015\/12\/pratik-300x150.jpg 300w\" sizes=\"(max-width: 600px) 100vw, 600px\" \/>Anlatt\u0131\u011f\u0131n\u0131z \u015feylerin bozuk plak gibi duyulmamas\u0131 \u00e7ok \u00f6nemli. Yani konu\u015furken kendinizden emin olmal\u0131 ve ak\u0131c\u0131 c\u00fcmleler kurmal\u0131s\u0131n\u0131z. Bunun i\u00e7in de pratik \u015fart. Verece\u011finiz cevaplar\u0131 en az\u0131ndan bir kere sesli \u00e7al\u0131\u015f\u0131rsan\u0131z \u00e7ok daha rahat olabilirsiniz. Bu anlamda, kendinizden emin g\u00f6r\u00fcnmenizin tek yolu pratik yapmak. Ayr\u0131ca deneme yaparken g\u00f6z\u00fcn\u00fcz bir yandan da saatte olsun. Ne de olsa t\u00fcm bunlar\u0131 \u00fc\u00e7\u00a0dakikay\u0131 ge\u00e7meyecek \u015fekilde anlatman\u0131z gerekecek.<\/p>\n<p>B\u00f6yle bir stratejiyle kendinizi tan\u0131t\u0131rken <a href=\"http:\/\/www.kariyer.net\/website\/kariyerim\/login.aspx\" target=\"_blank\" rel=\"noopener\">CV<\/a>\u2019nizi anlatmaktan daha fazlas\u0131n\u0131 yapabilirsiniz. \u0130\u015fe al\u0131m uzman\u0131 zaten g\u00f6r\u00fc\u015fmeye gelirken \u00f6zge\u00e7mi\u015finize g\u00f6z gezdirmi\u015f olacak. <a href=\"http:\/\/www.kariyer.net\/kariyer-rehberi\/ozgecmislerde-en-cok-yapilan-5-hata\/\" target=\"_blank\" rel=\"noopener\">\u00d6zge\u00e7mi\u015f<\/a>inizin bo\u015f kalan yerlerini doldurman\u0131z i\u00e7in harika bir f\u0131rsat!<\/p>\n<!-- templates\/buttons-placeholder.php -->\n<div class=\"da-reactions-outer TpostID6263\">\n\t    <div class=\"da-reactions-data da-reactions-container-async center\"\n         data-type=\"post\"\n         data-id=\"6263\"\n         id=\"da-reactions-slot-post-6263\">\n        <div class=\"da-reactions-static\">\n\t\t\t<img src=\"https:\/\/www.kariyer.net\/kariyer-rehberi\/wp-content\/plugins\/da-reactions\/assets\/dist\/loading.svg\" alt=\"Loading spinner\" width=\"48\" height=\"48\" style=\"width:48px\" \/>\n        <\/div>\n    <\/div>\n<\/div>\n","protected":false},"excerpt":{"rendered":"<p>\u0130\u015f g\u00f6r\u00fc\u015fmelerinin en klasik sorusudur \u201cKendinizi tan\u0131t\u0131r m\u0131s\u0131n\u0131z?\u201d ve bir\u00e7o\u011fumuz bu soruyla daha \u00f6nce kar\u015f\u0131la\u015fm\u0131\u015f\u0131zd\u0131r. \u00c7ok basit gibi g\u00f6r\u00fcnse de sizi hi\u00e7 tan\u0131mayan birine kendinizi anlatmak \u00e7ok zor ve bir o kadar da dikkat edilmesi gereken bir s\u00fcre\u00e7. Tek bir cevapta b\u00fct\u00fcn profesyonel hayat\u0131n\u0131z\u0131 g\u00f6zler \u00f6n\u00fcne serip, o pozisyonun deneyimlerinize ve ki\u015fili\u011finize uygun oldu\u011funu nas\u0131l [&hellip;]<\/p>\n<!-- templates\/buttons-placeholder.php -->\n<div class=\"da-reactions-outer TpostID6263\">\n\t    <div class=\"da-reactions-data da-reactions-container-async center\"\n         data-type=\"post\"\n         data-id=\"6263\"\n         id=\"da-reactions-slot-post-6263\">\n        <div class=\"da-reactions-static\">\n\t\t\t<img src=\"https:\/\/www.kariyer.net\/kariyer-rehberi\/wp-content\/plugins\/da-reactions\/assets\/dist\/loading.svg\" alt=\"Loading spinner\" width=\"48\" height=\"48\" style=\"width:48px\" \/>\n        <\/div>\n    <\/div>\n<\/div>\n","protected":false},"author":16,"featured_media":6268,"comment_status":"open","ping_status":"open","sticky":false,"template":"","format":"standard","meta":{"footnotes":"","_elementor_edit_mode":"","_elementor_template_type":"","_elementor_data":"","_elementor_page_settings":null,"_elementor_conditions":[]},"categories":[2211,45],"tags":[],"class_list":{"0":"post-6263","1":"post","2":"type-post","3":"status-publish","4":"format-standard","5":"has-post-thumbnail","7":"category-kariyer-gelisimi","8":"category-mulakat-taktikleri"},"yoast_head":"<!-- This site is optimized with the Yoast SEO Premium plugin v21.4 (Yoast SEO v27.0) - https:\/\/yoast.com\/product\/yoast-seo-premium-wordpress\/ -->\n<title>Bana biraz kendinizden bahseder misiniz? | Kariyer Rehberi<\/title>\n<meta name=\"description\" content=\"\u0130\u015f g\u00f6r\u00fc\u015fmelerinin en klasik sorusudur \u201cKendinizi tan\u0131t\u0131r m\u0131s\u0131n\u0131z?\u201d ve bir\u00e7o\u011fumuz bu soruyla daha \u00f6nce kar\u015f\u0131la\u015fm\u0131\u015f\u0131zd\u0131r. \u00c7ok basit gibi g\u00f6r\u00fcnse de sizi hi\u00e7\" \/>\n<meta name=\"robots\" content=\"index, follow, max-snippet:-1, max-image-preview:large, max-video-preview:-1\" \/>\n<link rel=\"canonical\" href=\"https:\/\/www.kariyer.net\/kariyer-rehberi\/bana-biraz-kendinizden-bahseder-misiniz\/\" \/>\n<meta property=\"og:locale\" content=\"tr_TR\" \/>\n<meta property=\"og:type\" content=\"article\" \/>\n<meta property=\"og:title\" content=\"Bana biraz kendinizden bahseder misiniz?\" \/>\n<meta property=\"og:description\" content=\"\u0130\u015f g\u00f6r\u00fc\u015fmelerinin en klasik sorusudur \u201cKendinizi tan\u0131t\u0131r m\u0131s\u0131n\u0131z?\u201d ve bir\u00e7o\u011fumuz bu soruyla daha \u00f6nce kar\u015f\u0131la\u015fm\u0131\u015f\u0131zd\u0131r. \u00c7ok basit gibi g\u00f6r\u00fcnse de sizi hi\u00e7\" \/>\n<meta property=\"og:url\" content=\"https:\/\/www.kariyer.net\/kariyer-rehberi\/bana-biraz-kendinizden-bahseder-misiniz\/\" \/>\n<meta property=\"og:site_name\" content=\"Kariyer Rehberi\" \/>\n<meta property=\"article:published_time\" content=\"2015-12-03T13:29:04+00:00\" \/>\n<meta property=\"article:modified_time\" content=\"2024-07-03T14:29:50+00:00\" \/>\n<meta property=\"og:image\" content=\"https:\/\/www.kariyer.net\/kariyer-rehberi\/wp-content\/uploads\/2015\/12\/bana-biraz-kendinizden.jpg\" \/>\n\t<meta property=\"og:image:width\" content=\"600\" \/>\n\t<meta property=\"og:image:height\" content=\"300\" \/>\n\t<meta property=\"og:image:type\" content=\"image\/jpeg\" \/>\n<meta name=\"author\" content=\"M\u00fcge Naz Altay\" \/>\n<meta name=\"twitter:card\" content=\"summary_large_image\" \/>\n<meta name=\"twitter:label1\" content=\"Yazan:\" \/>\n\t<meta name=\"twitter:data1\" content=\"M\u00fcge Naz Altay\" \/>\n\t<meta name=\"twitter:label2\" content=\"Tahmini okuma s\u00fcresi\" \/>\n\t<meta name=\"twitter:data2\" content=\"3 dakika\" \/>\n<!-- \/ Yoast SEO Premium plugin. -->","yoast_head_json":{"title":"Bana biraz kendinizden bahseder misiniz? | Kariyer Rehberi","description":"\u0130\u015f g\u00f6r\u00fc\u015fmelerinin en klasik sorusudur \u201cKendinizi tan\u0131t\u0131r m\u0131s\u0131n\u0131z?\u201d ve bir\u00e7o\u011fumuz bu soruyla daha \u00f6nce kar\u015f\u0131la\u015fm\u0131\u015f\u0131zd\u0131r. \u00c7ok basit gibi g\u00f6r\u00fcnse de sizi hi\u00e7","robots":{"index":"index","follow":"follow","max-snippet":"max-snippet:-1","max-image-preview":"max-image-preview:large","max-video-preview":"max-video-preview:-1"},"canonical":"https:\/\/www.kariyer.net\/kariyer-rehberi\/bana-biraz-kendinizden-bahseder-misiniz\/","og_locale":"tr_TR","og_type":"article","og_title":"Bana biraz kendinizden bahseder misiniz?","og_description":"\u0130\u015f g\u00f6r\u00fc\u015fmelerinin en klasik sorusudur \u201cKendinizi tan\u0131t\u0131r m\u0131s\u0131n\u0131z?\u201d ve bir\u00e7o\u011fumuz bu soruyla daha \u00f6nce kar\u015f\u0131la\u015fm\u0131\u015f\u0131zd\u0131r. \u00c7ok basit gibi g\u00f6r\u00fcnse de sizi hi\u00e7","og_url":"https:\/\/www.kariyer.net\/kariyer-rehberi\/bana-biraz-kendinizden-bahseder-misiniz\/","og_site_name":"Kariyer Rehberi","article_published_time":"2015-12-03T13:29:04+00:00","article_modified_time":"2024-07-03T14:29:50+00:00","og_image":[{"width":600,"height":300,"url":"https:\/\/www.kariyer.net\/kariyer-rehberi\/wp-content\/uploads\/2015\/12\/bana-biraz-kendinizden.jpg","type":"image\/jpeg"}],"author":"M\u00fcge Naz Altay","twitter_card":"summary_large_image","twitter_misc":{"Yazan:":"M\u00fcge Naz Altay","Tahmini okuma s\u00fcresi":"3 dakika"},"schema":{"@context":"https:\/\/schema.org","@graph":[{"@type":"Article","@id":"https:\/\/www.kariyer.net\/kariyer-rehberi\/bana-biraz-kendinizden-bahseder-misiniz\/#article","isPartOf":{"@id":"https:\/\/www.kariyer.net\/kariyer-rehberi\/bana-biraz-kendinizden-bahseder-misiniz\/"},"author":{"name":"M\u00fcge Naz Altay","@id":"https:\/\/www.kariyer.net\/kariyer-rehberi\/#\/schema\/person\/b572ae4516d467272d24d207d71f09b6"},"headline":"Bana biraz kendinizden bahseder misiniz?","datePublished":"2015-12-03T13:29:04+00:00","dateModified":"2024-07-03T14:29:50+00:00","mainEntityOfPage":{"@id":"https:\/\/www.kariyer.net\/kariyer-rehberi\/bana-biraz-kendinizden-bahseder-misiniz\/"},"wordCount":649,"commentCount":0,"publisher":{"@id":"https:\/\/www.kariyer.net\/kariyer-rehberi\/#organization"},"image":{"@id":"https:\/\/www.kariyer.net\/kariyer-rehberi\/bana-biraz-kendinizden-bahseder-misiniz\/#primaryimage"},"thumbnailUrl":"https:\/\/www.kariyer.net\/kariyer-rehberi\/wp-content\/uploads\/2015\/12\/bana-biraz-kendinizden.jpg","articleSection":["Kariyer Geli\u015fimi","M\u00fclakat Taktikleri"],"inLanguage":"tr","potentialAction":[{"@type":"CommentAction","name":"Comment","target":["https:\/\/www.kariyer.net\/kariyer-rehberi\/bana-biraz-kendinizden-bahseder-misiniz\/#respond"]}]},{"@type":"WebPage","@id":"https:\/\/www.kariyer.net\/kariyer-rehberi\/bana-biraz-kendinizden-bahseder-misiniz\/","url":"https:\/\/www.kariyer.net\/kariyer-rehberi\/bana-biraz-kendinizden-bahseder-misiniz\/","name":"Bana biraz kendinizden bahseder misiniz? | Kariyer Rehberi","isPartOf":{"@id":"https:\/\/www.kariyer.net\/kariyer-rehberi\/#website"},"primaryImageOfPage":{"@id":"https:\/\/www.kariyer.net\/kariyer-rehberi\/bana-biraz-kendinizden-bahseder-misiniz\/#primaryimage"},"image":{"@id":"https:\/\/www.kariyer.net\/kariyer-rehberi\/bana-biraz-kendinizden-bahseder-misiniz\/#primaryimage"},"thumbnailUrl":"https:\/\/www.kariyer.net\/kariyer-rehberi\/wp-content\/uploads\/2015\/12\/bana-biraz-kendinizden.jpg","datePublished":"2015-12-03T13:29:04+00:00","dateModified":"2024-07-03T14:29:50+00:00","description":"\u0130\u015f g\u00f6r\u00fc\u015fmelerinin en klasik sorusudur \u201cKendinizi tan\u0131t\u0131r m\u0131s\u0131n\u0131z?\u201d ve bir\u00e7o\u011fumuz bu soruyla daha \u00f6nce kar\u015f\u0131la\u015fm\u0131\u015f\u0131zd\u0131r. \u00c7ok basit gibi g\u00f6r\u00fcnse de sizi hi\u00e7","breadcrumb":{"@id":"https:\/\/www.kariyer.net\/kariyer-rehberi\/bana-biraz-kendinizden-bahseder-misiniz\/#breadcrumb"},"inLanguage":"tr","potentialAction":[{"@type":"ReadAction","target":["https:\/\/www.kariyer.net\/kariyer-rehberi\/bana-biraz-kendinizden-bahseder-misiniz\/"]}]},{"@type":"ImageObject","inLanguage":"tr","@id":"https:\/\/www.kariyer.net\/kariyer-rehberi\/bana-biraz-kendinizden-bahseder-misiniz\/#primaryimage","url":"https:\/\/www.kariyer.net\/kariyer-rehberi\/wp-content\/uploads\/2015\/12\/bana-biraz-kendinizden.jpg","contentUrl":"https:\/\/www.kariyer.net\/kariyer-rehberi\/wp-content\/uploads\/2015\/12\/bana-biraz-kendinizden.jpg","width":600,"height":300},{"@type":"BreadcrumbList","@id":"https:\/\/www.kariyer.net\/kariyer-rehberi\/bana-biraz-kendinizden-bahseder-misiniz\/#breadcrumb","itemListElement":[{"@type":"ListItem","position":1,"name":"Anasayfa","item":"https:\/\/www.kariyer.net\/kariyer-rehberi\/"},{"@type":"ListItem","position":2,"name":"Bana biraz kendinizden bahseder misiniz?"}]},{"@type":"WebSite","@id":"https:\/\/www.kariyer.net\/kariyer-rehberi\/#website","url":"https:\/\/www.kariyer.net\/kariyer-rehberi\/","name":"Kariyer Rehberi","description":"\u0130\u015f D\u00fcnyas\u0131yla \u0130lgili Bilmek \u0130stedi\u011finiz Her \u015eey","publisher":{"@id":"https:\/\/www.kariyer.net\/kariyer-rehberi\/#organization"},"potentialAction":[{"@type":"SearchAction","target":{"@type":"EntryPoint","urlTemplate":"https:\/\/www.kariyer.net\/kariyer-rehberi\/?s={search_term_string}"},"query-input":{"@type":"PropertyValueSpecification","valueRequired":true,"valueName":"search_term_string"}}],"inLanguage":"tr"},{"@type":"Organization","@id":"https:\/\/www.kariyer.net\/kariyer-rehberi\/#organization","name":"Kariyer.net","url":"https:\/\/www.kariyer.net\/kariyer-rehberi\/","logo":{"@type":"ImageObject","inLanguage":"tr","@id":"https:\/\/www.kariyer.net\/kariyer-rehberi\/#\/schema\/logo\/image\/","url":"https:\/\/www.kariyer.net\/kariyer-rehberi-new\/wp-content\/uploads\/2023\/01\/og-image11.jpg","contentUrl":"https:\/\/www.kariyer.net\/kariyer-rehberi-new\/wp-content\/uploads\/2023\/01\/og-image11.jpg","width":800,"height":800,"caption":"Kariyer.net"},"image":{"@id":"https:\/\/www.kariyer.net\/kariyer-rehberi\/#\/schema\/logo\/image\/"}},{"@type":"Person","@id":"https:\/\/www.kariyer.net\/kariyer-rehberi\/#\/schema\/person\/b572ae4516d467272d24d207d71f09b6","name":"M\u00fcge Naz Altay","image":{"@type":"ImageObject","inLanguage":"tr","@id":"https:\/\/www.kariyer.net\/kariyer-rehberi\/#\/schema\/person\/image\/","url":"https:\/\/secure.gravatar.com\/avatar\/e79798b1d6dc5a80ac260d28a3ace732b21738e05d2f887391c66f9b1b30a5a4?s=96&d=mm&r=g","contentUrl":"https:\/\/secure.gravatar.com\/avatar\/e79798b1d6dc5a80ac260d28a3ace732b21738e05d2f887391c66f9b1b30a5a4?s=96&d=mm&r=g","caption":"M\u00fcge Naz Altay"},"url":"https:\/\/www.kariyer.net\/kariyer-rehberi\/author\/mugenazaltay\/"}]}},"_links":{"self":[{"href":"https:\/\/www.kariyer.net\/kariyer-rehberi\/wp-json\/wp\/v2\/posts\/6263","targetHints":{"allow":["GET"]}}],"collection":[{"href":"https:\/\/www.kariyer.net\/kariyer-rehberi\/wp-json\/wp\/v2\/posts"}],"about":[{"href":"https:\/\/www.kariyer.net\/kariyer-rehberi\/wp-json\/wp\/v2\/types\/post"}],"author":[{"embeddable":true,"href":"https:\/\/www.kariyer.net\/kariyer-rehberi\/wp-json\/wp\/v2\/users\/16"}],"replies":[{"embeddable":true,"href":"https:\/\/www.kariyer.net\/kariyer-rehberi\/wp-json\/wp\/v2\/comments?post=6263"}],"version-history":[{"count":1,"href":"https:\/\/www.kariyer.net\/kariyer-rehberi\/wp-json\/wp\/v2\/posts\/6263\/revisions"}],"predecessor-version":[{"id":20047,"href":"https:\/\/www.kariyer.net\/kariyer-rehberi\/wp-json\/wp\/v2\/posts\/6263\/revisions\/20047"}],"wp:featuredmedia":[{"embeddable":true,"href":"https:\/\/www.kariyer.net\/kariyer-rehberi\/wp-json\/wp\/v2\/media\/6268"}],"wp:attachment":[{"href":"https:\/\/www.kariyer.net\/kariyer-rehberi\/wp-json\/wp\/v2\/media?parent=6263"}],"wp:term":[{"taxonomy":"category","embeddable":true,"href":"https:\/\/www.kariyer.net\/kariyer-rehberi\/wp-json\/wp\/v2\/categories?post=6263"},{"taxonomy":"post_tag","embeddable":true,"href":"https:\/\/www.kariyer.net\/kariyer-rehberi\/wp-json\/wp\/v2\/tags?post=6263"}],"curies":[{"name":"wp","href":"https:\/\/api.w.org\/{rel}","templated":true}]}}