{"id":6388,"date":"2015-12-15T15:08:25","date_gmt":"2015-12-15T13:08:25","guid":{"rendered":"http:\/\/www.kariyer.net\/kariyer-rehberi\/?p=6388"},"modified":"2024-08-08T21:12:22","modified_gmt":"2024-08-08T18:12:22","slug":"yonetici-olsaydin-ilk-neyi-degistirirdin","status":"publish","type":"post","link":"https:\/\/www.kariyer.net\/kariyer-rehberi\/yonetici-olsaydin-ilk-neyi-degistirirdin\/","title":{"rendered":"Y\u00f6netici olsayd\u0131n ilk neyi de\u011fi\u015ftirirdin?"},"content":{"rendered":"<p><strong>\u00c7al\u0131\u015fanlar\u0131n y\u00f6neticilerini de\u011ferlendirmeleri son y\u0131llarda \u00e7ok tercih edilen bir \u0130nsan Kaynaklar\u0131 \u00e7al\u0131\u015fmas\u0131. TINYhr \u015firketi 2015 y\u0131l\u0131nda yapt\u0131\u011f\u0131 bir ara\u015ft\u0131rmada bu durumu bir ad\u0131m yukar\u0131ya ta\u015f\u0131yor ve \u00e7al\u0131\u015fanlara &#8220;Y\u00f6netici olsayd\u0131n\u0131z ilk neyi de\u011fi\u015ftirirdiniz?&#8221; diye soruyor. Elbette en ac\u0131mas\u0131z ve ilgin\u00e7 cevaplar\u0131n ba\u015f\u0131nda ise &#8220;Herkesi kovar\u0131m&#8221; geliyor. <\/strong><\/p>\n<p>TINYhr&#8217;\u0131n <span style=\"text-decoration: underline;\"><strong><a href=\"http:\/\/www.kariyer.net\/kariyer-rehberi\/en-korkulan-yonetici-tipi-mikro-yoneticiler\/\" target=\"_blank\" rel=\"noopener\">y\u00f6netici\u00a0<\/a><\/strong><\/span>ve \u00e7al\u0131\u015fan ili\u015fkisi \u00fczerine yap\u0131lan ara\u015ft\u0131rmalar\u0131 aras\u0131nda son derece ilgi \u00e7eken, &#8220;Y\u00f6netici\u00a0olsan ne yapard\u0131n?&#8221; \u00e7al\u0131\u015fmas\u0131, \u00e7al\u0131\u015fanlar\u0131n \u00f6ncelikle agresif yap\u0131lar\u0131n\u0131 \u00f6ne \u00e7\u0131karm\u0131\u015f diye yorumlanabilir. &#8220;\u0130leti\u015fimi ve maa\u015flar\u0131 artt\u0131r\u0131r\u0131m&#8221; diyen pozitif \u00e7al\u0131\u015fanlar\u0131n y\u00fczdesi, &#8220;Yan\u0131mda oturan\u0131 an\u0131nda kovar\u0131m&#8221; diyen \u00e7al\u0131\u015fanlar\u0131n aras\u0131nda olduk\u00e7a alt seviyelerde kal\u0131yor.<\/p>\n<p><a href=\"http:\/\/www.kariyer.net\/ik-blog\/yoneticinle-ilgili-ilk-neyi-degistirirdin\/\" target=\"_blank\" rel=\"noopener\">Y\u00f6neticinle ilgili ilk neyi de\u011fi\u015ftirirdin?<\/a>\u00a0yaz\u0131m\u0131z\u0131 okumay\u0131 unutmay\u0131n.<\/p>\n<h2><strong>Herkesi kovar\u0131m (%16)<\/strong><\/h2>\n<p><img fetchpriority=\"high\" decoding=\"async\" class=\"alignnone wp-image-6390\" src=\"http:\/\/www.kariyer.net\/kariyer-rehberi\/wp-content\/uploads\/2015\/12\/patron.gif\" alt=\"patron\" width=\"600\" height=\"263\" \/><\/p>\n<p>O kadar da de\u011fil tabii ama bu arkada\u015f\u0131n akl\u0131na ilk gelenin hemen meslekta\u015f\u0131n\u0131 kovmak olmas\u0131 d\u00fc\u015f\u00fcnd\u00fcr\u00fcc\u00fc.<\/p>\n<h2><strong>Hemen bir \u015firket kurallar\u0131 listesi belirlerim (%11)<\/strong><\/h2>\n<p><img decoding=\"async\" class=\"alignnone wp-image-6391\" src=\"http:\/\/www.kariyer.net\/kariyer-rehberi\/wp-content\/uploads\/2015\/12\/calisan.gif\" alt=\"calisan\" width=\"600\" height=\"339\" \/><\/p>\n<p>Hemen i\u015fe koyulmak ve<span style=\"text-decoration: underline;\"><strong> <a href=\"http:\/\/www.kariyer.net\/ik-blog\/sirketler-yeni-nesilden-uzun-soluklu-calisma-hayati-bekliyor\/\" target=\"_blank\" rel=\"noopener\">\u015firketini geli\u015ftirmek<\/a><\/strong><\/span> isteyenler 2. s\u0131rada.<\/p>\n<h2><strong>\u0130leti\u015fimi geli\u015ftiririm (%11)<\/strong><\/h2>\n<p><img decoding=\"async\" class=\"alignnone wp-image-6392\" src=\"http:\/\/www.kariyer.net\/kariyer-rehberi\/wp-content\/uploads\/2015\/12\/calisanlar.gif\" alt=\"calisanlar\" width=\"600\" height=\"445\" \/><\/p>\n<p>\u0130\u015fyerinde a\u00e7\u0131k ve samimi bir ileti\u015fim olmal\u0131 diyenlerin oran\u0131 da olduk\u00e7a y\u00fcksek.<\/p>\n<h2><strong>Maa\u015flar\u0131 artt\u0131r\u0131r\u0131m (%10)<\/strong><\/h2>\n<p><img loading=\"lazy\" decoding=\"async\" class=\"alignnone wp-image-6393\" src=\"http:\/\/www.kariyer.net\/kariyer-rehberi\/wp-content\/uploads\/2015\/12\/aziz-parks-para.gif\" alt=\"aziz parks para\" width=\"600\" height=\"357\" \/><\/p>\n<p>Herkese benden <span style=\"text-decoration: underline;\"><strong><a href=\"http:\/\/www.kariyer.net\/ik-blog\/en-yuksek-maasi-veren-10-ulke\/\" target=\"_blank\" rel=\"noopener\">y\u00fcksek maa\u015f<\/a><\/strong><\/span> diyenler &lt;3<\/p>\n<h2><strong>\u00c7al\u0131\u015fma saatlerini esnetirim (%9)<\/strong><\/h2>\n<p><img loading=\"lazy\" decoding=\"async\" class=\"alignnone wp-image-6394\" src=\"http:\/\/www.kariyer.net\/kariyer-rehberi\/wp-content\/uploads\/2015\/12\/rahatcalisan.gif\" alt=\"rahatcalisan\" width=\"600\" height=\"400\" \/><\/p>\n<p>Har\u0131l har\u0131l \u00e7al\u0131\u015faca\u011f\u0131m\u0131za &#8220;Az ama \u00f6z \u00e7al\u0131\u015fal\u0131m&#8221; diyen \u00e7al\u0131\u015fanlar da bulunuyor.<\/p>\n<p>Ara\u015ft\u0131rma sonu\u00e7lar\u0131 ileti\u015fim eksikli\u011finin harika bir \u00f6rne\u011fini ortaya \u00e7\u0131kar\u0131yor. \u00c7o\u011funluk\u00a0i\u015fyerinde meslekta\u015f\u0131 ile anla\u015fam\u0131yorsa onu kovmay\u0131, y\u00f6neticisini\u00a0sevmiyorsa emekli olmas\u0131n\u0131 diliyor. Y\u00f6neticiler \u00a0i\u00e7in ofis i\u00e7i ileti\u015fimi art\u0131rman\u0131n \u00f6nemini bir kez daha g\u00f6steriyor.<\/p>\n<p>&nbsp;<\/p>\n<!-- templates\/buttons-placeholder.php -->\n<div class=\"da-reactions-outer TpostID6388\">\n\t    <div class=\"da-reactions-data da-reactions-container-async center\"\n         data-type=\"post\"\n         data-id=\"6388\"\n         id=\"da-reactions-slot-post-6388\">\n        <div class=\"da-reactions-static\">\n\t\t\t<img src=\"https:\/\/www.kariyer.net\/kariyer-rehberi\/wp-content\/plugins\/da-reactions\/assets\/dist\/loading.svg\" alt=\"Loading spinner\" width=\"48\" height=\"48\" style=\"width:48px\" \/>\n        <\/div>\n    <\/div>\n<\/div>\n","protected":false},"excerpt":{"rendered":"<p>\u00c7al\u0131\u015fanlar\u0131n y\u00f6neticilerini de\u011ferlendirmeleri son y\u0131llarda \u00e7ok tercih edilen bir \u0130nsan Kaynaklar\u0131 \u00e7al\u0131\u015fmas\u0131. TINYhr \u015firketi 2015 y\u0131l\u0131nda yapt\u0131\u011f\u0131 bir ara\u015ft\u0131rmada bu durumu bir ad\u0131m yukar\u0131ya ta\u015f\u0131yor ve \u00e7al\u0131\u015fanlara &#8220;Y\u00f6netici olsayd\u0131n\u0131z ilk neyi de\u011fi\u015ftirirdiniz?&#8221; diye soruyor. Elbette en ac\u0131mas\u0131z ve ilgin\u00e7 cevaplar\u0131n ba\u015f\u0131nda ise &#8220;Herkesi kovar\u0131m&#8221; geliyor. TINYhr&#8217;\u0131n y\u00f6netici\u00a0ve \u00e7al\u0131\u015fan ili\u015fkisi \u00fczerine yap\u0131lan ara\u015ft\u0131rmalar\u0131 aras\u0131nda son derece [&hellip;]<\/p>\n<!-- templates\/buttons-placeholder.php -->\n<div class=\"da-reactions-outer TpostID6388\">\n\t    <div class=\"da-reactions-data da-reactions-container-async center\"\n         data-type=\"post\"\n         data-id=\"6388\"\n         id=\"da-reactions-slot-post-6388\">\n        <div class=\"da-reactions-static\">\n\t\t\t<img src=\"https:\/\/www.kariyer.net\/kariyer-rehberi\/wp-content\/plugins\/da-reactions\/assets\/dist\/loading.svg\" alt=\"Loading spinner\" width=\"48\" height=\"48\" style=\"width:48px\" \/>\n        <\/div>\n    <\/div>\n<\/div>\n","protected":false},"author":18,"featured_media":6396,"comment_status":"open","ping_status":"open","sticky":false,"template":"","format":"standard","meta":{"footnotes":"","_elementor_edit_mode":"","_elementor_template_type":"","_elementor_data":"","_elementor_page_settings":null,"_elementor_conditions":[]},"categories":[2214],"tags":[],"class_list":{"0":"post-6388","1":"post","2":"type-post","3":"status-publish","4":"format-standard","5":"has-post-thumbnail","7":"category-yasam"},"yoast_head":"<!-- This site is optimized with the Yoast SEO Premium plugin v21.4 (Yoast SEO v27.0) - https:\/\/yoast.com\/product\/yoast-seo-premium-wordpress\/ -->\n<title>Y\u00f6netici olsayd\u0131n ilk neyi de\u011fi\u015ftirirdin? | Kariyer Rehberi<\/title>\n<meta name=\"description\" content=\"\u00c7al\u0131\u015fanlar\u0131n y\u00f6neticilerini de\u011ferlendirmeleri son y\u0131llarda \u00e7ok tercih edilen bir \u0130nsan Kaynaklar\u0131 \u00e7al\u0131\u015fmas\u0131. TINYhr \u015firketi 2015 y\u0131l\u0131nda yapt\u0131\u011f\u0131 bir\" \/>\n<meta name=\"robots\" content=\"index, follow, max-snippet:-1, max-image-preview:large, max-video-preview:-1\" \/>\n<link rel=\"canonical\" href=\"https:\/\/www.kariyer.net\/kariyer-rehberi\/yonetici-olsaydin-ilk-neyi-degistirirdin\/\" \/>\n<meta property=\"og:locale\" content=\"tr_TR\" \/>\n<meta property=\"og:type\" content=\"article\" \/>\n<meta property=\"og:title\" content=\"Y\u00f6netici olsayd\u0131n ilk neyi de\u011fi\u015ftirirdin?\" \/>\n<meta property=\"og:description\" content=\"\u00c7al\u0131\u015fanlar\u0131n y\u00f6neticilerini de\u011ferlendirmeleri son y\u0131llarda \u00e7ok tercih edilen bir \u0130nsan Kaynaklar\u0131 \u00e7al\u0131\u015fmas\u0131. TINYhr \u015firketi 2015 y\u0131l\u0131nda yapt\u0131\u011f\u0131 bir\" \/>\n<meta property=\"og:url\" content=\"https:\/\/www.kariyer.net\/kariyer-rehberi\/yonetici-olsaydin-ilk-neyi-degistirirdin\/\" \/>\n<meta property=\"og:site_name\" content=\"Kariyer Rehberi\" \/>\n<meta property=\"article:published_time\" content=\"2015-12-15T13:08:25+00:00\" \/>\n<meta property=\"article:modified_time\" content=\"2024-08-08T18:12:22+00:00\" \/>\n<meta property=\"og:image\" content=\"https:\/\/www.kariyer.net\/kariyer-rehberi\/wp-content\/uploads\/2015\/12\/treating-employees-like-children1.jpg\" \/>\n\t<meta property=\"og:image:width\" content=\"600\" \/>\n\t<meta property=\"og:image:height\" content=\"251\" \/>\n\t<meta property=\"og:image:type\" content=\"image\/jpeg\" \/>\n<meta name=\"author\" content=\"\u00c7i\u011fdem \u00c7al\u0131k\" \/>\n<meta name=\"twitter:card\" content=\"summary_large_image\" \/>\n<meta name=\"twitter:label1\" content=\"Yazan:\" \/>\n\t<meta name=\"twitter:data1\" content=\"\u00c7i\u011fdem \u00c7al\u0131k\" \/>\n\t<meta name=\"twitter:label2\" content=\"Tahmini okuma s\u00fcresi\" \/>\n\t<meta name=\"twitter:data2\" content=\"2 dakika\" \/>\n<!-- \/ Yoast SEO Premium plugin. -->","yoast_head_json":{"title":"Y\u00f6netici olsayd\u0131n ilk neyi de\u011fi\u015ftirirdin? | Kariyer Rehberi","description":"\u00c7al\u0131\u015fanlar\u0131n y\u00f6neticilerini de\u011ferlendirmeleri son y\u0131llarda \u00e7ok tercih edilen bir \u0130nsan Kaynaklar\u0131 \u00e7al\u0131\u015fmas\u0131. TINYhr \u015firketi 2015 y\u0131l\u0131nda yapt\u0131\u011f\u0131 bir","robots":{"index":"index","follow":"follow","max-snippet":"max-snippet:-1","max-image-preview":"max-image-preview:large","max-video-preview":"max-video-preview:-1"},"canonical":"https:\/\/www.kariyer.net\/kariyer-rehberi\/yonetici-olsaydin-ilk-neyi-degistirirdin\/","og_locale":"tr_TR","og_type":"article","og_title":"Y\u00f6netici olsayd\u0131n ilk neyi de\u011fi\u015ftirirdin?","og_description":"\u00c7al\u0131\u015fanlar\u0131n y\u00f6neticilerini de\u011ferlendirmeleri son y\u0131llarda \u00e7ok tercih edilen bir \u0130nsan Kaynaklar\u0131 \u00e7al\u0131\u015fmas\u0131. TINYhr \u015firketi 2015 y\u0131l\u0131nda yapt\u0131\u011f\u0131 bir","og_url":"https:\/\/www.kariyer.net\/kariyer-rehberi\/yonetici-olsaydin-ilk-neyi-degistirirdin\/","og_site_name":"Kariyer Rehberi","article_published_time":"2015-12-15T13:08:25+00:00","article_modified_time":"2024-08-08T18:12:22+00:00","og_image":[{"width":600,"height":251,"url":"https:\/\/www.kariyer.net\/kariyer-rehberi\/wp-content\/uploads\/2015\/12\/treating-employees-like-children1.jpg","type":"image\/jpeg"}],"author":"\u00c7i\u011fdem \u00c7al\u0131k","twitter_card":"summary_large_image","twitter_misc":{"Yazan:":"\u00c7i\u011fdem \u00c7al\u0131k","Tahmini okuma s\u00fcresi":"2 dakika"},"schema":{"@context":"https:\/\/schema.org","@graph":[{"@type":"Article","@id":"https:\/\/www.kariyer.net\/kariyer-rehberi\/yonetici-olsaydin-ilk-neyi-degistirirdin\/#article","isPartOf":{"@id":"https:\/\/www.kariyer.net\/kariyer-rehberi\/yonetici-olsaydin-ilk-neyi-degistirirdin\/"},"author":{"name":"\u00c7i\u011fdem \u00c7al\u0131k","@id":"https:\/\/www.kariyer.net\/kariyer-rehberi\/#\/schema\/person\/ef9a2dc2672d3e7352225313b455b447"},"headline":"Y\u00f6netici olsayd\u0131n ilk neyi de\u011fi\u015ftirirdin?","datePublished":"2015-12-15T13:08:25+00:00","dateModified":"2024-08-08T18:12:22+00:00","mainEntityOfPage":{"@id":"https:\/\/www.kariyer.net\/kariyer-rehberi\/yonetici-olsaydin-ilk-neyi-degistirirdin\/"},"wordCount":319,"commentCount":0,"publisher":{"@id":"https:\/\/www.kariyer.net\/kariyer-rehberi\/#organization"},"image":{"@id":"https:\/\/www.kariyer.net\/kariyer-rehberi\/yonetici-olsaydin-ilk-neyi-degistirirdin\/#primaryimage"},"thumbnailUrl":"https:\/\/www.kariyer.net\/kariyer-rehberi\/wp-content\/uploads\/2015\/12\/treating-employees-like-children1.jpg","articleSection":["Ya\u015fam"],"inLanguage":"tr","potentialAction":[{"@type":"CommentAction","name":"Comment","target":["https:\/\/www.kariyer.net\/kariyer-rehberi\/yonetici-olsaydin-ilk-neyi-degistirirdin\/#respond"]}]},{"@type":"WebPage","@id":"https:\/\/www.kariyer.net\/kariyer-rehberi\/yonetici-olsaydin-ilk-neyi-degistirirdin\/","url":"https:\/\/www.kariyer.net\/kariyer-rehberi\/yonetici-olsaydin-ilk-neyi-degistirirdin\/","name":"Y\u00f6netici olsayd\u0131n ilk neyi de\u011fi\u015ftirirdin? | Kariyer Rehberi","isPartOf":{"@id":"https:\/\/www.kariyer.net\/kariyer-rehberi\/#website"},"primaryImageOfPage":{"@id":"https:\/\/www.kariyer.net\/kariyer-rehberi\/yonetici-olsaydin-ilk-neyi-degistirirdin\/#primaryimage"},"image":{"@id":"https:\/\/www.kariyer.net\/kariyer-rehberi\/yonetici-olsaydin-ilk-neyi-degistirirdin\/#primaryimage"},"thumbnailUrl":"https:\/\/www.kariyer.net\/kariyer-rehberi\/wp-content\/uploads\/2015\/12\/treating-employees-like-children1.jpg","datePublished":"2015-12-15T13:08:25+00:00","dateModified":"2024-08-08T18:12:22+00:00","description":"\u00c7al\u0131\u015fanlar\u0131n y\u00f6neticilerini de\u011ferlendirmeleri son y\u0131llarda \u00e7ok tercih edilen bir \u0130nsan Kaynaklar\u0131 \u00e7al\u0131\u015fmas\u0131. TINYhr \u015firketi 2015 y\u0131l\u0131nda yapt\u0131\u011f\u0131 bir","breadcrumb":{"@id":"https:\/\/www.kariyer.net\/kariyer-rehberi\/yonetici-olsaydin-ilk-neyi-degistirirdin\/#breadcrumb"},"inLanguage":"tr","potentialAction":[{"@type":"ReadAction","target":["https:\/\/www.kariyer.net\/kariyer-rehberi\/yonetici-olsaydin-ilk-neyi-degistirirdin\/"]}]},{"@type":"ImageObject","inLanguage":"tr","@id":"https:\/\/www.kariyer.net\/kariyer-rehberi\/yonetici-olsaydin-ilk-neyi-degistirirdin\/#primaryimage","url":"https:\/\/www.kariyer.net\/kariyer-rehberi\/wp-content\/uploads\/2015\/12\/treating-employees-like-children1.jpg","contentUrl":"https:\/\/www.kariyer.net\/kariyer-rehberi\/wp-content\/uploads\/2015\/12\/treating-employees-like-children1.jpg","width":600,"height":251},{"@type":"BreadcrumbList","@id":"https:\/\/www.kariyer.net\/kariyer-rehberi\/yonetici-olsaydin-ilk-neyi-degistirirdin\/#breadcrumb","itemListElement":[{"@type":"ListItem","position":1,"name":"Anasayfa","item":"https:\/\/www.kariyer.net\/kariyer-rehberi\/"},{"@type":"ListItem","position":2,"name":"Y\u00f6netici olsayd\u0131n ilk neyi de\u011fi\u015ftirirdin?"}]},{"@type":"WebSite","@id":"https:\/\/www.kariyer.net\/kariyer-rehberi\/#website","url":"https:\/\/www.kariyer.net\/kariyer-rehberi\/","name":"Kariyer Rehberi","description":"\u0130\u015f D\u00fcnyas\u0131yla \u0130lgili Bilmek \u0130stedi\u011finiz Her \u015eey","publisher":{"@id":"https:\/\/www.kariyer.net\/kariyer-rehberi\/#organization"},"potentialAction":[{"@type":"SearchAction","target":{"@type":"EntryPoint","urlTemplate":"https:\/\/www.kariyer.net\/kariyer-rehberi\/?s={search_term_string}"},"query-input":{"@type":"PropertyValueSpecification","valueRequired":true,"valueName":"search_term_string"}}],"inLanguage":"tr"},{"@type":"Organization","@id":"https:\/\/www.kariyer.net\/kariyer-rehberi\/#organization","name":"Kariyer.net","url":"https:\/\/www.kariyer.net\/kariyer-rehberi\/","logo":{"@type":"ImageObject","inLanguage":"tr","@id":"https:\/\/www.kariyer.net\/kariyer-rehberi\/#\/schema\/logo\/image\/","url":"https:\/\/www.kariyer.net\/kariyer-rehberi-new\/wp-content\/uploads\/2023\/01\/og-image11.jpg","contentUrl":"https:\/\/www.kariyer.net\/kariyer-rehberi-new\/wp-content\/uploads\/2023\/01\/og-image11.jpg","width":800,"height":800,"caption":"Kariyer.net"},"image":{"@id":"https:\/\/www.kariyer.net\/kariyer-rehberi\/#\/schema\/logo\/image\/"}},{"@type":"Person","@id":"https:\/\/www.kariyer.net\/kariyer-rehberi\/#\/schema\/person\/ef9a2dc2672d3e7352225313b455b447","name":"\u00c7i\u011fdem \u00c7al\u0131k","image":{"@type":"ImageObject","inLanguage":"tr","@id":"https:\/\/www.kariyer.net\/kariyer-rehberi\/#\/schema\/person\/image\/","url":"https:\/\/secure.gravatar.com\/avatar\/f270bbc5e4e6373aef80de8e9e55d27516cac7be363ef3b53ec26b94063ede66?s=96&d=mm&r=g","contentUrl":"https:\/\/secure.gravatar.com\/avatar\/f270bbc5e4e6373aef80de8e9e55d27516cac7be363ef3b53ec26b94063ede66?s=96&d=mm&r=g","caption":"\u00c7i\u011fdem \u00c7al\u0131k"},"description":"Ege \u00dcniversitesi\u2019nin ard\u0131ndan Galatasaray \u00dcniversitesi Radyo, Sinema, TV b\u00f6l\u00fcm\u00fcnden mezun oldu. Meslek hayat\u0131na reklam yazarl\u0131\u011f\u0131yla ba\u015flad\u0131. D\u00f6rt y\u0131ll\u0131k reklam d\u00fcnyas\u0131 deneyiminden sonra \u00e7e\u015fitli web sitelerinde k\u0131demli edit\u00f6r olarak \u00e7al\u0131\u015ft\u0131. 2015 y\u0131l\u0131nda Kariyer.net\u2019e i\u00e7erik y\u00f6neticisi olarak kat\u0131ld\u0131. \u0130K Blog, Kariyer Rehberi ve Kariyer Dergi i\u00e7in i\u00e7erik \u00fcretiyor.","sameAs":["http:\/\/www.kariyer.net\/kariyer-rehberi\/?p=6323"],"url":"https:\/\/www.kariyer.net\/kariyer-rehberi\/author\/cigdemcalik\/"}]}},"_links":{"self":[{"href":"https:\/\/www.kariyer.net\/kariyer-rehberi\/wp-json\/wp\/v2\/posts\/6388","targetHints":{"allow":["GET"]}}],"collection":[{"href":"https:\/\/www.kariyer.net\/kariyer-rehberi\/wp-json\/wp\/v2\/posts"}],"about":[{"href":"https:\/\/www.kariyer.net\/kariyer-rehberi\/wp-json\/wp\/v2\/types\/post"}],"author":[{"embeddable":true,"href":"https:\/\/www.kariyer.net\/kariyer-rehberi\/wp-json\/wp\/v2\/users\/18"}],"replies":[{"embeddable":true,"href":"https:\/\/www.kariyer.net\/kariyer-rehberi\/wp-json\/wp\/v2\/comments?post=6388"}],"version-history":[{"count":1,"href":"https:\/\/www.kariyer.net\/kariyer-rehberi\/wp-json\/wp\/v2\/posts\/6388\/revisions"}],"predecessor-version":[{"id":21017,"href":"https:\/\/www.kariyer.net\/kariyer-rehberi\/wp-json\/wp\/v2\/posts\/6388\/revisions\/21017"}],"wp:featuredmedia":[{"embeddable":true,"href":"https:\/\/www.kariyer.net\/kariyer-rehberi\/wp-json\/wp\/v2\/media\/6396"}],"wp:attachment":[{"href":"https:\/\/www.kariyer.net\/kariyer-rehberi\/wp-json\/wp\/v2\/media?parent=6388"}],"wp:term":[{"taxonomy":"category","embeddable":true,"href":"https:\/\/www.kariyer.net\/kariyer-rehberi\/wp-json\/wp\/v2\/categories?post=6388"},{"taxonomy":"post_tag","embeddable":true,"href":"https:\/\/www.kariyer.net\/kariyer-rehberi\/wp-json\/wp\/v2\/tags?post=6388"}],"curies":[{"name":"wp","href":"https:\/\/api.w.org\/{rel}","templated":true}]}}