{"id":6455,"date":"2015-12-25T15:40:22","date_gmt":"2015-12-25T13:40:22","guid":{"rendered":"http:\/\/www.kariyer.net\/kariyer-rehberi\/?p=6455"},"modified":"2023-02-10T11:57:35","modified_gmt":"2023-02-10T08:57:35","slug":"maas-zammi-gorusmesinde-soylememeniz-gerekenler","status":"publish","type":"post","link":"https:\/\/www.kariyer.net\/kariyer-rehberi\/maas-zammi-gorusmesinde-soylememeniz-gerekenler\/","title":{"rendered":"Maa\u015f zamm\u0131 g\u00f6r\u00fc\u015fmesinde s\u00f6ylememeniz gerekenler"},"content":{"rendered":"<p><strong>Maa\u015f zamm\u0131 istemek zaten yeterince s\u0131k\u0131nt\u0131l\u0131 bir durum. \u00c7o\u011fumuz bu konu\u015fmay\u0131 yapmak zorunda kalmamak i\u00e7in planlar\u0131m\u0131z\u0131 erteliyor, hak etti\u011fimizin alt\u0131nda bir maa\u015f almaya devam ediyoruz. \u00c7ok zor olsa da eninde sonunda zam istemek i\u00e7in y\u00f6neticiniz ile konu\u015fman\u0131z gerekiyor. Bir kez s\u00f6ze girince bir \u015fekilde sohbetin akt\u0131\u011f\u0131n\u0131 g\u00f6receksiniz. Fakat yine de g\u00f6r\u00fc\u015fmeden \u00f6nce s\u00f6yleyeceklerinizi planlaman\u0131z gerekiyor. Peki ya asla s\u00f6ylememeniz gerekenler?<\/strong><\/p>\n<p>Az \u00e7ok <span style=\"text-decoration: underline;\"><strong><a href=\"http:\/\/www.kariyer.net\/kariyer-rehberi\/zam-nasil-istenir\/\" target=\"_blank\" rel=\"noopener\">maa\u015f zamm\u0131 <\/a><\/strong><\/span>isteme nedenlerimiz belli. Ya ge\u00e7inemiyoruz ya da \u00e7al\u0131\u015fmam\u0131z\u0131n kar\u015f\u0131l\u0131\u011f\u0131 olmayan bir para kazan\u0131yoruz. Bu nedenle maa\u015f zamm\u0131 isteme g\u00f6r\u00fc\u015fmenizden ba\u015far\u0131l\u0131 ve mutlu bir \u015fekilde ayr\u0131lmak i\u00e7in a\u015fa\u011f\u0131daki \u00f6nerilerimizi dikkat al\u0131n ve bu c\u00fcmlelerle zam istemeyin.<\/p>\n<p>\u0130\u015fte <span style=\"text-decoration: underline;\"><strong><a href=\"http:\/\/www.kariyer.net\/ik-blog\/dusuk-maas-istifa-sebebi\/\" target=\"_blank\" rel=\"noopener\">zam isteme<\/a><\/strong><\/span> planlar\u0131 yapanlar i\u00e7in asla s\u00f6ylenmemesi gerekenler listesi:<\/p>\n<h2><strong>\u201cZamanlama do\u011fru de\u011fil ama\u2026\u201d<\/strong><\/h2>\n<p><img fetchpriority=\"high\" decoding=\"async\" class=\"alignnone wp-image-6456\" src=\"http:\/\/www.kariyer.net\/kariyer-rehberi\/wp-content\/uploads\/2015\/12\/timing.gif\" alt=\"timing\" width=\"500\" height=\"270\" \/><\/p>\n<p>Bu c\u00fcmleyi kuruyorsan\u0131z; ya ekonomik kriz var ya da \u015firketiniz \u00e7ok da parlak g\u00fcnler ge\u00e7irmiyor demektir. K\u0131sacas\u0131 bu c\u00fcmleyi sarf ediyorsan\u0131z zam alamayaca\u011f\u0131n\u0131z\u0131 ba\u015ftan kabul ediyorsunuz. Bu durumda y\u00f6neticiniz size &#8220;Evet zamanlama do\u011fru de\u011fil kusura bakma&#8221; derse ne diyebilirsiniz ki? Bu nedenle zam istemeden \u00f6nce \u015firketinizin finansal durumunu\u00a0incelemeli ya da s\u00f6ze ba\u015fka bir \u015fekilde girmeyi denemelisiniz.<\/p>\n<h2><strong>\u201c2 y\u0131ld\u0131r maa\u015f zamm\u0131 alm\u0131yorum.\u201d<\/strong><\/h2>\n<p><img decoding=\"async\" class=\"alignnone wp-image-6457\" src=\"http:\/\/www.kariyer.net\/kariyer-rehberi\/wp-content\/uploads\/2015\/12\/200-1.gif\" alt=\"200 (1)\" width=\"500\" height=\"257\" \/><\/p>\n<p>Ger\u00e7ekten \u00f6yle olabilir. \u00c7ok uzun zamand\u0131r maa\u015f\u0131n\u0131za zam yap\u0131lmam\u0131\u015ft\u0131r ve bu durum art\u0131k can\u0131n\u0131za tak etmi\u015ftir. Hakl\u0131s\u0131n\u0131z, ama bu \u015fekilde \u015fikayetle ba\u015flayan c\u00fcmleler y\u00f6neticiler \u00fczerinde pek etkili olmuyor. Bu nedenle s\u00f6ze yeteneklerinizden, \u015firket i\u00e7in yapt\u0131klar\u0131n\u0131zdan, k\u0131saca g\u00fc\u00e7l\u00fc taraflar\u0131n\u0131zdan bahsederek ba\u015flaman\u0131z \u00e7ok daha \u00e7arp\u0131c\u0131 olacakt\u0131r.<\/p>\n<h2><strong>\u201c\u00dc\u00e7 ki\u015finin i\u015fini yap\u0131yorum.\u201d<\/strong><\/h2>\n<p><img decoding=\"async\" class=\"alignnone wp-image-6458\" src=\"http:\/\/www.kariyer.net\/kariyer-rehberi\/wp-content\/uploads\/2015\/12\/3-kisi.gif\" alt=\"3 kisi\" width=\"500\" height=\"375\" \/><\/p>\n<p>Zaten y\u00f6neticinizin bilmedi\u011fi bir \u015feyi s\u00f6ylemiyorsunuz. Elbette yine hakl\u0131s\u0131n\u0131z. \u00c7ok \u00e7al\u0131\u015f\u0131p az kazanmak \u00e7ok can s\u0131k\u0131c\u0131. Ama zam konusunda olumlu a\u015fama kaydedebilmek i\u00e7in y\u00f6netici ile empati kurarak s\u00f6ze ba\u015flamak daha etkili. Y\u00f6neticinize az ki\u015fiyle \u00e7ok \u015fey ba\u015fard\u0131\u011f\u0131n\u0131z\u0131, yo\u011fun \u00e7al\u0131\u015ft\u0131\u011f\u0131n\u0131z\u0131 bu nedenle daha fazla kazanmak istedi\u011finizi s\u00f6yleyebilirsiniz.<\/p>\n<h2><strong>\u201cBir senedir burada \u00e7al\u0131\u015f\u0131yorum.\u201d<\/strong><\/h2>\n<p><img loading=\"lazy\" decoding=\"async\" class=\"alignnone wp-image-6471\" src=\"http:\/\/www.kariyer.net\/kariyer-rehberi\/wp-content\/uploads\/2015\/12\/workerr.gif\" alt=\"workerr\" width=\"500\" height=\"270\" \/><\/p>\n<p><span style=\"text-decoration: underline;\"><strong><a href=\"http:\/\/www.kariyer.net\/kariyer-rehberi\/yeni-baslayanlar-icin-en-moda-ofis-sozleri\/\" target=\"_blank\" rel=\"noopener\">Ofis<\/a><\/strong><\/span>te\u00a0zam isteme konu\u015fmas\u0131na ba\u015flaman\u0131n en k\u00f6t\u00fc yollar\u0131ndan biri. \u00d6ncelikle zam alabilmeniz i\u00e7in performans de\u011ferlendirmeleriniz \u00e7ok \u00f6nemli. Bir y\u0131l i\u00e7indeki katk\u0131n\u0131z g\u00f6zle g\u00f6r\u00fclebiliyorsa zam istenebilir. Ayn\u0131 \u015fekilde i\u015fe bu \u015fekilde anla\u015farak girdiyseniz de g\u00f6r\u00fc\u015fme yapabilirsiniz. Ama y\u00f6neticinizin odas\u0131na\u00a0girip \u201cHey, ben bir y\u0131ld\u0131r buraday\u0131m, haydi maa\u015f\u0131ma zam yap\u201d demek olduk\u00e7a yanl\u0131\u015f olacakt\u0131r.<\/p>\n<h2><strong>\u201cYapmam gereken her \u015feyi yapt\u0131m.\u201d<\/strong><\/h2>\n<p><img loading=\"lazy\" decoding=\"async\" class=\"alignnone wp-image-6461 size-full\" src=\"http:\/\/www.kariyer.net\/kariyer-rehberi\/wp-content\/uploads\/2015\/12\/didmybest.gif\" alt=\"didmybest\" width=\"588\" height=\"200\" \/><\/p>\n<p>Zam demek ekstra demek. Zaten yapman\u0131z gerekenleri yapt\u0131\u011f\u0131n\u0131z i\u00e7in nas\u0131l zam isteyebilirsiniz ki? Var olan anla\u015fmay\u0131 revize edip iyile\u015ftirme yapmak i\u00e7in son derece etkisiz bir neden.<\/p>\n<h2><strong>\u201cMaa\u015f zamm\u0131 istiyorum \u00e7\u00fcnk\u00fc \u00f6zel hayat\u0131mda sorunlar var\u201d<\/strong><\/h2>\n<p><img loading=\"lazy\" decoding=\"async\" class=\"alignnone wp-image-6462\" src=\"http:\/\/www.kariyer.net\/kariyer-rehberi\/wp-content\/uploads\/2015\/12\/cry.gif\" alt=\"cry\" width=\"500\" height=\"372\" \/><\/p>\n<p>Bebe\u011finizin olmas\u0131, hasta birine bakman\u0131z, evlilik sorunlar\u0131 ya\u015faman\u0131z elbette \u00e7ok \u00f6nemli. Ama i\u015fle ilgili olmayan herhangi bir neden zam alman\u0131zda \u00e7ok etkili olmayabilir. Tek ba\u015f\u0131na b\u00f6yle bir nedeni y\u00f6neticinize sunman\u0131z onda\u00a0kand\u0131r\u0131lmaya \u00e7al\u0131\u015f\u0131ld\u0131\u011f\u0131 hissi bile uyand\u0131rabilir.<\/p>\n<h2><strong>&#8220;Maa\u015f\u0131m 50 bin TL olsa iyi olur\u2026\u201d<\/strong><\/h2>\n<p><img loading=\"lazy\" decoding=\"async\" class=\"alignnone wp-image-6463\" src=\"http:\/\/www.kariyer.net\/kariyer-rehberi\/wp-content\/uploads\/2015\/12\/pay.gif\" alt=\"pay\" width=\"500\" height=\"281\" \/><\/p>\n<p>Asla ald\u0131\u011f\u0131n\u0131zdan \u00e7ok y\u00fcksek ve olmas\u0131 imkans\u0131z bir\u00a0tutar s\u00f6ylemeyin. Makul bir zam istemek \u00e7o\u011funlukla y\u00f6neticilerde olumlu kar\u015f\u0131lanan bir talep. Fazla y\u00fcksek miktarlar ise y\u00f6neticinizin asla kabul etmemesi yan\u0131nda ger\u00e7ek\u00e7ili\u011finizi de sorgulamas\u0131na neden olur ve bu durum ileride sorun yaratabilir. Kendinizi komik duruma d\u00fc\u015f\u00fcrmeyin.<\/p>\n<h2><strong>\u201cDuydum ki Mehmet benden \u00e7ok kazan\u0131yormu\u015f.\u201d<\/strong><\/h2>\n<p><img loading=\"lazy\" decoding=\"async\" class=\"alignnone wp-image-6464\" src=\"http:\/\/www.kariyer.net\/kariyer-rehberi\/wp-content\/uploads\/2015\/12\/200-7.gif\" alt=\"200 (7)\" width=\"500\" height=\"212\" \/><\/p>\n<p>Prestijinizi ve beklentilerinizi puf diye ortadan kald\u0131racak sihirli c\u00fcmle bu olsa gerek. Bir kere asla ve asla kendinizi ba\u015fka biriyle k\u0131yaslamay\u0131n. Bu sizin maa\u015f zamm\u0131 g\u00f6r\u00fc\u015fmeniz. Bir ba\u015fkas\u0131 sizden daha y\u00fcksek maa\u015f al\u0131yorsa, bunun pek \u00e7ok farkl\u0131 nedeni olabilir. Ayr\u0131ca\u00a0y\u00f6neticiniz sizi tam bir dedikoducu olarak etiketleyebilir. Bilmemeniz gereken bir bilgiyi y\u00f6neticinizle payla\u015fman\u0131z hi\u00e7 ama hi\u00e7 ho\u015f kar\u015f\u0131lanmayacakt\u0131r.<\/p>\n<p><strong>&#8220;Zam almazsam i\u015fi b\u0131rak\u0131r\u0131m.\u201d<\/strong><\/p>\n<p><img loading=\"lazy\" decoding=\"async\" class=\"alignnone wp-image-6465\" src=\"http:\/\/www.kariyer.net\/kariyer-rehberi\/wp-content\/uploads\/2015\/12\/zam.gif\" alt=\"zam\" width=\"500\" height=\"281\" \/><\/p>\n<p>Emin misiniz? Ya y\u00f6neticiniz bu s\u00f6z\u00fcn\u00fcz\u00fcn ard\u0131ndan &#8220;O zaman g\u00fcle g\u00fcle&#8221; derse? \u0130\u015fte bu y\u00fczden iyi d\u00fc\u015f\u00fcnmek gerekiyor.\u00a0Hem tehdit eder gibi zam istemek profesyonelce bir yakla\u015f\u0131m olmayacakt\u0131r. Unutmay\u0131n ki i\u015f d\u00fcnyas\u0131 ac\u0131mas\u0131z.<\/p>\n<p><strong>\u00a0<\/strong><\/p>\n<p>&nbsp;<\/p>\n<!-- templates\/buttons-placeholder.php -->\n<div class=\"da-reactions-outer TpostID6455\">\n\t    <div class=\"da-reactions-data da-reactions-container-async center\"\n         data-type=\"post\"\n         data-id=\"6455\"\n         id=\"da-reactions-slot-post-6455\">\n        <div class=\"da-reactions-static\">\n\t\t\t<img src=\"https:\/\/www.kariyer.net\/kariyer-rehberi\/wp-content\/plugins\/da-reactions\/assets\/dist\/loading.svg\" alt=\"Loading spinner\" width=\"48\" height=\"48\" style=\"width:48px\" \/>\n        <\/div>\n    <\/div>\n<\/div>\n","protected":false},"excerpt":{"rendered":"<p>Maa\u015f zamm\u0131 istemek zaten yeterince s\u0131k\u0131nt\u0131l\u0131 bir durum. \u00c7o\u011fumuz bu konu\u015fmay\u0131 yapmak zorunda kalmamak i\u00e7in planlar\u0131m\u0131z\u0131 erteliyor, hak etti\u011fimizin alt\u0131nda bir maa\u015f almaya devam ediyoruz. \u00c7ok zor olsa da eninde sonunda zam istemek i\u00e7in y\u00f6neticiniz ile konu\u015fman\u0131z gerekiyor. Bir kez s\u00f6ze girince bir \u015fekilde sohbetin akt\u0131\u011f\u0131n\u0131 g\u00f6receksiniz. Fakat yine de g\u00f6r\u00fc\u015fmeden \u00f6nce s\u00f6yleyeceklerinizi planlaman\u0131z gerekiyor. [&hellip;]<\/p>\n<!-- templates\/buttons-placeholder.php -->\n<div class=\"da-reactions-outer TpostID6455\">\n\t    <div class=\"da-reactions-data da-reactions-container-async center\"\n         data-type=\"post\"\n         data-id=\"6455\"\n         id=\"da-reactions-slot-post-6455\">\n        <div class=\"da-reactions-static\">\n\t\t\t<img src=\"https:\/\/www.kariyer.net\/kariyer-rehberi\/wp-content\/plugins\/da-reactions\/assets\/dist\/loading.svg\" alt=\"Loading spinner\" width=\"48\" height=\"48\" style=\"width:48px\" \/>\n        <\/div>\n    <\/div>\n<\/div>\n","protected":false},"author":18,"featured_media":6466,"comment_status":"open","ping_status":"open","sticky":false,"template":"","format":"standard","meta":{"footnotes":"","_elementor_edit_mode":"","_elementor_template_type":"","_elementor_data":"","_elementor_page_settings":null,"_elementor_conditions":[]},"categories":[46],"tags":[],"class_list":{"0":"post-6455","1":"post","2":"type-post","3":"status-publish","4":"format-standard","5":"has-post-thumbnail","7":"category-is-hayati"},"yoast_head":"<!-- This site is optimized with the Yoast SEO Premium plugin v21.4 (Yoast SEO v27.0) - https:\/\/yoast.com\/product\/yoast-seo-premium-wordpress\/ -->\n<title>Maa\u015f zamm\u0131 g\u00f6r\u00fc\u015fmesinde s\u00f6ylememeniz gerekenler<\/title>\n<meta name=\"description\" content=\"Maa\u015f zamm\u0131 istemek zaten yeterince s\u0131k\u0131nt\u0131l\u0131 bir durum. G\u00f6r\u00fc\u015fmeden \u00f6nce s\u00f6yleyeceklerini planlaman gerekiyor. Peki ya s\u00f6ylememen gerekenler?\" \/>\n<meta name=\"robots\" content=\"index, follow, max-snippet:-1, max-image-preview:large, max-video-preview:-1\" \/>\n<link rel=\"canonical\" href=\"https:\/\/www.kariyer.net\/kariyer-rehberi\/maas-zammi-gorusmesinde-soylememeniz-gerekenler\/\" \/>\n<meta property=\"og:locale\" content=\"tr_TR\" \/>\n<meta property=\"og:type\" content=\"article\" \/>\n<meta property=\"og:title\" content=\"Maa\u015f zamm\u0131 g\u00f6r\u00fc\u015fmesinde s\u00f6ylememeniz gerekenler\" \/>\n<meta property=\"og:description\" content=\"Maa\u015f zamm\u0131 istemek zaten yeterince s\u0131k\u0131nt\u0131l\u0131 bir durum. \u00c7o\u011fumuz bu konu\u015fmay\u0131 yapmak zorunda kalmamak i\u00e7in planlar\u0131m\u0131z\u0131 erteliyor, hak etti\u011fimizin alt\u0131nda\" \/>\n<meta property=\"og:url\" content=\"https:\/\/www.kariyer.net\/kariyer-rehberi\/maas-zammi-gorusmesinde-soylememeniz-gerekenler\/\" \/>\n<meta property=\"og:site_name\" content=\"Kariyer Rehberi\" \/>\n<meta property=\"article:published_time\" content=\"2015-12-25T13:40:22+00:00\" \/>\n<meta property=\"article:modified_time\" content=\"2023-02-10T08:57:35+00:00\" \/>\n<meta property=\"og:image\" content=\"https:\/\/www.kariyer.net\/kariyer-rehberi\/wp-content\/uploads\/2015\/12\/maaszam.jpg\" \/>\n\t<meta property=\"og:image:width\" content=\"600\" \/>\n\t<meta property=\"og:image:height\" content=\"300\" \/>\n\t<meta property=\"og:image:type\" content=\"image\/jpeg\" \/>\n<meta name=\"author\" content=\"\u00c7i\u011fdem \u00c7al\u0131k\" \/>\n<meta name=\"twitter:card\" content=\"summary_large_image\" \/>\n<meta name=\"twitter:label1\" content=\"Yazan:\" \/>\n\t<meta name=\"twitter:data1\" content=\"\u00c7i\u011fdem \u00c7al\u0131k\" \/>\n\t<meta name=\"twitter:label2\" content=\"Tahmini okuma s\u00fcresi\" \/>\n\t<meta name=\"twitter:data2\" content=\"6 dakika\" \/>\n<!-- \/ Yoast SEO Premium plugin. -->","yoast_head_json":{"title":"Maa\u015f zamm\u0131 g\u00f6r\u00fc\u015fmesinde s\u00f6ylememeniz gerekenler","description":"Maa\u015f zamm\u0131 istemek zaten yeterince s\u0131k\u0131nt\u0131l\u0131 bir durum. G\u00f6r\u00fc\u015fmeden \u00f6nce s\u00f6yleyeceklerini planlaman gerekiyor. Peki ya s\u00f6ylememen gerekenler?","robots":{"index":"index","follow":"follow","max-snippet":"max-snippet:-1","max-image-preview":"max-image-preview:large","max-video-preview":"max-video-preview:-1"},"canonical":"https:\/\/www.kariyer.net\/kariyer-rehberi\/maas-zammi-gorusmesinde-soylememeniz-gerekenler\/","og_locale":"tr_TR","og_type":"article","og_title":"Maa\u015f zamm\u0131 g\u00f6r\u00fc\u015fmesinde s\u00f6ylememeniz gerekenler","og_description":"Maa\u015f zamm\u0131 istemek zaten yeterince s\u0131k\u0131nt\u0131l\u0131 bir durum. \u00c7o\u011fumuz bu konu\u015fmay\u0131 yapmak zorunda kalmamak i\u00e7in planlar\u0131m\u0131z\u0131 erteliyor, hak etti\u011fimizin alt\u0131nda","og_url":"https:\/\/www.kariyer.net\/kariyer-rehberi\/maas-zammi-gorusmesinde-soylememeniz-gerekenler\/","og_site_name":"Kariyer Rehberi","article_published_time":"2015-12-25T13:40:22+00:00","article_modified_time":"2023-02-10T08:57:35+00:00","og_image":[{"width":600,"height":300,"url":"https:\/\/www.kariyer.net\/kariyer-rehberi\/wp-content\/uploads\/2015\/12\/maaszam.jpg","type":"image\/jpeg"}],"author":"\u00c7i\u011fdem \u00c7al\u0131k","twitter_card":"summary_large_image","twitter_misc":{"Yazan:":"\u00c7i\u011fdem \u00c7al\u0131k","Tahmini okuma s\u00fcresi":"6 dakika"},"schema":{"@context":"https:\/\/schema.org","@graph":[{"@type":"Article","@id":"https:\/\/www.kariyer.net\/kariyer-rehberi\/maas-zammi-gorusmesinde-soylememeniz-gerekenler\/#article","isPartOf":{"@id":"https:\/\/www.kariyer.net\/kariyer-rehberi\/maas-zammi-gorusmesinde-soylememeniz-gerekenler\/"},"author":{"name":"\u00c7i\u011fdem \u00c7al\u0131k","@id":"https:\/\/www.kariyer.net\/kariyer-rehberi\/#\/schema\/person\/ef9a2dc2672d3e7352225313b455b447"},"headline":"Maa\u015f zamm\u0131 g\u00f6r\u00fc\u015fmesinde s\u00f6ylememeniz gerekenler","datePublished":"2015-12-25T13:40:22+00:00","dateModified":"2023-02-10T08:57:35+00:00","mainEntityOfPage":{"@id":"https:\/\/www.kariyer.net\/kariyer-rehberi\/maas-zammi-gorusmesinde-soylememeniz-gerekenler\/"},"wordCount":784,"commentCount":0,"publisher":{"@id":"https:\/\/www.kariyer.net\/kariyer-rehberi\/#organization"},"image":{"@id":"https:\/\/www.kariyer.net\/kariyer-rehberi\/maas-zammi-gorusmesinde-soylememeniz-gerekenler\/#primaryimage"},"thumbnailUrl":"https:\/\/www.kariyer.net\/kariyer-rehberi\/wp-content\/uploads\/2015\/12\/maaszam.jpg","articleSection":["\u0130\u015f Hayat\u0131"],"inLanguage":"tr","potentialAction":[{"@type":"CommentAction","name":"Comment","target":["https:\/\/www.kariyer.net\/kariyer-rehberi\/maas-zammi-gorusmesinde-soylememeniz-gerekenler\/#respond"]}]},{"@type":"WebPage","@id":"https:\/\/www.kariyer.net\/kariyer-rehberi\/maas-zammi-gorusmesinde-soylememeniz-gerekenler\/","url":"https:\/\/www.kariyer.net\/kariyer-rehberi\/maas-zammi-gorusmesinde-soylememeniz-gerekenler\/","name":"Maa\u015f zamm\u0131 g\u00f6r\u00fc\u015fmesinde s\u00f6ylememeniz gerekenler","isPartOf":{"@id":"https:\/\/www.kariyer.net\/kariyer-rehberi\/#website"},"primaryImageOfPage":{"@id":"https:\/\/www.kariyer.net\/kariyer-rehberi\/maas-zammi-gorusmesinde-soylememeniz-gerekenler\/#primaryimage"},"image":{"@id":"https:\/\/www.kariyer.net\/kariyer-rehberi\/maas-zammi-gorusmesinde-soylememeniz-gerekenler\/#primaryimage"},"thumbnailUrl":"https:\/\/www.kariyer.net\/kariyer-rehberi\/wp-content\/uploads\/2015\/12\/maaszam.jpg","datePublished":"2015-12-25T13:40:22+00:00","dateModified":"2023-02-10T08:57:35+00:00","description":"Maa\u015f zamm\u0131 istemek zaten yeterince s\u0131k\u0131nt\u0131l\u0131 bir durum. G\u00f6r\u00fc\u015fmeden \u00f6nce s\u00f6yleyeceklerini planlaman gerekiyor. Peki ya s\u00f6ylememen gerekenler?","breadcrumb":{"@id":"https:\/\/www.kariyer.net\/kariyer-rehberi\/maas-zammi-gorusmesinde-soylememeniz-gerekenler\/#breadcrumb"},"inLanguage":"tr","potentialAction":[{"@type":"ReadAction","target":["https:\/\/www.kariyer.net\/kariyer-rehberi\/maas-zammi-gorusmesinde-soylememeniz-gerekenler\/"]}]},{"@type":"ImageObject","inLanguage":"tr","@id":"https:\/\/www.kariyer.net\/kariyer-rehberi\/maas-zammi-gorusmesinde-soylememeniz-gerekenler\/#primaryimage","url":"https:\/\/www.kariyer.net\/kariyer-rehberi\/wp-content\/uploads\/2015\/12\/maaszam.jpg","contentUrl":"https:\/\/www.kariyer.net\/kariyer-rehberi\/wp-content\/uploads\/2015\/12\/maaszam.jpg","width":600,"height":300,"caption":"Maa\u015f zamm\u0131 g\u00f6r\u00fc\u015fmesinde s\u00f6ylememeniz gerekenler"},{"@type":"BreadcrumbList","@id":"https:\/\/www.kariyer.net\/kariyer-rehberi\/maas-zammi-gorusmesinde-soylememeniz-gerekenler\/#breadcrumb","itemListElement":[{"@type":"ListItem","position":1,"name":"Anasayfa","item":"https:\/\/www.kariyer.net\/kariyer-rehberi\/"},{"@type":"ListItem","position":2,"name":"Maa\u015f zamm\u0131 g\u00f6r\u00fc\u015fmesinde s\u00f6ylememeniz gerekenler"}]},{"@type":"WebSite","@id":"https:\/\/www.kariyer.net\/kariyer-rehberi\/#website","url":"https:\/\/www.kariyer.net\/kariyer-rehberi\/","name":"Kariyer Rehberi","description":"\u0130\u015f D\u00fcnyas\u0131yla \u0130lgili Bilmek \u0130stedi\u011finiz Her \u015eey","publisher":{"@id":"https:\/\/www.kariyer.net\/kariyer-rehberi\/#organization"},"potentialAction":[{"@type":"SearchAction","target":{"@type":"EntryPoint","urlTemplate":"https:\/\/www.kariyer.net\/kariyer-rehberi\/?s={search_term_string}"},"query-input":{"@type":"PropertyValueSpecification","valueRequired":true,"valueName":"search_term_string"}}],"inLanguage":"tr"},{"@type":"Organization","@id":"https:\/\/www.kariyer.net\/kariyer-rehberi\/#organization","name":"Kariyer.net","url":"https:\/\/www.kariyer.net\/kariyer-rehberi\/","logo":{"@type":"ImageObject","inLanguage":"tr","@id":"https:\/\/www.kariyer.net\/kariyer-rehberi\/#\/schema\/logo\/image\/","url":"https:\/\/www.kariyer.net\/kariyer-rehberi-new\/wp-content\/uploads\/2023\/01\/og-image11.jpg","contentUrl":"https:\/\/www.kariyer.net\/kariyer-rehberi-new\/wp-content\/uploads\/2023\/01\/og-image11.jpg","width":800,"height":800,"caption":"Kariyer.net"},"image":{"@id":"https:\/\/www.kariyer.net\/kariyer-rehberi\/#\/schema\/logo\/image\/"}},{"@type":"Person","@id":"https:\/\/www.kariyer.net\/kariyer-rehberi\/#\/schema\/person\/ef9a2dc2672d3e7352225313b455b447","name":"\u00c7i\u011fdem \u00c7al\u0131k","image":{"@type":"ImageObject","inLanguage":"tr","@id":"https:\/\/www.kariyer.net\/kariyer-rehberi\/#\/schema\/person\/image\/","url":"https:\/\/secure.gravatar.com\/avatar\/f270bbc5e4e6373aef80de8e9e55d27516cac7be363ef3b53ec26b94063ede66?s=96&d=mm&r=g","contentUrl":"https:\/\/secure.gravatar.com\/avatar\/f270bbc5e4e6373aef80de8e9e55d27516cac7be363ef3b53ec26b94063ede66?s=96&d=mm&r=g","caption":"\u00c7i\u011fdem \u00c7al\u0131k"},"description":"Ege \u00dcniversitesi\u2019nin ard\u0131ndan Galatasaray \u00dcniversitesi Radyo, Sinema, TV b\u00f6l\u00fcm\u00fcnden mezun oldu. Meslek hayat\u0131na reklam yazarl\u0131\u011f\u0131yla ba\u015flad\u0131. D\u00f6rt y\u0131ll\u0131k reklam d\u00fcnyas\u0131 deneyiminden sonra \u00e7e\u015fitli web sitelerinde k\u0131demli edit\u00f6r olarak \u00e7al\u0131\u015ft\u0131. 2015 y\u0131l\u0131nda Kariyer.net\u2019e i\u00e7erik y\u00f6neticisi olarak kat\u0131ld\u0131. \u0130K Blog, Kariyer Rehberi ve Kariyer Dergi i\u00e7in i\u00e7erik \u00fcretiyor.","sameAs":["http:\/\/www.kariyer.net\/kariyer-rehberi\/?p=6323"],"url":"https:\/\/www.kariyer.net\/kariyer-rehberi\/author\/cigdemcalik\/"}]}},"_links":{"self":[{"href":"https:\/\/www.kariyer.net\/kariyer-rehberi\/wp-json\/wp\/v2\/posts\/6455","targetHints":{"allow":["GET"]}}],"collection":[{"href":"https:\/\/www.kariyer.net\/kariyer-rehberi\/wp-json\/wp\/v2\/posts"}],"about":[{"href":"https:\/\/www.kariyer.net\/kariyer-rehberi\/wp-json\/wp\/v2\/types\/post"}],"author":[{"embeddable":true,"href":"https:\/\/www.kariyer.net\/kariyer-rehberi\/wp-json\/wp\/v2\/users\/18"}],"replies":[{"embeddable":true,"href":"https:\/\/www.kariyer.net\/kariyer-rehberi\/wp-json\/wp\/v2\/comments?post=6455"}],"version-history":[{"count":0,"href":"https:\/\/www.kariyer.net\/kariyer-rehberi\/wp-json\/wp\/v2\/posts\/6455\/revisions"}],"wp:featuredmedia":[{"embeddable":true,"href":"https:\/\/www.kariyer.net\/kariyer-rehberi\/wp-json\/wp\/v2\/media\/6466"}],"wp:attachment":[{"href":"https:\/\/www.kariyer.net\/kariyer-rehberi\/wp-json\/wp\/v2\/media?parent=6455"}],"wp:term":[{"taxonomy":"category","embeddable":true,"href":"https:\/\/www.kariyer.net\/kariyer-rehberi\/wp-json\/wp\/v2\/categories?post=6455"},{"taxonomy":"post_tag","embeddable":true,"href":"https:\/\/www.kariyer.net\/kariyer-rehberi\/wp-json\/wp\/v2\/tags?post=6455"}],"curies":[{"name":"wp","href":"https:\/\/api.w.org\/{rel}","templated":true}]}}