{"id":6562,"date":"2016-01-08T14:22:03","date_gmt":"2016-01-08T12:22:03","guid":{"rendered":"http:\/\/www.kariyer.net\/kariyer-rehberi\/?p=6562"},"modified":"2017-08-29T13:49:08","modified_gmt":"2017-08-29T10:49:08","slug":"is-aramak-icin-en-uygun-zaman-ocak-ayi","status":"publish","type":"post","link":"https:\/\/www.kariyer.net\/kariyer-rehberi\/is-aramak-icin-en-uygun-zaman-ocak-ayi\/","title":{"rendered":"\u0130\u015f aramak i\u00e7in en uygun zaman Ocak ay\u0131"},"content":{"rendered":"<p><strong>Zam oranlar\u0131n\u0131n ve performans de\u011ferlendirmelerin sonu\u00e7lanmas\u0131yla birlikte yeni y\u0131l bir\u00e7ok \u00e7al\u0131\u015fan i\u00e7in yeni bir ba\u015flang\u0131\u00e7 anlam\u0131na da geliyor. Bu nedenle de Ocak ay\u0131 \u00e7al\u0131\u015fanlar i\u00e7in yeni i\u015f aray\u0131\u015flar\u0131n\u0131n y\u00fckseli\u015fe ge\u00e7ti\u011fini bir d\u00f6nem olarak ger\u00e7ekle\u015fiyor. \u0130\u015f arama sitesi <a href=\"http:\/\/www.monster.com\/geo\/siteselection\" target=\"_blank\">Monster<\/a>&#8216;a g\u00f6re yeni y\u0131l\u0131n ilk \u00e7ar\u015fambas\u0131 i\u015f aramaya ba\u015flamak i\u00e7in en uygun g\u00fcn olarak a\u00e7\u0131klan\u0131yor. \u0130statistikler d\u00fcnyada \u00f6zellikle Ocak ay\u0131n\u0131n\u00a0i\u015f arama a\u00e7\u0131s\u0131ndan \u00e7ok aktif ge\u00e7ti\u011fini g\u00f6steriyor.\u00a0<\/strong><\/p>\n<p><a href=\"http:\/\/www.kariyer.net\/kariyer-rehberi\/wp-content\/uploads\/2016\/01\/is-arama.jpg\"><img fetchpriority=\"high\" decoding=\"async\" class=\"alignnone size-full wp-image-6563\" src=\"http:\/\/www.kariyer.net\/kariyer-rehberi\/wp-content\/uploads\/2016\/01\/is-arama.jpg\" alt=\"is-arama\" width=\"600\" height=\"300\" srcset=\"https:\/\/www.kariyer.net\/kariyer-rehberi\/wp-content\/uploads\/2016\/01\/is-arama.jpg 600w, https:\/\/www.kariyer.net\/kariyer-rehberi\/wp-content\/uploads\/2016\/01\/is-arama-300x150.jpg 300w\" sizes=\"(max-width: 600px) 100vw, 600px\" \/><\/a><\/p>\n<p>Her yeni y\u0131l \u00f6ncesi \u00e7e\u015fitli kararlar al\u0131n\u0131r. Tatil ve ki\u015fisel geli\u015fime dair planlar yap\u0131l\u0131r, sa\u011fl\u0131kla ilgili s\u00f6zler verilir ve \u00e7o\u011funlukla &#8220;Yeni bir i\u015fe haz\u0131r m\u0131y\u0131m? Var olan i\u015fimden memnun muyum?&#8221; sorular\u0131 da ak\u0131llara gelir. T\u00fcrkiye&#8217;de \u00f6zellikle zam oranlar\u0131n\u0131n Ocak ay\u0131 itibariyle a\u00e7\u0131klanmas\u0131 ve performans de\u011ferlendirmelerin sonu\u00e7lanmas\u0131yla birlikte farkl\u0131 alternatifler de\u011ferlendirilmeye ba\u015flan\u0131r.<\/p>\n<p>Monster sitesi yapt\u0131\u011f\u0131 ara\u015ft\u0131rmaya g\u00f6re Ocak ay\u0131n\u0131n bu de\u011fi\u015fim i\u00e7in son derece uygun oldu\u011funu belirtiyor. \u0130\u015f ba\u015fvurular\u0131 genelde ilk \u00c7ar\u015famba art\u0131yor, ay boyunca da dinamik bir \u015fekilde devam ediyor. Ocak ay\u0131n\u0131n Aral\u0131k ay\u0131ndan daha etkin olmas\u0131 ise Aral\u0131k ay\u0131n\u0131n genelde tatil planlar\u0131 ve yeni y\u0131la giri\u015f heyecan\u0131 ile ge\u00e7mesi ile ili\u015fkilendiriliyor. Ocak ay\u0131n\u0131n geli\u015fi ise art\u0131k planlar\u0131n ger\u00e7ekle\u015ftirilmesi gerekti\u011fine dair bir i\u015faret fi\u015fe\u011fi olarak alg\u0131lan\u0131yor.<\/p>\n<h2><strong>Yeni y\u0131l dileklerle geliyor<\/strong><\/h2>\n<p>Ocak, yeni y\u0131l\u0131n ba\u015flang\u0131c\u0131 ve hayat\u0131m\u0131zda de\u011fi\u015fmesini istedi\u011fimiz pek \u00e7ok \u015feyin de hat\u0131rlat\u0131c\u0131s\u0131. Bir seneyi daha mutsuz ge\u00e7irmemek i\u00e7in &#8220;Harekete ge\u00e7meliyim!&#8221; hissinin bask\u0131n oldu\u011fu bir ay. Ge\u00e7im s\u0131k\u0131nt\u0131s\u0131ndan kurtulmak i\u00e7in <span style=\"text-decoration: underline;\"><strong><a href=\"http:\/\/www.kariyer.net\/kariyer-rehberi\/maas-zammi-gorusmesinde-soylememeniz-gerekenler\/\" target=\"_blank\">maa\u015f zamm\u0131<\/a><\/strong><\/span> beklentisi, t\u00fcm potansiyelimizi kullanabilece\u011fimiz verimli bir i\u015f, yeni ve geli\u015fime de\u011fer veren bir <span style=\"text-decoration: underline;\"><strong><a href=\"http:\/\/www.kariyer.net\/ik-blog\/yoneticinle-ilgili-ilk-neyi-degistirirdin\/\" target=\"_blank\">y\u00f6netici<\/a><\/strong><\/span>, farkl\u0131 \u00e7al\u0131\u015fma arkada\u015flar\u0131 hayallerimiz aras\u0131nda yer alabilir.<\/p>\n<p><a href=\"http:\/\/www.kariyer.net\/kariyer-rehberi\/wp-content\/uploads\/2016\/01\/is-arama1.jpg\"><img decoding=\"async\" class=\"alignnone size-full wp-image-6564\" src=\"http:\/\/www.kariyer.net\/kariyer-rehberi\/wp-content\/uploads\/2016\/01\/is-arama1.jpg\" alt=\"is-arama1\" width=\"600\" height=\"300\" srcset=\"https:\/\/www.kariyer.net\/kariyer-rehberi\/wp-content\/uploads\/2016\/01\/is-arama1.jpg 600w, https:\/\/www.kariyer.net\/kariyer-rehberi\/wp-content\/uploads\/2016\/01\/is-arama1-300x150.jpg 300w\" sizes=\"(max-width: 600px) 100vw, 600px\" \/><\/a><\/p>\n<p>Peki sadece i\u015f arayanlar olarak bu de\u011fi\u015fikliklere haz\u0131r olmak m\u0131 Ocak ay\u0131n\u0131 <span style=\"text-decoration: underline;\"><strong><a href=\"http:\/\/www.kariyer.net\/kariyer-rehberi\/is-aramak-sizi-depresyona-sokmasin\/\" target=\"_blank\">i\u015f aramak<\/a><\/strong><\/span> ve bulmak a\u00e7\u0131s\u0131ndan \u00f6zel bir ay yap\u0131yor? Elbette de\u011fil. B\u00fct\u00e7elerin yeniden olu\u015fturuldu\u011fu, stratejilerin ve planlamalar\u0131n yap\u0131ld\u0131\u011f\u0131, hedeflerin belirlendi\u011fi \u015firketler de t\u0131pk\u0131 adaylar gibi yeni y\u0131la daha g\u00fc\u00e7l\u00fc ve yenilenmi\u015f girmek istiyor. Dolay\u0131s\u0131yla i\u015fg\u00fcc\u00fcnde yenilik ve yeni hedeflere uygun aday aray\u0131\u015flar\u0131 \u015firketlerin de Ocak ay\u0131nda daha yo\u011fun bir aktif aray\u0131\u015flar\u0131n\u0131n oldu\u011funu g\u00f6steriyor.<\/p>\n<h2>Sadece i\u015finden memnun olmayanlar i\u015f aram\u0131yor<\/h2>\n<p>CareerBuilder<a href=\"http:\/\/www.careerbuilder.com\/\">&#8216;<\/a>da \u0130nsan Kaynaklar\u0131 Uzman\u0131 olan Rosemary Haefner, yapt\u0131klar\u0131 anketlerde her 5 \u00e7al\u0131\u015fandan birinin mutlaka her zaman i\u015f ilanlar\u0131na bakt\u0131\u011f\u0131n\u0131 s\u00f6yl\u00fcyor. Y ku\u015fa\u011f\u0131 ise yine s\u00fcrprizlerle dolu. Y\u00fczde 30&#8217;u her y\u0131l\u0131n sonunda mevcut i\u015flerini b\u0131rak\u0131p yeni bir i\u015fe ba\u015flamaya haz\u0131r.<\/p>\n<!-- templates\/buttons-placeholder.php -->\n<div class=\"da-reactions-outer TpostID6562\">\n\t    <div class=\"da-reactions-data da-reactions-container-async center\"\n         data-type=\"post\"\n         data-id=\"6562\"\n         id=\"da-reactions-slot-post-6562\">\n        <div class=\"da-reactions-static\">\n\t\t\t<img src=\"https:\/\/www.kariyer.net\/kariyer-rehberi\/wp-content\/plugins\/da-reactions\/assets\/dist\/loading.svg\" alt=\"Loading spinner\" width=\"48\" height=\"48\" style=\"width:48px\" \/>\n        <\/div>\n    <\/div>\n<\/div>\n","protected":false},"excerpt":{"rendered":"<p>Zam oranlar\u0131n\u0131n ve performans de\u011ferlendirmelerin sonu\u00e7lanmas\u0131yla birlikte yeni y\u0131l bir\u00e7ok \u00e7al\u0131\u015fan i\u00e7in yeni bir ba\u015flang\u0131\u00e7 anlam\u0131na da geliyor. Bu nedenle de Ocak ay\u0131 \u00e7al\u0131\u015fanlar i\u00e7in yeni i\u015f aray\u0131\u015flar\u0131n\u0131n y\u00fckseli\u015fe ge\u00e7ti\u011fini bir d\u00f6nem olarak ger\u00e7ekle\u015fiyor. \u0130\u015f arama sitesi Monster&#8216;a g\u00f6re yeni y\u0131l\u0131n ilk \u00e7ar\u015fambas\u0131 i\u015f aramaya ba\u015flamak i\u00e7in en uygun g\u00fcn olarak a\u00e7\u0131klan\u0131yor. \u0130statistikler d\u00fcnyada \u00f6zellikle [&hellip;]<\/p>\n<!-- templates\/buttons-placeholder.php -->\n<div class=\"da-reactions-outer TpostID6562\">\n\t    <div class=\"da-reactions-data da-reactions-container-async center\"\n         data-type=\"post\"\n         data-id=\"6562\"\n         id=\"da-reactions-slot-post-6562\">\n        <div class=\"da-reactions-static\">\n\t\t\t<img src=\"https:\/\/www.kariyer.net\/kariyer-rehberi\/wp-content\/plugins\/da-reactions\/assets\/dist\/loading.svg\" alt=\"Loading spinner\" width=\"48\" height=\"48\" style=\"width:48px\" \/>\n        <\/div>\n    <\/div>\n<\/div>\n","protected":false},"author":18,"featured_media":10749,"comment_status":"open","ping_status":"open","sticky":false,"template":"","format":"standard","meta":{"footnotes":"","_elementor_edit_mode":"","_elementor_template_type":"","_elementor_data":"","_elementor_page_settings":null,"_elementor_conditions":[]},"categories":[38,40],"tags":[],"class_list":{"0":"post-6562","1":"post","2":"type-post","3":"status-publish","4":"format-standard","5":"has-post-thumbnail","7":"category-is-arama","8":"category-is-arama-trendleri"},"yoast_head":"<!-- This site is optimized with the Yoast SEO Premium plugin v21.4 (Yoast SEO v27.0) - https:\/\/yoast.com\/product\/yoast-seo-premium-wordpress\/ -->\n<title>\u0130\u015f aramak i\u00e7in en uygun zaman Ocak ay\u0131 | Kariyer Rehberi<\/title>\n<meta name=\"description\" content=\"Zam oranlar\u0131n\u0131n ve performans de\u011ferlendirmelerin sonu\u00e7lanmas\u0131yla birlikte yeni y\u0131l bir\u00e7ok \u00e7al\u0131\u015fan i\u00e7in yeni bir ba\u015flang\u0131\u00e7 anlam\u0131na da geliyor. Bu nedenle\" \/>\n<meta name=\"robots\" content=\"index, follow, max-snippet:-1, max-image-preview:large, max-video-preview:-1\" \/>\n<link rel=\"canonical\" href=\"https:\/\/www.kariyer.net\/kariyer-rehberi\/is-aramak-icin-en-uygun-zaman-ocak-ayi\/\" \/>\n<meta property=\"og:locale\" content=\"tr_TR\" \/>\n<meta property=\"og:type\" content=\"article\" \/>\n<meta property=\"og:title\" content=\"\u0130\u015f aramak i\u00e7in en uygun zaman Ocak ay\u0131\" \/>\n<meta property=\"og:description\" content=\"Zam oranlar\u0131n\u0131n ve performans de\u011ferlendirmelerin sonu\u00e7lanmas\u0131yla birlikte yeni y\u0131l bir\u00e7ok \u00e7al\u0131\u015fan i\u00e7in yeni bir ba\u015flang\u0131\u00e7 anlam\u0131na da geliyor. Bu nedenle\" \/>\n<meta property=\"og:url\" content=\"https:\/\/www.kariyer.net\/kariyer-rehberi\/is-aramak-icin-en-uygun-zaman-ocak-ayi\/\" \/>\n<meta property=\"og:site_name\" content=\"Kariyer Rehberi\" \/>\n<meta property=\"article:published_time\" content=\"2016-01-08T12:22:03+00:00\" \/>\n<meta property=\"article:modified_time\" content=\"2017-08-29T10:49:08+00:00\" \/>\n<meta property=\"og:image\" content=\"https:\/\/www.kariyer.net\/kariyer-rehberi\/wp-content\/uploads\/2016\/01\/isarama54877.jpg\" \/>\n\t<meta property=\"og:image:width\" content=\"900\" \/>\n\t<meta property=\"og:image:height\" content=\"600\" \/>\n\t<meta property=\"og:image:type\" content=\"image\/jpeg\" \/>\n<meta name=\"author\" content=\"\u00c7i\u011fdem \u00c7al\u0131k\" \/>\n<meta name=\"twitter:card\" content=\"summary_large_image\" \/>\n<meta name=\"twitter:label1\" content=\"Yazan:\" \/>\n\t<meta name=\"twitter:data1\" content=\"\u00c7i\u011fdem \u00c7al\u0131k\" \/>\n\t<meta name=\"twitter:label2\" content=\"Tahmini okuma s\u00fcresi\" \/>\n\t<meta name=\"twitter:data2\" content=\"3 dakika\" \/>\n<!-- \/ Yoast SEO Premium plugin. -->","yoast_head_json":{"title":"\u0130\u015f aramak i\u00e7in en uygun zaman Ocak ay\u0131 | Kariyer Rehberi","description":"Zam oranlar\u0131n\u0131n ve performans de\u011ferlendirmelerin sonu\u00e7lanmas\u0131yla birlikte yeni y\u0131l bir\u00e7ok \u00e7al\u0131\u015fan i\u00e7in yeni bir ba\u015flang\u0131\u00e7 anlam\u0131na da geliyor. Bu nedenle","robots":{"index":"index","follow":"follow","max-snippet":"max-snippet:-1","max-image-preview":"max-image-preview:large","max-video-preview":"max-video-preview:-1"},"canonical":"https:\/\/www.kariyer.net\/kariyer-rehberi\/is-aramak-icin-en-uygun-zaman-ocak-ayi\/","og_locale":"tr_TR","og_type":"article","og_title":"\u0130\u015f aramak i\u00e7in en uygun zaman Ocak ay\u0131","og_description":"Zam oranlar\u0131n\u0131n ve performans de\u011ferlendirmelerin sonu\u00e7lanmas\u0131yla birlikte yeni y\u0131l bir\u00e7ok \u00e7al\u0131\u015fan i\u00e7in yeni bir ba\u015flang\u0131\u00e7 anlam\u0131na da geliyor. Bu nedenle","og_url":"https:\/\/www.kariyer.net\/kariyer-rehberi\/is-aramak-icin-en-uygun-zaman-ocak-ayi\/","og_site_name":"Kariyer Rehberi","article_published_time":"2016-01-08T12:22:03+00:00","article_modified_time":"2017-08-29T10:49:08+00:00","og_image":[{"width":900,"height":600,"url":"https:\/\/www.kariyer.net\/kariyer-rehberi\/wp-content\/uploads\/2016\/01\/isarama54877.jpg","type":"image\/jpeg"}],"author":"\u00c7i\u011fdem \u00c7al\u0131k","twitter_card":"summary_large_image","twitter_misc":{"Yazan:":"\u00c7i\u011fdem \u00c7al\u0131k","Tahmini okuma s\u00fcresi":"3 dakika"},"schema":{"@context":"https:\/\/schema.org","@graph":[{"@type":"Article","@id":"https:\/\/www.kariyer.net\/kariyer-rehberi\/is-aramak-icin-en-uygun-zaman-ocak-ayi\/#article","isPartOf":{"@id":"https:\/\/www.kariyer.net\/kariyer-rehberi\/is-aramak-icin-en-uygun-zaman-ocak-ayi\/"},"author":{"name":"\u00c7i\u011fdem \u00c7al\u0131k","@id":"https:\/\/www.kariyer.net\/kariyer-rehberi\/#\/schema\/person\/ef9a2dc2672d3e7352225313b455b447"},"headline":"\u0130\u015f aramak i\u00e7in en uygun zaman Ocak ay\u0131","datePublished":"2016-01-08T12:22:03+00:00","dateModified":"2017-08-29T10:49:08+00:00","mainEntityOfPage":{"@id":"https:\/\/www.kariyer.net\/kariyer-rehberi\/is-aramak-icin-en-uygun-zaman-ocak-ayi\/"},"wordCount":540,"commentCount":0,"publisher":{"@id":"https:\/\/www.kariyer.net\/kariyer-rehberi\/#organization"},"image":{"@id":"https:\/\/www.kariyer.net\/kariyer-rehberi\/is-aramak-icin-en-uygun-zaman-ocak-ayi\/#primaryimage"},"thumbnailUrl":"https:\/\/www.kariyer.net\/kariyer-rehberi\/wp-content\/uploads\/2016\/01\/isarama54877.jpg","articleSection":["\u0130\u015f Arama","\u0130\u015f Arama Trendleri"],"inLanguage":"tr","potentialAction":[{"@type":"CommentAction","name":"Comment","target":["https:\/\/www.kariyer.net\/kariyer-rehberi\/is-aramak-icin-en-uygun-zaman-ocak-ayi\/#respond"]}]},{"@type":"WebPage","@id":"https:\/\/www.kariyer.net\/kariyer-rehberi\/is-aramak-icin-en-uygun-zaman-ocak-ayi\/","url":"https:\/\/www.kariyer.net\/kariyer-rehberi\/is-aramak-icin-en-uygun-zaman-ocak-ayi\/","name":"\u0130\u015f aramak i\u00e7in en uygun zaman Ocak ay\u0131 | Kariyer Rehberi","isPartOf":{"@id":"https:\/\/www.kariyer.net\/kariyer-rehberi\/#website"},"primaryImageOfPage":{"@id":"https:\/\/www.kariyer.net\/kariyer-rehberi\/is-aramak-icin-en-uygun-zaman-ocak-ayi\/#primaryimage"},"image":{"@id":"https:\/\/www.kariyer.net\/kariyer-rehberi\/is-aramak-icin-en-uygun-zaman-ocak-ayi\/#primaryimage"},"thumbnailUrl":"https:\/\/www.kariyer.net\/kariyer-rehberi\/wp-content\/uploads\/2016\/01\/isarama54877.jpg","datePublished":"2016-01-08T12:22:03+00:00","dateModified":"2017-08-29T10:49:08+00:00","description":"Zam oranlar\u0131n\u0131n ve performans de\u011ferlendirmelerin sonu\u00e7lanmas\u0131yla birlikte yeni y\u0131l bir\u00e7ok \u00e7al\u0131\u015fan i\u00e7in yeni bir ba\u015flang\u0131\u00e7 anlam\u0131na da geliyor. Bu nedenle","breadcrumb":{"@id":"https:\/\/www.kariyer.net\/kariyer-rehberi\/is-aramak-icin-en-uygun-zaman-ocak-ayi\/#breadcrumb"},"inLanguage":"tr","potentialAction":[{"@type":"ReadAction","target":["https:\/\/www.kariyer.net\/kariyer-rehberi\/is-aramak-icin-en-uygun-zaman-ocak-ayi\/"]}]},{"@type":"ImageObject","inLanguage":"tr","@id":"https:\/\/www.kariyer.net\/kariyer-rehberi\/is-aramak-icin-en-uygun-zaman-ocak-ayi\/#primaryimage","url":"https:\/\/www.kariyer.net\/kariyer-rehberi\/wp-content\/uploads\/2016\/01\/isarama54877.jpg","contentUrl":"https:\/\/www.kariyer.net\/kariyer-rehberi\/wp-content\/uploads\/2016\/01\/isarama54877.jpg","width":900,"height":600},{"@type":"BreadcrumbList","@id":"https:\/\/www.kariyer.net\/kariyer-rehberi\/is-aramak-icin-en-uygun-zaman-ocak-ayi\/#breadcrumb","itemListElement":[{"@type":"ListItem","position":1,"name":"Anasayfa","item":"https:\/\/www.kariyer.net\/kariyer-rehberi\/"},{"@type":"ListItem","position":2,"name":"\u0130\u015f aramak i\u00e7in en uygun zaman Ocak ay\u0131"}]},{"@type":"WebSite","@id":"https:\/\/www.kariyer.net\/kariyer-rehberi\/#website","url":"https:\/\/www.kariyer.net\/kariyer-rehberi\/","name":"Kariyer Rehberi","description":"\u0130\u015f D\u00fcnyas\u0131yla \u0130lgili Bilmek \u0130stedi\u011finiz Her \u015eey","publisher":{"@id":"https:\/\/www.kariyer.net\/kariyer-rehberi\/#organization"},"potentialAction":[{"@type":"SearchAction","target":{"@type":"EntryPoint","urlTemplate":"https:\/\/www.kariyer.net\/kariyer-rehberi\/?s={search_term_string}"},"query-input":{"@type":"PropertyValueSpecification","valueRequired":true,"valueName":"search_term_string"}}],"inLanguage":"tr"},{"@type":"Organization","@id":"https:\/\/www.kariyer.net\/kariyer-rehberi\/#organization","name":"Kariyer.net","url":"https:\/\/www.kariyer.net\/kariyer-rehberi\/","logo":{"@type":"ImageObject","inLanguage":"tr","@id":"https:\/\/www.kariyer.net\/kariyer-rehberi\/#\/schema\/logo\/image\/","url":"https:\/\/www.kariyer.net\/kariyer-rehberi-new\/wp-content\/uploads\/2023\/01\/og-image11.jpg","contentUrl":"https:\/\/www.kariyer.net\/kariyer-rehberi-new\/wp-content\/uploads\/2023\/01\/og-image11.jpg","width":800,"height":800,"caption":"Kariyer.net"},"image":{"@id":"https:\/\/www.kariyer.net\/kariyer-rehberi\/#\/schema\/logo\/image\/"}},{"@type":"Person","@id":"https:\/\/www.kariyer.net\/kariyer-rehberi\/#\/schema\/person\/ef9a2dc2672d3e7352225313b455b447","name":"\u00c7i\u011fdem \u00c7al\u0131k","image":{"@type":"ImageObject","inLanguage":"tr","@id":"https:\/\/www.kariyer.net\/kariyer-rehberi\/#\/schema\/person\/image\/","url":"https:\/\/secure.gravatar.com\/avatar\/f270bbc5e4e6373aef80de8e9e55d27516cac7be363ef3b53ec26b94063ede66?s=96&d=mm&r=g","contentUrl":"https:\/\/secure.gravatar.com\/avatar\/f270bbc5e4e6373aef80de8e9e55d27516cac7be363ef3b53ec26b94063ede66?s=96&d=mm&r=g","caption":"\u00c7i\u011fdem \u00c7al\u0131k"},"description":"Ege \u00dcniversitesi\u2019nin ard\u0131ndan Galatasaray \u00dcniversitesi Radyo, Sinema, TV b\u00f6l\u00fcm\u00fcnden mezun oldu. Meslek hayat\u0131na reklam yazarl\u0131\u011f\u0131yla ba\u015flad\u0131. D\u00f6rt y\u0131ll\u0131k reklam d\u00fcnyas\u0131 deneyiminden sonra \u00e7e\u015fitli web sitelerinde k\u0131demli edit\u00f6r olarak \u00e7al\u0131\u015ft\u0131. 2015 y\u0131l\u0131nda Kariyer.net\u2019e i\u00e7erik y\u00f6neticisi olarak kat\u0131ld\u0131. \u0130K Blog, Kariyer Rehberi ve Kariyer Dergi i\u00e7in i\u00e7erik \u00fcretiyor.","sameAs":["http:\/\/www.kariyer.net\/kariyer-rehberi\/?p=6323"],"url":"https:\/\/www.kariyer.net\/kariyer-rehberi\/author\/cigdemcalik\/"}]}},"_links":{"self":[{"href":"https:\/\/www.kariyer.net\/kariyer-rehberi\/wp-json\/wp\/v2\/posts\/6562","targetHints":{"allow":["GET"]}}],"collection":[{"href":"https:\/\/www.kariyer.net\/kariyer-rehberi\/wp-json\/wp\/v2\/posts"}],"about":[{"href":"https:\/\/www.kariyer.net\/kariyer-rehberi\/wp-json\/wp\/v2\/types\/post"}],"author":[{"embeddable":true,"href":"https:\/\/www.kariyer.net\/kariyer-rehberi\/wp-json\/wp\/v2\/users\/18"}],"replies":[{"embeddable":true,"href":"https:\/\/www.kariyer.net\/kariyer-rehberi\/wp-json\/wp\/v2\/comments?post=6562"}],"version-history":[{"count":0,"href":"https:\/\/www.kariyer.net\/kariyer-rehberi\/wp-json\/wp\/v2\/posts\/6562\/revisions"}],"wp:featuredmedia":[{"embeddable":true,"href":"https:\/\/www.kariyer.net\/kariyer-rehberi\/wp-json\/wp\/v2\/media\/10749"}],"wp:attachment":[{"href":"https:\/\/www.kariyer.net\/kariyer-rehberi\/wp-json\/wp\/v2\/media?parent=6562"}],"wp:term":[{"taxonomy":"category","embeddable":true,"href":"https:\/\/www.kariyer.net\/kariyer-rehberi\/wp-json\/wp\/v2\/categories?post=6562"},{"taxonomy":"post_tag","embeddable":true,"href":"https:\/\/www.kariyer.net\/kariyer-rehberi\/wp-json\/wp\/v2\/tags?post=6562"}],"curies":[{"name":"wp","href":"https:\/\/api.w.org\/{rel}","templated":true}]}}