{"id":6801,"date":"2016-02-04T11:04:59","date_gmt":"2016-02-04T09:04:59","guid":{"rendered":"http:\/\/www.kariyer.net\/kariyer-rehberi\/?p=6801"},"modified":"2017-08-29T13:57:43","modified_gmt":"2017-08-29T10:57:43","slug":"is-basvurusu-reddedilen-adaylarin-verdigi-tepkiler","status":"publish","type":"post","link":"https:\/\/www.kariyer.net\/kariyer-rehberi\/is-basvurusu-reddedilen-adaylarin-verdigi-tepkiler\/","title":{"rendered":"\u0130\u015f ba\u015fvurusu reddedilen adaylar\u0131n verdi\u011fi tepkiler"},"content":{"rendered":"<p><strong>\u0130\u015f ba\u015fvurusunun reddedilmesi \u00fcstesinden gelinmesi zor bir durum olabiliyor. \u00a0Hele ki birka\u00e7 kez \u00fcst \u00fcste ayn\u0131 durum ya\u015fand\u0131ysa\u2026 Herkesin durumla ba\u015fa \u00e7\u0131kma y\u00f6ntemi farkl\u0131. Reddedilmeye \u00e7ok sinirlenen \u00e7al\u0131\u015fan profilinden, durumu s\u00fckunetle kar\u015f\u0131lay\u0131p aray\u0131\u015f\u0131na devam eden \u00e7al\u0131\u015fan profiline kadar \u00e7ok farkl\u0131 tepki verenler var. D\u00fcnyan\u0131n bir\u00e7ok yerinde reddedilen i\u015f ba\u015fvurusuna benzer tepkiler veriliyor.\u00a0<\/strong><\/p>\n<p>Uzun s\u00fcredir i\u015f arayan birisinin reddedilen i\u015f ba\u015fvurusuna olgunlukla ve pozitif yakla\u015fmas\u0131 \u00e7ok zor. Kariyer planlar\u0131n\u0131n yan\u0131 s\u0131ra elbette ekonomik pek \u00e7ok nedenle i\u015f aray\u0131\u015f\u0131 herkes i\u00e7in \u00e7ok kritik. Bu nedenle reddedilme karar\u0131n\u0131 duyar duymaz tepkisini hemen firmaya iletmek isteyen pek \u00e7ok aday var. Baz\u0131 adaylar firmaya\u00a0tepki mailleri yaz\u0131yor ve hayal k\u0131r\u0131kl\u0131klar\u0131n\u0131 ifade ediyor baz\u0131lar\u0131 ise daha farkl\u0131 ifade bi\u00e7imlerini tercih ediyor. <strong>Totaljobs<\/strong> sitesi <span style=\"text-decoration: underline;\"><strong><a href=\"http:\/\/www.kariyer.net\/kariyer-rehberi\/is-basvurusu-yapmak-icin-en-uygun-gun-hangisi\/\" target=\"_blank\">i\u015f ba\u015fvurusu<\/a><\/strong><\/span> reddedilen ki\u015filerin verdi\u011fi ilgin\u00e7 tepkilerini bir araya getirmi\u015f.<\/p>\n<p>\u0130\u015fte reddedilen i\u015f ba\u015fvurusuna verilen ilgin\u00e7 tepkiler:<\/p>\n<h2><strong>\u0130\u015f ba\u015fvurumun reddini reddediyorum!<\/strong><\/h2>\n<p>Bu grupta i\u015f ba\u015fvurusunun reddedildi\u011fini mail yoluyla \u00f6\u011frenen ve buna cevap veren adaylar var. Adaylar\u0131n \u00e7o\u011fu uzun bir maille i\u015fverene cevap veriyor ve reddedilmelerini reddediyor. \u201cBen bu i\u015fe uygunum, beni almayarak \u00e7ok \u015fey kaybettiniz!\u201d konseptli mailin dili de olduk\u00e7a tepkili. Bu grupta genellikle arka arkaya farkl\u0131 pozisyonlara kabul edilmeyen, uzun s\u00fcredir i\u015fsiz ve bu durumdan \u00e7ok yorulmu\u015f <span style=\"text-decoration: underline;\"><strong><a href=\"http:\/\/www.kariyer.net\/kariyer-rehberi\/yeni-mezundan-neden-cok-iyi-calisan-olur\/\" target=\"_blank\">\u00e7al\u0131\u015fan adaylar\u0131<\/a><\/strong><\/span> yer al\u0131yor.<\/p>\n<p><img fetchpriority=\"high\" decoding=\"async\" class=\"alignnone wp-image-6820 size-full\" src=\"http:\/\/www.kariyer.net\/kariyer-rehberi\/wp-content\/uploads\/2016\/02\/red22.jpg\" alt=\"red22\" width=\"600\" height=\"300\" srcset=\"https:\/\/www.kariyer.net\/kariyer-rehberi\/wp-content\/uploads\/2016\/02\/red22.jpg 600w, https:\/\/www.kariyer.net\/kariyer-rehberi\/wp-content\/uploads\/2016\/02\/red22-300x150.jpg 300w\" sizes=\"(max-width: 600px) 100vw, 600px\" \/><\/p>\n<h2><strong>Beni almad\u0131\u011f\u0131n\u0131z i\u00e7in \u00e7ok \u00fczg\u00fcn\u00fcm, ama\u2026<\/strong><\/h2>\n<p>Bu grupta yine mail yoluyla cevap veren adaylar var. Mailin dili sakin, duygusal ve ikna etmeye odakl\u0131. \u00c7al\u0131\u015fan i\u015fverene \u201cBeni almad\u0131\u011f\u0131n\u0131z i\u00e7in \u00e7ok \u00fczg\u00fcn\u00fcm, ama \u015fu ve bu yeteneklerim sizin i\u00e7in ideal, projelerim de \u015funlar\u201d mealinde detayl\u0131 bir mail at\u0131yor. Ama\u00e7 daha ikna edici bir y\u00f6ntemle <span style=\"text-decoration: underline;\"><strong><a href=\"http:\/\/www.kariyer.net\/ik-blog\/turkiyedeki-isverenlerin-rsi-yetenek-bulamiyorum-diyor\/\" target=\"_blank\">i\u015fverenin<\/a><\/strong><\/span> karar\u0131n\u0131 de\u011fi\u015ftirme olas\u0131l\u0131\u011f\u0131n\u0131 zorlamak ve ona son bir hat\u0131rlatma yapmak.<\/p>\n<h2><strong>Arslan kuzuyu yedi<\/strong><\/h2>\n<p>Bu grupta hikaye anlat\u0131c\u0131lar\u0131 var. Genelde tepkilerini daha edebi bir \u015fekilde ve metaforlar \u00fczerinden veriyorlar. Ma\u011fduriyetlerinin \u00fczerinde durup i\u015fverenin yanl\u0131\u015f karar\u0131n\u0131 ele\u015ftiriyorlar. Genelde uzun bir k\u0131ssadan hisse hikayesinin de e\u015flik etti\u011fi bu t\u00fcr maillerde \u00e7o\u011funlukla daha a\u011fdal\u0131 bir dil kullan\u0131l\u0131yor.<\/p>\n<p><img decoding=\"async\" class=\"alignnone size-full wp-image-6822\" src=\"http:\/\/www.kariyer.net\/kariyer-rehberi\/wp-content\/uploads\/2016\/02\/reddd.jpg\" alt=\"reddd\" width=\"600\" height=\"300\" srcset=\"https:\/\/www.kariyer.net\/kariyer-rehberi\/wp-content\/uploads\/2016\/02\/reddd.jpg 600w, https:\/\/www.kariyer.net\/kariyer-rehberi\/wp-content\/uploads\/2016\/02\/reddd-300x150.jpg 300w\" sizes=\"(max-width: 600px) 100vw, 600px\" \/><\/p>\n<h2><strong>Pasif agresifim<\/strong><\/h2>\n<p>Bu grupta hayal k\u0131r\u0131kl\u0131klar\u0131n\u0131 mutlaka ifade etmek isteyen, ama \u00e7ok fazla tepki verip ayn\u0131 firmada olu\u015fabilecek farkl\u0131 bir i\u015f f\u0131rsat\u0131n\u0131 ka\u00e7\u0131rma riskini de g\u00f6ze alamayan adaylar yer al\u0131yor. Bu adaylar gayet sayg\u0131l\u0131 bir \u015fekilde \u201cBeni almad\u0131\u011f\u0131n\u0131za \u00fcz\u00fcld\u00fcm, umar\u0131m tekrar bir araya gelebiliriz\u201d mesaj\u0131 vermek istiyor.<\/p>\n<h2><strong><em>Yine dene, yeniden dene!<\/em><\/strong><\/h2>\n<p><em>\u0130\u015fsiz kalmak, hele de s\u00fcre\u00e7 uzad\u0131ysa \u00e7ok zor. Fakat asla denemekten vazge\u00e7memek gerekiyor. Elbette bir yerlerde yeteneklerinize uygun, kendinizi yaparken mutlu hissedece\u011finiz bir i\u015f sizi bekliyor. Pes etmeyin, denemeye devam edin.<\/em><\/p>\n<p><a href=\"http:\/\/www.kariyer.net\/\"><img decoding=\"async\" class=\"alignleft wp-image-6843 size-full\" src=\"http:\/\/www.kariyer.net\/kariyer-rehberi\/wp-content\/uploads\/2016\/02\/ilanlara-basvur.png\" alt=\"ilanlara-basvur\" width=\"239\" height=\"46\" \/><\/a><\/p>\n<!-- templates\/buttons-placeholder.php -->\n<div class=\"da-reactions-outer TpostID6801\">\n\t    <div class=\"da-reactions-data da-reactions-container-async center\"\n         data-type=\"post\"\n         data-id=\"6801\"\n         id=\"da-reactions-slot-post-6801\">\n        <div class=\"da-reactions-static\">\n\t\t\t<img src=\"https:\/\/www.kariyer.net\/kariyer-rehberi\/wp-content\/plugins\/da-reactions\/assets\/dist\/loading.svg\" alt=\"Loading spinner\" width=\"48\" height=\"48\" style=\"width:48px\" \/>\n        <\/div>\n    <\/div>\n<\/div>\n","protected":false},"excerpt":{"rendered":"<p>\u0130\u015f ba\u015fvurusunun reddedilmesi \u00fcstesinden gelinmesi zor bir durum olabiliyor. \u00a0Hele ki birka\u00e7 kez \u00fcst \u00fcste ayn\u0131 durum ya\u015fand\u0131ysa\u2026 Herkesin durumla ba\u015fa \u00e7\u0131kma y\u00f6ntemi farkl\u0131. Reddedilmeye \u00e7ok sinirlenen \u00e7al\u0131\u015fan profilinden, durumu s\u00fckunetle kar\u015f\u0131lay\u0131p aray\u0131\u015f\u0131na devam eden \u00e7al\u0131\u015fan profiline kadar \u00e7ok farkl\u0131 tepki verenler var. D\u00fcnyan\u0131n bir\u00e7ok yerinde reddedilen i\u015f ba\u015fvurusuna benzer tepkiler veriliyor.\u00a0 Uzun s\u00fcredir i\u015f [&hellip;]<\/p>\n<!-- templates\/buttons-placeholder.php -->\n<div class=\"da-reactions-outer TpostID6801\">\n\t    <div class=\"da-reactions-data da-reactions-container-async center\"\n         data-type=\"post\"\n         data-id=\"6801\"\n         id=\"da-reactions-slot-post-6801\">\n        <div class=\"da-reactions-static\">\n\t\t\t<img src=\"https:\/\/www.kariyer.net\/kariyer-rehberi\/wp-content\/plugins\/da-reactions\/assets\/dist\/loading.svg\" alt=\"Loading spinner\" width=\"48\" height=\"48\" style=\"width:48px\" \/>\n        <\/div>\n    <\/div>\n<\/div>\n","protected":false},"author":18,"featured_media":10750,"comment_status":"open","ping_status":"open","sticky":false,"template":"","format":"standard","meta":{"footnotes":"","_elementor_edit_mode":"","_elementor_template_type":"","_elementor_data":"","_elementor_page_settings":null,"_elementor_conditions":[]},"categories":[39,38],"tags":[],"class_list":{"0":"post-6801","1":"post","2":"type-post","3":"status-publish","4":"format-standard","5":"has-post-thumbnail","7":"category-dogru-basvuru","8":"category-is-arama"},"yoast_head":"<!-- This site is optimized with the Yoast SEO Premium plugin v21.4 (Yoast SEO v27.0) - https:\/\/yoast.com\/product\/yoast-seo-premium-wordpress\/ -->\n<title>\u0130\u015f ba\u015fvurusu reddedilen adaylar\u0131n verdi\u011fi tepkiler | Kariyer Rehberi<\/title>\n<meta name=\"description\" content=\"\u0130\u015f ba\u015fvurusunun reddedilmesi \u00fcstesinden gelinmesi zor bir durum olabiliyor. \u00a0Hele ki birka\u00e7 kez \u00fcst \u00fcste ayn\u0131 durum ya\u015fand\u0131ysa\u2026 Herkesin durumla ba\u015fa\" \/>\n<meta name=\"robots\" content=\"index, follow, max-snippet:-1, max-image-preview:large, max-video-preview:-1\" \/>\n<link rel=\"canonical\" href=\"https:\/\/www.kariyer.net\/kariyer-rehberi\/is-basvurusu-reddedilen-adaylarin-verdigi-tepkiler\/\" \/>\n<meta property=\"og:locale\" content=\"tr_TR\" \/>\n<meta property=\"og:type\" content=\"article\" \/>\n<meta property=\"og:title\" content=\"\u0130\u015f ba\u015fvurusu reddedilen adaylar\u0131n verdi\u011fi tepkiler\" \/>\n<meta property=\"og:description\" content=\"\u0130\u015f ba\u015fvurusunun reddedilmesi \u00fcstesinden gelinmesi zor bir durum olabiliyor. \u00a0Hele ki birka\u00e7 kez \u00fcst \u00fcste ayn\u0131 durum ya\u015fand\u0131ysa\u2026 Herkesin durumla ba\u015fa\" \/>\n<meta property=\"og:url\" content=\"https:\/\/www.kariyer.net\/kariyer-rehberi\/is-basvurusu-reddedilen-adaylarin-verdigi-tepkiler\/\" \/>\n<meta property=\"og:site_name\" content=\"Kariyer Rehberi\" \/>\n<meta property=\"article:published_time\" content=\"2016-02-04T09:04:59+00:00\" \/>\n<meta property=\"article:modified_time\" content=\"2017-08-29T10:57:43+00:00\" \/>\n<meta property=\"og:image\" content=\"https:\/\/www.kariyer.net\/kariyer-rehberi\/wp-content\/uploads\/2016\/02\/red54878.jpg\" \/>\n\t<meta property=\"og:image:width\" content=\"900\" \/>\n\t<meta property=\"og:image:height\" content=\"600\" \/>\n\t<meta property=\"og:image:type\" content=\"image\/jpeg\" \/>\n<meta name=\"author\" content=\"\u00c7i\u011fdem \u00c7al\u0131k\" \/>\n<meta name=\"twitter:card\" content=\"summary_large_image\" \/>\n<meta name=\"twitter:label1\" content=\"Yazan:\" \/>\n\t<meta name=\"twitter:data1\" content=\"\u00c7i\u011fdem \u00c7al\u0131k\" \/>\n\t<meta name=\"twitter:label2\" content=\"Tahmini okuma s\u00fcresi\" \/>\n\t<meta name=\"twitter:data2\" content=\"2 dakika\" \/>\n<!-- \/ Yoast SEO Premium plugin. -->","yoast_head_json":{"title":"\u0130\u015f ba\u015fvurusu reddedilen adaylar\u0131n verdi\u011fi tepkiler | Kariyer Rehberi","description":"\u0130\u015f ba\u015fvurusunun reddedilmesi \u00fcstesinden gelinmesi zor bir durum olabiliyor. \u00a0Hele ki birka\u00e7 kez \u00fcst \u00fcste ayn\u0131 durum ya\u015fand\u0131ysa\u2026 Herkesin durumla ba\u015fa","robots":{"index":"index","follow":"follow","max-snippet":"max-snippet:-1","max-image-preview":"max-image-preview:large","max-video-preview":"max-video-preview:-1"},"canonical":"https:\/\/www.kariyer.net\/kariyer-rehberi\/is-basvurusu-reddedilen-adaylarin-verdigi-tepkiler\/","og_locale":"tr_TR","og_type":"article","og_title":"\u0130\u015f ba\u015fvurusu reddedilen adaylar\u0131n verdi\u011fi tepkiler","og_description":"\u0130\u015f ba\u015fvurusunun reddedilmesi \u00fcstesinden gelinmesi zor bir durum olabiliyor. \u00a0Hele ki birka\u00e7 kez \u00fcst \u00fcste ayn\u0131 durum ya\u015fand\u0131ysa\u2026 Herkesin durumla ba\u015fa","og_url":"https:\/\/www.kariyer.net\/kariyer-rehberi\/is-basvurusu-reddedilen-adaylarin-verdigi-tepkiler\/","og_site_name":"Kariyer Rehberi","article_published_time":"2016-02-04T09:04:59+00:00","article_modified_time":"2017-08-29T10:57:43+00:00","og_image":[{"width":900,"height":600,"url":"https:\/\/www.kariyer.net\/kariyer-rehberi\/wp-content\/uploads\/2016\/02\/red54878.jpg","type":"image\/jpeg"}],"author":"\u00c7i\u011fdem \u00c7al\u0131k","twitter_card":"summary_large_image","twitter_misc":{"Yazan:":"\u00c7i\u011fdem \u00c7al\u0131k","Tahmini okuma s\u00fcresi":"2 dakika"},"schema":{"@context":"https:\/\/schema.org","@graph":[{"@type":"Article","@id":"https:\/\/www.kariyer.net\/kariyer-rehberi\/is-basvurusu-reddedilen-adaylarin-verdigi-tepkiler\/#article","isPartOf":{"@id":"https:\/\/www.kariyer.net\/kariyer-rehberi\/is-basvurusu-reddedilen-adaylarin-verdigi-tepkiler\/"},"author":{"name":"\u00c7i\u011fdem \u00c7al\u0131k","@id":"https:\/\/www.kariyer.net\/kariyer-rehberi\/#\/schema\/person\/ef9a2dc2672d3e7352225313b455b447"},"headline":"\u0130\u015f ba\u015fvurusu reddedilen adaylar\u0131n verdi\u011fi tepkiler","datePublished":"2016-02-04T09:04:59+00:00","dateModified":"2017-08-29T10:57:43+00:00","mainEntityOfPage":{"@id":"https:\/\/www.kariyer.net\/kariyer-rehberi\/is-basvurusu-reddedilen-adaylarin-verdigi-tepkiler\/"},"wordCount":495,"commentCount":0,"publisher":{"@id":"https:\/\/www.kariyer.net\/kariyer-rehberi\/#organization"},"image":{"@id":"https:\/\/www.kariyer.net\/kariyer-rehberi\/is-basvurusu-reddedilen-adaylarin-verdigi-tepkiler\/#primaryimage"},"thumbnailUrl":"https:\/\/www.kariyer.net\/kariyer-rehberi\/wp-content\/uploads\/2016\/02\/red54878.jpg","articleSection":["Do\u011fru Ba\u015fvuru","\u0130\u015f Arama"],"inLanguage":"tr","potentialAction":[{"@type":"CommentAction","name":"Comment","target":["https:\/\/www.kariyer.net\/kariyer-rehberi\/is-basvurusu-reddedilen-adaylarin-verdigi-tepkiler\/#respond"]}]},{"@type":"WebPage","@id":"https:\/\/www.kariyer.net\/kariyer-rehberi\/is-basvurusu-reddedilen-adaylarin-verdigi-tepkiler\/","url":"https:\/\/www.kariyer.net\/kariyer-rehberi\/is-basvurusu-reddedilen-adaylarin-verdigi-tepkiler\/","name":"\u0130\u015f ba\u015fvurusu reddedilen adaylar\u0131n verdi\u011fi tepkiler | Kariyer Rehberi","isPartOf":{"@id":"https:\/\/www.kariyer.net\/kariyer-rehberi\/#website"},"primaryImageOfPage":{"@id":"https:\/\/www.kariyer.net\/kariyer-rehberi\/is-basvurusu-reddedilen-adaylarin-verdigi-tepkiler\/#primaryimage"},"image":{"@id":"https:\/\/www.kariyer.net\/kariyer-rehberi\/is-basvurusu-reddedilen-adaylarin-verdigi-tepkiler\/#primaryimage"},"thumbnailUrl":"https:\/\/www.kariyer.net\/kariyer-rehberi\/wp-content\/uploads\/2016\/02\/red54878.jpg","datePublished":"2016-02-04T09:04:59+00:00","dateModified":"2017-08-29T10:57:43+00:00","description":"\u0130\u015f ba\u015fvurusunun reddedilmesi \u00fcstesinden gelinmesi zor bir durum olabiliyor. \u00a0Hele ki birka\u00e7 kez \u00fcst \u00fcste ayn\u0131 durum ya\u015fand\u0131ysa\u2026 Herkesin durumla ba\u015fa","breadcrumb":{"@id":"https:\/\/www.kariyer.net\/kariyer-rehberi\/is-basvurusu-reddedilen-adaylarin-verdigi-tepkiler\/#breadcrumb"},"inLanguage":"tr","potentialAction":[{"@type":"ReadAction","target":["https:\/\/www.kariyer.net\/kariyer-rehberi\/is-basvurusu-reddedilen-adaylarin-verdigi-tepkiler\/"]}]},{"@type":"ImageObject","inLanguage":"tr","@id":"https:\/\/www.kariyer.net\/kariyer-rehberi\/is-basvurusu-reddedilen-adaylarin-verdigi-tepkiler\/#primaryimage","url":"https:\/\/www.kariyer.net\/kariyer-rehberi\/wp-content\/uploads\/2016\/02\/red54878.jpg","contentUrl":"https:\/\/www.kariyer.net\/kariyer-rehberi\/wp-content\/uploads\/2016\/02\/red54878.jpg","width":900,"height":600},{"@type":"BreadcrumbList","@id":"https:\/\/www.kariyer.net\/kariyer-rehberi\/is-basvurusu-reddedilen-adaylarin-verdigi-tepkiler\/#breadcrumb","itemListElement":[{"@type":"ListItem","position":1,"name":"Anasayfa","item":"https:\/\/www.kariyer.net\/kariyer-rehberi\/"},{"@type":"ListItem","position":2,"name":"\u0130\u015f ba\u015fvurusu reddedilen adaylar\u0131n verdi\u011fi tepkiler"}]},{"@type":"WebSite","@id":"https:\/\/www.kariyer.net\/kariyer-rehberi\/#website","url":"https:\/\/www.kariyer.net\/kariyer-rehberi\/","name":"Kariyer Rehberi","description":"\u0130\u015f D\u00fcnyas\u0131yla \u0130lgili Bilmek \u0130stedi\u011finiz Her \u015eey","publisher":{"@id":"https:\/\/www.kariyer.net\/kariyer-rehberi\/#organization"},"potentialAction":[{"@type":"SearchAction","target":{"@type":"EntryPoint","urlTemplate":"https:\/\/www.kariyer.net\/kariyer-rehberi\/?s={search_term_string}"},"query-input":{"@type":"PropertyValueSpecification","valueRequired":true,"valueName":"search_term_string"}}],"inLanguage":"tr"},{"@type":"Organization","@id":"https:\/\/www.kariyer.net\/kariyer-rehberi\/#organization","name":"Kariyer.net","url":"https:\/\/www.kariyer.net\/kariyer-rehberi\/","logo":{"@type":"ImageObject","inLanguage":"tr","@id":"https:\/\/www.kariyer.net\/kariyer-rehberi\/#\/schema\/logo\/image\/","url":"https:\/\/www.kariyer.net\/kariyer-rehberi-new\/wp-content\/uploads\/2023\/01\/og-image11.jpg","contentUrl":"https:\/\/www.kariyer.net\/kariyer-rehberi-new\/wp-content\/uploads\/2023\/01\/og-image11.jpg","width":800,"height":800,"caption":"Kariyer.net"},"image":{"@id":"https:\/\/www.kariyer.net\/kariyer-rehberi\/#\/schema\/logo\/image\/"}},{"@type":"Person","@id":"https:\/\/www.kariyer.net\/kariyer-rehberi\/#\/schema\/person\/ef9a2dc2672d3e7352225313b455b447","name":"\u00c7i\u011fdem \u00c7al\u0131k","image":{"@type":"ImageObject","inLanguage":"tr","@id":"https:\/\/www.kariyer.net\/kariyer-rehberi\/#\/schema\/person\/image\/","url":"https:\/\/secure.gravatar.com\/avatar\/f270bbc5e4e6373aef80de8e9e55d27516cac7be363ef3b53ec26b94063ede66?s=96&d=mm&r=g","contentUrl":"https:\/\/secure.gravatar.com\/avatar\/f270bbc5e4e6373aef80de8e9e55d27516cac7be363ef3b53ec26b94063ede66?s=96&d=mm&r=g","caption":"\u00c7i\u011fdem \u00c7al\u0131k"},"description":"Ege \u00dcniversitesi\u2019nin ard\u0131ndan Galatasaray \u00dcniversitesi Radyo, Sinema, TV b\u00f6l\u00fcm\u00fcnden mezun oldu. Meslek hayat\u0131na reklam yazarl\u0131\u011f\u0131yla ba\u015flad\u0131. D\u00f6rt y\u0131ll\u0131k reklam d\u00fcnyas\u0131 deneyiminden sonra \u00e7e\u015fitli web sitelerinde k\u0131demli edit\u00f6r olarak \u00e7al\u0131\u015ft\u0131. 2015 y\u0131l\u0131nda Kariyer.net\u2019e i\u00e7erik y\u00f6neticisi olarak kat\u0131ld\u0131. \u0130K Blog, Kariyer Rehberi ve Kariyer Dergi i\u00e7in i\u00e7erik \u00fcretiyor.","sameAs":["http:\/\/www.kariyer.net\/kariyer-rehberi\/?p=6323"],"url":"https:\/\/www.kariyer.net\/kariyer-rehberi\/author\/cigdemcalik\/"}]}},"_links":{"self":[{"href":"https:\/\/www.kariyer.net\/kariyer-rehberi\/wp-json\/wp\/v2\/posts\/6801","targetHints":{"allow":["GET"]}}],"collection":[{"href":"https:\/\/www.kariyer.net\/kariyer-rehberi\/wp-json\/wp\/v2\/posts"}],"about":[{"href":"https:\/\/www.kariyer.net\/kariyer-rehberi\/wp-json\/wp\/v2\/types\/post"}],"author":[{"embeddable":true,"href":"https:\/\/www.kariyer.net\/kariyer-rehberi\/wp-json\/wp\/v2\/users\/18"}],"replies":[{"embeddable":true,"href":"https:\/\/www.kariyer.net\/kariyer-rehberi\/wp-json\/wp\/v2\/comments?post=6801"}],"version-history":[{"count":0,"href":"https:\/\/www.kariyer.net\/kariyer-rehberi\/wp-json\/wp\/v2\/posts\/6801\/revisions"}],"wp:featuredmedia":[{"embeddable":true,"href":"https:\/\/www.kariyer.net\/kariyer-rehberi\/wp-json\/wp\/v2\/media\/10750"}],"wp:attachment":[{"href":"https:\/\/www.kariyer.net\/kariyer-rehberi\/wp-json\/wp\/v2\/media?parent=6801"}],"wp:term":[{"taxonomy":"category","embeddable":true,"href":"https:\/\/www.kariyer.net\/kariyer-rehberi\/wp-json\/wp\/v2\/categories?post=6801"},{"taxonomy":"post_tag","embeddable":true,"href":"https:\/\/www.kariyer.net\/kariyer-rehberi\/wp-json\/wp\/v2\/tags?post=6801"}],"curies":[{"name":"wp","href":"https:\/\/api.w.org\/{rel}","templated":true}]}}