{"id":6848,"date":"2024-05-13T09:02:08","date_gmt":"2024-05-13T06:02:08","guid":{"rendered":"http:\/\/www.kariyer.net\/kariyer-rehberi\/?p=6848"},"modified":"2025-06-19T17:51:41","modified_gmt":"2025-06-19T14:51:41","slug":"mulakat-sorulari-1-sizi-neden-ise-alalim","status":"publish","type":"post","link":"https:\/\/www.kariyer.net\/kariyer-rehberi\/mulakat-sorulari-1-sizi-neden-ise-alalim\/","title":{"rendered":"M\u00fclakat sorular\u0131: &#8220;Sizi neden i\u015fe alal\u0131m?&#8221;"},"content":{"rendered":"<p><strong>\u0130\u015f g\u00f6r\u00fc\u015fmelerinde adaylar\u0131n en \u00e7ok kar\u015f\u0131la\u015ft\u0131\u011f\u0131 &#8220;Sizi neden i\u015fe alal\u0131m?\u201d sorusu, \u0130K uzmanlar\u0131n\u0131n cevab\u0131n\u0131 en \u00f6nemsedi\u011fi sorulardan biri. Peki, b<\/strong><strong>u soruya etkili yan\u0131tlar verebilmek i\u00e7in i\u015f g\u00f6r\u00fc\u015fmesi yapt\u0131\u011f\u0131n pozisyona g\u00f6re nas\u0131l bir haz\u0131rl\u0131k yapmal\u0131s\u0131n?\u00a0<\/strong><\/p>\n<p>\u201cSizi neden i\u015fe alal\u0131m?\u201d sorusu, i\u015f g\u00f6r\u00fc\u015fmelerinde \u0130K uzmanlar\u0131n\u0131n adaylara en \u00e7ok sordu\u011fu m\u00fclakat sorular\u0131 aras\u0131nda. G\u00f6r\u00fc\u015fmecinin bu soruyu sormas\u0131 asl\u0131nda \u201cSeni tan\u0131mak istiyorum, bana kendini anlat\u201d anlam\u0131na gelir ve aday i\u00e7in kendini tan\u0131tma f\u0131rsat\u0131 do\u011far.<\/p>\n<p>Bu sorunun soruldu\u011fu an, aday\u0131n asl\u0131nda ne istedi\u011finin, nas\u0131l bir \u00e7al\u0131\u015fma ortam\u0131n\u0131 arzu etti\u011finin konu\u015fulaca\u011f\u0131 an de\u011fil, \u00a0aday\u0131n kendi becerilerini ve yeteneklerini, onu di\u011fer adaylardan ay\u0131ran \u00f6zeliklerini \u0130K uzman\u0131na k\u0131saca anlatt\u0131\u011f\u0131 and\u0131r. Bu nedenle m\u00fclakatta i\u015fe al\u0131m uzman\u0131na, cevab\u0131n\u0131 destekleyecek detaylar vermen, yapt\u0131\u011f\u0131n \u00e7al\u0131\u015fmalar\u0131ndan konuya ili\u015fkin \u00f6rnekler g\u00f6stermen deneyimlerini kar\u015f\u0131 tarafa \u00e7ok daha iyi aktarman\u0131 sa\u011flar.<\/p>\n<p>Bu kritik soruya verilebilecek cevap \u00f6nerileri \u015f\u00f6yle;<\/p>\n<h2><strong>Yanl\u0131\u015f cevap: <\/strong><\/h2>\n<ul>\n<li>\u00c7\u00fcnk\u00fc bir i\u015fe ihtiyac\u0131m var ve bu i\u015fi istiyorum.<\/li>\n<li>Ben ger\u00e7ekten \u00e7ok \u00e7al\u0131\u015fkan\u0131m ve bu \u015firkette \u00e7al\u0131\u015fmay\u0131 \u00e7ok istiyorum.<\/li>\n<\/ul>\n<h2><strong>Do\u011fru cevap<\/strong>:<\/h2>\n<ul>\n<li>\u00c7\u00fcnk\u00fc bu pozisyon i\u00e7in olduk\u00e7a deneyimliyim. \u00d6rnek vermem gerekirse\u2026<\/li>\n<li>Bu i\u015fi yaparken ne t\u00fcr problemlerle kar\u015f\u0131la\u015f\u0131labilece\u011fini ve bu problemlerin \u00e7\u00f6z\u00fcm\u00fcn\u00fcn ne oldu\u011funu \u00e7ok iyi biliyorum.. \u00d6rne\u011fin\u2026<\/li>\n<\/ul>\n<p>&nbsp;<\/p>\n<p><a href=\"http:\/\/www.kariyer.net\/kariyer-rehberi\/wp-content\/uploads\/2016\/02\/IS_GORUSMESI827.jpg\"><img fetchpriority=\"high\" decoding=\"async\" class=\"alignnone size-full wp-image-6851\" src=\"http:\/\/www.kariyer.net\/kariyer-rehberi\/wp-content\/uploads\/2016\/02\/IS_GORUSMESI827.jpg\" alt=\"IS_GORUSMESI827\" width=\"600\" height=\"300\" srcset=\"https:\/\/www.kariyer.net\/kariyer-rehberi\/wp-content\/uploads\/2016\/02\/IS_GORUSMESI827.jpg 600w, https:\/\/www.kariyer.net\/kariyer-rehberi\/wp-content\/uploads\/2016\/02\/IS_GORUSMESI827-300x150.jpg 300w\" sizes=\"(max-width: 600px) 100vw, 600px\" \/><\/a><\/p>\n<h2><strong>Sorulara haz\u0131rl\u0131kl\u0131 ol<\/strong><\/h2>\n<p>\u0130\u015f g\u00f6r\u00fc\u015fmesinde &#8220;Sizi neden i\u015fe alal\u0131m?\u201d sorusunun hemen arkas\u0131ndan genellikle, \u201cBu \u015firket i\u00e7in neler yapabilirsin?\u201d sorusu eklenir. Ancak bu soruya cevap vermeden \u00f6nce i\u015fin tan\u0131m\u0131n\u0131 ve g\u00f6rev kapsam\u0131n\u0131 ara\u015ft\u0131rman \u00f6nemli bir a\u015famay\u0131 atlatman anlam\u0131na geliyor. \u00a0B\u00f6ylece g\u00f6r\u00fc\u015fmede &#8220;\u0130\u015fin ihtiyac\u0131 olan yetkinlikler nedir ve o pozisyonda \u00e7al\u0131\u015fanlar\u0131n \u015firkete ne t\u00fcr katk\u0131s\u0131 olur? Yeni ne t\u00fcr projeler \u00fcretilebilir?&#8221; gibi sorular\u0131n cevaplar\u0131na da rahat\u00e7a cevap verebilirsin.<\/p>\n<p>Bu t\u00fcr sorulara haz\u0131rl\u0131k yapmak i\u00e7in a\u015fa\u011f\u0131daki \u00f6rnekte bo\u015fluk b\u0131rak\u0131lan alanlar\u0131 kendi i\u015fine uyarlayarak yan\u0131tlayabilirsin.<\/p>\n<p>\u201cKonu\u015fmam\u0131zdan anlad\u0131\u011f\u0131m kadar\u0131yla, siz daha \u00e7ok \u00a0\u2026&#8230; alan\u0131nda \u00e7al\u0131\u015fan ve \u00a0&#8230;\u2026 yetkinlikleri olan birini ar\u0131yorsunuz. Ben de &#8230;\u2026 y\u0131ll\u0131k i\u015f deneyimim s\u00fcresince &#8230;\u2026. alanlar\u0131nda \u00e7al\u0131\u015ft\u0131m ve \u015fu konularda uzmanla\u015ft\u0131m: &#8230;&#8230;&#8230;.<\/p>\n<p>Y\u00fcksek enerjim ve h\u0131zl\u0131 \u00f6\u011frenme yetene\u011fimle &#8230;&#8230;\u2026 gibi konularda \u00e7\u00f6z\u00fcm ve projeler \u00fcrettim. Size de &#8230;&#8230; alanlarda katk\u0131 sa\u011flayabilece\u011fime inan\u0131yorum. Tecr\u00fcbelerimin ve motivasyonumun ekibinize b\u00fcy\u00fck bir katk\u0131s\u0131 olaca\u011f\u0131na inan\u0131yorum.\u201d<\/p>\n<!-- templates\/buttons-placeholder.php -->\n<div class=\"da-reactions-outer TpostID6848\">\n\t    <div class=\"da-reactions-data da-reactions-container-async center\"\n         data-type=\"post\"\n         data-id=\"6848\"\n         id=\"da-reactions-slot-post-6848\">\n        <div class=\"da-reactions-static\">\n\t\t\t<img src=\"https:\/\/www.kariyer.net\/kariyer-rehberi\/wp-content\/plugins\/da-reactions\/assets\/dist\/loading.svg\" alt=\"Loading spinner\" width=\"48\" height=\"48\" style=\"width:48px\" \/>\n        <\/div>\n    <\/div>\n<\/div>\n","protected":false},"excerpt":{"rendered":"<p>\u0130\u015f g\u00f6r\u00fc\u015fmelerinde adaylar\u0131n en \u00e7ok kar\u015f\u0131la\u015ft\u0131\u011f\u0131 &#8220;Sizi neden i\u015fe alal\u0131m?\u201d sorusu, \u0130K uzmanlar\u0131n\u0131n cevab\u0131n\u0131 en \u00f6nemsedi\u011fi sorulardan biri. Peki, bu soruya etkili yan\u0131tlar verebilmek i\u00e7in i\u015f g\u00f6r\u00fc\u015fmesi yapt\u0131\u011f\u0131n pozisyona g\u00f6re nas\u0131l bir haz\u0131rl\u0131k yapmal\u0131s\u0131n?\u00a0 \u201cSizi neden i\u015fe alal\u0131m?\u201d sorusu, i\u015f g\u00f6r\u00fc\u015fmelerinde \u0130K uzmanlar\u0131n\u0131n adaylara en \u00e7ok sordu\u011fu m\u00fclakat sorular\u0131 aras\u0131nda. G\u00f6r\u00fc\u015fmecinin bu soruyu sormas\u0131 asl\u0131nda [&hellip;]<\/p>\n<!-- templates\/buttons-placeholder.php -->\n<div class=\"da-reactions-outer TpostID6848\">\n\t    <div class=\"da-reactions-data da-reactions-container-async center\"\n         data-type=\"post\"\n         data-id=\"6848\"\n         id=\"da-reactions-slot-post-6848\">\n        <div class=\"da-reactions-static\">\n\t\t\t<img src=\"https:\/\/www.kariyer.net\/kariyer-rehberi\/wp-content\/plugins\/da-reactions\/assets\/dist\/loading.svg\" alt=\"Loading spinner\" width=\"48\" height=\"48\" style=\"width:48px\" \/>\n        <\/div>\n    <\/div>\n<\/div>\n","protected":false},"author":12,"featured_media":18157,"comment_status":"open","ping_status":"open","sticky":false,"template":"","format":"standard","meta":{"footnotes":"","_elementor_edit_mode":"","_elementor_template_type":"","_elementor_data":"","_elementor_page_settings":null,"_elementor_conditions":[]},"categories":[2211,42,44,45],"tags":[959,2221,59,2220,2224,64],"class_list":{"0":"post-6848","1":"post","2":"type-post","3":"status-publish","4":"format-standard","5":"has-post-thumbnail","7":"category-kariyer-gelisimi","8":"category-mulakat","9":"category-mulakat-sorulari","10":"category-mulakat-taktikleri","11":"tag-beyaz-yaka","12":"tag-mulakat-ve-is-gorusmesi","13":"tag-stajyer","14":"tag-tecrubeli","15":"tag-tecrubesiz","16":"tag-yeni-mezun"},"yoast_head":"<!-- This site is optimized with the Yoast SEO Premium plugin v21.4 (Yoast SEO v27.0) - https:\/\/yoast.com\/product\/yoast-seo-premium-wordpress\/ -->\n<title>M\u00fclakat sorular\u0131: &quot;Sizi neden i\u015fe alal\u0131m?&quot;<\/title>\n<meta name=\"description\" content=\"M\u00fclakat sorular\u0131 aras\u0131nda en ba\u015fta gelen &quot;Sizi neden i\u015fe alal\u0131m?&quot; sorusuna nas\u0131l cevap verebilece\u011finizi \u00f6\u011frenmek i\u00e7in t\u0131klay\u0131n!\" \/>\n<meta name=\"robots\" content=\"index, follow, max-snippet:-1, max-image-preview:large, max-video-preview:-1\" \/>\n<link rel=\"canonical\" href=\"https:\/\/www.kariyer.net\/kariyer-rehberi\/mulakat-sorulari-1-sizi-neden-ise-alalim\/\" \/>\n<meta property=\"og:locale\" content=\"tr_TR\" \/>\n<meta property=\"og:type\" content=\"article\" \/>\n<meta property=\"og:title\" content=\"M\u00fclakat sorular\u0131: &quot;Sizi neden i\u015fe alal\u0131m?&quot;\" \/>\n<meta property=\"og:description\" content=\"\u0130\u015f g\u00f6r\u00fc\u015fmelerinde adaylar\u0131n en \u00e7ok kar\u015f\u0131la\u015ft\u0131\u011f\u0131 &quot;Sizi neden i\u015fe alal\u0131m?\u201d sorusu, \u0130K uzmanlar\u0131n\u0131n cevab\u0131n\u0131 en \u00f6nemsedi\u011fi sorulardan biri. Peki, bu soruya\" \/>\n<meta property=\"og:url\" content=\"https:\/\/www.kariyer.net\/kariyer-rehberi\/mulakat-sorulari-1-sizi-neden-ise-alalim\/\" \/>\n<meta property=\"og:site_name\" content=\"Kariyer Rehberi\" \/>\n<meta property=\"article:published_time\" content=\"2024-05-13T06:02:08+00:00\" \/>\n<meta property=\"article:modified_time\" content=\"2025-06-19T14:51:41+00:00\" \/>\n<meta property=\"og:image\" content=\"https:\/\/www.kariyer.net\/kariyer-rehberi\/wp-content\/uploads\/2024\/05\/mulakat_sorulari.jpg\" \/>\n\t<meta property=\"og:image:width\" content=\"900\" \/>\n\t<meta property=\"og:image:height\" content=\"600\" \/>\n\t<meta property=\"og:image:type\" content=\"image\/jpeg\" \/>\n<meta name=\"author\" content=\"Edit\u00f6r\" \/>\n<meta name=\"twitter:card\" content=\"summary_large_image\" \/>\n<meta name=\"twitter:label1\" content=\"Yazan:\" \/>\n\t<meta name=\"twitter:data1\" content=\"Edit\u00f6r\" \/>\n\t<meta name=\"twitter:label2\" content=\"Tahmini okuma s\u00fcresi\" \/>\n\t<meta name=\"twitter:data2\" content=\"3 dakika\" \/>\n<!-- \/ Yoast SEO Premium plugin. -->","yoast_head_json":{"title":"M\u00fclakat sorular\u0131: \"Sizi neden i\u015fe alal\u0131m?\"","description":"M\u00fclakat sorular\u0131 aras\u0131nda en ba\u015fta gelen \"Sizi neden i\u015fe alal\u0131m?\" sorusuna nas\u0131l cevap verebilece\u011finizi \u00f6\u011frenmek i\u00e7in t\u0131klay\u0131n!","robots":{"index":"index","follow":"follow","max-snippet":"max-snippet:-1","max-image-preview":"max-image-preview:large","max-video-preview":"max-video-preview:-1"},"canonical":"https:\/\/www.kariyer.net\/kariyer-rehberi\/mulakat-sorulari-1-sizi-neden-ise-alalim\/","og_locale":"tr_TR","og_type":"article","og_title":"M\u00fclakat sorular\u0131: \"Sizi neden i\u015fe alal\u0131m?\"","og_description":"\u0130\u015f g\u00f6r\u00fc\u015fmelerinde adaylar\u0131n en \u00e7ok kar\u015f\u0131la\u015ft\u0131\u011f\u0131 \"Sizi neden i\u015fe alal\u0131m?\u201d sorusu, \u0130K uzmanlar\u0131n\u0131n cevab\u0131n\u0131 en \u00f6nemsedi\u011fi sorulardan biri. Peki, bu soruya","og_url":"https:\/\/www.kariyer.net\/kariyer-rehberi\/mulakat-sorulari-1-sizi-neden-ise-alalim\/","og_site_name":"Kariyer Rehberi","article_published_time":"2024-05-13T06:02:08+00:00","article_modified_time":"2025-06-19T14:51:41+00:00","og_image":[{"width":900,"height":600,"url":"https:\/\/www.kariyer.net\/kariyer-rehberi\/wp-content\/uploads\/2024\/05\/mulakat_sorulari.jpg","type":"image\/jpeg"}],"author":"Edit\u00f6r","twitter_card":"summary_large_image","twitter_misc":{"Yazan:":"Edit\u00f6r","Tahmini okuma s\u00fcresi":"3 dakika"},"schema":{"@context":"https:\/\/schema.org","@graph":[{"@type":"Article","@id":"https:\/\/www.kariyer.net\/kariyer-rehberi\/mulakat-sorulari-1-sizi-neden-ise-alalim\/#article","isPartOf":{"@id":"https:\/\/www.kariyer.net\/kariyer-rehberi\/mulakat-sorulari-1-sizi-neden-ise-alalim\/"},"author":{"name":"Edit\u00f6r","@id":"https:\/\/www.kariyer.net\/kariyer-rehberi\/#\/schema\/person\/94fd6e49c7ff1b1b2565a2cc4fd685dd"},"headline":"M\u00fclakat sorular\u0131: &#8220;Sizi neden i\u015fe alal\u0131m?&#8221;","datePublished":"2024-05-13T06:02:08+00:00","dateModified":"2025-06-19T14:51:41+00:00","mainEntityOfPage":{"@id":"https:\/\/www.kariyer.net\/kariyer-rehberi\/mulakat-sorulari-1-sizi-neden-ise-alalim\/"},"wordCount":478,"commentCount":0,"publisher":{"@id":"https:\/\/www.kariyer.net\/kariyer-rehberi\/#organization"},"image":{"@id":"https:\/\/www.kariyer.net\/kariyer-rehberi\/mulakat-sorulari-1-sizi-neden-ise-alalim\/#primaryimage"},"thumbnailUrl":"https:\/\/www.kariyer.net\/kariyer-rehberi\/wp-content\/uploads\/2024\/05\/mulakat_sorulari.jpg","keywords":["beyaz yaka","M\u00fclakat ve \u0130\u015f G\u00f6r\u00fc\u015fmesi","Stajyer","Tecr\u00fcbeli","tecr\u00fcbesiz","yeni mezun"],"articleSection":["Kariyer Geli\u015fimi","M\u00fclakat","M\u00fclakat Sorular\u0131","M\u00fclakat Taktikleri"],"inLanguage":"tr","potentialAction":[{"@type":"CommentAction","name":"Comment","target":["https:\/\/www.kariyer.net\/kariyer-rehberi\/mulakat-sorulari-1-sizi-neden-ise-alalim\/#respond"]}]},{"@type":"WebPage","@id":"https:\/\/www.kariyer.net\/kariyer-rehberi\/mulakat-sorulari-1-sizi-neden-ise-alalim\/","url":"https:\/\/www.kariyer.net\/kariyer-rehberi\/mulakat-sorulari-1-sizi-neden-ise-alalim\/","name":"M\u00fclakat sorular\u0131: \"Sizi neden i\u015fe alal\u0131m?\"","isPartOf":{"@id":"https:\/\/www.kariyer.net\/kariyer-rehberi\/#website"},"primaryImageOfPage":{"@id":"https:\/\/www.kariyer.net\/kariyer-rehberi\/mulakat-sorulari-1-sizi-neden-ise-alalim\/#primaryimage"},"image":{"@id":"https:\/\/www.kariyer.net\/kariyer-rehberi\/mulakat-sorulari-1-sizi-neden-ise-alalim\/#primaryimage"},"thumbnailUrl":"https:\/\/www.kariyer.net\/kariyer-rehberi\/wp-content\/uploads\/2024\/05\/mulakat_sorulari.jpg","datePublished":"2024-05-13T06:02:08+00:00","dateModified":"2025-06-19T14:51:41+00:00","description":"M\u00fclakat sorular\u0131 aras\u0131nda en ba\u015fta gelen \"Sizi neden i\u015fe alal\u0131m?\" sorusuna nas\u0131l cevap verebilece\u011finizi \u00f6\u011frenmek i\u00e7in t\u0131klay\u0131n!","breadcrumb":{"@id":"https:\/\/www.kariyer.net\/kariyer-rehberi\/mulakat-sorulari-1-sizi-neden-ise-alalim\/#breadcrumb"},"inLanguage":"tr","potentialAction":[{"@type":"ReadAction","target":["https:\/\/www.kariyer.net\/kariyer-rehberi\/mulakat-sorulari-1-sizi-neden-ise-alalim\/"]}]},{"@type":"ImageObject","inLanguage":"tr","@id":"https:\/\/www.kariyer.net\/kariyer-rehberi\/mulakat-sorulari-1-sizi-neden-ise-alalim\/#primaryimage","url":"https:\/\/www.kariyer.net\/kariyer-rehberi\/wp-content\/uploads\/2024\/05\/mulakat_sorulari.jpg","contentUrl":"https:\/\/www.kariyer.net\/kariyer-rehberi\/wp-content\/uploads\/2024\/05\/mulakat_sorulari.jpg","width":900,"height":600},{"@type":"BreadcrumbList","@id":"https:\/\/www.kariyer.net\/kariyer-rehberi\/mulakat-sorulari-1-sizi-neden-ise-alalim\/#breadcrumb","itemListElement":[{"@type":"ListItem","position":1,"name":"Anasayfa","item":"https:\/\/www.kariyer.net\/kariyer-rehberi\/"},{"@type":"ListItem","position":2,"name":"M\u00fclakat sorular\u0131: &#8220;Sizi neden i\u015fe alal\u0131m?&#8221;"}]},{"@type":"WebSite","@id":"https:\/\/www.kariyer.net\/kariyer-rehberi\/#website","url":"https:\/\/www.kariyer.net\/kariyer-rehberi\/","name":"Kariyer Rehberi","description":"\u0130\u015f D\u00fcnyas\u0131yla \u0130lgili Bilmek \u0130stedi\u011finiz Her \u015eey","publisher":{"@id":"https:\/\/www.kariyer.net\/kariyer-rehberi\/#organization"},"potentialAction":[{"@type":"SearchAction","target":{"@type":"EntryPoint","urlTemplate":"https:\/\/www.kariyer.net\/kariyer-rehberi\/?s={search_term_string}"},"query-input":{"@type":"PropertyValueSpecification","valueRequired":true,"valueName":"search_term_string"}}],"inLanguage":"tr"},{"@type":"Organization","@id":"https:\/\/www.kariyer.net\/kariyer-rehberi\/#organization","name":"Kariyer.net","url":"https:\/\/www.kariyer.net\/kariyer-rehberi\/","logo":{"@type":"ImageObject","inLanguage":"tr","@id":"https:\/\/www.kariyer.net\/kariyer-rehberi\/#\/schema\/logo\/image\/","url":"https:\/\/www.kariyer.net\/kariyer-rehberi-new\/wp-content\/uploads\/2023\/01\/og-image11.jpg","contentUrl":"https:\/\/www.kariyer.net\/kariyer-rehberi-new\/wp-content\/uploads\/2023\/01\/og-image11.jpg","width":800,"height":800,"caption":"Kariyer.net"},"image":{"@id":"https:\/\/www.kariyer.net\/kariyer-rehberi\/#\/schema\/logo\/image\/"}},{"@type":"Person","@id":"https:\/\/www.kariyer.net\/kariyer-rehberi\/#\/schema\/person\/94fd6e49c7ff1b1b2565a2cc4fd685dd","name":"Edit\u00f6r","image":{"@type":"ImageObject","inLanguage":"tr","@id":"https:\/\/www.kariyer.net\/kariyer-rehberi\/#\/schema\/person\/image\/","url":"https:\/\/secure.gravatar.com\/avatar\/0c4fe6688343aed3693b15573beae12c08ace5565409d5ab7509bf9c115f458d?s=96&d=mm&r=g","contentUrl":"https:\/\/secure.gravatar.com\/avatar\/0c4fe6688343aed3693b15573beae12c08ace5565409d5ab7509bf9c115f458d?s=96&d=mm&r=g","caption":"Edit\u00f6r"},"url":"https:\/\/www.kariyer.net\/kariyer-rehberi\/author\/editor\/"}]}},"_links":{"self":[{"href":"https:\/\/www.kariyer.net\/kariyer-rehberi\/wp-json\/wp\/v2\/posts\/6848","targetHints":{"allow":["GET"]}}],"collection":[{"href":"https:\/\/www.kariyer.net\/kariyer-rehberi\/wp-json\/wp\/v2\/posts"}],"about":[{"href":"https:\/\/www.kariyer.net\/kariyer-rehberi\/wp-json\/wp\/v2\/types\/post"}],"author":[{"embeddable":true,"href":"https:\/\/www.kariyer.net\/kariyer-rehberi\/wp-json\/wp\/v2\/users\/12"}],"replies":[{"embeddable":true,"href":"https:\/\/www.kariyer.net\/kariyer-rehberi\/wp-json\/wp\/v2\/comments?post=6848"}],"version-history":[{"count":1,"href":"https:\/\/www.kariyer.net\/kariyer-rehberi\/wp-json\/wp\/v2\/posts\/6848\/revisions"}],"predecessor-version":[{"id":20018,"href":"https:\/\/www.kariyer.net\/kariyer-rehberi\/wp-json\/wp\/v2\/posts\/6848\/revisions\/20018"}],"wp:featuredmedia":[{"embeddable":true,"href":"https:\/\/www.kariyer.net\/kariyer-rehberi\/wp-json\/wp\/v2\/media\/18157"}],"wp:attachment":[{"href":"https:\/\/www.kariyer.net\/kariyer-rehberi\/wp-json\/wp\/v2\/media?parent=6848"}],"wp:term":[{"taxonomy":"category","embeddable":true,"href":"https:\/\/www.kariyer.net\/kariyer-rehberi\/wp-json\/wp\/v2\/categories?post=6848"},{"taxonomy":"post_tag","embeddable":true,"href":"https:\/\/www.kariyer.net\/kariyer-rehberi\/wp-json\/wp\/v2\/tags?post=6848"}],"curies":[{"name":"wp","href":"https:\/\/api.w.org\/{rel}","templated":true}]}}