{"id":6989,"date":"2016-02-26T14:12:22","date_gmt":"2016-02-26T12:12:22","guid":{"rendered":"http:\/\/www.kariyer.net\/kariyer-rehberi\/?p=6989"},"modified":"2023-02-08T10:00:42","modified_gmt":"2023-02-08T07:00:42","slug":"referans-kontrolu-zamani-ise-alindim-mi","status":"publish","type":"post","link":"https:\/\/www.kariyer.net\/kariyer-rehberi\/referans-kontrolu-zamani-ise-alindim-mi\/","title":{"rendered":"Referans kontrol\u00fc zaman\u0131: \u0130\u015fe al\u0131nd\u0131m m\u0131?"},"content":{"rendered":"<p><strong>\u0130nsan Kaynaklar\u0131 departman\u0131ndan birlikte \u00e7al\u0131\u015faca\u011f\u0131n\u0131z y\u00f6neticiye kadar t\u00fcm i\u015f g\u00f6r\u00fc\u015fmesi a\u015famalar\u0131n\u0131 ba\u015far\u0131yla tamamlad\u0131n\u0131z. S\u0131ra referans kontrol\u00fc i\u00e7in verdi\u011fini referanslar\u0131n tek tek aranmas\u0131na geldi. Bir &#8220;Oh!&#8221; \u00e7ekip sevinme zaman\u0131 geldi denebilir mi? Art\u0131k i\u015fe al\u0131nd\u0131m demek do\u011fru mu? Yoksa kutlama yapmak i\u00e7in \u00e7ok mu erken?<\/strong><\/p>\n<p>Referans kontrol\u00fc<span style=\"text-decoration: underline;\"><strong>\u00a0i<a href=\"http:\/\/www.kariyer.net\/kariyer-rehberi\/tuhaf-is-gorusmesi-sorularini-nasil-yanitlarsiniz\/\" target=\"_blank\" rel=\"noopener\">\u015f g\u00f6r\u00fc\u015fmesi<\/a> <\/strong><\/span>s\u00fcrecinin son a\u015famas\u0131. T\u00fcm s\u00fcreci ba\u015far\u0131 ile tamamlayan aday son a\u015famada\u00a0verdi\u011fi referans ki\u015filere telefonla ula\u015f\u0131lmas\u0131 yoluyla ya i\u015fe kabul ediliyor ya da s\u00fcre\u00e7 negatif sonu\u00e7lan\u0131yor. Referans kontrol\u00fc rekabetin artt\u0131\u011f\u0131 g\u00fcn\u00fcm\u00fczde son derece \u00f6nemli ama \u00e7o\u011funlukla aday\u0131n \u00e7ok fazla \u00f6nemsedi\u011fi bir a\u015fama de\u011fil. Oysa referans olarak aranmas\u0131n\u0131 isteyece\u011finiz ki\u015fileri neye g\u00f6re se\u00e7ti\u011finiz \u00e7ok \u00f6nemli. Ba\u015fvurdu\u011funuz firma final karar\u0131 bu telefon g\u00f6r\u00fc\u015fmeleri sayesinde veriyor. Referanslar\u0131n\u0131z\u0131n k\u00f6t\u00fc olmas\u0131 demek, i\u015fi di\u011fer adaya ellerinizle teslim etmek anlam\u0131na gelebilir.\u00a0Referans k\u0131sm\u0131na iyi haz\u0131rlanmal\u0131, yapt\u0131\u011f\u0131n\u0131z i\u015fi ger\u00e7ekten bilen ve sizi iyi tan\u0131yan ki\u015filerin adlar\u0131n\u0131 vermelisiniz.<\/p>\n<p>\u0130\u015fte <span style=\"text-decoration: underline;\"><strong><a href=\"http:\/\/www.kariyer.net\/kariyer-rehberi\/referans-yazmanin-altin-kurallari\/\" target=\"_blank\" rel=\"noopener\">referans<\/a><\/strong><\/span> olarak verece\u011finiz ki\u015fileri se\u00e7erken dikkat etmeniz gereken a\u015famalar:<\/p>\n<h2><strong>Sizi iyi tan\u0131yan insanlar\u0131 se\u00e7in<\/strong><\/h2>\n<p>Genelde istenen iki\u00a0referanstan biri eski \u00e7al\u0131\u015f\u0131lan i\u015f yerindeki y\u00f6neticidir. Bu referans\u0131n etkili olmas\u0131nda <span style=\"text-decoration: underline;\"><strong><a href=\"http:\/\/www.kariyer.net\/ik-blog\/calisan-ile-yonetici-arasindaki-iliski-nasil-olmali\/\" target=\"_blank\" rel=\"noopener\">y\u00f6neticinize<\/a><\/strong><\/span> kendinizi iyi tan\u0131tm\u0131\u015f ve onunla iyi bir ili\u015fki kurmu\u015f olman\u0131z \u00f6nemli. Di\u011fer referans se\u00e7imi i\u00e7in ise size iyi referans olabilecek ki\u015filerin bir listesini yapman\u0131z gerekebilir. Yeteneklerinizin fark\u0131nda olan ve sizi iyi tan\u0131yan bir isim se\u00e7meye dikkat edin. Sizin i\u00e7in s\u0131radan ve k\u0131sa c\u00fcmleler kurmayacak, spesifik ve etkileyici bilgiler verecek ki\u015filer \u00e7ok daha iyi birer referans olacakt\u0131r.<\/p>\n<h2><strong>Referans kontrol\u00fc i\u00e7in haber verin<\/strong><\/h2>\n<p>Referans\u0131n\u0131zla \u0130K uzman\u0131n\u0131n ba\u011f kuraca\u011f\u0131 bir telefon konu\u015fmas\u0131 yapaca\u011f\u0131n\u0131 unutmamak gerekiyor. Bu nedenle referans\u0131n\u0131za i\u015fe ba\u015fvurdu\u011funuz anda durumu haber verin. Ba\u015fvurdu\u011funuz i\u015fin karakteristi\u011fini ve becerilerinizle nas\u0131l uyum g\u00f6sterdi\u011fini anlatman\u0131z onun da do\u011fru ifadelerle sizi ve \u00e7al\u0131\u015fma bi\u00e7iminizi anlatmas\u0131n\u0131 sa\u011flayacak. Bu \u015fekilde <span style=\"text-decoration: underline;\"><strong><a href=\"http:\/\/www.kariyer.net\/kariyer-rehberi\/sizi-bir-de-referansiniz-anlatsin\/\" target=\"_blank\" rel=\"noopener\">referans kontrol\u00fc<\/a><\/strong><\/span> k\u0131sm\u0131n\u0131n ba\u015far\u0131s\u0131z olmas\u0131 m\u00fcmk\u00fcn de\u011fil.<\/p>\n<p><img fetchpriority=\"high\" decoding=\"async\" class=\"alignnone size-full wp-image-6992\" src=\"http:\/\/www.kariyer.net\/kariyer-rehberi\/wp-content\/uploads\/2016\/02\/12.jpg\" alt=\"1\" width=\"600\" height=\"300\" srcset=\"https:\/\/www.kariyer.net\/kariyer-rehberi\/wp-content\/uploads\/2016\/02\/12.jpg 600w, https:\/\/www.kariyer.net\/kariyer-rehberi\/wp-content\/uploads\/2016\/02\/12-300x150.jpg 300w\" sizes=\"(max-width: 600px) 100vw, 600px\" \/><\/p>\n<h2><strong>Geri bildirim al\u0131n<\/strong><\/h2>\n<p>G\u00f6r\u00fc\u015fmenin nas\u0131l ge\u00e7ti\u011fini \u00f6\u011frenmek i\u00e7in referans\u0131n\u0131z\u0131 aray\u0131n. \u00d6nemli noktalar\u0131 \u00f6\u011frenin ve analiz edin. G\u00f6r\u00fc\u015fmenin nas\u0131l ge\u00e7ti\u011fini, sorulan sorular\u0131, yap\u0131lan yorumlar\u0131 \u00f6\u011frenmek kendinizi geli\u015ftirmeniz ve kariyeriniz\u00a0i\u00e7in p\u00fcf noktalar\u0131 elde etmeniz a\u00e7\u0131s\u0131ndan son derece \u00f6nemli. Olas\u0131 yanl\u0131\u015f anla\u015f\u0131lmalara m\u00fcdahale etme \u015fans\u0131n\u0131z da bu \u015fekilde ortaya \u00e7\u0131kabilir.<\/p>\n<p><img decoding=\"async\" class=\"alignnone size-full wp-image-6993\" src=\"http:\/\/www.kariyer.net\/kariyer-rehberi\/wp-content\/uploads\/2016\/02\/32.jpg\" alt=\"3\" width=\"600\" height=\"300\" srcset=\"https:\/\/www.kariyer.net\/kariyer-rehberi\/wp-content\/uploads\/2016\/02\/32.jpg 600w, https:\/\/www.kariyer.net\/kariyer-rehberi\/wp-content\/uploads\/2016\/02\/32-300x150.jpg 300w\" sizes=\"(max-width: 600px) 100vw, 600px\" \/><\/p>\n<p><em>Referans kontrol\u00fc d\u00fc\u015f\u00fcn\u00fclenden \u00e7ok daha \u00f6nemli. Bu nedenle yukar\u0131daki a\u015famalar\u0131 uygulamak ve belirtilen noktalara dikkat etmek gerekiyor. Unutmay\u0131n ki referanslar\u0131n\u0131z\u0131n aranmas\u0131 finalist oldu\u011funuz anlam\u0131na geliyor, i\u015fe al\u0131nd\u0131n\u0131z demek de\u011fil. Haz\u0131rl\u0131klar\u0131n\u0131z\u0131 iyi yapar, gerekli \u00f6zeni g\u00f6sterirseniz di\u011fer adaylar aras\u0131nda parlay\u0131p i\u015fi kapman\u0131z hi\u00e7 de zor de\u011fil.<\/em><\/p>\n<!-- templates\/buttons-placeholder.php -->\n<div class=\"da-reactions-outer TpostID6989\">\n\t    <div class=\"da-reactions-data da-reactions-container-async center\"\n         data-type=\"post\"\n         data-id=\"6989\"\n         id=\"da-reactions-slot-post-6989\">\n        <div class=\"da-reactions-static\">\n\t\t\t<img src=\"https:\/\/www.kariyer.net\/kariyer-rehberi\/wp-content\/plugins\/da-reactions\/assets\/dist\/loading.svg\" alt=\"Loading spinner\" width=\"48\" height=\"48\" style=\"width:48px\" \/>\n        <\/div>\n    <\/div>\n<\/div>\n","protected":false},"excerpt":{"rendered":"<p>\u0130nsan Kaynaklar\u0131 departman\u0131ndan birlikte \u00e7al\u0131\u015faca\u011f\u0131n\u0131z y\u00f6neticiye kadar t\u00fcm i\u015f g\u00f6r\u00fc\u015fmesi a\u015famalar\u0131n\u0131 ba\u015far\u0131yla tamamlad\u0131n\u0131z. S\u0131ra referans kontrol\u00fc i\u00e7in verdi\u011fini referanslar\u0131n tek tek aranmas\u0131na geldi. Bir &#8220;Oh!&#8221; \u00e7ekip sevinme zaman\u0131 geldi denebilir mi? Art\u0131k i\u015fe al\u0131nd\u0131m demek do\u011fru mu? Yoksa kutlama yapmak i\u00e7in \u00e7ok mu erken? Referans kontrol\u00fc\u00a0i\u015f g\u00f6r\u00fc\u015fmesi s\u00fcrecinin son a\u015famas\u0131. T\u00fcm s\u00fcreci ba\u015far\u0131 ile tamamlayan [&hellip;]<\/p>\n<!-- templates\/buttons-placeholder.php -->\n<div class=\"da-reactions-outer TpostID6989\">\n\t    <div class=\"da-reactions-data da-reactions-container-async center\"\n         data-type=\"post\"\n         data-id=\"6989\"\n         id=\"da-reactions-slot-post-6989\">\n        <div class=\"da-reactions-static\">\n\t\t\t<img src=\"https:\/\/www.kariyer.net\/kariyer-rehberi\/wp-content\/plugins\/da-reactions\/assets\/dist\/loading.svg\" alt=\"Loading spinner\" width=\"48\" height=\"48\" style=\"width:48px\" \/>\n        <\/div>\n    <\/div>\n<\/div>\n","protected":false},"author":18,"featured_media":10752,"comment_status":"open","ping_status":"open","sticky":false,"template":"","format":"standard","meta":{"footnotes":"","_elementor_edit_mode":"","_elementor_template_type":"","_elementor_data":"","_elementor_page_settings":null,"_elementor_conditions":[]},"categories":[34,37],"tags":[],"class_list":{"0":"post-6989","1":"post","2":"type-post","3":"status-publish","4":"format-standard","5":"has-post-thumbnail","7":"category-oz-gecmis","8":"category-referans"},"yoast_head":"<!-- This site is optimized with the Yoast SEO Premium plugin v21.4 (Yoast SEO v27.0) - https:\/\/yoast.com\/product\/yoast-seo-premium-wordpress\/ -->\n<title>Referans kontrol\u00fc zaman\u0131: \u0130\u015fe al\u0131nd\u0131m m\u0131? | Kariyer Rehberi<\/title>\n<meta name=\"description\" content=\"Referans kontrol\u00fc zaman\u0131: \u0130\u015fe al\u0131nd\u0131m m\u0131? Referans kontrol\u00fc\u00a0i\u015f g\u00f6r\u00fc\u015fmesi s\u00fcrecinin son a\u015famas\u0131. Nas\u0131l y\u00f6netece\u011finizi ke\u015ffedin.\" \/>\n<meta name=\"robots\" content=\"index, follow, max-snippet:-1, max-image-preview:large, max-video-preview:-1\" \/>\n<link rel=\"canonical\" href=\"https:\/\/www.kariyer.net\/kariyer-rehberi\/referans-kontrolu-zamani-ise-alindim-mi\/\" \/>\n<meta property=\"og:locale\" content=\"tr_TR\" \/>\n<meta property=\"og:type\" content=\"article\" \/>\n<meta property=\"og:title\" content=\"Referans kontrol\u00fc zaman\u0131: \u0130\u015fe al\u0131nd\u0131m m\u0131?\" \/>\n<meta property=\"og:description\" content=\"\u0130nsan Kaynaklar\u0131 departman\u0131ndan birlikte \u00e7al\u0131\u015faca\u011f\u0131n\u0131z y\u00f6neticiye kadar t\u00fcm i\u015f g\u00f6r\u00fc\u015fmesi a\u015famalar\u0131n\u0131 ba\u015far\u0131yla tamamlad\u0131n\u0131z. S\u0131ra referans kontrol\u00fc i\u00e7in\" \/>\n<meta property=\"og:url\" content=\"https:\/\/www.kariyer.net\/kariyer-rehberi\/referans-kontrolu-zamani-ise-alindim-mi\/\" \/>\n<meta property=\"og:site_name\" content=\"Kariyer Rehberi\" \/>\n<meta property=\"article:published_time\" content=\"2016-02-26T12:12:22+00:00\" \/>\n<meta property=\"article:modified_time\" content=\"2023-02-08T07:00:42+00:00\" \/>\n<meta property=\"og:image\" content=\"https:\/\/www.kariyer.net\/kariyer-rehberi\/wp-content\/uploads\/2016\/02\/referans87854.jpg\" \/>\n\t<meta property=\"og:image:width\" content=\"900\" \/>\n\t<meta property=\"og:image:height\" content=\"600\" \/>\n\t<meta property=\"og:image:type\" content=\"image\/jpeg\" \/>\n<meta name=\"author\" content=\"\u00c7i\u011fdem \u00c7al\u0131k\" \/>\n<meta name=\"twitter:card\" content=\"summary_large_image\" \/>\n<meta name=\"twitter:label1\" content=\"Yazan:\" \/>\n\t<meta name=\"twitter:data1\" content=\"\u00c7i\u011fdem \u00c7al\u0131k\" \/>\n\t<meta name=\"twitter:label2\" content=\"Tahmini okuma s\u00fcresi\" \/>\n\t<meta name=\"twitter:data2\" content=\"3 dakika\" \/>\n<!-- \/ Yoast SEO Premium plugin. -->","yoast_head_json":{"title":"Referans kontrol\u00fc zaman\u0131: \u0130\u015fe al\u0131nd\u0131m m\u0131? | Kariyer Rehberi","description":"Referans kontrol\u00fc zaman\u0131: \u0130\u015fe al\u0131nd\u0131m m\u0131? Referans kontrol\u00fc\u00a0i\u015f g\u00f6r\u00fc\u015fmesi s\u00fcrecinin son a\u015famas\u0131. Nas\u0131l y\u00f6netece\u011finizi ke\u015ffedin.","robots":{"index":"index","follow":"follow","max-snippet":"max-snippet:-1","max-image-preview":"max-image-preview:large","max-video-preview":"max-video-preview:-1"},"canonical":"https:\/\/www.kariyer.net\/kariyer-rehberi\/referans-kontrolu-zamani-ise-alindim-mi\/","og_locale":"tr_TR","og_type":"article","og_title":"Referans kontrol\u00fc zaman\u0131: \u0130\u015fe al\u0131nd\u0131m m\u0131?","og_description":"\u0130nsan Kaynaklar\u0131 departman\u0131ndan birlikte \u00e7al\u0131\u015faca\u011f\u0131n\u0131z y\u00f6neticiye kadar t\u00fcm i\u015f g\u00f6r\u00fc\u015fmesi a\u015famalar\u0131n\u0131 ba\u015far\u0131yla tamamlad\u0131n\u0131z. S\u0131ra referans kontrol\u00fc i\u00e7in","og_url":"https:\/\/www.kariyer.net\/kariyer-rehberi\/referans-kontrolu-zamani-ise-alindim-mi\/","og_site_name":"Kariyer Rehberi","article_published_time":"2016-02-26T12:12:22+00:00","article_modified_time":"2023-02-08T07:00:42+00:00","og_image":[{"width":900,"height":600,"url":"https:\/\/www.kariyer.net\/kariyer-rehberi\/wp-content\/uploads\/2016\/02\/referans87854.jpg","type":"image\/jpeg"}],"author":"\u00c7i\u011fdem \u00c7al\u0131k","twitter_card":"summary_large_image","twitter_misc":{"Yazan:":"\u00c7i\u011fdem \u00c7al\u0131k","Tahmini okuma s\u00fcresi":"3 dakika"},"schema":{"@context":"https:\/\/schema.org","@graph":[{"@type":"Article","@id":"https:\/\/www.kariyer.net\/kariyer-rehberi\/referans-kontrolu-zamani-ise-alindim-mi\/#article","isPartOf":{"@id":"https:\/\/www.kariyer.net\/kariyer-rehberi\/referans-kontrolu-zamani-ise-alindim-mi\/"},"author":{"name":"\u00c7i\u011fdem \u00c7al\u0131k","@id":"https:\/\/www.kariyer.net\/kariyer-rehberi\/#\/schema\/person\/ef9a2dc2672d3e7352225313b455b447"},"headline":"Referans kontrol\u00fc zaman\u0131: \u0130\u015fe al\u0131nd\u0131m m\u0131?","datePublished":"2016-02-26T12:12:22+00:00","dateModified":"2023-02-08T07:00:42+00:00","mainEntityOfPage":{"@id":"https:\/\/www.kariyer.net\/kariyer-rehberi\/referans-kontrolu-zamani-ise-alindim-mi\/"},"wordCount":566,"commentCount":0,"publisher":{"@id":"https:\/\/www.kariyer.net\/kariyer-rehberi\/#organization"},"image":{"@id":"https:\/\/www.kariyer.net\/kariyer-rehberi\/referans-kontrolu-zamani-ise-alindim-mi\/#primaryimage"},"thumbnailUrl":"https:\/\/www.kariyer.net\/kariyer-rehberi\/wp-content\/uploads\/2016\/02\/referans87854.jpg","articleSection":["\u00d6zge\u00e7mi\u015f","Referans"],"inLanguage":"tr","potentialAction":[{"@type":"CommentAction","name":"Comment","target":["https:\/\/www.kariyer.net\/kariyer-rehberi\/referans-kontrolu-zamani-ise-alindim-mi\/#respond"]}]},{"@type":"WebPage","@id":"https:\/\/www.kariyer.net\/kariyer-rehberi\/referans-kontrolu-zamani-ise-alindim-mi\/","url":"https:\/\/www.kariyer.net\/kariyer-rehberi\/referans-kontrolu-zamani-ise-alindim-mi\/","name":"Referans kontrol\u00fc zaman\u0131: \u0130\u015fe al\u0131nd\u0131m m\u0131? | Kariyer Rehberi","isPartOf":{"@id":"https:\/\/www.kariyer.net\/kariyer-rehberi\/#website"},"primaryImageOfPage":{"@id":"https:\/\/www.kariyer.net\/kariyer-rehberi\/referans-kontrolu-zamani-ise-alindim-mi\/#primaryimage"},"image":{"@id":"https:\/\/www.kariyer.net\/kariyer-rehberi\/referans-kontrolu-zamani-ise-alindim-mi\/#primaryimage"},"thumbnailUrl":"https:\/\/www.kariyer.net\/kariyer-rehberi\/wp-content\/uploads\/2016\/02\/referans87854.jpg","datePublished":"2016-02-26T12:12:22+00:00","dateModified":"2023-02-08T07:00:42+00:00","description":"Referans kontrol\u00fc zaman\u0131: \u0130\u015fe al\u0131nd\u0131m m\u0131? Referans kontrol\u00fc\u00a0i\u015f g\u00f6r\u00fc\u015fmesi s\u00fcrecinin son a\u015famas\u0131. Nas\u0131l y\u00f6netece\u011finizi ke\u015ffedin.","breadcrumb":{"@id":"https:\/\/www.kariyer.net\/kariyer-rehberi\/referans-kontrolu-zamani-ise-alindim-mi\/#breadcrumb"},"inLanguage":"tr","potentialAction":[{"@type":"ReadAction","target":["https:\/\/www.kariyer.net\/kariyer-rehberi\/referans-kontrolu-zamani-ise-alindim-mi\/"]}]},{"@type":"ImageObject","inLanguage":"tr","@id":"https:\/\/www.kariyer.net\/kariyer-rehberi\/referans-kontrolu-zamani-ise-alindim-mi\/#primaryimage","url":"https:\/\/www.kariyer.net\/kariyer-rehberi\/wp-content\/uploads\/2016\/02\/referans87854.jpg","contentUrl":"https:\/\/www.kariyer.net\/kariyer-rehberi\/wp-content\/uploads\/2016\/02\/referans87854.jpg","width":900,"height":600,"caption":"Referans kontrol\u00fc"},{"@type":"BreadcrumbList","@id":"https:\/\/www.kariyer.net\/kariyer-rehberi\/referans-kontrolu-zamani-ise-alindim-mi\/#breadcrumb","itemListElement":[{"@type":"ListItem","position":1,"name":"Anasayfa","item":"https:\/\/www.kariyer.net\/kariyer-rehberi\/"},{"@type":"ListItem","position":2,"name":"Referans kontrol\u00fc zaman\u0131: \u0130\u015fe al\u0131nd\u0131m m\u0131?"}]},{"@type":"WebSite","@id":"https:\/\/www.kariyer.net\/kariyer-rehberi\/#website","url":"https:\/\/www.kariyer.net\/kariyer-rehberi\/","name":"Kariyer Rehberi","description":"\u0130\u015f D\u00fcnyas\u0131yla \u0130lgili Bilmek \u0130stedi\u011finiz Her \u015eey","publisher":{"@id":"https:\/\/www.kariyer.net\/kariyer-rehberi\/#organization"},"potentialAction":[{"@type":"SearchAction","target":{"@type":"EntryPoint","urlTemplate":"https:\/\/www.kariyer.net\/kariyer-rehberi\/?s={search_term_string}"},"query-input":{"@type":"PropertyValueSpecification","valueRequired":true,"valueName":"search_term_string"}}],"inLanguage":"tr"},{"@type":"Organization","@id":"https:\/\/www.kariyer.net\/kariyer-rehberi\/#organization","name":"Kariyer.net","url":"https:\/\/www.kariyer.net\/kariyer-rehberi\/","logo":{"@type":"ImageObject","inLanguage":"tr","@id":"https:\/\/www.kariyer.net\/kariyer-rehberi\/#\/schema\/logo\/image\/","url":"https:\/\/www.kariyer.net\/kariyer-rehberi-new\/wp-content\/uploads\/2023\/01\/og-image11.jpg","contentUrl":"https:\/\/www.kariyer.net\/kariyer-rehberi-new\/wp-content\/uploads\/2023\/01\/og-image11.jpg","width":800,"height":800,"caption":"Kariyer.net"},"image":{"@id":"https:\/\/www.kariyer.net\/kariyer-rehberi\/#\/schema\/logo\/image\/"}},{"@type":"Person","@id":"https:\/\/www.kariyer.net\/kariyer-rehberi\/#\/schema\/person\/ef9a2dc2672d3e7352225313b455b447","name":"\u00c7i\u011fdem \u00c7al\u0131k","image":{"@type":"ImageObject","inLanguage":"tr","@id":"https:\/\/www.kariyer.net\/kariyer-rehberi\/#\/schema\/person\/image\/","url":"https:\/\/secure.gravatar.com\/avatar\/f270bbc5e4e6373aef80de8e9e55d27516cac7be363ef3b53ec26b94063ede66?s=96&d=mm&r=g","contentUrl":"https:\/\/secure.gravatar.com\/avatar\/f270bbc5e4e6373aef80de8e9e55d27516cac7be363ef3b53ec26b94063ede66?s=96&d=mm&r=g","caption":"\u00c7i\u011fdem \u00c7al\u0131k"},"description":"Ege \u00dcniversitesi\u2019nin ard\u0131ndan Galatasaray \u00dcniversitesi Radyo, Sinema, TV b\u00f6l\u00fcm\u00fcnden mezun oldu. Meslek hayat\u0131na reklam yazarl\u0131\u011f\u0131yla ba\u015flad\u0131. D\u00f6rt y\u0131ll\u0131k reklam d\u00fcnyas\u0131 deneyiminden sonra \u00e7e\u015fitli web sitelerinde k\u0131demli edit\u00f6r olarak \u00e7al\u0131\u015ft\u0131. 2015 y\u0131l\u0131nda Kariyer.net\u2019e i\u00e7erik y\u00f6neticisi olarak kat\u0131ld\u0131. \u0130K Blog, Kariyer Rehberi ve Kariyer Dergi i\u00e7in i\u00e7erik \u00fcretiyor.","sameAs":["http:\/\/www.kariyer.net\/kariyer-rehberi\/?p=6323"],"url":"https:\/\/www.kariyer.net\/kariyer-rehberi\/author\/cigdemcalik\/"}]}},"_links":{"self":[{"href":"https:\/\/www.kariyer.net\/kariyer-rehberi\/wp-json\/wp\/v2\/posts\/6989","targetHints":{"allow":["GET"]}}],"collection":[{"href":"https:\/\/www.kariyer.net\/kariyer-rehberi\/wp-json\/wp\/v2\/posts"}],"about":[{"href":"https:\/\/www.kariyer.net\/kariyer-rehberi\/wp-json\/wp\/v2\/types\/post"}],"author":[{"embeddable":true,"href":"https:\/\/www.kariyer.net\/kariyer-rehberi\/wp-json\/wp\/v2\/users\/18"}],"replies":[{"embeddable":true,"href":"https:\/\/www.kariyer.net\/kariyer-rehberi\/wp-json\/wp\/v2\/comments?post=6989"}],"version-history":[{"count":0,"href":"https:\/\/www.kariyer.net\/kariyer-rehberi\/wp-json\/wp\/v2\/posts\/6989\/revisions"}],"wp:featuredmedia":[{"embeddable":true,"href":"https:\/\/www.kariyer.net\/kariyer-rehberi\/wp-json\/wp\/v2\/media\/10752"}],"wp:attachment":[{"href":"https:\/\/www.kariyer.net\/kariyer-rehberi\/wp-json\/wp\/v2\/media?parent=6989"}],"wp:term":[{"taxonomy":"category","embeddable":true,"href":"https:\/\/www.kariyer.net\/kariyer-rehberi\/wp-json\/wp\/v2\/categories?post=6989"},{"taxonomy":"post_tag","embeddable":true,"href":"https:\/\/www.kariyer.net\/kariyer-rehberi\/wp-json\/wp\/v2\/tags?post=6989"}],"curies":[{"name":"wp","href":"https:\/\/api.w.org\/{rel}","templated":true}]}}