{"id":7067,"date":"2016-03-25T10:55:30","date_gmt":"2016-03-25T08:55:30","guid":{"rendered":"http:\/\/www.kariyer.net\/kariyer-rehberi\/?p=7067"},"modified":"2017-08-28T10:08:21","modified_gmt":"2017-08-28T07:08:21","slug":"mulakatinizin-iyi-gecmesine-yardimci-anahtar-cumleler","status":"publish","type":"post","link":"https:\/\/www.kariyer.net\/kariyer-rehberi\/mulakatinizin-iyi-gecmesine-yardimci-anahtar-cumleler\/","title":{"rendered":"M\u00fclakat\u0131n\u0131z\u0131n iyi ge\u00e7mesine yard\u0131mc\u0131 anahtar c\u00fcmleler"},"content":{"rendered":"<p><strong>\u0130\u015f g\u00f6r\u00fc\u015fmesi \u00f6ncesinde s\u0131kl\u0131kla neler s\u00f6ylemek\u00a0ya da nelerden bahsetmemek gerekti\u011fi noktas\u0131nda kafan\u0131z kar\u0131\u015fabilir. Olduk\u00e7a stresli olan bu s\u00fcre\u00e7te baz\u0131 p\u00fcf noktalar\u0131n\u0131 iyi bilmek, kendinizden daha \u00e7ok emin olmay\u0131, dolay\u0131s\u0131yla da kar\u015f\u0131 taraf\u0131 etkileyebilecek bir performans\u0131n ortaya \u00e7\u0131kmas\u0131n\u0131 sa\u011fl\u0131yor. Nelerin denmemesi gerekti\u011fini az \u00e7ok biliyoruz. Peki, ba\u015far\u0131l\u0131 bir i\u015f g\u00f6r\u00fc\u015fmesi i\u00e7in nelerin alt\u0131n\u0131 \u00f6zellikle \u00e7izmekte fayda var?<\/strong><\/p>\n<p>\u00dcniversiteden mezun oldunuz ve i\u015f g\u00f6r\u00fc\u015fmelerine ba\u015flad\u0131n\u0131z. Daha \u00f6nce hi\u00e7 i\u015f g\u00f6r\u00fc\u015fmesine gitmeyen ya da gitmesine ra\u011fmen bir t\u00fcrl\u00fc g\u00f6r\u00fc\u015fmesi istedi\u011fi gibi ge\u00e7meyen ki\u015filere onlarca tavsiye verilebilir\u00a0ve\u00a0uyar\u0131larda bulunulabilir. Ancak belki de i\u015fe \u00f6ncelikle kendimizi nas\u0131l ifade etmemiz gerekti\u011fi noktas\u0131ndan ba\u015flamak gerekiyor. G\u00f6r\u00fc\u015fmede alt\u0131n\u0131 ustal\u0131kla \u00e7izdi\u011fimiz c\u00fcmleler binlerce aday aras\u0131ndan s\u0131yr\u0131lmam\u0131z\u0131 sa\u011flayabilir.<\/p>\n<p>\u0130\u015fte bir i\u015f g\u00f6r\u00fc\u015fmesinin iyi gitmesine yard\u0131mc\u0131 baz\u0131 c\u00fcmleler:<\/p>\n<h2><strong>\u015eirketinizi iyi tan\u0131yorum<\/strong><\/h2>\n<p>\u015eirketi iyi ara\u015ft\u0131rd\u0131\u011f\u0131n\u0131z\u0131, detayl\u0131 bilgi sahibi oldu\u011funuzu g\u00f6sterin. Bunun i\u00e7in \u015firketin websitesi haricinde sosyal medya hesaplar\u0131n\u0131 da mutlaka kurcalay\u0131n. \u015eirketin ne t\u00fcr payla\u015f\u0131mlar yapt\u0131\u011f\u0131 \u015firket vizyonuna dair fikir edinmenizde size daha \u00e7ok yard\u0131mc\u0131 olabilir. Verdi\u011finiz farkl\u0131 cevaplar\u0131n i\u00e7ine bu bilgiyi da\u011f\u0131tabilirsiniz. Bu \u015fekilde \u0130nsan Kaynaklar\u0131 uzman\u0131 firma ile ger\u00e7ekten ilgilendi\u011finizi anlar, fark\u0131n\u0131z\u0131 hisseder.<\/p>\n<h2><strong>Hayallerim var<\/strong><\/h2>\n<p>Gelece\u011fe dair kafan\u0131zda kariyerinizle ilgili neler oldu\u011funu kar\u015f\u0131 tarafa ifade etmeniz g\u00f6r\u00fc\u015fmenin gidi\u015fat\u0131 a\u00e7\u0131s\u0131ndan \u00e7ok \u00f6nemli. Bu durum s\u00f6z konusu ilana tesad\u00fcfen\u00a0ba\u015fvurmad\u0131\u011f\u0131n\u0131z\u0131, kafan\u0131zda planlar\u0131n\u0131z\u0131n oldu\u011funu, hayal kurdu\u011funuzu g\u00f6steriyor. Dolay\u0131s\u0131yla di\u011fer adaylar i\u00e7inde fark edilmemeniz m\u00fcmk\u00fcn de\u011fil.<\/p>\n<p><img fetchpriority=\"high\" decoding=\"async\" class=\"alignnone size-full wp-image-7075\" src=\"http:\/\/www.kariyer.net\/kariyer-rehberi\/wp-content\/uploads\/2016\/03\/11.jpg\" alt=\"1\" width=\"600\" height=\"300\" srcset=\"https:\/\/www.kariyer.net\/kariyer-rehberi\/wp-content\/uploads\/2016\/03\/11.jpg 600w, https:\/\/www.kariyer.net\/kariyer-rehberi\/wp-content\/uploads\/2016\/03\/11-300x150.jpg 300w\" sizes=\"(max-width: 600px) 100vw, 600px\" \/><\/p>\n<h2><strong>Yeni \u015feyler \u00f6\u011frenmek istiyorum<\/strong><\/h2>\n<p>Var olanla yetinmeyen, s\u00fcrekli yeni bir \u015feyler \u00f6\u011frenmek isteyen \u00e7al\u0131\u015fanlar\u0131n daha \u00e7ok tercih edildi\u011fi kesin. Bunu kat\u0131ld\u0131\u011f\u0131n\u0131z ufak e\u011fitim, workshop ya da konferans bilgilerini sunarak ifade edebilir ya da ya\u015fam boyu \u00f6\u011frenmenin sizin i\u00e7in neden \u00f6nemli oldu\u011funu anlatarak g\u00f6sterebilirsiniz.<\/p>\n<h2><strong>Motivasyonum y\u00fcksek, \u00e7\u00fcnk\u00fc\u2026<\/strong><\/h2>\n<p>\u0130\u015f g\u00f6r\u00fc\u015fmesinde s\u00f6z konusu pozisyon i\u00e7in hissetti\u011finiz heyecan\u0131n kar\u015f\u0131 tarafa ge\u00e7mesi \u00e7ok \u00f6nemli. Motivasyonunuzun y\u00fcksek oldu\u011funu ifade etmek ve bunu \u00f6rneklerle desteklemek gerekiyor. Neden o i\u015fi istedi\u011finizi ve hevesinizin kayna\u011f\u0131n\u0131 mutlaka \u00fcst\u00fcne basa basa belirtin.<\/p>\n<h2><strong>Uyumlu \u00e7al\u0131\u015f\u0131r\u0131m<\/strong><\/h2>\n<p>\u00c7al\u0131\u015fmaya ba\u015flayaca\u011f\u0131n\u0131z andan itibaren bir tak\u0131m\u0131n par\u00e7as\u0131 olaca\u011f\u0131n\u0131z\u0131 d\u00fc\u015f\u00fcn\u00fcrsek ba\u015fkalar\u0131yla uyumlu \u00e7al\u0131\u015faca\u011f\u0131n\u0131z\u0131 ifade etmenizde fayda var. Bu nedenle varsa daha \u00f6nce yer ald\u0131\u011f\u0131n\u0131z tak\u0131mda edindi\u011finiz deneyimlerden, yoksa uyumlu \u00e7al\u0131\u015fabilme becerinizden mutlaka bahsedin.<\/p>\n<p><img decoding=\"async\" class=\"alignnone size-full wp-image-7076\" src=\"http:\/\/www.kariyer.net\/kariyer-rehberi\/wp-content\/uploads\/2016\/03\/3.jpg\" alt=\"3\" width=\"600\" height=\"300\" srcset=\"https:\/\/www.kariyer.net\/kariyer-rehberi\/wp-content\/uploads\/2016\/03\/3.jpg 600w, https:\/\/www.kariyer.net\/kariyer-rehberi\/wp-content\/uploads\/2016\/03\/3-300x150.jpg 300w\" sizes=\"(max-width: 600px) 100vw, 600px\" \/><\/p>\n<h2><strong>\u015eu y\u00f6n\u00fcn\u00fcz beni etkiliyor<\/strong><\/h2>\n<p>\u015eirketin en \u00e7ok hangi \u00f6zelli\u011finden etkilendi\u011finizi mutlaka belirtin. Kar\u015f\u0131 taraf\u0131n hem gururunu ok\u015fayacak hem de ilginizi g\u00f6sterecek. Tabii ki bu bilgiyi\u00a0b\u00fcy\u00fck bir iltifat\u00a0havas\u0131nda payla\u015fmamak \u00f6nemli. Ger\u00e7ekten ne hissetti\u011finizi iletirseniz daha olumlu bir geri bildirim alabilirsiniz.<\/p>\n<h2><strong>\u015eirkete katk\u0131da bulunmak istedi\u011fim noktalar \u015funlar\u2026<\/strong><\/h2>\n<p>Bir y\u00f6neticinin en \u00e7ok hayalini kurdu\u011fu \u015fey yepyeni fikirlerle gelen yeni ve istekli bir \u00e7al\u0131\u015fan olsa gerek. Bu nedenle g\u00f6r\u00fc\u015fmede mutlaka firma i\u00e7inde neler yapmak istedi\u011finizi, hangi bo\u015fluklar\u0131 doldurmak, hangi s\u0131k\u0131nt\u0131lar\u0131 d\u00fczeltmek amac\u0131nda oldu\u011funuzu belirtin. Bu derece geni\u015f bir perspektifle olaylara bakman\u0131z kar\u015f\u0131 taraf\u0131 mutlaka etkileyecektir.<\/p>\n<p><img decoding=\"async\" class=\"alignnone size-full wp-image-7078\" src=\"http:\/\/www.kariyer.net\/kariyer-rehberi\/wp-content\/uploads\/2016\/03\/2.jpg\" alt=\"2\" width=\"600\" height=\"300\" srcset=\"https:\/\/www.kariyer.net\/kariyer-rehberi\/wp-content\/uploads\/2016\/03\/2.jpg 600w, https:\/\/www.kariyer.net\/kariyer-rehberi\/wp-content\/uploads\/2016\/03\/2-300x150.jpg 300w\" sizes=\"(max-width: 600px) 100vw, 600px\" \/><\/p>\n<h2><strong>Projelerinizi takip ediyorum<\/strong><\/h2>\n<p>\u015eirketin proje detaylar\u0131ndan bahsetmek kar\u015f\u0131 tarafa hevesinizi g\u00f6stermek a\u00e7\u0131s\u0131ndan \u00e7ok g\u00fczel bir hamle. \u015eirketin halihaz\u0131rda s\u00fcren projeleri hakk\u0131nda fikir sahibi olmak, \u00e7o\u011funluktan daha \u00e7ok bilgi sahibi oldu\u011funuzu g\u00f6steriyor. B\u00f6yle bir durumda 1-0 \u00f6ne ge\u00e7ti\u011finizi s\u00f6yleyebiliriz.<\/p>\n<p><a href=\"http:\/\/www.kariyer.net\/is-ilanlari\/uzman\"><img loading=\"lazy\" decoding=\"async\" class=\"alignnone wp-image-7212 size-full\" src=\"http:\/\/www.kariyer.net\/kariyer-rehberi\/wp-content\/uploads\/2016\/03\/ilanlara-basvur1.png\" alt=\"ilanlara-basvur\" width=\"239\" height=\"46\" \/><\/a><\/p>\n<!-- templates\/buttons-placeholder.php -->\n<div class=\"da-reactions-outer TpostID7067\">\n\t    <div class=\"da-reactions-data da-reactions-container-async center\"\n         data-type=\"post\"\n         data-id=\"7067\"\n         id=\"da-reactions-slot-post-7067\">\n        <div class=\"da-reactions-static\">\n\t\t\t<img src=\"https:\/\/www.kariyer.net\/kariyer-rehberi\/wp-content\/plugins\/da-reactions\/assets\/dist\/loading.svg\" alt=\"Loading spinner\" width=\"48\" height=\"48\" style=\"width:48px\" \/>\n        <\/div>\n    <\/div>\n<\/div>\n","protected":false},"excerpt":{"rendered":"<p>\u0130\u015f g\u00f6r\u00fc\u015fmesi \u00f6ncesinde s\u0131kl\u0131kla neler s\u00f6ylemek\u00a0ya da nelerden bahsetmemek gerekti\u011fi noktas\u0131nda kafan\u0131z kar\u0131\u015fabilir. Olduk\u00e7a stresli olan bu s\u00fcre\u00e7te baz\u0131 p\u00fcf noktalar\u0131n\u0131 iyi bilmek, kendinizden daha \u00e7ok emin olmay\u0131, dolay\u0131s\u0131yla da kar\u015f\u0131 taraf\u0131 etkileyebilecek bir performans\u0131n ortaya \u00e7\u0131kmas\u0131n\u0131 sa\u011fl\u0131yor. Nelerin denmemesi gerekti\u011fini az \u00e7ok biliyoruz. Peki, ba\u015far\u0131l\u0131 bir i\u015f g\u00f6r\u00fc\u015fmesi i\u00e7in nelerin alt\u0131n\u0131 \u00f6zellikle \u00e7izmekte fayda [&hellip;]<\/p>\n<!-- templates\/buttons-placeholder.php -->\n<div class=\"da-reactions-outer TpostID7067\">\n\t    <div class=\"da-reactions-data da-reactions-container-async center\"\n         data-type=\"post\"\n         data-id=\"7067\"\n         id=\"da-reactions-slot-post-7067\">\n        <div class=\"da-reactions-static\">\n\t\t\t<img src=\"https:\/\/www.kariyer.net\/kariyer-rehberi\/wp-content\/plugins\/da-reactions\/assets\/dist\/loading.svg\" alt=\"Loading spinner\" width=\"48\" height=\"48\" style=\"width:48px\" \/>\n        <\/div>\n    <\/div>\n<\/div>\n","protected":false},"author":18,"featured_media":10709,"comment_status":"open","ping_status":"open","sticky":false,"template":"","format":"standard","meta":{"footnotes":"","_elementor_edit_mode":"","_elementor_template_type":"","_elementor_data":"","_elementor_page_settings":null,"_elementor_conditions":[]},"categories":[42,45],"tags":[],"class_list":{"0":"post-7067","1":"post","2":"type-post","3":"status-publish","4":"format-standard","5":"has-post-thumbnail","7":"category-mulakat","8":"category-mulakat-taktikleri"},"yoast_head":"<!-- This site is optimized with the Yoast SEO Premium plugin v21.4 (Yoast SEO v27.0) - https:\/\/yoast.com\/product\/yoast-seo-premium-wordpress\/ -->\n<title>M\u00fclakat\u0131n\u0131z\u0131n iyi ge\u00e7mesine yard\u0131mc\u0131 anahtar c\u00fcmleler | Kariyer Rehberi<\/title>\n<meta name=\"description\" content=\"\u0130\u015f g\u00f6r\u00fc\u015fmesi \u00f6ncesinde s\u0131kl\u0131kla neler s\u00f6ylemek\u00a0ya da nelerden bahsetmemek gerekti\u011fi noktas\u0131nda kafan\u0131z kar\u0131\u015fabilir. Olduk\u00e7a stresli olan bu s\u00fcre\u00e7te baz\u0131\" \/>\n<meta name=\"robots\" content=\"index, follow, max-snippet:-1, max-image-preview:large, max-video-preview:-1\" \/>\n<link rel=\"canonical\" href=\"https:\/\/www.kariyer.net\/kariyer-rehberi\/mulakatinizin-iyi-gecmesine-yardimci-anahtar-cumleler\/\" \/>\n<meta property=\"og:locale\" content=\"tr_TR\" \/>\n<meta property=\"og:type\" content=\"article\" \/>\n<meta property=\"og:title\" content=\"M\u00fclakat\u0131n\u0131z\u0131n iyi ge\u00e7mesine yard\u0131mc\u0131 anahtar c\u00fcmleler\" \/>\n<meta property=\"og:description\" content=\"\u0130\u015f g\u00f6r\u00fc\u015fmesi \u00f6ncesinde s\u0131kl\u0131kla neler s\u00f6ylemek\u00a0ya da nelerden bahsetmemek gerekti\u011fi noktas\u0131nda kafan\u0131z kar\u0131\u015fabilir. Olduk\u00e7a stresli olan bu s\u00fcre\u00e7te baz\u0131\" \/>\n<meta property=\"og:url\" content=\"https:\/\/www.kariyer.net\/kariyer-rehberi\/mulakatinizin-iyi-gecmesine-yardimci-anahtar-cumleler\/\" \/>\n<meta property=\"og:site_name\" content=\"Kariyer Rehberi\" \/>\n<meta property=\"article:published_time\" content=\"2016-03-25T08:55:30+00:00\" \/>\n<meta property=\"article:modified_time\" content=\"2017-08-28T07:08:21+00:00\" \/>\n<meta property=\"og:image\" content=\"https:\/\/www.kariyer.net\/kariyer-rehberi\/wp-content\/uploads\/2016\/03\/hedef1111.jpg\" \/>\n\t<meta property=\"og:image:width\" content=\"900\" \/>\n\t<meta property=\"og:image:height\" content=\"600\" \/>\n\t<meta property=\"og:image:type\" content=\"image\/jpeg\" \/>\n<meta name=\"author\" content=\"\u00c7i\u011fdem \u00c7al\u0131k\" \/>\n<meta name=\"twitter:card\" content=\"summary_large_image\" \/>\n<meta name=\"twitter:label1\" content=\"Yazan:\" \/>\n\t<meta name=\"twitter:data1\" content=\"\u00c7i\u011fdem \u00c7al\u0131k\" \/>\n\t<meta name=\"twitter:label2\" content=\"Tahmini okuma s\u00fcresi\" \/>\n\t<meta name=\"twitter:data2\" content=\"3 dakika\" \/>\n<!-- \/ Yoast SEO Premium plugin. -->","yoast_head_json":{"title":"M\u00fclakat\u0131n\u0131z\u0131n iyi ge\u00e7mesine yard\u0131mc\u0131 anahtar c\u00fcmleler | Kariyer Rehberi","description":"\u0130\u015f g\u00f6r\u00fc\u015fmesi \u00f6ncesinde s\u0131kl\u0131kla neler s\u00f6ylemek\u00a0ya da nelerden bahsetmemek gerekti\u011fi noktas\u0131nda kafan\u0131z kar\u0131\u015fabilir. Olduk\u00e7a stresli olan bu s\u00fcre\u00e7te baz\u0131","robots":{"index":"index","follow":"follow","max-snippet":"max-snippet:-1","max-image-preview":"max-image-preview:large","max-video-preview":"max-video-preview:-1"},"canonical":"https:\/\/www.kariyer.net\/kariyer-rehberi\/mulakatinizin-iyi-gecmesine-yardimci-anahtar-cumleler\/","og_locale":"tr_TR","og_type":"article","og_title":"M\u00fclakat\u0131n\u0131z\u0131n iyi ge\u00e7mesine yard\u0131mc\u0131 anahtar c\u00fcmleler","og_description":"\u0130\u015f g\u00f6r\u00fc\u015fmesi \u00f6ncesinde s\u0131kl\u0131kla neler s\u00f6ylemek\u00a0ya da nelerden bahsetmemek gerekti\u011fi noktas\u0131nda kafan\u0131z kar\u0131\u015fabilir. Olduk\u00e7a stresli olan bu s\u00fcre\u00e7te baz\u0131","og_url":"https:\/\/www.kariyer.net\/kariyer-rehberi\/mulakatinizin-iyi-gecmesine-yardimci-anahtar-cumleler\/","og_site_name":"Kariyer Rehberi","article_published_time":"2016-03-25T08:55:30+00:00","article_modified_time":"2017-08-28T07:08:21+00:00","og_image":[{"width":900,"height":600,"url":"https:\/\/www.kariyer.net\/kariyer-rehberi\/wp-content\/uploads\/2016\/03\/hedef1111.jpg","type":"image\/jpeg"}],"author":"\u00c7i\u011fdem \u00c7al\u0131k","twitter_card":"summary_large_image","twitter_misc":{"Yazan:":"\u00c7i\u011fdem \u00c7al\u0131k","Tahmini okuma s\u00fcresi":"3 dakika"},"schema":{"@context":"https:\/\/schema.org","@graph":[{"@type":"Article","@id":"https:\/\/www.kariyer.net\/kariyer-rehberi\/mulakatinizin-iyi-gecmesine-yardimci-anahtar-cumleler\/#article","isPartOf":{"@id":"https:\/\/www.kariyer.net\/kariyer-rehberi\/mulakatinizin-iyi-gecmesine-yardimci-anahtar-cumleler\/"},"author":{"name":"\u00c7i\u011fdem \u00c7al\u0131k","@id":"https:\/\/www.kariyer.net\/kariyer-rehberi\/#\/schema\/person\/ef9a2dc2672d3e7352225313b455b447"},"headline":"M\u00fclakat\u0131n\u0131z\u0131n iyi ge\u00e7mesine yard\u0131mc\u0131 anahtar c\u00fcmleler","datePublished":"2016-03-25T08:55:30+00:00","dateModified":"2017-08-28T07:08:21+00:00","mainEntityOfPage":{"@id":"https:\/\/www.kariyer.net\/kariyer-rehberi\/mulakatinizin-iyi-gecmesine-yardimci-anahtar-cumleler\/"},"wordCount":676,"commentCount":0,"publisher":{"@id":"https:\/\/www.kariyer.net\/kariyer-rehberi\/#organization"},"image":{"@id":"https:\/\/www.kariyer.net\/kariyer-rehberi\/mulakatinizin-iyi-gecmesine-yardimci-anahtar-cumleler\/#primaryimage"},"thumbnailUrl":"https:\/\/www.kariyer.net\/kariyer-rehberi\/wp-content\/uploads\/2016\/03\/hedef1111.jpg","articleSection":["M\u00fclakat","M\u00fclakat Taktikleri"],"inLanguage":"tr","potentialAction":[{"@type":"CommentAction","name":"Comment","target":["https:\/\/www.kariyer.net\/kariyer-rehberi\/mulakatinizin-iyi-gecmesine-yardimci-anahtar-cumleler\/#respond"]}]},{"@type":"WebPage","@id":"https:\/\/www.kariyer.net\/kariyer-rehberi\/mulakatinizin-iyi-gecmesine-yardimci-anahtar-cumleler\/","url":"https:\/\/www.kariyer.net\/kariyer-rehberi\/mulakatinizin-iyi-gecmesine-yardimci-anahtar-cumleler\/","name":"M\u00fclakat\u0131n\u0131z\u0131n iyi ge\u00e7mesine yard\u0131mc\u0131 anahtar c\u00fcmleler | Kariyer Rehberi","isPartOf":{"@id":"https:\/\/www.kariyer.net\/kariyer-rehberi\/#website"},"primaryImageOfPage":{"@id":"https:\/\/www.kariyer.net\/kariyer-rehberi\/mulakatinizin-iyi-gecmesine-yardimci-anahtar-cumleler\/#primaryimage"},"image":{"@id":"https:\/\/www.kariyer.net\/kariyer-rehberi\/mulakatinizin-iyi-gecmesine-yardimci-anahtar-cumleler\/#primaryimage"},"thumbnailUrl":"https:\/\/www.kariyer.net\/kariyer-rehberi\/wp-content\/uploads\/2016\/03\/hedef1111.jpg","datePublished":"2016-03-25T08:55:30+00:00","dateModified":"2017-08-28T07:08:21+00:00","description":"\u0130\u015f g\u00f6r\u00fc\u015fmesi \u00f6ncesinde s\u0131kl\u0131kla neler s\u00f6ylemek\u00a0ya da nelerden bahsetmemek gerekti\u011fi noktas\u0131nda kafan\u0131z kar\u0131\u015fabilir. Olduk\u00e7a stresli olan bu s\u00fcre\u00e7te baz\u0131","breadcrumb":{"@id":"https:\/\/www.kariyer.net\/kariyer-rehberi\/mulakatinizin-iyi-gecmesine-yardimci-anahtar-cumleler\/#breadcrumb"},"inLanguage":"tr","potentialAction":[{"@type":"ReadAction","target":["https:\/\/www.kariyer.net\/kariyer-rehberi\/mulakatinizin-iyi-gecmesine-yardimci-anahtar-cumleler\/"]}]},{"@type":"ImageObject","inLanguage":"tr","@id":"https:\/\/www.kariyer.net\/kariyer-rehberi\/mulakatinizin-iyi-gecmesine-yardimci-anahtar-cumleler\/#primaryimage","url":"https:\/\/www.kariyer.net\/kariyer-rehberi\/wp-content\/uploads\/2016\/03\/hedef1111.jpg","contentUrl":"https:\/\/www.kariyer.net\/kariyer-rehberi\/wp-content\/uploads\/2016\/03\/hedef1111.jpg","width":900,"height":600},{"@type":"BreadcrumbList","@id":"https:\/\/www.kariyer.net\/kariyer-rehberi\/mulakatinizin-iyi-gecmesine-yardimci-anahtar-cumleler\/#breadcrumb","itemListElement":[{"@type":"ListItem","position":1,"name":"Anasayfa","item":"https:\/\/www.kariyer.net\/kariyer-rehberi\/"},{"@type":"ListItem","position":2,"name":"M\u00fclakat\u0131n\u0131z\u0131n iyi ge\u00e7mesine yard\u0131mc\u0131 anahtar c\u00fcmleler"}]},{"@type":"WebSite","@id":"https:\/\/www.kariyer.net\/kariyer-rehberi\/#website","url":"https:\/\/www.kariyer.net\/kariyer-rehberi\/","name":"Kariyer Rehberi","description":"\u0130\u015f D\u00fcnyas\u0131yla \u0130lgili Bilmek \u0130stedi\u011finiz Her \u015eey","publisher":{"@id":"https:\/\/www.kariyer.net\/kariyer-rehberi\/#organization"},"potentialAction":[{"@type":"SearchAction","target":{"@type":"EntryPoint","urlTemplate":"https:\/\/www.kariyer.net\/kariyer-rehberi\/?s={search_term_string}"},"query-input":{"@type":"PropertyValueSpecification","valueRequired":true,"valueName":"search_term_string"}}],"inLanguage":"tr"},{"@type":"Organization","@id":"https:\/\/www.kariyer.net\/kariyer-rehberi\/#organization","name":"Kariyer.net","url":"https:\/\/www.kariyer.net\/kariyer-rehberi\/","logo":{"@type":"ImageObject","inLanguage":"tr","@id":"https:\/\/www.kariyer.net\/kariyer-rehberi\/#\/schema\/logo\/image\/","url":"https:\/\/www.kariyer.net\/kariyer-rehberi-new\/wp-content\/uploads\/2023\/01\/og-image11.jpg","contentUrl":"https:\/\/www.kariyer.net\/kariyer-rehberi-new\/wp-content\/uploads\/2023\/01\/og-image11.jpg","width":800,"height":800,"caption":"Kariyer.net"},"image":{"@id":"https:\/\/www.kariyer.net\/kariyer-rehberi\/#\/schema\/logo\/image\/"}},{"@type":"Person","@id":"https:\/\/www.kariyer.net\/kariyer-rehberi\/#\/schema\/person\/ef9a2dc2672d3e7352225313b455b447","name":"\u00c7i\u011fdem \u00c7al\u0131k","image":{"@type":"ImageObject","inLanguage":"tr","@id":"https:\/\/www.kariyer.net\/kariyer-rehberi\/#\/schema\/person\/image\/","url":"https:\/\/secure.gravatar.com\/avatar\/f270bbc5e4e6373aef80de8e9e55d27516cac7be363ef3b53ec26b94063ede66?s=96&d=mm&r=g","contentUrl":"https:\/\/secure.gravatar.com\/avatar\/f270bbc5e4e6373aef80de8e9e55d27516cac7be363ef3b53ec26b94063ede66?s=96&d=mm&r=g","caption":"\u00c7i\u011fdem \u00c7al\u0131k"},"description":"Ege \u00dcniversitesi\u2019nin ard\u0131ndan Galatasaray \u00dcniversitesi Radyo, Sinema, TV b\u00f6l\u00fcm\u00fcnden mezun oldu. Meslek hayat\u0131na reklam yazarl\u0131\u011f\u0131yla ba\u015flad\u0131. D\u00f6rt y\u0131ll\u0131k reklam d\u00fcnyas\u0131 deneyiminden sonra \u00e7e\u015fitli web sitelerinde k\u0131demli edit\u00f6r olarak \u00e7al\u0131\u015ft\u0131. 2015 y\u0131l\u0131nda Kariyer.net\u2019e i\u00e7erik y\u00f6neticisi olarak kat\u0131ld\u0131. \u0130K Blog, Kariyer Rehberi ve Kariyer Dergi i\u00e7in i\u00e7erik \u00fcretiyor.","sameAs":["http:\/\/www.kariyer.net\/kariyer-rehberi\/?p=6323"],"url":"https:\/\/www.kariyer.net\/kariyer-rehberi\/author\/cigdemcalik\/"}]}},"_links":{"self":[{"href":"https:\/\/www.kariyer.net\/kariyer-rehberi\/wp-json\/wp\/v2\/posts\/7067","targetHints":{"allow":["GET"]}}],"collection":[{"href":"https:\/\/www.kariyer.net\/kariyer-rehberi\/wp-json\/wp\/v2\/posts"}],"about":[{"href":"https:\/\/www.kariyer.net\/kariyer-rehberi\/wp-json\/wp\/v2\/types\/post"}],"author":[{"embeddable":true,"href":"https:\/\/www.kariyer.net\/kariyer-rehberi\/wp-json\/wp\/v2\/users\/18"}],"replies":[{"embeddable":true,"href":"https:\/\/www.kariyer.net\/kariyer-rehberi\/wp-json\/wp\/v2\/comments?post=7067"}],"version-history":[{"count":0,"href":"https:\/\/www.kariyer.net\/kariyer-rehberi\/wp-json\/wp\/v2\/posts\/7067\/revisions"}],"wp:featuredmedia":[{"embeddable":true,"href":"https:\/\/www.kariyer.net\/kariyer-rehberi\/wp-json\/wp\/v2\/media\/10709"}],"wp:attachment":[{"href":"https:\/\/www.kariyer.net\/kariyer-rehberi\/wp-json\/wp\/v2\/media?parent=7067"}],"wp:term":[{"taxonomy":"category","embeddable":true,"href":"https:\/\/www.kariyer.net\/kariyer-rehberi\/wp-json\/wp\/v2\/categories?post=7067"},{"taxonomy":"post_tag","embeddable":true,"href":"https:\/\/www.kariyer.net\/kariyer-rehberi\/wp-json\/wp\/v2\/tags?post=7067"}],"curies":[{"name":"wp","href":"https:\/\/api.w.org\/{rel}","templated":true}]}}