{"id":7174,"date":"2013-01-01T09:53:42","date_gmt":"2013-01-01T07:53:42","guid":{"rendered":"http:\/\/www.kariyer.net\/kariyer-rehberi\/?p=7174"},"modified":"2024-07-03T15:36:48","modified_gmt":"2024-07-03T12:36:48","slug":"intertech-code-the-bank-2-yarismasi-basliyor","status":"publish","type":"post","link":"https:\/\/www.kariyer.net\/kariyer-rehberi\/intertech-code-the-bank-2-yarismasi-basliyor\/","title":{"rendered":"Intertech, Code The Bank 2 yar\u0131\u015fmas\u0131 ba\u015fl\u0131yor"},"content":{"rendered":"<p><strong>Intertech, \u00fcniversite \u00f6\u011frencilerinin ve gen\u00e7 profesyonellerin yenilik\u00e7i ve yarat\u0131c\u0131 \u00e7\u00f6z\u00fcmler sunabilecekleri Code The Bank 2 yar\u0131\u015fmas\u0131n\u0131 d\u00fczenliyor. 1-3 Nisan tarihleri aras\u0131nda ger\u00e7ekle\u015ftirilecek ve inovatif i\u015f fikirleri geli\u015ftirmeye te\u015fvik eden bu fikirlerin yenilik\u00e7i giri\u015fimlered\u00f6n\u00fc\u015fmesine hizmet edecek yar\u0131\u015fmaya son ba\u015fvuru tarihi 22 Mart 2016.<\/strong><\/p>\n<p><strong><img fetchpriority=\"high\" decoding=\"async\" class=\"aligncenter size-full wp-image-7175\" src=\"http:\/\/www.kariyer.net\/kariyer-rehberi\/wp-content\/uploads\/2016\/03\/inteertech.jpg\" alt=\"inteertech\" width=\"600\" height=\"300\" srcset=\"https:\/\/www.kariyer.net\/kariyer-rehberi\/wp-content\/uploads\/2016\/03\/inteertech.jpg 600w, https:\/\/www.kariyer.net\/kariyer-rehberi\/wp-content\/uploads\/2016\/03\/inteertech-300x150.jpg 300w\" sizes=\"(max-width: 600px) 100vw, 600px\" \/><\/strong><\/p>\n<p>Bu y\u0131l ikincisi d\u00fczenlenecek olan yar\u0131\u015fma ile \u00e7ift\u00e7ilerimizin, k\u00fc\u00e7\u00fck ve orta \u00f6l\u00e7ekli i\u015fletmelerimizin, belediyelerimizin finans ekosistemi ile entegre edilerek, sosyal sorumluluk ve s\u00fcrd\u00fcr\u00fclebilirlik konular\u0131ndaki hassasiyetlerle b\u00fct\u00fcnle\u015fik, gen\u00e7lerin yarat\u0131c\u0131l\u0131\u011f\u0131 ve enerjisi ile katma de\u011fer yaratacak \u00e7\u00f6z\u00fcm \u00f6nerilerini 48 saat i\u00e7inde payla\u015fabilecekleri bir platform sunulacak.<\/p>\n<p><strong>Silikon Vadisi\u2019ne gitme \u015fans\u0131<\/strong><\/p>\n<p>\u201cMobil \u00e7\u00f6z\u00fcmler\u201d ana temas\u0131 ile d\u00fczenlenecek yar\u0131\u015fma, gelece\u011fe haz\u0131rlanan gen\u00e7leri ve profesyonelleri yeni i\u015f fikirleri geli\u015ftirmeye te\u015fvik ederken, bu fikirlerin yenilik\u00e7i giri\u015fimlere d\u00f6n\u00fc\u015fmesine olanak sa\u011fl\u0131yor. Alan\u0131nda uzman isimlerin j\u00fcri olarak de\u011ferlendirme kurulunda yer alaca\u011f\u0131 yar\u0131\u015fmada s\u00fcrpriz \u00f6d\u00fcller de dereceye girecek yar\u0131\u015fmac\u0131lar\u0131 bekliyor. Hayata ge\u00e7irecekleri projeler ile ba\u015far\u0131l\u0131 olan veya j\u00fcri \u00f6zel \u00f6d\u00fcl\u00fc alacak Silikon Vadisi\u2019ne gitme \u015fans\u0131 yakalayacak.<\/p>\n<!-- templates\/buttons-placeholder.php -->\n<div class=\"da-reactions-outer TpostID7174\">\n\t    <div class=\"da-reactions-data da-reactions-container-async center\"\n         data-type=\"post\"\n         data-id=\"7174\"\n         id=\"da-reactions-slot-post-7174\">\n        <div class=\"da-reactions-static\">\n\t\t\t<img src=\"https:\/\/www.kariyer.net\/kariyer-rehberi\/wp-content\/plugins\/da-reactions\/assets\/dist\/loading.svg\" alt=\"Loading spinner\" width=\"48\" height=\"48\" style=\"width:48px\" \/>\n        <\/div>\n    <\/div>\n<\/div>\n","protected":false},"excerpt":{"rendered":"<p>Intertech, \u00fcniversite \u00f6\u011frencilerinin ve gen\u00e7 profesyonellerin yenilik\u00e7i ve yarat\u0131c\u0131 \u00e7\u00f6z\u00fcmler sunabilecekleri Code The Bank 2 yar\u0131\u015fmas\u0131n\u0131 d\u00fczenliyor. 1-3 Nisan tarihleri aras\u0131nda ger\u00e7ekle\u015ftirilecek ve inovatif i\u015f fikirleri geli\u015ftirmeye te\u015fvik eden bu fikirlerin yenilik\u00e7i giri\u015fimlered\u00f6n\u00fc\u015fmesine hizmet edecek yar\u0131\u015fmaya son ba\u015fvuru tarihi 22 Mart 2016. Bu y\u0131l ikincisi d\u00fczenlenecek olan yar\u0131\u015fma ile \u00e7ift\u00e7ilerimizin, k\u00fc\u00e7\u00fck ve orta \u00f6l\u00e7ekli i\u015fletmelerimizin, [&hellip;]<\/p>\n<!-- templates\/buttons-placeholder.php -->\n<div class=\"da-reactions-outer TpostID7174\">\n\t    <div class=\"da-reactions-data da-reactions-container-async center\"\n         data-type=\"post\"\n         data-id=\"7174\"\n         id=\"da-reactions-slot-post-7174\">\n        <div class=\"da-reactions-static\">\n\t\t\t<img src=\"https:\/\/www.kariyer.net\/kariyer-rehberi\/wp-content\/plugins\/da-reactions\/assets\/dist\/loading.svg\" alt=\"Loading spinner\" width=\"48\" height=\"48\" style=\"width:48px\" \/>\n        <\/div>\n    <\/div>\n<\/div>\n","protected":false},"author":16,"featured_media":7177,"comment_status":"open","ping_status":"open","sticky":false,"template":"","format":"standard","meta":{"footnotes":"","_elementor_edit_mode":"","_elementor_template_type":"","_elementor_data":"","_elementor_page_settings":null,"_elementor_conditions":[]},"categories":[2211],"tags":[],"class_list":{"0":"post-7174","1":"post","2":"type-post","3":"status-publish","4":"format-standard","5":"has-post-thumbnail","7":"category-kariyer-gelisimi"},"yoast_head":"<!-- This site is optimized with the Yoast SEO Premium plugin v21.4 (Yoast SEO v27.0) - https:\/\/yoast.com\/product\/yoast-seo-premium-wordpress\/ -->\n<title>Intertech, Code The Bank 2 yar\u0131\u015fmas\u0131 ba\u015fl\u0131yor | Kariyer Rehberi<\/title>\n<meta name=\"description\" content=\"Intertech, \u00fcniversite \u00f6\u011frencilerinin ve gen\u00e7 profesyonellerin yenilik\u00e7i ve yarat\u0131c\u0131 \u00e7\u00f6z\u00fcmler sunabilecekleri Code The Bank 2 yar\u0131\u015fmas\u0131n\u0131 d\u00fczenliyor. 1-3\" \/>\n<meta name=\"robots\" content=\"index, follow, max-snippet:-1, max-image-preview:large, max-video-preview:-1\" \/>\n<link rel=\"canonical\" href=\"https:\/\/www.kariyer.net\/kariyer-rehberi\/intertech-code-the-bank-2-yarismasi-basliyor\/\" \/>\n<meta property=\"og:locale\" content=\"tr_TR\" \/>\n<meta property=\"og:type\" content=\"article\" \/>\n<meta property=\"og:title\" content=\"Intertech, Code The Bank 2 yar\u0131\u015fmas\u0131 ba\u015fl\u0131yor\" \/>\n<meta property=\"og:description\" content=\"Intertech, \u00fcniversite \u00f6\u011frencilerinin ve gen\u00e7 profesyonellerin yenilik\u00e7i ve yarat\u0131c\u0131 \u00e7\u00f6z\u00fcmler sunabilecekleri Code The Bank 2 yar\u0131\u015fmas\u0131n\u0131 d\u00fczenliyor. 1-3\" \/>\n<meta property=\"og:url\" content=\"https:\/\/www.kariyer.net\/kariyer-rehberi\/intertech-code-the-bank-2-yarismasi-basliyor\/\" \/>\n<meta property=\"og:site_name\" content=\"Kariyer Rehberi\" \/>\n<meta property=\"article:published_time\" content=\"2013-01-01T07:53:42+00:00\" \/>\n<meta property=\"article:modified_time\" content=\"2024-07-03T12:36:48+00:00\" \/>\n<meta property=\"og:image\" content=\"https:\/\/www.kariyer.net\/kariyer-rehberi\/wp-content\/uploads\/2016\/03\/intertech..jpg\" \/>\n\t<meta property=\"og:image:width\" content=\"600\" \/>\n\t<meta property=\"og:image:height\" content=\"300\" \/>\n\t<meta property=\"og:image:type\" content=\"image\/jpeg\" \/>\n<meta name=\"author\" content=\"M\u00fcge Naz Altay\" \/>\n<meta name=\"twitter:card\" content=\"summary_large_image\" \/>\n<meta name=\"twitter:label1\" content=\"Yazan:\" \/>\n\t<meta name=\"twitter:data1\" content=\"M\u00fcge Naz Altay\" \/>\n\t<meta name=\"twitter:label2\" content=\"Tahmini okuma s\u00fcresi\" \/>\n\t<meta name=\"twitter:data2\" content=\"1 dakika\" \/>\n<!-- \/ Yoast SEO Premium plugin. -->","yoast_head_json":{"title":"Intertech, Code The Bank 2 yar\u0131\u015fmas\u0131 ba\u015fl\u0131yor | Kariyer Rehberi","description":"Intertech, \u00fcniversite \u00f6\u011frencilerinin ve gen\u00e7 profesyonellerin yenilik\u00e7i ve yarat\u0131c\u0131 \u00e7\u00f6z\u00fcmler sunabilecekleri Code The Bank 2 yar\u0131\u015fmas\u0131n\u0131 d\u00fczenliyor. 1-3","robots":{"index":"index","follow":"follow","max-snippet":"max-snippet:-1","max-image-preview":"max-image-preview:large","max-video-preview":"max-video-preview:-1"},"canonical":"https:\/\/www.kariyer.net\/kariyer-rehberi\/intertech-code-the-bank-2-yarismasi-basliyor\/","og_locale":"tr_TR","og_type":"article","og_title":"Intertech, Code The Bank 2 yar\u0131\u015fmas\u0131 ba\u015fl\u0131yor","og_description":"Intertech, \u00fcniversite \u00f6\u011frencilerinin ve gen\u00e7 profesyonellerin yenilik\u00e7i ve yarat\u0131c\u0131 \u00e7\u00f6z\u00fcmler sunabilecekleri Code The Bank 2 yar\u0131\u015fmas\u0131n\u0131 d\u00fczenliyor. 1-3","og_url":"https:\/\/www.kariyer.net\/kariyer-rehberi\/intertech-code-the-bank-2-yarismasi-basliyor\/","og_site_name":"Kariyer Rehberi","article_published_time":"2013-01-01T07:53:42+00:00","article_modified_time":"2024-07-03T12:36:48+00:00","og_image":[{"width":600,"height":300,"url":"https:\/\/www.kariyer.net\/kariyer-rehberi\/wp-content\/uploads\/2016\/03\/intertech..jpg","type":"image\/jpeg"}],"author":"M\u00fcge Naz Altay","twitter_card":"summary_large_image","twitter_misc":{"Yazan:":"M\u00fcge Naz Altay","Tahmini okuma s\u00fcresi":"1 dakika"},"schema":{"@context":"https:\/\/schema.org","@graph":[{"@type":"Article","@id":"https:\/\/www.kariyer.net\/kariyer-rehberi\/intertech-code-the-bank-2-yarismasi-basliyor\/#article","isPartOf":{"@id":"https:\/\/www.kariyer.net\/kariyer-rehberi\/intertech-code-the-bank-2-yarismasi-basliyor\/"},"author":{"name":"M\u00fcge Naz Altay","@id":"https:\/\/www.kariyer.net\/kariyer-rehberi\/#\/schema\/person\/b572ae4516d467272d24d207d71f09b6"},"headline":"Intertech, Code The Bank 2 yar\u0131\u015fmas\u0131 ba\u015fl\u0131yor","datePublished":"2013-01-01T07:53:42+00:00","dateModified":"2024-07-03T12:36:48+00:00","mainEntityOfPage":{"@id":"https:\/\/www.kariyer.net\/kariyer-rehberi\/intertech-code-the-bank-2-yarismasi-basliyor\/"},"wordCount":219,"commentCount":0,"publisher":{"@id":"https:\/\/www.kariyer.net\/kariyer-rehberi\/#organization"},"image":{"@id":"https:\/\/www.kariyer.net\/kariyer-rehberi\/intertech-code-the-bank-2-yarismasi-basliyor\/#primaryimage"},"thumbnailUrl":"https:\/\/www.kariyer.net\/kariyer-rehberi\/wp-content\/uploads\/2016\/03\/intertech..jpg","articleSection":["Kariyer Geli\u015fimi"],"inLanguage":"tr","potentialAction":[{"@type":"CommentAction","name":"Comment","target":["https:\/\/www.kariyer.net\/kariyer-rehberi\/intertech-code-the-bank-2-yarismasi-basliyor\/#respond"]}]},{"@type":"WebPage","@id":"https:\/\/www.kariyer.net\/kariyer-rehberi\/intertech-code-the-bank-2-yarismasi-basliyor\/","url":"https:\/\/www.kariyer.net\/kariyer-rehberi\/intertech-code-the-bank-2-yarismasi-basliyor\/","name":"Intertech, Code The Bank 2 yar\u0131\u015fmas\u0131 ba\u015fl\u0131yor | Kariyer Rehberi","isPartOf":{"@id":"https:\/\/www.kariyer.net\/kariyer-rehberi\/#website"},"primaryImageOfPage":{"@id":"https:\/\/www.kariyer.net\/kariyer-rehberi\/intertech-code-the-bank-2-yarismasi-basliyor\/#primaryimage"},"image":{"@id":"https:\/\/www.kariyer.net\/kariyer-rehberi\/intertech-code-the-bank-2-yarismasi-basliyor\/#primaryimage"},"thumbnailUrl":"https:\/\/www.kariyer.net\/kariyer-rehberi\/wp-content\/uploads\/2016\/03\/intertech..jpg","datePublished":"2013-01-01T07:53:42+00:00","dateModified":"2024-07-03T12:36:48+00:00","description":"Intertech, \u00fcniversite \u00f6\u011frencilerinin ve gen\u00e7 profesyonellerin yenilik\u00e7i ve yarat\u0131c\u0131 \u00e7\u00f6z\u00fcmler sunabilecekleri Code The Bank 2 yar\u0131\u015fmas\u0131n\u0131 d\u00fczenliyor. 1-3","breadcrumb":{"@id":"https:\/\/www.kariyer.net\/kariyer-rehberi\/intertech-code-the-bank-2-yarismasi-basliyor\/#breadcrumb"},"inLanguage":"tr","potentialAction":[{"@type":"ReadAction","target":["https:\/\/www.kariyer.net\/kariyer-rehberi\/intertech-code-the-bank-2-yarismasi-basliyor\/"]}]},{"@type":"ImageObject","inLanguage":"tr","@id":"https:\/\/www.kariyer.net\/kariyer-rehberi\/intertech-code-the-bank-2-yarismasi-basliyor\/#primaryimage","url":"https:\/\/www.kariyer.net\/kariyer-rehberi\/wp-content\/uploads\/2016\/03\/intertech..jpg","contentUrl":"https:\/\/www.kariyer.net\/kariyer-rehberi\/wp-content\/uploads\/2016\/03\/intertech..jpg","width":600,"height":300},{"@type":"BreadcrumbList","@id":"https:\/\/www.kariyer.net\/kariyer-rehberi\/intertech-code-the-bank-2-yarismasi-basliyor\/#breadcrumb","itemListElement":[{"@type":"ListItem","position":1,"name":"Anasayfa","item":"https:\/\/www.kariyer.net\/kariyer-rehberi\/"},{"@type":"ListItem","position":2,"name":"Intertech, Code The Bank 2 yar\u0131\u015fmas\u0131 ba\u015fl\u0131yor"}]},{"@type":"WebSite","@id":"https:\/\/www.kariyer.net\/kariyer-rehberi\/#website","url":"https:\/\/www.kariyer.net\/kariyer-rehberi\/","name":"Kariyer Rehberi","description":"\u0130\u015f D\u00fcnyas\u0131yla \u0130lgili Bilmek \u0130stedi\u011finiz Her \u015eey","publisher":{"@id":"https:\/\/www.kariyer.net\/kariyer-rehberi\/#organization"},"potentialAction":[{"@type":"SearchAction","target":{"@type":"EntryPoint","urlTemplate":"https:\/\/www.kariyer.net\/kariyer-rehberi\/?s={search_term_string}"},"query-input":{"@type":"PropertyValueSpecification","valueRequired":true,"valueName":"search_term_string"}}],"inLanguage":"tr"},{"@type":"Organization","@id":"https:\/\/www.kariyer.net\/kariyer-rehberi\/#organization","name":"Kariyer.net","url":"https:\/\/www.kariyer.net\/kariyer-rehberi\/","logo":{"@type":"ImageObject","inLanguage":"tr","@id":"https:\/\/www.kariyer.net\/kariyer-rehberi\/#\/schema\/logo\/image\/","url":"https:\/\/www.kariyer.net\/kariyer-rehberi-new\/wp-content\/uploads\/2023\/01\/og-image11.jpg","contentUrl":"https:\/\/www.kariyer.net\/kariyer-rehberi-new\/wp-content\/uploads\/2023\/01\/og-image11.jpg","width":800,"height":800,"caption":"Kariyer.net"},"image":{"@id":"https:\/\/www.kariyer.net\/kariyer-rehberi\/#\/schema\/logo\/image\/"}},{"@type":"Person","@id":"https:\/\/www.kariyer.net\/kariyer-rehberi\/#\/schema\/person\/b572ae4516d467272d24d207d71f09b6","name":"M\u00fcge Naz Altay","image":{"@type":"ImageObject","inLanguage":"tr","@id":"https:\/\/www.kariyer.net\/kariyer-rehberi\/#\/schema\/person\/image\/","url":"https:\/\/secure.gravatar.com\/avatar\/e79798b1d6dc5a80ac260d28a3ace732b21738e05d2f887391c66f9b1b30a5a4?s=96&d=mm&r=g","contentUrl":"https:\/\/secure.gravatar.com\/avatar\/e79798b1d6dc5a80ac260d28a3ace732b21738e05d2f887391c66f9b1b30a5a4?s=96&d=mm&r=g","caption":"M\u00fcge Naz Altay"},"url":"https:\/\/www.kariyer.net\/kariyer-rehberi\/author\/mugenazaltay\/"}]}},"_links":{"self":[{"href":"https:\/\/www.kariyer.net\/kariyer-rehberi\/wp-json\/wp\/v2\/posts\/7174","targetHints":{"allow":["GET"]}}],"collection":[{"href":"https:\/\/www.kariyer.net\/kariyer-rehberi\/wp-json\/wp\/v2\/posts"}],"about":[{"href":"https:\/\/www.kariyer.net\/kariyer-rehberi\/wp-json\/wp\/v2\/types\/post"}],"author":[{"embeddable":true,"href":"https:\/\/www.kariyer.net\/kariyer-rehberi\/wp-json\/wp\/v2\/users\/16"}],"replies":[{"embeddable":true,"href":"https:\/\/www.kariyer.net\/kariyer-rehberi\/wp-json\/wp\/v2\/comments?post=7174"}],"version-history":[{"count":1,"href":"https:\/\/www.kariyer.net\/kariyer-rehberi\/wp-json\/wp\/v2\/posts\/7174\/revisions"}],"predecessor-version":[{"id":19905,"href":"https:\/\/www.kariyer.net\/kariyer-rehberi\/wp-json\/wp\/v2\/posts\/7174\/revisions\/19905"}],"wp:featuredmedia":[{"embeddable":true,"href":"https:\/\/www.kariyer.net\/kariyer-rehberi\/wp-json\/wp\/v2\/media\/7177"}],"wp:attachment":[{"href":"https:\/\/www.kariyer.net\/kariyer-rehberi\/wp-json\/wp\/v2\/media?parent=7174"}],"wp:term":[{"taxonomy":"category","embeddable":true,"href":"https:\/\/www.kariyer.net\/kariyer-rehberi\/wp-json\/wp\/v2\/categories?post=7174"},{"taxonomy":"post_tag","embeddable":true,"href":"https:\/\/www.kariyer.net\/kariyer-rehberi\/wp-json\/wp\/v2\/tags?post=7174"}],"curies":[{"name":"wp","href":"https:\/\/api.w.org\/{rel}","templated":true}]}}