{"id":7216,"date":"2016-04-08T11:12:24","date_gmt":"2016-04-08T08:12:24","guid":{"rendered":"http:\/\/www.kariyer.net\/kariyer-rehberi\/?p=7216"},"modified":"2017-08-23T17:17:36","modified_gmt":"2017-08-23T14:17:36","slug":"kariyeriniz-icin-sosyal-medyayi-nasil-kullanabilirsiniz","status":"publish","type":"post","link":"https:\/\/www.kariyer.net\/kariyer-rehberi\/kariyeriniz-icin-sosyal-medyayi-nasil-kullanabilirsiniz\/","title":{"rendered":"Kariyeriniz i\u00e7in sosyal medyay\u0131 nas\u0131l kullanabilirsiniz?"},"content":{"rendered":"<p><strong>Bug\u00fcn Twitter, Facebook ve farkl\u0131 sekt\u00f6rlere dair payla\u015f\u0131mlar\u0131\u00a0i\u00e7eren pek \u00e7ok blog\u00a0ba\u015fta olmak \u00fczere sosyal medya kocaman bir f\u0131rsatlar d\u00fcnyas\u0131na d\u00f6n\u00fc\u015ft\u00fc. \u0130\u015f d\u00fcnyas\u0131 dijitalle\u015firken\u00a0i\u015f arama s\u00fcre\u00e7leri de art\u0131k tamamen dijital platformlarda s\u00fcrd\u00fcr\u00fcl\u00fcyor. \u015eirketlerin m\u00fc\u015fteri kazanmak ad\u0131na sosyal medya stratejilerine art\u0131k ne kadar \u00f6nem verdiklerini biliyoruz. Peki yeni mezunlar\u00a0ve\u00a0i\u015f arayanlar sosyal medyay\u0131 nas\u0131l kullanabilir? Nas\u0131l bir sosyal medya stratejisi ile arzu etti\u011finiz\u00a0i\u015f d\u00fcnyas\u0131na ad\u0131m atabilirsiniz?<\/strong><\/p>\n<p><img fetchpriority=\"high\" decoding=\"async\" class=\"alignnone size-full wp-image-7219\" src=\"http:\/\/www.kariyer.net\/kariyer-rehberi\/wp-content\/uploads\/2016\/03\/24.jpg\" alt=\"2\" width=\"600\" height=\"300\" srcset=\"https:\/\/www.kariyer.net\/kariyer-rehberi\/wp-content\/uploads\/2016\/03\/24.jpg 600w, https:\/\/www.kariyer.net\/kariyer-rehberi\/wp-content\/uploads\/2016\/03\/24-300x150.jpg 300w\" sizes=\"(max-width: 600px) 100vw, 600px\" \/><\/p>\n<p>E\u011fer i\u015f hayat\u0131na kat\u0131lman\u0131za az kald\u0131ysa sosyal medyan\u0131n i\u015f hayat\u0131nda da ne kadar \u00f6nemli bir yere sahip oldu\u011funu \u015fimdiden bilmelisiniz. Bug\u00fcn hayat\u0131m\u0131z\u0131n her alan\u0131na yay\u0131lm\u0131\u015f farkl\u0131 <span style=\"text-decoration: underline;\"><strong><a href=\"http:\/\/www.kariyer.net\/kariyer-rehberi\/sosyal-medyada-calismak-icin-6-neden\/\" target=\"_blank\">sosyal medya<\/a><\/strong><\/span> platformlar\u0131 kariyeri de ciddi anlamda etkiliyor. \u00c7ok yak\u0131nda daha s\u0131k duymaya ba\u015flayaca\u011f\u0131n\u0131z; arama ara\u00e7lar\u0131, rekabet analizi, alg\u0131 y\u00f6netimi, m\u00fc\u015fteri geri bildirimi, pazarlama ve sosyal medya gibi kavramlar kariyer ve sosyal medyan\u0131n birbirleriyle ne kadar i\u00e7 i\u00e7e oldu\u011funun net bir g\u00f6stergesi.<\/p>\n<p><strong>Farkl\u0131 mesleklerde sosyal medyan\u0131n kariyer geli\u015fimindeki \u00f6nemine bakmak i\u00e7in baz\u0131 \u00f6rnekler:<\/strong><\/p>\n<p>-Bir <span style=\"text-decoration: underline;\"><strong><a href=\"http:\/\/www.kariyer.net\/is-ilanlari\/avukat\" target=\"_blank\">avukat<\/a><\/strong><\/span> kariyerinde sa\u011flam ad\u0131mlarla ilerlemek i\u00e7in yeni \u00e7\u0131kan yasalara, hukuksal prosed\u00fcrlere ya da g\u00fcndemdeki tart\u0131\u015fmalara ilgili bloglardan ula\u015fabilir<\/p>\n<p>-Bir <span style=\"text-decoration: underline;\"><strong><a href=\"http:\/\/www.kariyer.net\/is-ilanlari\/grafik+tasarimci\" target=\"_blank\">grafik tasar\u0131mc\u0131<\/a><\/strong><\/span> ilham almak, \u00f6rneklere bakmak i\u00e7in Pinterest\u2019e g\u00f6z atabilir<\/p>\n<p>-Bir \u0130nsan Kaynaklar\u0131 uzman\u0131 i\u015fe alaca\u011f\u0131 aday\u0131n farkl\u0131 sosyal medya hesaplar\u0131na bakarak kendisine dair detayl\u0131 bilgiye sahip olabilir, sosyal becerisini analiz edebilir.<\/p>\n<p>-Yeni mezun adaylar ilgi duyduklar\u0131 \u00e7al\u0131\u015fma alanlar\u0131na y\u00f6nelik bloglar\u0131, Facebook gruplar\u0131n\u0131, Twitter hesaplar\u0131n\u0131 takip edebilir.<\/p>\n<p><span style=\"text-decoration: underline;\"><strong>&#8211;<a href=\"http:\/\/www.kariyer.net\/is-ilanlari\/pazarlama+uzmani\" target=\"_blank\">Pazarlama uzmanlar\u0131<\/a> <\/strong><\/span>ise t\u00fcm sosyal medya stratejilerine hakim olarak yeni m\u00fc\u015fterilere ula\u015fabilir ya da var olan m\u00fc\u015fterilerle ilgili geli\u015ftirmeler yapabilir.<\/p>\n<p><img decoding=\"async\" class=\"alignnone size-full wp-image-7217\" src=\"http:\/\/www.kariyer.net\/kariyer-rehberi\/wp-content\/uploads\/2016\/03\/141.jpg\" alt=\"14\" width=\"600\" height=\"300\" srcset=\"https:\/\/www.kariyer.net\/kariyer-rehberi\/wp-content\/uploads\/2016\/03\/141.jpg 600w, https:\/\/www.kariyer.net\/kariyer-rehberi\/wp-content\/uploads\/2016\/03\/141-300x150.jpg 300w\" sizes=\"(max-width: 600px) 100vw, 600px\" \/><\/p>\n<p>Sosyal medya kullan\u0131m\u0131 kariyer yolunda bu kadar etkiliyken elbette do\u011fru bir strateji sahibi olman\u0131n \u00f6nemi de \u00f6n plana \u00e7\u0131k\u0131yor. \u0130\u015f arama ya da i\u015fe al\u0131m s\u00fcre\u00e7lerinde sosyal medyay\u0131 daha aktif bir \u015fekilde kullanmak i\u00e7in baz\u0131 stratejiler geli\u015ftirmek, olaya daha profesyonel bakmak \u00e7ok \u00f6nemli.<\/p>\n<p>\u0130\u015fte kariyer yolunda sosyal medya kullan\u0131m\u0131na dair baz\u0131 \u00f6neriler:<\/p>\n<h2><strong>Strateji geli\u015ftirin<\/strong><\/h2>\n<p>Sosyal medya kariyer yolunda ilerlerken g\u00fc\u00e7l\u00fc bir pazarlama yolu haline gelebilir. Bu nedenle i\u015f hayat\u0131na girmeden \u00f6nce hayalinizdeki i\u015f ile sosyal medyay\u0131 nas\u0131l bulu\u015fturabilece\u011finize dair fikir edinmeniz, ara\u015ft\u0131rma yapman\u0131z ve bu bilgiler \u0131\u015f\u0131\u011f\u0131nda bir strateji geli\u015ftirmeniz gerekecek. Bunun i\u00e7in sosyal medyay\u0131 sadece payla\u015f\u0131m yap\u0131lan bir e\u011flence arac\u0131 de\u011fil, daha kapsaml\u0131 bir alan olarak g\u00f6rmek gerekiyor. Birey olarak neler payla\u015ft\u0131\u011f\u0131n\u0131z ve nelere ilgi duydu\u011funuz, sizinle \u00e7al\u0131\u015fmak isteyen ya da sizin \u00e7al\u0131\u015fmak istedi\u011finiz organizasyonlar i\u00e7in son derece \u00f6nemli. Bu nedenle sosyal medya kullan\u0131m\u0131n\u0131 bu amaca g\u00f6re yeniden tasarlamak gerekiyor.<\/p>\n<h2><strong>Ba\u011flan\u0131n<\/strong><\/h2>\n<p>\u0130lk olarak ufuk a\u00e7acak hesaplar\u0131 aramak, bunlar\u0131 takip etmek \u00e7ok \u00f6nemli. <span style=\"text-decoration: underline;\"><strong><a href=\"http:\/\/www.kariyer.net\/kariyer-rehberi\/nedir-bu-kariyer-dedikleri\/\" target=\"_blank\">Kariyer<\/a><\/strong><\/span> basamaklar\u0131n\u0131 sa\u011flam ad\u0131mlarla \u00e7\u0131kmaya yard\u0131mc\u0131 olacak sosyal medya hesaplar\u0131n\u0131 bulun ve payla\u015f\u0131mlar\u0131n\u0131 dikkatle takip edin. G\u00fcncel payla\u015f\u0131mlar\u0131 ve \u00e7al\u0131\u015fmak istedi\u011finiz sekt\u00f6re dair geli\u015fmeleri yak\u0131ndan takip etmek, hem ne istedi\u011finizi daha iyi anlamak hem de taze fikirlere sahip olmak ad\u0131na i\u015fe yarayacakt\u0131r.<\/p>\n<p><img decoding=\"async\" class=\"alignnone size-full wp-image-7224\" src=\"http:\/\/www.kariyer.net\/kariyer-rehberi\/wp-content\/uploads\/2016\/03\/sosyal.jpg\" alt=\"sosyal\" width=\"600\" height=\"300\" srcset=\"https:\/\/www.kariyer.net\/kariyer-rehberi\/wp-content\/uploads\/2016\/03\/sosyal.jpg 600w, https:\/\/www.kariyer.net\/kariyer-rehberi\/wp-content\/uploads\/2016\/03\/sosyal-300x150.jpg 300w\" sizes=\"(max-width: 600px) 100vw, 600px\" \/><\/p>\n<h2><strong>\u0130stikrarl\u0131 bir yer edinin<\/strong><\/h2>\n<p>Kimse m\u00fckemmel de\u011fildir. Ama herkes isterse istikrarl\u0131 olabilir. T\u00fcm sosyal platformlarda istikrarl\u0131 bir \u00e7izgi tutturman\u0131z sizi g\u00f6z hapsine alan bir \u015firket ya da bir y\u00f6neticinin g\u00f6z\u00fcnde inan\u0131n ki \u00e7ok de\u011ferli. Stabil bir \u00e7izgide ilerliyor, d\u00fczenli ve ne istedi\u011finizi bildi\u011finize dair bir profil \u00e7iziyorsan\u0131z sosyal medyay\u0131 do\u011fru kullan\u0131yorsunuz demektir.<\/p>\n<h2><strong>Anlaml\u0131 i\u00e7erik payla\u015f\u0131n<\/strong><\/h2>\n<p>Twitter ba\u015fta olmak \u00fczere sosyal medya mecralar\u0131nda anlaml\u0131 i\u00e7erikler payla\u015fman\u0131z kariyerinize yard\u0131mc\u0131 bir strateji. G\u00fcnl\u00fck payla\u015f\u0131mlar\u0131n\u0131z\u0131 mutlaka ara\u015ft\u0131rmalarla, g\u00fcncel haberlerle ve sekt\u00f6rle ilgili bilgilerle destekleyin. Bu \u015fekilde hedeflerinize y\u00f6nelik payla\u015f\u0131mlar yapmaya \u00f6zen g\u00f6sterdi\u011finiz kolayca fark edilecektir.<\/p>\n<h2><strong>Etkiyi \u00f6l\u00e7\u00fcn<\/strong><\/h2>\n<p>E\u011fer kariyeriniz i\u00e7in sosyal medyay\u0131 daha g\u00fc\u00e7l\u00fc ve aktif kullanmak niyetindeyseniz bu y\u00f6nde yapt\u0131klar\u0131n\u0131z\u0131 s\u00fcrekli \u00f6l\u00e7meniz gerekiyor. E\u011fer g\u00f6r\u00fcn\u00fcrl\u00fc\u011f\u00fcn\u00fcz\u00fc art\u0131rmak istiyorsan\u0131z bu anlamda yapt\u0131klar\u0131n\u0131z\u0131 \u00f6l\u00e7mek i\u00e7in s\u0131k s\u0131k Google\u2019\u0131 yoklayabilirsiniz. \u00d6rne\u011fin bir Google alarm\u0131 kurarak ad\u0131n\u0131z bir blogda, Twitter\u2019da, makalede, Facebook iletisinde ge\u00e7ti\u011finde an\u0131nda haber sahibi olabilirsiniz. Bu da size an\u0131nda cevap verme, konu\u015fmaya dahil olma \u015fans\u0131n\u0131 verir. S\u0131k s\u0131k geri bildirimleri \u00f6l\u00e7erek sosyal medya stratejinizi g\u00fcn be g\u00fcn g\u00fc\u00e7lendirmeniz m\u00fcmk\u00fcn.<\/p>\n<p><a href=\"http:\/\/www.kariyer.net\/kariyer-rehberi\/wp-content\/uploads\/2016\/03\/15.jpg\"><img loading=\"lazy\" decoding=\"async\" class=\"alignnone size-full wp-image-7218\" src=\"http:\/\/www.kariyer.net\/kariyer-rehberi\/wp-content\/uploads\/2016\/03\/15.jpg\" alt=\"1\" width=\"600\" height=\"300\" srcset=\"https:\/\/www.kariyer.net\/kariyer-rehberi\/wp-content\/uploads\/2016\/03\/15.jpg 600w, https:\/\/www.kariyer.net\/kariyer-rehberi\/wp-content\/uploads\/2016\/03\/15-300x150.jpg 300w\" sizes=\"(max-width: 600px) 100vw, 600px\" \/><\/a><\/p>\n<h2><strong>Ula\u015f\u0131labilir olun<\/strong><\/h2>\n<p>Kariyer hedeflerinizle ba\u011flant\u0131l\u0131 olarak, yer ald\u0131\u011f\u0131n\u0131z platformlarda kolay ula\u015f\u0131labilir olmaya dikkat edin. Hesab\u0131n\u0131z\u0131n gizli olmamas\u0131, mail adresini belirtmeniz, i\u015fverenlerin arama yapabilece\u011fi platformlarda a\u00e7\u0131k bir profille yer alman\u0131z \u00f6nemli.<\/p>\n<!-- templates\/buttons-placeholder.php -->\n<div class=\"da-reactions-outer TpostID7216\">\n\t    <div class=\"da-reactions-data da-reactions-container-async center\"\n         data-type=\"post\"\n         data-id=\"7216\"\n         id=\"da-reactions-slot-post-7216\">\n        <div class=\"da-reactions-static\">\n\t\t\t<img src=\"https:\/\/www.kariyer.net\/kariyer-rehberi\/wp-content\/plugins\/da-reactions\/assets\/dist\/loading.svg\" alt=\"Loading spinner\" width=\"48\" height=\"48\" style=\"width:48px\" \/>\n        <\/div>\n    <\/div>\n<\/div>\n","protected":false},"excerpt":{"rendered":"<p>Bug\u00fcn Twitter, Facebook ve farkl\u0131 sekt\u00f6rlere dair payla\u015f\u0131mlar\u0131\u00a0i\u00e7eren pek \u00e7ok blog\u00a0ba\u015fta olmak \u00fczere sosyal medya kocaman bir f\u0131rsatlar d\u00fcnyas\u0131na d\u00f6n\u00fc\u015ft\u00fc. \u0130\u015f d\u00fcnyas\u0131 dijitalle\u015firken\u00a0i\u015f arama s\u00fcre\u00e7leri de art\u0131k tamamen dijital platformlarda s\u00fcrd\u00fcr\u00fcl\u00fcyor. \u015eirketlerin m\u00fc\u015fteri kazanmak ad\u0131na sosyal medya stratejilerine art\u0131k ne kadar \u00f6nem verdiklerini biliyoruz. Peki yeni mezunlar\u00a0ve\u00a0i\u015f arayanlar sosyal medyay\u0131 nas\u0131l kullanabilir? Nas\u0131l bir sosyal [&hellip;]<\/p>\n<!-- templates\/buttons-placeholder.php -->\n<div class=\"da-reactions-outer TpostID7216\">\n\t    <div class=\"da-reactions-data da-reactions-container-async center\"\n         data-type=\"post\"\n         data-id=\"7216\"\n         id=\"da-reactions-slot-post-7216\">\n        <div class=\"da-reactions-static\">\n\t\t\t<img src=\"https:\/\/www.kariyer.net\/kariyer-rehberi\/wp-content\/plugins\/da-reactions\/assets\/dist\/loading.svg\" alt=\"Loading spinner\" width=\"48\" height=\"48\" style=\"width:48px\" \/>\n        <\/div>\n    <\/div>\n<\/div>\n","protected":false},"author":18,"featured_media":7219,"comment_status":"open","ping_status":"open","sticky":false,"template":"","format":"standard","meta":{"footnotes":"","_elementor_edit_mode":"","_elementor_template_type":"","_elementor_data":"","_elementor_page_settings":null,"_elementor_conditions":[]},"categories":[46],"tags":[],"class_list":{"0":"post-7216","1":"post","2":"type-post","3":"status-publish","4":"format-standard","5":"has-post-thumbnail","7":"category-is-hayati"},"yoast_head":"<!-- This site is optimized with the Yoast SEO Premium plugin v21.4 (Yoast SEO v27.0) - https:\/\/yoast.com\/product\/yoast-seo-premium-wordpress\/ -->\n<title>Kariyeriniz i\u00e7in sosyal medyay\u0131 nas\u0131l kullanabilirsiniz? | Kariyer Rehberi<\/title>\n<meta name=\"description\" content=\"Bug\u00fcn Twitter, Facebook ve farkl\u0131 sekt\u00f6rlere dair payla\u015f\u0131mlar\u0131\u00a0i\u00e7eren pek \u00e7ok blog\u00a0ba\u015fta olmak \u00fczere sosyal medya kocaman bir f\u0131rsatlar d\u00fcnyas\u0131na d\u00f6n\u00fc\u015ft\u00fc.\" \/>\n<meta name=\"robots\" content=\"index, follow, max-snippet:-1, max-image-preview:large, max-video-preview:-1\" \/>\n<link rel=\"canonical\" href=\"https:\/\/www.kariyer.net\/kariyer-rehberi\/kariyeriniz-icin-sosyal-medyayi-nasil-kullanabilirsiniz\/\" \/>\n<meta property=\"og:locale\" content=\"tr_TR\" \/>\n<meta property=\"og:type\" content=\"article\" \/>\n<meta property=\"og:title\" content=\"Kariyeriniz i\u00e7in sosyal medyay\u0131 nas\u0131l kullanabilirsiniz?\" \/>\n<meta property=\"og:description\" content=\"Bug\u00fcn Twitter, Facebook ve farkl\u0131 sekt\u00f6rlere dair payla\u015f\u0131mlar\u0131\u00a0i\u00e7eren pek \u00e7ok blog\u00a0ba\u015fta olmak \u00fczere sosyal medya kocaman bir f\u0131rsatlar d\u00fcnyas\u0131na d\u00f6n\u00fc\u015ft\u00fc.\" \/>\n<meta property=\"og:url\" content=\"https:\/\/www.kariyer.net\/kariyer-rehberi\/kariyeriniz-icin-sosyal-medyayi-nasil-kullanabilirsiniz\/\" \/>\n<meta property=\"og:site_name\" content=\"Kariyer Rehberi\" \/>\n<meta property=\"article:published_time\" content=\"2016-04-08T08:12:24+00:00\" \/>\n<meta property=\"article:modified_time\" content=\"2017-08-23T14:17:36+00:00\" \/>\n<meta property=\"og:image\" content=\"https:\/\/www.kariyer.net\/kariyer-rehberi\/wp-content\/uploads\/2016\/03\/24.jpg\" \/>\n\t<meta property=\"og:image:width\" content=\"600\" \/>\n\t<meta property=\"og:image:height\" content=\"300\" \/>\n\t<meta property=\"og:image:type\" content=\"image\/jpeg\" \/>\n<meta name=\"author\" content=\"\u00c7i\u011fdem \u00c7al\u0131k\" \/>\n<meta name=\"twitter:card\" content=\"summary_large_image\" \/>\n<meta name=\"twitter:label1\" content=\"Yazan:\" \/>\n\t<meta name=\"twitter:data1\" content=\"\u00c7i\u011fdem \u00c7al\u0131k\" \/>\n\t<meta name=\"twitter:label2\" content=\"Tahmini okuma s\u00fcresi\" \/>\n\t<meta name=\"twitter:data2\" content=\"4 dakika\" \/>\n<!-- \/ Yoast SEO Premium plugin. -->","yoast_head_json":{"title":"Kariyeriniz i\u00e7in sosyal medyay\u0131 nas\u0131l kullanabilirsiniz? | Kariyer Rehberi","description":"Bug\u00fcn Twitter, Facebook ve farkl\u0131 sekt\u00f6rlere dair payla\u015f\u0131mlar\u0131\u00a0i\u00e7eren pek \u00e7ok blog\u00a0ba\u015fta olmak \u00fczere sosyal medya kocaman bir f\u0131rsatlar d\u00fcnyas\u0131na d\u00f6n\u00fc\u015ft\u00fc.","robots":{"index":"index","follow":"follow","max-snippet":"max-snippet:-1","max-image-preview":"max-image-preview:large","max-video-preview":"max-video-preview:-1"},"canonical":"https:\/\/www.kariyer.net\/kariyer-rehberi\/kariyeriniz-icin-sosyal-medyayi-nasil-kullanabilirsiniz\/","og_locale":"tr_TR","og_type":"article","og_title":"Kariyeriniz i\u00e7in sosyal medyay\u0131 nas\u0131l kullanabilirsiniz?","og_description":"Bug\u00fcn Twitter, Facebook ve farkl\u0131 sekt\u00f6rlere dair payla\u015f\u0131mlar\u0131\u00a0i\u00e7eren pek \u00e7ok blog\u00a0ba\u015fta olmak \u00fczere sosyal medya kocaman bir f\u0131rsatlar d\u00fcnyas\u0131na d\u00f6n\u00fc\u015ft\u00fc.","og_url":"https:\/\/www.kariyer.net\/kariyer-rehberi\/kariyeriniz-icin-sosyal-medyayi-nasil-kullanabilirsiniz\/","og_site_name":"Kariyer Rehberi","article_published_time":"2016-04-08T08:12:24+00:00","article_modified_time":"2017-08-23T14:17:36+00:00","og_image":[{"width":600,"height":300,"url":"https:\/\/www.kariyer.net\/kariyer-rehberi\/wp-content\/uploads\/2016\/03\/24.jpg","type":"image\/jpeg"}],"author":"\u00c7i\u011fdem \u00c7al\u0131k","twitter_card":"summary_large_image","twitter_misc":{"Yazan:":"\u00c7i\u011fdem \u00c7al\u0131k","Tahmini okuma s\u00fcresi":"4 dakika"},"schema":{"@context":"https:\/\/schema.org","@graph":[{"@type":"Article","@id":"https:\/\/www.kariyer.net\/kariyer-rehberi\/kariyeriniz-icin-sosyal-medyayi-nasil-kullanabilirsiniz\/#article","isPartOf":{"@id":"https:\/\/www.kariyer.net\/kariyer-rehberi\/kariyeriniz-icin-sosyal-medyayi-nasil-kullanabilirsiniz\/"},"author":{"name":"\u00c7i\u011fdem \u00c7al\u0131k","@id":"https:\/\/www.kariyer.net\/kariyer-rehberi\/#\/schema\/person\/ef9a2dc2672d3e7352225313b455b447"},"headline":"Kariyeriniz i\u00e7in sosyal medyay\u0131 nas\u0131l kullanabilirsiniz?","datePublished":"2016-04-08T08:12:24+00:00","dateModified":"2017-08-23T14:17:36+00:00","mainEntityOfPage":{"@id":"https:\/\/www.kariyer.net\/kariyer-rehberi\/kariyeriniz-icin-sosyal-medyayi-nasil-kullanabilirsiniz\/"},"wordCount":864,"commentCount":0,"publisher":{"@id":"https:\/\/www.kariyer.net\/kariyer-rehberi\/#organization"},"image":{"@id":"https:\/\/www.kariyer.net\/kariyer-rehberi\/kariyeriniz-icin-sosyal-medyayi-nasil-kullanabilirsiniz\/#primaryimage"},"thumbnailUrl":"https:\/\/www.kariyer.net\/kariyer-rehberi\/wp-content\/uploads\/2016\/03\/24.jpg","articleSection":["\u0130\u015f Hayat\u0131"],"inLanguage":"tr","potentialAction":[{"@type":"CommentAction","name":"Comment","target":["https:\/\/www.kariyer.net\/kariyer-rehberi\/kariyeriniz-icin-sosyal-medyayi-nasil-kullanabilirsiniz\/#respond"]}]},{"@type":"WebPage","@id":"https:\/\/www.kariyer.net\/kariyer-rehberi\/kariyeriniz-icin-sosyal-medyayi-nasil-kullanabilirsiniz\/","url":"https:\/\/www.kariyer.net\/kariyer-rehberi\/kariyeriniz-icin-sosyal-medyayi-nasil-kullanabilirsiniz\/","name":"Kariyeriniz i\u00e7in sosyal medyay\u0131 nas\u0131l kullanabilirsiniz? | Kariyer Rehberi","isPartOf":{"@id":"https:\/\/www.kariyer.net\/kariyer-rehberi\/#website"},"primaryImageOfPage":{"@id":"https:\/\/www.kariyer.net\/kariyer-rehberi\/kariyeriniz-icin-sosyal-medyayi-nasil-kullanabilirsiniz\/#primaryimage"},"image":{"@id":"https:\/\/www.kariyer.net\/kariyer-rehberi\/kariyeriniz-icin-sosyal-medyayi-nasil-kullanabilirsiniz\/#primaryimage"},"thumbnailUrl":"https:\/\/www.kariyer.net\/kariyer-rehberi\/wp-content\/uploads\/2016\/03\/24.jpg","datePublished":"2016-04-08T08:12:24+00:00","dateModified":"2017-08-23T14:17:36+00:00","description":"Bug\u00fcn Twitter, Facebook ve farkl\u0131 sekt\u00f6rlere dair payla\u015f\u0131mlar\u0131\u00a0i\u00e7eren pek \u00e7ok blog\u00a0ba\u015fta olmak \u00fczere sosyal medya kocaman bir f\u0131rsatlar d\u00fcnyas\u0131na d\u00f6n\u00fc\u015ft\u00fc.","breadcrumb":{"@id":"https:\/\/www.kariyer.net\/kariyer-rehberi\/kariyeriniz-icin-sosyal-medyayi-nasil-kullanabilirsiniz\/#breadcrumb"},"inLanguage":"tr","potentialAction":[{"@type":"ReadAction","target":["https:\/\/www.kariyer.net\/kariyer-rehberi\/kariyeriniz-icin-sosyal-medyayi-nasil-kullanabilirsiniz\/"]}]},{"@type":"ImageObject","inLanguage":"tr","@id":"https:\/\/www.kariyer.net\/kariyer-rehberi\/kariyeriniz-icin-sosyal-medyayi-nasil-kullanabilirsiniz\/#primaryimage","url":"https:\/\/www.kariyer.net\/kariyer-rehberi\/wp-content\/uploads\/2016\/03\/24.jpg","contentUrl":"https:\/\/www.kariyer.net\/kariyer-rehberi\/wp-content\/uploads\/2016\/03\/24.jpg","width":600,"height":300},{"@type":"BreadcrumbList","@id":"https:\/\/www.kariyer.net\/kariyer-rehberi\/kariyeriniz-icin-sosyal-medyayi-nasil-kullanabilirsiniz\/#breadcrumb","itemListElement":[{"@type":"ListItem","position":1,"name":"Anasayfa","item":"https:\/\/www.kariyer.net\/kariyer-rehberi\/"},{"@type":"ListItem","position":2,"name":"Kariyeriniz i\u00e7in sosyal medyay\u0131 nas\u0131l kullanabilirsiniz?"}]},{"@type":"WebSite","@id":"https:\/\/www.kariyer.net\/kariyer-rehberi\/#website","url":"https:\/\/www.kariyer.net\/kariyer-rehberi\/","name":"Kariyer Rehberi","description":"\u0130\u015f D\u00fcnyas\u0131yla \u0130lgili Bilmek \u0130stedi\u011finiz Her \u015eey","publisher":{"@id":"https:\/\/www.kariyer.net\/kariyer-rehberi\/#organization"},"potentialAction":[{"@type":"SearchAction","target":{"@type":"EntryPoint","urlTemplate":"https:\/\/www.kariyer.net\/kariyer-rehberi\/?s={search_term_string}"},"query-input":{"@type":"PropertyValueSpecification","valueRequired":true,"valueName":"search_term_string"}}],"inLanguage":"tr"},{"@type":"Organization","@id":"https:\/\/www.kariyer.net\/kariyer-rehberi\/#organization","name":"Kariyer.net","url":"https:\/\/www.kariyer.net\/kariyer-rehberi\/","logo":{"@type":"ImageObject","inLanguage":"tr","@id":"https:\/\/www.kariyer.net\/kariyer-rehberi\/#\/schema\/logo\/image\/","url":"https:\/\/www.kariyer.net\/kariyer-rehberi-new\/wp-content\/uploads\/2023\/01\/og-image11.jpg","contentUrl":"https:\/\/www.kariyer.net\/kariyer-rehberi-new\/wp-content\/uploads\/2023\/01\/og-image11.jpg","width":800,"height":800,"caption":"Kariyer.net"},"image":{"@id":"https:\/\/www.kariyer.net\/kariyer-rehberi\/#\/schema\/logo\/image\/"}},{"@type":"Person","@id":"https:\/\/www.kariyer.net\/kariyer-rehberi\/#\/schema\/person\/ef9a2dc2672d3e7352225313b455b447","name":"\u00c7i\u011fdem \u00c7al\u0131k","image":{"@type":"ImageObject","inLanguage":"tr","@id":"https:\/\/www.kariyer.net\/kariyer-rehberi\/#\/schema\/person\/image\/","url":"https:\/\/secure.gravatar.com\/avatar\/f270bbc5e4e6373aef80de8e9e55d27516cac7be363ef3b53ec26b94063ede66?s=96&d=mm&r=g","contentUrl":"https:\/\/secure.gravatar.com\/avatar\/f270bbc5e4e6373aef80de8e9e55d27516cac7be363ef3b53ec26b94063ede66?s=96&d=mm&r=g","caption":"\u00c7i\u011fdem \u00c7al\u0131k"},"description":"Ege \u00dcniversitesi\u2019nin ard\u0131ndan Galatasaray \u00dcniversitesi Radyo, Sinema, TV b\u00f6l\u00fcm\u00fcnden mezun oldu. Meslek hayat\u0131na reklam yazarl\u0131\u011f\u0131yla ba\u015flad\u0131. D\u00f6rt y\u0131ll\u0131k reklam d\u00fcnyas\u0131 deneyiminden sonra \u00e7e\u015fitli web sitelerinde k\u0131demli edit\u00f6r olarak \u00e7al\u0131\u015ft\u0131. 2015 y\u0131l\u0131nda Kariyer.net\u2019e i\u00e7erik y\u00f6neticisi olarak kat\u0131ld\u0131. \u0130K Blog, Kariyer Rehberi ve Kariyer Dergi i\u00e7in i\u00e7erik \u00fcretiyor.","sameAs":["http:\/\/www.kariyer.net\/kariyer-rehberi\/?p=6323"],"url":"https:\/\/www.kariyer.net\/kariyer-rehberi\/author\/cigdemcalik\/"}]}},"_links":{"self":[{"href":"https:\/\/www.kariyer.net\/kariyer-rehberi\/wp-json\/wp\/v2\/posts\/7216","targetHints":{"allow":["GET"]}}],"collection":[{"href":"https:\/\/www.kariyer.net\/kariyer-rehberi\/wp-json\/wp\/v2\/posts"}],"about":[{"href":"https:\/\/www.kariyer.net\/kariyer-rehberi\/wp-json\/wp\/v2\/types\/post"}],"author":[{"embeddable":true,"href":"https:\/\/www.kariyer.net\/kariyer-rehberi\/wp-json\/wp\/v2\/users\/18"}],"replies":[{"embeddable":true,"href":"https:\/\/www.kariyer.net\/kariyer-rehberi\/wp-json\/wp\/v2\/comments?post=7216"}],"version-history":[{"count":0,"href":"https:\/\/www.kariyer.net\/kariyer-rehberi\/wp-json\/wp\/v2\/posts\/7216\/revisions"}],"wp:featuredmedia":[{"embeddable":true,"href":"https:\/\/www.kariyer.net\/kariyer-rehberi\/wp-json\/wp\/v2\/media\/7219"}],"wp:attachment":[{"href":"https:\/\/www.kariyer.net\/kariyer-rehberi\/wp-json\/wp\/v2\/media?parent=7216"}],"wp:term":[{"taxonomy":"category","embeddable":true,"href":"https:\/\/www.kariyer.net\/kariyer-rehberi\/wp-json\/wp\/v2\/categories?post=7216"},{"taxonomy":"post_tag","embeddable":true,"href":"https:\/\/www.kariyer.net\/kariyer-rehberi\/wp-json\/wp\/v2\/tags?post=7216"}],"curies":[{"name":"wp","href":"https:\/\/api.w.org\/{rel}","templated":true}]}}