{"id":7412,"date":"2016-04-21T16:52:38","date_gmt":"2016-04-21T13:52:38","guid":{"rendered":"http:\/\/www.kariyer.net\/kariyer-rehberi\/?p=7412"},"modified":"2024-07-03T15:10:50","modified_gmt":"2024-07-03T12:10:50","slug":"evden-calisirken-basarili-olmak-icin-5-nokta","status":"publish","type":"post","link":"https:\/\/www.kariyer.net\/kariyer-rehberi\/evden-calisirken-basarili-olmak-icin-5-nokta\/","title":{"rendered":"Evden \u00e7al\u0131\u015f\u0131rken ba\u015far\u0131l\u0131 olmak i\u00e7in 5 nokta"},"content":{"rendered":"<p><strong>Evden \u00e7al\u0131\u015fmak, hem keyifli hem de bir o kadar zor&#8230; Odaklanmay\u0131, planl\u0131 olmay\u0131 ve g\u00fc\u00e7l\u00fc bir motivasyona sahip olmay\u0131 gerektiriyor. Peki, e<\/strong><strong>vden\u00a0\u00e7al\u0131\u015fmak isteyenlerin nelere dikkat etmesi gerekiyor? \u0130\u015fte uygulaman\u0131z gereken 5 ad\u0131m\u2026<\/strong><\/p>\n<p><a href=\"http:\/\/www.kariyer.net\/kariyer-rehberi\/wp-content\/uploads\/2016\/04\/evdencalismak22.jpg\"><img fetchpriority=\"high\" decoding=\"async\" class=\"alignnone size-full wp-image-7413\" src=\"http:\/\/www.kariyer.net\/kariyer-rehberi\/wp-content\/uploads\/2016\/04\/evdencalismak22.jpg\" alt=\"evdencalismak22\" width=\"600\" height=\"300\" srcset=\"https:\/\/www.kariyer.net\/kariyer-rehberi\/wp-content\/uploads\/2016\/04\/evdencalismak22.jpg 600w, https:\/\/www.kariyer.net\/kariyer-rehberi\/wp-content\/uploads\/2016\/04\/evdencalismak22-300x150.jpg 300w\" sizes=\"(max-width: 600px) 100vw, 600px\" \/><\/a><\/p>\n<p><a href=\"http:\/\/www.kariyer.net\/is-ilanlari\/#&amp;kw=Freelance\" target=\"_blank\" rel=\"noopener\"><strong>Evden \u00e7al\u0131\u015fmak<\/strong>,<\/a> hemen her \u00e7al\u0131\u015fan\u0131n emekli oldu\u011funda bir k\u0131y\u0131 kasabas\u0131na yerle\u015fmek veya paras\u0131 oldu\u011funda kafe a\u00e7mak gibi uzun y\u0131llar kurdu\u011fu hayaller aras\u0131nda yer al\u0131r. Ancak ne yaz\u0131k ki evi bark\u0131 b\u0131rak\u0131p bilmedi\u011fin bir yere ta\u015f\u0131nmak ya da hi\u00e7 i\u015fletmecilik bilmedi\u011fin halde kafe a\u00e7mak kadar zordur evden \u00e7al\u0131\u015fmak\u2026 Apayr\u0131 bir d\u00fczen, planlama ve odaklanma gerektirir. Ancak trafik s\u0131k\u0131nt\u0131s\u0131, i\u015fe ge\u00e7 kalma stresi, ofis karma\u015fas\u0131 olmadan rahat bir \u00e7al\u0131\u015fma ortam\u0131na sahip olmak kimileri i\u00e7in bir\u00e7ok \u015feye bedel olabilir!<\/p>\n<p>Amac\u0131n\u0131z evden \u00e7al\u0131\u015farak ba\u015far\u0131ya ula\u015fmaksa i\u015fte uygulaman\u0131z gereken 5 madde:<\/p>\n<p><a href=\"http:\/\/www.kariyer.net\/kariyer-rehberi\/wp-content\/uploads\/2016\/04\/calarsaat2321.jpg\"><img decoding=\"async\" class=\"alignnone size-full wp-image-7414\" src=\"http:\/\/www.kariyer.net\/kariyer-rehberi\/wp-content\/uploads\/2016\/04\/calarsaat2321.jpg\" alt=\"calarsaat232\" width=\"600\" height=\"300\" srcset=\"https:\/\/www.kariyer.net\/kariyer-rehberi\/wp-content\/uploads\/2016\/04\/calarsaat2321.jpg 600w, https:\/\/www.kariyer.net\/kariyer-rehberi\/wp-content\/uploads\/2016\/04\/calarsaat2321-300x150.jpg 300w\" sizes=\"(max-width: 600px) 100vw, 600px\" \/><\/a><\/p>\n<h2><strong>Erken kalk\u0131n<\/strong><\/h2>\n<p>Ba\u015far\u0131l\u0131 insanlar\u0131n ortak \u00f6zelliklerinin ba\u015f\u0131nda erken kalkmak geliyor\u2026 E\u011fer amac\u0131n\u0131z evden \u00e7al\u0131\u015farak da ba\u015far\u0131l\u0131 olmak ise erken kalkmay\u0131 al\u0131\u015fkanl\u0131k haline getirin. Evden\u00a0\u00e7al\u0131\u015fmay\u0131 tercih etme nedenlerinizin ba\u015f\u0131nda erken kalkamama s\u0131k\u0131nt\u0131s\u0131 geliyorsa, sizin i\u00e7in en uygun olan bir vakitte \u00e7al\u0131\u015fmaya ba\u015flamay\u0131 al\u0131\u015fkanl\u0131k haline getirin. Burada ama\u00e7, \u201cNas\u0131l olsa evdeyim, biraz sonra ba\u015flar\u0131m\u201d d\u00fc\u015f\u00fcncesinin \u00f6n\u00fcne ge\u00e7mek! Kendi rutininizi olu\u015fturun ve bu rutine sad\u0131k kal\u0131n.<\/p>\n<h2><strong>\u00c7al\u0131\u015fma alan\u0131 olu\u015fturun<\/strong><\/h2>\n<p>Evden \u00e7al\u0131\u015f\u0131rken uygulaman\u0131z gereken bir ad\u0131m ise kendinize ait bir \u00e7al\u0131\u015fma ortam\u0131 olu\u015fturman\u0131z. Profesyonel ve verimli \u00e7al\u0131\u015fma i\u00e7in size \u00f6zel bir \u00e7al\u0131\u015fma alan\u0131na sahip olman\u0131z yapt\u0131\u011f\u0131n\u0131z i\u015fe daha iyi ve h\u0131zl\u0131 bir bi\u00e7imde odaklanman\u0131z\u0131 kolayla\u015ft\u0131r\u0131r. \u00a0Bu, ister bo\u015f bir oda olsun ister salonunuzun bir yeri olsun, o alan\u0131 kendi motivasyonunuza g\u00f6re bi\u00e7imlendirin. Ancak elbette TV kar\u015f\u0131s\u0131nda yer alan bir kanepenin olmamas\u0131na \u00f6zen g\u00f6sterin!<\/p>\n<h2><strong>Planl\u0131 hareket edin<\/strong><\/h2>\n<p>Evde ya da ofiste her nerede \u00e7al\u0131\u015f\u0131rsan\u0131z \u00e7al\u0131\u015f\u0131n, ba\u015far\u0131l\u0131 olmak i\u00e7in bir hedefinizin, o hedefe ula\u015fmak i\u00e7in de bir plan\u0131n\u0131z\u0131n olmas\u0131 gerekir. Masan\u0131z\u0131n ba\u015f\u0131na oturdu\u011funuzda o g\u00fcn bitirece\u011finiz i\u015flerin listesine bak\u0131n ve o listeyi bitirmeden masan\u0131z\u0131n ba\u015f\u0131ndan kalkmay\u0131n. Planl\u0131 hareket etmek her zaman daha disiplinli olman\u0131z\u0131 ve verimli \u00e7al\u0131\u015fman\u0131z\u0131 sa\u011flar. Fakat bununla birlikte\u00a0ofiste yapt\u0131\u011f\u0131n\u0131z gibi dinlenmek ve yemek yemek i\u00e7in de aralar verin. Ara vermek zihninizi toparlaman\u0131z\u0131 sa\u011flar.<\/p>\n<p><a href=\"http:\/\/www.kariyer.net\/kariyer-rehberi\/wp-content\/uploads\/2016\/04\/calisma353.jpg\"><img decoding=\"async\" class=\"alignnone size-full wp-image-7415\" src=\"http:\/\/www.kariyer.net\/kariyer-rehberi\/wp-content\/uploads\/2016\/04\/calisma353.jpg\" alt=\"calisma353\" width=\"600\" height=\"300\" srcset=\"https:\/\/www.kariyer.net\/kariyer-rehberi\/wp-content\/uploads\/2016\/04\/calisma353.jpg 600w, https:\/\/www.kariyer.net\/kariyer-rehberi\/wp-content\/uploads\/2016\/04\/calisma353-300x150.jpg 300w\" sizes=\"(max-width: 600px) 100vw, 600px\" \/><\/a><\/p>\n<h2><strong>Uygun giyinin<\/strong><\/h2>\n<p>E\u011fer evden \u00e7al\u0131\u015f\u0131yorsan\u0131z, pijamal\u0131 \u00e7al\u0131\u015fmak elbette m\u00fcmk\u00fcn ve tabii ki rahat. Fakat \u00e7al\u0131\u015fman\u0131z\u0131n verimli olmas\u0131n\u0131 istiyorsan\u0131z, pijama modundan \u00e7\u0131kman\u0131zda fayda var. Kimse sizden evde kravat takman\u0131z\u0131 ya da \u015fifon g\u00f6mlek giymenizi beklemiyor. Ancak \u00fczerinizdeki k\u0131yafetin psikolojinizi dolay\u0131s\u0131yla da performans\u0131n\u0131z\u0131 etkiledi\u011fini g\u00f6z ard\u0131 etmeyin ve kendinizi \u201c\u015eimdi \u00e7al\u0131\u015fmaya haz\u0131r\u0131m\u201d psikolojisine sokman\u0131z i\u00e7in rahat ancak uygun bir k\u0131yafet tercihinde bulunun.<\/p>\n<h2><strong>Dikkatinizi da\u011f\u0131tmay\u0131n<\/strong><\/h2>\n<p>Evden \u00e7al\u0131\u015fman\u0131n en zor yanlar\u0131ndan biri de dikkatinizi da\u011f\u0131tacak bir\u00e7ok etkenin olmas\u0131d\u0131r. Birikmi\u015f \u00e7ama\u015f\u0131rlar, \u00fct\u00fclenecek k\u0131yafetler ya da ev temizli\u011fi. Bir\u00e7ok \u015fey dikkatinizin da\u011f\u0131lmas\u0131na sebep olabilir. Bu nedenle evden \u00e7al\u0131\u015f\u0131rken de ofiste \u00e7al\u0131\u015f\u0131rken yapt\u0131\u011f\u0131n\u0131z gibi normal bir temizleme rutini olu\u015fturun ve evdeki baz\u0131 aksakl\u0131klar\u0131 yahut evle ilgili yapman\u0131z gerekenleri \u00e7al\u0131\u015fman\u0131z bitine kadar g\u00f6rmezden gelin.<\/p>\n<p>&nbsp;<\/p>\n<p>&nbsp;<\/p>\n<p>&nbsp;<\/p>\n<!-- templates\/buttons-placeholder.php -->\n<div class=\"da-reactions-outer TpostID7412\">\n\t    <div class=\"da-reactions-data da-reactions-container-async center\"\n         data-type=\"post\"\n         data-id=\"7412\"\n         id=\"da-reactions-slot-post-7412\">\n        <div class=\"da-reactions-static\">\n\t\t\t<img src=\"https:\/\/www.kariyer.net\/kariyer-rehberi\/wp-content\/plugins\/da-reactions\/assets\/dist\/loading.svg\" alt=\"Loading spinner\" width=\"48\" height=\"48\" style=\"width:48px\" \/>\n        <\/div>\n    <\/div>\n<\/div>\n","protected":false},"excerpt":{"rendered":"<p>Evden \u00e7al\u0131\u015fmak, hem keyifli hem de bir o kadar zor&#8230; Odaklanmay\u0131, planl\u0131 olmay\u0131 ve g\u00fc\u00e7l\u00fc bir motivasyona sahip olmay\u0131 gerektiriyor. Peki, evden\u00a0\u00e7al\u0131\u015fmak isteyenlerin nelere dikkat etmesi gerekiyor? \u0130\u015fte uygulaman\u0131z gereken 5 ad\u0131m\u2026 Evden \u00e7al\u0131\u015fmak, hemen her \u00e7al\u0131\u015fan\u0131n emekli oldu\u011funda bir k\u0131y\u0131 kasabas\u0131na yerle\u015fmek veya paras\u0131 oldu\u011funda kafe a\u00e7mak gibi uzun y\u0131llar kurdu\u011fu hayaller aras\u0131nda yer [&hellip;]<\/p>\n<!-- templates\/buttons-placeholder.php -->\n<div class=\"da-reactions-outer TpostID7412\">\n\t    <div class=\"da-reactions-data da-reactions-container-async center\"\n         data-type=\"post\"\n         data-id=\"7412\"\n         id=\"da-reactions-slot-post-7412\">\n        <div class=\"da-reactions-static\">\n\t\t\t<img src=\"https:\/\/www.kariyer.net\/kariyer-rehberi\/wp-content\/plugins\/da-reactions\/assets\/dist\/loading.svg\" alt=\"Loading spinner\" width=\"48\" height=\"48\" style=\"width:48px\" \/>\n        <\/div>\n    <\/div>\n<\/div>\n","protected":false},"author":21,"featured_media":7413,"comment_status":"open","ping_status":"open","sticky":false,"template":"","format":"standard","meta":{"footnotes":"","_elementor_edit_mode":"","_elementor_template_type":"","_elementor_data":"","_elementor_page_settings":null,"_elementor_conditions":[]},"categories":[46,2211],"tags":[],"class_list":{"0":"post-7412","1":"post","2":"type-post","3":"status-publish","4":"format-standard","5":"has-post-thumbnail","7":"category-is-hayati","8":"category-kariyer-gelisimi"},"yoast_head":"<!-- This site is optimized with the Yoast SEO Premium plugin v21.4 (Yoast SEO v27.0) - https:\/\/yoast.com\/product\/yoast-seo-premium-wordpress\/ -->\n<title>Evden \u00e7al\u0131\u015f\u0131rken ba\u015far\u0131l\u0131 olmak i\u00e7in 5 nokta | Kariyer Rehberi<\/title>\n<meta name=\"description\" content=\"Evden \u00e7al\u0131\u015fmak, hem keyifli hem de bir o kadar zor... Odaklanmay\u0131, planl\u0131 olmay\u0131 ve g\u00fc\u00e7l\u00fc bir motivasyona sahip olmay\u0131 gerektiriyor. Peki, evden\u00a0\u00e7al\u0131\u015fmak\" \/>\n<meta name=\"robots\" content=\"index, follow, max-snippet:-1, max-image-preview:large, max-video-preview:-1\" \/>\n<link rel=\"canonical\" href=\"https:\/\/www.kariyer.net\/kariyer-rehberi\/evden-calisirken-basarili-olmak-icin-5-nokta\/\" \/>\n<meta property=\"og:locale\" content=\"tr_TR\" \/>\n<meta property=\"og:type\" content=\"article\" \/>\n<meta property=\"og:title\" content=\"Evden \u00e7al\u0131\u015f\u0131rken ba\u015far\u0131l\u0131 olmak i\u00e7in 5 nokta\" \/>\n<meta property=\"og:description\" content=\"Evden \u00e7al\u0131\u015fmak, hem keyifli hem de bir o kadar zor... Odaklanmay\u0131, planl\u0131 olmay\u0131 ve g\u00fc\u00e7l\u00fc bir motivasyona sahip olmay\u0131 gerektiriyor. Peki, evden\u00a0\u00e7al\u0131\u015fmak\" \/>\n<meta property=\"og:url\" content=\"https:\/\/www.kariyer.net\/kariyer-rehberi\/evden-calisirken-basarili-olmak-icin-5-nokta\/\" \/>\n<meta property=\"og:site_name\" content=\"Kariyer Rehberi\" \/>\n<meta property=\"article:published_time\" content=\"2016-04-21T13:52:38+00:00\" \/>\n<meta property=\"article:modified_time\" content=\"2024-07-03T12:10:50+00:00\" \/>\n<meta property=\"og:image\" content=\"https:\/\/www.kariyer.net\/kariyer-rehberi\/wp-content\/uploads\/2016\/04\/evdencalismak22.jpg\" \/>\n\t<meta property=\"og:image:width\" content=\"600\" \/>\n\t<meta property=\"og:image:height\" content=\"300\" \/>\n\t<meta property=\"og:image:type\" content=\"image\/jpeg\" \/>\n<meta name=\"author\" content=\"Mehlika Akg\u00fcn\" \/>\n<meta name=\"twitter:card\" content=\"summary_large_image\" \/>\n<meta name=\"twitter:label1\" content=\"Yazan:\" \/>\n\t<meta name=\"twitter:data1\" content=\"Mehlika Akg\u00fcn\" \/>\n\t<meta name=\"twitter:label2\" content=\"Tahmini okuma s\u00fcresi\" \/>\n\t<meta name=\"twitter:data2\" content=\"3 dakika\" \/>\n<!-- \/ Yoast SEO Premium plugin. -->","yoast_head_json":{"title":"Evden \u00e7al\u0131\u015f\u0131rken ba\u015far\u0131l\u0131 olmak i\u00e7in 5 nokta | Kariyer Rehberi","description":"Evden \u00e7al\u0131\u015fmak, hem keyifli hem de bir o kadar zor... Odaklanmay\u0131, planl\u0131 olmay\u0131 ve g\u00fc\u00e7l\u00fc bir motivasyona sahip olmay\u0131 gerektiriyor. Peki, evden\u00a0\u00e7al\u0131\u015fmak","robots":{"index":"index","follow":"follow","max-snippet":"max-snippet:-1","max-image-preview":"max-image-preview:large","max-video-preview":"max-video-preview:-1"},"canonical":"https:\/\/www.kariyer.net\/kariyer-rehberi\/evden-calisirken-basarili-olmak-icin-5-nokta\/","og_locale":"tr_TR","og_type":"article","og_title":"Evden \u00e7al\u0131\u015f\u0131rken ba\u015far\u0131l\u0131 olmak i\u00e7in 5 nokta","og_description":"Evden \u00e7al\u0131\u015fmak, hem keyifli hem de bir o kadar zor... Odaklanmay\u0131, planl\u0131 olmay\u0131 ve g\u00fc\u00e7l\u00fc bir motivasyona sahip olmay\u0131 gerektiriyor. Peki, evden\u00a0\u00e7al\u0131\u015fmak","og_url":"https:\/\/www.kariyer.net\/kariyer-rehberi\/evden-calisirken-basarili-olmak-icin-5-nokta\/","og_site_name":"Kariyer Rehberi","article_published_time":"2016-04-21T13:52:38+00:00","article_modified_time":"2024-07-03T12:10:50+00:00","og_image":[{"width":600,"height":300,"url":"https:\/\/www.kariyer.net\/kariyer-rehberi\/wp-content\/uploads\/2016\/04\/evdencalismak22.jpg","type":"image\/jpeg"}],"author":"Mehlika Akg\u00fcn","twitter_card":"summary_large_image","twitter_misc":{"Yazan:":"Mehlika Akg\u00fcn","Tahmini okuma s\u00fcresi":"3 dakika"},"schema":{"@context":"https:\/\/schema.org","@graph":[{"@type":"Article","@id":"https:\/\/www.kariyer.net\/kariyer-rehberi\/evden-calisirken-basarili-olmak-icin-5-nokta\/#article","isPartOf":{"@id":"https:\/\/www.kariyer.net\/kariyer-rehberi\/evden-calisirken-basarili-olmak-icin-5-nokta\/"},"author":{"name":"Mehlika Akg\u00fcn","@id":"https:\/\/www.kariyer.net\/kariyer-rehberi\/#\/schema\/person\/decccb85f55a7adf9dd3be68ee3eaa53"},"headline":"Evden \u00e7al\u0131\u015f\u0131rken ba\u015far\u0131l\u0131 olmak i\u00e7in 5 nokta","datePublished":"2016-04-21T13:52:38+00:00","dateModified":"2024-07-03T12:10:50+00:00","mainEntityOfPage":{"@id":"https:\/\/www.kariyer.net\/kariyer-rehberi\/evden-calisirken-basarili-olmak-icin-5-nokta\/"},"wordCount":639,"commentCount":0,"publisher":{"@id":"https:\/\/www.kariyer.net\/kariyer-rehberi\/#organization"},"image":{"@id":"https:\/\/www.kariyer.net\/kariyer-rehberi\/evden-calisirken-basarili-olmak-icin-5-nokta\/#primaryimage"},"thumbnailUrl":"https:\/\/www.kariyer.net\/kariyer-rehberi\/wp-content\/uploads\/2016\/04\/evdencalismak22.jpg","articleSection":["\u0130\u015f Hayat\u0131","Kariyer Geli\u015fimi"],"inLanguage":"tr","potentialAction":[{"@type":"CommentAction","name":"Comment","target":["https:\/\/www.kariyer.net\/kariyer-rehberi\/evden-calisirken-basarili-olmak-icin-5-nokta\/#respond"]}]},{"@type":"WebPage","@id":"https:\/\/www.kariyer.net\/kariyer-rehberi\/evden-calisirken-basarili-olmak-icin-5-nokta\/","url":"https:\/\/www.kariyer.net\/kariyer-rehberi\/evden-calisirken-basarili-olmak-icin-5-nokta\/","name":"Evden \u00e7al\u0131\u015f\u0131rken ba\u015far\u0131l\u0131 olmak i\u00e7in 5 nokta | Kariyer Rehberi","isPartOf":{"@id":"https:\/\/www.kariyer.net\/kariyer-rehberi\/#website"},"primaryImageOfPage":{"@id":"https:\/\/www.kariyer.net\/kariyer-rehberi\/evden-calisirken-basarili-olmak-icin-5-nokta\/#primaryimage"},"image":{"@id":"https:\/\/www.kariyer.net\/kariyer-rehberi\/evden-calisirken-basarili-olmak-icin-5-nokta\/#primaryimage"},"thumbnailUrl":"https:\/\/www.kariyer.net\/kariyer-rehberi\/wp-content\/uploads\/2016\/04\/evdencalismak22.jpg","datePublished":"2016-04-21T13:52:38+00:00","dateModified":"2024-07-03T12:10:50+00:00","description":"Evden \u00e7al\u0131\u015fmak, hem keyifli hem de bir o kadar zor... Odaklanmay\u0131, planl\u0131 olmay\u0131 ve g\u00fc\u00e7l\u00fc bir motivasyona sahip olmay\u0131 gerektiriyor. Peki, evden\u00a0\u00e7al\u0131\u015fmak","breadcrumb":{"@id":"https:\/\/www.kariyer.net\/kariyer-rehberi\/evden-calisirken-basarili-olmak-icin-5-nokta\/#breadcrumb"},"inLanguage":"tr","potentialAction":[{"@type":"ReadAction","target":["https:\/\/www.kariyer.net\/kariyer-rehberi\/evden-calisirken-basarili-olmak-icin-5-nokta\/"]}]},{"@type":"ImageObject","inLanguage":"tr","@id":"https:\/\/www.kariyer.net\/kariyer-rehberi\/evden-calisirken-basarili-olmak-icin-5-nokta\/#primaryimage","url":"https:\/\/www.kariyer.net\/kariyer-rehberi\/wp-content\/uploads\/2016\/04\/evdencalismak22.jpg","contentUrl":"https:\/\/www.kariyer.net\/kariyer-rehberi\/wp-content\/uploads\/2016\/04\/evdencalismak22.jpg","width":600,"height":300},{"@type":"BreadcrumbList","@id":"https:\/\/www.kariyer.net\/kariyer-rehberi\/evden-calisirken-basarili-olmak-icin-5-nokta\/#breadcrumb","itemListElement":[{"@type":"ListItem","position":1,"name":"Anasayfa","item":"https:\/\/www.kariyer.net\/kariyer-rehberi\/"},{"@type":"ListItem","position":2,"name":"Evden \u00e7al\u0131\u015f\u0131rken ba\u015far\u0131l\u0131 olmak i\u00e7in 5 nokta"}]},{"@type":"WebSite","@id":"https:\/\/www.kariyer.net\/kariyer-rehberi\/#website","url":"https:\/\/www.kariyer.net\/kariyer-rehberi\/","name":"Kariyer Rehberi","description":"\u0130\u015f D\u00fcnyas\u0131yla \u0130lgili Bilmek \u0130stedi\u011finiz Her \u015eey","publisher":{"@id":"https:\/\/www.kariyer.net\/kariyer-rehberi\/#organization"},"potentialAction":[{"@type":"SearchAction","target":{"@type":"EntryPoint","urlTemplate":"https:\/\/www.kariyer.net\/kariyer-rehberi\/?s={search_term_string}"},"query-input":{"@type":"PropertyValueSpecification","valueRequired":true,"valueName":"search_term_string"}}],"inLanguage":"tr"},{"@type":"Organization","@id":"https:\/\/www.kariyer.net\/kariyer-rehberi\/#organization","name":"Kariyer.net","url":"https:\/\/www.kariyer.net\/kariyer-rehberi\/","logo":{"@type":"ImageObject","inLanguage":"tr","@id":"https:\/\/www.kariyer.net\/kariyer-rehberi\/#\/schema\/logo\/image\/","url":"https:\/\/www.kariyer.net\/kariyer-rehberi-new\/wp-content\/uploads\/2023\/01\/og-image11.jpg","contentUrl":"https:\/\/www.kariyer.net\/kariyer-rehberi-new\/wp-content\/uploads\/2023\/01\/og-image11.jpg","width":800,"height":800,"caption":"Kariyer.net"},"image":{"@id":"https:\/\/www.kariyer.net\/kariyer-rehberi\/#\/schema\/logo\/image\/"}},{"@type":"Person","@id":"https:\/\/www.kariyer.net\/kariyer-rehberi\/#\/schema\/person\/decccb85f55a7adf9dd3be68ee3eaa53","name":"Mehlika Akg\u00fcn","image":{"@type":"ImageObject","inLanguage":"tr","@id":"https:\/\/www.kariyer.net\/kariyer-rehberi\/#\/schema\/person\/image\/","url":"https:\/\/secure.gravatar.com\/avatar\/0048a8f41307557d30c39a26a0869ff21758d0d8db97b2b4047abc9b1e394df0?s=96&d=mm&r=g","contentUrl":"https:\/\/secure.gravatar.com\/avatar\/0048a8f41307557d30c39a26a0869ff21758d0d8db97b2b4047abc9b1e394df0?s=96&d=mm&r=g","caption":"Mehlika Akg\u00fcn"},"sameAs":["http:\/\/www.kariyer.net\/kariyer-rehberi\/mehlika-akgun\/"],"url":"https:\/\/www.kariyer.net\/kariyer-rehberi\/author\/mehlikaa\/"}]}},"_links":{"self":[{"href":"https:\/\/www.kariyer.net\/kariyer-rehberi\/wp-json\/wp\/v2\/posts\/7412","targetHints":{"allow":["GET"]}}],"collection":[{"href":"https:\/\/www.kariyer.net\/kariyer-rehberi\/wp-json\/wp\/v2\/posts"}],"about":[{"href":"https:\/\/www.kariyer.net\/kariyer-rehberi\/wp-json\/wp\/v2\/types\/post"}],"author":[{"embeddable":true,"href":"https:\/\/www.kariyer.net\/kariyer-rehberi\/wp-json\/wp\/v2\/users\/21"}],"replies":[{"embeddable":true,"href":"https:\/\/www.kariyer.net\/kariyer-rehberi\/wp-json\/wp\/v2\/comments?post=7412"}],"version-history":[{"count":1,"href":"https:\/\/www.kariyer.net\/kariyer-rehberi\/wp-json\/wp\/v2\/posts\/7412\/revisions"}],"predecessor-version":[{"id":19349,"href":"https:\/\/www.kariyer.net\/kariyer-rehberi\/wp-json\/wp\/v2\/posts\/7412\/revisions\/19349"}],"wp:featuredmedia":[{"embeddable":true,"href":"https:\/\/www.kariyer.net\/kariyer-rehberi\/wp-json\/wp\/v2\/media\/7413"}],"wp:attachment":[{"href":"https:\/\/www.kariyer.net\/kariyer-rehberi\/wp-json\/wp\/v2\/media?parent=7412"}],"wp:term":[{"taxonomy":"category","embeddable":true,"href":"https:\/\/www.kariyer.net\/kariyer-rehberi\/wp-json\/wp\/v2\/categories?post=7412"},{"taxonomy":"post_tag","embeddable":true,"href":"https:\/\/www.kariyer.net\/kariyer-rehberi\/wp-json\/wp\/v2\/tags?post=7412"}],"curies":[{"name":"wp","href":"https:\/\/api.w.org\/{rel}","templated":true}]}}