{"id":7541,"date":"2016-05-09T16:00:43","date_gmt":"2016-05-09T13:00:43","guid":{"rendered":"http:\/\/www.kariyer.net\/kariyer-rehberi\/?p=7541"},"modified":"2024-07-03T15:27:51","modified_gmt":"2024-07-03T12:27:51","slug":"okulunuzun-eski-mezunlarinin-kapisini-caldiniz-mi","status":"publish","type":"post","link":"https:\/\/www.kariyer.net\/kariyer-rehberi\/okulunuzun-eski-mezunlarinin-kapisini-caldiniz-mi\/","title":{"rendered":"Okulunuzun eski mezunlar\u0131n\u0131n kap\u0131s\u0131n\u0131 \u00e7ald\u0131n\u0131z m\u0131?"},"content":{"rendered":"<p><strong>\u00dcniversiteden mezun olduktan sonra hepimiz \u00e7evremizde kariyer hedeflerimize ula\u015fmam\u0131zda bize yard\u0131mc\u0131 olabilecek, ihtiya\u00e7 duydu\u011fumuz bilgileri bize sa\u011flay\u0131p, merak ettiklerimizi a\u00e7\u0131klayabilecek ki\u015filer arar\u0131z. Okudu\u011fumuz \u00fcniversitenin eski mezunlar\u0131 ileti\u015fim a\u011f\u0131m\u0131z\u0131n temelini olu\u015fturmas\u0131 bak\u0131m\u0131ndan \u00e7ok \u00f6nemlidir.\u00a0\u00dcniversitenizin eski mezunlar\u0131 ile do\u011fru ileti\u015fimde olman\u0131z i\u015f hayat\u0131na giri\u015fte en fazla ihtiyac\u0131n\u0131z oland\u0131r.<\/strong><\/p>\n<p>Monster.com\u2019da yay\u0131nlanan makalede, pek \u00e7ok yeni mezunun i\u015f ararken yapt\u0131klar\u0131 yanl\u0131\u015flara dikkat \u00e7eken James Madison \u00dcniversitesi \u0130\u015fveren \u0130li\u015fkileri ve \u0130\u015fe Al\u0131m M\u00fcd\u00fcr Yard\u0131mc\u0131s\u0131 Denise Rudolph, mezunlar\u0131n birilerine rastgele att\u0131klar\u0131 e-mailler ile i\u015fe al\u0131nmay\u0131 beklemelerinin yanl\u0131\u015f bir yakla\u015f\u0131m oldu\u011funu belirtti.<\/p>\n<p>\u0130\u015fte Rudolph\u2019\u0131n yeni mezunlara daha \u00f6nceki mezunlarla do\u011fru ileti\u015fim a\u011f\u0131 olu\u015fturmak i\u00e7in tavsiyeleri:<\/p>\n<h2><strong>Erken kalkan yol al\u0131r<\/strong><\/h2>\n<p>E\u011fer yeni mezunsan\u0131z ya da mezuniyete yakla\u015f\u0131yorsan\u0131z eski mezunlarla ileti\u015fim kurman\u0131z, kariyerinizi y\u00f6nlendirmenize olduk\u00e7a yard\u0131mc\u0131 olur. Bu ileti\u015fimi \u201ckariyer ke\u015fif a\u015famas\u0131\u201d olarak adland\u0131ran Rudolph, \u201cBirinci ya da ikinci s\u0131n\u0131fsan\u0131z kariyerinize dair ne istedi\u011finizi bilmiyor olabilirsiniz. \u00c7e\u015fitli sekt\u00f6rle \u00e7al\u0131\u015fan eski mezunlarla konu\u015fmak isteklerinizi ke\u015ffetmenize yard\u0131mc\u0131 olur\u201d ifadesinde bulunuyor.<\/p>\n<p>Tabi bu ileti\u015fimi kurmak biraz zaman alabilir. \u00dcniversite birinci s\u0131n\u0131fta ileti\u015fim kurmaya ba\u015flaman\u0131z, son s\u0131n\u0131fa yakla\u015f\u0131rken ya da i\u015f ararken i\u015finizi kolayla\u015ft\u0131racakt\u0131r. Yale \u00dcniversitesi Kariyer Stratejileri Ofisi K\u0131demli M\u00fcd\u00fcr Yard\u0131mc\u0131s\u0131 Stephanie Waite, eski mezunlar ile g\u00fc\u00e7l\u00fc ileti\u015fimin sonu\u00e7lar\u0131n\u0131n uzun vadede al\u0131naca\u011f\u0131n\u0131, k\u0131sa vadeli bir \u00e7\u00f6z\u00fcm olmad\u0131\u011f\u0131n\u0131 ifade ediyor. Network olu\u015fman\u0131n \u00f6nemini \u00fc\u00e7\u00fcnc\u00fc ya da d\u00f6rd\u00fcnc\u00fc s\u0131n\u0131fta fark ettiyseniz panik yapman\u0131za gerek yok. Hi\u00e7bir \u015fey i\u00e7in ge\u00e7 de\u011fildir.<\/p>\n<h2><strong><a href=\"http:\/\/www.kariyer.net\/kariyer-rehberi\/wp-content\/uploads\/2016\/05\/Untitled-1fds.jpg\"><img fetchpriority=\"high\" decoding=\"async\" class=\"alignleft wp-image-7550 size-full\" src=\"http:\/\/www.kariyer.net\/kariyer-rehberi\/wp-content\/uploads\/2016\/05\/Untitled-1fds.jpg\" alt=\"Untitled-1fds\" width=\"600\" height=\"300\" srcset=\"https:\/\/www.kariyer.net\/kariyer-rehberi\/wp-content\/uploads\/2016\/05\/Untitled-1fds.jpg 600w, https:\/\/www.kariyer.net\/kariyer-rehberi\/wp-content\/uploads\/2016\/05\/Untitled-1fds-300x150.jpg 300w\" sizes=\"(max-width: 600px) 100vw, 600px\" \/><\/a><\/strong><\/h2>\n<h2><\/h2>\n<h2><\/h2>\n<h2><\/h2>\n<h2><\/h2>\n<h2><\/h2>\n<h2><strong>Do\u011fru ki\u015filerle ileti\u015fime ge\u00e7in<\/strong><\/h2>\n<p>Mezunlar\u0131n ileti\u015fim bilgilerine ula\u015fabilece\u011finiz en \u00f6nemli kaynak, \u00fcniversitenizin <em><u>kariyer merkezidir. <\/u><\/em>\u0130stedi\u011finiz sekt\u00f6r ya da ya\u015fad\u0131\u011f\u0131n\u0131z \u015fehirdeki mezunlar\u0131 bulabilece\u011finiz di\u011fer bir kaynak da \u015f\u00fcphesiz<em><u> Linkedln. <\/u><\/em>\u00a0Bug\u00fcn \u00f6\u011frencilerin eski mezunlar ile ileti\u015fim kurmalar\u0131na olanak sa\u011flayan pek \u00e7ok resmi LinkedIn sayfas\u0131 mevcut. Sekt\u00f6r, b\u00f6lge, i\u015f tecr\u00fcbesi gibi pek \u00e7ok filtresi olan bu sayfalar mezunlar ile ileti\u015fiminizde \u00f6nemli bir f\u0131rsat.\u00a0\u0130stedi\u011finiz bir \u015fehirdeki mezunlar\u0131 bulmak i\u00e7in yararlanabilece\u011finiz di\u011fer kaynak da, \u00f6\u011frenciler ile mezunlar\u0131 rahat bir ortamda bulu\u015fturan <em><u>mezunlar derne\u011fi.<\/u><\/em> Buradakilerden sizleri eski mezunlar ile tan\u0131\u015ft\u0131rmalar\u0131n\u0131 rica edebilirsiniz.<\/p>\n<p>Tabi burada dikkat etmeniz gereken bir \u015fey vard\u0131r. Yard\u0131m ricas\u0131nda bulundu\u011funuz ki\u015filerin 40 ya\u015f \u00fcst\u00fc ki\u015filer olmamalar\u0131na, yak\u0131n ge\u00e7mi\u015fte mezun olmalar\u0131n\u0131\u00a0<span style=\"line-height: 1.5;\">tercih etmelisiniz. Yak\u0131n d\u00f6nemde mezun olup i\u015f hayat\u0131nda yeni say\u0131lan ki\u015filerin daha az cayd\u0131r\u0131c\u0131 ve g\u00f6z korkutucu oldu\u011funu belirten Waite, bu ki\u015filerin yeni mezunlara, \u00fcniversiteden ilk tam zamanl\u0131 i\u015flerine ge\u00e7i\u015fte yard\u0131m konusunda daha istekli olduklar\u0131n\u0131 ifade ediyor.<\/span><\/p>\n<h2><strong>Tan\u0131\u015fma e-maili at\u0131n<\/strong><\/h2>\n<p>Eski mezunlardan yard\u0131m isterken nazik bir yakla\u015f\u0131m sergilemek gerekiyor.<\/p>\n<ul>\n<li>Kendinizi k\u0131saca tan\u0131t\u0131n ( \u00dcniversitede ka\u00e7\u0131nc\u0131 s\u0131n\u0131f oldu\u011funuzu ve b\u00f6l\u00fcm\u00fcn\u00fcz\u00fc belirtin)<\/li>\n<li>Kendisinin ileti\u015fim bilgilerine nereden ula\u015ft\u0131\u011f\u0131n\u0131z\u0131 belirtin<\/li>\n<li>Mail atmaktaki niyetinizi k\u0131saca yaz\u0131n<\/li>\n<li>\u00d6zge\u00e7mi\u015finizi ekleyin.<\/li>\n<\/ul>\n<p>Kafan\u0131z m\u0131 kar\u0131\u015ft\u0131? \u0130\u015fte i\u015finizi kolayla\u015ft\u0131racak bir e-mail \u00f6rne\u011fi;<\/p>\n<p><em>\u201cMerhaba, benim ismim\u2026\u2026\u2026\u2026\u2026\u2026\u2026\u2026\u2026\u2026\u00dcniversitesi muhasebe birinci s\u0131n\u0131f \u00f6\u011frencisiyim. \u0130leti\u015fim bilgilerinize okulumuzun mezunlar derne\u011finden ula\u015ft\u0131m. E\u011fer bana ay\u0131rabilece\u011finiz \u00e7ok k\u0131sa vaktiniz varsa birlikte kahve i\u00e7erken \u015fuan \u2026\u2026 \u015eirketi\u2019nde neler yapt\u0131\u011f\u0131n\u0131z\u0131 ve kariyer maceran\u0131z\u0131 dinlemeyi \u00e7ok isterim. E\u011fitim ve tecr\u00fcbelerimi g\u00f6rebilece\u011finiz \u00f6zge\u00e7mi\u015fimin bir \u00f6rne\u011fini ekte payla\u015f\u0131yorum.\u201d<\/em><\/p>\n<p>Fark etti\u011finiz \u00fczere mailde ilgili ki\u015fiden \u00f6zge\u00e7mi\u015fimizi \u0130nsan Kaynaklar\u0131 birimine vermesini de\u011fil sadece g\u00f6z atmas\u0131n\u0131 rica ettik.<\/p>\n<h2><strong><a href=\"http:\/\/www.kariyer.net\/kariyer-rehberi\/wp-content\/uploads\/2016\/05\/Untitled-1q.jpg\"><img decoding=\"async\" class=\"alignleft wp-image-7548 size-full\" src=\"http:\/\/www.kariyer.net\/kariyer-rehberi\/wp-content\/uploads\/2016\/05\/Untitled-1q.jpg\" alt=\"Untitled-1q\" width=\"600\" height=\"300\" srcset=\"https:\/\/www.kariyer.net\/kariyer-rehberi\/wp-content\/uploads\/2016\/05\/Untitled-1q.jpg 600w, https:\/\/www.kariyer.net\/kariyer-rehberi\/wp-content\/uploads\/2016\/05\/Untitled-1q-300x150.jpg 300w\" sizes=\"(max-width: 600px) 100vw, 600px\" \/><\/a><\/strong><\/h2>\n<h2><\/h2>\n<h2><\/h2>\n<h2><\/h2>\n<h2><\/h2>\n<h2><\/h2>\n<h2><strong>Do\u011fru sorular\u0131 sorun<\/strong><\/h2>\n<p>\u0130lk konu\u015fman\u0131z ileti\u015fim f\u0131rsat\u0131 yakalad\u0131\u011f\u0131m\u0131z ki\u015fiyi, firmay\u0131 ya da sekt\u00f6r\u00fc daha fazla tan\u0131maya odakl\u0131 olmal\u0131d\u0131r. \u00d6rne\u011fin, \u201cbu i\u015fi yapmaya nas\u0131l karar verdiniz\u201d, \u201csekt\u00f6r haberlerini takip edebilece\u011fim sosyal medya hesaplar\u0131 nelerdir? ya da \u201cfirman\u0131zda belli bir i\u015fe al\u0131m d\u00f6nemi var m\u0131d\u0131r? gibi do\u011fru sorular\u0131 tercih edebilirsiniz.<\/p>\n<h2><strong>\u0130leti\u015fim kurmaya devam edin<\/strong><\/h2>\n<p>Bir g\u00fcn sonra bir de\u011ferlendirme ve te\u015fekk\u00fcr\u00a0 maili g\u00f6ndermek ileti\u015fim a\u011f\u0131n\u0131zda bulunan ki\u015fide olumlu bir etki b\u0131rak\u0131r, bu noktay\u0131 atlamamakta fayda var. \u0130leti\u015fim a\u011f\u0131n\u0131 kurma s\u00fcreci devam eden bir s\u00fcre\u00e7 oldu\u011fundan\u00a0insanlarla iyi ili\u015fkiler kurmay\u0131 ve bu ili\u015fkileri geli\u015ftirmeyi ama\u00e7lay\u0131n.A\u011f\u0131n\u0131zda bulunan ki\u015filerle ili\u015fkiniz geli\u015ftik\u00e7e bu ki\u015filerin sizi ba\u015fka ki\u015fi ve i\u015flere \u00f6nerirken daha istekli olduklar\u0131n\u0131 g\u00f6receksiniz.<\/p>\n<p>&nbsp;<\/p>\n<p>&nbsp;<\/p>\n<p>&nbsp;<\/p>\n<!-- templates\/buttons-placeholder.php -->\n<div class=\"da-reactions-outer TpostID7541\">\n\t    <div class=\"da-reactions-data da-reactions-container-async center\"\n         data-type=\"post\"\n         data-id=\"7541\"\n         id=\"da-reactions-slot-post-7541\">\n        <div class=\"da-reactions-static\">\n\t\t\t<img src=\"https:\/\/www.kariyer.net\/kariyer-rehberi\/wp-content\/plugins\/da-reactions\/assets\/dist\/loading.svg\" alt=\"Loading spinner\" width=\"48\" height=\"48\" style=\"width:48px\" \/>\n        <\/div>\n    <\/div>\n<\/div>\n","protected":false},"excerpt":{"rendered":"<p>\u00dcniversiteden mezun olduktan sonra hepimiz \u00e7evremizde kariyer hedeflerimize ula\u015fmam\u0131zda bize yard\u0131mc\u0131 olabilecek, ihtiya\u00e7 duydu\u011fumuz bilgileri bize sa\u011flay\u0131p, merak ettiklerimizi a\u00e7\u0131klayabilecek ki\u015filer arar\u0131z. Okudu\u011fumuz \u00fcniversitenin eski mezunlar\u0131 ileti\u015fim a\u011f\u0131m\u0131z\u0131n temelini olu\u015fturmas\u0131 bak\u0131m\u0131ndan \u00e7ok \u00f6nemlidir.\u00a0\u00dcniversitenizin eski mezunlar\u0131 ile do\u011fru ileti\u015fimde olman\u0131z i\u015f hayat\u0131na giri\u015fte en fazla ihtiyac\u0131n\u0131z oland\u0131r. Monster.com\u2019da yay\u0131nlanan makalede, pek \u00e7ok yeni mezunun i\u015f ararken [&hellip;]<\/p>\n<!-- templates\/buttons-placeholder.php -->\n<div class=\"da-reactions-outer TpostID7541\">\n\t    <div class=\"da-reactions-data da-reactions-container-async center\"\n         data-type=\"post\"\n         data-id=\"7541\"\n         id=\"da-reactions-slot-post-7541\">\n        <div class=\"da-reactions-static\">\n\t\t\t<img src=\"https:\/\/www.kariyer.net\/kariyer-rehberi\/wp-content\/plugins\/da-reactions\/assets\/dist\/loading.svg\" alt=\"Loading spinner\" width=\"48\" height=\"48\" style=\"width:48px\" \/>\n        <\/div>\n    <\/div>\n<\/div>\n","protected":false},"author":22,"featured_media":10696,"comment_status":"open","ping_status":"open","sticky":false,"template":"","format":"standard","meta":{"footnotes":"","_elementor_edit_mode":"","_elementor_template_type":"","_elementor_data":"","_elementor_page_settings":null,"_elementor_conditions":[]},"categories":[2211],"tags":[],"class_list":{"0":"post-7541","1":"post","2":"type-post","3":"status-publish","4":"format-standard","5":"has-post-thumbnail","7":"category-kariyer-gelisimi"},"yoast_head":"<!-- This site is optimized with the Yoast SEO Premium plugin v21.4 (Yoast SEO v27.0) - https:\/\/yoast.com\/product\/yoast-seo-premium-wordpress\/ -->\n<title>Okulunuzun eski mezunlar\u0131n\u0131n kap\u0131s\u0131n\u0131 \u00e7ald\u0131n\u0131z m\u0131? | Kariyer Rehberi<\/title>\n<meta name=\"description\" content=\"\u00dcniversiteden mezun olduktan sonra hepimiz \u00e7evremizde kariyer hedeflerimize ula\u015fmam\u0131zda bize yard\u0131mc\u0131 olabilecek, ihtiya\u00e7 duydu\u011fumuz bilgileri bize\" \/>\n<meta name=\"robots\" content=\"index, follow, max-snippet:-1, max-image-preview:large, max-video-preview:-1\" \/>\n<link rel=\"canonical\" href=\"https:\/\/www.kariyer.net\/kariyer-rehberi\/okulunuzun-eski-mezunlarinin-kapisini-caldiniz-mi\/\" \/>\n<meta property=\"og:locale\" content=\"tr_TR\" \/>\n<meta property=\"og:type\" content=\"article\" \/>\n<meta property=\"og:title\" content=\"Okulunuzun eski mezunlar\u0131n\u0131n kap\u0131s\u0131n\u0131 \u00e7ald\u0131n\u0131z m\u0131?\" \/>\n<meta property=\"og:description\" content=\"\u00dcniversiteden mezun olduktan sonra hepimiz \u00e7evremizde kariyer hedeflerimize ula\u015fmam\u0131zda bize yard\u0131mc\u0131 olabilecek, ihtiya\u00e7 duydu\u011fumuz bilgileri bize\" \/>\n<meta property=\"og:url\" content=\"https:\/\/www.kariyer.net\/kariyer-rehberi\/okulunuzun-eski-mezunlarinin-kapisini-caldiniz-mi\/\" \/>\n<meta property=\"og:site_name\" content=\"Kariyer Rehberi\" \/>\n<meta property=\"article:published_time\" content=\"2016-05-09T13:00:43+00:00\" \/>\n<meta property=\"article:modified_time\" content=\"2024-07-03T12:27:51+00:00\" \/>\n<meta property=\"og:image\" content=\"https:\/\/www.kariyer.net\/kariyer-rehberi\/wp-content\/uploads\/2016\/05\/eskimezun747474.jpg\" \/>\n\t<meta property=\"og:image:width\" content=\"900\" \/>\n\t<meta property=\"og:image:height\" content=\"600\" \/>\n\t<meta property=\"og:image:type\" content=\"image\/jpeg\" \/>\n<meta name=\"author\" content=\"Sinem G\u00fcler\" \/>\n<meta name=\"twitter:card\" content=\"summary_large_image\" \/>\n<meta name=\"twitter:label1\" content=\"Yazan:\" \/>\n\t<meta name=\"twitter:data1\" content=\"Sinem G\u00fcler\" \/>\n\t<meta name=\"twitter:label2\" content=\"Tahmini okuma s\u00fcresi\" \/>\n\t<meta name=\"twitter:data2\" content=\"4 dakika\" \/>\n<!-- \/ Yoast SEO Premium plugin. -->","yoast_head_json":{"title":"Okulunuzun eski mezunlar\u0131n\u0131n kap\u0131s\u0131n\u0131 \u00e7ald\u0131n\u0131z m\u0131? | Kariyer Rehberi","description":"\u00dcniversiteden mezun olduktan sonra hepimiz \u00e7evremizde kariyer hedeflerimize ula\u015fmam\u0131zda bize yard\u0131mc\u0131 olabilecek, ihtiya\u00e7 duydu\u011fumuz bilgileri bize","robots":{"index":"index","follow":"follow","max-snippet":"max-snippet:-1","max-image-preview":"max-image-preview:large","max-video-preview":"max-video-preview:-1"},"canonical":"https:\/\/www.kariyer.net\/kariyer-rehberi\/okulunuzun-eski-mezunlarinin-kapisini-caldiniz-mi\/","og_locale":"tr_TR","og_type":"article","og_title":"Okulunuzun eski mezunlar\u0131n\u0131n kap\u0131s\u0131n\u0131 \u00e7ald\u0131n\u0131z m\u0131?","og_description":"\u00dcniversiteden mezun olduktan sonra hepimiz \u00e7evremizde kariyer hedeflerimize ula\u015fmam\u0131zda bize yard\u0131mc\u0131 olabilecek, ihtiya\u00e7 duydu\u011fumuz bilgileri bize","og_url":"https:\/\/www.kariyer.net\/kariyer-rehberi\/okulunuzun-eski-mezunlarinin-kapisini-caldiniz-mi\/","og_site_name":"Kariyer Rehberi","article_published_time":"2016-05-09T13:00:43+00:00","article_modified_time":"2024-07-03T12:27:51+00:00","og_image":[{"width":900,"height":600,"url":"https:\/\/www.kariyer.net\/kariyer-rehberi\/wp-content\/uploads\/2016\/05\/eskimezun747474.jpg","type":"image\/jpeg"}],"author":"Sinem G\u00fcler","twitter_card":"summary_large_image","twitter_misc":{"Yazan:":"Sinem G\u00fcler","Tahmini okuma s\u00fcresi":"4 dakika"},"schema":{"@context":"https:\/\/schema.org","@graph":[{"@type":"Article","@id":"https:\/\/www.kariyer.net\/kariyer-rehberi\/okulunuzun-eski-mezunlarinin-kapisini-caldiniz-mi\/#article","isPartOf":{"@id":"https:\/\/www.kariyer.net\/kariyer-rehberi\/okulunuzun-eski-mezunlarinin-kapisini-caldiniz-mi\/"},"author":{"name":"Sinem G\u00fcler","@id":"https:\/\/www.kariyer.net\/kariyer-rehberi\/#\/schema\/person\/446a1dd87e070460ec44d51ceeaa163b"},"headline":"Okulunuzun eski mezunlar\u0131n\u0131n kap\u0131s\u0131n\u0131 \u00e7ald\u0131n\u0131z m\u0131?","datePublished":"2016-05-09T13:00:43+00:00","dateModified":"2024-07-03T12:27:51+00:00","mainEntityOfPage":{"@id":"https:\/\/www.kariyer.net\/kariyer-rehberi\/okulunuzun-eski-mezunlarinin-kapisini-caldiniz-mi\/"},"wordCount":874,"commentCount":0,"publisher":{"@id":"https:\/\/www.kariyer.net\/kariyer-rehberi\/#organization"},"image":{"@id":"https:\/\/www.kariyer.net\/kariyer-rehberi\/okulunuzun-eski-mezunlarinin-kapisini-caldiniz-mi\/#primaryimage"},"thumbnailUrl":"https:\/\/www.kariyer.net\/kariyer-rehberi\/wp-content\/uploads\/2016\/05\/eskimezun747474.jpg","articleSection":["Kariyer Geli\u015fimi"],"inLanguage":"tr","potentialAction":[{"@type":"CommentAction","name":"Comment","target":["https:\/\/www.kariyer.net\/kariyer-rehberi\/okulunuzun-eski-mezunlarinin-kapisini-caldiniz-mi\/#respond"]}]},{"@type":"WebPage","@id":"https:\/\/www.kariyer.net\/kariyer-rehberi\/okulunuzun-eski-mezunlarinin-kapisini-caldiniz-mi\/","url":"https:\/\/www.kariyer.net\/kariyer-rehberi\/okulunuzun-eski-mezunlarinin-kapisini-caldiniz-mi\/","name":"Okulunuzun eski mezunlar\u0131n\u0131n kap\u0131s\u0131n\u0131 \u00e7ald\u0131n\u0131z m\u0131? | Kariyer Rehberi","isPartOf":{"@id":"https:\/\/www.kariyer.net\/kariyer-rehberi\/#website"},"primaryImageOfPage":{"@id":"https:\/\/www.kariyer.net\/kariyer-rehberi\/okulunuzun-eski-mezunlarinin-kapisini-caldiniz-mi\/#primaryimage"},"image":{"@id":"https:\/\/www.kariyer.net\/kariyer-rehberi\/okulunuzun-eski-mezunlarinin-kapisini-caldiniz-mi\/#primaryimage"},"thumbnailUrl":"https:\/\/www.kariyer.net\/kariyer-rehberi\/wp-content\/uploads\/2016\/05\/eskimezun747474.jpg","datePublished":"2016-05-09T13:00:43+00:00","dateModified":"2024-07-03T12:27:51+00:00","description":"\u00dcniversiteden mezun olduktan sonra hepimiz \u00e7evremizde kariyer hedeflerimize ula\u015fmam\u0131zda bize yard\u0131mc\u0131 olabilecek, ihtiya\u00e7 duydu\u011fumuz bilgileri bize","breadcrumb":{"@id":"https:\/\/www.kariyer.net\/kariyer-rehberi\/okulunuzun-eski-mezunlarinin-kapisini-caldiniz-mi\/#breadcrumb"},"inLanguage":"tr","potentialAction":[{"@type":"ReadAction","target":["https:\/\/www.kariyer.net\/kariyer-rehberi\/okulunuzun-eski-mezunlarinin-kapisini-caldiniz-mi\/"]}]},{"@type":"ImageObject","inLanguage":"tr","@id":"https:\/\/www.kariyer.net\/kariyer-rehberi\/okulunuzun-eski-mezunlarinin-kapisini-caldiniz-mi\/#primaryimage","url":"https:\/\/www.kariyer.net\/kariyer-rehberi\/wp-content\/uploads\/2016\/05\/eskimezun747474.jpg","contentUrl":"https:\/\/www.kariyer.net\/kariyer-rehberi\/wp-content\/uploads\/2016\/05\/eskimezun747474.jpg","width":900,"height":600},{"@type":"BreadcrumbList","@id":"https:\/\/www.kariyer.net\/kariyer-rehberi\/okulunuzun-eski-mezunlarinin-kapisini-caldiniz-mi\/#breadcrumb","itemListElement":[{"@type":"ListItem","position":1,"name":"Anasayfa","item":"https:\/\/www.kariyer.net\/kariyer-rehberi\/"},{"@type":"ListItem","position":2,"name":"Okulunuzun eski mezunlar\u0131n\u0131n kap\u0131s\u0131n\u0131 \u00e7ald\u0131n\u0131z m\u0131?"}]},{"@type":"WebSite","@id":"https:\/\/www.kariyer.net\/kariyer-rehberi\/#website","url":"https:\/\/www.kariyer.net\/kariyer-rehberi\/","name":"Kariyer Rehberi","description":"\u0130\u015f D\u00fcnyas\u0131yla \u0130lgili Bilmek \u0130stedi\u011finiz Her \u015eey","publisher":{"@id":"https:\/\/www.kariyer.net\/kariyer-rehberi\/#organization"},"potentialAction":[{"@type":"SearchAction","target":{"@type":"EntryPoint","urlTemplate":"https:\/\/www.kariyer.net\/kariyer-rehberi\/?s={search_term_string}"},"query-input":{"@type":"PropertyValueSpecification","valueRequired":true,"valueName":"search_term_string"}}],"inLanguage":"tr"},{"@type":"Organization","@id":"https:\/\/www.kariyer.net\/kariyer-rehberi\/#organization","name":"Kariyer.net","url":"https:\/\/www.kariyer.net\/kariyer-rehberi\/","logo":{"@type":"ImageObject","inLanguage":"tr","@id":"https:\/\/www.kariyer.net\/kariyer-rehberi\/#\/schema\/logo\/image\/","url":"https:\/\/www.kariyer.net\/kariyer-rehberi-new\/wp-content\/uploads\/2023\/01\/og-image11.jpg","contentUrl":"https:\/\/www.kariyer.net\/kariyer-rehberi-new\/wp-content\/uploads\/2023\/01\/og-image11.jpg","width":800,"height":800,"caption":"Kariyer.net"},"image":{"@id":"https:\/\/www.kariyer.net\/kariyer-rehberi\/#\/schema\/logo\/image\/"}},{"@type":"Person","@id":"https:\/\/www.kariyer.net\/kariyer-rehberi\/#\/schema\/person\/446a1dd87e070460ec44d51ceeaa163b","name":"Sinem G\u00fcler","image":{"@type":"ImageObject","inLanguage":"tr","@id":"https:\/\/www.kariyer.net\/kariyer-rehberi\/#\/schema\/person\/image\/","url":"https:\/\/secure.gravatar.com\/avatar\/b3a500e27f2af715cec184f361d5e9ae3ddaaf2ebe633f093ea6f5036b4a390b?s=96&d=mm&r=g","contentUrl":"https:\/\/secure.gravatar.com\/avatar\/b3a500e27f2af715cec184f361d5e9ae3ddaaf2ebe633f093ea6f5036b4a390b?s=96&d=mm&r=g","caption":"Sinem G\u00fcler"},"url":"https:\/\/www.kariyer.net\/kariyer-rehberi\/author\/sinemguler\/"}]}},"_links":{"self":[{"href":"https:\/\/www.kariyer.net\/kariyer-rehberi\/wp-json\/wp\/v2\/posts\/7541","targetHints":{"allow":["GET"]}}],"collection":[{"href":"https:\/\/www.kariyer.net\/kariyer-rehberi\/wp-json\/wp\/v2\/posts"}],"about":[{"href":"https:\/\/www.kariyer.net\/kariyer-rehberi\/wp-json\/wp\/v2\/types\/post"}],"author":[{"embeddable":true,"href":"https:\/\/www.kariyer.net\/kariyer-rehberi\/wp-json\/wp\/v2\/users\/22"}],"replies":[{"embeddable":true,"href":"https:\/\/www.kariyer.net\/kariyer-rehberi\/wp-json\/wp\/v2\/comments?post=7541"}],"version-history":[{"count":1,"href":"https:\/\/www.kariyer.net\/kariyer-rehberi\/wp-json\/wp\/v2\/posts\/7541\/revisions"}],"predecessor-version":[{"id":19554,"href":"https:\/\/www.kariyer.net\/kariyer-rehberi\/wp-json\/wp\/v2\/posts\/7541\/revisions\/19554"}],"wp:featuredmedia":[{"embeddable":true,"href":"https:\/\/www.kariyer.net\/kariyer-rehberi\/wp-json\/wp\/v2\/media\/10696"}],"wp:attachment":[{"href":"https:\/\/www.kariyer.net\/kariyer-rehberi\/wp-json\/wp\/v2\/media?parent=7541"}],"wp:term":[{"taxonomy":"category","embeddable":true,"href":"https:\/\/www.kariyer.net\/kariyer-rehberi\/wp-json\/wp\/v2\/categories?post=7541"},{"taxonomy":"post_tag","embeddable":true,"href":"https:\/\/www.kariyer.net\/kariyer-rehberi\/wp-json\/wp\/v2\/tags?post=7541"}],"curies":[{"name":"wp","href":"https:\/\/api.w.org\/{rel}","templated":true}]}}