{"id":7556,"date":"2024-07-10T11:00:22","date_gmt":"2024-07-10T08:00:22","guid":{"rendered":"http:\/\/www.kariyer.net\/kariyer-rehberi\/?p=7556"},"modified":"2025-06-10T10:02:37","modified_gmt":"2025-06-10T07:02:37","slug":"ingilizce-mulakatlarda-en-cok-sorulan-sorular-ve-cevaplari","status":"publish","type":"post","link":"https:\/\/www.kariyer.net\/kariyer-rehberi\/ingilizce-mulakatlarda-en-cok-sorulan-sorular-ve-cevaplari\/","title":{"rendered":"\u0130ngilizce m\u00fclakatlarda en \u00e7ok sorulan sorular ve cevaplar\u0131"},"content":{"rendered":"<p><strong>\u201cYa kendimi istedi\u011fim gibi ifade edemezsem?\u201d korkusuna neden olan \u0130ngilizce m\u00fclakatlara bir\u00e7ok aday \u201ca\u015f\u0131lmas\u0131 gereken son engel\u201d g\u00f6z\u00fcyle bak\u0131yor. Korkuya ve strese neden olan \u0130ngilizce m\u00fclakatlarda en \u00e7ok hangi sorular soruluyor ve adaylar i\u00e7in \u00f6rnek olabilecek yan\u0131tlar neler? \u0130\u015fte<\/strong> <strong>\u0130ngilizce m\u00fclakatlarda en \u00e7ok sorulan sorular ve \u00f6rnek yan\u0131tlar\u0131\u2026<\/strong><\/p>\n<p>Hayalindeki kariyeri yakalaman\u0131n yolu elbette yapmak istedi\u011fin i\u015fe sahip olmandan ge\u00e7iyor. Bunun i\u00e7in de \u00f6n\u00fcnde ba\u015far\u0131yla ge\u00e7men gereken m\u00fclakatlar bulunuyor. \u00d6zellikle son y\u0131llarda firmalar\u0131n \u0130ngilizce bilen \u00e7al\u0131\u015fan ihtiya\u00e7lar\u0131 nedeniyle daha fazla aday T\u00fcrk\u00e7e m\u00fclakatlar\u0131n yan\u0131 s\u0131ra \u0130ngilizce m\u00fclakatlarda da hayalindeki i\u015f f\u0131rsat\u0131n\u0131 yakalamaya \u00e7al\u0131\u015f\u0131yor. \u201cYa kendimi istedi\u011fim gibi ifade edemezsem?\u201d korkusuna neden olan \u0130ngilizce m\u00fclakatlara bir\u00e7ok aday \u201ca\u015f\u0131lmas\u0131 gereken son engel\u201d g\u00f6z\u00fcyle bak\u0131yor. \u0130\u015f g\u00f6r\u00fc\u015fmesine girecek olan adaylar\u0131 terleten, s\u0131k\u0131nt\u0131ya ve strese sokan \u0130ngilizce m\u00fclakatlar\u0131 ba\u015far\u0131yla atlatmak asl\u0131nda o kadar da zor de\u011fil. M\u00fclakat \u00f6ncesinde yap\u0131lacak bir \u00f6n haz\u0131rl\u0131kla \u0130ngilizce m\u00fclakatlarda da ba\u015far\u0131l\u0131 olabilirsin.<\/p>\n<p>\u0130K uzmanlar\u0131n\u0131n adaylara \u0130ngilizce m\u00fclakatlarda en s\u0131k sordu\u011fu sorular\u0131 ve adaylara \u00f6rnek olabilecek cevaplar\u0131 senin i\u00e7in derledik. \u0130\u015fte en \u00e7ok sorulan \u0130ngilizce m\u00fclakat sorular\u0131 ve \u00f6rnek cevaplar\u0131\u2026<\/p>\n<h2><strong>Tell me about yourself. <\/strong><\/h2>\n<p>Hem T\u00fcrk\u00e7e hem de \u0130ngilizce m\u00fclakatlarda adaylara ku\u015fkusuz en \u00e7ok sorulan soru \u201cBana biraz kendinden bahsedebilir misiniz?\u201d sorusudur. Adaylar\u0131n bu soruyu k\u0131sa, \u00f6z ve etkili bir cevap vermesi gerekir.<\/p>\n<p>\u201c\u2026. \u00dcniversitesi \u2026. B\u00f6l\u00fcm\u00fc\u2019nden mezun oldum. \u0130leti\u015fim y\u00f6n\u00fc g\u00fc\u00e7l\u00fc bir insan\u0131md\u0131r \u2026. alan\u0131nda \u00e7al\u0131\u015fmak kendime olan g\u00fcvenimi artt\u0131rd\u0131 ve bu i\u015fte ba\u015far\u0131l\u0131 olabilece\u011fimi anlad\u0131m. Son i\u015fimde \u2026 konular\u0131nda ve \u015fu \u2026 projelerde g\u00f6rev ald\u0131m. Yapt\u0131\u011f\u0131m \u2026 projesi ile hem firmam\u0131z\u0131n m\u00fc\u015fterilerinden olumlu geri d\u00f6n\u00fc\u015fler ald\u0131k hem de bu durum firman\u0131n sat\u0131\u015flar\u0131na yans\u0131d\u0131. Departman m\u00fcd\u00fcr\u00fcm\u00fcn ve genel m\u00fcd\u00fcr\u00fcm\u00fcn \u00e7al\u0131\u015fmam\u0131 takdir etmesine \u00e7ok mutlu oldum.\u201d<\/p>\n<p><strong>\u201cI graduated from\u2026\u2026.\u2026. University,\u00a0 \u2026\u2026\u2026&#8230; Department. I am a very communicative person. Having worked at \u2026\u2026\u2026\u2026..field, I had the chance to gain more self-confidence and I believed I could be successful at \u2026\u2026\u2026\u2026\u2026\u2026. I took part in \u2026\u2026\u2026\u2026.. and \u2026\u2026\u2026\u2026. Projects at my recent job. <\/strong><strong>With the help of the Project I led, not only we got great feedback from our clients, but also our company\u2019s sales were affected positively. I was so glad that my department manager and general manager appreciated my work.\u201d<\/strong><\/p>\n<h2><strong>Tell me about your education. <\/strong><\/h2>\n<p>\u201cE\u011fitim bilgilerinizden bahsedebilir misiniz?\u201d sorusu da \u0130ngilizce m\u00fclakatlarda genellikle \u201cBize kendinizden bahsedebilir misiniz?\u201d sorusundan sonra adaylara y\u00f6neltilen sorular aras\u0131nda yer al\u0131r. Adaydan bu soruyu cevaplarken okudu\u011fu b\u00f6l\u00fcm\u00fc neden se\u00e7ti\u011fini ve okudu\u011fu b\u00f6l\u00fcm\u00fcn i\u015fine olan katk\u0131s\u0131n\u0131 anlatmas\u0131 beklenir.<\/p>\n<p>\u201cHayat\u0131m boyunca \u2026 olmak istedi\u011fim i\u00e7in lisedeyken \u2026 b\u00f6l\u00fcm\u00fcnde okumak istedim ve &#8230;. \u00dcniversitesi\u2019nde &#8230;\u00a0 e\u011fitimi ald\u0131m. \u00d6\u011frencilik y\u0131llar\u0131mda i\u015fi \u00f6\u011frenmek amac\u0131yla \u2026 adl\u0131 firmada stajyer olarak \u00e7al\u0131\u015fmaya ba\u015flad\u0131m. \u00dcniversite bittikten sonra ise .. firmada \u00e7al\u0131\u015fmaya ba\u015flad\u0131m ve bu s\u00fcre\u00e7te kendimi geli\u015ftirmek amac\u0131yla \u2026. dal\u0131nda master yapt\u0131m.\u201d<\/p>\n<p><strong>\u201cSince I wanted to be a\/an\u2026\u2026\u2026\u2026\u2026throughout my whole life, I wanted to study\u2026\u2026\u2026\u2026at high school and I studied at \u2026\u2026\u2026\u2026..University. During my university years, I worked as an intern at \u2026\u2026\u2026\u2026\u2026Company in order to learn this job. After graduation, I started working at\u2026\u2026\u2026..Company and in the meantime I did my master\u2019s degree at\u2026\u2026\u2026\u2026\u2026..field , at \u2026\u2026\u2026\u2026\u2026\u2026University.\u201d<\/strong><\/p>\n<h2><strong>What are your strenghts? <\/strong><\/h2>\n<p>\u201cG\u00fc\u00e7l\u00fc taraflar\u0131n\u0131z nelerdir?\u201d sorusu aday\u0131n i\u015finde hangi alanlarda ba\u015far\u0131l\u0131 oldu\u011funu \u00f6l\u00e7mek i\u00e7in sorulur. Aday\u0131n g\u00fc\u00e7l\u00fc oldu\u011fu y\u00f6nlerini ifade ederken daha \u00e7ok i\u015fiyle ilgili olan taraflar\u0131na odaklanmas\u0131 gerekir.<\/p>\n<p>\u201cDisiplinli ve planl\u0131 biriyimdir. Bu \u00f6zelli\u011fim sayesinde ald\u0131\u011f\u0131m i\u015fleri vaktinde, eksiksiz olarak tamamlar\u0131m.\u00a0 Y\u00f6neticilerim bana i\u015f verdi\u011finde o i\u015fin tamamlanm\u0131\u015f olarak kendilerine teslim edece\u011fimi bilirler.\u201d<\/p>\n<p><strong>\u201cI am a disciplined and organized person, due to that I always finish my work completely on time. My managers would know that when they give me a task, it will be completed fully.\u201d<\/strong><\/p>\n<h2><strong>What are some of your weaknesses? <\/strong><\/h2>\n<p>Hem T\u00fcrk\u00e7e hem de \u0130ngilizce m\u00fclakatlarda en s\u0131k sorulan sorulardan bir di\u011feri de \u201cZay\u0131f y\u00f6nleriniz nelerdir?\u201d sorusudur. Bu soruyla adaydan i\u015fiyle ilgili olan zay\u0131f bir y\u00f6n\u00fcn\u00fc anlatmas\u0131 beklenir. Ancak aday zay\u0131f y\u00f6n\u00fcn\u00fc nas\u0131l d\u00fczeltti\u011fini de bu soruyu cevaplarken vurgulamal\u0131d\u0131r.<\/p>\n<p>\u201c\u00c7ok heyecanl\u0131 biriyimdir. Eskiden bir grup kar\u015f\u0131s\u0131nda konu\u015fmaktan, sunum yapmaktan hi\u00e7 ho\u015flanm\u0131yordum. Ancak bu s\u0131k\u0131nt\u0131m\u0131n \u00fcst\u00fcne gittim ve evde s\u00fcrekli pratik yapt\u0131m. Bu konuya ili\u015fkin seminere kat\u0131ld\u0131m. B\u00f6ylelikle s\u0131k\u0131nt\u0131m\u0131n \u00fcstesinden geldim. O zamandan beri \u00e7ok \u00f6nemli y\u00f6neticiler kar\u015f\u0131s\u0131nda bile bir\u00e7ok kez sunum yapt\u0131m ve ba\u015far\u0131l\u0131 oldum.\u201d<\/p>\n<p><strong>\u201cI am a very excited person. I used to dislike speaking in public or making presentations. However, I challenged myself ad practiced at home continuously. I also attended a seminar about this, so that I overcame this weakness. Since then, I did many presentations to many well-known managers and I succeeded.\u201d<\/strong><\/p>\n<h2><strong>Why do you want to leave your job? <\/strong><\/h2>\n<p>\u201c\u0130\u015finden neden ayr\u0131lmak istiyorsun?\u201d sorusu, adaylara m\u00fclakat esnas\u0131nda y\u00f6neltilen tuzak sorular aras\u0131nda yer al\u0131r. Adaylar\u0131n bu soruya cevap verirken \u201cEski y\u00f6neticim bana s\u00fcrekli mobbing uyguluyordu\u201d, \u201c\u00c7al\u0131\u015ft\u0131\u011f\u0131m \u015firketin ko\u015fullar\u0131 \u00e7ok k\u00f6t\u00fcyd\u00fc\u201d gibi olumsuz c\u00fcmlelerden uzak durmas\u0131 gerekir.<\/p>\n<p>\u201cEski i\u015fimde bir\u00e7ok konuda kendimi geli\u015ftirdim ve y\u00f6neticimden de i\u015fimle ilgili olarak \u00e7ok \u015fey \u00f6\u011frendim. Son i\u015f yeri deneyimim bana \u00e7ok \u015fey katt\u0131. Bundan b\u00f6yle daha fazla sorumluluk alaca\u011f\u0131m, \u2026. konular\u0131na odaklanaca\u011f\u0131m hem bilgi birikimimi hem de tecr\u00fcbemi kullanabilece\u011fim bir alanda \u00e7al\u0131\u015fmak istiyorum.\u201d<\/p>\n<p><strong>\u201cI improved myself a lot at my previous job and learned many things about my job from my manager. My last job helped me a lot in means of experience. From now on, I would like to work at a job where I can take more responsibility, focus on\u2026\u2026\u2026., and use my knowledge and experince more for that position.\u201d<\/strong><\/p>\n<h2><strong>What can you do for this company?<\/strong><\/h2>\n<p>\u201cBu \u015firket i\u00e7in ne yapabilirsiniz?\u201d sorusuna cevap verecek olan adaylar\u0131n ba\u015fvurulan \u015firkete ve pozisyona olan uygunluklar\u0131n\u0131 vurgulamalar\u0131 gerekiyor.<\/p>\n<p>\u201cHem i\u015f hayat\u0131mdaki deneyimlerim hem de bilgi birikimim nedeniyle firman\u0131za katk\u0131 sa\u011flayaca\u011f\u0131ma inan\u0131yorum. Daha \u00f6nce de\u00a0 \u2026 alanlar\u0131nda g\u00f6rev alm\u0131\u015f olmam nedeniyle \u2026 pozisyona katk\u0131 sa\u011flayabilece\u011fimi d\u00fc\u015f\u00fcn\u00fcyorum.\u201d<\/p>\n<p><strong>\u201cI believe I can be a good asset for this company both with my experience and knowledge. Since I worked at \u2026\u2026\u2026\u2026\u2026.field before, I think I can manage this position successfully.\u201d<\/strong><\/p>\n<h2><strong>Why should we hire you? <\/strong><\/h2>\n<p>\u201cSizi neden i\u015fe almal\u0131y\u0131z?\u201d sorusunu cevap verecek olan adaylar\u0131n, \u201cBu \u015firket i\u00e7in ne yapabilirsiniz?\u201d sorusunda oldu\u011fu gibi ba\u015fvurulan \u015firkete ve pozisyona olan uygunluklar\u0131n\u0131 anlatmas\u0131, hangi noktalarda faydal\u0131 olabilece\u011fini ifade etmesi gerekiyor.<\/p>\n<p>\u201cKonu\u015fmam\u0131zdan anlad\u0131\u011f\u0131m kadar\u0131yla, siz daha \u00e7ok \u00a0\u2026\u2026 alan\u0131nda \u00e7al\u0131\u015fan ve \u00a0\u2026\u2026 yetkinlikleri olan birini ar\u0131yorsunuz. Ben de \u2026\u2026 y\u0131ll\u0131k i\u015f deneyimim s\u00fcresince \u2026\u2026. alanlar\u0131nda \u00e7al\u0131\u015ft\u0131m ve \u015fu konularda uzmanla\u015ft\u0131m: \u2026\u2026\u2026. Y\u00fcksek enerjim ve h\u0131zl\u0131 \u00f6\u011frenme yetene\u011fimle \u2026\u2026\u2026 gibi konularda \u00e7\u00f6z\u00fcm ve projeler \u00fcrettim. Size de \u2026\u2026 alanlarda katk\u0131 sa\u011flayabilece\u011fime inan\u0131yorum. Tecr\u00fcbelerimin ve motivasyonumun ekibinize b\u00fcy\u00fck bir katk\u0131s\u0131 olaca\u011f\u0131na inan\u0131yorum.\u201d<\/p>\n<p><strong>\u201cHaving considered our talk so far, I understand that you are looking for someone who is qualified and working at\u2026\u2026\u2026\u2026\u2026\u2026.field. And I have worked in\u2026\u2026\u2026\u2026\u2026\u2026\u2026\u2026.fields throughtout my \u2026\u2026\u2026\u2026\u2026\u2026\u2026.years experience and become proficient in \u2026\u2026\u2026\u2026\u2026..subjects. I came up with many solutions and projects on\u2026\u2026\u2026\u2026\u2026 with my enthusiasm and energy. I believe I can contribute to you in \u2026\u2026\u2026\u2026\u2026I am sure, my experience and motivation will be a good additive to this team\/company.\u201d<\/strong><\/p>\n<h2><strong>What major problem have you had to deal with recently? How did you handle it? <\/strong><\/h2>\n<p>\u201cSon zamanlarda ya\u015fad\u0131\u011f\u0131n\u0131z en b\u00fcy\u00fck problem neydi ve bunun \u00fcstesinden nas\u0131l geldiniz?\u201d sorusu \u0130K uzmanlar\u0131 taraf\u0131ndan aday\u0131n ge\u00e7mi\u015fte ya\u015fan\u0131lan bir olay kar\u015f\u0131s\u0131nda nas\u0131l davrand\u0131\u011f\u0131n\u0131, sorumluluk al\u0131p almad\u0131\u011f\u0131n\u0131 ve gelecekte de benzer bir durumla kar\u015f\u0131la\u015ft\u0131\u011f\u0131nda nas\u0131l davranaca\u011f\u0131n\u0131 \u00f6l\u00e7mek amac\u0131yla sorulur.<\/p>\n<p>\u201cDaha \u00f6nce \u00e7al\u0131\u015ft\u0131\u011f\u0131m i\u015f yerinde m\u00fc\u015fterilerimizi etkileyecek \u00e7ok b\u00fcy\u00fck bir s\u0131k\u0131nt\u0131 ya\u015fam\u0131\u015ft\u0131k.\u00a0 Duruma acilen m\u00fcdahale edilmesi gerekiyordu. Ben de y\u00f6neticimin onay\u0131n\u0131 alarak, bu sorunu \u00e7\u00f6zmek i\u00e7in m\u00fc\u015fterilerimize \u2026.. konular\u0131nda \u00f6neri sundum ve b\u00f6ylelikle sorunun \u00fcstesinden geldik.\u201d<\/p>\n<p><strong>\u201cAt my previous workplace, we had a big distress that would affect our clients. We had to handle the situation immediately, so having taken my managers approval, I suggested some options to our clients about\u2026\u2026\u2026\u2026\u2026..and we managed to overcome that unlucky situation.\u201d<\/strong><\/p>\n<p><a href=\"https:\/\/www.kariyer.net\/aday\/uyeol?utm_source=aday&amp;utm_medium=banner&amp;utm_campaign=kariyer_rehberi_uyelik_banner_zaman_kaybetme\"><img fetchpriority=\"high\" decoding=\"async\" class=\"alignnone size-full wp-image-21527\" src=\"https:\/\/www.kariyer.net\/kariyer-rehberi\/wp-content\/uploads\/2012\/03\/1140x192-3.png\" alt=\"\" width=\"1140\" height=\"192\" srcset=\"https:\/\/www.kariyer.net\/kariyer-rehberi\/wp-content\/uploads\/2012\/03\/1140x192-3.png 1140w, https:\/\/www.kariyer.net\/kariyer-rehberi\/wp-content\/uploads\/2012\/03\/1140x192-3-300x51.png 300w, https:\/\/www.kariyer.net\/kariyer-rehberi\/wp-content\/uploads\/2012\/03\/1140x192-3-1024x172.png 1024w, https:\/\/www.kariyer.net\/kariyer-rehberi\/wp-content\/uploads\/2012\/03\/1140x192-3-768x129.png 768w, https:\/\/www.kariyer.net\/kariyer-rehberi\/wp-content\/uploads\/2012\/03\/1140x192-3-450x76.png 450w, https:\/\/www.kariyer.net\/kariyer-rehberi\/wp-content\/uploads\/2012\/03\/1140x192-3-780x131.png 780w\" sizes=\"(max-width: 1140px) 100vw, 1140px\" \/><\/a><\/p>\n<h2><strong>Do you work well under pressure? <\/strong><\/h2>\n<p>\u0130K uzmanlar\u0131n\u0131n \u0130ngilizce m\u00fclakatlarda adaylar\u0131 test etti\u011fi bir di\u011fer soru da \u201cBask\u0131 alt\u0131nda iyi \u00e7al\u0131\u015fabilir misiniz?\u201d sorusudur.<\/p>\n<p>\u201cHer zaman planl\u0131 \u00e7al\u0131\u015fan biri olmu\u015fumdur. Sorumluluklar\u0131m\u0131 \u00f6ncelik s\u0131ras\u0131na koyar\u0131m ve planl\u0131 olarak \u00e7al\u0131\u015fmaya gayret ederim. Bu \u00f6zelli\u011fim sayesinde stresli anlarda bile ne yapmam gerekti\u011fi bilerek \u00e7al\u0131\u015fmaya devam ederim.\u201d<\/p>\n<p><strong>\u201cI have always been an organized person at work. I put my responsibilities in order and try to follow that track. With the help of this habit of mine, I do my work knowing what to do even when I am stressed.\u201d <\/strong><\/p>\n<h2><strong>Can you give me five words that best describe you?<\/strong><\/h2>\n<p>\u0130K uzmanlar\u0131 bazen de \u0130ngilizce m\u00fclakatlarda adaylara \u201cSizi en iyi tan\u0131mlayan 5 kelime nedir?\u201d gibi k\u0131sa ve net yan\u0131tlar isteyen sorular y\u00f6netirler. Adaylar\u0131n \u00e7al\u0131\u015faca\u011f\u0131 pozisyonu g\u00f6zeterek soruyu cevaplamas\u0131 gerekir.<\/p>\n<p>\u201cAzimli, planl\u0131, disiplinli, \u00e7al\u0131\u015fkan ve ileti\u015fime a\u00e7\u0131k bir insan\u0131m.\u201d<\/p>\n<p><strong>\u201cDetermined, organized, disciplined, hardworking and open to communication.\u201d<\/strong><\/p>\n<!-- templates\/buttons-placeholder.php -->\n<div class=\"da-reactions-outer TpostID7556\">\n\t    <div class=\"da-reactions-data da-reactions-container-async center\"\n         data-type=\"post\"\n         data-id=\"7556\"\n         id=\"da-reactions-slot-post-7556\">\n        <div class=\"da-reactions-static\">\n\t\t\t<img src=\"https:\/\/www.kariyer.net\/kariyer-rehberi\/wp-content\/plugins\/da-reactions\/assets\/dist\/loading.svg\" alt=\"Loading spinner\" width=\"48\" height=\"48\" style=\"width:48px\" \/>\n        <\/div>\n    <\/div>\n<\/div>\n","protected":false},"excerpt":{"rendered":"<p>\u201cYa kendimi istedi\u011fim gibi ifade edemezsem?\u201d korkusuna neden olan \u0130ngilizce m\u00fclakatlara bir\u00e7ok aday \u201ca\u015f\u0131lmas\u0131 gereken son engel\u201d g\u00f6z\u00fcyle bak\u0131yor. Korkuya ve strese neden olan \u0130ngilizce m\u00fclakatlarda en \u00e7ok hangi sorular soruluyor ve adaylar i\u00e7in \u00f6rnek olabilecek yan\u0131tlar neler? \u0130\u015fte \u0130ngilizce m\u00fclakatlarda en \u00e7ok sorulan sorular ve \u00f6rnek yan\u0131tlar\u0131\u2026 Hayalindeki kariyeri yakalaman\u0131n yolu elbette yapmak istedi\u011fin [&hellip;]<\/p>\n<!-- templates\/buttons-placeholder.php -->\n<div class=\"da-reactions-outer TpostID7556\">\n\t    <div class=\"da-reactions-data da-reactions-container-async center\"\n         data-type=\"post\"\n         data-id=\"7556\"\n         id=\"da-reactions-slot-post-7556\">\n        <div class=\"da-reactions-static\">\n\t\t\t<img src=\"https:\/\/www.kariyer.net\/kariyer-rehberi\/wp-content\/plugins\/da-reactions\/assets\/dist\/loading.svg\" alt=\"Loading spinner\" width=\"48\" height=\"48\" style=\"width:48px\" \/>\n        <\/div>\n    <\/div>\n<\/div>\n","protected":false},"author":21,"featured_media":11955,"comment_status":"open","ping_status":"open","sticky":false,"template":"","format":"standard","meta":{"footnotes":"","_elementor_edit_mode":"","_elementor_template_type":"","_elementor_data":"","_elementor_page_settings":null,"_elementor_conditions":[]},"categories":[42,44],"tags":[959,2221,2220],"class_list":{"0":"post-7556","1":"post","2":"type-post","3":"status-publish","4":"format-standard","5":"has-post-thumbnail","7":"category-mulakat","8":"category-mulakat-sorulari","9":"tag-beyaz-yaka","10":"tag-mulakat-ve-is-gorusmesi","11":"tag-tecrubeli"},"yoast_head":"<!-- This site is optimized with the Yoast SEO Premium plugin v21.4 (Yoast SEO v27.0) - https:\/\/yoast.com\/product\/yoast-seo-premium-wordpress\/ -->\n<title>\u0130ngilizce m\u00fclakatlarda en \u00e7ok sorulan sorular<\/title>\n<meta name=\"description\" content=\"\u0130ngilizce m\u00fclakatlarda en \u00e7ok sorulan sorular ve cevaplar\u0131 i\u00e7in blog yaz\u0131m\u0131z\u0131 inceleyerek m\u00fclakata haz\u0131rlanabilirsin. Hemen t\u0131kla!\" \/>\n<meta name=\"robots\" content=\"index, follow, max-snippet:-1, max-image-preview:large, max-video-preview:-1\" \/>\n<link rel=\"canonical\" href=\"https:\/\/www.kariyer.net\/kariyer-rehberi\/ingilizce-mulakatlarda-en-cok-sorulan-sorular-ve-cevaplari\/\" \/>\n<meta property=\"og:locale\" content=\"tr_TR\" \/>\n<meta property=\"og:type\" content=\"article\" \/>\n<meta property=\"og:title\" content=\"\u0130ngilizce m\u00fclakatlarda en \u00e7ok sorulan sorular ve cevaplar\u0131\" \/>\n<meta property=\"og:description\" content=\"\u201cYa kendimi istedi\u011fim gibi ifade edemezsem?\u201d korkusuna neden olan \u0130ngilizce m\u00fclakatlara bir\u00e7ok aday \u201ca\u015f\u0131lmas\u0131 gereken son engel\u201d g\u00f6z\u00fcyle bak\u0131yor. Korkuya\" \/>\n<meta property=\"og:url\" content=\"https:\/\/www.kariyer.net\/kariyer-rehberi\/ingilizce-mulakatlarda-en-cok-sorulan-sorular-ve-cevaplari\/\" \/>\n<meta property=\"og:site_name\" content=\"Kariyer Rehberi\" \/>\n<meta property=\"article:published_time\" content=\"2024-07-10T08:00:22+00:00\" \/>\n<meta property=\"article:modified_time\" content=\"2025-06-10T07:02:37+00:00\" \/>\n<meta property=\"og:image\" content=\"https:\/\/www.kariyer.net\/kariyer-rehberi\/wp-content\/uploads\/2016\/05\/ingilizce-mulakatlarda-en-cok-sorulan.jpg\" \/>\n\t<meta property=\"og:image:width\" content=\"900\" \/>\n\t<meta property=\"og:image:height\" content=\"600\" \/>\n\t<meta property=\"og:image:type\" content=\"image\/jpeg\" \/>\n<meta name=\"author\" content=\"Mehlika Akg\u00fcn\" \/>\n<meta name=\"twitter:card\" content=\"summary_large_image\" \/>\n<meta name=\"twitter:label1\" content=\"Yazan:\" \/>\n\t<meta name=\"twitter:data1\" content=\"Mehlika Akg\u00fcn\" \/>\n\t<meta name=\"twitter:label2\" content=\"Tahmini okuma s\u00fcresi\" \/>\n\t<meta name=\"twitter:data2\" content=\"9 dakika\" \/>\n<!-- \/ Yoast SEO Premium plugin. -->","yoast_head_json":{"title":"\u0130ngilizce m\u00fclakatlarda en \u00e7ok sorulan sorular","description":"\u0130ngilizce m\u00fclakatlarda en \u00e7ok sorulan sorular ve cevaplar\u0131 i\u00e7in blog yaz\u0131m\u0131z\u0131 inceleyerek m\u00fclakata haz\u0131rlanabilirsin. Hemen t\u0131kla!","robots":{"index":"index","follow":"follow","max-snippet":"max-snippet:-1","max-image-preview":"max-image-preview:large","max-video-preview":"max-video-preview:-1"},"canonical":"https:\/\/www.kariyer.net\/kariyer-rehberi\/ingilizce-mulakatlarda-en-cok-sorulan-sorular-ve-cevaplari\/","og_locale":"tr_TR","og_type":"article","og_title":"\u0130ngilizce m\u00fclakatlarda en \u00e7ok sorulan sorular ve cevaplar\u0131","og_description":"\u201cYa kendimi istedi\u011fim gibi ifade edemezsem?\u201d korkusuna neden olan \u0130ngilizce m\u00fclakatlara bir\u00e7ok aday \u201ca\u015f\u0131lmas\u0131 gereken son engel\u201d g\u00f6z\u00fcyle bak\u0131yor. Korkuya","og_url":"https:\/\/www.kariyer.net\/kariyer-rehberi\/ingilizce-mulakatlarda-en-cok-sorulan-sorular-ve-cevaplari\/","og_site_name":"Kariyer Rehberi","article_published_time":"2024-07-10T08:00:22+00:00","article_modified_time":"2025-06-10T07:02:37+00:00","og_image":[{"width":900,"height":600,"url":"https:\/\/www.kariyer.net\/kariyer-rehberi\/wp-content\/uploads\/2016\/05\/ingilizce-mulakatlarda-en-cok-sorulan.jpg","type":"image\/jpeg"}],"author":"Mehlika Akg\u00fcn","twitter_card":"summary_large_image","twitter_misc":{"Yazan:":"Mehlika Akg\u00fcn","Tahmini okuma s\u00fcresi":"9 dakika"},"schema":{"@context":"https:\/\/schema.org","@graph":[{"@type":"Article","@id":"https:\/\/www.kariyer.net\/kariyer-rehberi\/ingilizce-mulakatlarda-en-cok-sorulan-sorular-ve-cevaplari\/#article","isPartOf":{"@id":"https:\/\/www.kariyer.net\/kariyer-rehberi\/ingilizce-mulakatlarda-en-cok-sorulan-sorular-ve-cevaplari\/"},"author":{"name":"Mehlika Akg\u00fcn","@id":"https:\/\/www.kariyer.net\/kariyer-rehberi\/#\/schema\/person\/decccb85f55a7adf9dd3be68ee3eaa53"},"headline":"\u0130ngilizce m\u00fclakatlarda en \u00e7ok sorulan sorular ve cevaplar\u0131","datePublished":"2024-07-10T08:00:22+00:00","dateModified":"2025-06-10T07:02:37+00:00","mainEntityOfPage":{"@id":"https:\/\/www.kariyer.net\/kariyer-rehberi\/ingilizce-mulakatlarda-en-cok-sorulan-sorular-ve-cevaplari\/"},"wordCount":1767,"commentCount":0,"publisher":{"@id":"https:\/\/www.kariyer.net\/kariyer-rehberi\/#organization"},"image":{"@id":"https:\/\/www.kariyer.net\/kariyer-rehberi\/ingilizce-mulakatlarda-en-cok-sorulan-sorular-ve-cevaplari\/#primaryimage"},"thumbnailUrl":"https:\/\/www.kariyer.net\/kariyer-rehberi\/wp-content\/uploads\/2016\/05\/ingilizce-mulakatlarda-en-cok-sorulan.jpg","keywords":["beyaz yaka","M\u00fclakat ve \u0130\u015f G\u00f6r\u00fc\u015fmesi","Tecr\u00fcbeli"],"articleSection":["M\u00fclakat","M\u00fclakat Sorular\u0131"],"inLanguage":"tr","potentialAction":[{"@type":"CommentAction","name":"Comment","target":["https:\/\/www.kariyer.net\/kariyer-rehberi\/ingilizce-mulakatlarda-en-cok-sorulan-sorular-ve-cevaplari\/#respond"]}]},{"@type":"WebPage","@id":"https:\/\/www.kariyer.net\/kariyer-rehberi\/ingilizce-mulakatlarda-en-cok-sorulan-sorular-ve-cevaplari\/","url":"https:\/\/www.kariyer.net\/kariyer-rehberi\/ingilizce-mulakatlarda-en-cok-sorulan-sorular-ve-cevaplari\/","name":"\u0130ngilizce m\u00fclakatlarda en \u00e7ok sorulan sorular","isPartOf":{"@id":"https:\/\/www.kariyer.net\/kariyer-rehberi\/#website"},"primaryImageOfPage":{"@id":"https:\/\/www.kariyer.net\/kariyer-rehberi\/ingilizce-mulakatlarda-en-cok-sorulan-sorular-ve-cevaplari\/#primaryimage"},"image":{"@id":"https:\/\/www.kariyer.net\/kariyer-rehberi\/ingilizce-mulakatlarda-en-cok-sorulan-sorular-ve-cevaplari\/#primaryimage"},"thumbnailUrl":"https:\/\/www.kariyer.net\/kariyer-rehberi\/wp-content\/uploads\/2016\/05\/ingilizce-mulakatlarda-en-cok-sorulan.jpg","datePublished":"2024-07-10T08:00:22+00:00","dateModified":"2025-06-10T07:02:37+00:00","description":"\u0130ngilizce m\u00fclakatlarda en \u00e7ok sorulan sorular ve cevaplar\u0131 i\u00e7in blog yaz\u0131m\u0131z\u0131 inceleyerek m\u00fclakata haz\u0131rlanabilirsin. Hemen t\u0131kla!","breadcrumb":{"@id":"https:\/\/www.kariyer.net\/kariyer-rehberi\/ingilizce-mulakatlarda-en-cok-sorulan-sorular-ve-cevaplari\/#breadcrumb"},"inLanguage":"tr","potentialAction":[{"@type":"ReadAction","target":["https:\/\/www.kariyer.net\/kariyer-rehberi\/ingilizce-mulakatlarda-en-cok-sorulan-sorular-ve-cevaplari\/"]}]},{"@type":"ImageObject","inLanguage":"tr","@id":"https:\/\/www.kariyer.net\/kariyer-rehberi\/ingilizce-mulakatlarda-en-cok-sorulan-sorular-ve-cevaplari\/#primaryimage","url":"https:\/\/www.kariyer.net\/kariyer-rehberi\/wp-content\/uploads\/2016\/05\/ingilizce-mulakatlarda-en-cok-sorulan.jpg","contentUrl":"https:\/\/www.kariyer.net\/kariyer-rehberi\/wp-content\/uploads\/2016\/05\/ingilizce-mulakatlarda-en-cok-sorulan.jpg","width":900,"height":600,"caption":"\u0130ngilizce m\u00fclakatlarda en \u00e7ok sorulan"},{"@type":"BreadcrumbList","@id":"https:\/\/www.kariyer.net\/kariyer-rehberi\/ingilizce-mulakatlarda-en-cok-sorulan-sorular-ve-cevaplari\/#breadcrumb","itemListElement":[{"@type":"ListItem","position":1,"name":"Anasayfa","item":"https:\/\/www.kariyer.net\/kariyer-rehberi\/"},{"@type":"ListItem","position":2,"name":"\u0130ngilizce m\u00fclakatlarda en \u00e7ok sorulan sorular ve cevaplar\u0131"}]},{"@type":"WebSite","@id":"https:\/\/www.kariyer.net\/kariyer-rehberi\/#website","url":"https:\/\/www.kariyer.net\/kariyer-rehberi\/","name":"Kariyer Rehberi","description":"\u0130\u015f D\u00fcnyas\u0131yla \u0130lgili Bilmek \u0130stedi\u011finiz Her \u015eey","publisher":{"@id":"https:\/\/www.kariyer.net\/kariyer-rehberi\/#organization"},"potentialAction":[{"@type":"SearchAction","target":{"@type":"EntryPoint","urlTemplate":"https:\/\/www.kariyer.net\/kariyer-rehberi\/?s={search_term_string}"},"query-input":{"@type":"PropertyValueSpecification","valueRequired":true,"valueName":"search_term_string"}}],"inLanguage":"tr"},{"@type":"Organization","@id":"https:\/\/www.kariyer.net\/kariyer-rehberi\/#organization","name":"Kariyer.net","url":"https:\/\/www.kariyer.net\/kariyer-rehberi\/","logo":{"@type":"ImageObject","inLanguage":"tr","@id":"https:\/\/www.kariyer.net\/kariyer-rehberi\/#\/schema\/logo\/image\/","url":"https:\/\/www.kariyer.net\/kariyer-rehberi-new\/wp-content\/uploads\/2023\/01\/og-image11.jpg","contentUrl":"https:\/\/www.kariyer.net\/kariyer-rehberi-new\/wp-content\/uploads\/2023\/01\/og-image11.jpg","width":800,"height":800,"caption":"Kariyer.net"},"image":{"@id":"https:\/\/www.kariyer.net\/kariyer-rehberi\/#\/schema\/logo\/image\/"}},{"@type":"Person","@id":"https:\/\/www.kariyer.net\/kariyer-rehberi\/#\/schema\/person\/decccb85f55a7adf9dd3be68ee3eaa53","name":"Mehlika Akg\u00fcn","image":{"@type":"ImageObject","inLanguage":"tr","@id":"https:\/\/www.kariyer.net\/kariyer-rehberi\/#\/schema\/person\/image\/","url":"https:\/\/secure.gravatar.com\/avatar\/0048a8f41307557d30c39a26a0869ff21758d0d8db97b2b4047abc9b1e394df0?s=96&d=mm&r=g","contentUrl":"https:\/\/secure.gravatar.com\/avatar\/0048a8f41307557d30c39a26a0869ff21758d0d8db97b2b4047abc9b1e394df0?s=96&d=mm&r=g","caption":"Mehlika Akg\u00fcn"},"sameAs":["http:\/\/www.kariyer.net\/kariyer-rehberi\/mehlika-akgun\/"],"url":"https:\/\/www.kariyer.net\/kariyer-rehberi\/author\/mehlikaa\/"}]}},"_links":{"self":[{"href":"https:\/\/www.kariyer.net\/kariyer-rehberi\/wp-json\/wp\/v2\/posts\/7556","targetHints":{"allow":["GET"]}}],"collection":[{"href":"https:\/\/www.kariyer.net\/kariyer-rehberi\/wp-json\/wp\/v2\/posts"}],"about":[{"href":"https:\/\/www.kariyer.net\/kariyer-rehberi\/wp-json\/wp\/v2\/types\/post"}],"author":[{"embeddable":true,"href":"https:\/\/www.kariyer.net\/kariyer-rehberi\/wp-json\/wp\/v2\/users\/21"}],"replies":[{"embeddable":true,"href":"https:\/\/www.kariyer.net\/kariyer-rehberi\/wp-json\/wp\/v2\/comments?post=7556"}],"version-history":[{"count":2,"href":"https:\/\/www.kariyer.net\/kariyer-rehberi\/wp-json\/wp\/v2\/posts\/7556\/revisions"}],"predecessor-version":[{"id":21530,"href":"https:\/\/www.kariyer.net\/kariyer-rehberi\/wp-json\/wp\/v2\/posts\/7556\/revisions\/21530"}],"wp:featuredmedia":[{"embeddable":true,"href":"https:\/\/www.kariyer.net\/kariyer-rehberi\/wp-json\/wp\/v2\/media\/11955"}],"wp:attachment":[{"href":"https:\/\/www.kariyer.net\/kariyer-rehberi\/wp-json\/wp\/v2\/media?parent=7556"}],"wp:term":[{"taxonomy":"category","embeddable":true,"href":"https:\/\/www.kariyer.net\/kariyer-rehberi\/wp-json\/wp\/v2\/categories?post=7556"},{"taxonomy":"post_tag","embeddable":true,"href":"https:\/\/www.kariyer.net\/kariyer-rehberi\/wp-json\/wp\/v2\/tags?post=7556"}],"curies":[{"name":"wp","href":"https:\/\/api.w.org\/{rel}","templated":true}]}}