{"id":756,"date":"2012-12-03T17:07:53","date_gmt":"2012-12-03T15:07:53","guid":{"rendered":"http:\/\/www.kariyerkampuste.com\/?p=756"},"modified":"2024-07-03T15:38:12","modified_gmt":"2024-07-03T12:38:12","slug":"girisimcilik-konferansi-10-11-aralikta-bogazici-universitesinde","status":"publish","type":"post","link":"https:\/\/www.kariyer.net\/kariyer-rehberi\/girisimcilik-konferansi-10-11-aralikta-bogazici-universitesinde\/","title":{"rendered":"Giri\u015fimcilik Konferans\u0131 10-11 Aral\u0131k&#039;ta Bo\u011fazi\u00e7i \u00dcniversitesi&#039;nde!"},"content":{"rendered":"<p style=\"text-align: center;\"><a href=\"http:\/\/www.kariyerkampuste.com\/girisimcilik-konferansi-10-11-aralikta-bogazici-universitesinde\/girisimcilik-konferansi\/\" rel=\"attachment wp-att-757\"><img fetchpriority=\"high\" decoding=\"async\" class=\"aligncenter size-full wp-image-757\" title=\"girisimcilik konferans\u0131\" src=\"http:\/\/www.kariyerkampuste.com\/wp-content\/uploads\/2012\/12\/girisimcilik-konferans\u0131.jpg\" alt=\"\" width=\"608\" height=\"155\" \/><\/a>Bo\u011fazi\u00e7i \u00dcniversitesi \u0130\u015fletme ve Ekonomi Kul\u00fcb\u00fc&#8217;n\u00fcn 2.sini d\u00fczenleyece\u011fi Giri\u015fimcilik Konferans\u0131, yine bir\u00e7ok giri\u015fimcinin ve bu alanda kendini kan\u0131tlam\u0131\u015f bir\u00e7ok ismin bir araya gelme noktas\u0131 olacak.<\/p>\n<p>Yenilik\u00e7i fikirlerin konu\u015fulup tart\u0131\u015f\u0131laca\u011f\u0131 aktivite bu y\u0131l 10-11 Aral\u0131k tarihlerinde ger\u00e7ekle\u015ftirilecektir. Konferans 2 g\u00fcn s\u00fcrecektir. 1. g\u00fcn &#8220;Giri\u015fimcilik nedir?&#8221; \u00fczerine ve &#8220;S\u00fcrd\u00fcr\u00fclebilir\/Ye\u015fi Giri\u015fimcilik&#8221; \u00fczerine oturumlar ger\u00e7ekle\u015fecektir. \u0130lk g\u00fcn oturumlar\u0131n aras\u0131nda &#8220;Yat\u0131r\u0131mc\u0131 Paneli&#8221; olacakt\u0131r. 2. G\u00fcn &#8220;\u0130nternet\/Dijital Giri\u015fimcilik&#8221; ve &#8220;Gen\u00e7 Giri\u015fimciler&#8221; konular\u0131 alt\u0131nda oturumlar ger\u00e7ekle\u015fecektir.<!--more--><\/p>\n<p>**Kat\u0131l\u0131m \u00fccretsizdir.<\/p>\n<p><a href=\"http:\/\/buik.boun.edu.tr\/?page_id=2507\">Ba\u015fvuru i\u00e7in buraya t\u0131klay\u0131n<\/a><\/p>\n<p>Etkinlik T\u00fcrk\u00e7e ger\u00e7ekle\u015fecektir.<\/p>\n<p><strong>PROGRAM<\/strong><\/p>\n<p>1.G\u00dcN \u2013 10 ARALIK<br \/>\nA\u00c7ILI\u015e KONU\u015eMASI<br \/>\n\u0130ktisadi \u0130dari Bilimler Fak\u00fcltesi Dekan\u0131 Prof. Dr. Ay\u015fe G\u00fcl Toker<\/p>\n<p>OTURUM 1<br \/>\nG\u0130R\u0130\u015e\u0130MC\u0130L\u0130K 101<br \/>\nErtu\u011frul Belen<br \/>\nDivas Diamond Y\u00f6netici Ortak<\/p>\n<p>G\u0130R\u0130\u015e\u0130MC\u0130L\u0130\u011e\u0130N AKADEM\u0130K BOYUTU<br \/>\n\u0130hsan Elgin<br \/>\nGiri\u015fim Fabrikas\u0131 Direkt\u00f6r\u00fc, \u00d6zye\u011fin \u00dcniversitesi Giri\u015fimcilik Merkezi Direkt\u00f6r\u00fc<\/p>\n<p>OTURUM 2<br \/>\nMELEK DOKUNU\u015eU PANEL\u0130<br \/>\nPanelistler:<br \/>\n212 Genel M\u00fcd\u00fcr\u00fc Ali H. Karabey<br \/>\nGalata Business Angels \u00dcyesi ve Yemeksepeti.com&#8217;un Kurucu Orta\u011f\u0131 Melih \u00d6demi\u015f<br \/>\n\u0130nventram Genel M\u00fcd\u00fcr\u00fc Cem Soysal<\/p>\n<p>Moderat\u00f6r:<br \/>\nEndeavor T\u00fcrkiye<\/p>\n<p>S\u00dcRD\u00dcR\u00dcLEB\u0130L\u0130R \/ YE\u015e\u0130L G\u0130R\u0130\u015e\u0130MC\u0130L\u0130K<br \/>\nCavidan Demira\u011f G\u0130\u015eKAD Onursal Ba\u015fkan\u0131 ve Y\u0130K \u00dcyesi, AB Kad\u0131n Giri\u015fimci Mentoru<\/p>\n<p>\u00c7EVRE \u0130\u00c7\u0130N YEN\u0130L\u0130K\u00c7\u0130 TEKNOLOJ\u0130LER<br \/>\nAlphan Manas<br \/>\nBrightwell Holding Y\u00f6netim Kurulu Ba\u015fkan\u0131<\/p>\n<p>2.G\u00dcN \u2013 11 ARALIK<\/p>\n<p>OTURUM 3<br \/>\n\u0130NTERNET G\u0130R\u0130\u015e\u0130MC\u0130L\u0130\u011e\u0130<br \/>\n\u0130lker Baydar Hepsiburada.com Genel M\u00fcd\u00fcr\u00fc<br \/>\nAli Servet Ey\u00fcbo\u011flu Mekanist.com Kurucusu<\/p>\n<p>MOB\u0130L G\u0130R\u0130\u015e\u0130MC\u0130L\u0130K<br \/>\nFatih \u0130\u015fbecer Pozitron Kurucu ve CEO<\/p>\n<p>OTURUM 4<br \/>\nASANS\u00d6R KONU\u015eMASI (ELEVATOR PITCH) NASIL YAPILIR?<br \/>\n\u0130smail Haznedar JCI (Junior Chamber International) BM \u0130li\u015fkileri Sorumlusu<\/p>\n<p>GEN\u00c7 G\u0130R\u0130\u015e\u0130MC\u0130L\u0130K<br \/>\nHakan Ba\u015f Lidyana.com Kurucusu<\/p>\n<p>D\u0130J\u0130TAL G\u0130R\u0130\u015e\u0130MC\u0130L\u0130K<br \/>\nAlem\u015fah \u00d6zt\u00fcrk 41?29! Kurucusu<\/p>\n<p>*Aktivite herkese a\u00e7\u0131kt\u0131r.<br \/>\n**Kat\u0131l\u0131m \u00fccretsizdir.<br \/>\n<a href=\"http:\/\/buik.boun.edu.tr\/?page_id=2507\">Ba\u015fvuru i\u00e7in t\u0131klay\u0131n<\/a><\/p>\n<!-- templates\/buttons-placeholder.php -->\n<div class=\"da-reactions-outer TpostID756\">\n\t    <div class=\"da-reactions-data da-reactions-container-async center\"\n         data-type=\"post\"\n         data-id=\"756\"\n         id=\"da-reactions-slot-post-756\">\n        <div class=\"da-reactions-static\">\n\t\t\t<img src=\"https:\/\/www.kariyer.net\/kariyer-rehberi\/wp-content\/plugins\/da-reactions\/assets\/dist\/loading.svg\" alt=\"Loading spinner\" width=\"48\" height=\"48\" style=\"width:48px\" \/>\n        <\/div>\n    <\/div>\n<\/div>\n","protected":false},"excerpt":{"rendered":"<p>Bo\u011fazi\u00e7i \u00dcniversitesi \u0130\u015fletme ve Ekonomi Kul\u00fcb\u00fc&#8217;n\u00fcn 2.sini d\u00fczenleyece\u011fi Giri\u015fimcilik Konferans\u0131, yine bir\u00e7ok giri\u015fimcinin ve bu alanda kendini kan\u0131tlam\u0131\u015f bir\u00e7ok ismin bir araya gelme noktas\u0131 olacak. Yenilik\u00e7i fikirlerin konu\u015fulup tart\u0131\u015f\u0131laca\u011f\u0131 aktivite bu y\u0131l 10-11 Aral\u0131k tarihlerinde ger\u00e7ekle\u015ftirilecektir. Konferans 2 g\u00fcn s\u00fcrecektir. 1. g\u00fcn &#8220;Giri\u015fimcilik nedir?&#8221; \u00fczerine ve &#8220;S\u00fcrd\u00fcr\u00fclebilir\/Ye\u015fi Giri\u015fimcilik&#8221; \u00fczerine oturumlar ger\u00e7ekle\u015fecektir. \u0130lk g\u00fcn oturumlar\u0131n aras\u0131nda [&hellip;]<\/p>\n<!-- templates\/buttons-placeholder.php -->\n<div class=\"da-reactions-outer TpostID756\">\n\t    <div class=\"da-reactions-data da-reactions-container-async center\"\n         data-type=\"post\"\n         data-id=\"756\"\n         id=\"da-reactions-slot-post-756\">\n        <div class=\"da-reactions-static\">\n\t\t\t<img src=\"https:\/\/www.kariyer.net\/kariyer-rehberi\/wp-content\/plugins\/da-reactions\/assets\/dist\/loading.svg\" alt=\"Loading spinner\" width=\"48\" height=\"48\" style=\"width:48px\" \/>\n        <\/div>\n    <\/div>\n<\/div>\n","protected":false},"author":12,"featured_media":0,"comment_status":"open","ping_status":"open","sticky":false,"template":"","format":"standard","meta":{"footnotes":"","_elementor_edit_mode":"","_elementor_template_type":"","_elementor_data":"","_elementor_page_settings":null,"_elementor_conditions":[]},"categories":[2211,164],"tags":[393,439,444,445],"class_list":{"0":"post-756","1":"post","2":"type-post","3":"status-publish","4":"format-standard","6":"category-kariyer-gelisimi","7":"category-universite-kuluplerinden-haberler","8":"tag-bogazici-universitesi","9":"tag-bogazici-universitesi-isletme-kulubu","10":"tag-girisimcilik-konferansi","11":"tag-girisimcilik-konferansi-basvuru"},"yoast_head":"<!-- This site is optimized with the Yoast SEO Premium plugin v21.4 (Yoast SEO v27.0) - https:\/\/yoast.com\/product\/yoast-seo-premium-wordpress\/ -->\n<title>Giri\u015fimcilik Konferans\u0131 10-11 Aral\u0131k&#039;ta Bo\u011fazi\u00e7i \u00dcniversitesi&#039;nde! | Kariyer Rehberi<\/title>\n<meta name=\"description\" content=\"Bo\u011fazi\u00e7i \u00dcniversitesi \u0130\u015fletme ve Ekonomi Kul\u00fcb\u00fc&#039;n\u00fcn 2.sini d\u00fczenleyece\u011fi Giri\u015fimcilik Konferans\u0131, yine bir\u00e7ok giri\u015fimcinin ve bu alanda kendini kan\u0131tlam\u0131\u015f bir\u00e7ok ismin bir araya gelme noktas\u0131 olacak.\" \/>\n<meta name=\"robots\" content=\"index, follow, max-snippet:-1, max-image-preview:large, max-video-preview:-1\" \/>\n<link rel=\"canonical\" href=\"https:\/\/www.kariyer.net\/kariyer-rehberi\/girisimcilik-konferansi-10-11-aralikta-bogazici-universitesinde\/\" \/>\n<meta property=\"og:locale\" content=\"tr_TR\" \/>\n<meta property=\"og:type\" content=\"article\" \/>\n<meta property=\"og:title\" content=\"Giri\u015fimcilik Konferans\u0131 10-11 Aral\u0131k&#039;ta Bo\u011fazi\u00e7i \u00dcniversitesi&#039;nde!\" \/>\n<meta property=\"og:description\" content=\"Bo\u011fazi\u00e7i \u00dcniversitesi \u0130\u015fletme ve Ekonomi Kul\u00fcb\u00fc&#039;n\u00fcn 2.sini d\u00fczenleyece\u011fi Giri\u015fimcilik Konferans\u0131, yine bir\u00e7ok giri\u015fimcinin ve bu alanda kendini kan\u0131tlam\u0131\u015f\" \/>\n<meta property=\"og:url\" content=\"https:\/\/www.kariyer.net\/kariyer-rehberi\/girisimcilik-konferansi-10-11-aralikta-bogazici-universitesinde\/\" \/>\n<meta property=\"og:site_name\" content=\"Kariyer Rehberi\" \/>\n<meta property=\"article:published_time\" content=\"2012-12-03T15:07:53+00:00\" \/>\n<meta property=\"article:modified_time\" content=\"2024-07-03T12:38:12+00:00\" \/>\n<meta name=\"author\" content=\"Edit\u00f6r\" \/>\n<meta name=\"twitter:card\" content=\"summary_large_image\" \/>\n<meta name=\"twitter:label1\" content=\"Yazan:\" \/>\n\t<meta name=\"twitter:data1\" content=\"Edit\u00f6r\" \/>\n\t<meta name=\"twitter:label2\" content=\"Tahmini okuma s\u00fcresi\" \/>\n\t<meta name=\"twitter:data2\" content=\"2 dakika\" \/>\n<!-- \/ Yoast SEO Premium plugin. -->","yoast_head_json":{"title":"Giri\u015fimcilik Konferans\u0131 10-11 Aral\u0131k'ta Bo\u011fazi\u00e7i \u00dcniversitesi'nde! | Kariyer Rehberi","description":"Bo\u011fazi\u00e7i \u00dcniversitesi \u0130\u015fletme ve Ekonomi Kul\u00fcb\u00fc'n\u00fcn 2.sini d\u00fczenleyece\u011fi Giri\u015fimcilik Konferans\u0131, yine bir\u00e7ok giri\u015fimcinin ve bu alanda kendini kan\u0131tlam\u0131\u015f bir\u00e7ok ismin bir araya gelme noktas\u0131 olacak.","robots":{"index":"index","follow":"follow","max-snippet":"max-snippet:-1","max-image-preview":"max-image-preview:large","max-video-preview":"max-video-preview:-1"},"canonical":"https:\/\/www.kariyer.net\/kariyer-rehberi\/girisimcilik-konferansi-10-11-aralikta-bogazici-universitesinde\/","og_locale":"tr_TR","og_type":"article","og_title":"Giri\u015fimcilik Konferans\u0131 10-11 Aral\u0131k&#039;ta Bo\u011fazi\u00e7i \u00dcniversitesi&#039;nde!","og_description":"Bo\u011fazi\u00e7i \u00dcniversitesi \u0130\u015fletme ve Ekonomi Kul\u00fcb\u00fc'n\u00fcn 2.sini d\u00fczenleyece\u011fi Giri\u015fimcilik Konferans\u0131, yine bir\u00e7ok giri\u015fimcinin ve bu alanda kendini kan\u0131tlam\u0131\u015f","og_url":"https:\/\/www.kariyer.net\/kariyer-rehberi\/girisimcilik-konferansi-10-11-aralikta-bogazici-universitesinde\/","og_site_name":"Kariyer Rehberi","article_published_time":"2012-12-03T15:07:53+00:00","article_modified_time":"2024-07-03T12:38:12+00:00","author":"Edit\u00f6r","twitter_card":"summary_large_image","twitter_misc":{"Yazan:":"Edit\u00f6r","Tahmini okuma s\u00fcresi":"2 dakika"},"schema":{"@context":"https:\/\/schema.org","@graph":[{"@type":"Article","@id":"https:\/\/www.kariyer.net\/kariyer-rehberi\/girisimcilik-konferansi-10-11-aralikta-bogazici-universitesinde\/#article","isPartOf":{"@id":"https:\/\/www.kariyer.net\/kariyer-rehberi\/girisimcilik-konferansi-10-11-aralikta-bogazici-universitesinde\/"},"author":{"name":"Edit\u00f6r","@id":"https:\/\/www.kariyer.net\/kariyer-rehberi\/#\/schema\/person\/94fd6e49c7ff1b1b2565a2cc4fd685dd"},"headline":"Giri\u015fimcilik Konferans\u0131 10-11 Aral\u0131k&#039;ta Bo\u011fazi\u00e7i \u00dcniversitesi&#039;nde!","datePublished":"2012-12-03T15:07:53+00:00","dateModified":"2024-07-03T12:38:12+00:00","mainEntityOfPage":{"@id":"https:\/\/www.kariyer.net\/kariyer-rehberi\/girisimcilik-konferansi-10-11-aralikta-bogazici-universitesinde\/"},"wordCount":379,"commentCount":0,"publisher":{"@id":"https:\/\/www.kariyer.net\/kariyer-rehberi\/#organization"},"keywords":["Bo\u011fazi\u00e7i \u00dcniversitesi","bo\u011fazi\u00e7i \u00fcniversitesi i\u015fletme kul\u00fcb\u00fc","giri\u015fimcilik konferans\u0131","giri\u015fimcilik konferans\u0131 ba\u015fvuru"],"articleSection":["Kariyer Geli\u015fimi","\u00dcniversite Kul\u00fcplerinden Haberler"],"inLanguage":"tr","potentialAction":[{"@type":"CommentAction","name":"Comment","target":["https:\/\/www.kariyer.net\/kariyer-rehberi\/girisimcilik-konferansi-10-11-aralikta-bogazici-universitesinde\/#respond"]}]},{"@type":"WebPage","@id":"https:\/\/www.kariyer.net\/kariyer-rehberi\/girisimcilik-konferansi-10-11-aralikta-bogazici-universitesinde\/","url":"https:\/\/www.kariyer.net\/kariyer-rehberi\/girisimcilik-konferansi-10-11-aralikta-bogazici-universitesinde\/","name":"Giri\u015fimcilik Konferans\u0131 10-11 Aral\u0131k'ta Bo\u011fazi\u00e7i \u00dcniversitesi'nde! | Kariyer Rehberi","isPartOf":{"@id":"https:\/\/www.kariyer.net\/kariyer-rehberi\/#website"},"datePublished":"2012-12-03T15:07:53+00:00","dateModified":"2024-07-03T12:38:12+00:00","description":"Bo\u011fazi\u00e7i \u00dcniversitesi \u0130\u015fletme ve Ekonomi Kul\u00fcb\u00fc'n\u00fcn 2.sini d\u00fczenleyece\u011fi Giri\u015fimcilik Konferans\u0131, yine bir\u00e7ok giri\u015fimcinin ve bu alanda kendini kan\u0131tlam\u0131\u015f bir\u00e7ok ismin bir araya gelme noktas\u0131 olacak.","breadcrumb":{"@id":"https:\/\/www.kariyer.net\/kariyer-rehberi\/girisimcilik-konferansi-10-11-aralikta-bogazici-universitesinde\/#breadcrumb"},"inLanguage":"tr","potentialAction":[{"@type":"ReadAction","target":["https:\/\/www.kariyer.net\/kariyer-rehberi\/girisimcilik-konferansi-10-11-aralikta-bogazici-universitesinde\/"]}]},{"@type":"BreadcrumbList","@id":"https:\/\/www.kariyer.net\/kariyer-rehberi\/girisimcilik-konferansi-10-11-aralikta-bogazici-universitesinde\/#breadcrumb","itemListElement":[{"@type":"ListItem","position":1,"name":"Anasayfa","item":"https:\/\/www.kariyer.net\/kariyer-rehberi\/"},{"@type":"ListItem","position":2,"name":"Giri\u015fimcilik Konferans\u0131 10-11 Aral\u0131k&#039;ta Bo\u011fazi\u00e7i \u00dcniversitesi&#039;nde!"}]},{"@type":"WebSite","@id":"https:\/\/www.kariyer.net\/kariyer-rehberi\/#website","url":"https:\/\/www.kariyer.net\/kariyer-rehberi\/","name":"Kariyer Rehberi","description":"\u0130\u015f D\u00fcnyas\u0131yla \u0130lgili Bilmek \u0130stedi\u011finiz Her \u015eey","publisher":{"@id":"https:\/\/www.kariyer.net\/kariyer-rehberi\/#organization"},"potentialAction":[{"@type":"SearchAction","target":{"@type":"EntryPoint","urlTemplate":"https:\/\/www.kariyer.net\/kariyer-rehberi\/?s={search_term_string}"},"query-input":{"@type":"PropertyValueSpecification","valueRequired":true,"valueName":"search_term_string"}}],"inLanguage":"tr"},{"@type":"Organization","@id":"https:\/\/www.kariyer.net\/kariyer-rehberi\/#organization","name":"Kariyer.net","url":"https:\/\/www.kariyer.net\/kariyer-rehberi\/","logo":{"@type":"ImageObject","inLanguage":"tr","@id":"https:\/\/www.kariyer.net\/kariyer-rehberi\/#\/schema\/logo\/image\/","url":"https:\/\/www.kariyer.net\/kariyer-rehberi-new\/wp-content\/uploads\/2023\/01\/og-image11.jpg","contentUrl":"https:\/\/www.kariyer.net\/kariyer-rehberi-new\/wp-content\/uploads\/2023\/01\/og-image11.jpg","width":800,"height":800,"caption":"Kariyer.net"},"image":{"@id":"https:\/\/www.kariyer.net\/kariyer-rehberi\/#\/schema\/logo\/image\/"}},{"@type":"Person","@id":"https:\/\/www.kariyer.net\/kariyer-rehberi\/#\/schema\/person\/94fd6e49c7ff1b1b2565a2cc4fd685dd","name":"Edit\u00f6r","image":{"@type":"ImageObject","inLanguage":"tr","@id":"https:\/\/www.kariyer.net\/kariyer-rehberi\/#\/schema\/person\/image\/","url":"https:\/\/secure.gravatar.com\/avatar\/0c4fe6688343aed3693b15573beae12c08ace5565409d5ab7509bf9c115f458d?s=96&d=mm&r=g","contentUrl":"https:\/\/secure.gravatar.com\/avatar\/0c4fe6688343aed3693b15573beae12c08ace5565409d5ab7509bf9c115f458d?s=96&d=mm&r=g","caption":"Edit\u00f6r"},"url":"https:\/\/www.kariyer.net\/kariyer-rehberi\/author\/editor\/"}]}},"_links":{"self":[{"href":"https:\/\/www.kariyer.net\/kariyer-rehberi\/wp-json\/wp\/v2\/posts\/756","targetHints":{"allow":["GET"]}}],"collection":[{"href":"https:\/\/www.kariyer.net\/kariyer-rehberi\/wp-json\/wp\/v2\/posts"}],"about":[{"href":"https:\/\/www.kariyer.net\/kariyer-rehberi\/wp-json\/wp\/v2\/types\/post"}],"author":[{"embeddable":true,"href":"https:\/\/www.kariyer.net\/kariyer-rehberi\/wp-json\/wp\/v2\/users\/12"}],"replies":[{"embeddable":true,"href":"https:\/\/www.kariyer.net\/kariyer-rehberi\/wp-json\/wp\/v2\/comments?post=756"}],"version-history":[{"count":1,"href":"https:\/\/www.kariyer.net\/kariyer-rehberi\/wp-json\/wp\/v2\/posts\/756\/revisions"}],"predecessor-version":[{"id":19966,"href":"https:\/\/www.kariyer.net\/kariyer-rehberi\/wp-json\/wp\/v2\/posts\/756\/revisions\/19966"}],"wp:attachment":[{"href":"https:\/\/www.kariyer.net\/kariyer-rehberi\/wp-json\/wp\/v2\/media?parent=756"}],"wp:term":[{"taxonomy":"category","embeddable":true,"href":"https:\/\/www.kariyer.net\/kariyer-rehberi\/wp-json\/wp\/v2\/categories?post=756"},{"taxonomy":"post_tag","embeddable":true,"href":"https:\/\/www.kariyer.net\/kariyer-rehberi\/wp-json\/wp\/v2\/tags?post=756"}],"curies":[{"name":"wp","href":"https:\/\/api.w.org\/{rel}","templated":true}]}}