{"id":7570,"date":"2016-05-24T15:48:30","date_gmt":"2016-05-24T12:48:30","guid":{"rendered":"http:\/\/www.kariyer.net\/kariyer-rehberi\/?p=7570"},"modified":"2024-07-03T15:10:48","modified_gmt":"2024-07-03T12:10:48","slug":"sosyal-medya-alaninda-yapabileceginiz-10-farkli-is","status":"publish","type":"post","link":"https:\/\/www.kariyer.net\/kariyer-rehberi\/sosyal-medya-alaninda-yapabileceginiz-10-farkli-is\/","title":{"rendered":"Sosyal medya alan\u0131nda yapabilece\u011finiz 10 farkl\u0131 i\u015f"},"content":{"rendered":"<p><strong>H\u0131zla b\u00fcy\u00fcyen, d\u00f6n\u00fc\u015fen, her an \u00e7\u0131kan yeni uygulamalar ve kanallarla geli\u015fen sosyal medya bug\u00fcn en \u00e7ok tercih edilen i\u015f kollar\u0131n\u0131 da b\u00fcnyesinde bulunduruyor. S\u00fcrekli \u00f6\u011frenmenin esas oldu\u011fu sosyal medyada s\u00fcre\u00e7 \u00e7al\u0131\u015fanlar i\u00e7in hem keyifli hem de y\u00fcz\u00fc gelece\u011fe d\u00f6n\u00fck bir kariyeri\u00a0i\u015faret ediyor. Sizler i\u00e7in sosyal medyada yapabilece\u011finiz i\u015fleri ara\u015ft\u0131rd\u0131k.<\/strong><\/p>\n<p><img fetchpriority=\"high\" decoding=\"async\" class=\"alignnone size-full wp-image-7572\" src=\"http:\/\/www.kariyer.net\/kariyer-rehberi\/wp-content\/uploads\/2016\/05\/sosyal-medya-isler.jpg\" alt=\"sosyal-medya-isler\" width=\"600\" height=\"300\" srcset=\"https:\/\/www.kariyer.net\/kariyer-rehberi\/wp-content\/uploads\/2016\/05\/sosyal-medya-isler.jpg 600w, https:\/\/www.kariyer.net\/kariyer-rehberi\/wp-content\/uploads\/2016\/05\/sosyal-medya-isler-300x150.jpg 300w\" sizes=\"(max-width: 600px) 100vw, 600px\" \/><\/p>\n<p>\u00d6zellikle Y ku\u015fa\u011f\u0131 \u00e7al\u0131\u015fanlar\u0131n a\u011f\u0131rl\u0131kta oldu\u011fu sosyal medya, kullan\u0131c\u0131lar\u0131 a\u00e7\u0131s\u0131ndan oldu\u011fu kadar markalar a\u00e7\u0131s\u0131ndan da \u00f6nemi tart\u0131\u015f\u0131lamaz bir konuma geldi. Art\u0131k \u015firketler, markalar ve \u00fcr\u00fcnler i\u00e7in sosyal medya stratejisinin geli\u015ftirilmedi\u011fi bir i\u015f atmosferinden bahsetmek m\u00fcmk\u00fcn de\u011fil. Bu durum sosyal medya i\u00e7inde pek \u00e7ok farkl\u0131 i\u015f kolunun da t\u00fcremesine neden oldu. Sosyal medyada kariyer yapmak isteyenler i\u00e7in \u00e7ok fazla pozisyon ve i\u015f f\u0131rsat\u0131 var.<\/p>\n<p>\u0130\u015fte <strong><a href=\"http:\/\/www.kariyer.net\/kariyer-rehberi\/sosyal-medyada-calismak-icin-6-neden\/\" target=\"_blank\" rel=\"noopener\">sosyal medya alan\u0131nda \u00e7al\u0131\u015fmak isteyenler<\/a><\/strong> i\u00e7in 10 farkl\u0131 i\u015f:<\/p>\n<h2><strong>Sosyal medya uzman\u0131<\/strong><\/h2>\n<p><strong><a href=\"http:\/\/www.kariyer.net\/is-ilanlari\/sosyal+medya+uzmani\" target=\"_blank\" rel=\"noopener\">Sosyal medya uzman\u0131 <\/a><\/strong>bir konu, \u00fcr\u00fcn ya da kanal i\u00e7in sosyal medya platformlar\u0131n\u0131n y\u00f6netiminden sorumludur. \u015eirket y\u00f6neticilerine genel hedefler do\u011frultusunda raporlama yapar. Belirli ara\u00e7lar ve ara\u015ft\u0131rmalarla sosyal medyay\u0131 s\u00fcrekli olarak \u00f6l\u00e7\u00fcmlemek, i\u00e7erik ve kullan\u0131c\u0131 ile ilgili son trendleri takip etmek durumundad\u0131r. Bu ama\u00e7la ekibini de s\u00fcrekli olarak e\u011fitir.<\/p>\n<h2><strong>Sosyal medya strateji uzman\u0131<\/strong><\/h2>\n<p><strong><a href=\"http:\/\/www.kariyer.net\/is-ilanlari\/sosyal+medya+yoneticisi\" target=\"_blank\" rel=\"noopener\">Sosyal medya strateji uzman\u0131 <\/a><\/strong>\u015firketin ve departman\u0131n hedefleri do\u011frultusunda sosyal medya planlamas\u0131 yapar. Y\u0131l i\u00e7inde hangi i\u00e7eriklerin hangi sosyal medya platformunda yer almas\u0131n\u0131n marka i\u00e7in faydal\u0131 olaca\u011f\u0131n\u0131 ara\u015ft\u0131r\u0131r. Strateji planlar\u0131na g\u00f6re markan\u0131n sosyal medyada g\u00f6r\u00fcn\u00fcrl\u00fc\u011f\u00fcn\u00fc ve bunun firmaya prestij ve maddi getiri olarak d\u00f6n\u00fc\u015f\u00fcn\u00fc hedefler.<\/p>\n<p><img decoding=\"async\" class=\"alignnone wp-image-7573 size-full\" src=\"http:\/\/www.kariyer.net\/kariyer-rehberi\/wp-content\/uploads\/2016\/05\/sosyal-medya.jpg\" alt=\"sosyal-medya\" width=\"600\" height=\"300\" srcset=\"https:\/\/www.kariyer.net\/kariyer-rehberi\/wp-content\/uploads\/2016\/05\/sosyal-medya.jpg 600w, https:\/\/www.kariyer.net\/kariyer-rehberi\/wp-content\/uploads\/2016\/05\/sosyal-medya-300x150.jpg 300w\" sizes=\"(max-width: 600px) 100vw, 600px\" \/><\/p>\n<h2><strong>Sosyal medya etkinlik uzman\u0131<\/strong><\/h2>\n<p><strong><a href=\"http:\/\/www.kariyer.net\/is-ilanlari\/marka+etkinlik+yoneticisi\" target=\"_blank\" rel=\"noopener\">Sosyal medya etkinlik uzman\u0131<\/a><\/strong> markan\u0131n hedefleri do\u011frultusunda hem fiziki hem de online sosyal medya etkinlikleri d\u00fczenler. Etkinliklerin konseptine g\u00f6re \u00fcnl\u00fc isimlerden, uzmanlardan ya da uygulamalardan destek alabilir. Etkinliklerle marka g\u00f6r\u00fcn\u00fcrl\u00fc\u011f\u00fcne hizmet eder.<\/p>\n<h2><strong>Sosyal medya hukuk dan\u0131\u015fman\u0131<\/strong><\/h2>\n<p>Hukuk okuyanlar i\u00e7in yeni bir i\u015f alan\u0131 olan bu dan\u0131\u015fmanl\u0131k bi\u00e7imi daha \u00e7ok telif ve di\u011fer haklarla ilgilidir. Markan\u0131n hem kullan\u0131c\u0131 hem de i\u015fveren taraf\u0131nda sosyal medyadaki hukuksal s\u00fcre\u00e7lerini takip eder. Sosyal medya <strong><a href=\"http:\/\/www.kariyer.net\/is-ilanlari\/hukuk+danismani\" target=\"_blank\" rel=\"noopener\">hukuk dan\u0131\u015fman\u0131<\/a><\/strong>\u00a0gerekli durumlarda hukuki s\u00fcre\u00e7leri y\u00f6netir.<\/p>\n<h2><strong>Medya y\u00f6neticisi<\/strong><\/h2>\n<p>Medya y\u00f6neticisi sosyal medyan\u0131n video ve g\u00f6rsel k\u0131s\u0131mlar\u0131yla ilgilidir. Video ve yay\u0131nc\u0131l\u0131k platformlar\u0131n\u0131 y\u00f6netir.<\/p>\n<h2><strong>Blogger<\/strong><\/h2>\n<p>Ki\u015fisel bloglar\u0131n ard\u0131ndan art\u0131k bir i\u015f kolu olarak da ortaya \u00e7\u0131kan bloglar \u00f6nemli bir <strong><a href=\"http:\/\/www.kariyer.net\/kariyer-rehberi\/kariyeriniz-icin-sosyal-medyayi-nasil-kullanabilirsiniz\/\" target=\"_blank\" rel=\"noopener\">sosyal medya<\/a><\/strong> mecras\u0131 haline geldi. Bu i\u015f sahas\u0131nda bloggerlar s\u00f6z konusu markan\u0131n \u00fcr\u00fcn\u00fcne \u00f6zel i\u00e7erik \u00fcreterek markan\u0131n g\u00f6r\u00fcn\u00fcrl\u00fc\u011f\u00fcne katk\u0131da bulunur.<\/p>\n<p><img decoding=\"async\" class=\"alignnone size-full wp-image-7571\" src=\"http:\/\/www.kariyer.net\/kariyer-rehberi\/wp-content\/uploads\/2016\/05\/sosyal-medya-blog.jpg\" alt=\"sosyal-medya-blog\" width=\"600\" height=\"300\" srcset=\"https:\/\/www.kariyer.net\/kariyer-rehberi\/wp-content\/uploads\/2016\/05\/sosyal-medya-blog.jpg 600w, https:\/\/www.kariyer.net\/kariyer-rehberi\/wp-content\/uploads\/2016\/05\/sosyal-medya-blog-300x150.jpg 300w\" sizes=\"(max-width: 600px) 100vw, 600px\" \/><\/p>\n<h2><strong>Marka temsilcisi<\/strong><\/h2>\n<p>\u00dcr\u00fcn kategorisine g\u00f6re uzmanla\u015fan marka temsilcileri Facebook, Twitter, blog ya da forum gibi mecralarda markan\u0131n temsil edilme s\u00fcre\u00e7lerini y\u00f6netir. <strong><a href=\"http:\/\/www.kariyer.net\/is-ilanlari\/marka+temsilcisi\" target=\"_blank\" rel=\"noopener\">Marka temsilcisi<\/a><\/strong> sosyal medya uzmanlar\u0131yla pasla\u015farak \u00e7al\u0131\u015f\u0131r.<\/p>\n<h2><strong>Kitle y\u00f6neticisi<\/strong><\/h2>\n<p>Daha \u00e7ok yurt d\u0131\u015f\u0131nda ve b\u00fcy\u00fck firmalarda yer alan kitle y\u00f6neticileri, s\u00fcre\u00e7leri sosyal medya takip\u00e7ileri a\u00e7\u0131s\u0131ndan izler. M\u00fc\u015fterinin nabz\u0131 anket, ara\u015ft\u0131rma gibi \u00e7e\u015fitli ara\u00e7larla \u00f6l\u00e7\u00fcl\u00fcr, gerek duyulan geli\u015ftirmeler yap\u0131l\u0131r.<\/p>\n<h2><strong>\u0130\u00e7erik strateji uzman\u0131<\/strong><\/h2>\n<p>\u0130\u00e7erik stratejisinde hedef i\u00e7eri\u011fin \u00fcr\u00fcne uygun olmas\u0131 ve \u00fcr\u00fcne katk\u0131 sa\u011flamas\u0131d\u0131r. Bunun i\u00e7in <strong><a href=\"http:\/\/www.kariyer.net\/is-ilanlari\/icerik+uzmani\" target=\"_blank\" rel=\"noopener\">i\u00e7erik uzman\u0131<\/a><\/strong> pop\u00fcler trendleri takip eder, i\u00e7eri\u011fin nas\u0131l geli\u015ftirilebilece\u011fini ara\u015ft\u0131r\u0131r ve \u00fcr\u00fcn\u00fcn sat\u0131\u015f hacminin art\u0131r\u0131lmas\u0131 i\u00e7in i\u00e7erik pazarlamas\u0131 stratejileri geli\u015ftirir.<\/p>\n<h2><strong>\u0130\u00e7erik y\u00f6neticisi<\/strong><\/h2>\n<p><strong><a href=\"http:\/\/www.kariyer.net\/is-ilanlari\/icerik+yoneticisi\" target=\"_blank\" rel=\"noopener\">\u0130\u00e7erik y\u00f6neticisi<\/a><\/strong> \u00fcr\u00fcn, konu, kanal ve kitleye uygun i\u00e7eri\u011fi olu\u015fturan ki\u015fidir. Benzer konudaki yurt d\u0131\u015f\u0131 i\u00e7eriklerini, g\u00fcndemi s\u0131k\u0131 bir \u015fekilde takip eder ve t\u0131klanma oranlar\u0131n\u0131 \u00f6l\u00e7en ara\u00e7lar\u0131n yard\u0131m\u0131yla kitleye uygun en do\u011fru i\u00e7eri\u011fi geli\u015ftirmeye \u00e7al\u0131\u015f\u0131r. Bu ki\u015filer genelde edit\u00f6rler, bloggerlar veya gazeteci k\u00f6kenli ki\u015filer olabilir. \u0130\u00e7erik y\u00f6neticisi kitleye uygun etkili metinler \u00fcretmekle y\u00fck\u00fcml\u00fcd\u00fcr.<\/p>\n<!-- templates\/buttons-placeholder.php -->\n<div class=\"da-reactions-outer TpostID7570\">\n\t    <div class=\"da-reactions-data da-reactions-container-async center\"\n         data-type=\"post\"\n         data-id=\"7570\"\n         id=\"da-reactions-slot-post-7570\">\n        <div class=\"da-reactions-static\">\n\t\t\t<img src=\"https:\/\/www.kariyer.net\/kariyer-rehberi\/wp-content\/plugins\/da-reactions\/assets\/dist\/loading.svg\" alt=\"Loading spinner\" width=\"48\" height=\"48\" style=\"width:48px\" \/>\n        <\/div>\n    <\/div>\n<\/div>\n","protected":false},"excerpt":{"rendered":"<p>H\u0131zla b\u00fcy\u00fcyen, d\u00f6n\u00fc\u015fen, her an \u00e7\u0131kan yeni uygulamalar ve kanallarla geli\u015fen sosyal medya bug\u00fcn en \u00e7ok tercih edilen i\u015f kollar\u0131n\u0131 da b\u00fcnyesinde bulunduruyor. S\u00fcrekli \u00f6\u011frenmenin esas oldu\u011fu sosyal medyada s\u00fcre\u00e7 \u00e7al\u0131\u015fanlar i\u00e7in hem keyifli hem de y\u00fcz\u00fc gelece\u011fe d\u00f6n\u00fck bir kariyeri\u00a0i\u015faret ediyor. Sizler i\u00e7in sosyal medyada yapabilece\u011finiz i\u015fleri ara\u015ft\u0131rd\u0131k. \u00d6zellikle Y ku\u015fa\u011f\u0131 \u00e7al\u0131\u015fanlar\u0131n a\u011f\u0131rl\u0131kta oldu\u011fu [&hellip;]<\/p>\n<!-- templates\/buttons-placeholder.php -->\n<div class=\"da-reactions-outer TpostID7570\">\n\t    <div class=\"da-reactions-data da-reactions-container-async center\"\n         data-type=\"post\"\n         data-id=\"7570\"\n         id=\"da-reactions-slot-post-7570\">\n        <div class=\"da-reactions-static\">\n\t\t\t<img src=\"https:\/\/www.kariyer.net\/kariyer-rehberi\/wp-content\/plugins\/da-reactions\/assets\/dist\/loading.svg\" alt=\"Loading spinner\" width=\"48\" height=\"48\" style=\"width:48px\" \/>\n        <\/div>\n    <\/div>\n<\/div>\n","protected":false},"author":18,"featured_media":7572,"comment_status":"open","ping_status":"open","sticky":false,"template":"","format":"standard","meta":{"footnotes":"","_elementor_edit_mode":"","_elementor_template_type":"","_elementor_data":"","_elementor_page_settings":null,"_elementor_conditions":[]},"categories":[46,2211],"tags":[],"class_list":{"0":"post-7570","1":"post","2":"type-post","3":"status-publish","4":"format-standard","5":"has-post-thumbnail","7":"category-is-hayati","8":"category-kariyer-gelisimi"},"yoast_head":"<!-- This site is optimized with the Yoast SEO Premium plugin v21.4 (Yoast SEO v27.0) - https:\/\/yoast.com\/product\/yoast-seo-premium-wordpress\/ -->\n<title>Sosyal medya alan\u0131nda yapabilece\u011finiz 10 farkl\u0131 i\u015f<\/title>\n<meta name=\"description\" content=\"Sosyal medya alan\u0131nda yapabilece\u011finiz 10 farkl\u0131 i\u015fi biliyor musunuz? Sizler i\u00e7in bu alanda yapabilece\u011finiz i\u015fleri ara\u015ft\u0131rd\u0131k. Ke\u015ffedin!\" \/>\n<meta name=\"robots\" content=\"index, follow, max-snippet:-1, max-image-preview:large, max-video-preview:-1\" \/>\n<link rel=\"canonical\" href=\"https:\/\/www.kariyer.net\/kariyer-rehberi\/sosyal-medya-alaninda-yapabileceginiz-10-farkli-is\/\" \/>\n<meta property=\"og:locale\" content=\"tr_TR\" \/>\n<meta property=\"og:type\" content=\"article\" \/>\n<meta property=\"og:title\" content=\"Sosyal medya alan\u0131nda yapabilece\u011finiz 10 farkl\u0131 i\u015f\" \/>\n<meta property=\"og:description\" content=\"H\u0131zla b\u00fcy\u00fcyen, d\u00f6n\u00fc\u015fen, her an \u00e7\u0131kan yeni uygulamalar ve kanallarla geli\u015fen sosyal medya bug\u00fcn en \u00e7ok tercih edilen i\u015f kollar\u0131n\u0131 da b\u00fcnyesinde\" \/>\n<meta property=\"og:url\" content=\"https:\/\/www.kariyer.net\/kariyer-rehberi\/sosyal-medya-alaninda-yapabileceginiz-10-farkli-is\/\" \/>\n<meta property=\"og:site_name\" content=\"Kariyer Rehberi\" \/>\n<meta property=\"article:published_time\" content=\"2016-05-24T12:48:30+00:00\" \/>\n<meta property=\"article:modified_time\" content=\"2024-07-03T12:10:48+00:00\" \/>\n<meta property=\"og:image\" content=\"https:\/\/www.kariyer.net\/kariyer-rehberi\/wp-content\/uploads\/2016\/05\/sosyal-medya-isler.jpg\" \/>\n\t<meta property=\"og:image:width\" content=\"600\" \/>\n\t<meta property=\"og:image:height\" content=\"300\" \/>\n\t<meta property=\"og:image:type\" content=\"image\/jpeg\" \/>\n<meta name=\"author\" content=\"\u00c7i\u011fdem \u00c7al\u0131k\" \/>\n<meta name=\"twitter:card\" content=\"summary_large_image\" \/>\n<meta name=\"twitter:label1\" content=\"Yazan:\" \/>\n\t<meta name=\"twitter:data1\" content=\"\u00c7i\u011fdem \u00c7al\u0131k\" \/>\n\t<meta name=\"twitter:label2\" content=\"Tahmini okuma s\u00fcresi\" \/>\n\t<meta name=\"twitter:data2\" content=\"4 dakika\" \/>\n<!-- \/ Yoast SEO Premium plugin. -->","yoast_head_json":{"title":"Sosyal medya alan\u0131nda yapabilece\u011finiz 10 farkl\u0131 i\u015f","description":"Sosyal medya alan\u0131nda yapabilece\u011finiz 10 farkl\u0131 i\u015fi biliyor musunuz? Sizler i\u00e7in bu alanda yapabilece\u011finiz i\u015fleri ara\u015ft\u0131rd\u0131k. Ke\u015ffedin!","robots":{"index":"index","follow":"follow","max-snippet":"max-snippet:-1","max-image-preview":"max-image-preview:large","max-video-preview":"max-video-preview:-1"},"canonical":"https:\/\/www.kariyer.net\/kariyer-rehberi\/sosyal-medya-alaninda-yapabileceginiz-10-farkli-is\/","og_locale":"tr_TR","og_type":"article","og_title":"Sosyal medya alan\u0131nda yapabilece\u011finiz 10 farkl\u0131 i\u015f","og_description":"H\u0131zla b\u00fcy\u00fcyen, d\u00f6n\u00fc\u015fen, her an \u00e7\u0131kan yeni uygulamalar ve kanallarla geli\u015fen sosyal medya bug\u00fcn en \u00e7ok tercih edilen i\u015f kollar\u0131n\u0131 da b\u00fcnyesinde","og_url":"https:\/\/www.kariyer.net\/kariyer-rehberi\/sosyal-medya-alaninda-yapabileceginiz-10-farkli-is\/","og_site_name":"Kariyer Rehberi","article_published_time":"2016-05-24T12:48:30+00:00","article_modified_time":"2024-07-03T12:10:48+00:00","og_image":[{"width":600,"height":300,"url":"https:\/\/www.kariyer.net\/kariyer-rehberi\/wp-content\/uploads\/2016\/05\/sosyal-medya-isler.jpg","type":"image\/jpeg"}],"author":"\u00c7i\u011fdem \u00c7al\u0131k","twitter_card":"summary_large_image","twitter_misc":{"Yazan:":"\u00c7i\u011fdem \u00c7al\u0131k","Tahmini okuma s\u00fcresi":"4 dakika"},"schema":{"@context":"https:\/\/schema.org","@graph":[{"@type":"Article","@id":"https:\/\/www.kariyer.net\/kariyer-rehberi\/sosyal-medya-alaninda-yapabileceginiz-10-farkli-is\/#article","isPartOf":{"@id":"https:\/\/www.kariyer.net\/kariyer-rehberi\/sosyal-medya-alaninda-yapabileceginiz-10-farkli-is\/"},"author":{"name":"\u00c7i\u011fdem \u00c7al\u0131k","@id":"https:\/\/www.kariyer.net\/kariyer-rehberi\/#\/schema\/person\/ef9a2dc2672d3e7352225313b455b447"},"headline":"Sosyal medya alan\u0131nda yapabilece\u011finiz 10 farkl\u0131 i\u015f","datePublished":"2016-05-24T12:48:30+00:00","dateModified":"2024-07-03T12:10:48+00:00","mainEntityOfPage":{"@id":"https:\/\/www.kariyer.net\/kariyer-rehberi\/sosyal-medya-alaninda-yapabileceginiz-10-farkli-is\/"},"wordCount":742,"commentCount":0,"publisher":{"@id":"https:\/\/www.kariyer.net\/kariyer-rehberi\/#organization"},"image":{"@id":"https:\/\/www.kariyer.net\/kariyer-rehberi\/sosyal-medya-alaninda-yapabileceginiz-10-farkli-is\/#primaryimage"},"thumbnailUrl":"https:\/\/www.kariyer.net\/kariyer-rehberi\/wp-content\/uploads\/2016\/05\/sosyal-medya-isler.jpg","articleSection":["\u0130\u015f Hayat\u0131","Kariyer Geli\u015fimi"],"inLanguage":"tr","potentialAction":[{"@type":"CommentAction","name":"Comment","target":["https:\/\/www.kariyer.net\/kariyer-rehberi\/sosyal-medya-alaninda-yapabileceginiz-10-farkli-is\/#respond"]}]},{"@type":"WebPage","@id":"https:\/\/www.kariyer.net\/kariyer-rehberi\/sosyal-medya-alaninda-yapabileceginiz-10-farkli-is\/","url":"https:\/\/www.kariyer.net\/kariyer-rehberi\/sosyal-medya-alaninda-yapabileceginiz-10-farkli-is\/","name":"Sosyal medya alan\u0131nda yapabilece\u011finiz 10 farkl\u0131 i\u015f","isPartOf":{"@id":"https:\/\/www.kariyer.net\/kariyer-rehberi\/#website"},"primaryImageOfPage":{"@id":"https:\/\/www.kariyer.net\/kariyer-rehberi\/sosyal-medya-alaninda-yapabileceginiz-10-farkli-is\/#primaryimage"},"image":{"@id":"https:\/\/www.kariyer.net\/kariyer-rehberi\/sosyal-medya-alaninda-yapabileceginiz-10-farkli-is\/#primaryimage"},"thumbnailUrl":"https:\/\/www.kariyer.net\/kariyer-rehberi\/wp-content\/uploads\/2016\/05\/sosyal-medya-isler.jpg","datePublished":"2016-05-24T12:48:30+00:00","dateModified":"2024-07-03T12:10:48+00:00","description":"Sosyal medya alan\u0131nda yapabilece\u011finiz 10 farkl\u0131 i\u015fi biliyor musunuz? Sizler i\u00e7in bu alanda yapabilece\u011finiz i\u015fleri ara\u015ft\u0131rd\u0131k. Ke\u015ffedin!","breadcrumb":{"@id":"https:\/\/www.kariyer.net\/kariyer-rehberi\/sosyal-medya-alaninda-yapabileceginiz-10-farkli-is\/#breadcrumb"},"inLanguage":"tr","potentialAction":[{"@type":"ReadAction","target":["https:\/\/www.kariyer.net\/kariyer-rehberi\/sosyal-medya-alaninda-yapabileceginiz-10-farkli-is\/"]}]},{"@type":"ImageObject","inLanguage":"tr","@id":"https:\/\/www.kariyer.net\/kariyer-rehberi\/sosyal-medya-alaninda-yapabileceginiz-10-farkli-is\/#primaryimage","url":"https:\/\/www.kariyer.net\/kariyer-rehberi\/wp-content\/uploads\/2016\/05\/sosyal-medya-isler.jpg","contentUrl":"https:\/\/www.kariyer.net\/kariyer-rehberi\/wp-content\/uploads\/2016\/05\/sosyal-medya-isler.jpg","width":600,"height":300,"caption":"Sosyal medya alan\u0131nda yapabilece\u011finiz 10 farkl\u0131 i\u015f"},{"@type":"BreadcrumbList","@id":"https:\/\/www.kariyer.net\/kariyer-rehberi\/sosyal-medya-alaninda-yapabileceginiz-10-farkli-is\/#breadcrumb","itemListElement":[{"@type":"ListItem","position":1,"name":"Anasayfa","item":"https:\/\/www.kariyer.net\/kariyer-rehberi\/"},{"@type":"ListItem","position":2,"name":"Sosyal medya alan\u0131nda yapabilece\u011finiz 10 farkl\u0131 i\u015f"}]},{"@type":"WebSite","@id":"https:\/\/www.kariyer.net\/kariyer-rehberi\/#website","url":"https:\/\/www.kariyer.net\/kariyer-rehberi\/","name":"Kariyer Rehberi","description":"\u0130\u015f D\u00fcnyas\u0131yla \u0130lgili Bilmek \u0130stedi\u011finiz Her \u015eey","publisher":{"@id":"https:\/\/www.kariyer.net\/kariyer-rehberi\/#organization"},"potentialAction":[{"@type":"SearchAction","target":{"@type":"EntryPoint","urlTemplate":"https:\/\/www.kariyer.net\/kariyer-rehberi\/?s={search_term_string}"},"query-input":{"@type":"PropertyValueSpecification","valueRequired":true,"valueName":"search_term_string"}}],"inLanguage":"tr"},{"@type":"Organization","@id":"https:\/\/www.kariyer.net\/kariyer-rehberi\/#organization","name":"Kariyer.net","url":"https:\/\/www.kariyer.net\/kariyer-rehberi\/","logo":{"@type":"ImageObject","inLanguage":"tr","@id":"https:\/\/www.kariyer.net\/kariyer-rehberi\/#\/schema\/logo\/image\/","url":"https:\/\/www.kariyer.net\/kariyer-rehberi-new\/wp-content\/uploads\/2023\/01\/og-image11.jpg","contentUrl":"https:\/\/www.kariyer.net\/kariyer-rehberi-new\/wp-content\/uploads\/2023\/01\/og-image11.jpg","width":800,"height":800,"caption":"Kariyer.net"},"image":{"@id":"https:\/\/www.kariyer.net\/kariyer-rehberi\/#\/schema\/logo\/image\/"}},{"@type":"Person","@id":"https:\/\/www.kariyer.net\/kariyer-rehberi\/#\/schema\/person\/ef9a2dc2672d3e7352225313b455b447","name":"\u00c7i\u011fdem \u00c7al\u0131k","image":{"@type":"ImageObject","inLanguage":"tr","@id":"https:\/\/www.kariyer.net\/kariyer-rehberi\/#\/schema\/person\/image\/","url":"https:\/\/secure.gravatar.com\/avatar\/f270bbc5e4e6373aef80de8e9e55d27516cac7be363ef3b53ec26b94063ede66?s=96&d=mm&r=g","contentUrl":"https:\/\/secure.gravatar.com\/avatar\/f270bbc5e4e6373aef80de8e9e55d27516cac7be363ef3b53ec26b94063ede66?s=96&d=mm&r=g","caption":"\u00c7i\u011fdem \u00c7al\u0131k"},"description":"Ege \u00dcniversitesi\u2019nin ard\u0131ndan Galatasaray \u00dcniversitesi Radyo, Sinema, TV b\u00f6l\u00fcm\u00fcnden mezun oldu. Meslek hayat\u0131na reklam yazarl\u0131\u011f\u0131yla ba\u015flad\u0131. D\u00f6rt y\u0131ll\u0131k reklam d\u00fcnyas\u0131 deneyiminden sonra \u00e7e\u015fitli web sitelerinde k\u0131demli edit\u00f6r olarak \u00e7al\u0131\u015ft\u0131. 2015 y\u0131l\u0131nda Kariyer.net\u2019e i\u00e7erik y\u00f6neticisi olarak kat\u0131ld\u0131. \u0130K Blog, Kariyer Rehberi ve Kariyer Dergi i\u00e7in i\u00e7erik \u00fcretiyor.","sameAs":["http:\/\/www.kariyer.net\/kariyer-rehberi\/?p=6323"],"url":"https:\/\/www.kariyer.net\/kariyer-rehberi\/author\/cigdemcalik\/"}]}},"_links":{"self":[{"href":"https:\/\/www.kariyer.net\/kariyer-rehberi\/wp-json\/wp\/v2\/posts\/7570","targetHints":{"allow":["GET"]}}],"collection":[{"href":"https:\/\/www.kariyer.net\/kariyer-rehberi\/wp-json\/wp\/v2\/posts"}],"about":[{"href":"https:\/\/www.kariyer.net\/kariyer-rehberi\/wp-json\/wp\/v2\/types\/post"}],"author":[{"embeddable":true,"href":"https:\/\/www.kariyer.net\/kariyer-rehberi\/wp-json\/wp\/v2\/users\/18"}],"replies":[{"embeddable":true,"href":"https:\/\/www.kariyer.net\/kariyer-rehberi\/wp-json\/wp\/v2\/comments?post=7570"}],"version-history":[{"count":1,"href":"https:\/\/www.kariyer.net\/kariyer-rehberi\/wp-json\/wp\/v2\/posts\/7570\/revisions"}],"predecessor-version":[{"id":19347,"href":"https:\/\/www.kariyer.net\/kariyer-rehberi\/wp-json\/wp\/v2\/posts\/7570\/revisions\/19347"}],"wp:featuredmedia":[{"embeddable":true,"href":"https:\/\/www.kariyer.net\/kariyer-rehberi\/wp-json\/wp\/v2\/media\/7572"}],"wp:attachment":[{"href":"https:\/\/www.kariyer.net\/kariyer-rehberi\/wp-json\/wp\/v2\/media?parent=7570"}],"wp:term":[{"taxonomy":"category","embeddable":true,"href":"https:\/\/www.kariyer.net\/kariyer-rehberi\/wp-json\/wp\/v2\/categories?post=7570"},{"taxonomy":"post_tag","embeddable":true,"href":"https:\/\/www.kariyer.net\/kariyer-rehberi\/wp-json\/wp\/v2\/tags?post=7570"}],"curies":[{"name":"wp","href":"https:\/\/api.w.org\/{rel}","templated":true}]}}