{"id":7576,"date":"2016-05-27T10:00:08","date_gmt":"2016-05-27T07:00:08","guid":{"rendered":"http:\/\/www.kariyer.net\/kariyer-rehberi\/?p=7576"},"modified":"2017-08-24T11:20:20","modified_gmt":"2017-08-24T08:20:20","slug":"ik-uzmani-hikayenizi-anlatmanizi-isterse","status":"publish","type":"post","link":"https:\/\/www.kariyer.net\/kariyer-rehberi\/ik-uzmani-hikayenizi-anlatmanizi-isterse\/","title":{"rendered":"\u0130K uzman\u0131 hikayenizi anlatman\u0131z\u0131 isterse&#8230;"},"content":{"rendered":"<p><strong>\u0130\u015f g\u00f6r\u00fc\u015fmesindesiniz ve sorulan sorular kar\u015f\u0131s\u0131nda kendinizi bir anda karakterinize, i\u015f yap\u0131\u015f bi\u00e7iminize ve sosyal becerilerinize odaklanan hayat hikayenizi anlat\u0131rken buluyorsunuz. \u0130\u015fte bunun nedeni size uygulanan yetkinlik bazl\u0131 m\u00fclakat tekni\u011fi. Peki, yetkinlik bazl\u0131 m\u00fclakat nedir? Adaylar nelere dikkat etmeli? G\u00f6r\u00fc\u015fmenin\u00a0iyi ge\u00e7mesine yard\u0131mc\u0131 nas\u0131l p\u00fcf noktalar\u0131 var?<\/strong><\/p>\n<p><strong><a href=\"http:\/\/www.kariyer.net\/is-ilanlari\/insan+kaynaklari+sorumlusu\" target=\"_blank\">\u0130nsan Kaynaklar\u0131 uzmanlar\u0131<\/a><\/strong> taraf\u0131ndan s\u0131k tercih edilen ve bilimsel verilere dayanan bir m\u00fclakat tekni\u011fi olan yetkinlik bazl\u0131 m\u00fclakatta \u0130K\u00a0uzman\u0131 aday\u0131n ge\u00e7mi\u015fine bakarak gelece\u011fe dair \u00f6ng\u00f6r\u00fcde bulunur. Adaya sorulan spesifik sorularla s\u00f6z konusu pozisyona uygun olup olmad\u0131\u011f\u0131, problem \u00e7\u00f6zme becerileri ve insan ili\u015fkileri noktas\u0131nda nas\u0131l bir davran\u0131\u015fsal yap\u0131ya sahip oldu\u011fu tespit edilmeye \u00e7al\u0131\u015f\u0131l\u0131r. Aday\u0131n bu sorulara haz\u0131rl\u0131kl\u0131 olmas\u0131 \u00f6nemli&#8230; Ger\u00e7eklerden bahsetmesi, etkileyici olmas\u0131, zor sorulara rahat bir \u015fekilde cevap verebilmesi ve anlataca\u011f\u0131 hikaye ile istedi\u011fi pozisyon aras\u0131nda ili\u015fki kurabilmesi ba\u015far\u0131\u015f\u0131 getiren fakt\u00f6rler aras\u0131nda yer al\u0131yor.<\/p>\n<p>\u0130\u015fte adaylar\u0131n yetkinlik bazl\u0131 m\u00fclakatta <strong><a href=\"http:\/\/www.kariyer.net\/kariyer-rehberi\/mulakatinizin-iyi-gecmesine-yardimci-anahtar-cumleler\/\" target=\"_blank\">dikkat etmesi gerekenler<\/a><\/strong>:<\/p>\n<h2><strong>Haz\u0131rl\u0131k<\/strong><\/h2>\n<p>Yetkinlik bazl\u0131 m\u00fclakatta ba\u015far\u0131l\u0131 olmak i\u00e7in ilk hedef haz\u0131rl\u0131kl\u0131 olmak olmal\u0131. Bu ama\u00e7la internette <strong><a href=\"http:\/\/www.kariyer.net\/ik-blog\/ise-alimda-yeni-trend-pozisyon-odakli-mulakat\/\" target=\"_blank\">m\u00fclakat teknikleri<\/a><\/strong> ile ilgili olarak ufak bir ara\u015ft\u0131rma yapmak i\u015fe yarayabilir. M\u00fclakat\u0131n amac\u0131, \u0130nsan Kaynaklar\u0131 uzman\u0131n\u0131n dikkat edece\u011fi detaylar ve ifade bi\u00e7imi ile ilgili \u00e7al\u0131\u015fmak ve buna uygun davranmak aday\u0131n dikkat \u00e7ekmesini sa\u011flar.<\/p>\n<h2><strong>\u0130stekli olmak<\/strong><\/h2>\n<p>Yetkinlik bazl\u0131 m\u00fclakata gergin ba\u015flamak sorulan detayl\u0131 sorularda bocalamaya ve verilmek istenenin aksine bir izlenim yaratmaya neden olabilir. Bu nedenle rahat ve istekli olmak da \u00f6nemli. Bu noktada da haz\u0131rl\u0131kl\u0131 olman\u0131n \u00f6nemi ortaya \u00e7\u0131k\u0131yor. \u0130stekli g\u00f6r\u00fcnmek ve rahat hissetmek aday\u0131n fark\u0131n\u0131 ortaya koyar.<\/p>\n<h2><strong>H\u0131zl\u0131 ve ikna edici olmak<\/strong><\/h2>\n<p><strong><a href=\"http:\/\/www.kariyer.net\/kariyer-rehberi\/mulakat-sorulari-1-sizi-neden-ise-alalim\/\" target=\"_blank\">M\u00fclakatlar\u0131n<\/a><\/strong> k\u0131sa s\u00fcrd\u00fc\u011f\u00fcn\u00fc d\u00fc\u015f\u00fcn\u00fcrsek aday\u0131n sorulan soru kar\u015f\u0131s\u0131nda ortalama iki dakika cevap verme s\u00fcresi oldu\u011funu bilmesi \u00f6nemli. Bu s\u00fcre i\u00e7inde aday net, ikna edici ve a\u00e7\u0131k olmal\u0131. Hikayenin detaylar\u0131na dalmak ve gereksiz noktalar\u0131 uzatmak m\u00fclakat\u0131 sabote edebilir.<\/p>\n<p><img fetchpriority=\"high\" decoding=\"async\" class=\"alignnone size-full wp-image-7578\" src=\"http:\/\/www.kariyer.net\/kariyer-rehberi\/wp-content\/uploads\/2016\/05\/yetkinlik-bazli-mulakat.jpg\" alt=\"yetkinlik-bazli-mulakat\" width=\"600\" height=\"300\" srcset=\"https:\/\/www.kariyer.net\/kariyer-rehberi\/wp-content\/uploads\/2016\/05\/yetkinlik-bazli-mulakat.jpg 600w, https:\/\/www.kariyer.net\/kariyer-rehberi\/wp-content\/uploads\/2016\/05\/yetkinlik-bazli-mulakat-300x150.jpg 300w\" sizes=\"(max-width: 600px) 100vw, 600px\" \/><\/p>\n<h2><strong>Yanl\u0131\u015flar\u0131 sahiplenmek<\/strong><\/h2>\n<p>M\u00fckemmel bir tablo \u00e7izen, hi\u00e7 hata yapmam\u0131\u015f oldu\u011funu s\u00f6yleyen bir aday hi\u00e7 ger\u00e7ek\u00e7i bulunmayaca\u011f\u0131 gibi kriz y\u00f6netimi sorular\u0131nda da aday\u0131n hata yapma\u00a0ihtimali y\u00fcksektir. Herkes yapt\u0131\u011f\u0131 hatalar sayesinde \u00f6\u011frenir. Bu nedenle m\u00fclakatta mutlaka hatalar\u0131 sahiplenmek ve onlardan ne t\u00fcr dersler \u00e7\u0131kar\u0131ld\u0131\u011f\u0131n\u0131 ifade etmek gerekir. Bu fark\u0131ndal\u0131\u011f\u0131 g\u00f6sterebilmek bir ad\u0131m \u00f6ne \u00e7\u0131kmada etkili olacakt\u0131r.<\/p>\n<h2><strong>T\u00fcm becerileri g\u00f6stermek<\/strong><\/h2>\n<p>Aday\u0131n m\u00fclakat esnas\u0131nda t\u00fcm becerilerini g\u00f6sterebilmesi kendisini iyi ifade edebilmesiyle ili\u015fkilidir. \u0130nsan Kaynaklar\u0131 uzman\u0131n\u0131n sordu\u011fu <strong><a href=\"http:\/\/www.kariyer.net\/kariyer-rehberi\/tuhaf-is-gorusmesi-sorularini-nasil-yanitlarsiniz\/\" target=\"_blank\">sorular<\/a> <\/strong>do\u011frultusunda kendi hikayesini anlatan aday bu hikayenin istenenden daha fazla beceri i\u00e7ermesini sa\u011flayabilir. Problem \u00e7\u00f6zme becerisi test edilen aday ilgili soruyu cevaplarken ayn\u0131 zamanda empati kurabilen, uyumlu, dikkatli, \u00e7al\u0131\u015fkan ve yenili\u011fe a\u00e7\u0131k bir \u00e7al\u0131\u015fan oldu\u011funu g\u00f6sterebilirse di\u011fer adaylar\u0131n aras\u0131ndan \u00f6ne \u00e7\u0131kacakt\u0131r.<\/p>\n<h2><strong>Yetkinlik bazl\u0131 m\u00fclakat sorusu \u00f6rnekleri:<\/strong><\/h2>\n<p>&#8211; \u0130\u015f hayat\u0131n\u0131zda ekip arkada\u015flar\u0131n\u0131zdan biriyle anla\u015famad\u0131\u011f\u0131n\u0131z bir durumu anlat\u0131r m\u0131s\u0131n\u0131z? \u00c7\u00f6z\u00fcm i\u00e7in neler yapt\u0131n\u0131z?<\/p>\n<p>&#8211; \u00d6nemli bir projenizi nas\u0131l planlad\u0131\u011f\u0131n\u0131z\u0131 ve y\u00fcr\u00fctt\u00fc\u011f\u00fcn\u00fcz\u00fc anlat\u0131r m\u0131s\u0131n\u0131z? Zaman y\u00f6netiminiz nas\u0131ld\u0131? Ne gibi aksakl\u0131klar ya\u015fad\u0131n\u0131z?<\/p>\n<p>&#8211; Birbiriyle zaman bak\u0131m\u0131ndan \u00e7ak\u0131\u015fan bir\u00e7ok i\u015fi bir arada yapmak zorunda kald\u0131\u011f\u0131n\u0131z bir durumu anlat\u0131r m\u0131s\u0131n\u0131z?<\/p>\n<p>&#8211; Ki\u015filerin dikkatini \u00e7ekip bak\u0131\u015f a\u00e7\u0131lar\u0131n\u0131 de\u011fi\u015ftirebildi\u011finiz derecede etki yaratabildi\u011finiz bir deneyiminizi anlat\u0131r m\u0131s\u0131n\u0131z? Sonu\u00e7 ne oldu?<\/p>\n<p><img decoding=\"async\" class=\"alignnone size-full wp-image-7579\" src=\"http:\/\/www.kariyer.net\/kariyer-rehberi\/wp-content\/uploads\/2016\/05\/is-gorusmesi-mulakat.jpg\" alt=\"is-gorusmesi-mulakat\" width=\"600\" height=\"300\" srcset=\"https:\/\/www.kariyer.net\/kariyer-rehberi\/wp-content\/uploads\/2016\/05\/is-gorusmesi-mulakat.jpg 600w, https:\/\/www.kariyer.net\/kariyer-rehberi\/wp-content\/uploads\/2016\/05\/is-gorusmesi-mulakat-300x150.jpg 300w\" sizes=\"(max-width: 600px) 100vw, 600px\" \/><\/p>\n<p>&#8211; M\u00fc\u015fterinin beklentilerinin \u00fcst\u00fcne \u00e7\u0131kt\u0131\u011f\u0131n\u0131z bir durumu anlat\u0131r m\u0131s\u0131n\u0131z? Neler yapt\u0131n\u0131z? M\u00fc\u015fterinin tepkisi ne oldu?<\/p>\n<p>&#8211; Uzla\u015fmac\u0131 ve sab\u0131rl\u0131 bir davran\u0131\u015f sergiledi\u011finiz bir deneyiminizi anlat\u0131r m\u0131s\u0131n\u0131z? Nerelerde zorland\u0131n\u0131z?<\/p>\n<p>&#8211; Bug\u00fcne kadar i\u015f hayat\u0131n\u0131zda ya\u015fam\u0131\u015f oldu\u011funuz en \u00f6nemli problem neydi? Nas\u0131l \u00e7\u00f6zd\u00fcn\u00fcz?<\/p>\n<p>&#8211; Zor bir durumdan kurtulmak ya da bir sorunla kar\u015f\u0131la\u015fmamak i\u00e7in \u00f6nemli bir karar\u0131 h\u0131zl\u0131 almak zorunda kald\u0131\u011f\u0131n\u0131z bir olay\u0131 anlat\u0131r m\u0131s\u0131n\u0131z?<\/p>\n<p>&#8211; Yapt\u0131\u011f\u0131n\u0131z i\u015fe yenilik getirdi\u011finiz bir olay\u0131 anlat\u0131r m\u0131s\u0131n\u0131z?<\/p>\n<p>&#8211; Bask\u0131 ve stres alt\u0131nda \u00e7al\u0131\u015fmak zorunda kald\u0131\u011f\u0131n\u0131z bir zaman\u0131 anlat\u0131r m\u0131s\u0131n\u0131z? Bu durumla nas\u0131l ba\u015fa \u00e7\u0131kt\u0131n\u0131z?<\/p>\n<p>&#8211; Hedefinize s\u0131k\u0131 s\u0131k\u0131ya odaklanarak ba\u015far\u0131ya ula\u015ft\u0131\u011f\u0131n\u0131z bir deneyiminizi anlat\u0131r m\u0131s\u0131n\u0131z? Hedefinize ula\u015fabilmek i\u00e7in neler yapt\u0131n\u0131z?<\/p>\n<!-- templates\/buttons-placeholder.php -->\n<div class=\"da-reactions-outer TpostID7576\">\n\t    <div class=\"da-reactions-data da-reactions-container-async center\"\n         data-type=\"post\"\n         data-id=\"7576\"\n         id=\"da-reactions-slot-post-7576\">\n        <div class=\"da-reactions-static\">\n\t\t\t<img src=\"https:\/\/www.kariyer.net\/kariyer-rehberi\/wp-content\/plugins\/da-reactions\/assets\/dist\/loading.svg\" alt=\"Loading spinner\" width=\"48\" height=\"48\" style=\"width:48px\" \/>\n        <\/div>\n    <\/div>\n<\/div>\n","protected":false},"excerpt":{"rendered":"<p>\u0130\u015f g\u00f6r\u00fc\u015fmesindesiniz ve sorulan sorular kar\u015f\u0131s\u0131nda kendinizi bir anda karakterinize, i\u015f yap\u0131\u015f bi\u00e7iminize ve sosyal becerilerinize odaklanan hayat hikayenizi anlat\u0131rken buluyorsunuz. \u0130\u015fte bunun nedeni size uygulanan yetkinlik bazl\u0131 m\u00fclakat tekni\u011fi. Peki, yetkinlik bazl\u0131 m\u00fclakat nedir? Adaylar nelere dikkat etmeli? G\u00f6r\u00fc\u015fmenin\u00a0iyi ge\u00e7mesine yard\u0131mc\u0131 nas\u0131l p\u00fcf noktalar\u0131 var? \u0130nsan Kaynaklar\u0131 uzmanlar\u0131 taraf\u0131ndan s\u0131k tercih edilen ve bilimsel [&hellip;]<\/p>\n<!-- templates\/buttons-placeholder.php -->\n<div class=\"da-reactions-outer TpostID7576\">\n\t    <div class=\"da-reactions-data da-reactions-container-async center\"\n         data-type=\"post\"\n         data-id=\"7576\"\n         id=\"da-reactions-slot-post-7576\">\n        <div class=\"da-reactions-static\">\n\t\t\t<img src=\"https:\/\/www.kariyer.net\/kariyer-rehberi\/wp-content\/plugins\/da-reactions\/assets\/dist\/loading.svg\" alt=\"Loading spinner\" width=\"48\" height=\"48\" style=\"width:48px\" \/>\n        <\/div>\n    <\/div>\n<\/div>\n","protected":false},"author":18,"featured_media":10650,"comment_status":"open","ping_status":"open","sticky":false,"template":"","format":"standard","meta":{"footnotes":"","_elementor_edit_mode":"","_elementor_template_type":"","_elementor_data":"","_elementor_page_settings":null,"_elementor_conditions":[]},"categories":[42,44],"tags":[],"class_list":{"0":"post-7576","1":"post","2":"type-post","3":"status-publish","4":"format-standard","5":"has-post-thumbnail","7":"category-mulakat","8":"category-mulakat-sorulari"},"yoast_head":"<!-- This site is optimized with the Yoast SEO Premium plugin v21.4 (Yoast SEO v27.0) - https:\/\/yoast.com\/product\/yoast-seo-premium-wordpress\/ -->\n<title>\u0130K uzman\u0131 hikayenizi anlatman\u0131z\u0131 isterse... | Kariyer Rehberi<\/title>\n<meta name=\"description\" content=\"\u0130\u015f g\u00f6r\u00fc\u015fmesindesiniz ve sorulan sorular kar\u015f\u0131s\u0131nda kendinizi bir anda karakterinize, i\u015f yap\u0131\u015f bi\u00e7iminize ve sosyal becerilerinize odaklanan hayat\" \/>\n<meta name=\"robots\" content=\"index, follow, max-snippet:-1, max-image-preview:large, max-video-preview:-1\" \/>\n<link rel=\"canonical\" href=\"https:\/\/www.kariyer.net\/kariyer-rehberi\/ik-uzmani-hikayenizi-anlatmanizi-isterse\/\" \/>\n<meta property=\"og:locale\" content=\"tr_TR\" \/>\n<meta property=\"og:type\" content=\"article\" \/>\n<meta property=\"og:title\" content=\"\u0130K uzman\u0131 hikayenizi anlatman\u0131z\u0131 isterse...\" \/>\n<meta property=\"og:description\" content=\"\u0130\u015f g\u00f6r\u00fc\u015fmesindesiniz ve sorulan sorular kar\u015f\u0131s\u0131nda kendinizi bir anda karakterinize, i\u015f yap\u0131\u015f bi\u00e7iminize ve sosyal becerilerinize odaklanan hayat\" \/>\n<meta property=\"og:url\" content=\"https:\/\/www.kariyer.net\/kariyer-rehberi\/ik-uzmani-hikayenizi-anlatmanizi-isterse\/\" \/>\n<meta property=\"og:site_name\" content=\"Kariyer Rehberi\" \/>\n<meta property=\"article:published_time\" content=\"2016-05-27T07:00:08+00:00\" \/>\n<meta property=\"article:modified_time\" content=\"2017-08-24T08:20:20+00:00\" \/>\n<meta property=\"og:image\" content=\"https:\/\/www.kariyer.net\/kariyer-rehberi\/wp-content\/uploads\/2016\/05\/ikuzmani11.jpg\" \/>\n\t<meta property=\"og:image:width\" content=\"900\" \/>\n\t<meta property=\"og:image:height\" content=\"600\" \/>\n\t<meta property=\"og:image:type\" content=\"image\/jpeg\" \/>\n<meta name=\"author\" content=\"\u00c7i\u011fdem \u00c7al\u0131k\" \/>\n<meta name=\"twitter:card\" content=\"summary_large_image\" \/>\n<meta name=\"twitter:label1\" content=\"Yazan:\" \/>\n\t<meta name=\"twitter:data1\" content=\"\u00c7i\u011fdem \u00c7al\u0131k\" \/>\n\t<meta name=\"twitter:label2\" content=\"Tahmini okuma s\u00fcresi\" \/>\n\t<meta name=\"twitter:data2\" content=\"4 dakika\" \/>\n<!-- \/ Yoast SEO Premium plugin. -->","yoast_head_json":{"title":"\u0130K uzman\u0131 hikayenizi anlatman\u0131z\u0131 isterse... | Kariyer Rehberi","description":"\u0130\u015f g\u00f6r\u00fc\u015fmesindesiniz ve sorulan sorular kar\u015f\u0131s\u0131nda kendinizi bir anda karakterinize, i\u015f yap\u0131\u015f bi\u00e7iminize ve sosyal becerilerinize odaklanan hayat","robots":{"index":"index","follow":"follow","max-snippet":"max-snippet:-1","max-image-preview":"max-image-preview:large","max-video-preview":"max-video-preview:-1"},"canonical":"https:\/\/www.kariyer.net\/kariyer-rehberi\/ik-uzmani-hikayenizi-anlatmanizi-isterse\/","og_locale":"tr_TR","og_type":"article","og_title":"\u0130K uzman\u0131 hikayenizi anlatman\u0131z\u0131 isterse...","og_description":"\u0130\u015f g\u00f6r\u00fc\u015fmesindesiniz ve sorulan sorular kar\u015f\u0131s\u0131nda kendinizi bir anda karakterinize, i\u015f yap\u0131\u015f bi\u00e7iminize ve sosyal becerilerinize odaklanan hayat","og_url":"https:\/\/www.kariyer.net\/kariyer-rehberi\/ik-uzmani-hikayenizi-anlatmanizi-isterse\/","og_site_name":"Kariyer Rehberi","article_published_time":"2016-05-27T07:00:08+00:00","article_modified_time":"2017-08-24T08:20:20+00:00","og_image":[{"width":900,"height":600,"url":"https:\/\/www.kariyer.net\/kariyer-rehberi\/wp-content\/uploads\/2016\/05\/ikuzmani11.jpg","type":"image\/jpeg"}],"author":"\u00c7i\u011fdem \u00c7al\u0131k","twitter_card":"summary_large_image","twitter_misc":{"Yazan:":"\u00c7i\u011fdem \u00c7al\u0131k","Tahmini okuma s\u00fcresi":"4 dakika"},"schema":{"@context":"https:\/\/schema.org","@graph":[{"@type":"Article","@id":"https:\/\/www.kariyer.net\/kariyer-rehberi\/ik-uzmani-hikayenizi-anlatmanizi-isterse\/#article","isPartOf":{"@id":"https:\/\/www.kariyer.net\/kariyer-rehberi\/ik-uzmani-hikayenizi-anlatmanizi-isterse\/"},"author":{"name":"\u00c7i\u011fdem \u00c7al\u0131k","@id":"https:\/\/www.kariyer.net\/kariyer-rehberi\/#\/schema\/person\/ef9a2dc2672d3e7352225313b455b447"},"headline":"\u0130K uzman\u0131 hikayenizi anlatman\u0131z\u0131 isterse&#8230;","datePublished":"2016-05-27T07:00:08+00:00","dateModified":"2017-08-24T08:20:20+00:00","mainEntityOfPage":{"@id":"https:\/\/www.kariyer.net\/kariyer-rehberi\/ik-uzmani-hikayenizi-anlatmanizi-isterse\/"},"wordCount":839,"commentCount":0,"publisher":{"@id":"https:\/\/www.kariyer.net\/kariyer-rehberi\/#organization"},"image":{"@id":"https:\/\/www.kariyer.net\/kariyer-rehberi\/ik-uzmani-hikayenizi-anlatmanizi-isterse\/#primaryimage"},"thumbnailUrl":"https:\/\/www.kariyer.net\/kariyer-rehberi\/wp-content\/uploads\/2016\/05\/ikuzmani11.jpg","articleSection":["M\u00fclakat","M\u00fclakat Sorular\u0131"],"inLanguage":"tr","potentialAction":[{"@type":"CommentAction","name":"Comment","target":["https:\/\/www.kariyer.net\/kariyer-rehberi\/ik-uzmani-hikayenizi-anlatmanizi-isterse\/#respond"]}]},{"@type":"WebPage","@id":"https:\/\/www.kariyer.net\/kariyer-rehberi\/ik-uzmani-hikayenizi-anlatmanizi-isterse\/","url":"https:\/\/www.kariyer.net\/kariyer-rehberi\/ik-uzmani-hikayenizi-anlatmanizi-isterse\/","name":"\u0130K uzman\u0131 hikayenizi anlatman\u0131z\u0131 isterse... | Kariyer Rehberi","isPartOf":{"@id":"https:\/\/www.kariyer.net\/kariyer-rehberi\/#website"},"primaryImageOfPage":{"@id":"https:\/\/www.kariyer.net\/kariyer-rehberi\/ik-uzmani-hikayenizi-anlatmanizi-isterse\/#primaryimage"},"image":{"@id":"https:\/\/www.kariyer.net\/kariyer-rehberi\/ik-uzmani-hikayenizi-anlatmanizi-isterse\/#primaryimage"},"thumbnailUrl":"https:\/\/www.kariyer.net\/kariyer-rehberi\/wp-content\/uploads\/2016\/05\/ikuzmani11.jpg","datePublished":"2016-05-27T07:00:08+00:00","dateModified":"2017-08-24T08:20:20+00:00","description":"\u0130\u015f g\u00f6r\u00fc\u015fmesindesiniz ve sorulan sorular kar\u015f\u0131s\u0131nda kendinizi bir anda karakterinize, i\u015f yap\u0131\u015f bi\u00e7iminize ve sosyal becerilerinize odaklanan hayat","breadcrumb":{"@id":"https:\/\/www.kariyer.net\/kariyer-rehberi\/ik-uzmani-hikayenizi-anlatmanizi-isterse\/#breadcrumb"},"inLanguage":"tr","potentialAction":[{"@type":"ReadAction","target":["https:\/\/www.kariyer.net\/kariyer-rehberi\/ik-uzmani-hikayenizi-anlatmanizi-isterse\/"]}]},{"@type":"ImageObject","inLanguage":"tr","@id":"https:\/\/www.kariyer.net\/kariyer-rehberi\/ik-uzmani-hikayenizi-anlatmanizi-isterse\/#primaryimage","url":"https:\/\/www.kariyer.net\/kariyer-rehberi\/wp-content\/uploads\/2016\/05\/ikuzmani11.jpg","contentUrl":"https:\/\/www.kariyer.net\/kariyer-rehberi\/wp-content\/uploads\/2016\/05\/ikuzmani11.jpg","width":900,"height":600},{"@type":"BreadcrumbList","@id":"https:\/\/www.kariyer.net\/kariyer-rehberi\/ik-uzmani-hikayenizi-anlatmanizi-isterse\/#breadcrumb","itemListElement":[{"@type":"ListItem","position":1,"name":"Anasayfa","item":"https:\/\/www.kariyer.net\/kariyer-rehberi\/"},{"@type":"ListItem","position":2,"name":"\u0130K uzman\u0131 hikayenizi anlatman\u0131z\u0131 isterse&#8230;"}]},{"@type":"WebSite","@id":"https:\/\/www.kariyer.net\/kariyer-rehberi\/#website","url":"https:\/\/www.kariyer.net\/kariyer-rehberi\/","name":"Kariyer Rehberi","description":"\u0130\u015f D\u00fcnyas\u0131yla \u0130lgili Bilmek \u0130stedi\u011finiz Her \u015eey","publisher":{"@id":"https:\/\/www.kariyer.net\/kariyer-rehberi\/#organization"},"potentialAction":[{"@type":"SearchAction","target":{"@type":"EntryPoint","urlTemplate":"https:\/\/www.kariyer.net\/kariyer-rehberi\/?s={search_term_string}"},"query-input":{"@type":"PropertyValueSpecification","valueRequired":true,"valueName":"search_term_string"}}],"inLanguage":"tr"},{"@type":"Organization","@id":"https:\/\/www.kariyer.net\/kariyer-rehberi\/#organization","name":"Kariyer.net","url":"https:\/\/www.kariyer.net\/kariyer-rehberi\/","logo":{"@type":"ImageObject","inLanguage":"tr","@id":"https:\/\/www.kariyer.net\/kariyer-rehberi\/#\/schema\/logo\/image\/","url":"https:\/\/www.kariyer.net\/kariyer-rehberi-new\/wp-content\/uploads\/2023\/01\/og-image11.jpg","contentUrl":"https:\/\/www.kariyer.net\/kariyer-rehberi-new\/wp-content\/uploads\/2023\/01\/og-image11.jpg","width":800,"height":800,"caption":"Kariyer.net"},"image":{"@id":"https:\/\/www.kariyer.net\/kariyer-rehberi\/#\/schema\/logo\/image\/"}},{"@type":"Person","@id":"https:\/\/www.kariyer.net\/kariyer-rehberi\/#\/schema\/person\/ef9a2dc2672d3e7352225313b455b447","name":"\u00c7i\u011fdem \u00c7al\u0131k","image":{"@type":"ImageObject","inLanguage":"tr","@id":"https:\/\/www.kariyer.net\/kariyer-rehberi\/#\/schema\/person\/image\/","url":"https:\/\/secure.gravatar.com\/avatar\/f270bbc5e4e6373aef80de8e9e55d27516cac7be363ef3b53ec26b94063ede66?s=96&d=mm&r=g","contentUrl":"https:\/\/secure.gravatar.com\/avatar\/f270bbc5e4e6373aef80de8e9e55d27516cac7be363ef3b53ec26b94063ede66?s=96&d=mm&r=g","caption":"\u00c7i\u011fdem \u00c7al\u0131k"},"description":"Ege \u00dcniversitesi\u2019nin ard\u0131ndan Galatasaray \u00dcniversitesi Radyo, Sinema, TV b\u00f6l\u00fcm\u00fcnden mezun oldu. Meslek hayat\u0131na reklam yazarl\u0131\u011f\u0131yla ba\u015flad\u0131. D\u00f6rt y\u0131ll\u0131k reklam d\u00fcnyas\u0131 deneyiminden sonra \u00e7e\u015fitli web sitelerinde k\u0131demli edit\u00f6r olarak \u00e7al\u0131\u015ft\u0131. 2015 y\u0131l\u0131nda Kariyer.net\u2019e i\u00e7erik y\u00f6neticisi olarak kat\u0131ld\u0131. \u0130K Blog, Kariyer Rehberi ve Kariyer Dergi i\u00e7in i\u00e7erik \u00fcretiyor.","sameAs":["http:\/\/www.kariyer.net\/kariyer-rehberi\/?p=6323"],"url":"https:\/\/www.kariyer.net\/kariyer-rehberi\/author\/cigdemcalik\/"}]}},"_links":{"self":[{"href":"https:\/\/www.kariyer.net\/kariyer-rehberi\/wp-json\/wp\/v2\/posts\/7576","targetHints":{"allow":["GET"]}}],"collection":[{"href":"https:\/\/www.kariyer.net\/kariyer-rehberi\/wp-json\/wp\/v2\/posts"}],"about":[{"href":"https:\/\/www.kariyer.net\/kariyer-rehberi\/wp-json\/wp\/v2\/types\/post"}],"author":[{"embeddable":true,"href":"https:\/\/www.kariyer.net\/kariyer-rehberi\/wp-json\/wp\/v2\/users\/18"}],"replies":[{"embeddable":true,"href":"https:\/\/www.kariyer.net\/kariyer-rehberi\/wp-json\/wp\/v2\/comments?post=7576"}],"version-history":[{"count":0,"href":"https:\/\/www.kariyer.net\/kariyer-rehberi\/wp-json\/wp\/v2\/posts\/7576\/revisions"}],"wp:featuredmedia":[{"embeddable":true,"href":"https:\/\/www.kariyer.net\/kariyer-rehberi\/wp-json\/wp\/v2\/media\/10650"}],"wp:attachment":[{"href":"https:\/\/www.kariyer.net\/kariyer-rehberi\/wp-json\/wp\/v2\/media?parent=7576"}],"wp:term":[{"taxonomy":"category","embeddable":true,"href":"https:\/\/www.kariyer.net\/kariyer-rehberi\/wp-json\/wp\/v2\/categories?post=7576"},{"taxonomy":"post_tag","embeddable":true,"href":"https:\/\/www.kariyer.net\/kariyer-rehberi\/wp-json\/wp\/v2\/tags?post=7576"}],"curies":[{"name":"wp","href":"https:\/\/api.w.org\/{rel}","templated":true}]}}