{"id":7688,"date":"2016-06-07T09:34:22","date_gmt":"2016-06-07T06:34:22","guid":{"rendered":"http:\/\/www.kariyer.net\/kariyer-rehberi\/?p=7688"},"modified":"2017-08-24T10:33:40","modified_gmt":"2017-08-24T07:33:40","slug":"basarilarinizi-en-dogru-sekilde-nasil-anlatabilirsiniz","status":"publish","type":"post","link":"https:\/\/www.kariyer.net\/kariyer-rehberi\/basarilarinizi-en-dogru-sekilde-nasil-anlatabilirsiniz\/","title":{"rendered":"Ba\u015far\u0131lar\u0131n\u0131z\u0131 en do\u011fru \u015fekilde nas\u0131l anlatabilirsiniz?"},"content":{"rendered":"<p><strong>Baz\u0131 insanlar tecr\u00fcbeli olmalar\u0131na kar\u015f\u0131n i\u015f g\u00f6r\u00fc\u015fmelerinde kendilerini etkili bir \u015fekilde ifade edemez ve ba\u015far\u0131yla dolu olan kariyerlerini \u0130K uzmanlar\u0131na anlatmakta zorluk \u00e7eker. Ancak bilmeniz gerekir ki etkili bir ba\u015far\u0131 hikayesi olu\u015fturman\u0131n da bir matemati\u011fi var&#8230;<\/strong><\/p>\n<p>Davran\u0131\u015fsal m\u00fclakat sorular\u0131 aday\u0131n ge\u00e7mi\u015fte edindi\u011fi tecr\u00fcbeleri gelecekte de kullanabilme becerisini \u00f6l\u00e7mek ve aday\u0131n profesyonel becerisi, duygusal yakla\u015f\u0131m\u0131 ve motivasyonu hakk\u0131nda bilgi almak amac\u0131yla sorulur. Ve bu tarz sorularda, \u00e7o\u011funlukla aday\u0131n cevaplar\u0131n\u0131n bir ba\u015far\u0131 \u00f6rne\u011fi \u00fczerinden vermesi beklenir. Ancak kariyerinde bir\u00e7ok ba\u015far\u0131ya imza atm\u0131\u015f pek \u00e7ok \u00e7al\u0131\u015fan\u0131n s\u00f6z konusu m\u00fclakat olunca, kendisini istedi\u011fi gibi ifade edemedi\u011fi de bir ger\u00e7ektir. Peki, adaylar\u0131n etkili bir ba\u015far\u0131 hikayesi olu\u015fturabilmesi i\u00e7in nelere dikkat etmesi gerekiyor?<\/p>\n<p>\u0130\u015fte \u0130K uzman\u0131na ba\u015far\u0131lar\u0131n\u0131z\u0131 en do\u011fru \u015fekilde anlatman\u0131z i\u00e7in yapman\u0131z gerekenler:<\/p>\n<h2><strong>Haz\u0131rl\u0131k yap\u0131n<\/strong><\/h2>\n<p>Ba\u015far\u0131 hikayesi genellikle adaylar\u0131n ge\u00e7mi\u015f i\u015f tecr\u00fcbeleri ekseninde d\u00f6ner. Ancak yeni mezunsan\u0131z veya hen\u00fcz i\u015f tecr\u00fcbeniz yoksa ba\u015far\u0131 hikayenizi yapt\u0131\u011f\u0131n\u0131z g\u00f6n\u00fcll\u00fc \u00e7al\u0131\u015fmalardan, stajlardan veya okul kul\u00fcplerindeki g\u00f6revlerinizden olu\u015fturabilirsiniz. Burada \u00f6nemli olan nokta, ba\u015fvurdu\u011funuz pozisyonla yetkinliklerinizin ne derece uyu\u015ftu\u011funu kar\u015f\u0131 tarafa g\u00f6sterebilmeniz. \u00a0\u0130nsan Kaynaklar\u0131 uzman\u0131n\u0131n \u00a0\u201cZor bir projeyi y\u00f6netti\u011finiz bir zaman\u0131 anlatabilir misiniz?\u201d sorusu\u00a0asl\u0131nda sizden liderlik vas\u0131flar\u0131n\u0131z\u0131n \u00fcst\u00fcnde duraca\u011f\u0131n\u0131z bir ba\u015far\u0131 hikayesi anlatman\u0131z anlam\u0131na gelir. Bu ve benzeri sorular\u0131n size m\u00fclakat s\u0131ras\u0131nda sorulmadan \u00f6nce haz\u0131rl\u0131\u011f\u0131n\u0131 yapman\u0131z ve sorulacak muhtemel sorulara ne t\u00fcr cevaplar verece\u011finizi \u00f6nceden kurgulaman\u0131z b\u00fcy\u00fck \u00f6nem ta\u015f\u0131yor.<\/p>\n<p><a href=\"http:\/\/www.kariyer.net\/kariyer-rehberi\/wp-content\/uploads\/2016\/06\/anlatmak626262.jpg\"><img fetchpriority=\"high\" decoding=\"async\" class=\"alignnone size-full wp-image-7696\" src=\"http:\/\/www.kariyer.net\/kariyer-rehberi\/wp-content\/uploads\/2016\/06\/anlatmak626262.jpg\" alt=\"anlatmak626262\" width=\"600\" height=\"300\" srcset=\"https:\/\/www.kariyer.net\/kariyer-rehberi\/wp-content\/uploads\/2016\/06\/anlatmak626262.jpg 600w, https:\/\/www.kariyer.net\/kariyer-rehberi\/wp-content\/uploads\/2016\/06\/anlatmak626262-300x150.jpg 300w\" sizes=\"(max-width: 600px) 100vw, 600px\" \/><\/a><\/p>\n<h2><strong>4 ad\u0131mda hikayenizi olu\u015fturun<\/strong><\/h2>\n<p>Ba\u015far\u0131 hikayelerinizi olu\u015fturman\u0131n en do\u011fru yolu Durum, G\u00f6rev, Aksiyon ve Sonu\u00e7\u2019tan olu\u015fan d\u00f6rt kurala ba\u011fl\u0131 kalmaktan ge\u00e7er. Hikayenizi olu\u015ftururken birinci ad\u0131mda kim, ne, nerede, ne zaman, nas\u0131l sorular\u0131n\u0131n cevaplar\u0131n\u0131n yer ald\u0131\u011f\u0131 k\u0131sa bir a\u00e7\u0131klama yap\u0131n. Yani durumu \u00f6zetleyin. \u0130kinci ad\u0131mda bu durumun olas\u0131 etkilerini ve yapman\u0131z gerekenleri anlat\u0131n. \u00dc\u00e7\u00fcnc\u00fc ad\u0131mda g\u00f6revi nas\u0131l ba\u015far\u0131yla tamamlad\u0131\u011f\u0131n\u0131z\u0131 yahut sorunun \u00fcstesinden nas\u0131l geldi\u011finizi, vurgulamak istedi\u011finiz becerilerinizi \u00f6n plana \u00e7\u0131kartarak anlat\u0131n. D\u00f6rd\u00fcnc\u00fc ad\u0131mda ise sizin \u00e7abalar\u0131n\u0131z sonucunda konunun yahut problemin olumlu bir \u015fekilde sonu\u00e7land\u0131\u011f\u0131n\u0131 belirtin.<\/p>\n<h2><strong>5 ba\u015far\u0131 hikayesi haz\u0131rlay\u0131n<\/strong><\/h2>\n<p>Davran\u0131\u015f m\u00fclakat sorular\u0131 adaylara genel olarak be\u015f ana ba\u015fl\u0131k alt\u0131nda sorulur. M\u00fclakata gitmeden \u00f6nce tak\u0131m odakl\u0131l\u0131k, problem \u00e7\u00f6zme, giri\u015fimcilik\/liderlik, ki\u015fisel beceri ve stres\/bask\u0131 \u00e7er\u00e7evesinde size sorulacak olan m\u00fclakat sorular\u0131na ili\u015fkin be\u015f ba\u015far\u0131 hikayenizi olu\u015fturman\u0131z size b\u00fcy\u00fck kolayl\u0131k sa\u011flar.<\/p>\n<p>&nbsp;<\/p>\n<!-- templates\/buttons-placeholder.php -->\n<div class=\"da-reactions-outer TpostID7688\">\n\t    <div class=\"da-reactions-data da-reactions-container-async center\"\n         data-type=\"post\"\n         data-id=\"7688\"\n         id=\"da-reactions-slot-post-7688\">\n        <div class=\"da-reactions-static\">\n\t\t\t<img src=\"https:\/\/www.kariyer.net\/kariyer-rehberi\/wp-content\/plugins\/da-reactions\/assets\/dist\/loading.svg\" alt=\"Loading spinner\" width=\"48\" height=\"48\" style=\"width:48px\" \/>\n        <\/div>\n    <\/div>\n<\/div>\n","protected":false},"excerpt":{"rendered":"<p>Baz\u0131 insanlar tecr\u00fcbeli olmalar\u0131na kar\u015f\u0131n i\u015f g\u00f6r\u00fc\u015fmelerinde kendilerini etkili bir \u015fekilde ifade edemez ve ba\u015far\u0131yla dolu olan kariyerlerini \u0130K uzmanlar\u0131na anlatmakta zorluk \u00e7eker. Ancak bilmeniz gerekir ki etkili bir ba\u015far\u0131 hikayesi olu\u015fturman\u0131n da bir matemati\u011fi var&#8230; Davran\u0131\u015fsal m\u00fclakat sorular\u0131 aday\u0131n ge\u00e7mi\u015fte edindi\u011fi tecr\u00fcbeleri gelecekte de kullanabilme becerisini \u00f6l\u00e7mek ve aday\u0131n profesyonel becerisi, duygusal yakla\u015f\u0131m\u0131 ve [&hellip;]<\/p>\n<!-- templates\/buttons-placeholder.php -->\n<div class=\"da-reactions-outer TpostID7688\">\n\t    <div class=\"da-reactions-data da-reactions-container-async center\"\n         data-type=\"post\"\n         data-id=\"7688\"\n         id=\"da-reactions-slot-post-7688\">\n        <div class=\"da-reactions-static\">\n\t\t\t<img src=\"https:\/\/www.kariyer.net\/kariyer-rehberi\/wp-content\/plugins\/da-reactions\/assets\/dist\/loading.svg\" alt=\"Loading spinner\" width=\"48\" height=\"48\" style=\"width:48px\" \/>\n        <\/div>\n    <\/div>\n<\/div>\n","protected":false},"author":21,"featured_media":10637,"comment_status":"open","ping_status":"open","sticky":false,"template":"","format":"standard","meta":{"footnotes":"","_elementor_edit_mode":"","_elementor_template_type":"","_elementor_data":"","_elementor_page_settings":null,"_elementor_conditions":[]},"categories":[43,42],"tags":[],"class_list":{"0":"post-7688","1":"post","2":"type-post","3":"status-publish","4":"format-standard","5":"has-post-thumbnail","7":"category-is-gorusmesine-hazirlik","8":"category-mulakat"},"yoast_head":"<!-- This site is optimized with the Yoast SEO Premium plugin v21.4 (Yoast SEO v27.0) - https:\/\/yoast.com\/product\/yoast-seo-premium-wordpress\/ -->\n<title>Ba\u015far\u0131lar\u0131n\u0131z\u0131 en do\u011fru \u015fekilde nas\u0131l anlatabilirsiniz? | Kariyer Rehberi<\/title>\n<meta name=\"description\" content=\"Baz\u0131 insanlar tecr\u00fcbeli olmalar\u0131na kar\u015f\u0131n i\u015f g\u00f6r\u00fc\u015fmelerinde kendilerini etkili bir \u015fekilde ifade edemez ve ba\u015far\u0131yla dolu olan kariyerlerini \u0130K\" \/>\n<meta name=\"robots\" content=\"index, follow, max-snippet:-1, max-image-preview:large, max-video-preview:-1\" \/>\n<link rel=\"canonical\" href=\"https:\/\/www.kariyer.net\/kariyer-rehberi\/basarilarinizi-en-dogru-sekilde-nasil-anlatabilirsiniz\/\" \/>\n<meta property=\"og:locale\" content=\"tr_TR\" \/>\n<meta property=\"og:type\" content=\"article\" \/>\n<meta property=\"og:title\" content=\"Ba\u015far\u0131lar\u0131n\u0131z\u0131 en do\u011fru \u015fekilde nas\u0131l anlatabilirsiniz?\" \/>\n<meta property=\"og:description\" content=\"Baz\u0131 insanlar tecr\u00fcbeli olmalar\u0131na kar\u015f\u0131n i\u015f g\u00f6r\u00fc\u015fmelerinde kendilerini etkili bir \u015fekilde ifade edemez ve ba\u015far\u0131yla dolu olan kariyerlerini \u0130K\" \/>\n<meta property=\"og:url\" content=\"https:\/\/www.kariyer.net\/kariyer-rehberi\/basarilarinizi-en-dogru-sekilde-nasil-anlatabilirsiniz\/\" \/>\n<meta property=\"og:site_name\" content=\"Kariyer Rehberi\" \/>\n<meta property=\"article:published_time\" content=\"2016-06-07T06:34:22+00:00\" \/>\n<meta property=\"article:modified_time\" content=\"2017-08-24T07:33:40+00:00\" \/>\n<meta property=\"og:image\" content=\"https:\/\/www.kariyer.net\/kariyer-rehberi\/wp-content\/uploads\/2016\/06\/basari54578.jpg\" \/>\n\t<meta property=\"og:image:width\" content=\"900\" \/>\n\t<meta property=\"og:image:height\" content=\"600\" \/>\n\t<meta property=\"og:image:type\" content=\"image\/jpeg\" \/>\n<meta name=\"author\" content=\"Mehlika Akg\u00fcn\" \/>\n<meta name=\"twitter:card\" content=\"summary_large_image\" \/>\n<meta name=\"twitter:label1\" content=\"Yazan:\" \/>\n\t<meta name=\"twitter:data1\" content=\"Mehlika Akg\u00fcn\" \/>\n\t<meta name=\"twitter:label2\" content=\"Tahmini okuma s\u00fcresi\" \/>\n\t<meta name=\"twitter:data2\" content=\"3 dakika\" \/>\n<!-- \/ Yoast SEO Premium plugin. -->","yoast_head_json":{"title":"Ba\u015far\u0131lar\u0131n\u0131z\u0131 en do\u011fru \u015fekilde nas\u0131l anlatabilirsiniz? | Kariyer Rehberi","description":"Baz\u0131 insanlar tecr\u00fcbeli olmalar\u0131na kar\u015f\u0131n i\u015f g\u00f6r\u00fc\u015fmelerinde kendilerini etkili bir \u015fekilde ifade edemez ve ba\u015far\u0131yla dolu olan kariyerlerini \u0130K","robots":{"index":"index","follow":"follow","max-snippet":"max-snippet:-1","max-image-preview":"max-image-preview:large","max-video-preview":"max-video-preview:-1"},"canonical":"https:\/\/www.kariyer.net\/kariyer-rehberi\/basarilarinizi-en-dogru-sekilde-nasil-anlatabilirsiniz\/","og_locale":"tr_TR","og_type":"article","og_title":"Ba\u015far\u0131lar\u0131n\u0131z\u0131 en do\u011fru \u015fekilde nas\u0131l anlatabilirsiniz?","og_description":"Baz\u0131 insanlar tecr\u00fcbeli olmalar\u0131na kar\u015f\u0131n i\u015f g\u00f6r\u00fc\u015fmelerinde kendilerini etkili bir \u015fekilde ifade edemez ve ba\u015far\u0131yla dolu olan kariyerlerini \u0130K","og_url":"https:\/\/www.kariyer.net\/kariyer-rehberi\/basarilarinizi-en-dogru-sekilde-nasil-anlatabilirsiniz\/","og_site_name":"Kariyer Rehberi","article_published_time":"2016-06-07T06:34:22+00:00","article_modified_time":"2017-08-24T07:33:40+00:00","og_image":[{"width":900,"height":600,"url":"https:\/\/www.kariyer.net\/kariyer-rehberi\/wp-content\/uploads\/2016\/06\/basari54578.jpg","type":"image\/jpeg"}],"author":"Mehlika Akg\u00fcn","twitter_card":"summary_large_image","twitter_misc":{"Yazan:":"Mehlika Akg\u00fcn","Tahmini okuma s\u00fcresi":"3 dakika"},"schema":{"@context":"https:\/\/schema.org","@graph":[{"@type":"Article","@id":"https:\/\/www.kariyer.net\/kariyer-rehberi\/basarilarinizi-en-dogru-sekilde-nasil-anlatabilirsiniz\/#article","isPartOf":{"@id":"https:\/\/www.kariyer.net\/kariyer-rehberi\/basarilarinizi-en-dogru-sekilde-nasil-anlatabilirsiniz\/"},"author":{"name":"Mehlika Akg\u00fcn","@id":"https:\/\/www.kariyer.net\/kariyer-rehberi\/#\/schema\/person\/decccb85f55a7adf9dd3be68ee3eaa53"},"headline":"Ba\u015far\u0131lar\u0131n\u0131z\u0131 en do\u011fru \u015fekilde nas\u0131l anlatabilirsiniz?","datePublished":"2016-06-07T06:34:22+00:00","dateModified":"2017-08-24T07:33:40+00:00","mainEntityOfPage":{"@id":"https:\/\/www.kariyer.net\/kariyer-rehberi\/basarilarinizi-en-dogru-sekilde-nasil-anlatabilirsiniz\/"},"wordCount":521,"commentCount":0,"publisher":{"@id":"https:\/\/www.kariyer.net\/kariyer-rehberi\/#organization"},"image":{"@id":"https:\/\/www.kariyer.net\/kariyer-rehberi\/basarilarinizi-en-dogru-sekilde-nasil-anlatabilirsiniz\/#primaryimage"},"thumbnailUrl":"https:\/\/www.kariyer.net\/kariyer-rehberi\/wp-content\/uploads\/2016\/06\/basari54578.jpg","articleSection":["\u0130\u015f G\u00f6r\u00fc\u015fmesine Haz\u0131rl\u0131k","M\u00fclakat"],"inLanguage":"tr","potentialAction":[{"@type":"CommentAction","name":"Comment","target":["https:\/\/www.kariyer.net\/kariyer-rehberi\/basarilarinizi-en-dogru-sekilde-nasil-anlatabilirsiniz\/#respond"]}]},{"@type":"WebPage","@id":"https:\/\/www.kariyer.net\/kariyer-rehberi\/basarilarinizi-en-dogru-sekilde-nasil-anlatabilirsiniz\/","url":"https:\/\/www.kariyer.net\/kariyer-rehberi\/basarilarinizi-en-dogru-sekilde-nasil-anlatabilirsiniz\/","name":"Ba\u015far\u0131lar\u0131n\u0131z\u0131 en do\u011fru \u015fekilde nas\u0131l anlatabilirsiniz? | Kariyer Rehberi","isPartOf":{"@id":"https:\/\/www.kariyer.net\/kariyer-rehberi\/#website"},"primaryImageOfPage":{"@id":"https:\/\/www.kariyer.net\/kariyer-rehberi\/basarilarinizi-en-dogru-sekilde-nasil-anlatabilirsiniz\/#primaryimage"},"image":{"@id":"https:\/\/www.kariyer.net\/kariyer-rehberi\/basarilarinizi-en-dogru-sekilde-nasil-anlatabilirsiniz\/#primaryimage"},"thumbnailUrl":"https:\/\/www.kariyer.net\/kariyer-rehberi\/wp-content\/uploads\/2016\/06\/basari54578.jpg","datePublished":"2016-06-07T06:34:22+00:00","dateModified":"2017-08-24T07:33:40+00:00","description":"Baz\u0131 insanlar tecr\u00fcbeli olmalar\u0131na kar\u015f\u0131n i\u015f g\u00f6r\u00fc\u015fmelerinde kendilerini etkili bir \u015fekilde ifade edemez ve ba\u015far\u0131yla dolu olan kariyerlerini \u0130K","breadcrumb":{"@id":"https:\/\/www.kariyer.net\/kariyer-rehberi\/basarilarinizi-en-dogru-sekilde-nasil-anlatabilirsiniz\/#breadcrumb"},"inLanguage":"tr","potentialAction":[{"@type":"ReadAction","target":["https:\/\/www.kariyer.net\/kariyer-rehberi\/basarilarinizi-en-dogru-sekilde-nasil-anlatabilirsiniz\/"]}]},{"@type":"ImageObject","inLanguage":"tr","@id":"https:\/\/www.kariyer.net\/kariyer-rehberi\/basarilarinizi-en-dogru-sekilde-nasil-anlatabilirsiniz\/#primaryimage","url":"https:\/\/www.kariyer.net\/kariyer-rehberi\/wp-content\/uploads\/2016\/06\/basari54578.jpg","contentUrl":"https:\/\/www.kariyer.net\/kariyer-rehberi\/wp-content\/uploads\/2016\/06\/basari54578.jpg","width":900,"height":600},{"@type":"BreadcrumbList","@id":"https:\/\/www.kariyer.net\/kariyer-rehberi\/basarilarinizi-en-dogru-sekilde-nasil-anlatabilirsiniz\/#breadcrumb","itemListElement":[{"@type":"ListItem","position":1,"name":"Anasayfa","item":"https:\/\/www.kariyer.net\/kariyer-rehberi\/"},{"@type":"ListItem","position":2,"name":"Ba\u015far\u0131lar\u0131n\u0131z\u0131 en do\u011fru \u015fekilde nas\u0131l anlatabilirsiniz?"}]},{"@type":"WebSite","@id":"https:\/\/www.kariyer.net\/kariyer-rehberi\/#website","url":"https:\/\/www.kariyer.net\/kariyer-rehberi\/","name":"Kariyer Rehberi","description":"\u0130\u015f D\u00fcnyas\u0131yla \u0130lgili Bilmek \u0130stedi\u011finiz Her \u015eey","publisher":{"@id":"https:\/\/www.kariyer.net\/kariyer-rehberi\/#organization"},"potentialAction":[{"@type":"SearchAction","target":{"@type":"EntryPoint","urlTemplate":"https:\/\/www.kariyer.net\/kariyer-rehberi\/?s={search_term_string}"},"query-input":{"@type":"PropertyValueSpecification","valueRequired":true,"valueName":"search_term_string"}}],"inLanguage":"tr"},{"@type":"Organization","@id":"https:\/\/www.kariyer.net\/kariyer-rehberi\/#organization","name":"Kariyer.net","url":"https:\/\/www.kariyer.net\/kariyer-rehberi\/","logo":{"@type":"ImageObject","inLanguage":"tr","@id":"https:\/\/www.kariyer.net\/kariyer-rehberi\/#\/schema\/logo\/image\/","url":"https:\/\/www.kariyer.net\/kariyer-rehberi-new\/wp-content\/uploads\/2023\/01\/og-image11.jpg","contentUrl":"https:\/\/www.kariyer.net\/kariyer-rehberi-new\/wp-content\/uploads\/2023\/01\/og-image11.jpg","width":800,"height":800,"caption":"Kariyer.net"},"image":{"@id":"https:\/\/www.kariyer.net\/kariyer-rehberi\/#\/schema\/logo\/image\/"}},{"@type":"Person","@id":"https:\/\/www.kariyer.net\/kariyer-rehberi\/#\/schema\/person\/decccb85f55a7adf9dd3be68ee3eaa53","name":"Mehlika Akg\u00fcn","image":{"@type":"ImageObject","inLanguage":"tr","@id":"https:\/\/www.kariyer.net\/kariyer-rehberi\/#\/schema\/person\/image\/","url":"https:\/\/secure.gravatar.com\/avatar\/0048a8f41307557d30c39a26a0869ff21758d0d8db97b2b4047abc9b1e394df0?s=96&d=mm&r=g","contentUrl":"https:\/\/secure.gravatar.com\/avatar\/0048a8f41307557d30c39a26a0869ff21758d0d8db97b2b4047abc9b1e394df0?s=96&d=mm&r=g","caption":"Mehlika Akg\u00fcn"},"sameAs":["http:\/\/www.kariyer.net\/kariyer-rehberi\/mehlika-akgun\/"],"url":"https:\/\/www.kariyer.net\/kariyer-rehberi\/author\/mehlikaa\/"}]}},"_links":{"self":[{"href":"https:\/\/www.kariyer.net\/kariyer-rehberi\/wp-json\/wp\/v2\/posts\/7688","targetHints":{"allow":["GET"]}}],"collection":[{"href":"https:\/\/www.kariyer.net\/kariyer-rehberi\/wp-json\/wp\/v2\/posts"}],"about":[{"href":"https:\/\/www.kariyer.net\/kariyer-rehberi\/wp-json\/wp\/v2\/types\/post"}],"author":[{"embeddable":true,"href":"https:\/\/www.kariyer.net\/kariyer-rehberi\/wp-json\/wp\/v2\/users\/21"}],"replies":[{"embeddable":true,"href":"https:\/\/www.kariyer.net\/kariyer-rehberi\/wp-json\/wp\/v2\/comments?post=7688"}],"version-history":[{"count":0,"href":"https:\/\/www.kariyer.net\/kariyer-rehberi\/wp-json\/wp\/v2\/posts\/7688\/revisions"}],"wp:featuredmedia":[{"embeddable":true,"href":"https:\/\/www.kariyer.net\/kariyer-rehberi\/wp-json\/wp\/v2\/media\/10637"}],"wp:attachment":[{"href":"https:\/\/www.kariyer.net\/kariyer-rehberi\/wp-json\/wp\/v2\/media?parent=7688"}],"wp:term":[{"taxonomy":"category","embeddable":true,"href":"https:\/\/www.kariyer.net\/kariyer-rehberi\/wp-json\/wp\/v2\/categories?post=7688"},{"taxonomy":"post_tag","embeddable":true,"href":"https:\/\/www.kariyer.net\/kariyer-rehberi\/wp-json\/wp\/v2\/tags?post=7688"}],"curies":[{"name":"wp","href":"https:\/\/api.w.org\/{rel}","templated":true}]}}