{"id":7791,"date":"2016-06-24T15:34:02","date_gmt":"2016-06-24T12:34:02","guid":{"rendered":"http:\/\/www.kariyer.net\/kariyer-rehberi\/?p=7791"},"modified":"2024-07-03T15:27:46","modified_gmt":"2024-07-03T12:27:46","slug":"kim-demis-stajyerden-yonetici-olmaz-diye","status":"publish","type":"post","link":"https:\/\/www.kariyer.net\/kariyer-rehberi\/kim-demis-stajyerden-yonetici-olmaz-diye\/","title":{"rendered":"Kim demi\u015f stajyerden y\u00f6netici olmaz diye!"},"content":{"rendered":"<p><strong>Ya yeni mezunsun, ya da h\u00e2l\u00e2 okuyor ama bir yandan i\u015f d\u00fcnyas\u0131na giri\u015f yapmak istiyorsun. Keyifli ve yarat\u0131c\u0131 bir staj s\u00fcreci ge\u00e7irmek istiyorsan, \u00fcstelik g\u00f6z\u00fcn y\u00f6netici koltu\u011fundaysa, do\u011fru yaz\u0131y\u0131 okuyorsun! Kariyer.net, en yarat\u0131c\u0131 Selvi\u2019yi \u00e7eken be\u015f stajyere, bir ayl\u0131\u011f\u0131na be\u015f ayr\u0131 departman\u0131n y\u00f6netici koltu\u011funu veriyor.<\/strong><\/p>\n<p>Evet yanl\u0131\u015f duymad\u0131n. <strong><a href=\"http:\/\/www.kariyer.net\/kariyer-rehberi\/staj-yapsam-mi-yapmasam-mi\/\" target=\"_blank\" rel=\"noopener\">Staj<\/a><\/strong> yapmak hi\u00e7 bu kadar keyifli olmam\u0131\u015ft\u0131. Sadece fotokopi \u00e7ekti\u011fin, getir g\u00f6t\u00fcr i\u015fleri yapt\u0131\u011f\u0131n, bir t\u00fcrl\u00fc i\u015fin i\u00e7ine giremedi\u011fin faydas\u0131z, s\u00f6zde stajlar sona erdi. <strong><a href=\"http:\/\/www.kariyer.net\/is-ilanlari\/stajyer\" target=\"_blank\" rel=\"noopener\">Kariyer.net staj<\/a><\/strong> kavram\u0131na yepyeni bir soluk getiriyor. Senin i\u00e7in harika bir plan\u0131m\u0131z var. A\u015fa\u011f\u0131daki bilgileri iyice oku ve sana e\u015fsiz bir deneyim kazand\u0131racak bu staj f\u0131rsat\u0131n\u0131 ka\u00e7\u0131rma.<\/p>\n<h2><strong>Y\u00f6netici stajyerlik nedir ki?<\/strong><\/h2>\n<p>Staj, i\u015f d\u00fcnyas\u0131na ilk ad\u0131m olmas\u0131n\u0131n yan\u0131 s\u0131ra \u00f6\u011frencilik hayat\u0131n\u0131n da bitti\u011fini g\u00f6steren \u00e7ok \u00f6nemli bir d\u00f6neme\u00e7. Staj sana deneyim ve i\u015f hayat\u0131na dair \u00f6ng\u00f6r\u00fc kazand\u0131rmakla kalm\u0131yor, o \u015firkette tam zamanl\u0131 \u00e7al\u0131\u015fan pozisyonuna ula\u015fman\u0131 da sa\u011flayabiliyor. Peki Kariyer.net\u2019in y\u00f6netici stajyer projesi nedir?<\/p>\n<p><img fetchpriority=\"high\" decoding=\"async\" class=\"alignnone wp-image-7792\" src=\"http:\/\/www.kariyer.net\/kariyer-rehberi\/wp-content\/uploads\/2016\/06\/boss-1.gif\" alt=\"boss 1\" width=\"600\" height=\"337\" \/><\/p>\n<p>Projemizin hedefi \u00f6\u011frenci ya da yeni mezun herkesin farkl\u0131, faydal\u0131, potansiyelini ger\u00e7ekle\u015ftirebilece\u011fi bir staj d\u00f6nemi ge\u00e7irmesini, b\u00f6ylece buradan keyifle ve farkl\u0131 deneyimlerle ayr\u0131lmas\u0131n\u0131 sa\u011flamak. Bu ama\u00e7la pazarlama biriminde bulunan be\u015f farkl\u0131 departman\u0131n ba\u015f\u0131na, bir ayl\u0131k s\u00fcre ile tam da senin gibi be\u015f y\u00f6netici stajyer alaca\u011f\u0131z. Y\u00f6neticilerimiz seve seve stajyerlere\u00a0koltuklar\u0131n\u0131 b\u0131rakacak.<\/p>\n<h2><strong>Bak bakal\u0131m nas\u0131lm\u0131\u015f y\u00f6netici olmak?<\/strong><\/h2>\n<p>Pazarlama, \u00dcr\u00fcn Y\u00f6netimi, UX Design, Pazarlama \u0130leti\u015fimi ve M\u00fc\u015fteri Deneyiminden olu\u015fan bu departmanlardan istedi\u011finin ba\u015f\u0131na bir ay s\u00fcreyle ge\u00e7ecek, toplant\u0131lara kat\u0131lacak, fikirlerinle ekibe destek olup her \u015feyden \u00f6nce ger\u00e7ekten faydal\u0131 ve de s\u00f6ylemeden ge\u00e7meyelim, \u00e7ok da haval\u0131 bir staj s\u00fcreci ge\u00e7irmi\u015f olacaks\u0131n. Staj kazan\u0131mlar\u0131n\u0131 s\u00fcre\u00e7 sonunda m\u00fcd\u00fcr\u00fcne sunacak, bu esnada ikna, analiz ve pratik \u00e7\u00f6z\u00fcm \u00fcretme gibi becerileri de kazanm\u0131\u015f olacaks\u0131n.<\/p>\n<p><img decoding=\"async\" class=\"alignnone wp-image-7793\" src=\"http:\/\/www.kariyer.net\/kariyer-rehberi\/wp-content\/uploads\/2016\/06\/fft16_mf2348871.gif\" alt=\"fft16_mf2348871\" width=\"600\" height=\"336\" \/><\/p>\n<h2><strong>Y\u00f6netici stajyer olmak i\u00e7in neler gerekiyor?<\/strong><\/h2>\n<p>\u00c7ok fazla \u015fey de\u011fil. A\u015fa\u011f\u0131daki genel kriterleri kar\u015f\u0131l\u0131yorsan ba\u015fvuru yapmaya haz\u0131rs\u0131n.<\/p>\n<p>&#8211;\u00a0\u00dcniversite 3. &#8211; \u00a04. s\u0131n\u0131f \u00f6\u011frencisi veya yeni mezun olmak<\/p>\n<p>&#8211; MS Office programlar\u0131n\u0131 kullanabilmek<\/p>\n<p>&#8211; Tercihen \u0130stanbul&#8217;da ya\u015famak<\/p>\n<p>&#8211; Yetenekli, yarat\u0131c\u0131 ve merakl\u0131 olmak<\/p>\n<p>&#8211; Tak\u0131m \u00e7al\u0131\u015fmas\u0131na yatk\u0131n ve planl\u0131 olmak, zaman\u0131 etkin kullanabilmek<\/p>\n<h2><strong>Haydi ba\u015fvur!<\/strong><\/h2>\n<p>Y\u00f6netici stajyer ba\u015fvuru s\u00fcrecini de son derece e\u011flenceli kurgulad\u0131k.<\/p>\n<p>\u0130\u015fte ba\u015fvuru i\u00e7in s\u0131ras\u0131yla yapman gerekenler:<\/p>\n<p>1. Kariyer.net \u0130\u015f Ara mobil uygulamas\u0131n\u0131 indir<\/p>\n<p>2.<strong>\u201c<a href=\"http:\/\/www.kariyer.net\/is-ilani\/kariyer-net-koltugumu-stajyere-birakiyorum-1599182\" target=\"_blank\" rel=\"noopener\">Koltu\u011fumu Stajyere B\u0131rak\u0131yorum<\/a>\u201d<\/strong> ilan\u0131n\u0131 bul<\/p>\n<p>3. Kendini en yarat\u0131c\u0131 \u015fekilde ifade edece\u011fin <strong><a href=\"http:\/\/www.kariyer.net\/selvi-videolu-ozgecmis\" target=\"_blank\" rel=\"noopener\">SelV\u0130<\/a><\/strong>\u2019yi \u00e7ekerek ilana ba\u015fvur.<\/p>\n<p><em>Not: SelVi, ak\u0131ll\u0131 telefonunun \u00f6n kameras\u0131yla kendini \u00e7ekebilece\u011fin videolu \u00f6zge\u00e7mi\u015f anlam\u0131na geliyor.<\/em><\/p>\n<p>Ba\u015fvuru i\u00e7in \u00e7ekilen t\u00fcm SelVi\u2019ler <a href=\"http:\/\/www.kariyer.net\/staj-basvurusu\/?id=1599182&amp;cp=1&amp;s=1\" target=\"_blank\" rel=\"noopener\"><strong><u>www.kariyer.net\/staj-basvurusu<\/u><\/strong> <strong>sitesinde<\/strong><\/a> oylamaya sunulacak ve en be\u011fenilen be\u015f SelVi\u2019nin sahipleri departman y\u00f6neticilerinin koltuklar\u0131n\u0131 devralacak.<\/p>\n<p><strong>\u201cYarat\u0131c\u0131y\u0131m, o koltu\u011fu kesin ben kapar\u0131m!\u201d<\/strong> diyorsan, haydi Kariyer.net \u0130\u015f Ara uygulamas\u0131n\u0131n ba\u015f\u0131na!<\/p>\n<p>&nbsp;<\/p>\n<p><a href=\"http:\/\/www.kariyer.net\/is-ilani\/kariyer-net-koltugumu-stajyere-birakiyorum-1599182\"><img decoding=\"async\" class=\"alignnone wp-image-7812 size-full\" src=\"http:\/\/www.kariyer.net\/kariyer-rehberi\/wp-content\/uploads\/2016\/06\/basvurbuton.jpg\" alt=\"basvurbuton\" width=\"138\" height=\"36\" \/><\/a><\/p>\n<!-- templates\/buttons-placeholder.php -->\n<div class=\"da-reactions-outer TpostID7791\">\n\t    <div class=\"da-reactions-data da-reactions-container-async center\"\n         data-type=\"post\"\n         data-id=\"7791\"\n         id=\"da-reactions-slot-post-7791\">\n        <div class=\"da-reactions-static\">\n\t\t\t<img src=\"https:\/\/www.kariyer.net\/kariyer-rehberi\/wp-content\/plugins\/da-reactions\/assets\/dist\/loading.svg\" alt=\"Loading spinner\" width=\"48\" height=\"48\" style=\"width:48px\" \/>\n        <\/div>\n    <\/div>\n<\/div>\n","protected":false},"excerpt":{"rendered":"<p>Ya yeni mezunsun, ya da h\u00e2l\u00e2 okuyor ama bir yandan i\u015f d\u00fcnyas\u0131na giri\u015f yapmak istiyorsun. Keyifli ve yarat\u0131c\u0131 bir staj s\u00fcreci ge\u00e7irmek istiyorsan, \u00fcstelik g\u00f6z\u00fcn y\u00f6netici koltu\u011fundaysa, do\u011fru yaz\u0131y\u0131 okuyorsun! Kariyer.net, en yarat\u0131c\u0131 Selvi\u2019yi \u00e7eken be\u015f stajyere, bir ayl\u0131\u011f\u0131na be\u015f ayr\u0131 departman\u0131n y\u00f6netici koltu\u011funu veriyor. Evet yanl\u0131\u015f duymad\u0131n. Staj yapmak hi\u00e7 bu kadar keyifli olmam\u0131\u015ft\u0131. [&hellip;]<\/p>\n<!-- templates\/buttons-placeholder.php -->\n<div class=\"da-reactions-outer TpostID7791\">\n\t    <div class=\"da-reactions-data da-reactions-container-async center\"\n         data-type=\"post\"\n         data-id=\"7791\"\n         id=\"da-reactions-slot-post-7791\">\n        <div class=\"da-reactions-static\">\n\t\t\t<img src=\"https:\/\/www.kariyer.net\/kariyer-rehberi\/wp-content\/plugins\/da-reactions\/assets\/dist\/loading.svg\" alt=\"Loading spinner\" width=\"48\" height=\"48\" style=\"width:48px\" \/>\n        <\/div>\n    <\/div>\n<\/div>\n","protected":false},"author":18,"featured_media":10694,"comment_status":"open","ping_status":"open","sticky":false,"template":"","format":"standard","meta":{"footnotes":"","_elementor_edit_mode":"","_elementor_template_type":"","_elementor_data":"","_elementor_page_settings":null,"_elementor_conditions":[]},"categories":[2211],"tags":[],"class_list":{"0":"post-7791","1":"post","2":"type-post","3":"status-publish","4":"format-standard","5":"has-post-thumbnail","7":"category-kariyer-gelisimi"},"yoast_head":"<!-- This site is optimized with the Yoast SEO Premium plugin v21.4 (Yoast SEO v27.0) - https:\/\/yoast.com\/product\/yoast-seo-premium-wordpress\/ -->\n<title>Kim demi\u015f stajyerden y\u00f6netici olmaz diye! | Kariyer Rehberi<\/title>\n<meta name=\"description\" content=\"Ya yeni mezunsun, ya da h\u00e2l\u00e2 okuyor ama bir yandan i\u015f d\u00fcnyas\u0131na giri\u015f yapmak istiyorsun. Keyifli ve yarat\u0131c\u0131 bir staj s\u00fcreci ge\u00e7irmek istiyorsan, \u00fcstelik\" \/>\n<meta name=\"robots\" content=\"index, follow, max-snippet:-1, max-image-preview:large, max-video-preview:-1\" \/>\n<link rel=\"canonical\" href=\"https:\/\/www.kariyer.net\/kariyer-rehberi\/kim-demis-stajyerden-yonetici-olmaz-diye\/\" \/>\n<meta property=\"og:locale\" content=\"tr_TR\" \/>\n<meta property=\"og:type\" content=\"article\" \/>\n<meta property=\"og:title\" content=\"Kim demi\u015f stajyerden y\u00f6netici olmaz diye!\" \/>\n<meta property=\"og:description\" content=\"Ya yeni mezunsun, ya da h\u00e2l\u00e2 okuyor ama bir yandan i\u015f d\u00fcnyas\u0131na giri\u015f yapmak istiyorsun. Keyifli ve yarat\u0131c\u0131 bir staj s\u00fcreci ge\u00e7irmek istiyorsan, \u00fcstelik\" \/>\n<meta property=\"og:url\" content=\"https:\/\/www.kariyer.net\/kariyer-rehberi\/kim-demis-stajyerden-yonetici-olmaz-diye\/\" \/>\n<meta property=\"og:site_name\" content=\"Kariyer Rehberi\" \/>\n<meta property=\"article:published_time\" content=\"2016-06-24T12:34:02+00:00\" \/>\n<meta property=\"article:modified_time\" content=\"2024-07-03T12:27:46+00:00\" \/>\n<meta property=\"og:image\" content=\"https:\/\/www.kariyer.net\/kariyer-rehberi\/wp-content\/uploads\/2016\/06\/stajyer53535353.jpg\" \/>\n\t<meta property=\"og:image:width\" content=\"900\" \/>\n\t<meta property=\"og:image:height\" content=\"600\" \/>\n\t<meta property=\"og:image:type\" content=\"image\/jpeg\" \/>\n<meta name=\"author\" content=\"\u00c7i\u011fdem \u00c7al\u0131k\" \/>\n<meta name=\"twitter:card\" content=\"summary_large_image\" \/>\n<meta name=\"twitter:label1\" content=\"Yazan:\" \/>\n\t<meta name=\"twitter:data1\" content=\"\u00c7i\u011fdem \u00c7al\u0131k\" \/>\n\t<meta name=\"twitter:label2\" content=\"Tahmini okuma s\u00fcresi\" \/>\n\t<meta name=\"twitter:data2\" content=\"3 dakika\" \/>\n<!-- \/ Yoast SEO Premium plugin. -->","yoast_head_json":{"title":"Kim demi\u015f stajyerden y\u00f6netici olmaz diye! | Kariyer Rehberi","description":"Ya yeni mezunsun, ya da h\u00e2l\u00e2 okuyor ama bir yandan i\u015f d\u00fcnyas\u0131na giri\u015f yapmak istiyorsun. Keyifli ve yarat\u0131c\u0131 bir staj s\u00fcreci ge\u00e7irmek istiyorsan, \u00fcstelik","robots":{"index":"index","follow":"follow","max-snippet":"max-snippet:-1","max-image-preview":"max-image-preview:large","max-video-preview":"max-video-preview:-1"},"canonical":"https:\/\/www.kariyer.net\/kariyer-rehberi\/kim-demis-stajyerden-yonetici-olmaz-diye\/","og_locale":"tr_TR","og_type":"article","og_title":"Kim demi\u015f stajyerden y\u00f6netici olmaz diye!","og_description":"Ya yeni mezunsun, ya da h\u00e2l\u00e2 okuyor ama bir yandan i\u015f d\u00fcnyas\u0131na giri\u015f yapmak istiyorsun. Keyifli ve yarat\u0131c\u0131 bir staj s\u00fcreci ge\u00e7irmek istiyorsan, \u00fcstelik","og_url":"https:\/\/www.kariyer.net\/kariyer-rehberi\/kim-demis-stajyerden-yonetici-olmaz-diye\/","og_site_name":"Kariyer Rehberi","article_published_time":"2016-06-24T12:34:02+00:00","article_modified_time":"2024-07-03T12:27:46+00:00","og_image":[{"width":900,"height":600,"url":"https:\/\/www.kariyer.net\/kariyer-rehberi\/wp-content\/uploads\/2016\/06\/stajyer53535353.jpg","type":"image\/jpeg"}],"author":"\u00c7i\u011fdem \u00c7al\u0131k","twitter_card":"summary_large_image","twitter_misc":{"Yazan:":"\u00c7i\u011fdem \u00c7al\u0131k","Tahmini okuma s\u00fcresi":"3 dakika"},"schema":{"@context":"https:\/\/schema.org","@graph":[{"@type":"Article","@id":"https:\/\/www.kariyer.net\/kariyer-rehberi\/kim-demis-stajyerden-yonetici-olmaz-diye\/#article","isPartOf":{"@id":"https:\/\/www.kariyer.net\/kariyer-rehberi\/kim-demis-stajyerden-yonetici-olmaz-diye\/"},"author":{"name":"\u00c7i\u011fdem \u00c7al\u0131k","@id":"https:\/\/www.kariyer.net\/kariyer-rehberi\/#\/schema\/person\/ef9a2dc2672d3e7352225313b455b447"},"headline":"Kim demi\u015f stajyerden y\u00f6netici olmaz diye!","datePublished":"2016-06-24T12:34:02+00:00","dateModified":"2024-07-03T12:27:46+00:00","mainEntityOfPage":{"@id":"https:\/\/www.kariyer.net\/kariyer-rehberi\/kim-demis-stajyerden-yonetici-olmaz-diye\/"},"wordCount":579,"commentCount":0,"publisher":{"@id":"https:\/\/www.kariyer.net\/kariyer-rehberi\/#organization"},"image":{"@id":"https:\/\/www.kariyer.net\/kariyer-rehberi\/kim-demis-stajyerden-yonetici-olmaz-diye\/#primaryimage"},"thumbnailUrl":"https:\/\/www.kariyer.net\/kariyer-rehberi\/wp-content\/uploads\/2016\/06\/stajyer53535353.jpg","articleSection":["Kariyer Geli\u015fimi"],"inLanguage":"tr","potentialAction":[{"@type":"CommentAction","name":"Comment","target":["https:\/\/www.kariyer.net\/kariyer-rehberi\/kim-demis-stajyerden-yonetici-olmaz-diye\/#respond"]}]},{"@type":"WebPage","@id":"https:\/\/www.kariyer.net\/kariyer-rehberi\/kim-demis-stajyerden-yonetici-olmaz-diye\/","url":"https:\/\/www.kariyer.net\/kariyer-rehberi\/kim-demis-stajyerden-yonetici-olmaz-diye\/","name":"Kim demi\u015f stajyerden y\u00f6netici olmaz diye! | Kariyer Rehberi","isPartOf":{"@id":"https:\/\/www.kariyer.net\/kariyer-rehberi\/#website"},"primaryImageOfPage":{"@id":"https:\/\/www.kariyer.net\/kariyer-rehberi\/kim-demis-stajyerden-yonetici-olmaz-diye\/#primaryimage"},"image":{"@id":"https:\/\/www.kariyer.net\/kariyer-rehberi\/kim-demis-stajyerden-yonetici-olmaz-diye\/#primaryimage"},"thumbnailUrl":"https:\/\/www.kariyer.net\/kariyer-rehberi\/wp-content\/uploads\/2016\/06\/stajyer53535353.jpg","datePublished":"2016-06-24T12:34:02+00:00","dateModified":"2024-07-03T12:27:46+00:00","description":"Ya yeni mezunsun, ya da h\u00e2l\u00e2 okuyor ama bir yandan i\u015f d\u00fcnyas\u0131na giri\u015f yapmak istiyorsun. Keyifli ve yarat\u0131c\u0131 bir staj s\u00fcreci ge\u00e7irmek istiyorsan, \u00fcstelik","breadcrumb":{"@id":"https:\/\/www.kariyer.net\/kariyer-rehberi\/kim-demis-stajyerden-yonetici-olmaz-diye\/#breadcrumb"},"inLanguage":"tr","potentialAction":[{"@type":"ReadAction","target":["https:\/\/www.kariyer.net\/kariyer-rehberi\/kim-demis-stajyerden-yonetici-olmaz-diye\/"]}]},{"@type":"ImageObject","inLanguage":"tr","@id":"https:\/\/www.kariyer.net\/kariyer-rehberi\/kim-demis-stajyerden-yonetici-olmaz-diye\/#primaryimage","url":"https:\/\/www.kariyer.net\/kariyer-rehberi\/wp-content\/uploads\/2016\/06\/stajyer53535353.jpg","contentUrl":"https:\/\/www.kariyer.net\/kariyer-rehberi\/wp-content\/uploads\/2016\/06\/stajyer53535353.jpg","width":900,"height":600},{"@type":"BreadcrumbList","@id":"https:\/\/www.kariyer.net\/kariyer-rehberi\/kim-demis-stajyerden-yonetici-olmaz-diye\/#breadcrumb","itemListElement":[{"@type":"ListItem","position":1,"name":"Anasayfa","item":"https:\/\/www.kariyer.net\/kariyer-rehberi\/"},{"@type":"ListItem","position":2,"name":"Kim demi\u015f stajyerden y\u00f6netici olmaz diye!"}]},{"@type":"WebSite","@id":"https:\/\/www.kariyer.net\/kariyer-rehberi\/#website","url":"https:\/\/www.kariyer.net\/kariyer-rehberi\/","name":"Kariyer Rehberi","description":"\u0130\u015f D\u00fcnyas\u0131yla \u0130lgili Bilmek \u0130stedi\u011finiz Her \u015eey","publisher":{"@id":"https:\/\/www.kariyer.net\/kariyer-rehberi\/#organization"},"potentialAction":[{"@type":"SearchAction","target":{"@type":"EntryPoint","urlTemplate":"https:\/\/www.kariyer.net\/kariyer-rehberi\/?s={search_term_string}"},"query-input":{"@type":"PropertyValueSpecification","valueRequired":true,"valueName":"search_term_string"}}],"inLanguage":"tr"},{"@type":"Organization","@id":"https:\/\/www.kariyer.net\/kariyer-rehberi\/#organization","name":"Kariyer.net","url":"https:\/\/www.kariyer.net\/kariyer-rehberi\/","logo":{"@type":"ImageObject","inLanguage":"tr","@id":"https:\/\/www.kariyer.net\/kariyer-rehberi\/#\/schema\/logo\/image\/","url":"https:\/\/www.kariyer.net\/kariyer-rehberi-new\/wp-content\/uploads\/2023\/01\/og-image11.jpg","contentUrl":"https:\/\/www.kariyer.net\/kariyer-rehberi-new\/wp-content\/uploads\/2023\/01\/og-image11.jpg","width":800,"height":800,"caption":"Kariyer.net"},"image":{"@id":"https:\/\/www.kariyer.net\/kariyer-rehberi\/#\/schema\/logo\/image\/"}},{"@type":"Person","@id":"https:\/\/www.kariyer.net\/kariyer-rehberi\/#\/schema\/person\/ef9a2dc2672d3e7352225313b455b447","name":"\u00c7i\u011fdem \u00c7al\u0131k","image":{"@type":"ImageObject","inLanguage":"tr","@id":"https:\/\/www.kariyer.net\/kariyer-rehberi\/#\/schema\/person\/image\/","url":"https:\/\/secure.gravatar.com\/avatar\/f270bbc5e4e6373aef80de8e9e55d27516cac7be363ef3b53ec26b94063ede66?s=96&d=mm&r=g","contentUrl":"https:\/\/secure.gravatar.com\/avatar\/f270bbc5e4e6373aef80de8e9e55d27516cac7be363ef3b53ec26b94063ede66?s=96&d=mm&r=g","caption":"\u00c7i\u011fdem \u00c7al\u0131k"},"description":"Ege \u00dcniversitesi\u2019nin ard\u0131ndan Galatasaray \u00dcniversitesi Radyo, Sinema, TV b\u00f6l\u00fcm\u00fcnden mezun oldu. Meslek hayat\u0131na reklam yazarl\u0131\u011f\u0131yla ba\u015flad\u0131. D\u00f6rt y\u0131ll\u0131k reklam d\u00fcnyas\u0131 deneyiminden sonra \u00e7e\u015fitli web sitelerinde k\u0131demli edit\u00f6r olarak \u00e7al\u0131\u015ft\u0131. 2015 y\u0131l\u0131nda Kariyer.net\u2019e i\u00e7erik y\u00f6neticisi olarak kat\u0131ld\u0131. \u0130K Blog, Kariyer Rehberi ve Kariyer Dergi i\u00e7in i\u00e7erik \u00fcretiyor.","sameAs":["http:\/\/www.kariyer.net\/kariyer-rehberi\/?p=6323"],"url":"https:\/\/www.kariyer.net\/kariyer-rehberi\/author\/cigdemcalik\/"}]}},"_links":{"self":[{"href":"https:\/\/www.kariyer.net\/kariyer-rehberi\/wp-json\/wp\/v2\/posts\/7791","targetHints":{"allow":["GET"]}}],"collection":[{"href":"https:\/\/www.kariyer.net\/kariyer-rehberi\/wp-json\/wp\/v2\/posts"}],"about":[{"href":"https:\/\/www.kariyer.net\/kariyer-rehberi\/wp-json\/wp\/v2\/types\/post"}],"author":[{"embeddable":true,"href":"https:\/\/www.kariyer.net\/kariyer-rehberi\/wp-json\/wp\/v2\/users\/18"}],"replies":[{"embeddable":true,"href":"https:\/\/www.kariyer.net\/kariyer-rehberi\/wp-json\/wp\/v2\/comments?post=7791"}],"version-history":[{"count":1,"href":"https:\/\/www.kariyer.net\/kariyer-rehberi\/wp-json\/wp\/v2\/posts\/7791\/revisions"}],"predecessor-version":[{"id":19547,"href":"https:\/\/www.kariyer.net\/kariyer-rehberi\/wp-json\/wp\/v2\/posts\/7791\/revisions\/19547"}],"wp:featuredmedia":[{"embeddable":true,"href":"https:\/\/www.kariyer.net\/kariyer-rehberi\/wp-json\/wp\/v2\/media\/10694"}],"wp:attachment":[{"href":"https:\/\/www.kariyer.net\/kariyer-rehberi\/wp-json\/wp\/v2\/media?parent=7791"}],"wp:term":[{"taxonomy":"category","embeddable":true,"href":"https:\/\/www.kariyer.net\/kariyer-rehberi\/wp-json\/wp\/v2\/categories?post=7791"},{"taxonomy":"post_tag","embeddable":true,"href":"https:\/\/www.kariyer.net\/kariyer-rehberi\/wp-json\/wp\/v2\/tags?post=7791"}],"curies":[{"name":"wp","href":"https:\/\/api.w.org\/{rel}","templated":true}]}}