{"id":7950,"date":"2016-08-25T10:52:56","date_gmt":"2016-08-25T07:52:56","guid":{"rendered":"http:\/\/www.kariyer.net\/kariyer-rehberi\/?p=7950"},"modified":"2017-08-29T16:52:04","modified_gmt":"2017-08-29T13:52:04","slug":"ozgecmisin-tarihi","status":"publish","type":"post","link":"https:\/\/www.kariyer.net\/kariyer-rehberi\/ozgecmisin-tarihi\/","title":{"rendered":"\u00d6zge\u00e7mi\u015fin tarihi"},"content":{"rendered":"<p><strong>\u0130lk \u00f6zge\u00e7mi\u015f ne zaman yaz\u0131ld\u0131? M\u00fclakata \u00e7a\u011fr\u0131lmak i\u00e7in \u00f6ncesinde i\u015fverenlere \u00f6zge\u00e7mi\u015f g\u00f6nderme fikri nas\u0131l ortaya \u00e7\u0131kt\u0131? Ge\u00e7mi\u015ften g\u00fcn\u00fcm\u00fcze \u00f6zge\u00e7mi\u015f hangi de\u011fi\u015fimlere u\u011frad\u0131? \u0130\u015fte t\u00fcm bu sorular \u0131\u015f\u0131\u011f\u0131nda \u00f6zge\u00e7mi\u015fin tarihinde sizin i\u00e7in bir yolculu\u011fa \u00e7\u0131kt\u0131k.<\/strong><\/p>\n<p>Yetkinliklerimizi, deneyimlerimizi, e\u011fitim bilgilerimizi yaz\u0131l\u0131 hale getirdi\u011fimiz \u00f6zge\u00e7mi\u015fler i\u015f arama ve i\u015fe al\u0131m s\u00fcre\u00e7lerinin ayr\u0131lmaz par\u00e7as\u0131&#8230; Zaman i\u00e7inde \u00e7ok de\u011fi\u015fen \u00f6zge\u00e7mi\u015fin tarihi san\u0131ld\u0131\u011f\u0131 gibi yak\u0131n tarihe dayanm\u0131yor, \u00fcstelik 1400&#8217;l\u00fc y\u0131llara kadar gidiyor.<\/p>\n<p>G\u00fcn\u00fcm\u00fczde internet kullan\u0131m\u0131n\u0131n yayg\u0131nla\u015fmas\u0131yla birlikte \u00f6zge\u00e7mi\u015fler art\u0131k e-mailler \u00fczerinden payla\u015f\u0131l\u0131r olsa da ge\u00e7mi\u015fte adaylar \u00f6zge\u00e7mi\u015flerini firmalara elden b\u0131rak\u0131yor, gazeteden ilanlar\u0131 takip ediyor, i\u015fverenlere mektup veya faksla ula\u015f\u0131yordu. Peki ya daha da \u00f6nce?<\/p>\n<p>\u00d6zge\u00e7mi\u015fin e\u011flenceli ser\u00fcvenine yak\u0131ndan bakal\u0131m.<\/p>\n<h2><strong>\u00a0<\/strong><strong>\u0130lk \u00f6zge\u00e7mi\u015f ne zaman yaz\u0131ld\u0131?<\/strong><\/h2>\n<p><a href=\"http:\/\/www.kariyer.net\/kariyer-rehberi\/wp-content\/uploads\/2016\/08\/resume.jpg\"><img decoding=\"async\" class=\"alignleft wp-image-7952 \" src=\"http:\/\/www.kariyer.net\/kariyer-rehberi\/wp-content\/uploads\/2016\/08\/resume.jpg\" alt=\"resume\" width=\"183\" height=\"239\" srcset=\"https:\/\/www.kariyer.net\/kariyer-rehberi\/wp-content\/uploads\/2016\/08\/resume.jpg 475w, https:\/\/www.kariyer.net\/kariyer-rehberi\/wp-content\/uploads\/2016\/08\/resume-229x300.jpg 229w\" sizes=\"(max-width: 183px) 100vw, 183px\" \/><\/a>\u0130ngilizce &#8220;<strong>C<\/strong>urriculum <strong>V<\/strong>itae&#8221; s\u00f6zc\u00fcklerinin ilk harflerinin birle\u015fiminden olu\u015fan CV, &#8220;ya\u015fam yolu&#8221;, &#8220;meslek ya\u015fant\u0131s\u0131n\u0131n \u00f6zeti&#8221; anlam\u0131na gelirken, Frans\u0131zca k\u00f6kenli bir s\u00f6zc\u00fck olan &#8220;r\u00e9sum\u00e9&#8221; de anlam olarak &#8220;\u00f6zet&#8221; anlam\u0131na geliyor.\u00a0\u00d6zge\u00e7mi\u015fin atalar\u0131 say\u0131labilecek, \u00fczerinde belli bir tarih ya da g\u00f6nderilecek belli bir ki\u015fi ismi yazmayan ilk \u00f6zge\u00e7mi\u015fin Orta\u00e7a\u011f Avrupa\u2019s\u0131nda ayn\u0131 mesle\u011fi icra eden esnaflar\u0131n olu\u015fturdu\u011fu mesleki \u00f6rg\u00fct olan loncalar\u0131n ba\u015fkanlar\u0131 taraf\u0131ndan yaz\u0131ld\u0131\u011f\u0131 g\u00f6r\u00fcl\u00fcyor.<\/p>\n<p>1482\u2019de Milano D\u00fck\u00fc\u2019n\u00fcn himaye ve deste\u011fini kazanmak i\u00e7in D\u00fcke\u2019e mektup yazan Leonardo Da Vinci\u2019nin \u00f6zge\u00e7mi\u015f yazan ilk ki\u015fi oldu\u011funu belirten kaynaklarda ise Da Vinci\u2019nin asl\u0131nda g\u00fcn\u00fcm\u00fczde hepimizin \u00f6zge\u00e7mi\u015flerimizde yapt\u0131\u011f\u0131 gibi yetenek ve deneyimlerini potansiyel patronuna yazd\u0131\u011f\u0131, b\u00f6ylece de i\u015fe al\u0131m s\u00fcrecinin ayr\u0131lmaz bir par\u00e7as\u0131 haline gelen bir s\u00fcreci ba\u015flatt\u0131\u011f\u0131 kabul ediliyor.<\/p>\n<h2><strong>1500&#8217;l\u00fc y\u0131llarda \u0130ngiltere<\/strong><\/h2>\n<p>1500&#8217;lerin sonuna gelindi\u011finde, arazi \u00f6l\u00e7\u00fcm\u00fc alan\u0131nda 40 y\u0131ll\u0131k tecr\u00fcbesi oldu\u011funu belirten\u00a0 ve beceri, uzmanl\u0131k ve projelerini anlatt\u0131\u011f\u0131 reklam yaz\u0131lar\u0131 yazan\u00a0 \u0130ngiliz kadastrocu Ralph Agas, \u00f6zge\u00e7mi\u015fini halka duyurmak i\u00e7in medyay\u0131 kullanan ilk ki\u015fi olarak tarih sahnesine \u00e7\u0131k\u0131yor. Agas\u2019\u0131n potansiyel m\u00fc\u015fterilerine yapt\u0131\u011f\u0131 hizmetleri duyurmak i\u00e7in yazd\u0131\u011f\u0131 bu belgelere \u00f6zge\u00e7mi\u015f demek h\u00e2l\u00e2 yeterince do\u011fru ifade de\u011filse de ba\u015far\u0131lar\u0131ndan, m\u00fc\u015fterilerin onu neden se\u00e7meleri gerekti\u011finden bahsetti\u011fi i\u00e7in bir \u00f6l\u00e7\u00fcde \u00f6zge\u00e7mi\u015fin geli\u015fimine katk\u0131da bulundu\u011fu s\u00f6ylenebilir.<\/p>\n<p>\u00d6zge\u00e7mi\u015f teriminin kayna\u011f\u0131na y\u00f6nelik baz\u0131 a\u00e7\u0131klamalar seyahat eden bir \u0130ngiliz Lordu\u2019nun mektuplar\u0131n\u0131n giri\u015f b\u00f6l\u00fcm\u00fcn\u00fc &#8220;r\u00e9sum\u00e9&#8221; olarak adland\u0131rd\u0131\u011f\u0131 y\u00f6n\u00fcndeyken baz\u0131 a\u00e7\u0131klamalar ise kavram\u0131n \u0130ngiltere\u2019de \u00f6zellikle Orta\u00e7a\u011f&#8217;da\u00a0\u00fcretim ve i\u015fg\u00fcc\u00fcn\u00fcn d\u00fczenlenmesinde \u00f6nemli g\u00f6revler \u00fcstlenen bir meslek \u00f6rg\u00fctlenmesi olan loncalar aras\u0131nda zamanla geli\u015fti\u011fini belirtiyor. Varl\u0131kl\u0131 patronlar\u0131n arad\u0131klar\u0131 niteliklere uygun esnaf\u0131 kolayl\u0131kla bulmas\u0131 i\u00e7in loncalar\u0131n, bireysel yetenek be tecr\u00fcbelerini vurgulayan \u00f6zge\u00e7mi\u015fler yazd\u0131\u011f\u0131 belirtiliyor.<\/p>\n<h2><strong>20.Y\u00fczy\u0131l<\/strong><\/h2>\n<p>Sanayi Devrimi ile Avrupa \u00fclkelerinde ya\u015fanan b\u00fcy\u00fck ekonomik ve toplumsal d\u00f6n\u00fc\u015f\u00fcmlerle yay\u0131lan liberal ekonomi anlay\u0131\u015f\u0131n\u0131n Orta\u00e7a\u011f Avrupas\u0131&#8217;nda emek-sermaye ili\u015fkilerini belirleyen lonca d\u00fczenine son vermesi, Frans\u0131z Devrimi ile art\u0131k herkesin istedi\u011fi mesle\u011fi se\u00e7ebildi\u011fi hukuk d\u00fczenine ge\u00e7ilmesi ve t\u00fcm meslek \u00f6rg\u00fctlerinin kald\u0131r\u0131lmas\u0131 1600\u2019l\u00fc y\u0131llar ile 20. yy aras\u0131nda \u00f6zge\u00e7mi\u015f konusunda bir bilgi bo\u015flu\u011funa neden oldu\u011fu g\u00f6r\u00fcl\u00fcyor.<\/p>\n<p>1930-50\u2019li y\u0131llarda ise tekrar pop\u00fcler olmaya ba\u015flayan \u00f6zge\u00e7mi\u015fin, m\u00fclakata davet edilmenin bir \u00f6n ko\u015fulu olarak de\u011ferlendirildi\u011fi i\u00e7in formalite olarak haz\u0131rlanmaya ba\u015fland\u0131\u011f\u0131 biliniyor. 1980\u2019lerde \u00f6zge\u00e7mi\u015fe ek olarak, g\u00fcn\u00fcm\u00fczde mimarlar\u0131n portf\u00f6ylerine benzer \u015fekilde projelerinin sergilenmesi i\u00e7in VHS (video home standard) tipi videokasetlerin kullan\u0131ld\u0131\u011f\u0131 g\u00f6r\u00fcl\u00fcyor.\u00a01980\u2019lerde ki\u015fisel bilgisayarlar\u0131n ve Microsoft Word\u2019\u00fcn yayg\u0131nla\u015fmas\u0131yla birlikte \u00f6zge\u00e7mi\u015flerin el yaz\u0131s\u0131 yerine dijital ortamda haz\u0131rlanmas\u0131 \u00f6zge\u00e7mi\u015fi daha standart hale getiriyor ve haz\u0131rlanmas\u0131n\u0131 kolayla\u015ft\u0131r\u0131yor. 1987 y\u0131l\u0131ndan itibaren ise faks makineleri \u00f6zge\u00e7mi\u015f g\u00f6ndermenin en pop\u00fcler yolu olarak kar\u015f\u0131m\u0131za \u00e7\u0131k\u0131yor.<\/p>\n<h2><strong>Dijital \u00c7a\u011f<\/strong><\/h2>\n<p>1990&#8217;da internetin giderek\u00a0yayg\u0131nla\u015fmas\u0131yla birlikte firmalara \u00f6zge\u00e7mi\u015f g\u00f6ndermek bamba\u015fka bir boyuta ula\u015ft\u0131. \u0130nsanlar\u0131n art\u0131k gazeteden reklam sat\u0131n almadan \u00f6zge\u00e7mi\u015flerini duyurabilecekleri CareerBuilder ve\u00a0 Monster.com gibi online kariyer \u015firketleri kuruldu ve giderek daha b\u00fcy\u00fck kitlelere ula\u015ft\u0131. T\u00fcrkiye&#8217;de ise\u00a01999 y\u0131l\u0131nda i\u015f arama ve i\u015fe al\u0131m s\u00fcre\u00e7lerinde yeni nesil teknolojilerle, i\u015f arayanlarla i\u015fverenleri internet ortam\u0131nda bir araya getirmek \u00fczere\u00a0<a href=\"http:\/\/www.kariyer.net\/\">Kariyer.net<\/a> kuruldu. B\u00f6ylece i\u015fverenler art\u0131k\u00a0\u00f6zge\u00e7mi\u015fleri do\u011frudan online olarak bulup adaylar ile ileti\u015fime ge\u00e7meye ba\u015flad\u0131. Yayg\u0131n internet eri\u015fimiyle birlikte e-posta ile \u00f6zge\u00e7mi\u015f g\u00f6nderme olduk\u00e7a pop\u00fcler hale geldi ve devam eden s\u00fcre\u00e7te de internet ile \u00f6zde\u015fle\u015fen \u00f6zge\u00e7mi\u015f bir ad\u0131m daha ileri giderek sosyal medya ile birlikte kullan\u0131lmaya ba\u015fland\u0131. Bunun ard\u0131ndan ise hem i\u015fverenler hem de adaylar i\u00e7in zaman tasarrufu yaratan videolu i\u015f g\u00f6r\u00fc\u015fme platformlar\u0131 geldi.<\/p>\n<p>Bir de tarihleri s\u0131ralayacak olursak;<\/p>\n<p>1482: Leonardo Da Vinci, Milano D\u00fck\u00fc\u2019ne yetenek ve deneyimlerini anlayan mektup yazd\u0131<br \/>\n1596: Ralph Agas, uzmanl\u0131k ve projelerini anlatan reklam yaz\u0131lar\u0131n\u0131 yay\u0131nlad\u0131<br \/>\n1930: \u00d6zge\u00e7mi\u015fler formalite olarak haz\u0131rlan\u0131yordu.<br \/>\n1940: \u00d6zge\u00e7mi\u015fler Facebook profili gibiydi, yas, cinsiyet, boy, kilo gibi bilgileri de i\u00e7eriyordu. (T\u00fcrkiye\u2019de bug\u00fcn bu bilgileri \u00f6zge\u00e7mi\u015fe eklemek halen normal say\u0131l\u0131yor)<br \/>\n1950: \u00d6zge\u00e7mi\u015fler art\u0131k formalite olmaktan \u00e7\u0131km\u0131\u015f ve i\u015fverenler taraf\u0131ndan beklenir oldu<br \/>\n1960: \u00d6zge\u00e7mi\u015fe i\u015f d\u0131\u015f\u0131 ilgi alanlar\u0131 eklendi<br \/>\n1970: \u00d6zge\u00e7mi\u015fler el yaz\u0131s\u0131 yaz\u0131lmadan dijital ortamda haz\u0131rlanmaya ba\u015flad\u0131<br \/>\n1980: Kariyer dan\u0131\u015fmanlar\u0131 ortaya \u00e7\u0131kmaya ba\u015flad\u0131<br \/>\n1983: Microsoft Word ile \u00f6zge\u00e7mi\u015fler daha standart hale geldi<br \/>\n1987: Faks makineleri \u00f6zge\u00e7mi\u015f payla\u015fman\u0131n en pop\u00fcler yolu oldu.<br \/>\n1994: \u0130nternetin kullan\u0131lmaya ba\u015flamas\u0131yla birlikte Monster ve CareerBuilder gibi websiteleri kuruldu<br \/>\n1995: E-mail ile \u00f6zge\u00e7mi\u015f payla\u015f\u0131m\u0131 pop\u00fcler oldu<br \/>\n1996: Adobe Readerin \u00fccretsiz olmas\u0131yla birlikte PDF format\u0131nda \u00f6zge\u00e7mi\u015fler pop\u00fcler hale geldi<br \/>\n1999: T\u00fcrkiye\u2019nin en b\u00fcy\u00fck insan kaynaklar\u0131 platformu olan Kariyer.net kuruldu.<br \/>\n2008: SEO ve anahtar s\u00f6zc\u00fcklerle ki\u015fisel markala\u015fma \u00e7al\u0131\u015fmalar\u0131 ba\u015flad\u0131<br \/>\n2010: \u00d6zge\u00e7mi\u015fler, k\u0131salarak daha fazla multimedya ile sosyal medya linki i\u00e7ermeye ba\u015flad\u0131. Dijital CV&#8217;ler ile informatik CV&#8217;ler yayg\u0131nla\u015ft\u0131<\/p>\n<p>Kaynak:<\/p>\n<p><a href=\"http:\/\/www.davron.net\/history-of-the-resume\/\">http:\/\/www.davron.net\/history-of-the-resume\/<\/a><\/p>\n<p><a href=\"http:\/\/mashable.com\/2011\/09\/04\/history-of-the-resume\/#49W8x_UTPkqQ\">http:\/\/mashable.com\/2011\/09\/04\/history-of-the-resume\/#49W8x_UTPkqQ<\/a><\/p>\n<p>&nbsp;<\/p>\n<p>&nbsp;<\/p>\n<p>&nbsp;<\/p>\n<p>&nbsp;<\/p>\n<p>&nbsp;<\/p>\n<p>&nbsp;<\/p>\n<p>&nbsp;<\/p>\n<p>&nbsp;<\/p>\n<p>&nbsp;<\/p>\n<p>&nbsp;<\/p>\n<!-- templates\/buttons-placeholder.php -->\n<div class=\"da-reactions-outer TpostID7950\">\n\t    <div class=\"da-reactions-data da-reactions-container-async center\"\n         data-type=\"post\"\n         data-id=\"7950\"\n         id=\"da-reactions-slot-post-7950\">\n        <div class=\"da-reactions-static\">\n\t\t\t<img src=\"https:\/\/www.kariyer.net\/kariyer-rehberi\/wp-content\/plugins\/da-reactions\/assets\/dist\/loading.svg\" alt=\"Loading spinner\" width=\"48\" height=\"48\" style=\"width:48px\" \/>\n        <\/div>\n    <\/div>\n<\/div>\n","protected":false},"excerpt":{"rendered":"<p>\u0130lk \u00f6zge\u00e7mi\u015f ne zaman yaz\u0131ld\u0131? M\u00fclakata \u00e7a\u011fr\u0131lmak i\u00e7in \u00f6ncesinde i\u015fverenlere \u00f6zge\u00e7mi\u015f g\u00f6nderme fikri nas\u0131l ortaya \u00e7\u0131kt\u0131? Ge\u00e7mi\u015ften g\u00fcn\u00fcm\u00fcze \u00f6zge\u00e7mi\u015f hangi de\u011fi\u015fimlere u\u011frad\u0131? \u0130\u015fte t\u00fcm bu sorular \u0131\u015f\u0131\u011f\u0131nda \u00f6zge\u00e7mi\u015fin tarihinde sizin i\u00e7in bir yolculu\u011fa \u00e7\u0131kt\u0131k. Yetkinliklerimizi, deneyimlerimizi, e\u011fitim bilgilerimizi yaz\u0131l\u0131 hale getirdi\u011fimiz \u00f6zge\u00e7mi\u015fler i\u015f arama ve i\u015fe al\u0131m s\u00fcre\u00e7lerinin ayr\u0131lmaz par\u00e7as\u0131&#8230; Zaman i\u00e7inde \u00e7ok de\u011fi\u015fen \u00f6zge\u00e7mi\u015fin [&hellip;]<\/p>\n<!-- templates\/buttons-placeholder.php -->\n<div class=\"da-reactions-outer TpostID7950\">\n\t    <div class=\"da-reactions-data da-reactions-container-async center\"\n         data-type=\"post\"\n         data-id=\"7950\"\n         id=\"da-reactions-slot-post-7950\">\n        <div class=\"da-reactions-static\">\n\t\t\t<img src=\"https:\/\/www.kariyer.net\/kariyer-rehberi\/wp-content\/plugins\/da-reactions\/assets\/dist\/loading.svg\" alt=\"Loading spinner\" width=\"48\" height=\"48\" style=\"width:48px\" \/>\n        <\/div>\n    <\/div>\n<\/div>\n","protected":false},"author":22,"featured_media":10766,"comment_status":"open","ping_status":"open","sticky":false,"template":"","format":"standard","meta":{"footnotes":"","_elementor_edit_mode":"","_elementor_template_type":"","_elementor_data":"","_elementor_page_settings":null,"_elementor_conditions":[]},"categories":[34,35],"tags":[],"class_list":{"0":"post-7950","1":"post","2":"type-post","3":"status-publish","4":"format-standard","5":"has-post-thumbnail","7":"category-oz-gecmis","8":"category-ozgecmis-hazirlama"},"yoast_head":"<!-- This site is optimized with the Yoast SEO Premium plugin v21.4 (Yoast SEO v27.0) - https:\/\/yoast.com\/product\/yoast-seo-premium-wordpress\/ -->\n<title>\u00d6zge\u00e7mi\u015fin tarihi | Kariyer Rehberi<\/title>\n<meta name=\"description\" content=\"\u0130lk \u00f6zge\u00e7mi\u015f ne zaman yaz\u0131ld\u0131? M\u00fclakata \u00e7a\u011fr\u0131lmak i\u00e7in \u00f6ncesinde i\u015fverenlere \u00f6zge\u00e7mi\u015f g\u00f6nderme fikri nas\u0131l ortaya \u00e7\u0131kt\u0131? Ge\u00e7mi\u015ften g\u00fcn\u00fcm\u00fcze \u00f6zge\u00e7mi\u015f hangi\" \/>\n<meta name=\"robots\" content=\"index, follow, max-snippet:-1, max-image-preview:large, max-video-preview:-1\" \/>\n<link rel=\"canonical\" href=\"https:\/\/www.kariyer.net\/kariyer-rehberi\/ozgecmisin-tarihi\/\" \/>\n<meta property=\"og:locale\" content=\"tr_TR\" \/>\n<meta property=\"og:type\" content=\"article\" \/>\n<meta property=\"og:title\" content=\"\u00d6zge\u00e7mi\u015fin tarihi\" \/>\n<meta property=\"og:description\" content=\"\u0130lk \u00f6zge\u00e7mi\u015f ne zaman yaz\u0131ld\u0131? M\u00fclakata \u00e7a\u011fr\u0131lmak i\u00e7in \u00f6ncesinde i\u015fverenlere \u00f6zge\u00e7mi\u015f g\u00f6nderme fikri nas\u0131l ortaya \u00e7\u0131kt\u0131? Ge\u00e7mi\u015ften g\u00fcn\u00fcm\u00fcze \u00f6zge\u00e7mi\u015f hangi\" \/>\n<meta property=\"og:url\" content=\"https:\/\/www.kariyer.net\/kariyer-rehberi\/ozgecmisin-tarihi\/\" \/>\n<meta property=\"og:site_name\" content=\"Kariyer Rehberi\" \/>\n<meta property=\"article:published_time\" content=\"2016-08-25T07:52:56+00:00\" \/>\n<meta property=\"article:modified_time\" content=\"2017-08-29T13:52:04+00:00\" \/>\n<meta property=\"og:image\" content=\"https:\/\/www.kariyer.net\/kariyer-rehberi\/wp-content\/uploads\/2016\/08\/ozgecm\u0131s57872545.jpg\" \/>\n\t<meta property=\"og:image:width\" content=\"900\" \/>\n\t<meta property=\"og:image:height\" content=\"600\" \/>\n\t<meta property=\"og:image:type\" content=\"image\/jpeg\" \/>\n<meta name=\"author\" content=\"Sinem G\u00fcler\" \/>\n<meta name=\"twitter:card\" content=\"summary_large_image\" \/>\n<meta name=\"twitter:label1\" content=\"Yazan:\" \/>\n\t<meta name=\"twitter:data1\" content=\"Sinem G\u00fcler\" \/>\n\t<meta name=\"twitter:label2\" content=\"Tahmini okuma s\u00fcresi\" \/>\n\t<meta name=\"twitter:data2\" content=\"6 dakika\" \/>\n<!-- \/ Yoast SEO Premium plugin. -->","yoast_head_json":{"title":"\u00d6zge\u00e7mi\u015fin tarihi | Kariyer Rehberi","description":"\u0130lk \u00f6zge\u00e7mi\u015f ne zaman yaz\u0131ld\u0131? M\u00fclakata \u00e7a\u011fr\u0131lmak i\u00e7in \u00f6ncesinde i\u015fverenlere \u00f6zge\u00e7mi\u015f g\u00f6nderme fikri nas\u0131l ortaya \u00e7\u0131kt\u0131? Ge\u00e7mi\u015ften g\u00fcn\u00fcm\u00fcze \u00f6zge\u00e7mi\u015f hangi","robots":{"index":"index","follow":"follow","max-snippet":"max-snippet:-1","max-image-preview":"max-image-preview:large","max-video-preview":"max-video-preview:-1"},"canonical":"https:\/\/www.kariyer.net\/kariyer-rehberi\/ozgecmisin-tarihi\/","og_locale":"tr_TR","og_type":"article","og_title":"\u00d6zge\u00e7mi\u015fin tarihi","og_description":"\u0130lk \u00f6zge\u00e7mi\u015f ne zaman yaz\u0131ld\u0131? M\u00fclakata \u00e7a\u011fr\u0131lmak i\u00e7in \u00f6ncesinde i\u015fverenlere \u00f6zge\u00e7mi\u015f g\u00f6nderme fikri nas\u0131l ortaya \u00e7\u0131kt\u0131? Ge\u00e7mi\u015ften g\u00fcn\u00fcm\u00fcze \u00f6zge\u00e7mi\u015f hangi","og_url":"https:\/\/www.kariyer.net\/kariyer-rehberi\/ozgecmisin-tarihi\/","og_site_name":"Kariyer Rehberi","article_published_time":"2016-08-25T07:52:56+00:00","article_modified_time":"2017-08-29T13:52:04+00:00","og_image":[{"width":900,"height":600,"url":"https:\/\/www.kariyer.net\/kariyer-rehberi\/wp-content\/uploads\/2016\/08\/ozgecm\u0131s57872545.jpg","type":"image\/jpeg"}],"author":"Sinem G\u00fcler","twitter_card":"summary_large_image","twitter_misc":{"Yazan:":"Sinem G\u00fcler","Tahmini okuma s\u00fcresi":"6 dakika"},"schema":{"@context":"https:\/\/schema.org","@graph":[{"@type":"Article","@id":"https:\/\/www.kariyer.net\/kariyer-rehberi\/ozgecmisin-tarihi\/#article","isPartOf":{"@id":"https:\/\/www.kariyer.net\/kariyer-rehberi\/ozgecmisin-tarihi\/"},"author":{"name":"Sinem G\u00fcler","@id":"https:\/\/www.kariyer.net\/kariyer-rehberi\/#\/schema\/person\/446a1dd87e070460ec44d51ceeaa163b"},"headline":"\u00d6zge\u00e7mi\u015fin tarihi","datePublished":"2016-08-25T07:52:56+00:00","dateModified":"2017-08-29T13:52:04+00:00","mainEntityOfPage":{"@id":"https:\/\/www.kariyer.net\/kariyer-rehberi\/ozgecmisin-tarihi\/"},"wordCount":1213,"commentCount":0,"publisher":{"@id":"https:\/\/www.kariyer.net\/kariyer-rehberi\/#organization"},"image":{"@id":"https:\/\/www.kariyer.net\/kariyer-rehberi\/ozgecmisin-tarihi\/#primaryimage"},"thumbnailUrl":"https:\/\/www.kariyer.net\/kariyer-rehberi\/wp-content\/uploads\/2016\/08\/ozgecm\u0131s57872545.jpg","articleSection":["\u00d6zge\u00e7mi\u015f","\u00d6zge\u00e7mi\u015f Haz\u0131rlama"],"inLanguage":"tr","potentialAction":[{"@type":"CommentAction","name":"Comment","target":["https:\/\/www.kariyer.net\/kariyer-rehberi\/ozgecmisin-tarihi\/#respond"]}]},{"@type":"WebPage","@id":"https:\/\/www.kariyer.net\/kariyer-rehberi\/ozgecmisin-tarihi\/","url":"https:\/\/www.kariyer.net\/kariyer-rehberi\/ozgecmisin-tarihi\/","name":"\u00d6zge\u00e7mi\u015fin tarihi | Kariyer Rehberi","isPartOf":{"@id":"https:\/\/www.kariyer.net\/kariyer-rehberi\/#website"},"primaryImageOfPage":{"@id":"https:\/\/www.kariyer.net\/kariyer-rehberi\/ozgecmisin-tarihi\/#primaryimage"},"image":{"@id":"https:\/\/www.kariyer.net\/kariyer-rehberi\/ozgecmisin-tarihi\/#primaryimage"},"thumbnailUrl":"https:\/\/www.kariyer.net\/kariyer-rehberi\/wp-content\/uploads\/2016\/08\/ozgecm\u0131s57872545.jpg","datePublished":"2016-08-25T07:52:56+00:00","dateModified":"2017-08-29T13:52:04+00:00","description":"\u0130lk \u00f6zge\u00e7mi\u015f ne zaman yaz\u0131ld\u0131? M\u00fclakata \u00e7a\u011fr\u0131lmak i\u00e7in \u00f6ncesinde i\u015fverenlere \u00f6zge\u00e7mi\u015f g\u00f6nderme fikri nas\u0131l ortaya \u00e7\u0131kt\u0131? Ge\u00e7mi\u015ften g\u00fcn\u00fcm\u00fcze \u00f6zge\u00e7mi\u015f hangi","breadcrumb":{"@id":"https:\/\/www.kariyer.net\/kariyer-rehberi\/ozgecmisin-tarihi\/#breadcrumb"},"inLanguage":"tr","potentialAction":[{"@type":"ReadAction","target":["https:\/\/www.kariyer.net\/kariyer-rehberi\/ozgecmisin-tarihi\/"]}]},{"@type":"ImageObject","inLanguage":"tr","@id":"https:\/\/www.kariyer.net\/kariyer-rehberi\/ozgecmisin-tarihi\/#primaryimage","url":"https:\/\/www.kariyer.net\/kariyer-rehberi\/wp-content\/uploads\/2016\/08\/ozgecm\u0131s57872545.jpg","contentUrl":"https:\/\/www.kariyer.net\/kariyer-rehberi\/wp-content\/uploads\/2016\/08\/ozgecm\u0131s57872545.jpg","width":900,"height":600},{"@type":"BreadcrumbList","@id":"https:\/\/www.kariyer.net\/kariyer-rehberi\/ozgecmisin-tarihi\/#breadcrumb","itemListElement":[{"@type":"ListItem","position":1,"name":"Anasayfa","item":"https:\/\/www.kariyer.net\/kariyer-rehberi\/"},{"@type":"ListItem","position":2,"name":"\u00d6zge\u00e7mi\u015fin tarihi"}]},{"@type":"WebSite","@id":"https:\/\/www.kariyer.net\/kariyer-rehberi\/#website","url":"https:\/\/www.kariyer.net\/kariyer-rehberi\/","name":"Kariyer Rehberi","description":"\u0130\u015f D\u00fcnyas\u0131yla \u0130lgili Bilmek \u0130stedi\u011finiz Her \u015eey","publisher":{"@id":"https:\/\/www.kariyer.net\/kariyer-rehberi\/#organization"},"potentialAction":[{"@type":"SearchAction","target":{"@type":"EntryPoint","urlTemplate":"https:\/\/www.kariyer.net\/kariyer-rehberi\/?s={search_term_string}"},"query-input":{"@type":"PropertyValueSpecification","valueRequired":true,"valueName":"search_term_string"}}],"inLanguage":"tr"},{"@type":"Organization","@id":"https:\/\/www.kariyer.net\/kariyer-rehberi\/#organization","name":"Kariyer.net","url":"https:\/\/www.kariyer.net\/kariyer-rehberi\/","logo":{"@type":"ImageObject","inLanguage":"tr","@id":"https:\/\/www.kariyer.net\/kariyer-rehberi\/#\/schema\/logo\/image\/","url":"https:\/\/www.kariyer.net\/kariyer-rehberi-new\/wp-content\/uploads\/2023\/01\/og-image11.jpg","contentUrl":"https:\/\/www.kariyer.net\/kariyer-rehberi-new\/wp-content\/uploads\/2023\/01\/og-image11.jpg","width":800,"height":800,"caption":"Kariyer.net"},"image":{"@id":"https:\/\/www.kariyer.net\/kariyer-rehberi\/#\/schema\/logo\/image\/"}},{"@type":"Person","@id":"https:\/\/www.kariyer.net\/kariyer-rehberi\/#\/schema\/person\/446a1dd87e070460ec44d51ceeaa163b","name":"Sinem G\u00fcler","image":{"@type":"ImageObject","inLanguage":"tr","@id":"https:\/\/www.kariyer.net\/kariyer-rehberi\/#\/schema\/person\/image\/","url":"https:\/\/secure.gravatar.com\/avatar\/b3a500e27f2af715cec184f361d5e9ae3ddaaf2ebe633f093ea6f5036b4a390b?s=96&d=mm&r=g","contentUrl":"https:\/\/secure.gravatar.com\/avatar\/b3a500e27f2af715cec184f361d5e9ae3ddaaf2ebe633f093ea6f5036b4a390b?s=96&d=mm&r=g","caption":"Sinem G\u00fcler"},"url":"https:\/\/www.kariyer.net\/kariyer-rehberi\/author\/sinemguler\/"}]}},"_links":{"self":[{"href":"https:\/\/www.kariyer.net\/kariyer-rehberi\/wp-json\/wp\/v2\/posts\/7950","targetHints":{"allow":["GET"]}}],"collection":[{"href":"https:\/\/www.kariyer.net\/kariyer-rehberi\/wp-json\/wp\/v2\/posts"}],"about":[{"href":"https:\/\/www.kariyer.net\/kariyer-rehberi\/wp-json\/wp\/v2\/types\/post"}],"author":[{"embeddable":true,"href":"https:\/\/www.kariyer.net\/kariyer-rehberi\/wp-json\/wp\/v2\/users\/22"}],"replies":[{"embeddable":true,"href":"https:\/\/www.kariyer.net\/kariyer-rehberi\/wp-json\/wp\/v2\/comments?post=7950"}],"version-history":[{"count":0,"href":"https:\/\/www.kariyer.net\/kariyer-rehberi\/wp-json\/wp\/v2\/posts\/7950\/revisions"}],"wp:featuredmedia":[{"embeddable":true,"href":"https:\/\/www.kariyer.net\/kariyer-rehberi\/wp-json\/wp\/v2\/media\/10766"}],"wp:attachment":[{"href":"https:\/\/www.kariyer.net\/kariyer-rehberi\/wp-json\/wp\/v2\/media?parent=7950"}],"wp:term":[{"taxonomy":"category","embeddable":true,"href":"https:\/\/www.kariyer.net\/kariyer-rehberi\/wp-json\/wp\/v2\/categories?post=7950"},{"taxonomy":"post_tag","embeddable":true,"href":"https:\/\/www.kariyer.net\/kariyer-rehberi\/wp-json\/wp\/v2\/tags?post=7950"}],"curies":[{"name":"wp","href":"https:\/\/api.w.org\/{rel}","templated":true}]}}