{"id":8125,"date":"2016-08-31T15:43:37","date_gmt":"2016-08-31T12:43:37","guid":{"rendered":"http:\/\/www.kariyer.net\/kariyer-rehberi\/?p=8125"},"modified":"2024-07-03T15:10:45","modified_gmt":"2024-07-03T12:10:45","slug":"grafik-tasarim-alaninda-kariyer-yapmak-isteyenlere-oneriler","status":"publish","type":"post","link":"https:\/\/www.kariyer.net\/kariyer-rehberi\/grafik-tasarim-alaninda-kariyer-yapmak-isteyenlere-oneriler\/","title":{"rendered":"Grafik tasar\u0131m alan\u0131nda kariyer yapmak isteyenlere \u00f6neriler"},"content":{"rendered":"<p><strong>Grafik tasar\u0131m her sekt\u00f6r i\u00e7in giderek daha da \u00f6nemli hale gelen bir i\u015f kolu. Logo ve kurumsal kimlikten, ilan ve yarat\u0131c\u0131 konsept tasar\u0131m\u0131na kadar pek \u00e7ok farkl\u0131 alanda hizmet veren grafik tasar\u0131mc\u0131lar \u015firketler i\u00e7in ge\u00e7mi\u015fte oldu\u011fundan daha kritik bir role sahip. Kariyerini grafik tasar\u0131m \u00fczerine kurgulamak isteyenler i\u00e7in baz\u0131 \u00f6nerileri derledik.<\/strong><\/p>\n<p><img fetchpriority=\"high\" decoding=\"async\" class=\"alignnone size-full wp-image-8126\" src=\"http:\/\/www.kariyer.net\/kariyer-rehberi\/wp-content\/uploads\/2016\/08\/grafik-tasarim.jpg\" alt=\"grafik-tasarim\" width=\"600\" height=\"300\" srcset=\"https:\/\/www.kariyer.net\/kariyer-rehberi\/wp-content\/uploads\/2016\/08\/grafik-tasarim.jpg 600w, https:\/\/www.kariyer.net\/kariyer-rehberi\/wp-content\/uploads\/2016\/08\/grafik-tasarim-300x150.jpg 300w\" sizes=\"(max-width: 600px) 100vw, 600px\" \/><\/p>\n<p>Bug\u00fcn hem kurumsal hem de sanat d\u00fcnyas\u0131nda tasar\u0131m eskisinden daha fazla \u00f6nemseniyor. \u015eirketler kurumsal kimlikleri, outdoor reklamlar\u0131, ilan tasar\u0131mlar\u0131 ve logolar\u0131 s\u00f6z konusu oldu\u011funda yarat\u0131c\u0131l\u0131\u011f\u0131 \u00f6nemsiyor, farkl\u0131l\u0131\u011f\u0131n \u00fczerinde duruyor. <strong><a href=\"http:\/\/www.kariyer.net\/is-ilanlari\/grafik+tasarim+uzmani\" target=\"_blank\" rel=\"noopener\">Grafik tasar\u0131m<\/a><\/strong> mezunu olan ve kariyer yolunu \u00e7izmeye haz\u0131rlanan <strong><a href=\"http:\/\/www.kariyer.net\/kariyer-rehberi\/yeni-mezunlara-ilham-verecek-6-ted-videosu\/\" target=\"_blank\" rel=\"noopener\">yeni mezunlar<\/a><\/strong> i\u00e7in genel ge\u00e7er baz\u0131 p\u00fcf noktalar\u0131n\u0131 derledik.<\/p>\n<p>\u0130\u015fte grafik tasar\u0131mc\u0131lara \u00f6zel baz\u0131 tavsiyeler:<\/p>\n<h2><strong>Tasar\u0131m etkinlikleri<\/strong><\/h2>\n<p>Hem okul s\u00fcresince hem de okul sonras\u0131nda sergilerden etkinliklere kadar geni\u015f bir yelpazede etkinliklere kat\u0131lmak, burada ki\u015fisel \u00e7al\u0131\u015fmalarla yer almak ve modern tasar\u0131ma dair uygulamalarda fikir sahibi olmak \u00e7ok \u00f6nemli. Kurumsal d\u00fcnyada ve tasar\u0131m atmosferinde neler olup bitti\u011fini anlamak i\u00e7in g\u00f6n\u00fcll\u00fcl\u00fck ya da <strong><a href=\"http:\/\/www.kariyer.net\/kariyer-rehberi\/staj-yapsam-mi-yapmasam-mi\/\" target=\"_blank\" rel=\"noopener\">stajyerlik<\/a><\/strong> opsiyonlar\u0131n\u0131 iyi de\u011ferlendirmek ve daha deneyimli ki\u015filerle etkile\u015fim i\u00e7inde olmak gerekiyor.<\/p>\n<h2><strong>G\u00f6n\u00fcll\u00fc projeler\u00a0<\/strong><\/h2>\n<p>Bir grafik tasar\u0131mc\u0131 olarak mezun olurken portfolyo sahibi olmak piyasada fazlas\u0131yla \u00f6nemseniyor. Sadece okulda yap\u0131lan \u00e7al\u0131\u015fmalarla yetinmeyip g\u00f6n\u00fcll\u00fc projelere kat\u0131lmak, dernek ya da STK\u2019lar i\u00e7in tasar\u0131mlar yapmak sa\u011flam bir deneyimi beraberinde getiriyor. Bu \u015fekilde \u00f6ne \u00e7\u0131kmak ve fark yaratmak \u00e7ok daha kolay.<\/p>\n<h2><strong>Stajyerlik<\/strong><\/h2>\n<p>Tasar\u0131m anlay\u0131\u015f\u0131n\u0131za uygun bir ajansta ya da kurumda \u00e7al\u0131\u015fmak i\u00e7in bu y\u00f6nde bir ad\u0131m atmak \u00f6nemli. \u0130yi bir tasar\u0131m ofisinde deneyimli tasar\u0131mc\u0131larla \u00e7al\u0131\u015fmak, projelerin nas\u0131l y\u00fcr\u00fct\u00fcld\u00fc\u011f\u00fcn\u00fc g\u00f6rmek, tasar\u0131m kurallar\u0131n\u0131 daha iyi g\u00f6zlemlemek a\u00e7\u0131s\u0131ndan \u00e7ok de\u011ferli.<\/p>\n<h2><strong>Network<\/strong><\/h2>\n<p>Size i\u015f paslayacak ve her anlamda katk\u0131da bulunacak bir <strong><a href=\"http:\/\/www.kariyer.net\/kariyer-rehberi\/mezun-olali-cok-oldu-neden-hala-is-ariyorum\/\" target=\"_blank\" rel=\"noopener\">ki\u015filer a\u011f\u0131<\/a><\/strong> olu\u015fturmak da son derece \u00f6nemli. Vakti olmayan ya da projenin size daha uygun olaca\u011f\u0131n\u0131 d\u00fc\u015f\u00fcnen bir arkada\u015f\u0131n iletebilece\u011fi i\u015f f\u0131rsatlar\u0131yla deneyim ve hatta para kazanman\u0131z kolayla\u015fabilir. Bu nedenle forumlara ve <strong><a href=\"http:\/\/www.kariyer.net\/kariyer-rehberi\/evden-calismak-istedigine-emin-misin\/\" target=\"_blank\" rel=\"noopener\">freelance<\/a><\/strong> i\u015f sitelerine \u00fcye olmak, ki\u015fisel kontaklar olu\u015fturmak \u00e7ok kritik.<\/p>\n<p><img decoding=\"async\" class=\"alignnone size-full wp-image-8127\" src=\"http:\/\/www.kariyer.net\/kariyer-rehberi\/wp-content\/uploads\/2016\/08\/grafik-tasarim1.jpg\" alt=\"grafik-tasarim1\" width=\"600\" height=\"300\" srcset=\"https:\/\/www.kariyer.net\/kariyer-rehberi\/wp-content\/uploads\/2016\/08\/grafik-tasarim1.jpg 600w, https:\/\/www.kariyer.net\/kariyer-rehberi\/wp-content\/uploads\/2016\/08\/grafik-tasarim1-300x150.jpg 300w\" sizes=\"(max-width: 600px) 100vw, 600px\" \/><\/p>\n<h2><strong>Ki\u015fisel marka<\/strong><\/h2>\n<p>Yapt\u0131\u011f\u0131n\u0131z i\u015flerin daha geni\u015f bir kitleye ula\u015fmas\u0131n\u0131 sa\u011flamak, d\u00fczenli bir portfolyo meydana getirmek ve i\u015flerinizi sosyal medyada da payla\u015fabilmek i\u00e7in basit bir web sitesi ya da blog tasarlaman\u0131z <strong><a href=\"http:\/\/www.kariyer.net\/kariyer-rehberi\/is-hayatina-yeni-atilanlar-icin-5-kisisel-markalasma-araci\/\" target=\"_blank\" rel=\"noopener\">ki\u015fisel markan\u0131z\u0131<\/a><\/strong> olu\u015fturmak a\u00e7\u0131s\u0131ndan \u00e7ok faydal\u0131. Bu \u015fekilde fark edilmek de kolayla\u015f\u0131yor.<\/p>\n<h2><strong>Di\u011fer yetenekler<\/strong><\/h2>\n<p>Kullan\u0131lan grafik tasar\u0131m programlar\u0131 d\u0131\u015f\u0131nda aday\u0131n ba\u015fka \u00f6zelliklerini de \u00f6ne \u00e7\u0131karmas\u0131 \u00f6nemli. E\u011fer ba\u015fka programlar, teknik beceriler, dil ya da e\u011fitim bilgileri varsa mutlaka CV\u2019ye ve var olan platformlara eklemek gerekiyor.<\/p>\n<h2><strong>Yar\u0131\u015fmalar<\/strong><\/h2>\n<p>Bug\u00fcn en \u00e7ok yar\u0131\u015fman\u0131n d\u00fczenlendi\u011fi i\u015f kollar\u0131ndan biri de grafik tasar\u0131m. CV\u2019ye eklenecek \u00f6d\u00fcllerin i\u015fveren g\u00f6z\u00fcnde ne kadar etkileyici olabilece\u011fini s\u00f6ylemeye gerek yok.<\/p>\n<h2><strong>Ki\u015fisel geli\u015fim<\/strong><\/h2>\n<p>Grafik tasar\u0131m bug\u00fcn bir sanat kolu ve pek \u00e7ok ba\u015fka dalla <strong><a href=\"http:\/\/www.kariyer.net\/kariyer-rehberi\/buyuklerden-yeni-mezunlara-altin-ogutler\/\" target=\"_blank\" rel=\"noopener\">etkile\u015fim<\/a><\/strong> i\u00e7erisinde. Fark yaratan bir grafik tasar\u0131m uzman\u0131 olmak i\u00e7in sinema, resim, kitap, heykel gibi pek \u00e7ok farkl\u0131 koldan destek almak \u00f6nemli. Bu nedenle tasar\u0131mc\u0131lar\u0131n bol bol okumas\u0131, trendleri ve teknikleri takip etmesi gerekiyor.<\/p>\n<p><a href=\"http:\/\/www.kariyer.net\/is-ilanlari\/grafik+tasarim+uzmani\"><img decoding=\"async\" class=\"alignnone wp-image-8129 size-full\" src=\"http:\/\/www.kariyer.net\/kariyer-rehberi\/wp-content\/uploads\/2016\/08\/ilanlara-basvur.png\" alt=\"ilanlara-basvur\" width=\"239\" height=\"46\" \/><\/a><\/p>\n<!-- templates\/buttons-placeholder.php -->\n<div class=\"da-reactions-outer TpostID8125\">\n\t    <div class=\"da-reactions-data da-reactions-container-async center\"\n         data-type=\"post\"\n         data-id=\"8125\"\n         id=\"da-reactions-slot-post-8125\">\n        <div class=\"da-reactions-static\">\n\t\t\t<img src=\"https:\/\/www.kariyer.net\/kariyer-rehberi\/wp-content\/plugins\/da-reactions\/assets\/dist\/loading.svg\" alt=\"Loading spinner\" width=\"48\" height=\"48\" style=\"width:48px\" \/>\n        <\/div>\n    <\/div>\n<\/div>\n","protected":false},"excerpt":{"rendered":"<p>Grafik tasar\u0131m her sekt\u00f6r i\u00e7in giderek daha da \u00f6nemli hale gelen bir i\u015f kolu. Logo ve kurumsal kimlikten, ilan ve yarat\u0131c\u0131 konsept tasar\u0131m\u0131na kadar pek \u00e7ok farkl\u0131 alanda hizmet veren grafik tasar\u0131mc\u0131lar \u015firketler i\u00e7in ge\u00e7mi\u015fte oldu\u011fundan daha kritik bir role sahip. Kariyerini grafik tasar\u0131m \u00fczerine kurgulamak isteyenler i\u00e7in baz\u0131 \u00f6nerileri derledik. Bug\u00fcn hem kurumsal hem [&hellip;]<\/p>\n<!-- templates\/buttons-placeholder.php -->\n<div class=\"da-reactions-outer TpostID8125\">\n\t    <div class=\"da-reactions-data da-reactions-container-async center\"\n         data-type=\"post\"\n         data-id=\"8125\"\n         id=\"da-reactions-slot-post-8125\">\n        <div class=\"da-reactions-static\">\n\t\t\t<img src=\"https:\/\/www.kariyer.net\/kariyer-rehberi\/wp-content\/plugins\/da-reactions\/assets\/dist\/loading.svg\" alt=\"Loading spinner\" width=\"48\" height=\"48\" style=\"width:48px\" \/>\n        <\/div>\n    <\/div>\n<\/div>\n","protected":false},"author":18,"featured_media":8126,"comment_status":"open","ping_status":"open","sticky":false,"template":"","format":"standard","meta":{"footnotes":"","_elementor_edit_mode":"","_elementor_template_type":"","_elementor_data":"","_elementor_page_settings":null,"_elementor_conditions":[]},"categories":[46,2211],"tags":[],"class_list":{"0":"post-8125","1":"post","2":"type-post","3":"status-publish","4":"format-standard","5":"has-post-thumbnail","7":"category-is-hayati","8":"category-kariyer-gelisimi"},"yoast_head":"<!-- This site is optimized with the Yoast SEO Premium plugin v21.4 (Yoast SEO v27.0) - https:\/\/yoast.com\/product\/yoast-seo-premium-wordpress\/ -->\n<title>Grafik tasar\u0131m alan\u0131nda kariyer yapmak isteyenlere \u00f6neriler | Kariyer Rehberi<\/title>\n<meta name=\"description\" content=\"Grafik tasar\u0131m her sekt\u00f6r i\u00e7in giderek daha da \u00f6nemli hale gelen bir i\u015f kolu. Logo ve kurumsal kimlikten, ilan ve yarat\u0131c\u0131 konsept tasar\u0131m\u0131na kadar pek\" \/>\n<meta name=\"robots\" content=\"index, follow, max-snippet:-1, max-image-preview:large, max-video-preview:-1\" \/>\n<link rel=\"canonical\" href=\"https:\/\/www.kariyer.net\/kariyer-rehberi\/grafik-tasarim-alaninda-kariyer-yapmak-isteyenlere-oneriler\/\" \/>\n<meta property=\"og:locale\" content=\"tr_TR\" \/>\n<meta property=\"og:type\" content=\"article\" \/>\n<meta property=\"og:title\" content=\"Grafik tasar\u0131m alan\u0131nda kariyer yapmak isteyenlere \u00f6neriler\" \/>\n<meta property=\"og:description\" content=\"Grafik tasar\u0131m her sekt\u00f6r i\u00e7in giderek daha da \u00f6nemli hale gelen bir i\u015f kolu. Logo ve kurumsal kimlikten, ilan ve yarat\u0131c\u0131 konsept tasar\u0131m\u0131na kadar pek\" \/>\n<meta property=\"og:url\" content=\"https:\/\/www.kariyer.net\/kariyer-rehberi\/grafik-tasarim-alaninda-kariyer-yapmak-isteyenlere-oneriler\/\" \/>\n<meta property=\"og:site_name\" content=\"Kariyer Rehberi\" \/>\n<meta property=\"article:published_time\" content=\"2016-08-31T12:43:37+00:00\" \/>\n<meta property=\"article:modified_time\" content=\"2024-07-03T12:10:45+00:00\" \/>\n<meta property=\"og:image\" content=\"https:\/\/www.kariyer.net\/kariyer-rehberi\/wp-content\/uploads\/2016\/08\/grafik-tasarim.jpg\" \/>\n\t<meta property=\"og:image:width\" content=\"600\" \/>\n\t<meta property=\"og:image:height\" content=\"300\" \/>\n\t<meta property=\"og:image:type\" content=\"image\/jpeg\" \/>\n<meta name=\"author\" content=\"\u00c7i\u011fdem \u00c7al\u0131k\" \/>\n<meta name=\"twitter:card\" content=\"summary_large_image\" \/>\n<meta name=\"twitter:label1\" content=\"Yazan:\" \/>\n\t<meta name=\"twitter:data1\" content=\"\u00c7i\u011fdem \u00c7al\u0131k\" \/>\n\t<meta name=\"twitter:label2\" content=\"Tahmini okuma s\u00fcresi\" \/>\n\t<meta name=\"twitter:data2\" content=\"3 dakika\" \/>\n<!-- \/ Yoast SEO Premium plugin. -->","yoast_head_json":{"title":"Grafik tasar\u0131m alan\u0131nda kariyer yapmak isteyenlere \u00f6neriler | Kariyer Rehberi","description":"Grafik tasar\u0131m her sekt\u00f6r i\u00e7in giderek daha da \u00f6nemli hale gelen bir i\u015f kolu. Logo ve kurumsal kimlikten, ilan ve yarat\u0131c\u0131 konsept tasar\u0131m\u0131na kadar pek","robots":{"index":"index","follow":"follow","max-snippet":"max-snippet:-1","max-image-preview":"max-image-preview:large","max-video-preview":"max-video-preview:-1"},"canonical":"https:\/\/www.kariyer.net\/kariyer-rehberi\/grafik-tasarim-alaninda-kariyer-yapmak-isteyenlere-oneriler\/","og_locale":"tr_TR","og_type":"article","og_title":"Grafik tasar\u0131m alan\u0131nda kariyer yapmak isteyenlere \u00f6neriler","og_description":"Grafik tasar\u0131m her sekt\u00f6r i\u00e7in giderek daha da \u00f6nemli hale gelen bir i\u015f kolu. Logo ve kurumsal kimlikten, ilan ve yarat\u0131c\u0131 konsept tasar\u0131m\u0131na kadar pek","og_url":"https:\/\/www.kariyer.net\/kariyer-rehberi\/grafik-tasarim-alaninda-kariyer-yapmak-isteyenlere-oneriler\/","og_site_name":"Kariyer Rehberi","article_published_time":"2016-08-31T12:43:37+00:00","article_modified_time":"2024-07-03T12:10:45+00:00","og_image":[{"width":600,"height":300,"url":"https:\/\/www.kariyer.net\/kariyer-rehberi\/wp-content\/uploads\/2016\/08\/grafik-tasarim.jpg","type":"image\/jpeg"}],"author":"\u00c7i\u011fdem \u00c7al\u0131k","twitter_card":"summary_large_image","twitter_misc":{"Yazan:":"\u00c7i\u011fdem \u00c7al\u0131k","Tahmini okuma s\u00fcresi":"3 dakika"},"schema":{"@context":"https:\/\/schema.org","@graph":[{"@type":"Article","@id":"https:\/\/www.kariyer.net\/kariyer-rehberi\/grafik-tasarim-alaninda-kariyer-yapmak-isteyenlere-oneriler\/#article","isPartOf":{"@id":"https:\/\/www.kariyer.net\/kariyer-rehberi\/grafik-tasarim-alaninda-kariyer-yapmak-isteyenlere-oneriler\/"},"author":{"name":"\u00c7i\u011fdem \u00c7al\u0131k","@id":"https:\/\/www.kariyer.net\/kariyer-rehberi\/#\/schema\/person\/ef9a2dc2672d3e7352225313b455b447"},"headline":"Grafik tasar\u0131m alan\u0131nda kariyer yapmak isteyenlere \u00f6neriler","datePublished":"2016-08-31T12:43:37+00:00","dateModified":"2024-07-03T12:10:45+00:00","mainEntityOfPage":{"@id":"https:\/\/www.kariyer.net\/kariyer-rehberi\/grafik-tasarim-alaninda-kariyer-yapmak-isteyenlere-oneriler\/"},"wordCount":605,"commentCount":0,"publisher":{"@id":"https:\/\/www.kariyer.net\/kariyer-rehberi\/#organization"},"image":{"@id":"https:\/\/www.kariyer.net\/kariyer-rehberi\/grafik-tasarim-alaninda-kariyer-yapmak-isteyenlere-oneriler\/#primaryimage"},"thumbnailUrl":"https:\/\/www.kariyer.net\/kariyer-rehberi\/wp-content\/uploads\/2016\/08\/grafik-tasarim.jpg","articleSection":["\u0130\u015f Hayat\u0131","Kariyer Geli\u015fimi"],"inLanguage":"tr","potentialAction":[{"@type":"CommentAction","name":"Comment","target":["https:\/\/www.kariyer.net\/kariyer-rehberi\/grafik-tasarim-alaninda-kariyer-yapmak-isteyenlere-oneriler\/#respond"]}]},{"@type":"WebPage","@id":"https:\/\/www.kariyer.net\/kariyer-rehberi\/grafik-tasarim-alaninda-kariyer-yapmak-isteyenlere-oneriler\/","url":"https:\/\/www.kariyer.net\/kariyer-rehberi\/grafik-tasarim-alaninda-kariyer-yapmak-isteyenlere-oneriler\/","name":"Grafik tasar\u0131m alan\u0131nda kariyer yapmak isteyenlere \u00f6neriler | Kariyer Rehberi","isPartOf":{"@id":"https:\/\/www.kariyer.net\/kariyer-rehberi\/#website"},"primaryImageOfPage":{"@id":"https:\/\/www.kariyer.net\/kariyer-rehberi\/grafik-tasarim-alaninda-kariyer-yapmak-isteyenlere-oneriler\/#primaryimage"},"image":{"@id":"https:\/\/www.kariyer.net\/kariyer-rehberi\/grafik-tasarim-alaninda-kariyer-yapmak-isteyenlere-oneriler\/#primaryimage"},"thumbnailUrl":"https:\/\/www.kariyer.net\/kariyer-rehberi\/wp-content\/uploads\/2016\/08\/grafik-tasarim.jpg","datePublished":"2016-08-31T12:43:37+00:00","dateModified":"2024-07-03T12:10:45+00:00","description":"Grafik tasar\u0131m her sekt\u00f6r i\u00e7in giderek daha da \u00f6nemli hale gelen bir i\u015f kolu. Logo ve kurumsal kimlikten, ilan ve yarat\u0131c\u0131 konsept tasar\u0131m\u0131na kadar pek","breadcrumb":{"@id":"https:\/\/www.kariyer.net\/kariyer-rehberi\/grafik-tasarim-alaninda-kariyer-yapmak-isteyenlere-oneriler\/#breadcrumb"},"inLanguage":"tr","potentialAction":[{"@type":"ReadAction","target":["https:\/\/www.kariyer.net\/kariyer-rehberi\/grafik-tasarim-alaninda-kariyer-yapmak-isteyenlere-oneriler\/"]}]},{"@type":"ImageObject","inLanguage":"tr","@id":"https:\/\/www.kariyer.net\/kariyer-rehberi\/grafik-tasarim-alaninda-kariyer-yapmak-isteyenlere-oneriler\/#primaryimage","url":"https:\/\/www.kariyer.net\/kariyer-rehberi\/wp-content\/uploads\/2016\/08\/grafik-tasarim.jpg","contentUrl":"https:\/\/www.kariyer.net\/kariyer-rehberi\/wp-content\/uploads\/2016\/08\/grafik-tasarim.jpg","width":600,"height":300},{"@type":"BreadcrumbList","@id":"https:\/\/www.kariyer.net\/kariyer-rehberi\/grafik-tasarim-alaninda-kariyer-yapmak-isteyenlere-oneriler\/#breadcrumb","itemListElement":[{"@type":"ListItem","position":1,"name":"Anasayfa","item":"https:\/\/www.kariyer.net\/kariyer-rehberi\/"},{"@type":"ListItem","position":2,"name":"Grafik tasar\u0131m alan\u0131nda kariyer yapmak isteyenlere \u00f6neriler"}]},{"@type":"WebSite","@id":"https:\/\/www.kariyer.net\/kariyer-rehberi\/#website","url":"https:\/\/www.kariyer.net\/kariyer-rehberi\/","name":"Kariyer Rehberi","description":"\u0130\u015f D\u00fcnyas\u0131yla \u0130lgili Bilmek \u0130stedi\u011finiz Her \u015eey","publisher":{"@id":"https:\/\/www.kariyer.net\/kariyer-rehberi\/#organization"},"potentialAction":[{"@type":"SearchAction","target":{"@type":"EntryPoint","urlTemplate":"https:\/\/www.kariyer.net\/kariyer-rehberi\/?s={search_term_string}"},"query-input":{"@type":"PropertyValueSpecification","valueRequired":true,"valueName":"search_term_string"}}],"inLanguage":"tr"},{"@type":"Organization","@id":"https:\/\/www.kariyer.net\/kariyer-rehberi\/#organization","name":"Kariyer.net","url":"https:\/\/www.kariyer.net\/kariyer-rehberi\/","logo":{"@type":"ImageObject","inLanguage":"tr","@id":"https:\/\/www.kariyer.net\/kariyer-rehberi\/#\/schema\/logo\/image\/","url":"https:\/\/www.kariyer.net\/kariyer-rehberi-new\/wp-content\/uploads\/2023\/01\/og-image11.jpg","contentUrl":"https:\/\/www.kariyer.net\/kariyer-rehberi-new\/wp-content\/uploads\/2023\/01\/og-image11.jpg","width":800,"height":800,"caption":"Kariyer.net"},"image":{"@id":"https:\/\/www.kariyer.net\/kariyer-rehberi\/#\/schema\/logo\/image\/"}},{"@type":"Person","@id":"https:\/\/www.kariyer.net\/kariyer-rehberi\/#\/schema\/person\/ef9a2dc2672d3e7352225313b455b447","name":"\u00c7i\u011fdem \u00c7al\u0131k","image":{"@type":"ImageObject","inLanguage":"tr","@id":"https:\/\/www.kariyer.net\/kariyer-rehberi\/#\/schema\/person\/image\/","url":"https:\/\/secure.gravatar.com\/avatar\/f270bbc5e4e6373aef80de8e9e55d27516cac7be363ef3b53ec26b94063ede66?s=96&d=mm&r=g","contentUrl":"https:\/\/secure.gravatar.com\/avatar\/f270bbc5e4e6373aef80de8e9e55d27516cac7be363ef3b53ec26b94063ede66?s=96&d=mm&r=g","caption":"\u00c7i\u011fdem \u00c7al\u0131k"},"description":"Ege \u00dcniversitesi\u2019nin ard\u0131ndan Galatasaray \u00dcniversitesi Radyo, Sinema, TV b\u00f6l\u00fcm\u00fcnden mezun oldu. Meslek hayat\u0131na reklam yazarl\u0131\u011f\u0131yla ba\u015flad\u0131. D\u00f6rt y\u0131ll\u0131k reklam d\u00fcnyas\u0131 deneyiminden sonra \u00e7e\u015fitli web sitelerinde k\u0131demli edit\u00f6r olarak \u00e7al\u0131\u015ft\u0131. 2015 y\u0131l\u0131nda Kariyer.net\u2019e i\u00e7erik y\u00f6neticisi olarak kat\u0131ld\u0131. \u0130K Blog, Kariyer Rehberi ve Kariyer Dergi i\u00e7in i\u00e7erik \u00fcretiyor.","sameAs":["http:\/\/www.kariyer.net\/kariyer-rehberi\/?p=6323"],"url":"https:\/\/www.kariyer.net\/kariyer-rehberi\/author\/cigdemcalik\/"}]}},"_links":{"self":[{"href":"https:\/\/www.kariyer.net\/kariyer-rehberi\/wp-json\/wp\/v2\/posts\/8125","targetHints":{"allow":["GET"]}}],"collection":[{"href":"https:\/\/www.kariyer.net\/kariyer-rehberi\/wp-json\/wp\/v2\/posts"}],"about":[{"href":"https:\/\/www.kariyer.net\/kariyer-rehberi\/wp-json\/wp\/v2\/types\/post"}],"author":[{"embeddable":true,"href":"https:\/\/www.kariyer.net\/kariyer-rehberi\/wp-json\/wp\/v2\/users\/18"}],"replies":[{"embeddable":true,"href":"https:\/\/www.kariyer.net\/kariyer-rehberi\/wp-json\/wp\/v2\/comments?post=8125"}],"version-history":[{"count":1,"href":"https:\/\/www.kariyer.net\/kariyer-rehberi\/wp-json\/wp\/v2\/posts\/8125\/revisions"}],"predecessor-version":[{"id":19342,"href":"https:\/\/www.kariyer.net\/kariyer-rehberi\/wp-json\/wp\/v2\/posts\/8125\/revisions\/19342"}],"wp:featuredmedia":[{"embeddable":true,"href":"https:\/\/www.kariyer.net\/kariyer-rehberi\/wp-json\/wp\/v2\/media\/8126"}],"wp:attachment":[{"href":"https:\/\/www.kariyer.net\/kariyer-rehberi\/wp-json\/wp\/v2\/media?parent=8125"}],"wp:term":[{"taxonomy":"category","embeddable":true,"href":"https:\/\/www.kariyer.net\/kariyer-rehberi\/wp-json\/wp\/v2\/categories?post=8125"},{"taxonomy":"post_tag","embeddable":true,"href":"https:\/\/www.kariyer.net\/kariyer-rehberi\/wp-json\/wp\/v2\/tags?post=8125"}],"curies":[{"name":"wp","href":"https:\/\/api.w.org\/{rel}","templated":true}]}}