{"id":8145,"date":"2017-04-27T13:19:27","date_gmt":"2017-04-27T10:19:27","guid":{"rendered":"http:\/\/www.kariyer.net\/kariyer-rehberi\/?p=8145"},"modified":"2024-07-03T15:27:38","modified_gmt":"2024-07-03T12:27:38","slug":"her-yeni-mezunun-gelistirmesi-gereken-6-beceri","status":"publish","type":"post","link":"https:\/\/www.kariyer.net\/kariyer-rehberi\/her-yeni-mezunun-gelistirmesi-gereken-6-beceri\/","title":{"rendered":"Her yeni mezunun geli\u015ftirmesi gereken 6 beceri"},"content":{"rendered":"<p><strong>\u00dcniversitede\u00a0\u00f6\u011frenilen bilgilerin \u00e7o\u011fu genellikle i\u015f hayat\u0131nda ge\u00e7erli olmuyor. Kariyer d\u00fcnyas\u0131na ad\u0131m att\u0131ktan sonra geli\u015ftirilmesi gereken pek \u00e7ok becerinin ortaya \u00e7\u0131kmas\u0131 da bu y\u00fczden. Daha sa\u011flam ad\u0131mlarla ilerlemek ve daha az zorluk ya\u015famak ad\u0131na yeni mezunlar\u0131n baz\u0131 becerileri geli\u015ftirmesinde fayda var.<\/strong><\/p>\n<p>\u00dcniversiteden say\u0131s\u0131z bilgiyle mezun olunsa da bunlar\u0131n \u00e7o\u011fu i\u015f hayat\u0131na girince i\u015flevsiz kalabiliyor. \u0130\u015f hayat\u0131 pratikte \u00e7ok daha farkl\u0131 deneyimler katan bamba\u015fka bir alan ve uzun bir \u00f6\u011frenme s\u00fcrecini kaps\u0131yor. <strong><a href=\"https:\/\/www.kariyer.net\/kariyer-rehberi\/yeni-baslayanlar-icin-en-moda-ofis-sozleri\/\" target=\"_blank\" rel=\"noopener\">Yeni mezunlar<\/a><\/strong> bu nedenle kariyer yolunun ilk ad\u0131m\u0131nda \u015fa\u015fk\u0131nl\u0131k ve stres ya\u015fayabiliyor. Bu durumu biraz da olsa minimize edebilmek i\u00e7in i\u015f d\u00fcnyas\u0131na girmeden \u00f6nce baz\u0131 becerilere odaklan\u0131p onlar\u0131 geli\u015ftirmeye \u00e7al\u0131\u015fmak son derece kritik.<\/p>\n<p><strong><a href=\"https:\/\/www.kariyer.net\/kariyer-rehberi\/is-yerinde-liderlik-becerilerini-gelistirmenin-5-kolay-yolu\/\">\u0130\u015fte yeni mezunlar i\u00e7in geli\u015ftirilmesi gereken beceriler:<\/a><\/strong><\/p>\n<h2><strong>Sosyal beceriler<\/strong><\/h2>\n<p><strong>Topluluk \u00f6n\u00fcnde konu\u015fma: <\/strong>\u00d6\u011frenciler e\u011fitimleri s\u00fcresince hocalar\u0131na ve di\u011fer \u00f6\u011frencilere sunum yapmalar\u0131 nedeniyle bu duruma \u00e7ok da uzak de\u011fil. \u0130\u015f d\u00fcnyas\u0131nda toplum \u00f6n\u00fcnde konu\u015fman\u0131n ise bundan biraz daha farkl\u0131 ve kapsaml\u0131 oldu\u011funu unutmamak gerekiyor. <strong><a href=\"https:\/\/www.kariyer.net\/kariyer-rehberi\/sevgili-yeni-mezun-iste-bunu-sana-kimse-soylemedi\/\">Yeni mezun<\/a><\/strong> bu konuda endi\u015fe duyuyorsa topluluk \u00e7al\u0131\u015fmalar\u0131na, farkl\u0131 gruplara kat\u0131labilir. Bu \u015fekilde yava\u015f yava\u015f topluluk \u00f6n\u00fc konu\u015fma becerisini geli\u015ftirir ve kayg\u0131lar\u0131ndan kurtulur.<\/p>\n<p><strong>\u0130\u015f yerinde gerginlik:<\/strong> \u0130\u015f hayat\u0131nda <strong><a href=\"https:\/\/www.kariyer.net\/kariyer-rehberi\/iskolik-bir-yoneticiyle-nasil-calisilir\/\" target=\"_blank\" rel=\"noopener\">y\u00f6netici<\/a><\/strong> ya da meslekta\u015flarla gerginlikler ya\u015fanabilir. Burada ki\u015finin kendisini ve kar\u015f\u0131s\u0131ndaki ki\u015fiyi yormadan uygun bir ileti\u015fim dili geli\u015ftirmesi \u00f6nemli. Duygular\u0131n merkezde oldu\u011fu, mant\u0131k ve rasyonalitenin g\u00f6z ard\u0131 edildi\u011fi durumlarda s\u0131k\u0131nt\u0131 yok yere b\u00fcy\u00fcyebilir. Bu nedenle her zaman empati ve sayg\u0131 \u00e7er\u00e7evesinde ili\u015fki kurmaya \u00f6zen g\u00f6stermek gerekiyor.<\/p>\n<p><strong>Tak\u0131m \u00e7al\u0131\u015fmas\u0131:<\/strong> \u0130\u015f yerinde <strong><a href=\"https:\/\/www.kariyer.net\/kariyer-rehberi\/takim-calismasi-mi-bireysel-calisma-mi\/\" target=\"_blank\" rel=\"noopener\">tak\u0131m<\/a><\/strong> olarak \u00fcretmek ve payla\u015f\u0131mda bulunmak da yeni mezunun tecr\u00fcbe etmedi\u011fi bir durum. Farkl\u0131 g\u00f6r\u00fc\u015flerin ve \u00e7al\u0131\u015fma bi\u00e7imlerinin s\u00f6z konusu olaca\u011f\u0131 ama ortak bir noktada bulu\u015farak verimli \u00e7al\u0131\u015fmak zorunlulu\u011fun s\u00f6z konusu oldu\u011fu tak\u0131m \u00e7al\u0131\u015fmas\u0131na da haz\u0131rl\u0131kl\u0131 olmak, sab\u0131rl\u0131 ve payla\u015f\u0131mc\u0131 olmaya \u00f6zen g\u00f6stermek \u00e7ok \u00f6nemli.<\/p>\n<p><img fetchpriority=\"high\" decoding=\"async\" class=\"alignnone size-full wp-image-8147\" src=\"https:\/\/www.kariyer.net\/kariyer-rehberi\/wp-content\/uploads\/2016\/09\/beceri1.jpg\" alt=\"beceri1\" width=\"600\" height=\"300\" srcset=\"https:\/\/www.kariyer.net\/kariyer-rehberi\/wp-content\/uploads\/2016\/09\/beceri1.jpg 600w, https:\/\/www.kariyer.net\/kariyer-rehberi\/wp-content\/uploads\/2016\/09\/beceri1-300x150.jpg 300w\" sizes=\"(max-width: 600px) 100vw, 600px\" \/><\/p>\n<h2><strong>Kariyer becerileri<\/strong><\/h2>\n<p><strong>Al\u00e7akg\u00f6n\u00fcll\u00fck ve sab\u0131r: <\/strong>Hemen y\u00fckselme tak\u0131nt\u0131s\u0131 yerine deneyimleyerek, al\u00e7akg\u00f6n\u00fcll\u00fc ve sab\u0131rl\u0131 davranarak ve \u00f6\u011frenerek kendini geli\u015ftiren \u00e7al\u0131\u015fan i\u00e7in gelece\u011fin parlak olaca\u011f\u0131 muhakkak. Bu nedenle yeni mezunun <strong><a href=\"https:\/\/www.kariyer.net\/kariyer-rehberi\/maas-zammi-gorusmesinde-soylememeniz-gerekenler\/\" target=\"_blank\" rel=\"noopener\">maa\u015f<\/a><\/strong> veya unvan s\u00f6z konusu oldu\u011funda aceleci davranmamas\u0131, \u00f6\u011frendiklerine odaklanmas\u0131 ama t\u00fcm bunlar\u0131n yan\u0131 s\u0131ra kendi de\u011ferini de asla unutmamas\u0131 gerekiyor.<\/p>\n<p><strong>Bilgili:<\/strong> \u0130\u015f hayat\u0131nda\u00a0her ne i\u015f yap\u0131l\u0131yorsa\u00a0yap\u0131ls\u0131n g\u00fcndem, sekt\u00f6r ya da genel k\u00fclt\u00fcr s\u00f6z konusu oldu\u011funda bilgili olmak, okumak ve ki\u015fisel geli\u015fim \u00e7ok \u00f6nemli. Her alanda bir fikri ve bilgisi olan, \u00f6\u011frenmeye a\u00e7\u0131k \u00e7al\u0131\u015fanlar her zaman bir ad\u0131m \u00f6nde.<\/p>\n<p><strong>Zaman y\u00f6netimi: <\/strong>\u0130\u015f yerinde en \u00f6nemli konulardan birisi de <strong><a href=\"https:\/\/www.kariyer.net\/kariyer-rehberi\/mulakat-sorusu-5-eski-isinde-en-cok-ne-zaman-mutlu-oldun\/\" target=\"_blank\" rel=\"noopener\">zaman<\/a><\/strong> y\u00f6netimi. \u00d6\u011frencilik hayat\u0131nda da\u011f\u0131n\u0131k olan, derslere s\u00fcrekli ge\u00e7 kalan, s\u0131navlar\u0131 ka\u00e7\u0131ran bir yeni mezunun i\u015f hayat\u0131nda olduk\u00e7a zorlanaca\u011f\u0131n\u0131 belirtmeye gerek yok. \u0130\u015f hayat\u0131na ba\u015flamadan \u00f6nce bu konuya enerji ve dikkat vermek, \u00fczerine gitmek gerekiyor.<\/p>\n<!-- templates\/buttons-placeholder.php -->\n<div class=\"da-reactions-outer TpostID8145\">\n\t    <div class=\"da-reactions-data da-reactions-container-async center\"\n         data-type=\"post\"\n         data-id=\"8145\"\n         id=\"da-reactions-slot-post-8145\">\n        <div class=\"da-reactions-static\">\n\t\t\t<img src=\"https:\/\/www.kariyer.net\/kariyer-rehberi\/wp-content\/plugins\/da-reactions\/assets\/dist\/loading.svg\" alt=\"Loading spinner\" width=\"48\" height=\"48\" style=\"width:48px\" \/>\n        <\/div>\n    <\/div>\n<\/div>\n","protected":false},"excerpt":{"rendered":"<p>\u00dcniversitede\u00a0\u00f6\u011frenilen bilgilerin \u00e7o\u011fu genellikle i\u015f hayat\u0131nda ge\u00e7erli olmuyor. Kariyer d\u00fcnyas\u0131na ad\u0131m att\u0131ktan sonra geli\u015ftirilmesi gereken pek \u00e7ok becerinin ortaya \u00e7\u0131kmas\u0131 da bu y\u00fczden. Daha sa\u011flam ad\u0131mlarla ilerlemek ve daha az zorluk ya\u015famak ad\u0131na yeni mezunlar\u0131n baz\u0131 becerileri geli\u015ftirmesinde fayda var. \u00dcniversiteden say\u0131s\u0131z bilgiyle mezun olunsa da bunlar\u0131n \u00e7o\u011fu i\u015f hayat\u0131na girince i\u015flevsiz kalabiliyor. \u0130\u015f hayat\u0131 [&hellip;]<\/p>\n<!-- templates\/buttons-placeholder.php -->\n<div class=\"da-reactions-outer TpostID8145\">\n\t    <div class=\"da-reactions-data da-reactions-container-async center\"\n         data-type=\"post\"\n         data-id=\"8145\"\n         id=\"da-reactions-slot-post-8145\">\n        <div class=\"da-reactions-static\">\n\t\t\t<img src=\"https:\/\/www.kariyer.net\/kariyer-rehberi\/wp-content\/plugins\/da-reactions\/assets\/dist\/loading.svg\" alt=\"Loading spinner\" width=\"48\" height=\"48\" style=\"width:48px\" \/>\n        <\/div>\n    <\/div>\n<\/div>\n","protected":false},"author":18,"featured_media":10535,"comment_status":"open","ping_status":"open","sticky":false,"template":"","format":"standard","meta":{"footnotes":"","_elementor_edit_mode":"","_elementor_template_type":"","_elementor_data":"","_elementor_page_settings":null,"_elementor_conditions":[]},"categories":[2211],"tags":[991,59,64],"class_list":{"0":"post-8145","1":"post","2":"type-post","3":"status-publish","4":"format-standard","5":"has-post-thumbnail","7":"category-kariyer-gelisimi","8":"tag-genc-profesyonel","9":"tag-stajyer","10":"tag-yeni-mezun"},"yoast_head":"<!-- This site is optimized with the Yoast SEO Premium plugin v21.4 (Yoast SEO v27.0) - https:\/\/yoast.com\/product\/yoast-seo-premium-wordpress\/ -->\n<title>Her yeni mezunun geli\u015ftirmesi gereken 6 beceri | Kariyer Rehberi<\/title>\n<meta name=\"description\" content=\"\u00dcniversitede\u00a0\u00f6\u011frenilen bilgilerin \u00e7o\u011fu genellikle i\u015f hayat\u0131nda ge\u00e7erli olmuyor. Kariyer d\u00fcnyas\u0131na ad\u0131m att\u0131ktan sonra geli\u015ftirilmesi gereken pek \u00e7ok\" \/>\n<meta name=\"robots\" content=\"index, follow, max-snippet:-1, max-image-preview:large, max-video-preview:-1\" \/>\n<link rel=\"canonical\" href=\"https:\/\/www.kariyer.net\/kariyer-rehberi\/her-yeni-mezunun-gelistirmesi-gereken-6-beceri\/\" \/>\n<meta property=\"og:locale\" content=\"tr_TR\" \/>\n<meta property=\"og:type\" content=\"article\" \/>\n<meta property=\"og:title\" content=\"Her yeni mezunun geli\u015ftirmesi gereken 6 beceri\" \/>\n<meta property=\"og:description\" content=\"\u00dcniversitede\u00a0\u00f6\u011frenilen bilgilerin \u00e7o\u011fu genellikle i\u015f hayat\u0131nda ge\u00e7erli olmuyor. Kariyer d\u00fcnyas\u0131na ad\u0131m att\u0131ktan sonra geli\u015ftirilmesi gereken pek \u00e7ok\" \/>\n<meta property=\"og:url\" content=\"https:\/\/www.kariyer.net\/kariyer-rehberi\/her-yeni-mezunun-gelistirmesi-gereken-6-beceri\/\" \/>\n<meta property=\"og:site_name\" content=\"Kariyer Rehberi\" \/>\n<meta property=\"article:published_time\" content=\"2017-04-27T10:19:27+00:00\" \/>\n<meta property=\"article:modified_time\" content=\"2024-07-03T12:27:38+00:00\" \/>\n<meta property=\"og:image\" content=\"https:\/\/www.kariyer.net\/kariyer-rehberi\/wp-content\/uploads\/2017\/04\/strateji838383.jpg\" \/>\n\t<meta property=\"og:image:width\" content=\"900\" \/>\n\t<meta property=\"og:image:height\" content=\"600\" \/>\n\t<meta property=\"og:image:type\" content=\"image\/jpeg\" \/>\n<meta name=\"author\" content=\"\u00c7i\u011fdem \u00c7al\u0131k\" \/>\n<meta name=\"twitter:card\" content=\"summary_large_image\" \/>\n<meta name=\"twitter:label1\" content=\"Yazan:\" \/>\n\t<meta name=\"twitter:data1\" content=\"\u00c7i\u011fdem \u00c7al\u0131k\" \/>\n\t<meta name=\"twitter:label2\" content=\"Tahmini okuma s\u00fcresi\" \/>\n\t<meta name=\"twitter:data2\" content=\"3 dakika\" \/>\n<!-- \/ Yoast SEO Premium plugin. -->","yoast_head_json":{"title":"Her yeni mezunun geli\u015ftirmesi gereken 6 beceri | Kariyer Rehberi","description":"\u00dcniversitede\u00a0\u00f6\u011frenilen bilgilerin \u00e7o\u011fu genellikle i\u015f hayat\u0131nda ge\u00e7erli olmuyor. Kariyer d\u00fcnyas\u0131na ad\u0131m att\u0131ktan sonra geli\u015ftirilmesi gereken pek \u00e7ok","robots":{"index":"index","follow":"follow","max-snippet":"max-snippet:-1","max-image-preview":"max-image-preview:large","max-video-preview":"max-video-preview:-1"},"canonical":"https:\/\/www.kariyer.net\/kariyer-rehberi\/her-yeni-mezunun-gelistirmesi-gereken-6-beceri\/","og_locale":"tr_TR","og_type":"article","og_title":"Her yeni mezunun geli\u015ftirmesi gereken 6 beceri","og_description":"\u00dcniversitede\u00a0\u00f6\u011frenilen bilgilerin \u00e7o\u011fu genellikle i\u015f hayat\u0131nda ge\u00e7erli olmuyor. Kariyer d\u00fcnyas\u0131na ad\u0131m att\u0131ktan sonra geli\u015ftirilmesi gereken pek \u00e7ok","og_url":"https:\/\/www.kariyer.net\/kariyer-rehberi\/her-yeni-mezunun-gelistirmesi-gereken-6-beceri\/","og_site_name":"Kariyer Rehberi","article_published_time":"2017-04-27T10:19:27+00:00","article_modified_time":"2024-07-03T12:27:38+00:00","og_image":[{"width":900,"height":600,"url":"https:\/\/www.kariyer.net\/kariyer-rehberi\/wp-content\/uploads\/2017\/04\/strateji838383.jpg","type":"image\/jpeg"}],"author":"\u00c7i\u011fdem \u00c7al\u0131k","twitter_card":"summary_large_image","twitter_misc":{"Yazan:":"\u00c7i\u011fdem \u00c7al\u0131k","Tahmini okuma s\u00fcresi":"3 dakika"},"schema":{"@context":"https:\/\/schema.org","@graph":[{"@type":"Article","@id":"https:\/\/www.kariyer.net\/kariyer-rehberi\/her-yeni-mezunun-gelistirmesi-gereken-6-beceri\/#article","isPartOf":{"@id":"https:\/\/www.kariyer.net\/kariyer-rehberi\/her-yeni-mezunun-gelistirmesi-gereken-6-beceri\/"},"author":{"name":"\u00c7i\u011fdem \u00c7al\u0131k","@id":"https:\/\/www.kariyer.net\/kariyer-rehberi\/#\/schema\/person\/ef9a2dc2672d3e7352225313b455b447"},"headline":"Her yeni mezunun geli\u015ftirmesi gereken 6 beceri","datePublished":"2017-04-27T10:19:27+00:00","dateModified":"2024-07-03T12:27:38+00:00","mainEntityOfPage":{"@id":"https:\/\/www.kariyer.net\/kariyer-rehberi\/her-yeni-mezunun-gelistirmesi-gereken-6-beceri\/"},"wordCount":558,"commentCount":0,"publisher":{"@id":"https:\/\/www.kariyer.net\/kariyer-rehberi\/#organization"},"image":{"@id":"https:\/\/www.kariyer.net\/kariyer-rehberi\/her-yeni-mezunun-gelistirmesi-gereken-6-beceri\/#primaryimage"},"thumbnailUrl":"https:\/\/www.kariyer.net\/kariyer-rehberi\/wp-content\/uploads\/2017\/04\/strateji838383.jpg","keywords":["gen\u00e7 profesyonel","Stajyer","yeni mezun"],"articleSection":["Kariyer Geli\u015fimi"],"inLanguage":"tr","potentialAction":[{"@type":"CommentAction","name":"Comment","target":["https:\/\/www.kariyer.net\/kariyer-rehberi\/her-yeni-mezunun-gelistirmesi-gereken-6-beceri\/#respond"]}]},{"@type":"WebPage","@id":"https:\/\/www.kariyer.net\/kariyer-rehberi\/her-yeni-mezunun-gelistirmesi-gereken-6-beceri\/","url":"https:\/\/www.kariyer.net\/kariyer-rehberi\/her-yeni-mezunun-gelistirmesi-gereken-6-beceri\/","name":"Her yeni mezunun geli\u015ftirmesi gereken 6 beceri | Kariyer Rehberi","isPartOf":{"@id":"https:\/\/www.kariyer.net\/kariyer-rehberi\/#website"},"primaryImageOfPage":{"@id":"https:\/\/www.kariyer.net\/kariyer-rehberi\/her-yeni-mezunun-gelistirmesi-gereken-6-beceri\/#primaryimage"},"image":{"@id":"https:\/\/www.kariyer.net\/kariyer-rehberi\/her-yeni-mezunun-gelistirmesi-gereken-6-beceri\/#primaryimage"},"thumbnailUrl":"https:\/\/www.kariyer.net\/kariyer-rehberi\/wp-content\/uploads\/2017\/04\/strateji838383.jpg","datePublished":"2017-04-27T10:19:27+00:00","dateModified":"2024-07-03T12:27:38+00:00","description":"\u00dcniversitede\u00a0\u00f6\u011frenilen bilgilerin \u00e7o\u011fu genellikle i\u015f hayat\u0131nda ge\u00e7erli olmuyor. Kariyer d\u00fcnyas\u0131na ad\u0131m att\u0131ktan sonra geli\u015ftirilmesi gereken pek \u00e7ok","breadcrumb":{"@id":"https:\/\/www.kariyer.net\/kariyer-rehberi\/her-yeni-mezunun-gelistirmesi-gereken-6-beceri\/#breadcrumb"},"inLanguage":"tr","potentialAction":[{"@type":"ReadAction","target":["https:\/\/www.kariyer.net\/kariyer-rehberi\/her-yeni-mezunun-gelistirmesi-gereken-6-beceri\/"]}]},{"@type":"ImageObject","inLanguage":"tr","@id":"https:\/\/www.kariyer.net\/kariyer-rehberi\/her-yeni-mezunun-gelistirmesi-gereken-6-beceri\/#primaryimage","url":"https:\/\/www.kariyer.net\/kariyer-rehberi\/wp-content\/uploads\/2017\/04\/strateji838383.jpg","contentUrl":"https:\/\/www.kariyer.net\/kariyer-rehberi\/wp-content\/uploads\/2017\/04\/strateji838383.jpg","width":900,"height":600},{"@type":"BreadcrumbList","@id":"https:\/\/www.kariyer.net\/kariyer-rehberi\/her-yeni-mezunun-gelistirmesi-gereken-6-beceri\/#breadcrumb","itemListElement":[{"@type":"ListItem","position":1,"name":"Anasayfa","item":"https:\/\/www.kariyer.net\/kariyer-rehberi\/"},{"@type":"ListItem","position":2,"name":"Her yeni mezunun geli\u015ftirmesi gereken 6 beceri"}]},{"@type":"WebSite","@id":"https:\/\/www.kariyer.net\/kariyer-rehberi\/#website","url":"https:\/\/www.kariyer.net\/kariyer-rehberi\/","name":"Kariyer Rehberi","description":"\u0130\u015f D\u00fcnyas\u0131yla \u0130lgili Bilmek \u0130stedi\u011finiz Her \u015eey","publisher":{"@id":"https:\/\/www.kariyer.net\/kariyer-rehberi\/#organization"},"potentialAction":[{"@type":"SearchAction","target":{"@type":"EntryPoint","urlTemplate":"https:\/\/www.kariyer.net\/kariyer-rehberi\/?s={search_term_string}"},"query-input":{"@type":"PropertyValueSpecification","valueRequired":true,"valueName":"search_term_string"}}],"inLanguage":"tr"},{"@type":"Organization","@id":"https:\/\/www.kariyer.net\/kariyer-rehberi\/#organization","name":"Kariyer.net","url":"https:\/\/www.kariyer.net\/kariyer-rehberi\/","logo":{"@type":"ImageObject","inLanguage":"tr","@id":"https:\/\/www.kariyer.net\/kariyer-rehberi\/#\/schema\/logo\/image\/","url":"https:\/\/www.kariyer.net\/kariyer-rehberi-new\/wp-content\/uploads\/2023\/01\/og-image11.jpg","contentUrl":"https:\/\/www.kariyer.net\/kariyer-rehberi-new\/wp-content\/uploads\/2023\/01\/og-image11.jpg","width":800,"height":800,"caption":"Kariyer.net"},"image":{"@id":"https:\/\/www.kariyer.net\/kariyer-rehberi\/#\/schema\/logo\/image\/"}},{"@type":"Person","@id":"https:\/\/www.kariyer.net\/kariyer-rehberi\/#\/schema\/person\/ef9a2dc2672d3e7352225313b455b447","name":"\u00c7i\u011fdem \u00c7al\u0131k","image":{"@type":"ImageObject","inLanguage":"tr","@id":"https:\/\/www.kariyer.net\/kariyer-rehberi\/#\/schema\/person\/image\/","url":"https:\/\/secure.gravatar.com\/avatar\/f270bbc5e4e6373aef80de8e9e55d27516cac7be363ef3b53ec26b94063ede66?s=96&d=mm&r=g","contentUrl":"https:\/\/secure.gravatar.com\/avatar\/f270bbc5e4e6373aef80de8e9e55d27516cac7be363ef3b53ec26b94063ede66?s=96&d=mm&r=g","caption":"\u00c7i\u011fdem \u00c7al\u0131k"},"description":"Ege \u00dcniversitesi\u2019nin ard\u0131ndan Galatasaray \u00dcniversitesi Radyo, Sinema, TV b\u00f6l\u00fcm\u00fcnden mezun oldu. Meslek hayat\u0131na reklam yazarl\u0131\u011f\u0131yla ba\u015flad\u0131. D\u00f6rt y\u0131ll\u0131k reklam d\u00fcnyas\u0131 deneyiminden sonra \u00e7e\u015fitli web sitelerinde k\u0131demli edit\u00f6r olarak \u00e7al\u0131\u015ft\u0131. 2015 y\u0131l\u0131nda Kariyer.net\u2019e i\u00e7erik y\u00f6neticisi olarak kat\u0131ld\u0131. \u0130K Blog, Kariyer Rehberi ve Kariyer Dergi i\u00e7in i\u00e7erik \u00fcretiyor.","sameAs":["http:\/\/www.kariyer.net\/kariyer-rehberi\/?p=6323"],"url":"https:\/\/www.kariyer.net\/kariyer-rehberi\/author\/cigdemcalik\/"}]}},"_links":{"self":[{"href":"https:\/\/www.kariyer.net\/kariyer-rehberi\/wp-json\/wp\/v2\/posts\/8145","targetHints":{"allow":["GET"]}}],"collection":[{"href":"https:\/\/www.kariyer.net\/kariyer-rehberi\/wp-json\/wp\/v2\/posts"}],"about":[{"href":"https:\/\/www.kariyer.net\/kariyer-rehberi\/wp-json\/wp\/v2\/types\/post"}],"author":[{"embeddable":true,"href":"https:\/\/www.kariyer.net\/kariyer-rehberi\/wp-json\/wp\/v2\/users\/18"}],"replies":[{"embeddable":true,"href":"https:\/\/www.kariyer.net\/kariyer-rehberi\/wp-json\/wp\/v2\/comments?post=8145"}],"version-history":[{"count":1,"href":"https:\/\/www.kariyer.net\/kariyer-rehberi\/wp-json\/wp\/v2\/posts\/8145\/revisions"}],"predecessor-version":[{"id":19535,"href":"https:\/\/www.kariyer.net\/kariyer-rehberi\/wp-json\/wp\/v2\/posts\/8145\/revisions\/19535"}],"wp:featuredmedia":[{"embeddable":true,"href":"https:\/\/www.kariyer.net\/kariyer-rehberi\/wp-json\/wp\/v2\/media\/10535"}],"wp:attachment":[{"href":"https:\/\/www.kariyer.net\/kariyer-rehberi\/wp-json\/wp\/v2\/media?parent=8145"}],"wp:term":[{"taxonomy":"category","embeddable":true,"href":"https:\/\/www.kariyer.net\/kariyer-rehberi\/wp-json\/wp\/v2\/categories?post=8145"},{"taxonomy":"post_tag","embeddable":true,"href":"https:\/\/www.kariyer.net\/kariyer-rehberi\/wp-json\/wp\/v2\/tags?post=8145"}],"curies":[{"name":"wp","href":"https:\/\/api.w.org\/{rel}","templated":true}]}}