{"id":8297,"date":"2016-10-13T10:04:53","date_gmt":"2016-10-13T07:04:53","guid":{"rendered":"http:\/\/www.kariyer.net\/kariyer-rehberi\/?p=8297"},"modified":"2017-08-23T10:09:32","modified_gmt":"2017-08-23T07:09:32","slug":"5-farkli-sektorden-cv-ipuclari","status":"publish","type":"post","link":"https:\/\/www.kariyer.net\/kariyer-rehberi\/5-farkli-sektorden-cv-ipuclari\/","title":{"rendered":"5 farkl\u0131 sekt\u00f6rden CV ipu\u00e7lar\u0131"},"content":{"rendered":"<p><strong>Nitelikleriniz istedi\u011finiz pozisyona uygun, \u00f6zge\u00e7mi\u015finiz tam tam\u0131na \u00f6rt\u00fc\u015f\u00fcyor. Ba\u015fvuru yap\u0131yorsunuz, haftalar ge\u00e7iyor ama arayan yok. Sorun nerede? Sizde mi kar\u015f\u0131 tarafta m\u0131? 5 farkl\u0131 sekt\u00f6rden uzmanlar adaylarla CV ipu\u00e7lar\u0131n\u0131 payla\u015f\u0131yor.<\/strong><\/p>\n<p>Ki\u015fisel \u00f6zellikler, e\u011fitim, yetenek ve <strong><a href=\"http:\/\/www.kariyer.net\/kariyer-rehberi\/kariyer-hedefine-ulasmak-icin-neleri-yapmamalisin\/\" target=\"_blank\">kariyer hedefleri<\/a> <\/strong>ba\u015fvurulan pozisyona tamamen uygun olsa da bazen aday bekledi\u011fi olumlu cevab\u0131 alam\u0131yor, hatta hi\u00e7 bir geri d\u00f6n\u00fc\u015f ger\u00e7ekle\u015fmiyor. Totaljobs taraf\u0131ndan yap\u0131lan ara\u015ft\u0131rmaya g\u00f6re be\u015f farkl\u0131 sekt\u00f6rden \u0130nsan Kaynaklar\u0131 uzmanlar\u0131 bu durumun en b\u00fcy\u00fck nedeninin CV\u2019nin ki\u015finin ba\u015fvurdu\u011fu sekt\u00f6re uygun olmamas\u0131yla ilgili oldu\u011funu belirtiyor. Uzmanlar adaylarla CV\u2019lerinin etkisini art\u0131rmak amac\u0131yla baz\u0131 sekt\u00f6rel p\u00fcf noktalar\u0131 payla\u015f\u0131yor.<\/p>\n<p>\u0130\u015fte uzmanlardan <strong><a href=\"http:\/\/www.kariyer.net\/kariyer-rehberi\/ik-uzmanlarindan-adaylara-cv-onerileri\/\" target=\"_blank\">CV ipu\u00e7lar\u0131<\/a><\/strong>:<\/p>\n<h2><strong>Finans<\/strong><\/h2>\n<p>E\u011fer ba\u015fvurulan pozisyon finans departman\u0131yla do\u011frudan ili\u015fkiliyse uzmanlar adaylar\u0131n \u00f6ncelikle a\u00e7\u0131k, iyi yap\u0131land\u0131r\u0131lm\u0131\u015f ve \u00f6zet bilgi i\u00e7eren bir CV\u2019si olmas\u0131 gerekti\u011fini belirtiyor. Uzmanlar \u00f6nce genel olarak g\u00f6z gezdirdikleri CV\u2019nin yap\u0131s\u0131n\u0131n ki\u015finin d\u00fc\u015f\u00fcnme ve strateji y\u00f6n\u00fcn\u00fc yans\u0131tt\u0131\u011f\u0131n\u0131, bu anlamda organize bir CV\u2019si olan aday\u0131n dikkat \u00e7ekti\u011fini vurguluyor. Sadece <strong><a href=\"http:\/\/www.kariyer.net\/kariyer-rehberi\/sizin-icin-dogru-cv-hangisi\/\" target=\"_blank\">CV<\/a><\/strong> g\u00fc\u00e7l\u00fc g\u00f6z\u00fcks\u00fcn diye eklenen ilgisiz bilginin ise negatif izlenim yaratt\u0131\u011f\u0131n\u0131 belirten uzmanlar, anahtar sorumluluklar\u0131n veya deneyimlerin \u00f6ne \u00e7\u0131kt\u0131\u011f\u0131 bir metin yap\u0131s\u0131 olmas\u0131 gerekti\u011finin \u00fczerinde duruyor. Bu bilgilere g\u00f6re ekstra bilgiler de mutlaka finans sekt\u00f6r\u00fcne transfer edilebilecek nitelikteyse CV\u2019de yer almal\u0131.<\/p>\n<h2><strong>Reklamc\u0131l\u0131k<\/strong><\/h2>\n<p>D\u00fcnyaca \u00fcnl\u00fc reklam ajans\u0131 Ogilvy\u2019den \u0130nsan Kaynaklar\u0131 uzmanlar\u0131 k\u0131sa bir ki\u015fisel bilgi, pozisyona y\u00f6nelik anahtar beceriler ve deneyimin CV\u2019nin en ba\u015f\u0131nda belirtilmesinin her zaman iyi bir ba\u015flang\u0131\u00e7 oldu\u011funu belirtiyor. \u0130K uzmanlar\u0131 hatalar\u0131n <strong><a href=\"http:\/\/www.kariyer.net\/kariyer-rehberi\/cv-hazirlarken-en-cok-sorulan-sorular\/\" target=\"_blank\">CV\u2019ye odaklanma<\/a><\/strong> ve devam\u0131n\u0131 merak etme noktas\u0131nda motivasyonu d\u00fc\u015f\u00fcrd\u00fc\u011f\u00fcn\u00fc, \u00f6zellikle reklamc\u0131l\u0131k alan\u0131nda k\u00f6t\u00fc sunumun, g\u00f6rsel ve metin hatalar\u0131n\u0131n karar\u0131 do\u011frudan etkiledi\u011fini vurguluyor. Reklamc\u0131l\u0131k sekt\u00f6r\u00fcnde \u00f6ne \u00e7\u0131kan bir di\u011fer \u00f6zellikse yarat\u0131c\u0131l\u0131kla ilgili. Uzmanlar do\u011fal olarak yarat\u0131c\u0131 ba\u015fvurular\u0131n, yarat\u0131c\u0131 CV\u2019lerin daha \u00e7ok dikkate al\u0131nd\u0131\u011f\u0131n\u0131 s\u00f6yl\u00fcyor.<\/p>\n<h2><strong>Turizm<\/strong><\/h2>\n<p>Uzmanlar dev bir sekt\u00f6r olan turizm ba\u015fvurular\u0131n\u0131n di\u011fer sekt\u00f6rlere g\u00f6re \u00e7ok daha yo\u011fun oldu\u011funu ve d\u00fcnyan\u0131n d\u00f6rt bir yan\u0131ndan ba\u015fvuru gelebildi\u011fini belirtiyor. Booking.com\u2019dan \u0130K uzmanlar\u0131 bu yo\u011funluk i\u00e7erisinde iyi yap\u0131land\u0131r\u0131lm\u0131\u015f, az ama \u00f6z bilgi i\u00e7eren \u00f6zge\u00e7mi\u015flerin dikkate al\u0131nd\u0131\u011f\u0131n\u0131 vurguluyor. \u0130nsan Kaynaklar\u0131n\u0131n bu alandaki CV\u2019lere k\u0131sa s\u00fcre ay\u0131rmas\u0131 CV\u2019nin \u00f6ne \u00e7\u0131kmas\u0131 i\u00e7in ger\u00e7ekten k\u0131sa ama dikkat \u00e7ekici olmas\u0131 gerekti\u011fi ger\u00e7e\u011fini de g\u00fcndeme getiriyor. Uzmanlar bu \u00f6zet bilgilerin temel olarak deneyim, konu\u015fulan diller ve e\u011fitimden olu\u015ftu\u011funu da ekliyor.<\/p>\n<h2><strong>E\u011fitim<\/strong><\/h2>\n<p>Bir di\u011fer kapsaml\u0131 sekt\u00f6r olan <strong><a href=\"http:\/\/www.kariyer.net\/kariyer-rehberi\/yeni-mezun-ogretmenlere-ipuclari\/\" target=\"_blank\">e\u011fitimde<\/a><\/strong> ise anahtar kelimelerin ve son d\u00f6nemde hakim olunan teknoloji ve uygulama bilgisinin \u00f6ne \u00e7\u0131kt\u0131\u011f\u0131n\u0131 belirten uzmanlar, \u201ckolay okunan ama i\u00e7eri\u011fi zengin\u201d CV\u2019lerin dikkat \u00e7ekti\u011fini belirtiyor. Uzmanlar e\u011fitimde \u00f6zellikle deneyim k\u0131sm\u0131n\u0131n \u00e7ok \u00f6nemli oldu\u011funu, ki\u015finin <strong><a href=\"http:\/\/www.kariyer.net\/kariyer-rehberi\/staj-yapsam-mi-yapmasam-mi\/\" target=\"_blank\">staj<\/a><\/strong> da olsa deneyimini iyi ifade etmesi gerekti\u011fini s\u00f6yl\u00fcyor.<\/p>\n<h2><strong>Hizmet<\/strong><\/h2>\n<p>Hizmet sekt\u00f6r\u00fc de i\u015fe al\u0131m\u0131n zor oldu\u011fu, kompleks ve b\u00fcy\u00fck sekt\u00f6rler aras\u0131nda yer al\u0131yor. Sekt\u00f6rde \u00e7o\u011funlukla i\u015fe al\u0131m\u0131n kademeli, uygulamal\u0131 ve uzun bir s\u00fcre\u00e7 oldu\u011funu belirten uzmanlar bu kademeleri kolayla\u015ft\u0131ran, okunmas\u0131 kolay, \u00f6zet ve ilgisiz detay i\u00e7ermeyen <strong><a href=\"http:\/\/www.kariyer.net\/kariyer-rehberi\/ozgecmis-guncelleme-nasil-yapilir\/\" target=\"_blank\">\u00f6zge\u00e7mi\u015flerin<\/a><\/strong>\u00a0s\u00fcrece iyi bir ba\u015flang\u0131\u00e7 yapmak anlam\u0131na geldi\u011fini s\u00f6yl\u00fcyor. Uzmanlar ki\u015finin e\u011fer turizmle bir ba\u011flant\u0131s\u0131 varsa ba\u015fka bir sekt\u00f6rle ilgili deneyimlerine de mutlaka yer vermesi gerekti\u011fini vurguluyor.<\/p>\n<!-- templates\/buttons-placeholder.php -->\n<div class=\"da-reactions-outer TpostID8297\">\n\t    <div class=\"da-reactions-data da-reactions-container-async center\"\n         data-type=\"post\"\n         data-id=\"8297\"\n         id=\"da-reactions-slot-post-8297\">\n        <div class=\"da-reactions-static\">\n\t\t\t<img src=\"https:\/\/www.kariyer.net\/kariyer-rehberi\/wp-content\/plugins\/da-reactions\/assets\/dist\/loading.svg\" alt=\"Loading spinner\" width=\"48\" height=\"48\" style=\"width:48px\" \/>\n        <\/div>\n    <\/div>\n<\/div>\n","protected":false},"excerpt":{"rendered":"<p>Nitelikleriniz istedi\u011finiz pozisyona uygun, \u00f6zge\u00e7mi\u015finiz tam tam\u0131na \u00f6rt\u00fc\u015f\u00fcyor. Ba\u015fvuru yap\u0131yorsunuz, haftalar ge\u00e7iyor ama arayan yok. Sorun nerede? Sizde mi kar\u015f\u0131 tarafta m\u0131? 5 farkl\u0131 sekt\u00f6rden uzmanlar adaylarla CV ipu\u00e7lar\u0131n\u0131 payla\u015f\u0131yor. Ki\u015fisel \u00f6zellikler, e\u011fitim, yetenek ve kariyer hedefleri ba\u015fvurulan pozisyona tamamen uygun olsa da bazen aday bekledi\u011fi olumlu cevab\u0131 alam\u0131yor, hatta hi\u00e7 bir geri d\u00f6n\u00fc\u015f ger\u00e7ekle\u015fmiyor. [&hellip;]<\/p>\n<!-- templates\/buttons-placeholder.php -->\n<div class=\"da-reactions-outer TpostID8297\">\n\t    <div class=\"da-reactions-data da-reactions-container-async center\"\n         data-type=\"post\"\n         data-id=\"8297\"\n         id=\"da-reactions-slot-post-8297\">\n        <div class=\"da-reactions-static\">\n\t\t\t<img src=\"https:\/\/www.kariyer.net\/kariyer-rehberi\/wp-content\/plugins\/da-reactions\/assets\/dist\/loading.svg\" alt=\"Loading spinner\" width=\"48\" height=\"48\" style=\"width:48px\" \/>\n        <\/div>\n    <\/div>\n<\/div>\n","protected":false},"author":18,"featured_media":10561,"comment_status":"open","ping_status":"open","sticky":false,"template":"","format":"standard","meta":{"footnotes":"","_elementor_edit_mode":"","_elementor_template_type":"","_elementor_data":"","_elementor_page_settings":null,"_elementor_conditions":[]},"categories":[34,35],"tags":[],"class_list":{"0":"post-8297","1":"post","2":"type-post","3":"status-publish","4":"format-standard","5":"has-post-thumbnail","7":"category-oz-gecmis","8":"category-ozgecmis-hazirlama"},"yoast_head":"<!-- This site is optimized with the Yoast SEO Premium plugin v21.4 (Yoast SEO v27.0) - https:\/\/yoast.com\/product\/yoast-seo-premium-wordpress\/ -->\n<title>5 farkl\u0131 sekt\u00f6rden CV ipu\u00e7lar\u0131 | Kariyer Rehberi<\/title>\n<meta name=\"description\" content=\"Nitelikleriniz istedi\u011finiz pozisyona uygun, \u00f6zge\u00e7mi\u015finiz tam tam\u0131na \u00f6rt\u00fc\u015f\u00fcyor. Ba\u015fvuru yap\u0131yorsunuz, haftalar ge\u00e7iyor ama arayan yok. Sorun nerede? Sizde\" \/>\n<meta name=\"robots\" content=\"index, follow, max-snippet:-1, max-image-preview:large, max-video-preview:-1\" \/>\n<link rel=\"canonical\" href=\"https:\/\/www.kariyer.net\/kariyer-rehberi\/5-farkli-sektorden-cv-ipuclari\/\" \/>\n<meta property=\"og:locale\" content=\"tr_TR\" \/>\n<meta property=\"og:type\" content=\"article\" \/>\n<meta property=\"og:title\" content=\"5 farkl\u0131 sekt\u00f6rden CV ipu\u00e7lar\u0131\" \/>\n<meta property=\"og:description\" content=\"Nitelikleriniz istedi\u011finiz pozisyona uygun, \u00f6zge\u00e7mi\u015finiz tam tam\u0131na \u00f6rt\u00fc\u015f\u00fcyor. Ba\u015fvuru yap\u0131yorsunuz, haftalar ge\u00e7iyor ama arayan yok. Sorun nerede? Sizde\" \/>\n<meta property=\"og:url\" content=\"https:\/\/www.kariyer.net\/kariyer-rehberi\/5-farkli-sektorden-cv-ipuclari\/\" \/>\n<meta property=\"og:site_name\" content=\"Kariyer Rehberi\" \/>\n<meta property=\"article:published_time\" content=\"2016-10-13T07:04:53+00:00\" \/>\n<meta property=\"article:modified_time\" content=\"2017-08-23T07:09:32+00:00\" \/>\n<meta property=\"og:image\" content=\"https:\/\/www.kariyer.net\/kariyer-rehberi\/wp-content\/uploads\/2016\/10\/cv87851.jpg\" \/>\n\t<meta property=\"og:image:width\" content=\"900\" \/>\n\t<meta property=\"og:image:height\" content=\"600\" \/>\n\t<meta property=\"og:image:type\" content=\"image\/jpeg\" \/>\n<meta name=\"author\" content=\"\u00c7i\u011fdem \u00c7al\u0131k\" \/>\n<meta name=\"twitter:card\" content=\"summary_large_image\" \/>\n<meta name=\"twitter:label1\" content=\"Yazan:\" \/>\n\t<meta name=\"twitter:data1\" content=\"\u00c7i\u011fdem \u00c7al\u0131k\" \/>\n\t<meta name=\"twitter:label2\" content=\"Tahmini okuma s\u00fcresi\" \/>\n\t<meta name=\"twitter:data2\" content=\"3 dakika\" \/>\n<!-- \/ Yoast SEO Premium plugin. -->","yoast_head_json":{"title":"5 farkl\u0131 sekt\u00f6rden CV ipu\u00e7lar\u0131 | Kariyer Rehberi","description":"Nitelikleriniz istedi\u011finiz pozisyona uygun, \u00f6zge\u00e7mi\u015finiz tam tam\u0131na \u00f6rt\u00fc\u015f\u00fcyor. Ba\u015fvuru yap\u0131yorsunuz, haftalar ge\u00e7iyor ama arayan yok. Sorun nerede? Sizde","robots":{"index":"index","follow":"follow","max-snippet":"max-snippet:-1","max-image-preview":"max-image-preview:large","max-video-preview":"max-video-preview:-1"},"canonical":"https:\/\/www.kariyer.net\/kariyer-rehberi\/5-farkli-sektorden-cv-ipuclari\/","og_locale":"tr_TR","og_type":"article","og_title":"5 farkl\u0131 sekt\u00f6rden CV ipu\u00e7lar\u0131","og_description":"Nitelikleriniz istedi\u011finiz pozisyona uygun, \u00f6zge\u00e7mi\u015finiz tam tam\u0131na \u00f6rt\u00fc\u015f\u00fcyor. Ba\u015fvuru yap\u0131yorsunuz, haftalar ge\u00e7iyor ama arayan yok. Sorun nerede? Sizde","og_url":"https:\/\/www.kariyer.net\/kariyer-rehberi\/5-farkli-sektorden-cv-ipuclari\/","og_site_name":"Kariyer Rehberi","article_published_time":"2016-10-13T07:04:53+00:00","article_modified_time":"2017-08-23T07:09:32+00:00","og_image":[{"width":900,"height":600,"url":"https:\/\/www.kariyer.net\/kariyer-rehberi\/wp-content\/uploads\/2016\/10\/cv87851.jpg","type":"image\/jpeg"}],"author":"\u00c7i\u011fdem \u00c7al\u0131k","twitter_card":"summary_large_image","twitter_misc":{"Yazan:":"\u00c7i\u011fdem \u00c7al\u0131k","Tahmini okuma s\u00fcresi":"3 dakika"},"schema":{"@context":"https:\/\/schema.org","@graph":[{"@type":"Article","@id":"https:\/\/www.kariyer.net\/kariyer-rehberi\/5-farkli-sektorden-cv-ipuclari\/#article","isPartOf":{"@id":"https:\/\/www.kariyer.net\/kariyer-rehberi\/5-farkli-sektorden-cv-ipuclari\/"},"author":{"name":"\u00c7i\u011fdem \u00c7al\u0131k","@id":"https:\/\/www.kariyer.net\/kariyer-rehberi\/#\/schema\/person\/ef9a2dc2672d3e7352225313b455b447"},"headline":"5 farkl\u0131 sekt\u00f6rden CV ipu\u00e7lar\u0131","datePublished":"2016-10-13T07:04:53+00:00","dateModified":"2017-08-23T07:09:32+00:00","mainEntityOfPage":{"@id":"https:\/\/www.kariyer.net\/kariyer-rehberi\/5-farkli-sektorden-cv-ipuclari\/"},"wordCount":681,"commentCount":0,"publisher":{"@id":"https:\/\/www.kariyer.net\/kariyer-rehberi\/#organization"},"image":{"@id":"https:\/\/www.kariyer.net\/kariyer-rehberi\/5-farkli-sektorden-cv-ipuclari\/#primaryimage"},"thumbnailUrl":"https:\/\/www.kariyer.net\/kariyer-rehberi\/wp-content\/uploads\/2016\/10\/cv87851.jpg","articleSection":["\u00d6zge\u00e7mi\u015f","\u00d6zge\u00e7mi\u015f Haz\u0131rlama"],"inLanguage":"tr","potentialAction":[{"@type":"CommentAction","name":"Comment","target":["https:\/\/www.kariyer.net\/kariyer-rehberi\/5-farkli-sektorden-cv-ipuclari\/#respond"]}]},{"@type":"WebPage","@id":"https:\/\/www.kariyer.net\/kariyer-rehberi\/5-farkli-sektorden-cv-ipuclari\/","url":"https:\/\/www.kariyer.net\/kariyer-rehberi\/5-farkli-sektorden-cv-ipuclari\/","name":"5 farkl\u0131 sekt\u00f6rden CV ipu\u00e7lar\u0131 | Kariyer Rehberi","isPartOf":{"@id":"https:\/\/www.kariyer.net\/kariyer-rehberi\/#website"},"primaryImageOfPage":{"@id":"https:\/\/www.kariyer.net\/kariyer-rehberi\/5-farkli-sektorden-cv-ipuclari\/#primaryimage"},"image":{"@id":"https:\/\/www.kariyer.net\/kariyer-rehberi\/5-farkli-sektorden-cv-ipuclari\/#primaryimage"},"thumbnailUrl":"https:\/\/www.kariyer.net\/kariyer-rehberi\/wp-content\/uploads\/2016\/10\/cv87851.jpg","datePublished":"2016-10-13T07:04:53+00:00","dateModified":"2017-08-23T07:09:32+00:00","description":"Nitelikleriniz istedi\u011finiz pozisyona uygun, \u00f6zge\u00e7mi\u015finiz tam tam\u0131na \u00f6rt\u00fc\u015f\u00fcyor. Ba\u015fvuru yap\u0131yorsunuz, haftalar ge\u00e7iyor ama arayan yok. Sorun nerede? Sizde","breadcrumb":{"@id":"https:\/\/www.kariyer.net\/kariyer-rehberi\/5-farkli-sektorden-cv-ipuclari\/#breadcrumb"},"inLanguage":"tr","potentialAction":[{"@type":"ReadAction","target":["https:\/\/www.kariyer.net\/kariyer-rehberi\/5-farkli-sektorden-cv-ipuclari\/"]}]},{"@type":"ImageObject","inLanguage":"tr","@id":"https:\/\/www.kariyer.net\/kariyer-rehberi\/5-farkli-sektorden-cv-ipuclari\/#primaryimage","url":"https:\/\/www.kariyer.net\/kariyer-rehberi\/wp-content\/uploads\/2016\/10\/cv87851.jpg","contentUrl":"https:\/\/www.kariyer.net\/kariyer-rehberi\/wp-content\/uploads\/2016\/10\/cv87851.jpg","width":900,"height":600},{"@type":"BreadcrumbList","@id":"https:\/\/www.kariyer.net\/kariyer-rehberi\/5-farkli-sektorden-cv-ipuclari\/#breadcrumb","itemListElement":[{"@type":"ListItem","position":1,"name":"Anasayfa","item":"https:\/\/www.kariyer.net\/kariyer-rehberi\/"},{"@type":"ListItem","position":2,"name":"5 farkl\u0131 sekt\u00f6rden CV ipu\u00e7lar\u0131"}]},{"@type":"WebSite","@id":"https:\/\/www.kariyer.net\/kariyer-rehberi\/#website","url":"https:\/\/www.kariyer.net\/kariyer-rehberi\/","name":"Kariyer Rehberi","description":"\u0130\u015f D\u00fcnyas\u0131yla \u0130lgili Bilmek \u0130stedi\u011finiz Her \u015eey","publisher":{"@id":"https:\/\/www.kariyer.net\/kariyer-rehberi\/#organization"},"potentialAction":[{"@type":"SearchAction","target":{"@type":"EntryPoint","urlTemplate":"https:\/\/www.kariyer.net\/kariyer-rehberi\/?s={search_term_string}"},"query-input":{"@type":"PropertyValueSpecification","valueRequired":true,"valueName":"search_term_string"}}],"inLanguage":"tr"},{"@type":"Organization","@id":"https:\/\/www.kariyer.net\/kariyer-rehberi\/#organization","name":"Kariyer.net","url":"https:\/\/www.kariyer.net\/kariyer-rehberi\/","logo":{"@type":"ImageObject","inLanguage":"tr","@id":"https:\/\/www.kariyer.net\/kariyer-rehberi\/#\/schema\/logo\/image\/","url":"https:\/\/www.kariyer.net\/kariyer-rehberi-new\/wp-content\/uploads\/2023\/01\/og-image11.jpg","contentUrl":"https:\/\/www.kariyer.net\/kariyer-rehberi-new\/wp-content\/uploads\/2023\/01\/og-image11.jpg","width":800,"height":800,"caption":"Kariyer.net"},"image":{"@id":"https:\/\/www.kariyer.net\/kariyer-rehberi\/#\/schema\/logo\/image\/"}},{"@type":"Person","@id":"https:\/\/www.kariyer.net\/kariyer-rehberi\/#\/schema\/person\/ef9a2dc2672d3e7352225313b455b447","name":"\u00c7i\u011fdem \u00c7al\u0131k","image":{"@type":"ImageObject","inLanguage":"tr","@id":"https:\/\/www.kariyer.net\/kariyer-rehberi\/#\/schema\/person\/image\/","url":"https:\/\/secure.gravatar.com\/avatar\/f270bbc5e4e6373aef80de8e9e55d27516cac7be363ef3b53ec26b94063ede66?s=96&d=mm&r=g","contentUrl":"https:\/\/secure.gravatar.com\/avatar\/f270bbc5e4e6373aef80de8e9e55d27516cac7be363ef3b53ec26b94063ede66?s=96&d=mm&r=g","caption":"\u00c7i\u011fdem \u00c7al\u0131k"},"description":"Ege \u00dcniversitesi\u2019nin ard\u0131ndan Galatasaray \u00dcniversitesi Radyo, Sinema, TV b\u00f6l\u00fcm\u00fcnden mezun oldu. Meslek hayat\u0131na reklam yazarl\u0131\u011f\u0131yla ba\u015flad\u0131. D\u00f6rt y\u0131ll\u0131k reklam d\u00fcnyas\u0131 deneyiminden sonra \u00e7e\u015fitli web sitelerinde k\u0131demli edit\u00f6r olarak \u00e7al\u0131\u015ft\u0131. 2015 y\u0131l\u0131nda Kariyer.net\u2019e i\u00e7erik y\u00f6neticisi olarak kat\u0131ld\u0131. \u0130K Blog, Kariyer Rehberi ve Kariyer Dergi i\u00e7in i\u00e7erik \u00fcretiyor.","sameAs":["http:\/\/www.kariyer.net\/kariyer-rehberi\/?p=6323"],"url":"https:\/\/www.kariyer.net\/kariyer-rehberi\/author\/cigdemcalik\/"}]}},"_links":{"self":[{"href":"https:\/\/www.kariyer.net\/kariyer-rehberi\/wp-json\/wp\/v2\/posts\/8297","targetHints":{"allow":["GET"]}}],"collection":[{"href":"https:\/\/www.kariyer.net\/kariyer-rehberi\/wp-json\/wp\/v2\/posts"}],"about":[{"href":"https:\/\/www.kariyer.net\/kariyer-rehberi\/wp-json\/wp\/v2\/types\/post"}],"author":[{"embeddable":true,"href":"https:\/\/www.kariyer.net\/kariyer-rehberi\/wp-json\/wp\/v2\/users\/18"}],"replies":[{"embeddable":true,"href":"https:\/\/www.kariyer.net\/kariyer-rehberi\/wp-json\/wp\/v2\/comments?post=8297"}],"version-history":[{"count":0,"href":"https:\/\/www.kariyer.net\/kariyer-rehberi\/wp-json\/wp\/v2\/posts\/8297\/revisions"}],"wp:featuredmedia":[{"embeddable":true,"href":"https:\/\/www.kariyer.net\/kariyer-rehberi\/wp-json\/wp\/v2\/media\/10561"}],"wp:attachment":[{"href":"https:\/\/www.kariyer.net\/kariyer-rehberi\/wp-json\/wp\/v2\/media?parent=8297"}],"wp:term":[{"taxonomy":"category","embeddable":true,"href":"https:\/\/www.kariyer.net\/kariyer-rehberi\/wp-json\/wp\/v2\/categories?post=8297"},{"taxonomy":"post_tag","embeddable":true,"href":"https:\/\/www.kariyer.net\/kariyer-rehberi\/wp-json\/wp\/v2\/tags?post=8297"}],"curies":[{"name":"wp","href":"https:\/\/api.w.org\/{rel}","templated":true}]}}