{"id":839,"date":"2011-03-16T02:00:00","date_gmt":"2011-03-16T00:00:00","guid":{"rendered":"http:\/\/92.45.35.169\/hayat-askin-ve-detaylarin-icinde-yasanir-3\/"},"modified":"2024-07-03T14:56:11","modified_gmt":"2024-07-03T11:56:11","slug":"hayat-askin-ve-detaylarin-icinde-yasanir","status":"publish","type":"post","link":"https:\/\/www.kariyer.net\/kariyer-rehberi\/hayat-askin-ve-detaylarin-icinde-yasanir\/","title":{"rendered":"Hayat a\u015fk\u0131n ve detaylar\u0131n i\u00e7inde ya\u015fan\u0131r"},"content":{"rendered":"<div><strong><a href=\"http:\/\/www.kariyer.net\/kariyer-rehberi\/wp-content\/uploads\/2011\/03\/alain.jpg\"><img decoding=\"async\" class=\"size-full wp-image-4523 alignleft\" style=\"margin: 5px;\" alt=\"alain\" src=\"http:\/\/www.kariyer.net\/kariyer-rehberi\/wp-content\/uploads\/2011\/03\/alain.jpg\" width=\"290\" height=\"150\" \/><\/a>\u0130K zirvesinin en \u00f6nemli konuklar\u0131ndan biri olan Alain de Botton 16-17 \u015eubat tarihleri aras\u0131nda \u0130K Zirvesi 2011\u2019de Kariyer.net\u2019in \u00f6zel davetlisi olarak \u0130K\u2019c\u0131larla bulu\u015ftu. \u0130\u015f d\u00fcnyas\u0131n\u0131n insan psikolojisindeki de\u011fi\u015fime nas\u0131l y\u00f6n verdi\u011fini anlatan Alain de Botton, sunum sonras\u0131nda Kariyer.net misafirlerinin sorular\u0131n\u0131 da yan\u0131tlad\u0131.\u00a0<\/strong><\/div>\n<div>Bu y\u00fczy\u0131l\u0131n en \u00f6nemli filozoflar\u0131ndan biri olan Alain de Botton, \u0130K zirvesinde Kariyer.net\u2019in \u00f6zel davetlisi olarak \u0130K\u2019c\u0131larla bulu\u015ftu. A\u015fk, felsefe, mimari, seyahat, edebiyat ve i\u015f hayat\u0131 \u00fczerine sade ve yal\u0131n diliyle \u00fcnl\u00fc filozof, s\u0131radan g\u00f6r\u00fcnen g\u00fcnl\u00fck ya\u015fam\u0131m\u0131za farkl\u0131 bir bak\u0131\u015f a\u00e7\u0131s\u0131 getiriyor. \u0130svi\u00e7re\u2019nin Z\u00fcrih kentinde do\u011fan Alain de Botton d\u00fcnyada yirmi be\u015ften fazla dili, \u00fclkeyi ayd\u0131nlatt\u0131. T\u00fcrk okurlar\u0131 da onun her yazd\u0131\u011f\u0131n\u0131, her s\u00f6yledi\u011fini \u00e7ok sevdi. 1993 y\u0131l\u0131nda ilk roman\u0131 A\u015fk \u00dczerine (Essays In Love) yay\u0131nland\u0131. Ele\u015ftirmenlerce ayakta alk\u0131\u015flanan kitapta, a\u015fk kavram\u0131, bir ili\u015fkinin ekseninde A\u2019dan Z\u2019ye ele al\u0131n\u0131yordu. Kitab\u0131n tarz\u0131 farkl\u0131yd\u0131, \u00e7\u00fcnk\u00fc roman t\u00fcr\u00fcnde pek kar\u015f\u0131la\u015f\u0131lmayan nitelikte analizler ve yans\u0131malar i\u00e7eriyordu.<br \/>\n<strong><br \/>\nBiyografik eserde farkl\u0131 bir tarz<\/strong><\/div>\n<div>Essays In Love\u2019\u0131n ard\u0131ndan 1994\u2019te \u201cRomantik Hareket\u201d (The Romantic Movement) ve hemen ard\u0131ndan 1995\u2019te \u201c\u00d6p ve Anlat\u201d (Kiss and Tell) yay\u0131nland\u0131. 1997 y\u0131l\u0131nda d\u00f6rd\u00fcnc\u00fc kitab\u0131 \u201cProust Hayat\u0131n\u0131z\u0131 Nas\u0131l De\u011fi\u015ftirebilir?\u201d (How Proust Can Change Your Life?) yay\u0131nlad\u0131\u011f\u0131nda t\u00fcm d\u00fcnya onu tan\u0131maya ba\u015flad\u0131. \u201cFelsefenin Tesellisi\u201d (The Consolations of Philosophy), 2000 y\u0131l\u0131nda raflardaki yerini ald\u0131. Felsefe ve edebiyat\u0131n ayn\u0131 potada eridi\u011fi kitab\u0131, 2002\u2019de yay\u0131nlad\u0131\u011f\u0131 \u201cSeyahat Sanat\u0131\u201d (The Art of Travel) takip etti. 2004\u2019te stat\u00fc endi\u015fesinin tarihsel \u00f6yk\u00fcs\u00fcn\u00fc ve tarih boyunca bu endi\u015feyi yenmeye \u00e7abalam\u0131\u015f hareketleri inceledi\u011fi kitab\u0131 \u201cStat\u00fc Endi\u015fesi\u201dni (Status Anxiety) ve 2006 y\u0131l\u0131nda \u201cMutlulu\u011fun Mimarisi\u201dni (The Architecture of Happiness) yay\u0131nlad\u0131.. Yazar\u0131n son iki kitab\u0131 \u201cHavaalan\u0131nda Bir Hafta\u201d (A Week at the Airport) ve \u201c\u00c7al\u0131\u015fman\u0131n Mutlulu\u011fu ve S\u0131k\u0131nt\u0131s\u0131\u201d (The Pleasures and Sorrows of Work) ise d\u00fcnya \u00e7a\u011f\u0131ndaki \u00fcn\u00fcne \u00fcn katt\u0131, ba\u015far\u0131s\u0131n\u0131 ta\u00e7land\u0131rd\u0131. Bir yazar olarak g\u00f6zlemleme yetene\u011fiyle dikkat \u00e7eken Alain de Botton, sunumunda g\u00f6z\u00fcm\u00fcz\u00fcn \u00f6n\u00fcnde olup bitenleri g\u00f6rmenin \u00f6nemini vurgulad\u0131. Bir\u00e7ok yazar\u0131n i\u015f d\u00fcnyas\u0131 hakk\u0131nda yazmaktan \u00e7ekindi\u011fine de\u011findi. Kendini filozof ve d\u00fc\u015f\u00fcn\u00fcr olarak tan\u0131mlayan Alain de Botton, fikirleri ortaya \u00e7\u0131kar\u0131p toplumu bilin\u00e7lendirme g\u00f6revini \u00fcstlendi\u011fini s\u00f6yledi.<\/div>\n<div><strong><br \/>\nHer \u015fey ileti\u015fim ile ba\u015fl\u0131yor<\/strong><\/div>\n<div>\u201c\u0130nsanlara yapt\u0131klar\u0131 i\u015flerin \u00f6nemini hat\u0131rlatmal\u0131\u201d diyen Alain de Botton \u015f\u00f6yle devam etti: \u201cNeden bu i\u015fi yapt\u0131klar\u0131 anlat\u0131lmal\u0131. Dinler bunu bize tekrar tekrar anlat\u0131r. \u0130\u015f yerlerinde de \u00e7al\u0131\u015fanlar\u0131n\u0131za bir \u015feyler \u00f6\u011fretiyorsunuz ama ekibinize bunu s\u00fcrekli anlatmazsan\u0131z \u00e7al\u0131\u015fanlar\u0131n\u0131zdan biri di\u011fer u\u00e7takinin ne yapt\u0131\u011f\u0131ndan haberdar de\u011fildir. Bu g\u00f6revi becerisi, hayali, yarat\u0131c\u0131l\u0131k kabiliyeti olan biri\u2026\u201d<\/div>\n<div><\/div>\n<div><strong>Alain de Botton\u2019a dair ipu\u00e7lar\u0131\u2026<\/strong><\/div>\n<div><strong>Bir yazar olarak ne zaman para kazanmaya ba\u015flad\u0131n\u0131z?<\/strong><br \/>\n\u0130lk kitab\u0131m \u201cA\u015fk \u00fczerine\u201d ile birlikte para kazanmaya ba\u015flad\u0131m diyebilirim. 22 ya\u015f\u0131ndayd\u0131m\u2026 San\u0131r\u0131m bir\u00e7ok yazar\u0131n aksine gen\u00e7 ya\u015fta be\u011feni toplayan \u015fans\u0131 yazarlar aras\u0131nday\u0131m.<strong>\u201cYazarl\u0131k\u201d mesle\u011finiz temel u\u011fra\u015f alan\u0131n\u0131z m\u0131?<\/strong><br \/>\n\u201cYazarl\u0131k\u201d elbette benim i\u00e7in ilk s\u0131rada geliyor. Ama yazarl\u0131k d\u0131\u015f\u0131nda bir\u00e7ok farkl\u0131 u\u011fra\u015f alan\u0131m var. The School of Life (<a href=\"http:\/\/www.theschooloflife.com\">www.theschooloflife.com<\/a>) projesine destek oluyorum, tabii ki bir yandan da Living Architecture (<a href=\"http:\/\/www.living-architecture.co.uk\">www.living-architecture.co.uk<\/a>) devam ediyor. K\u0131sacas\u0131 hem aktif olarak sosyal anlamda \u00e7al\u0131\u015f\u0131yor hem de fikir \u00fcretiyorum. \u0130kisini dengeli olarak s\u00fcrd\u00fcrmeye \u00e7al\u0131\u015f\u0131yorum.<\/p>\n<p><strong>Kariyerinizin d\u00f6n\u00fcm noktas\u0131 neydi?<\/strong>E\u015fim Charlotte ile tan\u0131\u015fmam diyebilirim. E\u015fim i\u015f hayat\u0131n\u0131 \u00e7ok iyi biliyor. Benim sanatsal a\u00e7\u0131dan de\u011ferlendirdi\u011fim bir\u00e7ok \u015feyi i\u015f d\u00fcnyas\u0131n\u0131n kurallar\u0131na uygun olarak aktarabiliyor. Bu benim i\u00e7in \u00e7ok heyecan verici ve \u00f6\u011fretici oluyor. Kariyerimde devrim niteli\u011finde de\u011fi\u015fimlere neden oldu diyebilirim.<\/p>\n<p><strong>Gen\u00e7 ya\u015fta sevilen ve takdir edilen bir yazar olarak kendinizi \u015fanl\u0131 g\u00f6r\u00fcyor musunuz?<\/strong><br \/>\nEvet, hayat\u0131mda bir\u00e7ok \u015fey yolunda gitti, bunun i\u00e7in her zaman \u015f\u00fckran duyuyorum \u00e7\u00fcnk\u00fc en \u015fansl\u0131lardan biriyim. Ama di\u011fer yandan elbette benimde \u015fans\u0131zl\u0131klar\u0131m oldu, b\u00fcy\u00fck s\u0131k\u0131nt\u0131lar atlatt\u0131m.<\/p>\n<\/div>\n<div><strong>Okuyucular\u0131n\u0131zla nas\u0131l ileti\u015fim kuruyorsunuz?<\/strong><br \/>\nOkuyucular\u0131ma kar\u015f\u0131 her zaman \u00e7ok a\u00e7\u0131k oluyorum. \u0130stedikleri zaman internet sitem \u00fczerinden bana e-mail g\u00f6ndererek ula\u015fabiliyorlar.<strong>Kitaplar\u0131n\u0131zda detaylara \u00e7ok \u00f6nem veriyorsunuz. \u00d6zel hayat\u0131n\u0131zda detayc\u0131 bir ki\u015fili\u011fe sahip misiniz?<\/strong><br \/>\nEvet, bence ya\u015fam detaylar\u0131n ve a\u015fk\u0131n i\u00e7indedir\u2026 Birini sevmek onunla ilgili her t\u00fcrl\u00fc detay\u0131 \u00f6nemsemektir.<\/p>\n<\/div>\n<div><\/div>\n<div><strong>S\u0131radan bir g\u00fcn\u00fcn\u00fcz\u00fc bizimle payla\u015f\u0131r m\u0131s\u0131n\u0131z?<\/strong><br \/>\n\u0130ki o\u011flum Samuel ve Saul\u2019le birlikte uyan\u0131yorum. Sabah 9\u2019dan sonra biraz sessizle\u015fiyor ortal\u0131k ard\u0131ndan \u00e7al\u0131\u015fma odas\u0131na \u00e7ekiliyorum. 3 saat kadar yaz\u0131lar\u0131mla me\u015fgul oluyorum. Ak\u015fam\u00fcst\u00fc 17.00\u2019a kadar telefon konu\u015fmalar\u0131, e-mailler gibi beni oyalayan ve maalesef dikkat da\u011f\u0131tan i\u015flerle birlikte yazmaya devam etmeye \u00e7al\u0131\u015f\u0131yorum. Ak\u015fam yeme\u011finin ard\u0131ndan \u00e7ocuklar yatana kadar onlarla oyalan\u0131yorum.<\/div>\n<div><strong>Gelecekle ilgili planlar yapar m\u0131s\u0131n\u0131z? Yoksa an\u0131m\u0131 ya\u015famay\u0131 tercih edersiniz?<\/strong><br \/>\nOkuldan mezun oldu\u011fumda sadece \u00f6n\u00fcmdeki birka\u00e7 y\u0131l\u0131 hayal etmekle yetinmi\u015ftim. \u015eimdi 41 ya\u015f\u0131nda \u00f6l\u00fcme kadar olan t\u00fcm hayat\u0131m\u0131 d\u00fc\u015f\u00fcn\u00fcyorum. An\u0131 d\u00fc\u015f\u00fcnmekten \u00e7ok nas\u0131l daha iyi bir hayata sahip olabilirim sorusuna yan\u0131t ar\u0131yorum.<strong>Gen\u00e7 okuyucular\u0131n\u0131za nas\u0131l bir mesaj vermek istersiniz?<\/strong><br \/>\nAcele etmelerine gerek yok ama ayn\u0131 zamanda ellerini \u00e7abuk da tutmal\u0131lar\u2026 Fikirlerinizi hayata ge\u00e7irin, ertelemeyin. Cesur davran\u0131n \u00e7\u00fcnk\u00fc hayat k\u0131sa\u2026<\/p>\n<\/div>\n<div><strong>T\u00fcrkiye\u2019ye daha \u00f6nce geldiniz mi?<\/strong><br \/>\nYakla\u015f\u0131k 10 y\u0131l \u00f6nce ailemle birlikte g\u00fcney bat\u0131 sahillerinde tatil yapm\u0131\u015ft\u0131m.<\/div>\n<div><strong>T\u00fcrkiye ile ilgili akl\u0131n\u0131za ilk gelen kelimeler neler?<\/strong><br \/>\nK\u00fclt\u00fcrel zenginli\u011fe sahip, g\u00fc\u00e7l\u00fc, muazzam. Karma\u015f\u0131k yap\u0131s\u0131 i\u00e7inde \u00e7alkant\u0131lara m\u00fcsait bir \u00fclke\u2026 Di\u011fer yandan mutlaka ke\u015ffedilmeli\u2026<\/div>\n<div><strong>Film ve TV programlar\u0131 da var<\/strong><\/div>\n<div>1969 do\u011fumlu Alain de Botton, Londra&#8217;da ya\u015f\u0131yor. Yazar, ayn\u0131 zamanda \u00e7e\u015fitli televizyon programlar\u0131n\u0131n da yap\u0131mc\u0131l\u0131\u011f\u0131n\u0131 \u00fcstlenmi\u015f. Y\u00f6netmen Neil Crombie ile kurdu\u011fu, kitaplar\u0131n\u0131n ve \u00e7al\u0131\u015fmalar\u0131n\u0131n belgesellerinin haz\u0131rland\u0131\u011f\u0131, \u201cSeneca Productions\u201d ad\u0131nda bir prod\u00fcksiyon \u015firketi var.<\/div>\n<div>TV dizileri<br \/>\n\u2022\u00a0Socrates on Self-Confidence<br \/>\n\u2022\u00a0Epicurus on Happiness<br \/>\n\u2022\u00a0Seneca on Anger<br \/>\n\u2022\u00a0Montaigne on Self-Esteem<br \/>\n\u2022\u00a0Schopenhauer on Love<br \/>\n\u2022\u00a0Nietzsche on Hardship<\/div>\n<div>Filmler<br \/>\nStatus Anxiety<br \/>\nThe Perfect Home<\/div>\n<!-- templates\/buttons-placeholder.php -->\n<div class=\"da-reactions-outer TpostID839\">\n\t    <div class=\"da-reactions-data da-reactions-container-async center\"\n         data-type=\"post\"\n         data-id=\"839\"\n         id=\"da-reactions-slot-post-839\">\n        <div class=\"da-reactions-static\">\n\t\t\t<img src=\"https:\/\/www.kariyer.net\/kariyer-rehberi\/wp-content\/plugins\/da-reactions\/assets\/dist\/loading.svg\" alt=\"Loading spinner\" width=\"48\" height=\"48\" style=\"width:48px\" \/>\n        <\/div>\n    <\/div>\n<\/div>\n","protected":false},"excerpt":{"rendered":"<p>\u0130K zirvesinin en \u00f6nemli konuklar\u0131ndan biri olan Alain de Botton 16-17 \u015eubat tarihleri aras\u0131nda \u0130K Zirvesi 2011\u2019de Kariyer.net\u2019in \u00f6zel davetlisi olarak \u0130K\u2019c\u0131larla bulu\u015ftu. \u0130\u015f d\u00fcnyas\u0131n\u0131n insan psikolojisindeki de\u011fi\u015fime nas\u0131l y\u00f6n verdi\u011fini anlatan Alain de Botton, sunum sonras\u0131nda Kariyer.net misafirlerinin sorular\u0131n\u0131 da yan\u0131tlad\u0131.\u00a0 Bu y\u00fczy\u0131l\u0131n en \u00f6nemli filozoflar\u0131ndan biri olan Alain de Botton, \u0130K zirvesinde Kariyer.net\u2019in [&hellip;]<\/p>\n<!-- templates\/buttons-placeholder.php -->\n<div class=\"da-reactions-outer TpostID839\">\n\t    <div class=\"da-reactions-data da-reactions-container-async center\"\n         data-type=\"post\"\n         data-id=\"839\"\n         id=\"da-reactions-slot-post-839\">\n        <div class=\"da-reactions-static\">\n\t\t\t<img src=\"https:\/\/www.kariyer.net\/kariyer-rehberi\/wp-content\/plugins\/da-reactions\/assets\/dist\/loading.svg\" alt=\"Loading spinner\" width=\"48\" height=\"48\" style=\"width:48px\" \/>\n        <\/div>\n    <\/div>\n<\/div>\n","protected":false},"author":6,"featured_media":4523,"comment_status":"open","ping_status":"open","sticky":false,"template":"","format":"standard","meta":{"footnotes":"","_elementor_edit_mode":"","_elementor_template_type":"","_elementor_data":"","_elementor_page_settings":null,"_elementor_conditions":[]},"categories":[2203],"tags":[],"class_list":{"0":"post-839","1":"post","2":"type-post","3":"status-publish","4":"format-standard","5":"has-post-thumbnail","7":"category-haberler-duyurular"},"yoast_head":"<!-- This site is optimized with the Yoast SEO Premium plugin v21.4 (Yoast SEO v27.0) - https:\/\/yoast.com\/product\/yoast-seo-premium-wordpress\/ -->\n<title>Hayat a\u015fk\u0131n ve detaylar\u0131n i\u00e7inde ya\u015fan\u0131r | Kariyer Rehberi<\/title>\n<meta name=\"description\" content=\"\u0130K zirvesinin en \u00f6nemli konuklar\u0131ndan biri olan Alain de Botton 16-17 \u015eubat tarihleri aras\u0131nda \u0130K Zirvesi 2011\u2019de Kariyer.net\u2019in \u00f6zel davetlisi olarak\" \/>\n<meta name=\"robots\" content=\"index, follow, max-snippet:-1, max-image-preview:large, max-video-preview:-1\" \/>\n<link rel=\"canonical\" href=\"https:\/\/www.kariyer.net\/kariyer-rehberi\/hayat-askin-ve-detaylarin-icinde-yasanir\/\" \/>\n<meta property=\"og:locale\" content=\"tr_TR\" \/>\n<meta property=\"og:type\" content=\"article\" \/>\n<meta property=\"og:title\" content=\"Hayat a\u015fk\u0131n ve detaylar\u0131n i\u00e7inde ya\u015fan\u0131r\" \/>\n<meta property=\"og:description\" content=\"\u0130K zirvesinin en \u00f6nemli konuklar\u0131ndan biri olan Alain de Botton 16-17 \u015eubat tarihleri aras\u0131nda \u0130K Zirvesi 2011\u2019de Kariyer.net\u2019in \u00f6zel davetlisi olarak\" \/>\n<meta property=\"og:url\" content=\"https:\/\/www.kariyer.net\/kariyer-rehberi\/hayat-askin-ve-detaylarin-icinde-yasanir\/\" \/>\n<meta property=\"og:site_name\" content=\"Kariyer Rehberi\" \/>\n<meta property=\"article:published_time\" content=\"2011-03-16T00:00:00+00:00\" \/>\n<meta property=\"article:modified_time\" content=\"2024-07-03T11:56:11+00:00\" \/>\n<meta property=\"og:image\" content=\"https:\/\/www.kariyer.net\/kariyer-rehberi\/wp-content\/uploads\/2011\/03\/alain.jpg\" \/>\n\t<meta property=\"og:image:width\" content=\"290\" \/>\n\t<meta property=\"og:image:height\" content=\"150\" \/>\n\t<meta property=\"og:image:type\" content=\"image\/jpeg\" \/>\n<meta name=\"author\" content=\"Merve Tun\u00e7er\" \/>\n<meta name=\"twitter:card\" content=\"summary_large_image\" \/>\n<meta name=\"twitter:label1\" content=\"Yazan:\" \/>\n\t<meta name=\"twitter:data1\" content=\"Merve Tun\u00e7er\" \/>\n\t<meta name=\"twitter:label2\" content=\"Tahmini okuma s\u00fcresi\" \/>\n\t<meta name=\"twitter:data2\" content=\"6 dakika\" \/>\n<!-- \/ Yoast SEO Premium plugin. -->","yoast_head_json":{"title":"Hayat a\u015fk\u0131n ve detaylar\u0131n i\u00e7inde ya\u015fan\u0131r | Kariyer Rehberi","description":"\u0130K zirvesinin en \u00f6nemli konuklar\u0131ndan biri olan Alain de Botton 16-17 \u015eubat tarihleri aras\u0131nda \u0130K Zirvesi 2011\u2019de Kariyer.net\u2019in \u00f6zel davetlisi olarak","robots":{"index":"index","follow":"follow","max-snippet":"max-snippet:-1","max-image-preview":"max-image-preview:large","max-video-preview":"max-video-preview:-1"},"canonical":"https:\/\/www.kariyer.net\/kariyer-rehberi\/hayat-askin-ve-detaylarin-icinde-yasanir\/","og_locale":"tr_TR","og_type":"article","og_title":"Hayat a\u015fk\u0131n ve detaylar\u0131n i\u00e7inde ya\u015fan\u0131r","og_description":"\u0130K zirvesinin en \u00f6nemli konuklar\u0131ndan biri olan Alain de Botton 16-17 \u015eubat tarihleri aras\u0131nda \u0130K Zirvesi 2011\u2019de Kariyer.net\u2019in \u00f6zel davetlisi olarak","og_url":"https:\/\/www.kariyer.net\/kariyer-rehberi\/hayat-askin-ve-detaylarin-icinde-yasanir\/","og_site_name":"Kariyer Rehberi","article_published_time":"2011-03-16T00:00:00+00:00","article_modified_time":"2024-07-03T11:56:11+00:00","og_image":[{"width":290,"height":150,"url":"https:\/\/www.kariyer.net\/kariyer-rehberi\/wp-content\/uploads\/2011\/03\/alain.jpg","type":"image\/jpeg"}],"author":"Merve Tun\u00e7er","twitter_card":"summary_large_image","twitter_misc":{"Yazan:":"Merve Tun\u00e7er","Tahmini okuma s\u00fcresi":"6 dakika"},"schema":{"@context":"https:\/\/schema.org","@graph":[{"@type":"Article","@id":"https:\/\/www.kariyer.net\/kariyer-rehberi\/hayat-askin-ve-detaylarin-icinde-yasanir\/#article","isPartOf":{"@id":"https:\/\/www.kariyer.net\/kariyer-rehberi\/hayat-askin-ve-detaylarin-icinde-yasanir\/"},"author":{"name":"Merve Tun\u00e7er","@id":"https:\/\/www.kariyer.net\/kariyer-rehberi\/#\/schema\/person\/0a1b137f53ff777a71394484346c28a1"},"headline":"Hayat a\u015fk\u0131n ve detaylar\u0131n i\u00e7inde ya\u015fan\u0131r","datePublished":"2011-03-16T00:00:00+00:00","dateModified":"2024-07-03T11:56:11+00:00","mainEntityOfPage":{"@id":"https:\/\/www.kariyer.net\/kariyer-rehberi\/hayat-askin-ve-detaylarin-icinde-yasanir\/"},"wordCount":1190,"commentCount":0,"publisher":{"@id":"https:\/\/www.kariyer.net\/kariyer-rehberi\/#organization"},"image":{"@id":"https:\/\/www.kariyer.net\/kariyer-rehberi\/hayat-askin-ve-detaylarin-icinde-yasanir\/#primaryimage"},"thumbnailUrl":"https:\/\/www.kariyer.net\/kariyer-rehberi\/wp-content\/uploads\/2011\/03\/alain.jpg","articleSection":["Haberler ve Duyurular"],"inLanguage":"tr","potentialAction":[{"@type":"CommentAction","name":"Comment","target":["https:\/\/www.kariyer.net\/kariyer-rehberi\/hayat-askin-ve-detaylarin-icinde-yasanir\/#respond"]}]},{"@type":"WebPage","@id":"https:\/\/www.kariyer.net\/kariyer-rehberi\/hayat-askin-ve-detaylarin-icinde-yasanir\/","url":"https:\/\/www.kariyer.net\/kariyer-rehberi\/hayat-askin-ve-detaylarin-icinde-yasanir\/","name":"Hayat a\u015fk\u0131n ve detaylar\u0131n i\u00e7inde ya\u015fan\u0131r | Kariyer Rehberi","isPartOf":{"@id":"https:\/\/www.kariyer.net\/kariyer-rehberi\/#website"},"primaryImageOfPage":{"@id":"https:\/\/www.kariyer.net\/kariyer-rehberi\/hayat-askin-ve-detaylarin-icinde-yasanir\/#primaryimage"},"image":{"@id":"https:\/\/www.kariyer.net\/kariyer-rehberi\/hayat-askin-ve-detaylarin-icinde-yasanir\/#primaryimage"},"thumbnailUrl":"https:\/\/www.kariyer.net\/kariyer-rehberi\/wp-content\/uploads\/2011\/03\/alain.jpg","datePublished":"2011-03-16T00:00:00+00:00","dateModified":"2024-07-03T11:56:11+00:00","description":"\u0130K zirvesinin en \u00f6nemli konuklar\u0131ndan biri olan Alain de Botton 16-17 \u015eubat tarihleri aras\u0131nda \u0130K Zirvesi 2011\u2019de Kariyer.net\u2019in \u00f6zel davetlisi olarak","breadcrumb":{"@id":"https:\/\/www.kariyer.net\/kariyer-rehberi\/hayat-askin-ve-detaylarin-icinde-yasanir\/#breadcrumb"},"inLanguage":"tr","potentialAction":[{"@type":"ReadAction","target":["https:\/\/www.kariyer.net\/kariyer-rehberi\/hayat-askin-ve-detaylarin-icinde-yasanir\/"]}]},{"@type":"ImageObject","inLanguage":"tr","@id":"https:\/\/www.kariyer.net\/kariyer-rehberi\/hayat-askin-ve-detaylarin-icinde-yasanir\/#primaryimage","url":"https:\/\/www.kariyer.net\/kariyer-rehberi\/wp-content\/uploads\/2011\/03\/alain.jpg","contentUrl":"https:\/\/www.kariyer.net\/kariyer-rehberi\/wp-content\/uploads\/2011\/03\/alain.jpg","width":290,"height":150},{"@type":"BreadcrumbList","@id":"https:\/\/www.kariyer.net\/kariyer-rehberi\/hayat-askin-ve-detaylarin-icinde-yasanir\/#breadcrumb","itemListElement":[{"@type":"ListItem","position":1,"name":"Anasayfa","item":"https:\/\/www.kariyer.net\/kariyer-rehberi\/"},{"@type":"ListItem","position":2,"name":"Hayat a\u015fk\u0131n ve detaylar\u0131n i\u00e7inde ya\u015fan\u0131r"}]},{"@type":"WebSite","@id":"https:\/\/www.kariyer.net\/kariyer-rehberi\/#website","url":"https:\/\/www.kariyer.net\/kariyer-rehberi\/","name":"Kariyer Rehberi","description":"\u0130\u015f D\u00fcnyas\u0131yla \u0130lgili Bilmek \u0130stedi\u011finiz Her \u015eey","publisher":{"@id":"https:\/\/www.kariyer.net\/kariyer-rehberi\/#organization"},"potentialAction":[{"@type":"SearchAction","target":{"@type":"EntryPoint","urlTemplate":"https:\/\/www.kariyer.net\/kariyer-rehberi\/?s={search_term_string}"},"query-input":{"@type":"PropertyValueSpecification","valueRequired":true,"valueName":"search_term_string"}}],"inLanguage":"tr"},{"@type":"Organization","@id":"https:\/\/www.kariyer.net\/kariyer-rehberi\/#organization","name":"Kariyer.net","url":"https:\/\/www.kariyer.net\/kariyer-rehberi\/","logo":{"@type":"ImageObject","inLanguage":"tr","@id":"https:\/\/www.kariyer.net\/kariyer-rehberi\/#\/schema\/logo\/image\/","url":"https:\/\/www.kariyer.net\/kariyer-rehberi-new\/wp-content\/uploads\/2023\/01\/og-image11.jpg","contentUrl":"https:\/\/www.kariyer.net\/kariyer-rehberi-new\/wp-content\/uploads\/2023\/01\/og-image11.jpg","width":800,"height":800,"caption":"Kariyer.net"},"image":{"@id":"https:\/\/www.kariyer.net\/kariyer-rehberi\/#\/schema\/logo\/image\/"}},{"@type":"Person","@id":"https:\/\/www.kariyer.net\/kariyer-rehberi\/#\/schema\/person\/0a1b137f53ff777a71394484346c28a1","name":"Merve Tun\u00e7er","image":{"@type":"ImageObject","inLanguage":"tr","@id":"https:\/\/www.kariyer.net\/kariyer-rehberi\/#\/schema\/person\/image\/","url":"https:\/\/secure.gravatar.com\/avatar\/f901bc11e2b7a88ba6f6ba817ccc4d8f7782f16694472c26fd2664737093f4f2?s=96&d=mm&r=g","contentUrl":"https:\/\/secure.gravatar.com\/avatar\/f901bc11e2b7a88ba6f6ba817ccc4d8f7782f16694472c26fd2664737093f4f2?s=96&d=mm&r=g","caption":"Merve Tun\u00e7er"},"description":"Kad\u0131k\u00f6y Anadolu Lisesi\u2019nin ard\u0131ndan diplomat olma hayaliyle girdi\u011fi Marmara \u00dcniversitesi Frans\u0131zca Siyaset Bilimi ve Kamu Y\u00f6netimi B\u00f6l\u00fcm\u00fc\u2019nde e\u011fitimine devam ederken gazetecilik mesle\u011fine g\u00f6nl\u00fcn\u00fc kapt\u0131rd\u0131. \u201cT\u00fcrkiye\u2019de ve Fransa\u2019da Gazeteci Kimli\u011fi Sorunu\u201d konulu tezini yazarken \u00e7al\u0131\u015fmaya ba\u015flad\u0131\u011f\u0131 ajansta gazetecili\u011fe ad\u0131m att\u0131.","sameAs":["http:\/\/www.kariyer.net\/kariyer-rehberi\/merve-tuncer\/"],"url":"https:\/\/www.kariyer.net\/kariyer-rehberi\/author\/merve-tuncer\/"}]}},"_links":{"self":[{"href":"https:\/\/www.kariyer.net\/kariyer-rehberi\/wp-json\/wp\/v2\/posts\/839","targetHints":{"allow":["GET"]}}],"collection":[{"href":"https:\/\/www.kariyer.net\/kariyer-rehberi\/wp-json\/wp\/v2\/posts"}],"about":[{"href":"https:\/\/www.kariyer.net\/kariyer-rehberi\/wp-json\/wp\/v2\/types\/post"}],"author":[{"embeddable":true,"href":"https:\/\/www.kariyer.net\/kariyer-rehberi\/wp-json\/wp\/v2\/users\/6"}],"replies":[{"embeddable":true,"href":"https:\/\/www.kariyer.net\/kariyer-rehberi\/wp-json\/wp\/v2\/comments?post=839"}],"version-history":[{"count":1,"href":"https:\/\/www.kariyer.net\/kariyer-rehberi\/wp-json\/wp\/v2\/posts\/839\/revisions"}],"predecessor-version":[{"id":18845,"href":"https:\/\/www.kariyer.net\/kariyer-rehberi\/wp-json\/wp\/v2\/posts\/839\/revisions\/18845"}],"wp:featuredmedia":[{"embeddable":true,"href":"https:\/\/www.kariyer.net\/kariyer-rehberi\/wp-json\/wp\/v2\/media\/4523"}],"wp:attachment":[{"href":"https:\/\/www.kariyer.net\/kariyer-rehberi\/wp-json\/wp\/v2\/media?parent=839"}],"wp:term":[{"taxonomy":"category","embeddable":true,"href":"https:\/\/www.kariyer.net\/kariyer-rehberi\/wp-json\/wp\/v2\/categories?post=839"},{"taxonomy":"post_tag","embeddable":true,"href":"https:\/\/www.kariyer.net\/kariyer-rehberi\/wp-json\/wp\/v2\/tags?post=839"}],"curies":[{"name":"wp","href":"https:\/\/api.w.org\/{rel}","templated":true}]}}