{"id":842,"date":"2011-04-25T03:00:00","date_gmt":"2011-04-25T00:00:00","guid":{"rendered":"http:\/\/92.45.35.169\/koltugu-monte-eden-kariyer-koltugunu-kapiyor\/"},"modified":"2024-07-03T14:53:56","modified_gmt":"2024-07-03T11:53:56","slug":"koltugu-monte-eden-kariyer-koltugunu-kapiyor","status":"publish","type":"post","link":"https:\/\/www.kariyer.net\/kariyer-rehberi\/koltugu-monte-eden-kariyer-koltugunu-kapiyor\/","title":{"rendered":"Koltu\u011fu monte eden kariyer koltu\u011funu kap\u0131yor"},"content":{"rendered":"<p><strong>1300 \u00e7al\u0131\u015fan\u0131yla T\u00fcrkiye\u2019de hizmet veren IKEA T\u00fcrkiye Ankara ma\u011faza personeli ile birlikte bu say\u0131y\u0131 1700\u2019e ula\u015ft\u0131. Adaylar\u0131n m\u00fclakat \u00f6ncesi stresini azaltmak i\u00e7in onlara sandalye monte \u00e7al\u0131\u015fmas\u0131 yapt\u0131ran IKEA\u2019da montaj sonu\u00e7lar\u0131 i\u015fe al\u0131m\u0131 garantilemiyor.<\/strong><\/p>\n<p><strong><br \/>\n<\/strong>IKEA T\u00fcrkiye 5\u2019nci ma\u011fazas\u0131n\u0131 yaz ba\u015f\u0131nda Ankara\u2019da a\u00e7acak. Ankara\u2019da 1000 ki\u015fi ile toplu m\u00fclakatlar yaparak, yakla\u015f\u0131k 400 ki\u015fiyi IKEA Ankara\u2019da g\u00f6rev almas\u0131 i\u00e7in belirlendi. \u201cIKEA olarak i\u015fe alaca\u011f\u0131m\u0131z adaylarda iyi ileti\u015fim, problem \u00e7\u00f6zme, sorumluluk alma, sonu\u00e7 odakl\u0131l\u0131k yetkinliklerinin yan\u0131 s\u0131ra, \u015firketin kurumsal k\u00fclt\u00fcr\u00fcn\u00fc temsil eden m\u00fctevazilik, birlik i\u00e7inde \u00e7al\u0131\u015fma, sadelik gibi temel de\u011ferlerle uyu\u015fuyor olmalar\u0131n\u0131 da dikkate al\u0131yoruz\u201d diyen IKEA \u00dclke \u0130nsan Kaynaklar\u0131 M\u00fcd\u00fcr\u00fc Dilan Atalay Birinci, IKEA\u2019da \u00e7al\u0131\u015fan herkes kendilerini rahat\u00e7a ifade ettikleri ve sorumluluk almalar\u0131 i\u00e7in te\u015fvik edildikleri bir ortamda \u00e7al\u0131\u015f\u0131yorlar. Perakendenin yo\u011fun dinami\u011fi i\u00e7inde fazla yayg\u0131n bir uygulama olmayan ancak personele b\u00fcy\u00fck bir avantaj sa\u011flayan haftal\u0131k 2 izin g\u00fcn\u00fc imkan\u0131n\u0131 tan\u0131yoruz\u201d bilgisini veriyor. Ankara ma\u011fazas\u0131 i\u00e7in 400 ki\u015fi i\u015fe alan IKEA, y\u00f6netici ve ara y\u00f6netici kadrolar\u0131n\u0131n i\u015fe al\u0131mlar\u0131n\u0131n tamamland\u0131\u011f\u0131n\u0131 dile getiren Birinci, ma\u011fazalarda sat\u0131\u015f, lojistik, yiyecek i\u00e7ecek, m\u00fc\u015fteri hizmetleri gibi b\u00f6l\u00fcmlerde \u00e7al\u0131\u015facak personellerin i\u015fe al\u0131m s\u00fcrecinin devam etti\u011fini s\u00f6yl\u00fcyor. Birinci, adaylara pozisyona g\u00f6re yetkinlik bazl\u0131 m\u00fclakat, de\u011ferlendirme merkezi, zihinsel beceri ve ki\u015filik testi s\u00fcre\u00e7lerinden ge\u00e7irilip de\u011ferlendirilerek i\u015fe ald\u0131klar\u0131n\u0131 s\u00f6yl\u00fcyor. Pozisyona g\u00f6re bazen birden fazla m\u00fclakat ger\u00e7ekle\u015ftirebildiklerine de\u011finiyor.<\/p>\n<p><strong>\u00a0\u0130lk defa IKEA\u00a0T\u00fcrkiye\u2019de uyguland\u0131<\/strong><\/p>\n<p>\u201cSandalye monte \u00e7al\u0131\u015fmas\u0131 tamamen ortam\u0131 \u0131s\u0131tmak, IKEA konseptini tecr\u00fcbe ederek ya\u015famalar\u0131 i\u00e7in yarat\u0131lm\u0131\u015f bir f\u0131rsatt\u0131\u201d diyen Birinci, s\u00f6zlerine \u015f\u00f6yle devam ediyor: \u201cBu uygulama \u0130KEA ma\u011fazalar\u0131 i\u00e7inde ilk defa T\u00fcrkiye\u2019de ger\u00e7ekle\u015ftirildi. T\u00fcm adaylar montaj s\u00fcresinde \u00e7ok e\u011flendi. Ama tabii ki montajdaki sonu\u00e7lar g\u00f6r\u00fc\u015fme notlar\u0131n\u0131 etkilemedi.\u201d<\/p>\n<p><strong>Y\u00f6neticiler, Hollanda\u2019da e\u011fitim al\u0131yor <\/strong><\/p>\n<p>IKEA\u2019n\u0131n Hollanda\u2019da \u201cIKEA Business College\u201d isimli e\u011fitim merkezinde\u3000 organizasyondaki t\u00fcm m\u00fcd\u00fcrler temel e\u011fitimler al\u0131yor. Birinci, \u201cBuradaki e\u011fitim birimimizde \u201cIKEA Business College\u2019da\u201d geli\u015ftirilen e\u011fitimler, el kitaplar\u0131 ve k\u0131lavuzlar\u0131 t\u00fcrk\u00e7ele\u015ftirerek yerel pazara g\u00f6re adapte ediliyor. E\u011fitimleri kendi pazar\u0131m\u0131za g\u00f6re uyarlad\u0131ktan sonra sadece \u00fcst y\u00f6netime de\u011fil, m\u00fcmk\u00fcn olan t\u00fcm personele bu know-how\u2019\u0131 aktaracak \u015fekilde \u3000sunuyoruz\u201d a\u00e7\u0131klamas\u0131n\u0131 yap\u0131yor.<br \/>\n<strong>Oryantasyon s\u00fcreci \u0131s\u0131nma turlar\u0131yla ge\u00e7iyor<\/strong><\/p>\n<p>IKEA\u2019daki e\u011fitimler ikiye ayr\u0131l\u0131yor. Temel e\u011fitimler, IKEA\u2019y\u0131 hi\u00e7 tan\u0131mayan birine IKEA ve IKEA\u2019n\u0131n i\u015f yap\u0131\u015f \u015fekli gibi bilgilerin verildi\u011fi \u201cIKEA\u2019ya Ho\u015fgeldiniz\u201d e\u011fitimi. Bu, yeni ba\u015flayan bir \u00e7al\u0131\u015fan\u0131n bir g\u00fcn boyunca \u015firketin tarih\u00e7esi ve k\u00fclt\u00fcr\u00fc ile ilgili ald\u0131\u011f\u0131 tek g\u00fcnl\u00fck bir e\u011fitim. Ard\u0131ndan \u201cIKEA Konseptini Anlama\u201d ad\u0131 alt\u0131nda toplam bir hafta s\u00fcren bir e\u011fitim var. \u201cIKEA Konseptini Anlama \u00e7al\u0131\u015fan\u0131n i\u015fe ba\u015flad\u0131ktan sonra ilk \u00fc\u00e7 ay i\u00e7inde almas\u0131 gereken bir e\u011fitim. Bu e\u011fitimleri \u3000organizasyondaki en tecr\u00fcbeli ki\u015filer veriyor. Bir di\u011fer e\u011fitim ise \u2018IKEA ma\u011fazas\u0131 nas\u0131l i\u015fletilir?\u2019 konusunu ele al\u0131yor. Bu, ma\u011fazan\u0131n i\u00e7inde birebir \u00e7al\u0131\u015farak yap\u0131lan bir e\u011fitim\u201d diyen Birinci, teknik e\u011fitimlerle ilgili ise \u015fu bilgileri veriyor: \u201cBunlar\u0131n ard\u0131ndan teknik e\u011fitimler geliyor. Bu e\u011fitimler \u00e7al\u0131\u015fan\u0131n departman\u0131 ve pozisyonuna g\u00f6re de\u011fi\u015fiklik g\u00f6sterebiliyor. Bunlar\u0131n yan\u0131 s\u0131ra, y\u00f6neticiler i\u00e7in verilen yetkinlik e\u011fitimlerimiz de mevcut.\u201d<\/p>\n<p>&nbsp;<\/p>\n<p><strong>\u00a0<\/strong><\/p>\n<p><strong>\u3000<\/strong><\/p>\n<!-- templates\/buttons-placeholder.php -->\n<div class=\"da-reactions-outer TpostID842\">\n\t    <div class=\"da-reactions-data da-reactions-container-async center\"\n         data-type=\"post\"\n         data-id=\"842\"\n         id=\"da-reactions-slot-post-842\">\n        <div class=\"da-reactions-static\">\n\t\t\t<img src=\"https:\/\/www.kariyer.net\/kariyer-rehberi\/wp-content\/plugins\/da-reactions\/assets\/dist\/loading.svg\" alt=\"Loading spinner\" width=\"48\" height=\"48\" style=\"width:48px\" \/>\n        <\/div>\n    <\/div>\n<\/div>\n","protected":false},"excerpt":{"rendered":"<p>1300 \u00e7al\u0131\u015fan\u0131yla T\u00fcrkiye\u2019de hizmet veren IKEA T\u00fcrkiye Ankara ma\u011faza personeli ile birlikte bu say\u0131y\u0131 1700\u2019e ula\u015ft\u0131. Adaylar\u0131n m\u00fclakat \u00f6ncesi stresini azaltmak i\u00e7in onlara sandalye monte \u00e7al\u0131\u015fmas\u0131 yapt\u0131ran IKEA\u2019da montaj sonu\u00e7lar\u0131 i\u015fe al\u0131m\u0131 garantilemiyor. IKEA T\u00fcrkiye 5\u2019nci ma\u011fazas\u0131n\u0131 yaz ba\u015f\u0131nda Ankara\u2019da a\u00e7acak. Ankara\u2019da 1000 ki\u015fi ile toplu m\u00fclakatlar yaparak, yakla\u015f\u0131k 400 ki\u015fiyi IKEA Ankara\u2019da g\u00f6rev almas\u0131 [&hellip;]<\/p>\n<!-- templates\/buttons-placeholder.php -->\n<div class=\"da-reactions-outer TpostID842\">\n\t    <div class=\"da-reactions-data da-reactions-container-async center\"\n         data-type=\"post\"\n         data-id=\"842\"\n         id=\"da-reactions-slot-post-842\">\n        <div class=\"da-reactions-static\">\n\t\t\t<img src=\"https:\/\/www.kariyer.net\/kariyer-rehberi\/wp-content\/plugins\/da-reactions\/assets\/dist\/loading.svg\" alt=\"Loading spinner\" width=\"48\" height=\"48\" style=\"width:48px\" \/>\n        <\/div>\n    <\/div>\n<\/div>\n","protected":false},"author":6,"featured_media":4115,"comment_status":"open","ping_status":"open","sticky":false,"template":"","format":"standard","meta":{"footnotes":"","_elementor_edit_mode":"","_elementor_template_type":"","_elementor_data":"","_elementor_page_settings":null,"_elementor_conditions":[]},"categories":[2203],"tags":[],"class_list":{"0":"post-842","1":"post","2":"type-post","3":"status-publish","4":"format-standard","5":"has-post-thumbnail","7":"category-haberler-duyurular"},"yoast_head":"<!-- This site is optimized with the Yoast SEO Premium plugin v21.4 (Yoast SEO v27.0) - https:\/\/yoast.com\/product\/yoast-seo-premium-wordpress\/ -->\n<title>Koltu\u011fu monte eden kariyer koltu\u011funu kap\u0131yor | Kariyer Rehberi<\/title>\n<meta name=\"description\" content=\"1300 \u00e7al\u0131\u015fan\u0131yla T\u00fcrkiye\u2019de hizmet veren IKEA T\u00fcrkiye Ankara ma\u011faza personeli ile birlikte bu say\u0131y\u0131 1700\u2019e ula\u015ft\u0131. Adaylar\u0131n m\u00fclakat \u00f6ncesi stresini\" \/>\n<meta name=\"robots\" content=\"index, follow, max-snippet:-1, max-image-preview:large, max-video-preview:-1\" \/>\n<link rel=\"canonical\" href=\"https:\/\/www.kariyer.net\/kariyer-rehberi\/koltugu-monte-eden-kariyer-koltugunu-kapiyor\/\" \/>\n<meta property=\"og:locale\" content=\"tr_TR\" \/>\n<meta property=\"og:type\" content=\"article\" \/>\n<meta property=\"og:title\" content=\"Koltu\u011fu monte eden kariyer koltu\u011funu kap\u0131yor\" \/>\n<meta property=\"og:description\" content=\"1300 \u00e7al\u0131\u015fan\u0131yla T\u00fcrkiye\u2019de hizmet veren IKEA T\u00fcrkiye Ankara ma\u011faza personeli ile birlikte bu say\u0131y\u0131 1700\u2019e ula\u015ft\u0131. Adaylar\u0131n m\u00fclakat \u00f6ncesi stresini\" \/>\n<meta property=\"og:url\" content=\"https:\/\/www.kariyer.net\/kariyer-rehberi\/koltugu-monte-eden-kariyer-koltugunu-kapiyor\/\" \/>\n<meta property=\"og:site_name\" content=\"Kariyer Rehberi\" \/>\n<meta property=\"article:published_time\" content=\"2011-04-25T00:00:00+00:00\" \/>\n<meta property=\"article:modified_time\" content=\"2024-07-03T11:53:56+00:00\" \/>\n<meta property=\"og:image\" content=\"https:\/\/www.kariyer.net\/kariyer-rehberi\/wp-content\/uploads\/2011\/04\/ikea.jpg\" \/>\n\t<meta property=\"og:image:width\" content=\"290\" \/>\n\t<meta property=\"og:image:height\" content=\"150\" \/>\n\t<meta property=\"og:image:type\" content=\"image\/jpeg\" \/>\n<meta name=\"author\" content=\"Merve Tun\u00e7er\" \/>\n<meta name=\"twitter:card\" content=\"summary_large_image\" \/>\n<meta name=\"twitter:label1\" content=\"Yazan:\" \/>\n\t<meta name=\"twitter:data1\" content=\"Merve Tun\u00e7er\" \/>\n\t<meta name=\"twitter:label2\" content=\"Tahmini okuma s\u00fcresi\" \/>\n\t<meta name=\"twitter:data2\" content=\"3 dakika\" \/>\n<!-- \/ Yoast SEO Premium plugin. -->","yoast_head_json":{"title":"Koltu\u011fu monte eden kariyer koltu\u011funu kap\u0131yor | Kariyer Rehberi","description":"1300 \u00e7al\u0131\u015fan\u0131yla T\u00fcrkiye\u2019de hizmet veren IKEA T\u00fcrkiye Ankara ma\u011faza personeli ile birlikte bu say\u0131y\u0131 1700\u2019e ula\u015ft\u0131. Adaylar\u0131n m\u00fclakat \u00f6ncesi stresini","robots":{"index":"index","follow":"follow","max-snippet":"max-snippet:-1","max-image-preview":"max-image-preview:large","max-video-preview":"max-video-preview:-1"},"canonical":"https:\/\/www.kariyer.net\/kariyer-rehberi\/koltugu-monte-eden-kariyer-koltugunu-kapiyor\/","og_locale":"tr_TR","og_type":"article","og_title":"Koltu\u011fu monte eden kariyer koltu\u011funu kap\u0131yor","og_description":"1300 \u00e7al\u0131\u015fan\u0131yla T\u00fcrkiye\u2019de hizmet veren IKEA T\u00fcrkiye Ankara ma\u011faza personeli ile birlikte bu say\u0131y\u0131 1700\u2019e ula\u015ft\u0131. Adaylar\u0131n m\u00fclakat \u00f6ncesi stresini","og_url":"https:\/\/www.kariyer.net\/kariyer-rehberi\/koltugu-monte-eden-kariyer-koltugunu-kapiyor\/","og_site_name":"Kariyer Rehberi","article_published_time":"2011-04-25T00:00:00+00:00","article_modified_time":"2024-07-03T11:53:56+00:00","og_image":[{"width":290,"height":150,"url":"https:\/\/www.kariyer.net\/kariyer-rehberi\/wp-content\/uploads\/2011\/04\/ikea.jpg","type":"image\/jpeg"}],"author":"Merve Tun\u00e7er","twitter_card":"summary_large_image","twitter_misc":{"Yazan:":"Merve Tun\u00e7er","Tahmini okuma s\u00fcresi":"3 dakika"},"schema":{"@context":"https:\/\/schema.org","@graph":[{"@type":"Article","@id":"https:\/\/www.kariyer.net\/kariyer-rehberi\/koltugu-monte-eden-kariyer-koltugunu-kapiyor\/#article","isPartOf":{"@id":"https:\/\/www.kariyer.net\/kariyer-rehberi\/koltugu-monte-eden-kariyer-koltugunu-kapiyor\/"},"author":{"name":"Merve Tun\u00e7er","@id":"https:\/\/www.kariyer.net\/kariyer-rehberi\/#\/schema\/person\/0a1b137f53ff777a71394484346c28a1"},"headline":"Koltu\u011fu monte eden kariyer koltu\u011funu kap\u0131yor","datePublished":"2011-04-25T00:00:00+00:00","dateModified":"2024-07-03T11:53:56+00:00","mainEntityOfPage":{"@id":"https:\/\/www.kariyer.net\/kariyer-rehberi\/koltugu-monte-eden-kariyer-koltugunu-kapiyor\/"},"wordCount":684,"commentCount":0,"publisher":{"@id":"https:\/\/www.kariyer.net\/kariyer-rehberi\/#organization"},"image":{"@id":"https:\/\/www.kariyer.net\/kariyer-rehberi\/koltugu-monte-eden-kariyer-koltugunu-kapiyor\/#primaryimage"},"thumbnailUrl":"https:\/\/www.kariyer.net\/kariyer-rehberi\/wp-content\/uploads\/2011\/04\/ikea.jpg","articleSection":["Haberler ve Duyurular"],"inLanguage":"tr","potentialAction":[{"@type":"CommentAction","name":"Comment","target":["https:\/\/www.kariyer.net\/kariyer-rehberi\/koltugu-monte-eden-kariyer-koltugunu-kapiyor\/#respond"]}]},{"@type":"WebPage","@id":"https:\/\/www.kariyer.net\/kariyer-rehberi\/koltugu-monte-eden-kariyer-koltugunu-kapiyor\/","url":"https:\/\/www.kariyer.net\/kariyer-rehberi\/koltugu-monte-eden-kariyer-koltugunu-kapiyor\/","name":"Koltu\u011fu monte eden kariyer koltu\u011funu kap\u0131yor | Kariyer Rehberi","isPartOf":{"@id":"https:\/\/www.kariyer.net\/kariyer-rehberi\/#website"},"primaryImageOfPage":{"@id":"https:\/\/www.kariyer.net\/kariyer-rehberi\/koltugu-monte-eden-kariyer-koltugunu-kapiyor\/#primaryimage"},"image":{"@id":"https:\/\/www.kariyer.net\/kariyer-rehberi\/koltugu-monte-eden-kariyer-koltugunu-kapiyor\/#primaryimage"},"thumbnailUrl":"https:\/\/www.kariyer.net\/kariyer-rehberi\/wp-content\/uploads\/2011\/04\/ikea.jpg","datePublished":"2011-04-25T00:00:00+00:00","dateModified":"2024-07-03T11:53:56+00:00","description":"1300 \u00e7al\u0131\u015fan\u0131yla T\u00fcrkiye\u2019de hizmet veren IKEA T\u00fcrkiye Ankara ma\u011faza personeli ile birlikte bu say\u0131y\u0131 1700\u2019e ula\u015ft\u0131. Adaylar\u0131n m\u00fclakat \u00f6ncesi stresini","breadcrumb":{"@id":"https:\/\/www.kariyer.net\/kariyer-rehberi\/koltugu-monte-eden-kariyer-koltugunu-kapiyor\/#breadcrumb"},"inLanguage":"tr","potentialAction":[{"@type":"ReadAction","target":["https:\/\/www.kariyer.net\/kariyer-rehberi\/koltugu-monte-eden-kariyer-koltugunu-kapiyor\/"]}]},{"@type":"ImageObject","inLanguage":"tr","@id":"https:\/\/www.kariyer.net\/kariyer-rehberi\/koltugu-monte-eden-kariyer-koltugunu-kapiyor\/#primaryimage","url":"https:\/\/www.kariyer.net\/kariyer-rehberi\/wp-content\/uploads\/2011\/04\/ikea.jpg","contentUrl":"https:\/\/www.kariyer.net\/kariyer-rehberi\/wp-content\/uploads\/2011\/04\/ikea.jpg","width":290,"height":150},{"@type":"BreadcrumbList","@id":"https:\/\/www.kariyer.net\/kariyer-rehberi\/koltugu-monte-eden-kariyer-koltugunu-kapiyor\/#breadcrumb","itemListElement":[{"@type":"ListItem","position":1,"name":"Anasayfa","item":"https:\/\/www.kariyer.net\/kariyer-rehberi\/"},{"@type":"ListItem","position":2,"name":"Koltu\u011fu monte eden kariyer koltu\u011funu kap\u0131yor"}]},{"@type":"WebSite","@id":"https:\/\/www.kariyer.net\/kariyer-rehberi\/#website","url":"https:\/\/www.kariyer.net\/kariyer-rehberi\/","name":"Kariyer Rehberi","description":"\u0130\u015f D\u00fcnyas\u0131yla \u0130lgili Bilmek \u0130stedi\u011finiz Her \u015eey","publisher":{"@id":"https:\/\/www.kariyer.net\/kariyer-rehberi\/#organization"},"potentialAction":[{"@type":"SearchAction","target":{"@type":"EntryPoint","urlTemplate":"https:\/\/www.kariyer.net\/kariyer-rehberi\/?s={search_term_string}"},"query-input":{"@type":"PropertyValueSpecification","valueRequired":true,"valueName":"search_term_string"}}],"inLanguage":"tr"},{"@type":"Organization","@id":"https:\/\/www.kariyer.net\/kariyer-rehberi\/#organization","name":"Kariyer.net","url":"https:\/\/www.kariyer.net\/kariyer-rehberi\/","logo":{"@type":"ImageObject","inLanguage":"tr","@id":"https:\/\/www.kariyer.net\/kariyer-rehberi\/#\/schema\/logo\/image\/","url":"https:\/\/www.kariyer.net\/kariyer-rehberi-new\/wp-content\/uploads\/2023\/01\/og-image11.jpg","contentUrl":"https:\/\/www.kariyer.net\/kariyer-rehberi-new\/wp-content\/uploads\/2023\/01\/og-image11.jpg","width":800,"height":800,"caption":"Kariyer.net"},"image":{"@id":"https:\/\/www.kariyer.net\/kariyer-rehberi\/#\/schema\/logo\/image\/"}},{"@type":"Person","@id":"https:\/\/www.kariyer.net\/kariyer-rehberi\/#\/schema\/person\/0a1b137f53ff777a71394484346c28a1","name":"Merve Tun\u00e7er","image":{"@type":"ImageObject","inLanguage":"tr","@id":"https:\/\/www.kariyer.net\/kariyer-rehberi\/#\/schema\/person\/image\/","url":"https:\/\/secure.gravatar.com\/avatar\/f901bc11e2b7a88ba6f6ba817ccc4d8f7782f16694472c26fd2664737093f4f2?s=96&d=mm&r=g","contentUrl":"https:\/\/secure.gravatar.com\/avatar\/f901bc11e2b7a88ba6f6ba817ccc4d8f7782f16694472c26fd2664737093f4f2?s=96&d=mm&r=g","caption":"Merve Tun\u00e7er"},"description":"Kad\u0131k\u00f6y Anadolu Lisesi\u2019nin ard\u0131ndan diplomat olma hayaliyle girdi\u011fi Marmara \u00dcniversitesi Frans\u0131zca Siyaset Bilimi ve Kamu Y\u00f6netimi B\u00f6l\u00fcm\u00fc\u2019nde e\u011fitimine devam ederken gazetecilik mesle\u011fine g\u00f6nl\u00fcn\u00fc kapt\u0131rd\u0131. \u201cT\u00fcrkiye\u2019de ve Fransa\u2019da Gazeteci Kimli\u011fi Sorunu\u201d konulu tezini yazarken \u00e7al\u0131\u015fmaya ba\u015flad\u0131\u011f\u0131 ajansta gazetecili\u011fe ad\u0131m att\u0131.","sameAs":["http:\/\/www.kariyer.net\/kariyer-rehberi\/merve-tuncer\/"],"url":"https:\/\/www.kariyer.net\/kariyer-rehberi\/author\/merve-tuncer\/"}]}},"_links":{"self":[{"href":"https:\/\/www.kariyer.net\/kariyer-rehberi\/wp-json\/wp\/v2\/posts\/842","targetHints":{"allow":["GET"]}}],"collection":[{"href":"https:\/\/www.kariyer.net\/kariyer-rehberi\/wp-json\/wp\/v2\/posts"}],"about":[{"href":"https:\/\/www.kariyer.net\/kariyer-rehberi\/wp-json\/wp\/v2\/types\/post"}],"author":[{"embeddable":true,"href":"https:\/\/www.kariyer.net\/kariyer-rehberi\/wp-json\/wp\/v2\/users\/6"}],"replies":[{"embeddable":true,"href":"https:\/\/www.kariyer.net\/kariyer-rehberi\/wp-json\/wp\/v2\/comments?post=842"}],"version-history":[{"count":1,"href":"https:\/\/www.kariyer.net\/kariyer-rehberi\/wp-json\/wp\/v2\/posts\/842\/revisions"}],"predecessor-version":[{"id":18767,"href":"https:\/\/www.kariyer.net\/kariyer-rehberi\/wp-json\/wp\/v2\/posts\/842\/revisions\/18767"}],"wp:featuredmedia":[{"embeddable":true,"href":"https:\/\/www.kariyer.net\/kariyer-rehberi\/wp-json\/wp\/v2\/media\/4115"}],"wp:attachment":[{"href":"https:\/\/www.kariyer.net\/kariyer-rehberi\/wp-json\/wp\/v2\/media?parent=842"}],"wp:term":[{"taxonomy":"category","embeddable":true,"href":"https:\/\/www.kariyer.net\/kariyer-rehberi\/wp-json\/wp\/v2\/categories?post=842"},{"taxonomy":"post_tag","embeddable":true,"href":"https:\/\/www.kariyer.net\/kariyer-rehberi\/wp-json\/wp\/v2\/tags?post=842"}],"curies":[{"name":"wp","href":"https:\/\/api.w.org\/{rel}","templated":true}]}}