{"id":846,"date":"2011-07-19T03:00:00","date_gmt":"2011-07-19T00:00:00","guid":{"rendered":"http:\/\/92.45.35.169\/gelecegin-teknoloji-profesorleri-pistte-kendini-gosterdi\/"},"modified":"2024-07-03T14:53:53","modified_gmt":"2024-07-03T11:53:53","slug":"gelecegin-teknoloji-profesorleri-pistte-kendini-gosterdi","status":"publish","type":"post","link":"https:\/\/www.kariyer.net\/kariyer-rehberi\/gelecegin-teknoloji-profesorleri-pistte-kendini-gosterdi\/","title":{"rendered":"Gelece\u011fin teknoloji profes\u00f6rleri pistte kendini g\u00f6sterdi"},"content":{"rendered":"<p><strong><a href=\"http:\/\/www.kariyer.net\/kariyer-rehberi\/wp-content\/uploads\/2011\/07\/turktakimlari.jpg\"><img decoding=\"async\" class=\"size-full wp-image-4106 alignleft\" style=\"margin: 5px;\" alt=\"turktakimlari\" src=\"http:\/\/www.kariyer.net\/kariyer-rehberi\/wp-content\/uploads\/2011\/07\/turktakimlari.jpg\" width=\"290\" height=\"150\" \/><\/a>Almanya\u2019n\u0131n EuroSpeedway Lausitz pistinde 27\u2019ncisi d\u00fczenlenen Shell Eco-Marathon\u2019da 7\u2019si T\u00fcrk, 27 \u00fclkeden 187 \u00f6\u011frenci tak\u0131m\u0131 yar\u0131\u015ft\u0131. \u00d6\u011frenciler, tasarlad\u0131klar\u0131 ara\u00e7larla daha tasarruflu ve \u00e7evreci yak\u0131t t\u00fcketimini hedefledi. Bo\u011fazi\u00e7i \u00dcniversitesi ge\u00e7en seneki rekorunu k\u0131rarken, \u015ei\u015fli Terakki Vakf\u0131 Fen Lisesi liseler aras\u0131nda 3\u2019nc\u00fc oldu. Terakki Team\u2019in bu ba\u015far\u0131s\u0131, 1 litre yak\u0131tla \u0130stanbul ile Kastamonu aras\u0131ndaki mesafeyi kat edebilmek anlam\u0131na geliyor.\u00a0<\/strong><br \/>\n\u201cEn az yak\u0131tla en uzun mesafenin kat edilmesi\u201d hedefiyle d\u00fczenlenen ve 27 \u00fclkeden 187 tak\u0131m\u0131n birbirinden ilgin\u00e7 tasar\u0131ma sahip ara\u00e7larla kat\u0131ld\u0131\u011f\u0131 27. Shell Eco-marathon, heyecanl\u0131 ve renkli bir m\u00fccadeleye sahne oldu. Bu y\u0131l ilk kez elektrikli otomobillerin de ayr\u0131 kategoride yar\u0131\u015ft\u0131\u011f\u0131 Shell Eco-marathon\u2019da, gelecekte kullan\u0131lacak daha tasarruflu ve \u00e7evreci yak\u0131t teknolojilerinin provas\u0131 yap\u0131ld\u0131. Bir\u00e7ok rekorun k\u0131r\u0131ld\u0131\u011f\u0131 yar\u0131\u015f heyecan\u0131na 7 T\u00fcrk ekibi de ortak oldu. Terakki Vakf\u0131 \u015ei\u015fli Terakki Fen Lisesi, 1 litre yak\u0131t ile 492 kilometre yol kat ederek, i\u00e7ten yanmal\u0131 prototip ara\u00e7larda 46\u2019nc\u0131,\u00a0 etanol kategorisindeki liseler aras\u0131nda 3\u2019nc\u00fc oldu. Bo\u011fazi\u00e7i \u00dcniversitesi ise ge\u00e7en seneki performans\u0131n\u0131n da \u00fczerine \u00e7\u0131karak 38 arac\u0131n yar\u0131\u015ft\u0131\u011f\u0131 prototip hidrojen ara\u00e7 kategorisinde 13. oldu.<\/p>\n<p><strong>T\u00fcrkiye\u2019den 7 ekip kat\u0131ld\u0131<\/strong><br \/>\nShell Eco-marathon\u2019a T\u00fcrkiye\u2019den Anadolu \u00dcniversitesi (Hidromobil), Y\u0131ld\u0131z Teknik \u00dcniversitesi (Ae2Project) ve (AESK), Sakarya \u00dcniversitesi (SETT), Bo\u011fazi\u00e7i \u00dcniversitesi (Buhar), Erciyes \u00dcniversitesi (Hydrotekk) ve Terakki Vakf\u0131 \u00d6zel \u015ei\u015fli Terakki Fen Lisesi (Terakki Team) kat\u0131larak heyecana ortak oldu.<br \/>\nShell &amp; Turcas Kurumsal \u0130leti\u015fim M\u00fcd\u00fcr\u00fc Yank\u0131 \u00d6zkan Y\u0131ld\u0131r\u0131r, \u201cShell\u2019in, gelece\u011fin daha tasarruflu ve \u00e7evreci enerji alternatiflerine zemin olu\u015fturmak i\u00e7in d\u00fczenledi\u011fi Shell Eco-marathon\u2019a T\u00fcrkiye\u2019den de her y\u0131l kat\u0131l\u0131m ger\u00e7ekle\u015fiyor. Bu y\u0131l ya\u015fanan heyecana 7 T\u00fcrk ekip ortak oldu. T\u00fcrkiye\u2019den kat\u0131lan her ekipte, 4-10 aras\u0131nda de\u011fi\u015fen say\u0131da \u00f6\u011frenci yer ald\u0131\u201d bilgisini verdi.\u00a0 \u201cYar\u0131\u015fmaya kat\u0131lan \u00f6\u011frenciler, Shell Eco-marathon\u2019u gelecek planlar\u0131n\u0131 \u015fekillendirmek i\u00e7in iyi bir f\u0131rsat olarak de\u011ferlendirebiliyor. Shell Eco-marathon\u2019u referans g\u00f6stererek, burs kazanan ya da bu deneyimi bitirme projesi olarak kullanan \u00f6\u011frenci arkada\u015flar\u0131m\u0131z var\u201d diyen Y\u0131ld\u0131r\u0131r,\u00a0 \u201cShell Eco-marathon\u2019un bir\u00e7ok a\u00e7\u0131dan \u00f6\u011frencilerin kariyerini olumlu etkiledi\u011fini g\u00f6zlemliyoruz. Sadece yar\u0131\u015fa kat\u0131larak, o heyecan\u0131 ya\u015famak ve zorluklar\u0131n \u00fcstesinden gelmek bile, \u00f6\u011frencilere \u00e7ok b\u00fcy\u00fck deneyim kazand\u0131r\u0131yor. Ekipler, hem finansal, hem teknik sorunlar\u0131 kendileri \u00e7\u00f6zerek, m\u00fchendislik, teknoloji ve giri\u015fimcilik a\u00e7\u0131s\u0131ndan tecr\u00fcbe elde ediyorlar. \u00d6\u011frencilerin b\u00fcy\u00fck b\u00f6l\u00fcm\u00fc, bu yar\u0131\u015ftan sonra makina m\u00fchendisli\u011fi, otomotiv ve end\u00fcstriyel m\u00fchendislik alanlar\u0131nda yo\u011funla\u015fmay\u0131 hedefliyor\u201d yorumunu yapt\u0131.<br \/>\n<strong><br \/>\nEco-marathon\u2019un end\u00fcstriye katk\u0131s\u0131 b\u00fcy\u00fck\u00a0\u00a0<\/strong><br \/>\nY\u0131ld\u0131r\u0131r, yarat\u0131c\u0131 ve vizyon sahibi gen\u00e7lerin, gelece\u011fe ili\u015fkin tasar\u0131mlar\u0131n\u0131 ortaya \u00e7\u0131karan Shell Eco-marathon\u2019un, s\u00fcrd\u00fcr\u00fclebilirlik i\u00e7in b\u00fcy\u00fck \u00f6nem ta\u015f\u0131d\u0131\u011f\u0131n\u0131 belirterek, \u201cBu yar\u0131\u015fmaya kat\u0131lan gen\u00e7ler \u015fimdiden gelecekte kullanacaklar\u0131 ara\u00e7lar\u0131 tasarl\u0131yorlar. Bu organizasyon, T\u00fcrk otomotiv end\u00fcstrisini daha da ileriye ta\u015f\u0131yacak gen\u00e7 m\u00fchendislerin te\u015fvik edilmesi ve kendilerini geli\u015ftirmesi i\u00e7in b\u00fcy\u00fck \u00f6nem ta\u015f\u0131yor. Tak\u0131mlar, \u015fimdiden gelecek y\u0131l Roterdam\u2019da yap\u0131lacak yar\u0131\u015flar i\u00e7in \u00e7al\u0131\u015fmaya ba\u015flad\u0131lar\u201d dedi.<\/p>\n<p><strong>1 kilowatt saat enerjiyle \u0130stanbul\u2019dan Ardahan\u2019a<\/strong><br \/>\nBo\u011fazi\u00e7i \u00dcniversitesi\u2019nden Buhar tak\u0131m\u0131 1 kilowatt saat enerji ile 38 arac\u0131n yar\u0131\u015ft\u0131\u011f\u0131 prototip hidrojen ara\u00e7 kategorisinde 13. oldu. 1 kilowatt saat enerji, yakla\u015f\u0131k olarak 4 ki\u015filik bir yemek haz\u0131rlamak i\u00e7in kulland\u0131\u011f\u0131m\u0131z enerjiye e\u015fit. Buhar Tak\u0131m\u0131\u2019n\u0131n performans\u0131na g\u00f6re, bu kadar enerji ile yakla\u015f\u0131k olarak \u0130stanbul \u2013 Ardahan aras\u0131ndaki mesafe kadar yol al\u0131nabiliyor.<\/p>\n<p><strong>Kum torbas\u0131yla yar\u0131\u015fa kat\u0131ld\u0131lar<\/strong><br \/>\nAnadolu \u00fcniversitesi \u00f6\u011frencileri; 2008\u2019de T\u00dcB\u0130TAK\u2019\u0131n d\u00fczenledi\u011fi Hidrojen Enerjili Araba Yar\u0131\u015fmas\u0131\u2019nda \u00fc\u00e7\u00fcnc\u00fcl\u00fck, T\u00dcB\u0130TAK Hidromobil 2009\u2019da da d\u00f6rd\u00fcnc\u00fcl\u00fck ve alt\u0131nc\u0131l\u0131k, T\u00dcB\u0130TAK Hidromobil 2010\u2019da ise ikincilik etmi\u015fti. Pilotun en az 50 kilogram olmas\u0131 \u015fart oldu\u011fu yar\u0131\u015fmada 38 kilogram a\u011f\u0131rl\u0131\u011f\u0131ndaki Seher Demir i\u00e7in araca 12 kilograml\u0131k kum torbas\u0131 konuldu.<\/p>\n<p><strong>\u0130nternet sitesi kurdular<\/strong><br \/>\nY\u0131ld\u0131z Teknik \u00dcniversitesi Elektrik-Elektronik M\u00fchendisli\u011fi 3. s\u0131n\u0131f \u00f6\u011frencisi Nezih Nal\u00e7\u0131n, ba\u015fvuru tarihinin dolmas\u0131na 2 g\u00fcn kala yar\u0131\u015fmaya kat\u0131lmaya karar verdiklerini s\u00f6yledi: \u201cHerkes bu kadar k\u0131sa bir s\u00fcrede yar\u0131\u015fma i\u00e7in gerekli ko\u015fullar\u0131 sa\u011flayamazs\u0131n\u0131z derken \u00e7al\u0131\u015farak ve azimle her \u015feyin \u00fcstesinden gelinece\u011fini g\u00f6stermi\u015f olduk. \u00dcretim s\u00fcre\u00e7lerinde bir\u00e7ok ekibin aksine biz kurdu\u011fumuz internet sitesiyle g\u00fcn\u00fc g\u00fcn\u00fcne her detay\u0131 payla\u015ft\u0131k. Proje a\u015famas\u0131ndan bug\u00fcne kadar t\u00fcm ayr\u0131nt\u0131lar\u0131 sosyal medya arac\u0131l\u0131\u011f\u0131yla yayd\u0131k.\u201d<\/p>\n<!-- templates\/buttons-placeholder.php -->\n<div class=\"da-reactions-outer TpostID846\">\n\t    <div class=\"da-reactions-data da-reactions-container-async center\"\n         data-type=\"post\"\n         data-id=\"846\"\n         id=\"da-reactions-slot-post-846\">\n        <div class=\"da-reactions-static\">\n\t\t\t<img src=\"https:\/\/www.kariyer.net\/kariyer-rehberi\/wp-content\/plugins\/da-reactions\/assets\/dist\/loading.svg\" alt=\"Loading spinner\" width=\"48\" height=\"48\" style=\"width:48px\" \/>\n        <\/div>\n    <\/div>\n<\/div>\n","protected":false},"excerpt":{"rendered":"<p>Almanya\u2019n\u0131n EuroSpeedway Lausitz pistinde 27\u2019ncisi d\u00fczenlenen Shell Eco-Marathon\u2019da 7\u2019si T\u00fcrk, 27 \u00fclkeden 187 \u00f6\u011frenci tak\u0131m\u0131 yar\u0131\u015ft\u0131. \u00d6\u011frenciler, tasarlad\u0131klar\u0131 ara\u00e7larla daha tasarruflu ve \u00e7evreci yak\u0131t t\u00fcketimini hedefledi. Bo\u011fazi\u00e7i \u00dcniversitesi ge\u00e7en seneki rekorunu k\u0131rarken, \u015ei\u015fli Terakki Vakf\u0131 Fen Lisesi liseler aras\u0131nda 3\u2019nc\u00fc oldu. Terakki Team\u2019in bu ba\u015far\u0131s\u0131, 1 litre yak\u0131tla \u0130stanbul ile Kastamonu aras\u0131ndaki mesafeyi kat edebilmek [&hellip;]<\/p>\n<!-- templates\/buttons-placeholder.php -->\n<div class=\"da-reactions-outer TpostID846\">\n\t    <div class=\"da-reactions-data da-reactions-container-async center\"\n         data-type=\"post\"\n         data-id=\"846\"\n         id=\"da-reactions-slot-post-846\">\n        <div class=\"da-reactions-static\">\n\t\t\t<img src=\"https:\/\/www.kariyer.net\/kariyer-rehberi\/wp-content\/plugins\/da-reactions\/assets\/dist\/loading.svg\" alt=\"Loading spinner\" width=\"48\" height=\"48\" style=\"width:48px\" \/>\n        <\/div>\n    <\/div>\n<\/div>\n","protected":false},"author":6,"featured_media":4106,"comment_status":"open","ping_status":"open","sticky":false,"template":"","format":"standard","meta":{"footnotes":"","_elementor_edit_mode":"","_elementor_template_type":"","_elementor_data":"","_elementor_page_settings":null,"_elementor_conditions":[]},"categories":[2203],"tags":[],"class_list":{"0":"post-846","1":"post","2":"type-post","3":"status-publish","4":"format-standard","5":"has-post-thumbnail","7":"category-haberler-duyurular"},"yoast_head":"<!-- This site is optimized with the Yoast SEO Premium plugin v21.4 (Yoast SEO v27.0) - https:\/\/yoast.com\/product\/yoast-seo-premium-wordpress\/ -->\n<title>Gelece\u011fin teknoloji profes\u00f6rleri pistte kendini g\u00f6sterdi | Kariyer Rehberi<\/title>\n<meta name=\"description\" content=\"Almanya\u2019n\u0131n EuroSpeedway Lausitz pistinde 27\u2019ncisi d\u00fczenlenen Shell Eco-Marathon\u2019da 7\u2019si T\u00fcrk, 27 \u00fclkeden 187 \u00f6\u011frenci tak\u0131m\u0131 yar\u0131\u015ft\u0131. \u00d6\u011frenciler,\" \/>\n<meta name=\"robots\" content=\"index, follow, max-snippet:-1, max-image-preview:large, max-video-preview:-1\" \/>\n<link rel=\"canonical\" href=\"https:\/\/www.kariyer.net\/kariyer-rehberi\/gelecegin-teknoloji-profesorleri-pistte-kendini-gosterdi\/\" \/>\n<meta property=\"og:locale\" content=\"tr_TR\" \/>\n<meta property=\"og:type\" content=\"article\" \/>\n<meta property=\"og:title\" content=\"Gelece\u011fin teknoloji profes\u00f6rleri pistte kendini g\u00f6sterdi\" \/>\n<meta property=\"og:description\" content=\"Almanya\u2019n\u0131n EuroSpeedway Lausitz pistinde 27\u2019ncisi d\u00fczenlenen Shell Eco-Marathon\u2019da 7\u2019si T\u00fcrk, 27 \u00fclkeden 187 \u00f6\u011frenci tak\u0131m\u0131 yar\u0131\u015ft\u0131. \u00d6\u011frenciler,\" \/>\n<meta property=\"og:url\" content=\"https:\/\/www.kariyer.net\/kariyer-rehberi\/gelecegin-teknoloji-profesorleri-pistte-kendini-gosterdi\/\" \/>\n<meta property=\"og:site_name\" content=\"Kariyer Rehberi\" \/>\n<meta property=\"article:published_time\" content=\"2011-07-19T00:00:00+00:00\" \/>\n<meta property=\"article:modified_time\" content=\"2024-07-03T11:53:53+00:00\" \/>\n<meta property=\"og:image\" content=\"https:\/\/www.kariyer.net\/kariyer-rehberi\/wp-content\/uploads\/2011\/07\/turktakimlari.jpg\" \/>\n\t<meta property=\"og:image:width\" content=\"290\" \/>\n\t<meta property=\"og:image:height\" content=\"150\" \/>\n\t<meta property=\"og:image:type\" content=\"image\/jpeg\" \/>\n<meta name=\"author\" content=\"Merve Tun\u00e7er\" \/>\n<meta name=\"twitter:card\" content=\"summary_large_image\" \/>\n<meta name=\"twitter:label1\" content=\"Yazan:\" \/>\n\t<meta name=\"twitter:data1\" content=\"Merve Tun\u00e7er\" \/>\n\t<meta name=\"twitter:label2\" content=\"Tahmini okuma s\u00fcresi\" \/>\n\t<meta name=\"twitter:data2\" content=\"4 dakika\" \/>\n<!-- \/ Yoast SEO Premium plugin. -->","yoast_head_json":{"title":"Gelece\u011fin teknoloji profes\u00f6rleri pistte kendini g\u00f6sterdi | Kariyer Rehberi","description":"Almanya\u2019n\u0131n EuroSpeedway Lausitz pistinde 27\u2019ncisi d\u00fczenlenen Shell Eco-Marathon\u2019da 7\u2019si T\u00fcrk, 27 \u00fclkeden 187 \u00f6\u011frenci tak\u0131m\u0131 yar\u0131\u015ft\u0131. \u00d6\u011frenciler,","robots":{"index":"index","follow":"follow","max-snippet":"max-snippet:-1","max-image-preview":"max-image-preview:large","max-video-preview":"max-video-preview:-1"},"canonical":"https:\/\/www.kariyer.net\/kariyer-rehberi\/gelecegin-teknoloji-profesorleri-pistte-kendini-gosterdi\/","og_locale":"tr_TR","og_type":"article","og_title":"Gelece\u011fin teknoloji profes\u00f6rleri pistte kendini g\u00f6sterdi","og_description":"Almanya\u2019n\u0131n EuroSpeedway Lausitz pistinde 27\u2019ncisi d\u00fczenlenen Shell Eco-Marathon\u2019da 7\u2019si T\u00fcrk, 27 \u00fclkeden 187 \u00f6\u011frenci tak\u0131m\u0131 yar\u0131\u015ft\u0131. \u00d6\u011frenciler,","og_url":"https:\/\/www.kariyer.net\/kariyer-rehberi\/gelecegin-teknoloji-profesorleri-pistte-kendini-gosterdi\/","og_site_name":"Kariyer Rehberi","article_published_time":"2011-07-19T00:00:00+00:00","article_modified_time":"2024-07-03T11:53:53+00:00","og_image":[{"width":290,"height":150,"url":"https:\/\/www.kariyer.net\/kariyer-rehberi\/wp-content\/uploads\/2011\/07\/turktakimlari.jpg","type":"image\/jpeg"}],"author":"Merve Tun\u00e7er","twitter_card":"summary_large_image","twitter_misc":{"Yazan:":"Merve Tun\u00e7er","Tahmini okuma s\u00fcresi":"4 dakika"},"schema":{"@context":"https:\/\/schema.org","@graph":[{"@type":"Article","@id":"https:\/\/www.kariyer.net\/kariyer-rehberi\/gelecegin-teknoloji-profesorleri-pistte-kendini-gosterdi\/#article","isPartOf":{"@id":"https:\/\/www.kariyer.net\/kariyer-rehberi\/gelecegin-teknoloji-profesorleri-pistte-kendini-gosterdi\/"},"author":{"name":"Merve Tun\u00e7er","@id":"https:\/\/www.kariyer.net\/kariyer-rehberi\/#\/schema\/person\/0a1b137f53ff777a71394484346c28a1"},"headline":"Gelece\u011fin teknoloji profes\u00f6rleri pistte kendini g\u00f6sterdi","datePublished":"2011-07-19T00:00:00+00:00","dateModified":"2024-07-03T11:53:53+00:00","mainEntityOfPage":{"@id":"https:\/\/www.kariyer.net\/kariyer-rehberi\/gelecegin-teknoloji-profesorleri-pistte-kendini-gosterdi\/"},"wordCount":853,"commentCount":0,"publisher":{"@id":"https:\/\/www.kariyer.net\/kariyer-rehberi\/#organization"},"image":{"@id":"https:\/\/www.kariyer.net\/kariyer-rehberi\/gelecegin-teknoloji-profesorleri-pistte-kendini-gosterdi\/#primaryimage"},"thumbnailUrl":"https:\/\/www.kariyer.net\/kariyer-rehberi\/wp-content\/uploads\/2011\/07\/turktakimlari.jpg","articleSection":["Haberler ve Duyurular"],"inLanguage":"tr","potentialAction":[{"@type":"CommentAction","name":"Comment","target":["https:\/\/www.kariyer.net\/kariyer-rehberi\/gelecegin-teknoloji-profesorleri-pistte-kendini-gosterdi\/#respond"]}]},{"@type":"WebPage","@id":"https:\/\/www.kariyer.net\/kariyer-rehberi\/gelecegin-teknoloji-profesorleri-pistte-kendini-gosterdi\/","url":"https:\/\/www.kariyer.net\/kariyer-rehberi\/gelecegin-teknoloji-profesorleri-pistte-kendini-gosterdi\/","name":"Gelece\u011fin teknoloji profes\u00f6rleri pistte kendini g\u00f6sterdi | Kariyer Rehberi","isPartOf":{"@id":"https:\/\/www.kariyer.net\/kariyer-rehberi\/#website"},"primaryImageOfPage":{"@id":"https:\/\/www.kariyer.net\/kariyer-rehberi\/gelecegin-teknoloji-profesorleri-pistte-kendini-gosterdi\/#primaryimage"},"image":{"@id":"https:\/\/www.kariyer.net\/kariyer-rehberi\/gelecegin-teknoloji-profesorleri-pistte-kendini-gosterdi\/#primaryimage"},"thumbnailUrl":"https:\/\/www.kariyer.net\/kariyer-rehberi\/wp-content\/uploads\/2011\/07\/turktakimlari.jpg","datePublished":"2011-07-19T00:00:00+00:00","dateModified":"2024-07-03T11:53:53+00:00","description":"Almanya\u2019n\u0131n EuroSpeedway Lausitz pistinde 27\u2019ncisi d\u00fczenlenen Shell Eco-Marathon\u2019da 7\u2019si T\u00fcrk, 27 \u00fclkeden 187 \u00f6\u011frenci tak\u0131m\u0131 yar\u0131\u015ft\u0131. \u00d6\u011frenciler,","breadcrumb":{"@id":"https:\/\/www.kariyer.net\/kariyer-rehberi\/gelecegin-teknoloji-profesorleri-pistte-kendini-gosterdi\/#breadcrumb"},"inLanguage":"tr","potentialAction":[{"@type":"ReadAction","target":["https:\/\/www.kariyer.net\/kariyer-rehberi\/gelecegin-teknoloji-profesorleri-pistte-kendini-gosterdi\/"]}]},{"@type":"ImageObject","inLanguage":"tr","@id":"https:\/\/www.kariyer.net\/kariyer-rehberi\/gelecegin-teknoloji-profesorleri-pistte-kendini-gosterdi\/#primaryimage","url":"https:\/\/www.kariyer.net\/kariyer-rehberi\/wp-content\/uploads\/2011\/07\/turktakimlari.jpg","contentUrl":"https:\/\/www.kariyer.net\/kariyer-rehberi\/wp-content\/uploads\/2011\/07\/turktakimlari.jpg","width":290,"height":150},{"@type":"BreadcrumbList","@id":"https:\/\/www.kariyer.net\/kariyer-rehberi\/gelecegin-teknoloji-profesorleri-pistte-kendini-gosterdi\/#breadcrumb","itemListElement":[{"@type":"ListItem","position":1,"name":"Anasayfa","item":"https:\/\/www.kariyer.net\/kariyer-rehberi\/"},{"@type":"ListItem","position":2,"name":"Gelece\u011fin teknoloji profes\u00f6rleri pistte kendini g\u00f6sterdi"}]},{"@type":"WebSite","@id":"https:\/\/www.kariyer.net\/kariyer-rehberi\/#website","url":"https:\/\/www.kariyer.net\/kariyer-rehberi\/","name":"Kariyer Rehberi","description":"\u0130\u015f D\u00fcnyas\u0131yla \u0130lgili Bilmek \u0130stedi\u011finiz Her \u015eey","publisher":{"@id":"https:\/\/www.kariyer.net\/kariyer-rehberi\/#organization"},"potentialAction":[{"@type":"SearchAction","target":{"@type":"EntryPoint","urlTemplate":"https:\/\/www.kariyer.net\/kariyer-rehberi\/?s={search_term_string}"},"query-input":{"@type":"PropertyValueSpecification","valueRequired":true,"valueName":"search_term_string"}}],"inLanguage":"tr"},{"@type":"Organization","@id":"https:\/\/www.kariyer.net\/kariyer-rehberi\/#organization","name":"Kariyer.net","url":"https:\/\/www.kariyer.net\/kariyer-rehberi\/","logo":{"@type":"ImageObject","inLanguage":"tr","@id":"https:\/\/www.kariyer.net\/kariyer-rehberi\/#\/schema\/logo\/image\/","url":"https:\/\/www.kariyer.net\/kariyer-rehberi-new\/wp-content\/uploads\/2023\/01\/og-image11.jpg","contentUrl":"https:\/\/www.kariyer.net\/kariyer-rehberi-new\/wp-content\/uploads\/2023\/01\/og-image11.jpg","width":800,"height":800,"caption":"Kariyer.net"},"image":{"@id":"https:\/\/www.kariyer.net\/kariyer-rehberi\/#\/schema\/logo\/image\/"}},{"@type":"Person","@id":"https:\/\/www.kariyer.net\/kariyer-rehberi\/#\/schema\/person\/0a1b137f53ff777a71394484346c28a1","name":"Merve Tun\u00e7er","image":{"@type":"ImageObject","inLanguage":"tr","@id":"https:\/\/www.kariyer.net\/kariyer-rehberi\/#\/schema\/person\/image\/","url":"https:\/\/secure.gravatar.com\/avatar\/f901bc11e2b7a88ba6f6ba817ccc4d8f7782f16694472c26fd2664737093f4f2?s=96&d=mm&r=g","contentUrl":"https:\/\/secure.gravatar.com\/avatar\/f901bc11e2b7a88ba6f6ba817ccc4d8f7782f16694472c26fd2664737093f4f2?s=96&d=mm&r=g","caption":"Merve Tun\u00e7er"},"description":"Kad\u0131k\u00f6y Anadolu Lisesi\u2019nin ard\u0131ndan diplomat olma hayaliyle girdi\u011fi Marmara \u00dcniversitesi Frans\u0131zca Siyaset Bilimi ve Kamu Y\u00f6netimi B\u00f6l\u00fcm\u00fc\u2019nde e\u011fitimine devam ederken gazetecilik mesle\u011fine g\u00f6nl\u00fcn\u00fc kapt\u0131rd\u0131. \u201cT\u00fcrkiye\u2019de ve Fransa\u2019da Gazeteci Kimli\u011fi Sorunu\u201d konulu tezini yazarken \u00e7al\u0131\u015fmaya ba\u015flad\u0131\u011f\u0131 ajansta gazetecili\u011fe ad\u0131m att\u0131.","sameAs":["http:\/\/www.kariyer.net\/kariyer-rehberi\/merve-tuncer\/"],"url":"https:\/\/www.kariyer.net\/kariyer-rehberi\/author\/merve-tuncer\/"}]}},"_links":{"self":[{"href":"https:\/\/www.kariyer.net\/kariyer-rehberi\/wp-json\/wp\/v2\/posts\/846","targetHints":{"allow":["GET"]}}],"collection":[{"href":"https:\/\/www.kariyer.net\/kariyer-rehberi\/wp-json\/wp\/v2\/posts"}],"about":[{"href":"https:\/\/www.kariyer.net\/kariyer-rehberi\/wp-json\/wp\/v2\/types\/post"}],"author":[{"embeddable":true,"href":"https:\/\/www.kariyer.net\/kariyer-rehberi\/wp-json\/wp\/v2\/users\/6"}],"replies":[{"embeddable":true,"href":"https:\/\/www.kariyer.net\/kariyer-rehberi\/wp-json\/wp\/v2\/comments?post=846"}],"version-history":[{"count":1,"href":"https:\/\/www.kariyer.net\/kariyer-rehberi\/wp-json\/wp\/v2\/posts\/846\/revisions"}],"predecessor-version":[{"id":18763,"href":"https:\/\/www.kariyer.net\/kariyer-rehberi\/wp-json\/wp\/v2\/posts\/846\/revisions\/18763"}],"wp:featuredmedia":[{"embeddable":true,"href":"https:\/\/www.kariyer.net\/kariyer-rehberi\/wp-json\/wp\/v2\/media\/4106"}],"wp:attachment":[{"href":"https:\/\/www.kariyer.net\/kariyer-rehberi\/wp-json\/wp\/v2\/media?parent=846"}],"wp:term":[{"taxonomy":"category","embeddable":true,"href":"https:\/\/www.kariyer.net\/kariyer-rehberi\/wp-json\/wp\/v2\/categories?post=846"},{"taxonomy":"post_tag","embeddable":true,"href":"https:\/\/www.kariyer.net\/kariyer-rehberi\/wp-json\/wp\/v2\/tags?post=846"}],"curies":[{"name":"wp","href":"https:\/\/api.w.org\/{rel}","templated":true}]}}