{"id":867,"date":"2012-03-15T02:00:00","date_gmt":"2012-03-15T00:00:00","guid":{"rendered":"http:\/\/92.45.35.169\/tibbi-mumessillikten-bolge-mudurlugune\/"},"modified":"2024-07-03T14:53:47","modified_gmt":"2024-07-03T11:53:47","slug":"tibbi-mumessillikten-bolge-mudurlugune","status":"publish","type":"post","link":"https:\/\/www.kariyer.net\/kariyer-rehberi\/tibbi-mumessillikten-bolge-mudurlugune\/","title":{"rendered":"T\u0131bbi m\u00fcmessillikten b\u00f6lge m\u00fcd\u00fcrl\u00fc\u011f\u00fcne"},"content":{"rendered":"<div><strong><\/strong><strong><a href=\"http:\/\/www.kariyer.net\/kariyer-rehberi\/wp-content\/uploads\/2012\/03\/sanofi1.jpg\"><img decoding=\"async\" class=\"size-full wp-image-4091 alignleft\" style=\"margin: 5px;\" alt=\"sanofi1\" src=\"http:\/\/www.kariyer.net\/kariyer-rehberi\/wp-content\/uploads\/2012\/03\/sanofi1.jpg\" width=\"290\" height=\"150\" \/><\/a>Sanofi T\u00fcrkiye\u2019nin saha \u00e7al\u0131\u015fanlar\u0131na kariyer imkan\u0131 sundu\u011fu programla e\u011fitime kat\u0131l\u0131p gerekli yetkinlikleri kazanan t\u0131bbi m\u00fcmessiller, b\u00f6lge m\u00fcd\u00fcrl\u00fc\u011f\u00fcnden genel m\u00fcd\u00fcrl\u00fc\u011fe kadar y\u00fckselme \u015fans\u0131na sahip oluyorlar. \u00c7e\u015fitli pozisyonlarda de\u011ferlendirilen 36 \u00e7al\u0131\u015fan i\u00e7inde b\u00f6lge m\u00fcd\u00fcrl\u00fc\u011f\u00fcne kadar y\u00fckselen 5 ki\u015fi var.<\/strong>&nbsp;<\/p>\n<\/div>\n<div>2011 y\u0131l\u0131nda ba\u015flayan ve Bug\u00fcne kadar Talent Academy program\u0131n\u0131n sonucunda be\u015f ki\u015finin B\u00f6lge M\u00fcd\u00fcr\u00fc olarak atand\u0131\u011f\u0131 Sanofi\u2019de Talent Academy Program\u0131\u2019na \u015fu ana kadar toplam 36 ki\u015fi kat\u0131ld\u0131. Talent Academy program\u0131n\u0131n geli\u015ftirilme amac\u0131 \u00f6ncelikle \u015firket i\u00e7erisinde gelecekte sat\u0131\u015f ve pazarlama fonksiyonlar\u0131nda olu\u015fabilecek kritik pozisyonlar i\u00e7in yedekleme yapabilmek. Sanofi \u0130K Direkt\u00f6r\u00fc T\u00fcrkan \u00d6zcan, \u201cYap\u0131land\u0131r\u0131lm\u0131\u015f, objektif ve adil bir geli\u015fim program\u0131n\u0131n olu\u015fturulmu\u015f olmas\u0131 \u00e7al\u0131\u015fanlar\u0131m\u0131z\u0131n \u015firkete ba\u011fl\u0131l\u0131k ve motivasyonlar\u0131na \u00e7ok olumlu y\u00f6nde katk\u0131 sa\u011flamay\u0131 ama\u00e7lad\u0131k\u201d diyor. Talent Academy program\u0131na kat\u0131lmak i\u00e7in son 2 y\u0131l\u0131k performans notu y\u00fcksek olan, e\u011fitim d\u00fczeyi ve \u015firket i\u00e7erisindeki deneyimi yeterli olan \u00e7al\u0131\u015fanlar \u00f6ncelikle genel yetenek testi ve ki\u015filik envanteri uygulama \u00e7al\u0131\u015fmalar\u0131na davet ediliyor. Bu a\u015famalarda \u00f6nceden belirlenmi\u015f olan seviyenin \u00fczerinde puan alan ki\u015filer daha sonra \u201cGeli\u015fim Merkezi\u201d \u00e7al\u0131\u015fmalar\u0131na al\u0131n\u0131yor. Bu s\u00fcre\u00e7te de ba\u015far\u0131l\u0131 olan ki\u015filer Talent Academy Geli\u015fim Program\u0131\u2019na kat\u0131lmaya hak kazan\u0131yor.<\/div>\n<div><strong><br \/>\nY\u00f6neticiler i\u00e7in liderlik program\u0131 Empower <\/strong><\/div>\n<div>Sanofi firmas\u0131 y\u00f6neticilere ve sat\u0131\u015f alan\u0131nda kariyer yapan \u00e7al\u0131\u015fanlar\u0131na y\u00f6nelik Empower ve Talent Academy adl\u0131 2 ayr\u0131 programla Empower,\u00a0 Sanofi Grubu\u2019nda y\u00f6netim kademesindeki \u00e7al\u0131\u015fanlar\u0131n liderlik becerilerini geli\u015ftirmeleri ve ortak bak\u0131\u015f a\u00e7\u0131s\u0131na sahip olmalar\u0131 i\u00e7in \u00f6zel olarak geli\u015ftirilmi\u015f bir geli\u015fim projesi. \u015eu ana kadar programa 59 y\u00f6netici kat\u0131ld\u0131. Program; d\u00f6nemsel interaktif toplant\u0131lar, liderlik beceri geli\u015fimi e\u011fitimleri ve ayl\u0131k seminerler olmak \u00fczere 3 ayr\u0131 mod\u00fclden olu\u015fuyor. \u00c7al\u0131\u015fanlar bu program sayesinde uzman olduklar\u0131 alanlardaki yeni geli\u015fmeleri takip etme ve kendilerini \u00fcst seviyelere ta\u015f\u0131yacak donan\u0131ma kavu\u015fma imkan\u0131 buluyor. Proje, Sanofi T\u00fcrkiye\u2019nin ba\u011fl\u0131 oldu\u011fu k\u0131talar aras\u0131 b\u00f6lgede t\u00fcm projeler i\u00e7inde y\u0131l\u0131n en iyi \u0130nsan Kaynaklar\u0131 projesi se\u00e7ilerek \u00f6d\u00fcl ald\u0131. \u201cProgram \u00f6ncelikle y\u00f6netim komitesi \u00fcyeleri ile ba\u015flad\u0131. Sonras\u0131nda t\u00fcm orta d\u00fczey y\u00f6neticilerin kat\u0131l\u0131m\u0131yla devam ediyor.\u201d diyen Sanofi \u0130K Direkt\u00f6r\u00fc T\u00fcrkan \u00d6zcan, nihai ama\u00e7lar\u0131n\u0131n zaman i\u00e7erisinde bu programa t\u00fcm kademelerdeki Sanofi \u00e7al\u0131\u015fanlar\u0131n\u0131 dahil etmek oldu\u011funu belirtiyor.<\/div>\n<div><\/div>\n<!-- templates\/buttons-placeholder.php -->\n<div class=\"da-reactions-outer TpostID867\">\n\t    <div class=\"da-reactions-data da-reactions-container-async center\"\n         data-type=\"post\"\n         data-id=\"867\"\n         id=\"da-reactions-slot-post-867\">\n        <div class=\"da-reactions-static\">\n\t\t\t<img src=\"https:\/\/www.kariyer.net\/kariyer-rehberi\/wp-content\/plugins\/da-reactions\/assets\/dist\/loading.svg\" alt=\"Loading spinner\" width=\"48\" height=\"48\" style=\"width:48px\" \/>\n        <\/div>\n    <\/div>\n<\/div>\n","protected":false},"excerpt":{"rendered":"<p>Sanofi T\u00fcrkiye\u2019nin saha \u00e7al\u0131\u015fanlar\u0131na kariyer imkan\u0131 sundu\u011fu programla e\u011fitime kat\u0131l\u0131p gerekli yetkinlikleri kazanan t\u0131bbi m\u00fcmessiller, b\u00f6lge m\u00fcd\u00fcrl\u00fc\u011f\u00fcnden genel m\u00fcd\u00fcrl\u00fc\u011fe kadar y\u00fckselme \u015fans\u0131na sahip oluyorlar. \u00c7e\u015fitli pozisyonlarda de\u011ferlendirilen 36 \u00e7al\u0131\u015fan i\u00e7inde b\u00f6lge m\u00fcd\u00fcrl\u00fc\u011f\u00fcne kadar y\u00fckselen 5 ki\u015fi var.&nbsp; 2011 y\u0131l\u0131nda ba\u015flayan ve Bug\u00fcne kadar Talent Academy program\u0131n\u0131n sonucunda be\u015f ki\u015finin B\u00f6lge M\u00fcd\u00fcr\u00fc olarak atand\u0131\u011f\u0131 Sanofi\u2019de Talent [&hellip;]<\/p>\n<!-- templates\/buttons-placeholder.php -->\n<div class=\"da-reactions-outer TpostID867\">\n\t    <div class=\"da-reactions-data da-reactions-container-async center\"\n         data-type=\"post\"\n         data-id=\"867\"\n         id=\"da-reactions-slot-post-867\">\n        <div class=\"da-reactions-static\">\n\t\t\t<img src=\"https:\/\/www.kariyer.net\/kariyer-rehberi\/wp-content\/plugins\/da-reactions\/assets\/dist\/loading.svg\" alt=\"Loading spinner\" width=\"48\" height=\"48\" style=\"width:48px\" \/>\n        <\/div>\n    <\/div>\n<\/div>\n","protected":false},"author":6,"featured_media":4091,"comment_status":"open","ping_status":"open","sticky":false,"template":"","format":"standard","meta":{"footnotes":"","_elementor_edit_mode":"","_elementor_template_type":"","_elementor_data":"","_elementor_page_settings":null,"_elementor_conditions":[]},"categories":[2203],"tags":[],"class_list":{"0":"post-867","1":"post","2":"type-post","3":"status-publish","4":"format-standard","5":"has-post-thumbnail","7":"category-haberler-duyurular"},"yoast_head":"<!-- This site is optimized with the Yoast SEO Premium plugin v21.4 (Yoast SEO v27.0) - https:\/\/yoast.com\/product\/yoast-seo-premium-wordpress\/ -->\n<title>T\u0131bbi m\u00fcmessillikten b\u00f6lge m\u00fcd\u00fcrl\u00fc\u011f\u00fcne | Kariyer Rehberi<\/title>\n<meta name=\"description\" content=\"Sanofi T\u00fcrkiye\u2019nin saha \u00e7al\u0131\u015fanlar\u0131na kariyer imkan\u0131 sundu\u011fu programla e\u011fitime kat\u0131l\u0131p gerekli yetkinlikleri kazanan t\u0131bbi m\u00fcmessiller, b\u00f6lge\" \/>\n<meta name=\"robots\" content=\"index, follow, max-snippet:-1, max-image-preview:large, max-video-preview:-1\" \/>\n<link rel=\"canonical\" href=\"https:\/\/www.kariyer.net\/kariyer-rehberi\/tibbi-mumessillikten-bolge-mudurlugune\/\" \/>\n<meta property=\"og:locale\" content=\"tr_TR\" \/>\n<meta property=\"og:type\" content=\"article\" \/>\n<meta property=\"og:title\" content=\"T\u0131bbi m\u00fcmessillikten b\u00f6lge m\u00fcd\u00fcrl\u00fc\u011f\u00fcne\" \/>\n<meta property=\"og:description\" content=\"Sanofi T\u00fcrkiye\u2019nin saha \u00e7al\u0131\u015fanlar\u0131na kariyer imkan\u0131 sundu\u011fu programla e\u011fitime kat\u0131l\u0131p gerekli yetkinlikleri kazanan t\u0131bbi m\u00fcmessiller, b\u00f6lge\" \/>\n<meta property=\"og:url\" content=\"https:\/\/www.kariyer.net\/kariyer-rehberi\/tibbi-mumessillikten-bolge-mudurlugune\/\" \/>\n<meta property=\"og:site_name\" content=\"Kariyer Rehberi\" \/>\n<meta property=\"article:published_time\" content=\"2012-03-15T00:00:00+00:00\" \/>\n<meta property=\"article:modified_time\" content=\"2024-07-03T11:53:47+00:00\" \/>\n<meta property=\"og:image\" content=\"https:\/\/www.kariyer.net\/kariyer-rehberi\/wp-content\/uploads\/2012\/03\/sanofi1.jpg\" \/>\n\t<meta property=\"og:image:width\" content=\"290\" \/>\n\t<meta property=\"og:image:height\" content=\"150\" \/>\n\t<meta property=\"og:image:type\" content=\"image\/jpeg\" \/>\n<meta name=\"author\" content=\"Merve Tun\u00e7er\" \/>\n<meta name=\"twitter:card\" content=\"summary_large_image\" \/>\n<meta name=\"twitter:label1\" content=\"Yazan:\" \/>\n\t<meta name=\"twitter:data1\" content=\"Merve Tun\u00e7er\" \/>\n\t<meta name=\"twitter:label2\" content=\"Tahmini okuma s\u00fcresi\" \/>\n\t<meta name=\"twitter:data2\" content=\"2 dakika\" \/>\n<!-- \/ Yoast SEO Premium plugin. -->","yoast_head_json":{"title":"T\u0131bbi m\u00fcmessillikten b\u00f6lge m\u00fcd\u00fcrl\u00fc\u011f\u00fcne | Kariyer Rehberi","description":"Sanofi T\u00fcrkiye\u2019nin saha \u00e7al\u0131\u015fanlar\u0131na kariyer imkan\u0131 sundu\u011fu programla e\u011fitime kat\u0131l\u0131p gerekli yetkinlikleri kazanan t\u0131bbi m\u00fcmessiller, b\u00f6lge","robots":{"index":"index","follow":"follow","max-snippet":"max-snippet:-1","max-image-preview":"max-image-preview:large","max-video-preview":"max-video-preview:-1"},"canonical":"https:\/\/www.kariyer.net\/kariyer-rehberi\/tibbi-mumessillikten-bolge-mudurlugune\/","og_locale":"tr_TR","og_type":"article","og_title":"T\u0131bbi m\u00fcmessillikten b\u00f6lge m\u00fcd\u00fcrl\u00fc\u011f\u00fcne","og_description":"Sanofi T\u00fcrkiye\u2019nin saha \u00e7al\u0131\u015fanlar\u0131na kariyer imkan\u0131 sundu\u011fu programla e\u011fitime kat\u0131l\u0131p gerekli yetkinlikleri kazanan t\u0131bbi m\u00fcmessiller, b\u00f6lge","og_url":"https:\/\/www.kariyer.net\/kariyer-rehberi\/tibbi-mumessillikten-bolge-mudurlugune\/","og_site_name":"Kariyer Rehberi","article_published_time":"2012-03-15T00:00:00+00:00","article_modified_time":"2024-07-03T11:53:47+00:00","og_image":[{"width":290,"height":150,"url":"https:\/\/www.kariyer.net\/kariyer-rehberi\/wp-content\/uploads\/2012\/03\/sanofi1.jpg","type":"image\/jpeg"}],"author":"Merve Tun\u00e7er","twitter_card":"summary_large_image","twitter_misc":{"Yazan:":"Merve Tun\u00e7er","Tahmini okuma s\u00fcresi":"2 dakika"},"schema":{"@context":"https:\/\/schema.org","@graph":[{"@type":"Article","@id":"https:\/\/www.kariyer.net\/kariyer-rehberi\/tibbi-mumessillikten-bolge-mudurlugune\/#article","isPartOf":{"@id":"https:\/\/www.kariyer.net\/kariyer-rehberi\/tibbi-mumessillikten-bolge-mudurlugune\/"},"author":{"name":"Merve Tun\u00e7er","@id":"https:\/\/www.kariyer.net\/kariyer-rehberi\/#\/schema\/person\/0a1b137f53ff777a71394484346c28a1"},"headline":"T\u0131bbi m\u00fcmessillikten b\u00f6lge m\u00fcd\u00fcrl\u00fc\u011f\u00fcne","datePublished":"2012-03-15T00:00:00+00:00","dateModified":"2024-07-03T11:53:47+00:00","mainEntityOfPage":{"@id":"https:\/\/www.kariyer.net\/kariyer-rehberi\/tibbi-mumessillikten-bolge-mudurlugune\/"},"wordCount":479,"commentCount":0,"publisher":{"@id":"https:\/\/www.kariyer.net\/kariyer-rehberi\/#organization"},"image":{"@id":"https:\/\/www.kariyer.net\/kariyer-rehberi\/tibbi-mumessillikten-bolge-mudurlugune\/#primaryimage"},"thumbnailUrl":"https:\/\/www.kariyer.net\/kariyer-rehberi\/wp-content\/uploads\/2012\/03\/sanofi1.jpg","articleSection":["Haberler ve Duyurular"],"inLanguage":"tr","potentialAction":[{"@type":"CommentAction","name":"Comment","target":["https:\/\/www.kariyer.net\/kariyer-rehberi\/tibbi-mumessillikten-bolge-mudurlugune\/#respond"]}]},{"@type":"WebPage","@id":"https:\/\/www.kariyer.net\/kariyer-rehberi\/tibbi-mumessillikten-bolge-mudurlugune\/","url":"https:\/\/www.kariyer.net\/kariyer-rehberi\/tibbi-mumessillikten-bolge-mudurlugune\/","name":"T\u0131bbi m\u00fcmessillikten b\u00f6lge m\u00fcd\u00fcrl\u00fc\u011f\u00fcne | Kariyer Rehberi","isPartOf":{"@id":"https:\/\/www.kariyer.net\/kariyer-rehberi\/#website"},"primaryImageOfPage":{"@id":"https:\/\/www.kariyer.net\/kariyer-rehberi\/tibbi-mumessillikten-bolge-mudurlugune\/#primaryimage"},"image":{"@id":"https:\/\/www.kariyer.net\/kariyer-rehberi\/tibbi-mumessillikten-bolge-mudurlugune\/#primaryimage"},"thumbnailUrl":"https:\/\/www.kariyer.net\/kariyer-rehberi\/wp-content\/uploads\/2012\/03\/sanofi1.jpg","datePublished":"2012-03-15T00:00:00+00:00","dateModified":"2024-07-03T11:53:47+00:00","description":"Sanofi T\u00fcrkiye\u2019nin saha \u00e7al\u0131\u015fanlar\u0131na kariyer imkan\u0131 sundu\u011fu programla e\u011fitime kat\u0131l\u0131p gerekli yetkinlikleri kazanan t\u0131bbi m\u00fcmessiller, b\u00f6lge","breadcrumb":{"@id":"https:\/\/www.kariyer.net\/kariyer-rehberi\/tibbi-mumessillikten-bolge-mudurlugune\/#breadcrumb"},"inLanguage":"tr","potentialAction":[{"@type":"ReadAction","target":["https:\/\/www.kariyer.net\/kariyer-rehberi\/tibbi-mumessillikten-bolge-mudurlugune\/"]}]},{"@type":"ImageObject","inLanguage":"tr","@id":"https:\/\/www.kariyer.net\/kariyer-rehberi\/tibbi-mumessillikten-bolge-mudurlugune\/#primaryimage","url":"https:\/\/www.kariyer.net\/kariyer-rehberi\/wp-content\/uploads\/2012\/03\/sanofi1.jpg","contentUrl":"https:\/\/www.kariyer.net\/kariyer-rehberi\/wp-content\/uploads\/2012\/03\/sanofi1.jpg","width":290,"height":150},{"@type":"BreadcrumbList","@id":"https:\/\/www.kariyer.net\/kariyer-rehberi\/tibbi-mumessillikten-bolge-mudurlugune\/#breadcrumb","itemListElement":[{"@type":"ListItem","position":1,"name":"Anasayfa","item":"https:\/\/www.kariyer.net\/kariyer-rehberi\/"},{"@type":"ListItem","position":2,"name":"T\u0131bbi m\u00fcmessillikten b\u00f6lge m\u00fcd\u00fcrl\u00fc\u011f\u00fcne"}]},{"@type":"WebSite","@id":"https:\/\/www.kariyer.net\/kariyer-rehberi\/#website","url":"https:\/\/www.kariyer.net\/kariyer-rehberi\/","name":"Kariyer Rehberi","description":"\u0130\u015f D\u00fcnyas\u0131yla \u0130lgili Bilmek \u0130stedi\u011finiz Her \u015eey","publisher":{"@id":"https:\/\/www.kariyer.net\/kariyer-rehberi\/#organization"},"potentialAction":[{"@type":"SearchAction","target":{"@type":"EntryPoint","urlTemplate":"https:\/\/www.kariyer.net\/kariyer-rehberi\/?s={search_term_string}"},"query-input":{"@type":"PropertyValueSpecification","valueRequired":true,"valueName":"search_term_string"}}],"inLanguage":"tr"},{"@type":"Organization","@id":"https:\/\/www.kariyer.net\/kariyer-rehberi\/#organization","name":"Kariyer.net","url":"https:\/\/www.kariyer.net\/kariyer-rehberi\/","logo":{"@type":"ImageObject","inLanguage":"tr","@id":"https:\/\/www.kariyer.net\/kariyer-rehberi\/#\/schema\/logo\/image\/","url":"https:\/\/www.kariyer.net\/kariyer-rehberi-new\/wp-content\/uploads\/2023\/01\/og-image11.jpg","contentUrl":"https:\/\/www.kariyer.net\/kariyer-rehberi-new\/wp-content\/uploads\/2023\/01\/og-image11.jpg","width":800,"height":800,"caption":"Kariyer.net"},"image":{"@id":"https:\/\/www.kariyer.net\/kariyer-rehberi\/#\/schema\/logo\/image\/"}},{"@type":"Person","@id":"https:\/\/www.kariyer.net\/kariyer-rehberi\/#\/schema\/person\/0a1b137f53ff777a71394484346c28a1","name":"Merve Tun\u00e7er","image":{"@type":"ImageObject","inLanguage":"tr","@id":"https:\/\/www.kariyer.net\/kariyer-rehberi\/#\/schema\/person\/image\/","url":"https:\/\/secure.gravatar.com\/avatar\/f901bc11e2b7a88ba6f6ba817ccc4d8f7782f16694472c26fd2664737093f4f2?s=96&d=mm&r=g","contentUrl":"https:\/\/secure.gravatar.com\/avatar\/f901bc11e2b7a88ba6f6ba817ccc4d8f7782f16694472c26fd2664737093f4f2?s=96&d=mm&r=g","caption":"Merve Tun\u00e7er"},"description":"Kad\u0131k\u00f6y Anadolu Lisesi\u2019nin ard\u0131ndan diplomat olma hayaliyle girdi\u011fi Marmara \u00dcniversitesi Frans\u0131zca Siyaset Bilimi ve Kamu Y\u00f6netimi B\u00f6l\u00fcm\u00fc\u2019nde e\u011fitimine devam ederken gazetecilik mesle\u011fine g\u00f6nl\u00fcn\u00fc kapt\u0131rd\u0131. \u201cT\u00fcrkiye\u2019de ve Fransa\u2019da Gazeteci Kimli\u011fi Sorunu\u201d konulu tezini yazarken \u00e7al\u0131\u015fmaya ba\u015flad\u0131\u011f\u0131 ajansta gazetecili\u011fe ad\u0131m att\u0131.","sameAs":["http:\/\/www.kariyer.net\/kariyer-rehberi\/merve-tuncer\/"],"url":"https:\/\/www.kariyer.net\/kariyer-rehberi\/author\/merve-tuncer\/"}]}},"_links":{"self":[{"href":"https:\/\/www.kariyer.net\/kariyer-rehberi\/wp-json\/wp\/v2\/posts\/867","targetHints":{"allow":["GET"]}}],"collection":[{"href":"https:\/\/www.kariyer.net\/kariyer-rehberi\/wp-json\/wp\/v2\/posts"}],"about":[{"href":"https:\/\/www.kariyer.net\/kariyer-rehberi\/wp-json\/wp\/v2\/types\/post"}],"author":[{"embeddable":true,"href":"https:\/\/www.kariyer.net\/kariyer-rehberi\/wp-json\/wp\/v2\/users\/6"}],"replies":[{"embeddable":true,"href":"https:\/\/www.kariyer.net\/kariyer-rehberi\/wp-json\/wp\/v2\/comments?post=867"}],"version-history":[{"count":1,"href":"https:\/\/www.kariyer.net\/kariyer-rehberi\/wp-json\/wp\/v2\/posts\/867\/revisions"}],"predecessor-version":[{"id":18755,"href":"https:\/\/www.kariyer.net\/kariyer-rehberi\/wp-json\/wp\/v2\/posts\/867\/revisions\/18755"}],"wp:featuredmedia":[{"embeddable":true,"href":"https:\/\/www.kariyer.net\/kariyer-rehberi\/wp-json\/wp\/v2\/media\/4091"}],"wp:attachment":[{"href":"https:\/\/www.kariyer.net\/kariyer-rehberi\/wp-json\/wp\/v2\/media?parent=867"}],"wp:term":[{"taxonomy":"category","embeddable":true,"href":"https:\/\/www.kariyer.net\/kariyer-rehberi\/wp-json\/wp\/v2\/categories?post=867"},{"taxonomy":"post_tag","embeddable":true,"href":"https:\/\/www.kariyer.net\/kariyer-rehberi\/wp-json\/wp\/v2\/tags?post=867"}],"curies":[{"name":"wp","href":"https:\/\/api.w.org\/{rel}","templated":true}]}}