{"id":8755,"date":"2017-02-08T14:41:26","date_gmt":"2017-02-08T11:41:26","guid":{"rendered":"http:\/\/www.kariyer.net\/kariyer-rehberi\/?p=8755"},"modified":"2024-07-03T15:09:25","modified_gmt":"2024-07-03T12:09:25","slug":"otomobil-tasarimcisi-nasil-olunur","status":"publish","type":"post","link":"https:\/\/www.kariyer.net\/kariyer-rehberi\/otomobil-tasarimcisi-nasil-olunur\/","title":{"rendered":"Otomobil tasar\u0131mc\u0131s\u0131 nas\u0131l olunur?"},"content":{"rendered":"<p><strong>\u201cOtomobil tasar\u0131mc\u0131s\u0131 olmak\u201d konusunu merak edenler i\u00e7in <a href=\"https:\/\/www.arabam.com\/?utm_source=kariyernet&amp;utm_campaign=otomobil_tasarim&amp;utm_medium=content\" target=\"_blank\" rel=\"noopener\">arabam.com taraf\u0131ndan yap\u0131lm\u0131\u015f ve yay\u0131nlanm\u0131\u015f<\/a> \u00e7ok keyifli bir r\u00f6portaj\u0131m\u0131z var: Otomobil tasar\u0131m\u0131 \u00fczerine \u00e7al\u0131\u015fmalar\u0131yla tan\u0131nan ve Ya\u015far \u00dcniversitesi End\u00fcstriyel Tasar\u0131m B\u00f6l\u00fcm\u00fc\u2019nde bu konuyu da kapsayan e\u011fitimler veren Orhan Okay ile otomotiv sekt\u00f6r\u00fcnde tasar\u0131m konusunu irdeledik.<\/strong><\/p>\n<p><a href=\"https:\/\/www.kariyer.net\/kariyer-rehberi\/wp-content\/uploads\/2017\/02\/otomobil.jpg\"><img fetchpriority=\"high\" decoding=\"async\" class=\"alignnone wp-image-8756\" src=\"https:\/\/www.kariyer.net\/kariyer-rehberi\/wp-content\/uploads\/2017\/02\/otomobil.jpg\" alt=\"otomobil\" width=\"600\" height=\"400\" srcset=\"https:\/\/www.kariyer.net\/kariyer-rehberi\/wp-content\/uploads\/2017\/02\/otomobil.jpg 603w, https:\/\/www.kariyer.net\/kariyer-rehberi\/wp-content\/uploads\/2017\/02\/otomobil-300x200.jpg 300w\" sizes=\"(max-width: 600px) 100vw, 600px\" \/><\/a><\/p>\n<p>VolksWagen Polo, Mercedes C180, BMW 3 Serisi, Audi A4 gibi tasar\u0131m\u0131yla kendini ifade eden otomobillerin ya da Porsche Cayenne, Maserati, Ford Mustang gibi efsane ara\u00e7lar\u0131n tasar\u0131mc\u0131s\u0131 olmak, pek \u00e7o\u011fumuz i\u00e7in d\u00fcnyan\u0131n en keyifli i\u015flerinden birine sahip olmak anlam\u0131na gelebilir. Bu\u00a0<strong><a href=\"https:\/\/www.arabam.com\/otomobil-testleri?utm_source=kariyernet&amp;utm_campaign=otomobil_tasarim&amp;utm_medium=content\" target=\"_blank\" rel=\"noopener\">otomobillerin test s\u00fcr\u00fc\u015f\u00fc i\u00e7eriklerini<\/a><\/strong>\u00a0okumak bile baz\u0131lar\u0131m\u0131z i\u00e7in m\u00fcthi\u015f bir heyecanken onlar\u0131 tasarlamak, onlar\u0131n ortaya \u00e7\u0131k\u0131\u015f s\u00fcrecinde olmak, nas\u0131l bir keyiftir, kim bilir&#8230;<\/p>\n<p>Nas\u0131l otomobil tasar\u0131mc\u0131s\u0131 olunur,\u00a0otomobil tasar\u0131mlar\u0131 nas\u0131l yap\u0131l\u0131yor,\u00a0otomobil tasar\u0131m programlar\u0131 hangileri, Tasar\u0131mc\u0131 Orhan Okay\u2019a sorduk:<\/p>\n<p><strong>Sizi k\u0131saca tan\u0131yabilir miyiz?<\/strong><\/p>\n<p>1978 y\u0131l\u0131nda Bursa\u2019da do\u011fdum. S\u0131ras\u0131yla Dokuz Eyl\u00fcl \u00dcniversitesi Grafik B\u00f6l\u00fcm\u00fc ve Mimar Sinan G\u00fczel Sanatlar \u00dcniversitesi (Devlet G\u00fczel Sanatlar Akademisi) End\u00fcstriyel Tasar\u0131m B\u00f6l\u00fcm\u00fc\u2019n\u00fc bitirdim. Bir taraftan Mimar Sinan G\u00fczel Sanatlar \u00dcniversitesi\u2019nde sanat e\u011fitimi al\u0131rken di\u011fer taraftan da \u0130stanbul\u2019un \u00e7e\u015fitli reklam ajanslar\u0131nda yar\u0131 ve tam zamanl\u0131 g\u00f6revler ald\u0131m. Bu y\u0131llarda\u00a0otomobil tasar\u0131m\u0131 i\u00e7in eskiz\u00a0\u00e7al\u0131\u015fma tekni\u011fi ve \u00fc\u00e7 boyutlu programlar \u00fczerindeki becerilerimi art\u0131rarak, \u00fcniversitenin de deste\u011fiyle otomotiv tasar\u0131m\u0131nda say\u0131sal ve aray\u00fcz tasar\u0131m\u0131 konular\u0131nda \u00e7al\u0131\u015fmalar yapt\u0131m. Lisans e\u011fitimimi Fiat sponsorlu\u011fundaki 2006 i\u00e7in Fiat Automobile \u201cOne Step Ahead\u201d projesiyle \u201cEn \u0130yi Tasar\u0131m \u00d6d\u00fcl\u00fc\u201dn\u00fc alarak bitirdim. Halen Ya\u015far \u00dcniversitesi\u2019nde \u201cSanat Y\u00f6netmeni\u201d olarak g\u00f6rev yap\u0131yorum. Ayr\u0131ca \u00fcniversitenin Sanat ve Tasar\u0131m Fak\u00fcltesi, End\u00fcstriyel Tasar\u0131m B\u00f6l\u00fcm\u00fc\u2019nde ders veriyorum.<\/p>\n<p><strong>T\u00fcrkiye&#8217;de otomobil tasar\u0131mc\u0131s\u0131 olmak isteyenler sizce ne yapmal\u0131, ne e\u011fitimi almal\u0131? Otomobil tasar\u0131m\u0131 kursu, okulu var m\u0131?<\/strong><\/p>\n<p>Otomobil tasar\u0131mc\u0131s\u0131 olmak i\u00e7in \u00fclkemizde \u00f6zel kurslar olmamas\u0131na kar\u015f\u0131n, t\u0131pk\u0131 d\u00fcnyada da oldu\u011fu gibi \u00fcniversitelerin End\u00fcstriyel Tasar\u0131m b\u00f6l\u00fcmlerinde e\u011fitim g\u00f6rerek bu mesle\u011fe ad\u0131m at\u0131lmas\u0131 en do\u011fru yol gibi g\u00f6r\u00fcn\u00fcyor.<\/p>\n<p><strong>Otomobil tasar\u0131mc\u0131s\u0131 olmak isteyen biri hangi programlar\u0131 kullanmay\u0131 \u00f6\u011frenmeli?<\/strong><\/p>\n<p>Ara\u00e7 tasar\u0131mc\u0131lar\u0131\u00a0elbette bilgisayar kullan\u0131yor ancak bu s\u00fcreci \u201cbilgisayarda araba tasarlamak\u00a0ya da\u00a0araba tasar\u0131m program kullanmak\u201d olarak d\u00fc\u015f\u00fcnmek tasar\u0131m kavram\u0131n\u0131 k\u00fc\u00e7\u00fcmsemek olur. Ben dahil olmak \u00fczere bir\u00e7ok hoca, \u00fcniversitelerde tasar\u0131mc\u0131 adaylar\u0131na kullanabilecekleri dijital yaz\u0131l\u0131mlardan \u00f6rnekler verip, bu programlar\u0131n nas\u0131l kullan\u0131ld\u0131klar\u0131n\u0131 anlat\u0131yoruz. Ancak tasar\u0131m s\u00fcreci uzun bir yolculuk ve \u00fcr\u00fcn\u00fcn bilgisayarda \u00fc\u00e7 boyutlu hale getirilmesi t\u00fcm bu s\u00fcrecin sadece bir a\u015famas\u0131. Bundan \u00e7ok daha \u00f6nce; yap\u0131lacak tasar\u0131ma dair pazar\u0131n ara\u015ft\u0131r\u0131lmas\u0131, kullan\u0131c\u0131 al\u0131\u015fkanl\u0131klar\u0131n\u0131n ve be\u011fenilerinin analiz edilmesi, hedef kitlenin belirlenmesi ve buna uygun eskizler yap\u0131lmas\u0131 gibi hayati a\u015famalar var. Ayr\u0131ca sanatsal bir bak\u0131\u015f a\u00e7\u0131s\u0131, zamanla kazan\u0131lacak olan entelekt\u00fcel birikim de \u00e7ok \u00f6nemli. B\u00fct\u00fcn bunlar\u0131n \u0131\u015f\u0131\u011f\u0131nda \u015fekillenen tasar\u0131m ise \u00e7o\u011fu zaman tasar\u0131mc\u0131lar taraf\u0131ndan de\u011fil, ilgili operat\u00f6rler taraf\u0131ndan bilgisayarda modellenmektedir.<\/p>\n<p><strong>Otomobil tasar\u0131mc\u0131lar\u0131 T\u00fcrkiye\u2019de i\u015f bulabiliyor mu? Otomobil tasar\u0131mc\u0131s\u0131 i\u015f olanaklar\u0131 nas\u0131l?<\/strong><\/p>\n<p>Bu sorunun yan\u0131t\u0131 asl\u0131nda basit, birka\u00e7 de\u011ferli \u00e7al\u0131\u015fmay\u0131 saymazsak T\u00fcrkiye\u2019de otomobil tasar\u0131m\u0131 yap\u0131lmad\u0131\u011f\u0131ndan ve bu konuda yerle\u015fmi\u015f k\u00f6kl\u00fc bir end\u00fcstri ne yaz\u0131k ki bulunmad\u0131\u011f\u0131ndan i\u015f olanaklar\u0131 yok denecek kadar az. Ancak otomobil tasar\u0131mc\u0131s\u0131 olarak kendini yeti\u015ftiren tasar\u0131mc\u0131 adaylar\u0131 yurt d\u0131\u015f\u0131nda \u00e7al\u0131\u015fabilir.<\/p>\n<p><strong>Otomobil tasar\u0131mc\u0131s\u0131 olmak isteyen gen\u00e7lerde hangi yetenekler olmal\u0131?\u00a0<\/strong><\/p>\n<p>\u00dcr\u00fcn ve\u00a0ara\u00e7 tasar\u0131m\u0131 yapmak isteyen<strong>\u00a0<\/strong>gen\u00e7lerin iyi bir g\u00f6zlem yetene\u011fi olmal\u0131. Marka kimliklerinin fark\u0131nda olmal\u0131 ve de\u011fi\u015fen d\u00fcnyada bu kimliklerin ne y\u00f6nde geli\u015fece\u011fini az \u00e7ok kestirebilir olmalar\u0131 gerekti\u011fini d\u00fc\u015f\u00fcn\u00fcyorum. Elbette \u00e7izim, heykel ve hatta m\u00fczik de dahil olmak \u00fczere bir\u00e7ok sanat dal\u0131na ilgili olanlar yapacaklar\u0131 tasar\u0131mlar\u0131n \u201cruhuna \u00fcflemek\u201d konusunda daha dolu ve donan\u0131ml\u0131 olacaklard\u0131r.<\/p>\n<p><strong>Siz daha \u00e7ok hangi konularda tasar\u0131m yap\u0131yorsunuz, otomobil tasar\u0131m\u0131 yapmaya nas\u0131l ba\u015flad\u0131n\u0131z?<\/strong><\/p>\n<p>\u0130lkokul s\u0131ralar\u0131ndan beri defterlerimin kenarlar\u0131na \u00e7e\u015fitli ara\u00e7 \u00e7izimleri yapt\u0131\u011f\u0131m i\u00e7in bu d\u00f6nemimi referans vermem \u00e7ok da yanl\u0131\u015f olmaz belki ama profesyonel olarak ilk defa Mimar Sinan \u00dcniversitesi\u2019nde tasar\u0131m okurken Fiat i\u00e7in yapt\u0131\u011f\u0131m SUV tarz\u0131 konsept ara\u00e7 ilk ciddi \u00e7al\u0131\u015fmam say\u0131labilir.<\/p>\n<p><strong>Takip etti\u011finiz otomobil tasar\u0131mc\u0131lar\u0131 kimler?<\/strong><\/p>\n<p>Bir T\u00fcrk olan ve Mercedes Benz, Volkswagen gibi firmalarda \u00e7ok \u00f6nemli ara\u00e7lar\u0131 tasarlam\u0131\u015f Murat G\u00fcnak takip etti\u011fim isimlerin ba\u015f\u0131nda geliyor. Ara\u00e7 tasar\u0131m\u0131 ki\u015fisel de\u011fil \u00e7o\u011funlukla bir ekip i\u015fi oldu\u011fundan yine Volkswagen AG. ve Volvo\u2019nun tasar\u0131mc\u0131 ekibinin \u00e7al\u0131\u015fmalar\u0131n\u0131 yak\u0131ndan izledi\u011fimi s\u00f6ylemem gerekir.<\/p>\n<p><strong>Sizce gelecekte mesela 30 y\u0131l sonra otomobil tasar\u0131mlar\u0131 nas\u0131l olacak? Otomotiv sekt\u00f6r\u00fcnde tasar\u0131m anlay\u0131\u015f\u0131 nereye do\u011fru gidiyor?<\/strong><\/p>\n<p><strong><a href=\"https:\/\/www.arabam.com\/otomobil-haberleri\/danisman\/gelecegin-arabalari\/301433?utm_source=kariyernet&amp;utm_campaign=otomobil_tasarim&amp;utm_medium=content\" target=\"_blank\" rel=\"noopener\">Gelece\u011fin arabalar\u0131<\/a><\/strong>\u00a0konusunda tahmin y\u00fcr\u00fctmek \u00e7ok zor de\u011fil. Bug\u00fcn otomobillerimiz bir 10 y\u0131l \u00f6ncesinden bile olduk\u00e7a farkl\u0131 asl\u0131nda. Bu on y\u0131ldaki de\u011fi\u015fim ara\u00e7lar\u0131n d\u0131\u015f\u0131ndan \u00e7ok i\u00e7erilerindeki teknolojilerin geli\u015fimi y\u00f6n\u00fcnde oldu. Telefonlar, saatler gibi t\u00fcm nesneler \u201cak\u0131llan\u0131rken\u201d ayn\u0131 geli\u015fim ara\u00e7 multimedya ve kontrol sistemlerine de s\u0131\u00e7rad\u0131 ve hukuki engeller olmasa bug\u00fcn kendi kendini kullanabilen ara\u00e7lara sahibiz. Sahip oldu\u011fumuz teknoloji ile ara\u00e7lar\u0131m\u0131z servis zaman\u0131 kendi kendini servise g\u00f6t\u00fcr\u00fcp geri gelebilecek kadar geli\u015fti. Elektrikli otomobillerde bataryalar\u0131n menzili artt\u0131k\u00e7a fosil yak\u0131tl\u0131 t\u00fcm ara\u00e7lar 20 y\u0131l i\u00e7inde yolda parmakla g\u00f6sterece\u011fimiz nostaljik makineler olacaklard\u0131r. Ve yine yak\u0131n gelecekte siyah renkli deri \u015fof\u00f6r montlar\u0131m\u0131za da veda edece\u011fimiz a\u015fikar. Dolay\u0131s\u0131yla gelecek i\u00e7in bir \u00f6ng\u00f6r\u00fc olacaksa kullan\u0131lan de\u011fil, i\u00e7erisinde yolculuk yap\u0131l\u0131p e\u011flenceli zaman ge\u00e7irilebilen ara\u00e7lar\u0131n tasarlanaca\u011f\u0131 bir zamana \u00e7ok yak\u0131n\u0131z diye d\u00fc\u015f\u00fcn\u00fcyorum.<\/p>\n<!-- templates\/buttons-placeholder.php -->\n<div class=\"da-reactions-outer TpostID8755\">\n\t    <div class=\"da-reactions-data da-reactions-container-async center\"\n         data-type=\"post\"\n         data-id=\"8755\"\n         id=\"da-reactions-slot-post-8755\">\n        <div class=\"da-reactions-static\">\n\t\t\t<img src=\"https:\/\/www.kariyer.net\/kariyer-rehberi\/wp-content\/plugins\/da-reactions\/assets\/dist\/loading.svg\" alt=\"Loading spinner\" width=\"48\" height=\"48\" style=\"width:48px\" \/>\n        <\/div>\n    <\/div>\n<\/div>\n","protected":false},"excerpt":{"rendered":"<p>\u201cOtomobil tasar\u0131mc\u0131s\u0131 olmak\u201d konusunu merak edenler i\u00e7in arabam.com taraf\u0131ndan yap\u0131lm\u0131\u015f ve yay\u0131nlanm\u0131\u015f \u00e7ok keyifli bir r\u00f6portaj\u0131m\u0131z var: Otomobil tasar\u0131m\u0131 \u00fczerine \u00e7al\u0131\u015fmalar\u0131yla tan\u0131nan ve Ya\u015far \u00dcniversitesi End\u00fcstriyel Tasar\u0131m B\u00f6l\u00fcm\u00fc\u2019nde bu konuyu da kapsayan e\u011fitimler veren Orhan Okay ile otomotiv sekt\u00f6r\u00fcnde tasar\u0131m konusunu irdeledik. VolksWagen Polo, Mercedes C180, BMW 3 Serisi, Audi A4 gibi tasar\u0131m\u0131yla kendini ifade [&hellip;]<\/p>\n<!-- templates\/buttons-placeholder.php -->\n<div class=\"da-reactions-outer TpostID8755\">\n\t    <div class=\"da-reactions-data da-reactions-container-async center\"\n         data-type=\"post\"\n         data-id=\"8755\"\n         id=\"da-reactions-slot-post-8755\">\n        <div class=\"da-reactions-static\">\n\t\t\t<img src=\"https:\/\/www.kariyer.net\/kariyer-rehberi\/wp-content\/plugins\/da-reactions\/assets\/dist\/loading.svg\" alt=\"Loading spinner\" width=\"48\" height=\"48\" style=\"width:48px\" \/>\n        <\/div>\n    <\/div>\n<\/div>\n","protected":false},"author":12,"featured_media":8756,"comment_status":"open","ping_status":"open","sticky":false,"template":"","format":"standard","meta":{"footnotes":"","_elementor_edit_mode":"","_elementor_template_type":"","_elementor_data":"","_elementor_page_settings":null,"_elementor_conditions":[]},"categories":[46,2211],"tags":[991,59,64],"class_list":{"0":"post-8755","1":"post","2":"type-post","3":"status-publish","4":"format-standard","5":"has-post-thumbnail","7":"category-is-hayati","8":"category-kariyer-gelisimi","9":"tag-genc-profesyonel","10":"tag-stajyer","11":"tag-yeni-mezun"},"yoast_head":"<!-- This site is optimized with the Yoast SEO Premium plugin v21.4 (Yoast SEO v27.0) - https:\/\/yoast.com\/product\/yoast-seo-premium-wordpress\/ -->\n<title>Otomobil tasar\u0131mc\u0131s\u0131 nas\u0131l olunur? | Kariyer Rehberi<\/title>\n<meta name=\"description\" content=\"\u201cOtomobil tasar\u0131mc\u0131s\u0131 olmak\u201d konusunu merak edenler i\u00e7in arabam.com taraf\u0131ndan yap\u0131lm\u0131\u015f ve yay\u0131nlanm\u0131\u015f \u00e7ok keyifli bir r\u00f6portaj\u0131m\u0131z var: Otomobil tasar\u0131m\u0131\" \/>\n<meta name=\"robots\" content=\"index, follow, max-snippet:-1, max-image-preview:large, max-video-preview:-1\" \/>\n<link rel=\"canonical\" href=\"https:\/\/www.kariyer.net\/kariyer-rehberi\/otomobil-tasarimcisi-nasil-olunur\/\" \/>\n<meta property=\"og:locale\" content=\"tr_TR\" \/>\n<meta property=\"og:type\" content=\"article\" \/>\n<meta property=\"og:title\" content=\"Otomobil tasar\u0131mc\u0131s\u0131 nas\u0131l olunur?\" \/>\n<meta property=\"og:description\" content=\"\u201cOtomobil tasar\u0131mc\u0131s\u0131 olmak\u201d konusunu merak edenler i\u00e7in arabam.com taraf\u0131ndan yap\u0131lm\u0131\u015f ve yay\u0131nlanm\u0131\u015f \u00e7ok keyifli bir r\u00f6portaj\u0131m\u0131z var: Otomobil tasar\u0131m\u0131\" \/>\n<meta property=\"og:url\" content=\"https:\/\/www.kariyer.net\/kariyer-rehberi\/otomobil-tasarimcisi-nasil-olunur\/\" \/>\n<meta property=\"og:site_name\" content=\"Kariyer Rehberi\" \/>\n<meta property=\"article:published_time\" content=\"2017-02-08T11:41:26+00:00\" \/>\n<meta property=\"article:modified_time\" content=\"2024-07-03T12:09:25+00:00\" \/>\n<meta property=\"og:image\" content=\"https:\/\/www.kariyer.net\/kariyer-rehberi\/wp-content\/uploads\/2017\/02\/otomobil.jpg\" \/>\n\t<meta property=\"og:image:width\" content=\"603\" \/>\n\t<meta property=\"og:image:height\" content=\"402\" \/>\n\t<meta property=\"og:image:type\" content=\"image\/jpeg\" \/>\n<meta name=\"author\" content=\"Edit\u00f6r\" \/>\n<meta name=\"twitter:card\" content=\"summary_large_image\" \/>\n<meta name=\"twitter:label1\" content=\"Yazan:\" \/>\n\t<meta name=\"twitter:data1\" content=\"Edit\u00f6r\" \/>\n\t<meta name=\"twitter:label2\" content=\"Tahmini okuma s\u00fcresi\" \/>\n\t<meta name=\"twitter:data2\" content=\"6 dakika\" \/>\n<!-- \/ Yoast SEO Premium plugin. -->","yoast_head_json":{"title":"Otomobil tasar\u0131mc\u0131s\u0131 nas\u0131l olunur? | Kariyer Rehberi","description":"\u201cOtomobil tasar\u0131mc\u0131s\u0131 olmak\u201d konusunu merak edenler i\u00e7in arabam.com taraf\u0131ndan yap\u0131lm\u0131\u015f ve yay\u0131nlanm\u0131\u015f \u00e7ok keyifli bir r\u00f6portaj\u0131m\u0131z var: Otomobil tasar\u0131m\u0131","robots":{"index":"index","follow":"follow","max-snippet":"max-snippet:-1","max-image-preview":"max-image-preview:large","max-video-preview":"max-video-preview:-1"},"canonical":"https:\/\/www.kariyer.net\/kariyer-rehberi\/otomobil-tasarimcisi-nasil-olunur\/","og_locale":"tr_TR","og_type":"article","og_title":"Otomobil tasar\u0131mc\u0131s\u0131 nas\u0131l olunur?","og_description":"\u201cOtomobil tasar\u0131mc\u0131s\u0131 olmak\u201d konusunu merak edenler i\u00e7in arabam.com taraf\u0131ndan yap\u0131lm\u0131\u015f ve yay\u0131nlanm\u0131\u015f \u00e7ok keyifli bir r\u00f6portaj\u0131m\u0131z var: Otomobil tasar\u0131m\u0131","og_url":"https:\/\/www.kariyer.net\/kariyer-rehberi\/otomobil-tasarimcisi-nasil-olunur\/","og_site_name":"Kariyer Rehberi","article_published_time":"2017-02-08T11:41:26+00:00","article_modified_time":"2024-07-03T12:09:25+00:00","og_image":[{"width":603,"height":402,"url":"https:\/\/www.kariyer.net\/kariyer-rehberi\/wp-content\/uploads\/2017\/02\/otomobil.jpg","type":"image\/jpeg"}],"author":"Edit\u00f6r","twitter_card":"summary_large_image","twitter_misc":{"Yazan:":"Edit\u00f6r","Tahmini okuma s\u00fcresi":"6 dakika"},"schema":{"@context":"https:\/\/schema.org","@graph":[{"@type":"Article","@id":"https:\/\/www.kariyer.net\/kariyer-rehberi\/otomobil-tasarimcisi-nasil-olunur\/#article","isPartOf":{"@id":"https:\/\/www.kariyer.net\/kariyer-rehberi\/otomobil-tasarimcisi-nasil-olunur\/"},"author":{"name":"Edit\u00f6r","@id":"https:\/\/www.kariyer.net\/kariyer-rehberi\/#\/schema\/person\/94fd6e49c7ff1b1b2565a2cc4fd685dd"},"headline":"Otomobil tasar\u0131mc\u0131s\u0131 nas\u0131l olunur?","datePublished":"2017-02-08T11:41:26+00:00","dateModified":"2024-07-03T12:09:25+00:00","mainEntityOfPage":{"@id":"https:\/\/www.kariyer.net\/kariyer-rehberi\/otomobil-tasarimcisi-nasil-olunur\/"},"wordCount":1130,"commentCount":0,"publisher":{"@id":"https:\/\/www.kariyer.net\/kariyer-rehberi\/#organization"},"image":{"@id":"https:\/\/www.kariyer.net\/kariyer-rehberi\/otomobil-tasarimcisi-nasil-olunur\/#primaryimage"},"thumbnailUrl":"https:\/\/www.kariyer.net\/kariyer-rehberi\/wp-content\/uploads\/2017\/02\/otomobil.jpg","keywords":["gen\u00e7 profesyonel","Stajyer","yeni mezun"],"articleSection":["\u0130\u015f Hayat\u0131","Kariyer Geli\u015fimi"],"inLanguage":"tr","potentialAction":[{"@type":"CommentAction","name":"Comment","target":["https:\/\/www.kariyer.net\/kariyer-rehberi\/otomobil-tasarimcisi-nasil-olunur\/#respond"]}]},{"@type":"WebPage","@id":"https:\/\/www.kariyer.net\/kariyer-rehberi\/otomobil-tasarimcisi-nasil-olunur\/","url":"https:\/\/www.kariyer.net\/kariyer-rehberi\/otomobil-tasarimcisi-nasil-olunur\/","name":"Otomobil tasar\u0131mc\u0131s\u0131 nas\u0131l olunur? | Kariyer Rehberi","isPartOf":{"@id":"https:\/\/www.kariyer.net\/kariyer-rehberi\/#website"},"primaryImageOfPage":{"@id":"https:\/\/www.kariyer.net\/kariyer-rehberi\/otomobil-tasarimcisi-nasil-olunur\/#primaryimage"},"image":{"@id":"https:\/\/www.kariyer.net\/kariyer-rehberi\/otomobil-tasarimcisi-nasil-olunur\/#primaryimage"},"thumbnailUrl":"https:\/\/www.kariyer.net\/kariyer-rehberi\/wp-content\/uploads\/2017\/02\/otomobil.jpg","datePublished":"2017-02-08T11:41:26+00:00","dateModified":"2024-07-03T12:09:25+00:00","description":"\u201cOtomobil tasar\u0131mc\u0131s\u0131 olmak\u201d konusunu merak edenler i\u00e7in arabam.com taraf\u0131ndan yap\u0131lm\u0131\u015f ve yay\u0131nlanm\u0131\u015f \u00e7ok keyifli bir r\u00f6portaj\u0131m\u0131z var: Otomobil tasar\u0131m\u0131","breadcrumb":{"@id":"https:\/\/www.kariyer.net\/kariyer-rehberi\/otomobil-tasarimcisi-nasil-olunur\/#breadcrumb"},"inLanguage":"tr","potentialAction":[{"@type":"ReadAction","target":["https:\/\/www.kariyer.net\/kariyer-rehberi\/otomobil-tasarimcisi-nasil-olunur\/"]}]},{"@type":"ImageObject","inLanguage":"tr","@id":"https:\/\/www.kariyer.net\/kariyer-rehberi\/otomobil-tasarimcisi-nasil-olunur\/#primaryimage","url":"https:\/\/www.kariyer.net\/kariyer-rehberi\/wp-content\/uploads\/2017\/02\/otomobil.jpg","contentUrl":"https:\/\/www.kariyer.net\/kariyer-rehberi\/wp-content\/uploads\/2017\/02\/otomobil.jpg","width":603,"height":402},{"@type":"BreadcrumbList","@id":"https:\/\/www.kariyer.net\/kariyer-rehberi\/otomobil-tasarimcisi-nasil-olunur\/#breadcrumb","itemListElement":[{"@type":"ListItem","position":1,"name":"Anasayfa","item":"https:\/\/www.kariyer.net\/kariyer-rehberi\/"},{"@type":"ListItem","position":2,"name":"Otomobil tasar\u0131mc\u0131s\u0131 nas\u0131l olunur?"}]},{"@type":"WebSite","@id":"https:\/\/www.kariyer.net\/kariyer-rehberi\/#website","url":"https:\/\/www.kariyer.net\/kariyer-rehberi\/","name":"Kariyer Rehberi","description":"\u0130\u015f D\u00fcnyas\u0131yla \u0130lgili Bilmek \u0130stedi\u011finiz Her \u015eey","publisher":{"@id":"https:\/\/www.kariyer.net\/kariyer-rehberi\/#organization"},"potentialAction":[{"@type":"SearchAction","target":{"@type":"EntryPoint","urlTemplate":"https:\/\/www.kariyer.net\/kariyer-rehberi\/?s={search_term_string}"},"query-input":{"@type":"PropertyValueSpecification","valueRequired":true,"valueName":"search_term_string"}}],"inLanguage":"tr"},{"@type":"Organization","@id":"https:\/\/www.kariyer.net\/kariyer-rehberi\/#organization","name":"Kariyer.net","url":"https:\/\/www.kariyer.net\/kariyer-rehberi\/","logo":{"@type":"ImageObject","inLanguage":"tr","@id":"https:\/\/www.kariyer.net\/kariyer-rehberi\/#\/schema\/logo\/image\/","url":"https:\/\/www.kariyer.net\/kariyer-rehberi-new\/wp-content\/uploads\/2023\/01\/og-image11.jpg","contentUrl":"https:\/\/www.kariyer.net\/kariyer-rehberi-new\/wp-content\/uploads\/2023\/01\/og-image11.jpg","width":800,"height":800,"caption":"Kariyer.net"},"image":{"@id":"https:\/\/www.kariyer.net\/kariyer-rehberi\/#\/schema\/logo\/image\/"}},{"@type":"Person","@id":"https:\/\/www.kariyer.net\/kariyer-rehberi\/#\/schema\/person\/94fd6e49c7ff1b1b2565a2cc4fd685dd","name":"Edit\u00f6r","image":{"@type":"ImageObject","inLanguage":"tr","@id":"https:\/\/www.kariyer.net\/kariyer-rehberi\/#\/schema\/person\/image\/","url":"https:\/\/secure.gravatar.com\/avatar\/0c4fe6688343aed3693b15573beae12c08ace5565409d5ab7509bf9c115f458d?s=96&d=mm&r=g","contentUrl":"https:\/\/secure.gravatar.com\/avatar\/0c4fe6688343aed3693b15573beae12c08ace5565409d5ab7509bf9c115f458d?s=96&d=mm&r=g","caption":"Edit\u00f6r"},"url":"https:\/\/www.kariyer.net\/kariyer-rehberi\/author\/editor\/"}]}},"_links":{"self":[{"href":"https:\/\/www.kariyer.net\/kariyer-rehberi\/wp-json\/wp\/v2\/posts\/8755","targetHints":{"allow":["GET"]}}],"collection":[{"href":"https:\/\/www.kariyer.net\/kariyer-rehberi\/wp-json\/wp\/v2\/posts"}],"about":[{"href":"https:\/\/www.kariyer.net\/kariyer-rehberi\/wp-json\/wp\/v2\/types\/post"}],"author":[{"embeddable":true,"href":"https:\/\/www.kariyer.net\/kariyer-rehberi\/wp-json\/wp\/v2\/users\/12"}],"replies":[{"embeddable":true,"href":"https:\/\/www.kariyer.net\/kariyer-rehberi\/wp-json\/wp\/v2\/comments?post=8755"}],"version-history":[{"count":1,"href":"https:\/\/www.kariyer.net\/kariyer-rehberi\/wp-json\/wp\/v2\/posts\/8755\/revisions"}],"predecessor-version":[{"id":19290,"href":"https:\/\/www.kariyer.net\/kariyer-rehberi\/wp-json\/wp\/v2\/posts\/8755\/revisions\/19290"}],"wp:featuredmedia":[{"embeddable":true,"href":"https:\/\/www.kariyer.net\/kariyer-rehberi\/wp-json\/wp\/v2\/media\/8756"}],"wp:attachment":[{"href":"https:\/\/www.kariyer.net\/kariyer-rehberi\/wp-json\/wp\/v2\/media?parent=8755"}],"wp:term":[{"taxonomy":"category","embeddable":true,"href":"https:\/\/www.kariyer.net\/kariyer-rehberi\/wp-json\/wp\/v2\/categories?post=8755"},{"taxonomy":"post_tag","embeddable":true,"href":"https:\/\/www.kariyer.net\/kariyer-rehberi\/wp-json\/wp\/v2\/tags?post=8755"}],"curies":[{"name":"wp","href":"https:\/\/api.w.org\/{rel}","templated":true}]}}