{"id":877,"date":"2012-06-12T03:00:00","date_gmt":"2012-06-12T00:00:00","guid":{"rendered":"http:\/\/92.45.35.169\/novartisliler-calisma-mekanlarini-kendileri-seciyor\/"},"modified":"2024-07-03T14:53:41","modified_gmt":"2024-07-03T11:53:41","slug":"novartisliler-calisma-mekanlarini-kendileri-seciyor","status":"publish","type":"post","link":"https:\/\/www.kariyer.net\/kariyer-rehberi\/novartisliler-calisma-mekanlarini-kendileri-seciyor\/","title":{"rendered":"Novartisliler \u00e7al\u0131\u015fma mekanlar\u0131n\u0131 kendileri se\u00e7iyor"},"content":{"rendered":"<p><strong>\u00d6zel\/i\u015f hayat entegrasyonunu sa\u011flamak i\u00e7in ba\u015flatt\u0131\u011f\u0131 uygulamalar\u0131 ile dikkat \u00e7eken Novartis&#8217;in T\u00fcrkiye \u0130K Direkt\u00f6r\u00fc, Dr. Senay K\u0131z\u0131lkaya, \u201cBaz\u0131 \u00e7al\u0131\u015fanlar<\/strong> <strong>bebe\u011fiyle daha\u00a0 yak\u0131ndan ilgilenebilmek i\u00e7in bir g\u00fcn fazladan evde olmaktan baz\u0131lar\u0131 ise trafikte vakit ge\u00e7irmeme fikrinden \u00e7ok motive oldu\u201d diyor.<\/strong><\/p>\n<p>Novartis, global bak\u0131\u015f a\u00e7\u0131lar\u0131 \u201cDahil Etme ve \u00c7e\u015fitlilik\u201d kapsam\u0131nda \u201c\u0130\u015f \/ \u00d6zel Ya\u015fam\u201d entegrasyonunu desteklemeye y\u00f6nelik esnek \u00e7al\u0131\u015fma alan\u0131ndaki giri\u015fimlerini T\u00fcrkiye\u2019de yakla\u015f\u0131k 5 sene \u00f6nce ba\u015flatt\u0131. \u201cYaz aylar\u0131nda Cuma g\u00fcnleri erken \u00e7\u0131kmak, \u00e7al\u0131\u015fanlar\u0131m\u0131z\u0131n e\u011fitimleri i\u00e7in esnek izin kullan\u0131m imkan\u0131 sunmak gibi uygulamalar\u0131m\u0131z bizim i\u00e7in bir ba\u015flang\u0131\u00e7t\u0131. \u201c\u00c7al\u0131\u015fma Mekan\u0131n\u0131 Sen Se\u00e7\u201d gibi bir uygulamay\u0131 hayata ge\u00e7irebilmek i\u00e7in \u00f6ncelikle bir bak\u0131\u015f a\u00e7\u0131s\u0131, de\u011fi\u015fim s\u00fcreci ba\u015flatt\u0131k\u201d diyen Novartis T\u00fcrkiye \u0130K Direkt\u00f6r\u00fc, Dr. Senay K\u0131z\u0131lkaya, proje ile ilgili detaylar\u0131 payla\u015ft\u0131.<\/p>\n<p>\u00d6zellikle \u00e7al\u0131\u015fanlar\u0131m\u0131z\u0131n \u00f6zel\/i\u015f hayat entegrasyonunu sa\u011flamak; Dahil Etme&amp;\u00c7e\u015fitlilik ve\u00a0 \u201cG\u00f6r\u00fc\u015fleriniz Bizim \u0130\u00e7in \u00d6nemlidir\u201d\u00a0 felsefelerini \u00f6n plana \u00e7\u0131kartmak her zaman \u00f6nceli\u011fimiz oldu. Haftada bir g\u00fcn \u00e7al\u0131\u015fma mekan\u0131n\u0131 se\u00e7ebilme \u00f6zg\u00fcrl\u00fc\u011f\u00fc herkesin hayalini kurdu\u011fu ve uzun s\u00fcredir kendi i\u00e7imizde konu\u015ftu\u011fumuz bir ba\u015fl\u0131kt\u0131. Dolay\u0131s\u0131yla bu uygulaman\u0131n bu kadar net ve y\u00f6netim deste\u011fiyle de hayata ge\u00e7mesi, herkesi kapsamas\u0131 t\u00fcm ekibimizi \u00e7ok heyecanland\u0131rd\u0131. 5 y\u0131ll\u0131k \u00f6zverili bir ekip \u00e7al\u0131\u015fmas\u0131 sonucu ortaya \u00e7\u0131kan projeye 15 \u015eubat 2012 tarihinde ba\u015flad\u0131k. Bu tarihten bu yana Novartis \u00e7al\u0131\u015fanlar\u0131 her \u00c7ar\u015famba kendi \u00c7al\u0131\u015fma Mekanlar\u0131n\u0131 kendileri se\u00e7iyorlar ve bundan olduk\u00e7a mutlular.<\/p>\n<p><strong>T\u00fcrkiye\u2019den iki ki\u015fi global uygulamalar\u0131 yerinde takip ediyor<\/strong><br \/>\nNovartis\u2019te, global olarak Dahil Etme ve \u00c7e\u015fitlilik ekibimiz bulunuyor. Bu ekipte her \u00fclkeden bu alanda \u00e7al\u0131\u015fmas\u0131 i\u00e7in Dahil Etme ve \u00c7e\u015fitlilik \u015eampiyonu olarak iki ki\u015fi g\u00f6rev yap\u0131yor, bu alandaki global toplant\u0131lara, aktivitelere ve organizasyonlara kat\u0131l\u0131p, en iyi uygulamalar\u0131 \u00fclkelerine getiriyorlar. Bu ama\u00e7la yapt\u0131\u011f\u0131m\u0131z bir\u00e7ok \u00e7al\u0131\u015fma var.<\/p>\n<p>Novartis \u0130nsan Kaynaklar\u0131 olarak her t\u00fcrl\u00fc s\u00fcrecimizde \u00e7al\u0131\u015fanlar\u0131m\u0131zla ortak fikir al\u0131\u015fveri\u015fi yaparak ilerlemeyi tercih ediyoruz. \u201c\u00c7al\u0131\u015fma Mekan\u0131n\u0131 Sen Se\u00e7\u201d uygulamam\u0131z hakk\u0131nda da proje \u00f6ncesi y\u00f6neticilerimizden ve \u00e7al\u0131\u015fanlar\u0131m\u0131zdan geribildirimler alarak s\u00fcre\u00e7 \u00f6ncesi planlamalar\u0131m\u0131z\u0131 yapt\u0131k. Bunun d\u0131\u015f\u0131nda s\u00fcrecin kusursuz ve verimli i\u015fleyebilmesi i\u00e7in s\u00fcre\u00e7 ile ilgili destek alaca\u011f\u0131m\u0131z departmanlar\u0131m\u0131zla yo\u011fun toplant\u0131lar yapt\u0131k. \u00d6rne\u011fin; IT ekibimizle; uzaktan \u00e7al\u0131\u015fma s\u0131ras\u0131nda bilgisayar ve telefon kullan\u0131m\u0131 ile ilgili haz\u0131rl\u0131k ve \u00e7al\u0131\u015fanlar\u0131n bilgilendirilmesi ile ilgili; idari i\u015fler departman\u0131m\u0131z ile \u00e7ar\u015famba g\u00fcn\u00fc ofise gelmek isteyen \u00e7al\u0131\u015fanlar\u0131n yemek, servis gibi hizmetlerde aksakl\u0131k ya\u015famamas\u0131 i\u00e7in detayl\u0131 \u00f6n haz\u0131rl\u0131klar yapt\u0131k.<\/p>\n<p><strong>Ge\u00e7mi\u015f deneyimlerimizden faydaland\u0131k<\/strong><br \/>\n\u00dc\u00e7 y\u0131l \u00f6nce de ciddi bir ad\u0131m atarak yaz aylar\u0131nda Cuma g\u00fcnleri iki saat erken \u00e7\u0131kma uygulamas\u0131n\u0131 ba\u015flatt\u0131k. Bu karar\u0131 al\u0131rken teredd\u00fctlerimiz oldu ancak deneyimlerimiz g\u00f6sterdi ki bilin\u00e7li \u00e7al\u0131\u015fanlar\u0131m\u0131z var ve bu uygulama motivasyondan do\u011fan verimlilik art\u0131\u015f\u0131 getirdi. \u00c7al\u0131\u015fanlar\u0131m\u0131z \u015firketin bu yakla\u015f\u0131m\u0131 kar\u015f\u0131s\u0131nda o iki saati telafi etmek i\u00e7in \u00e7al\u0131\u015fma verimlerini art\u0131rd\u0131lar, i\u015fi olan varsa i\u015f disiplini bilinciyle o saatlerde yine \u00e7al\u0131\u015ft\u0131, uzun hafta sonu yapabilme imkan\u0131na kavu\u015fan \u00e7al\u0131\u015fanlar\u0131m\u0131z\u0131n motivasyonu ve ba\u011fl\u0131l\u0131\u011f\u0131 artt\u0131.<\/p>\n<p>Yeni uygulamam\u0131z kapsam\u0131nda; Novartis \u0130la\u00e7 T\u00fcrkiye Genel M\u00fcd\u00fcrl\u00fck \u00e7al\u0131\u015fanlar\u0131 her hafta \u00c7ar\u015famba g\u00fcnleri \u00e7al\u0131\u015fma mekanlar\u0131n\u0131 kendileri se\u00e7iyor. T\u00fcm fonksiyonlardaki \u00e7al\u0131\u015fanlar\u0131m\u0131z istisnas\u0131z bu uygulamaya dahiller. Saha ekiplerimiz i\u00e7in de tek bir mesai ba\u015flang\u0131\u00e7 saati ve biti\u015fi bulunmuyor, o gruplar i\u00e7in i\u015fin dinami\u011fine uygun olarak esnek \u00e7al\u0131\u015fmay\u0131 uyguluyoruz. Projenin ana vurgusu \u00e7al\u0131\u015fanlar\u0131n kendi \u00e7al\u0131\u015fma mekanlar\u0131n\u0131 kendileri se\u00e7ebilmeleri, en \u00f6nemli kural ise mesai saatleri i\u00e7erisinde ula\u015f\u0131labilir olmak. Bunun haricinde uygulamay\u0131 \u00e7al\u0131\u015fanlar\u0131m\u0131z i\u00e7in standart bir hale getirmek ve esnek \u00e7al\u0131\u015fma prensiplerini netle\u015ftirmek i\u00e7in bir \u201cEsnek \u00c7al\u0131\u015fma Uygulama Kurallar\u0131 Kitap\u00e7\u0131\u011f\u0131\u201d haz\u0131rlad\u0131k. Bu kitap\u00e7\u0131k \u00e7al\u0131\u015fanlar\u0131m\u0131z\u0131n uygulama ile ilgili merak etti\u011fi b\u00fct\u00fcn sorular\u0131 cevapl\u0131yor.<\/p>\n<p>Bu arada i\u015fyerimizde de \u00e7al\u0131\u015fanlar\u0131m\u0131z\u0131n daha verimli \u00e7al\u0131\u015fabilmeleri, zaman planlamalar\u0131n\u0131 daha rahat yapabilmeleri i\u00e7in genel m\u00fcd\u00fcrl\u00fck binam\u0131zda kuaf\u00f6r\u00fcm\u00fcz bulunuyor ve \u015fu anda yap\u0131m a\u015famas\u0131nda olan \u00e7al\u0131\u015fanlar\u0131m\u0131z\u0131n farkl\u0131 hobileri ve dinlenmeleri i\u00e7in dizayn edilmi\u015f bir hobi odam\u0131z var. Bir\u00e7ok firma ile yapm\u0131\u015f oldu\u011fumuz anla\u015fmalar sayesinde \u00e7al\u0131\u015fanlar\u0131m\u0131z indirimli olarak birtak\u0131m hizmetleri (kuru temizleme vb.) direkt \u015firketimizde alabiliyorlar. Merkez ofisimize on dakikal\u0131k y\u00fcr\u00fcme mesafesinde bulunan spor salonu ile yapm\u0131\u015f oldu\u011fumuz anla\u015fma ile sabah erken saatte, \u00f6\u011fle aras\u0131nda veya i\u015f \u00e7\u0131k\u0131\u015f\u0131 \u00fccretsiz spor olana\u011f\u0131m\u0131z bulunuyor. Bir di\u011fer uygulamam\u0131z da, \u00c7al\u0131\u015fan Destek Program\u0131\u2019m\u0131z\u0131 hayata ge\u00e7irmek oldu. Bu program sayesinde \u00e7al\u0131\u015fanlar\u0131m\u0131z bir telefon arac\u0131l\u0131\u011f\u0131 ile ve e\u011fer gerekirse y\u00fcz y\u00fcze kendilerinin, e\u015f ve \u00e7ocuklar\u0131n\u0131n belirli sorunlar\u0131n\u0131 deneyimli psikologlar ile payla\u015fma f\u0131rsat\u0131 buluyorlar. Bu uygulama \u00f6zel \/ i\u015f hayat entegrasyonunu sa\u011flamalar\u0131na yard\u0131m etmenin yan\u0131 s\u0131ra, hem i\u015f hem de \u00f6zel hayatlar\u0131nda ya\u015fad\u0131klar\u0131 sorunlar\u0131 \u00e7\u00f6zmeleri konusunda da onlara destek oluyor.<\/p>\n<p><strong>Novartis\u2019ten sekt\u00f6rde \u00f6nc\u00fc uygulamalar<\/strong><\/p>\n<p>&#8211;\u00a0Esnek \u00e7ar\u015famba \u2013 \u00c7al\u0131\u015fma Mekan\u0131n\u0131 Kendin Se\u00e7<br \/>\n&#8211;\u00a0Esnek Mesai saatleri<br \/>\n&#8211;\u00a0Yaz aylar\u0131nda cuma g\u00fcnleri erken paydos<br \/>\n&#8211;\u00a0Hobi kul\u00fcpleri, \u015firket i\u00e7i kuaf\u00f6r, toplu \u015firket indirimleri (kuru temizleme, restoran indirimleri, okul indirimleri)<br \/>\n&#8211;\u00a0\u00dccretsiz Spor Kul\u00fcb\u00fc \u00fcyeli\u011fi<br \/>\n&#8211;\u00a0\u00c7al\u0131\u015fan Destek Program\u0131<br \/>\n&#8211;\u00a0Okulun ilk g\u00fcn\u00fcnde \u00c7ocu\u011funun Yan\u0131nda Ol (\u00e7al\u0131\u015fanlar \u00e7ocuklar\u0131n\u0131n okullardaki ilk g\u00fcn\u00fcnde idari izinli say\u0131l\u0131rlar)<br \/>\n&#8211;\u00a0E\u011fitim i\u00e7in toplu izin kullanma se\u00e7ene\u011fi (Y\u00fcksek lisans, doktora, yurtd\u0131\u015f\u0131 \u0130ngilizce e\u011fitimi)<\/p>\n<!-- templates\/buttons-placeholder.php -->\n<div class=\"da-reactions-outer TpostID877\">\n\t    <div class=\"da-reactions-data da-reactions-container-async center\"\n         data-type=\"post\"\n         data-id=\"877\"\n         id=\"da-reactions-slot-post-877\">\n        <div class=\"da-reactions-static\">\n\t\t\t<img src=\"https:\/\/www.kariyer.net\/kariyer-rehberi\/wp-content\/plugins\/da-reactions\/assets\/dist\/loading.svg\" alt=\"Loading spinner\" width=\"48\" height=\"48\" style=\"width:48px\" \/>\n        <\/div>\n    <\/div>\n<\/div>\n","protected":false},"excerpt":{"rendered":"<p>\u00d6zel\/i\u015f hayat entegrasyonunu sa\u011flamak i\u00e7in ba\u015flatt\u0131\u011f\u0131 uygulamalar\u0131 ile dikkat \u00e7eken Novartis&#8217;in T\u00fcrkiye \u0130K Direkt\u00f6r\u00fc, Dr. Senay K\u0131z\u0131lkaya, \u201cBaz\u0131 \u00e7al\u0131\u015fanlar bebe\u011fiyle daha\u00a0 yak\u0131ndan ilgilenebilmek i\u00e7in bir g\u00fcn fazladan evde olmaktan baz\u0131lar\u0131 ise trafikte vakit ge\u00e7irmeme fikrinden \u00e7ok motive oldu\u201d diyor. Novartis, global bak\u0131\u015f a\u00e7\u0131lar\u0131 \u201cDahil Etme ve \u00c7e\u015fitlilik\u201d kapsam\u0131nda \u201c\u0130\u015f \/ \u00d6zel Ya\u015fam\u201d entegrasyonunu desteklemeye y\u00f6nelik [&hellip;]<\/p>\n<!-- templates\/buttons-placeholder.php -->\n<div class=\"da-reactions-outer TpostID877\">\n\t    <div class=\"da-reactions-data da-reactions-container-async center\"\n         data-type=\"post\"\n         data-id=\"877\"\n         id=\"da-reactions-slot-post-877\">\n        <div class=\"da-reactions-static\">\n\t\t\t<img src=\"https:\/\/www.kariyer.net\/kariyer-rehberi\/wp-content\/plugins\/da-reactions\/assets\/dist\/loading.svg\" alt=\"Loading spinner\" width=\"48\" height=\"48\" style=\"width:48px\" \/>\n        <\/div>\n    <\/div>\n<\/div>\n","protected":false},"author":6,"featured_media":4074,"comment_status":"open","ping_status":"open","sticky":false,"template":"","format":"standard","meta":{"footnotes":"","_elementor_edit_mode":"","_elementor_template_type":"","_elementor_data":"","_elementor_page_settings":null,"_elementor_conditions":[]},"categories":[2203],"tags":[],"class_list":{"0":"post-877","1":"post","2":"type-post","3":"status-publish","4":"format-standard","5":"has-post-thumbnail","7":"category-haberler-duyurular"},"yoast_head":"<!-- This site is optimized with the Yoast SEO Premium plugin v21.4 (Yoast SEO v27.0) - https:\/\/yoast.com\/product\/yoast-seo-premium-wordpress\/ -->\n<title>Novartisliler \u00e7al\u0131\u015fma mekanlar\u0131n\u0131 kendileri se\u00e7iyor | Kariyer Rehberi<\/title>\n<meta name=\"description\" content=\"\u00d6zel\/i\u015f hayat entegrasyonunu sa\u011flamak i\u00e7in ba\u015flatt\u0131\u011f\u0131 uygulamalar\u0131 ile dikkat \u00e7eken Novartis&#039;in T\u00fcrkiye \u0130K Direkt\u00f6r\u00fc, Dr. Senay K\u0131z\u0131lkaya, \u201cBaz\u0131\" \/>\n<meta name=\"robots\" content=\"index, follow, max-snippet:-1, max-image-preview:large, max-video-preview:-1\" \/>\n<link rel=\"canonical\" href=\"https:\/\/www.kariyer.net\/kariyer-rehberi\/novartisliler-calisma-mekanlarini-kendileri-seciyor\/\" \/>\n<meta property=\"og:locale\" content=\"tr_TR\" \/>\n<meta property=\"og:type\" content=\"article\" \/>\n<meta property=\"og:title\" content=\"Novartisliler \u00e7al\u0131\u015fma mekanlar\u0131n\u0131 kendileri se\u00e7iyor\" \/>\n<meta property=\"og:description\" content=\"\u00d6zel\/i\u015f hayat entegrasyonunu sa\u011flamak i\u00e7in ba\u015flatt\u0131\u011f\u0131 uygulamalar\u0131 ile dikkat \u00e7eken Novartis&#039;in T\u00fcrkiye \u0130K Direkt\u00f6r\u00fc, Dr. Senay K\u0131z\u0131lkaya, \u201cBaz\u0131\" \/>\n<meta property=\"og:url\" content=\"https:\/\/www.kariyer.net\/kariyer-rehberi\/novartisliler-calisma-mekanlarini-kendileri-seciyor\/\" \/>\n<meta property=\"og:site_name\" content=\"Kariyer Rehberi\" \/>\n<meta property=\"article:published_time\" content=\"2012-06-12T00:00:00+00:00\" \/>\n<meta property=\"article:modified_time\" content=\"2024-07-03T11:53:41+00:00\" \/>\n<meta property=\"og:image\" content=\"https:\/\/www.kariyer.net\/kariyer-rehberi\/wp-content\/uploads\/2012\/06\/novartis2.jpg\" \/>\n\t<meta property=\"og:image:width\" content=\"290\" \/>\n\t<meta property=\"og:image:height\" content=\"150\" \/>\n\t<meta property=\"og:image:type\" content=\"image\/jpeg\" \/>\n<meta name=\"author\" content=\"Merve Tun\u00e7er\" \/>\n<meta name=\"twitter:card\" content=\"summary_large_image\" \/>\n<meta name=\"twitter:label1\" content=\"Yazan:\" \/>\n\t<meta name=\"twitter:data1\" content=\"Merve Tun\u00e7er\" \/>\n\t<meta name=\"twitter:label2\" content=\"Tahmini okuma s\u00fcresi\" \/>\n\t<meta name=\"twitter:data2\" content=\"5 dakika\" \/>\n<!-- \/ Yoast SEO Premium plugin. -->","yoast_head_json":{"title":"Novartisliler \u00e7al\u0131\u015fma mekanlar\u0131n\u0131 kendileri se\u00e7iyor | Kariyer Rehberi","description":"\u00d6zel\/i\u015f hayat entegrasyonunu sa\u011flamak i\u00e7in ba\u015flatt\u0131\u011f\u0131 uygulamalar\u0131 ile dikkat \u00e7eken Novartis'in T\u00fcrkiye \u0130K Direkt\u00f6r\u00fc, Dr. Senay K\u0131z\u0131lkaya, \u201cBaz\u0131","robots":{"index":"index","follow":"follow","max-snippet":"max-snippet:-1","max-image-preview":"max-image-preview:large","max-video-preview":"max-video-preview:-1"},"canonical":"https:\/\/www.kariyer.net\/kariyer-rehberi\/novartisliler-calisma-mekanlarini-kendileri-seciyor\/","og_locale":"tr_TR","og_type":"article","og_title":"Novartisliler \u00e7al\u0131\u015fma mekanlar\u0131n\u0131 kendileri se\u00e7iyor","og_description":"\u00d6zel\/i\u015f hayat entegrasyonunu sa\u011flamak i\u00e7in ba\u015flatt\u0131\u011f\u0131 uygulamalar\u0131 ile dikkat \u00e7eken Novartis'in T\u00fcrkiye \u0130K Direkt\u00f6r\u00fc, Dr. Senay K\u0131z\u0131lkaya, \u201cBaz\u0131","og_url":"https:\/\/www.kariyer.net\/kariyer-rehberi\/novartisliler-calisma-mekanlarini-kendileri-seciyor\/","og_site_name":"Kariyer Rehberi","article_published_time":"2012-06-12T00:00:00+00:00","article_modified_time":"2024-07-03T11:53:41+00:00","og_image":[{"width":290,"height":150,"url":"https:\/\/www.kariyer.net\/kariyer-rehberi\/wp-content\/uploads\/2012\/06\/novartis2.jpg","type":"image\/jpeg"}],"author":"Merve Tun\u00e7er","twitter_card":"summary_large_image","twitter_misc":{"Yazan:":"Merve Tun\u00e7er","Tahmini okuma s\u00fcresi":"5 dakika"},"schema":{"@context":"https:\/\/schema.org","@graph":[{"@type":"Article","@id":"https:\/\/www.kariyer.net\/kariyer-rehberi\/novartisliler-calisma-mekanlarini-kendileri-seciyor\/#article","isPartOf":{"@id":"https:\/\/www.kariyer.net\/kariyer-rehberi\/novartisliler-calisma-mekanlarini-kendileri-seciyor\/"},"author":{"name":"Merve Tun\u00e7er","@id":"https:\/\/www.kariyer.net\/kariyer-rehberi\/#\/schema\/person\/0a1b137f53ff777a71394484346c28a1"},"headline":"Novartisliler \u00e7al\u0131\u015fma mekanlar\u0131n\u0131 kendileri se\u00e7iyor","datePublished":"2012-06-12T00:00:00+00:00","dateModified":"2024-07-03T11:53:41+00:00","mainEntityOfPage":{"@id":"https:\/\/www.kariyer.net\/kariyer-rehberi\/novartisliler-calisma-mekanlarini-kendileri-seciyor\/"},"wordCount":1089,"commentCount":0,"publisher":{"@id":"https:\/\/www.kariyer.net\/kariyer-rehberi\/#organization"},"image":{"@id":"https:\/\/www.kariyer.net\/kariyer-rehberi\/novartisliler-calisma-mekanlarini-kendileri-seciyor\/#primaryimage"},"thumbnailUrl":"https:\/\/www.kariyer.net\/kariyer-rehberi\/wp-content\/uploads\/2012\/06\/novartis2.jpg","articleSection":["Haberler ve Duyurular"],"inLanguage":"tr","potentialAction":[{"@type":"CommentAction","name":"Comment","target":["https:\/\/www.kariyer.net\/kariyer-rehberi\/novartisliler-calisma-mekanlarini-kendileri-seciyor\/#respond"]}]},{"@type":"WebPage","@id":"https:\/\/www.kariyer.net\/kariyer-rehberi\/novartisliler-calisma-mekanlarini-kendileri-seciyor\/","url":"https:\/\/www.kariyer.net\/kariyer-rehberi\/novartisliler-calisma-mekanlarini-kendileri-seciyor\/","name":"Novartisliler \u00e7al\u0131\u015fma mekanlar\u0131n\u0131 kendileri se\u00e7iyor | Kariyer Rehberi","isPartOf":{"@id":"https:\/\/www.kariyer.net\/kariyer-rehberi\/#website"},"primaryImageOfPage":{"@id":"https:\/\/www.kariyer.net\/kariyer-rehberi\/novartisliler-calisma-mekanlarini-kendileri-seciyor\/#primaryimage"},"image":{"@id":"https:\/\/www.kariyer.net\/kariyer-rehberi\/novartisliler-calisma-mekanlarini-kendileri-seciyor\/#primaryimage"},"thumbnailUrl":"https:\/\/www.kariyer.net\/kariyer-rehberi\/wp-content\/uploads\/2012\/06\/novartis2.jpg","datePublished":"2012-06-12T00:00:00+00:00","dateModified":"2024-07-03T11:53:41+00:00","description":"\u00d6zel\/i\u015f hayat entegrasyonunu sa\u011flamak i\u00e7in ba\u015flatt\u0131\u011f\u0131 uygulamalar\u0131 ile dikkat \u00e7eken Novartis'in T\u00fcrkiye \u0130K Direkt\u00f6r\u00fc, Dr. Senay K\u0131z\u0131lkaya, \u201cBaz\u0131","breadcrumb":{"@id":"https:\/\/www.kariyer.net\/kariyer-rehberi\/novartisliler-calisma-mekanlarini-kendileri-seciyor\/#breadcrumb"},"inLanguage":"tr","potentialAction":[{"@type":"ReadAction","target":["https:\/\/www.kariyer.net\/kariyer-rehberi\/novartisliler-calisma-mekanlarini-kendileri-seciyor\/"]}]},{"@type":"ImageObject","inLanguage":"tr","@id":"https:\/\/www.kariyer.net\/kariyer-rehberi\/novartisliler-calisma-mekanlarini-kendileri-seciyor\/#primaryimage","url":"https:\/\/www.kariyer.net\/kariyer-rehberi\/wp-content\/uploads\/2012\/06\/novartis2.jpg","contentUrl":"https:\/\/www.kariyer.net\/kariyer-rehberi\/wp-content\/uploads\/2012\/06\/novartis2.jpg","width":290,"height":150},{"@type":"BreadcrumbList","@id":"https:\/\/www.kariyer.net\/kariyer-rehberi\/novartisliler-calisma-mekanlarini-kendileri-seciyor\/#breadcrumb","itemListElement":[{"@type":"ListItem","position":1,"name":"Anasayfa","item":"https:\/\/www.kariyer.net\/kariyer-rehberi\/"},{"@type":"ListItem","position":2,"name":"Novartisliler \u00e7al\u0131\u015fma mekanlar\u0131n\u0131 kendileri se\u00e7iyor"}]},{"@type":"WebSite","@id":"https:\/\/www.kariyer.net\/kariyer-rehberi\/#website","url":"https:\/\/www.kariyer.net\/kariyer-rehberi\/","name":"Kariyer Rehberi","description":"\u0130\u015f D\u00fcnyas\u0131yla \u0130lgili Bilmek \u0130stedi\u011finiz Her \u015eey","publisher":{"@id":"https:\/\/www.kariyer.net\/kariyer-rehberi\/#organization"},"potentialAction":[{"@type":"SearchAction","target":{"@type":"EntryPoint","urlTemplate":"https:\/\/www.kariyer.net\/kariyer-rehberi\/?s={search_term_string}"},"query-input":{"@type":"PropertyValueSpecification","valueRequired":true,"valueName":"search_term_string"}}],"inLanguage":"tr"},{"@type":"Organization","@id":"https:\/\/www.kariyer.net\/kariyer-rehberi\/#organization","name":"Kariyer.net","url":"https:\/\/www.kariyer.net\/kariyer-rehberi\/","logo":{"@type":"ImageObject","inLanguage":"tr","@id":"https:\/\/www.kariyer.net\/kariyer-rehberi\/#\/schema\/logo\/image\/","url":"https:\/\/www.kariyer.net\/kariyer-rehberi-new\/wp-content\/uploads\/2023\/01\/og-image11.jpg","contentUrl":"https:\/\/www.kariyer.net\/kariyer-rehberi-new\/wp-content\/uploads\/2023\/01\/og-image11.jpg","width":800,"height":800,"caption":"Kariyer.net"},"image":{"@id":"https:\/\/www.kariyer.net\/kariyer-rehberi\/#\/schema\/logo\/image\/"}},{"@type":"Person","@id":"https:\/\/www.kariyer.net\/kariyer-rehberi\/#\/schema\/person\/0a1b137f53ff777a71394484346c28a1","name":"Merve Tun\u00e7er","image":{"@type":"ImageObject","inLanguage":"tr","@id":"https:\/\/www.kariyer.net\/kariyer-rehberi\/#\/schema\/person\/image\/","url":"https:\/\/secure.gravatar.com\/avatar\/f901bc11e2b7a88ba6f6ba817ccc4d8f7782f16694472c26fd2664737093f4f2?s=96&d=mm&r=g","contentUrl":"https:\/\/secure.gravatar.com\/avatar\/f901bc11e2b7a88ba6f6ba817ccc4d8f7782f16694472c26fd2664737093f4f2?s=96&d=mm&r=g","caption":"Merve Tun\u00e7er"},"description":"Kad\u0131k\u00f6y Anadolu Lisesi\u2019nin ard\u0131ndan diplomat olma hayaliyle girdi\u011fi Marmara \u00dcniversitesi Frans\u0131zca Siyaset Bilimi ve Kamu Y\u00f6netimi B\u00f6l\u00fcm\u00fc\u2019nde e\u011fitimine devam ederken gazetecilik mesle\u011fine g\u00f6nl\u00fcn\u00fc kapt\u0131rd\u0131. \u201cT\u00fcrkiye\u2019de ve Fransa\u2019da Gazeteci Kimli\u011fi Sorunu\u201d konulu tezini yazarken \u00e7al\u0131\u015fmaya ba\u015flad\u0131\u011f\u0131 ajansta gazetecili\u011fe ad\u0131m att\u0131.","sameAs":["http:\/\/www.kariyer.net\/kariyer-rehberi\/merve-tuncer\/"],"url":"https:\/\/www.kariyer.net\/kariyer-rehberi\/author\/merve-tuncer\/"}]}},"_links":{"self":[{"href":"https:\/\/www.kariyer.net\/kariyer-rehberi\/wp-json\/wp\/v2\/posts\/877","targetHints":{"allow":["GET"]}}],"collection":[{"href":"https:\/\/www.kariyer.net\/kariyer-rehberi\/wp-json\/wp\/v2\/posts"}],"about":[{"href":"https:\/\/www.kariyer.net\/kariyer-rehberi\/wp-json\/wp\/v2\/types\/post"}],"author":[{"embeddable":true,"href":"https:\/\/www.kariyer.net\/kariyer-rehberi\/wp-json\/wp\/v2\/users\/6"}],"replies":[{"embeddable":true,"href":"https:\/\/www.kariyer.net\/kariyer-rehberi\/wp-json\/wp\/v2\/comments?post=877"}],"version-history":[{"count":1,"href":"https:\/\/www.kariyer.net\/kariyer-rehberi\/wp-json\/wp\/v2\/posts\/877\/revisions"}],"predecessor-version":[{"id":18745,"href":"https:\/\/www.kariyer.net\/kariyer-rehberi\/wp-json\/wp\/v2\/posts\/877\/revisions\/18745"}],"wp:featuredmedia":[{"embeddable":true,"href":"https:\/\/www.kariyer.net\/kariyer-rehberi\/wp-json\/wp\/v2\/media\/4074"}],"wp:attachment":[{"href":"https:\/\/www.kariyer.net\/kariyer-rehberi\/wp-json\/wp\/v2\/media?parent=877"}],"wp:term":[{"taxonomy":"category","embeddable":true,"href":"https:\/\/www.kariyer.net\/kariyer-rehberi\/wp-json\/wp\/v2\/categories?post=877"},{"taxonomy":"post_tag","embeddable":true,"href":"https:\/\/www.kariyer.net\/kariyer-rehberi\/wp-json\/wp\/v2\/tags?post=877"}],"curies":[{"name":"wp","href":"https:\/\/api.w.org\/{rel}","templated":true}]}}