{"id":879,"date":"2012-07-10T03:00:00","date_gmt":"2012-07-10T00:00:00","guid":{"rendered":"http:\/\/92.45.35.169\/is-dunyasindaki-otekilesmeyi-fotografladi\/"},"modified":"2024-07-03T16:01:02","modified_gmt":"2024-07-03T13:01:02","slug":"is-dunyasindaki-otekilesmeyi-fotografladi","status":"publish","type":"post","link":"https:\/\/www.kariyer.net\/kariyer-rehberi\/is-dunyasindaki-otekilesmeyi-fotografladi\/","title":{"rendered":"\u0130\u015f d\u00fcnyas\u0131ndaki \u00f6tekile\u015fmeyi foto\u011fraflad\u0131"},"content":{"rendered":"<p><strong><img decoding=\"async\" style=\"margin: 10px; width: 350px; float: left; height: 185px; border: 10px solid;\" alt=\"\" src=\"http:\/\/img1.kariyer.net\/WebSite\/uploads\/KariyerRehberi\/pictures\/350_dora(1).jpg\" \/><\/strong><\/p>\n<p><strong>Foto\u011fraf sanat\u00e7\u0131s\u0131 ve i\u015f adam\u0131 Dora G\u00fcnel, \u201cUnvan-s\u0131z\u201d isimli foto\u011fraf kitab\u0131n\u0131 yay\u0131nlad\u0131. G\u00fcnel, kitab\u0131nda 141 siyah beyaz foto\u011frafla, \u00e7al\u0131\u015fanlar\u0131n i\u015f ve sosyal hayattaki ya\u015fam tarzlar\u0131n\u0131n farkl\u0131l\u0131klar\u0131 ve benzerliklerini anlat\u0131yor<\/strong><br \/>\n1970\u2019li y\u0131llar\u0131n sonuna do\u011fru e\u011fitimine devam etti\u011fi Gazi E\u011fitim Enstit\u00fcs\u00fc Almanca Dili ve Edebiyat\u0131 B\u00f6l\u00fcm\u00fc\u2019nde iken tezgahtar olarak \u00e7al\u0131\u015fmaya ba\u015flad\u0131\u011f\u0131 BSH Ev Aletleri \u015firketinde \u015fu anda e\u011fitim ve ticari koordinasyon m\u00fcd\u00fcr\u00fc olan Dora G\u00fcnel, tam bir foto\u011fraf a\u015f\u0131\u011f\u0131. 37 y\u0131l ayn\u0131 \u015firkette y\u00fcr\u00fctt\u00fc\u011f\u00fc istikrarl\u0131 ve ba\u015far\u0131l\u0131 kariyerini, foto\u011frafa olan ilgisiyle beslemi\u015f. Ge\u00e7ti\u011fimiz ay, Dora G\u00fcnel`in &#8220;Unvan-s\u0131z&#8221; isimli foto\u011fraf kitab\u0131 yay\u0131nland\u0131. G\u00fcnel, kitab\u0131nda uzun zaman birlikte \u00e7al\u0131\u015fan i\u015f insanlar\u0131n\u0131n asl\u0131nda birbirlerine olan yabanc\u0131l\u0131klar\u0131n\u0131 da kare kare ele alm\u0131\u015f. Dora G\u00fcnel\u2019le \u00fc\u00e7 senelik \u00e7al\u0131\u015fman\u0131n \u00fcr\u00fcn\u00fc olan ve 141 siyah beyaz foto\u011fraftan olu\u015fan kitab\u0131n\u0131 ve foto\u011frafa a\u015fk\u0131n\u0131 konu\u015ftuk.<\/p>\n<p><strong>Foto\u011frafa olan ilginiz ne zaman ba\u015flad\u0131?<\/strong><br \/>\nFoto\u011frafa ilgim \u00e7ocukluk ya\u015flar\u0131mda uyand\u0131. Bununla birlikte ger\u00e7ek foto\u011fraf u\u011fra\u015f\u0131m 1977 y\u0131l\u0131nda arkada\u015flar\u0131m\u0131n Ankara Foto\u011fraf Sanat\u00e7\u0131lar\u0131 Derne\u011fi\u2019ni (AFSAD) kurmalar\u0131yla ve benim de 1978 y\u0131l\u0131nda bir makine al\u0131p onlara kat\u0131lmamla ba\u015flad\u0131. Foto\u011fraf\u0131n sosyal belgesel ya da toplumcu belgesel diyebilece\u011fimiz alan\u0131yla ilgileniyorum.<\/p>\n<p><strong>Foto\u011fraf merak\u0131n\u0131z\u0131n ya\u015fam bi\u00e7iminize d\u00f6n\u00fc\u015fmesi nas\u0131l oldu?<\/strong><br \/>\nFoto\u011fraf i\u00e7inde sosyolojiyi de, sosyal antropolojiyi de, resmi de, m\u00fczi\u011fi de, bi\u00e7imi-esteti\u011fi de, okumay\u0131, felsefeyi ve muhalif olabilmeyi de bar\u0131nd\u0131r\u0131yordu. Bu da bana \u00e7ok uyuyordu. Ben foto\u011fraf\u0131n bizlerin ho\u015funa gidecek, ruhumuzu dinlendirecek, dinginle\u015ftirecek, r\u00fcyalara g\u00f6t\u00fcrecek olmas\u0131n\u0131n \u00f6tesinde mutlaka toplumsal bir i\u015flevi olmas\u0131 gerekti\u011fine inan\u0131yorum.<\/p>\n<p>&nbsp;<\/p>\n<p><strong>\u00c7al\u0131\u015fanlar\u0131 konu alan bir kitap fikri nas\u0131l ortaya \u00e7\u0131kt\u0131?<\/strong><br \/>\nBu firmada otuz y\u0131ldan fazla \u00e7al\u0131\u015ft\u0131\u011f\u0131m halde detayl\u0131 bir \u00e7al\u0131\u015fma yapmad\u0131\u011f\u0131m\u0131 ve objektifi buraya \u00e7evirmemin zaman\u0131 geldi\u011fini d\u00fc\u015f\u00fcnd\u00fcm. Beni harekete ge\u00e7iren daha \u00e7ok i\u015f d\u00fcnyas\u0131yla birlikte kat\u0131ld\u0131\u011f\u0131m bir toplant\u0131 oldu. Yurtd\u0131\u015f\u0131ndan getirilen bir konu\u015fmac\u0131y\u0131 dinlerken o toplant\u0131ya, bir\u00e7ok sekt\u00f6rden yakla\u015f\u0131k 500 &#8211; 600 y\u00fcz ki\u015finin kat\u0131ld\u0131\u011f\u0131n\u0131 g\u00f6rd\u00fcm. Kat\u0131l\u0131mc\u0131lar\u0131n giyim bi\u00e7imleri, sa\u00e7 kesimleri, makyajlar\u0131, aralarda telefon konu\u015fmalar\u0131, yemekteki se\u00e7imleri, duru\u015flar\u0131, konu\u015fma bi\u00e7imleri, bak\u0131\u015flar\u0131 o kadar ayn\u0131yd\u0131 ki. Bu tek tiple\u015fme beraberinde \u00f6tekile\u015fmeyi de getirmi\u015fti. Ard\u0131ndan insanlar bir b\u00f6l\u00fcnme daha ya\u015fad\u0131 ve i\u015f ya\u015fam\u0131, sosyal ve aile ya\u015fam\u0131 olarak yeni kimliklere b\u00fcr\u00fcnmeye ba\u015flad\u0131. Bu durumu onlarca farkl\u0131 \u2013 benzer toplant\u0131da g\u00f6zlemledim. Bunun ger\u00e7ekli\u011fini test edebilece\u011fim ortamsa yakla\u015f\u0131k 5 bin \u00e7al\u0131\u015fan\u0131yla benim de y\u0131llard\u0131r \u00e7al\u0131\u015ft\u0131\u011f\u0131m yerdi ve hemen projemi yazmaya ba\u015flad\u0131m.<\/p>\n<p><img decoding=\"async\" style=\"margin: 10px; width: 298px; float: right; height: 198px; border: 10px solid;\" alt=\"\" src=\"http:\/\/img1.kariyer.net\/WebSite\/uploads\/KariyerRehberi\/pictures\/bay-korten--15196-ailesiyleF.jpg\" \/><\/p>\n<p><strong>Modellerinizi se\u00e7erken k\u0131staslar\u0131n\u0131z ne oldu?<\/strong><br \/>\nProje baz\u0131nda \u00e7al\u0131\u015ft\u0131\u011f\u0131m i\u00e7in bu i\u015fin bir metodu olmal\u0131yd\u0131. Hemen \u015firketteki unvanlara bakt\u0131m. \u00dcst d\u00fczey y\u00f6netici, direkt\u00f6r, m\u00fcd\u00fcr, alan y\u00f6neticisi ve memur olarak s\u0131ralan\u0131yordu. Bunun d\u0131\u015f\u0131nda bayi, mavi yakal\u0131, ta\u015feron firma \u00e7al\u0131\u015fan\u0131, partnerler vard\u0131. Kad\u0131n, erkek, farkl\u0131 uluslar\u0131n bireyleri, evli, bekar, kalabal\u0131k aile. Bir panorama olu\u015fturmal\u0131yd\u0131m. Dolay\u0131s\u0131yla 21 ki\u015fi belirledim ve her biriyle tek tek g\u00f6r\u00fc\u015ft\u00fcm. Bu da benim i\u00e7in 20 evde \u00e7al\u0131\u015fabilmem anlam\u0131na geliyordu.<\/p>\n<p><strong>Sizce sosyal belgesel foto\u011fraf\u00e7\u0131l\u0131k konusunda d\u00fcnyay\u0131 takip edebiliyor muyuz?<\/strong><br \/>\nBug\u00fcn, kitap ve bask\u0131 maliyeti i\u00e7in maddi destek gerekiyor. \u00dcniversitelerdeki dernekler bu konuda \u00e7al\u0131\u015fmalar yap\u0131yor. \u00d6zellikle at\u00f6lye ve seminerler d\u00fczenliyorlar. Anadolu \u00fcniversitesi ve Y\u0131ld\u0131z Teknik \u00dcniversitesi bunlar\u0131n ba\u015f\u0131nda geliyor. Ayr\u0131ca Foto\u011fraf Vakf\u0131 ve Galata Foto\u011frafhanesi\u2019nin birlikte y\u00fcr\u00fctt\u00fc\u011f\u00fc Foto\u011fraf Akademisi bu konuda etkin \u00e7al\u0131\u015fmalar yap\u0131yor. \u0130mkanlar geli\u015ftik\u00e7e, sosyal belgesel foto\u011fraf kendine alanlar bulduk\u00e7a, bas\u0131n da bunu destekledik\u00e7e yayg\u0131nla\u015facak.<br \/>\n<strong>Dora G\u00fcnel\u2019in foto\u011fraf ser\u00fcveni<\/strong><br \/>\n\u2022\u00a0Foto\u011frafa 1978\u2019de AFSAD&#8217;a (Ankara Foto\u011fraf Sanat\u00e7\u0131lar\u0131 Derne\u011fi) kat\u0131larak ba\u015flad\u0131. Foto\u011fraflar\u0131 ilk defa &#8220;T\u00fcrkiye&#8217;de Kad\u0131n&#8221; isimli sergide yer ald\u0131. 1982-1985 y\u0131llar\u0131 aras\u0131nda AFSAD Y\u00f6netim Kurulu&#8217;nda g\u00f6rev yapt\u0131. G\u00fcnel, Foto\u011fraf Vakf\u0131 Kurucular\u0131 aras\u0131nda yer al\u0131yor. AFSAD b\u00fcnyesinde &#8220;Ankara&#8221; ve &#8220;Denizi Ya\u015fayanlar&#8221; adl\u0131 belgesel foto\u011fraf projelerine kat\u0131ld\u0131.<\/p>\n<p>\u2022\u00a01995\u2019te &#8220;Birikimler&#8221; isimli ki\u015fisel sergisini a\u00e7t\u0131. &#8220;Birikimler&#8221;, &#8220;Karadeniz&#8221;, &#8220;Dar Sokaklar S\u0131cak \u0130nsanlar&#8221; adl\u0131 saydam g\u00f6sterilerini yapt\u0131. Foto\u011frafevi, \u0130FSAK, Foto\u011fraf Vakf\u0131 gibi kurumlarda e\u011fitim seminerleri verdi. Foto\u011frafta foto \u00f6yk\u00fc \u00fczerine yo\u011funla\u015ft\u0131 ve bu konuda foto\u011fraf at\u00f6lyeleri ger\u00e7ekle\u015ftirdi.<br \/>\n\u2022\u00a0B\u00fcy\u00fck Marmara Depreminde Dayan\u0131\u015fma G\u00f6n\u00fcll\u00fcleri ve Enfants du Monde Grubu ile d\u00fczenlenen Foto\u011fraf\u00e7\u0131 \u00c7ocuklar at\u00f6lyesinin t\u00fcm \u00e7al\u0131\u015fmalar\u0131nda g\u00f6rev ald\u0131.<\/p>\n<p>\u2022\u00a0Kemal Cengizkan ile birlikte \u0130\u00e7kalpak\u00e7\u0131 \u00c7\u0131kmaz\u0131- Bir Soka\u011f\u0131n Monografisi adl\u0131 \u00e7al\u0131\u015fmay\u0131 ger\u00e7ekle\u015ftirdi. Bu \u00e7al\u0131\u015fma sosyologlar Gamze Toksoy, G\u00fclay Kayacan ve Ebru Soytemel ile tamamlanarak 2002 y\u0131l\u0131nda kitap haline getirildi. Sergi T\u00fcrkiye d\u0131\u015f\u0131nda Berlin- Almanya, Gras- Fransa ve K\u0131br\u0131s&#8217;ta da izlenime sunuldu.<br \/>\n\u2022\u00a0Bir semt k\u00fclt\u00fcr\u00fc \u00fczerine haz\u0131rlanan foto \u00f6yk\u00fclerden olu\u015fan Kad\u0131rga: M\u00fcseccel Marka isimli \u00e7al\u0131\u015fmas\u0131n\u0131 tamamlad\u0131. Bu \u00e7al\u0131\u015fma da \u0130FSAK&#8217;\u0131n d\u00fczenledi\u011fi Foto\u011fraf Bienali&#8217;nde ve Foto\u011fraf Vakf\u0131&#8217;n\u0131n d\u00fczenledi\u011fi Ulisfotofest&#8217;de (Uluslararas\u0131 \u0130stanbul Foto\u011fraf Festivali) g\u00f6sterildi. 2010 \u0130stanbul Avrupa K\u00fclt\u00fcr Ba\u015fkenti etkinlikleri kapsam\u0131nda Kad\u0131rga Meydan\u0131&#8217;nda izlenime sunuldu.<\/p>\n<p>\u2022\u00a0Annesinin \u00f6l\u00fcm\u00fcnden yola \u00e7\u0131karak Do\u011fum, Ya\u015fam, Alzheimer, \u00d6l\u00fcm isimli projeyi ger\u00e7ekle\u015ftirdi. \u0130zzet Baysal Huzurevi&#8217;nde yapt\u0131\u011f\u0131 G\u00fcz G\u00fclleri adl\u0131 \u00e7al\u0131\u015fma 2008 y\u0131l\u0131nda \u0130stanbul ve \u00c7anakkale&#8217;de sergilendi.<\/p>\n<p>&nbsp;<\/p>\n<!-- templates\/buttons-placeholder.php -->\n<div class=\"da-reactions-outer TpostID879\">\n\t    <div class=\"da-reactions-data da-reactions-container-async center\"\n         data-type=\"post\"\n         data-id=\"879\"\n         id=\"da-reactions-slot-post-879\">\n        <div class=\"da-reactions-static\">\n\t\t\t<img src=\"https:\/\/www.kariyer.net\/kariyer-rehberi\/wp-content\/plugins\/da-reactions\/assets\/dist\/loading.svg\" alt=\"Loading spinner\" width=\"48\" height=\"48\" style=\"width:48px\" \/>\n        <\/div>\n    <\/div>\n<\/div>\n","protected":false},"excerpt":{"rendered":"<p>Foto\u011fraf sanat\u00e7\u0131s\u0131 ve i\u015f adam\u0131 Dora G\u00fcnel, \u201cUnvan-s\u0131z\u201d isimli foto\u011fraf kitab\u0131n\u0131 yay\u0131nlad\u0131. G\u00fcnel, kitab\u0131nda 141 siyah beyaz foto\u011frafla, \u00e7al\u0131\u015fanlar\u0131n i\u015f ve sosyal hayattaki ya\u015fam tarzlar\u0131n\u0131n farkl\u0131l\u0131klar\u0131 ve benzerliklerini anlat\u0131yor 1970\u2019li y\u0131llar\u0131n sonuna do\u011fru e\u011fitimine devam etti\u011fi Gazi E\u011fitim Enstit\u00fcs\u00fc Almanca Dili ve Edebiyat\u0131 B\u00f6l\u00fcm\u00fc\u2019nde iken tezgahtar olarak \u00e7al\u0131\u015fmaya ba\u015flad\u0131\u011f\u0131 BSH Ev Aletleri \u015firketinde \u015fu anda [&hellip;]<\/p>\n<!-- templates\/buttons-placeholder.php -->\n<div class=\"da-reactions-outer TpostID879\">\n\t    <div class=\"da-reactions-data da-reactions-container-async center\"\n         data-type=\"post\"\n         data-id=\"879\"\n         id=\"da-reactions-slot-post-879\">\n        <div class=\"da-reactions-static\">\n\t\t\t<img src=\"https:\/\/www.kariyer.net\/kariyer-rehberi\/wp-content\/plugins\/da-reactions\/assets\/dist\/loading.svg\" alt=\"Loading spinner\" width=\"48\" height=\"48\" style=\"width:48px\" \/>\n        <\/div>\n    <\/div>\n<\/div>\n","protected":false},"author":6,"featured_media":4145,"comment_status":"open","ping_status":"open","sticky":false,"template":"","format":"standard","meta":{"footnotes":"","_elementor_edit_mode":"","_elementor_template_type":"","_elementor_data":"","_elementor_page_settings":null,"_elementor_conditions":[]},"categories":[2211],"tags":[],"class_list":{"0":"post-879","1":"post","2":"type-post","3":"status-publish","4":"format-standard","5":"has-post-thumbnail","7":"category-kariyer-gelisimi"},"yoast_head":"<!-- This site is optimized with the Yoast SEO Premium plugin v21.4 (Yoast SEO v27.0) - https:\/\/yoast.com\/product\/yoast-seo-premium-wordpress\/ -->\n<title>\u0130\u015f d\u00fcnyas\u0131ndaki \u00f6tekile\u015fmeyi foto\u011fraflad\u0131 | Kariyer Rehberi<\/title>\n<meta name=\"description\" content=\"Foto\u011fraf sanat\u00e7\u0131s\u0131 ve i\u015f adam\u0131 Dora G\u00fcnel, \u201cUnvan-s\u0131z\u201d isimli foto\u011fraf kitab\u0131n\u0131 yay\u0131nlad\u0131. G\u00fcnel, kitab\u0131nda 141 siyah beyaz foto\u011frafla, \u00e7al\u0131\u015fanlar\u0131n i\u015f ve\" \/>\n<meta name=\"robots\" content=\"index, follow, max-snippet:-1, max-image-preview:large, max-video-preview:-1\" \/>\n<link rel=\"canonical\" href=\"https:\/\/www.kariyer.net\/kariyer-rehberi\/is-dunyasindaki-otekilesmeyi-fotografladi\/\" \/>\n<meta property=\"og:locale\" content=\"tr_TR\" \/>\n<meta property=\"og:type\" content=\"article\" \/>\n<meta property=\"og:title\" content=\"\u0130\u015f d\u00fcnyas\u0131ndaki \u00f6tekile\u015fmeyi foto\u011fraflad\u0131\" \/>\n<meta property=\"og:description\" content=\"Foto\u011fraf sanat\u00e7\u0131s\u0131 ve i\u015f adam\u0131 Dora G\u00fcnel, \u201cUnvan-s\u0131z\u201d isimli foto\u011fraf kitab\u0131n\u0131 yay\u0131nlad\u0131. G\u00fcnel, kitab\u0131nda 141 siyah beyaz foto\u011frafla, \u00e7al\u0131\u015fanlar\u0131n i\u015f ve\" \/>\n<meta property=\"og:url\" content=\"https:\/\/www.kariyer.net\/kariyer-rehberi\/is-dunyasindaki-otekilesmeyi-fotografladi\/\" \/>\n<meta property=\"og:site_name\" content=\"Kariyer Rehberi\" \/>\n<meta property=\"article:published_time\" content=\"2012-07-10T00:00:00+00:00\" \/>\n<meta property=\"article:modified_time\" content=\"2024-07-03T13:01:02+00:00\" \/>\n<meta property=\"og:image\" content=\"https:\/\/www.kariyer.net\/kariyer-rehberi\/wp-content\/uploads\/2012\/07\/dora.jpg\" \/>\n\t<meta property=\"og:image:width\" content=\"290\" \/>\n\t<meta property=\"og:image:height\" content=\"150\" \/>\n\t<meta property=\"og:image:type\" content=\"image\/jpeg\" \/>\n<meta name=\"author\" content=\"Merve Tun\u00e7er\" \/>\n<meta name=\"twitter:card\" content=\"summary_large_image\" \/>\n<meta name=\"twitter:label1\" content=\"Yazan:\" \/>\n\t<meta name=\"twitter:data1\" content=\"Merve Tun\u00e7er\" \/>\n\t<meta name=\"twitter:label2\" content=\"Tahmini okuma s\u00fcresi\" \/>\n\t<meta name=\"twitter:data2\" content=\"5 dakika\" \/>\n<!-- \/ Yoast SEO Premium plugin. -->","yoast_head_json":{"title":"\u0130\u015f d\u00fcnyas\u0131ndaki \u00f6tekile\u015fmeyi foto\u011fraflad\u0131 | Kariyer Rehberi","description":"Foto\u011fraf sanat\u00e7\u0131s\u0131 ve i\u015f adam\u0131 Dora G\u00fcnel, \u201cUnvan-s\u0131z\u201d isimli foto\u011fraf kitab\u0131n\u0131 yay\u0131nlad\u0131. G\u00fcnel, kitab\u0131nda 141 siyah beyaz foto\u011frafla, \u00e7al\u0131\u015fanlar\u0131n i\u015f ve","robots":{"index":"index","follow":"follow","max-snippet":"max-snippet:-1","max-image-preview":"max-image-preview:large","max-video-preview":"max-video-preview:-1"},"canonical":"https:\/\/www.kariyer.net\/kariyer-rehberi\/is-dunyasindaki-otekilesmeyi-fotografladi\/","og_locale":"tr_TR","og_type":"article","og_title":"\u0130\u015f d\u00fcnyas\u0131ndaki \u00f6tekile\u015fmeyi foto\u011fraflad\u0131","og_description":"Foto\u011fraf sanat\u00e7\u0131s\u0131 ve i\u015f adam\u0131 Dora G\u00fcnel, \u201cUnvan-s\u0131z\u201d isimli foto\u011fraf kitab\u0131n\u0131 yay\u0131nlad\u0131. G\u00fcnel, kitab\u0131nda 141 siyah beyaz foto\u011frafla, \u00e7al\u0131\u015fanlar\u0131n i\u015f ve","og_url":"https:\/\/www.kariyer.net\/kariyer-rehberi\/is-dunyasindaki-otekilesmeyi-fotografladi\/","og_site_name":"Kariyer Rehberi","article_published_time":"2012-07-10T00:00:00+00:00","article_modified_time":"2024-07-03T13:01:02+00:00","og_image":[{"width":290,"height":150,"url":"https:\/\/www.kariyer.net\/kariyer-rehberi\/wp-content\/uploads\/2012\/07\/dora.jpg","type":"image\/jpeg"}],"author":"Merve Tun\u00e7er","twitter_card":"summary_large_image","twitter_misc":{"Yazan:":"Merve Tun\u00e7er","Tahmini okuma s\u00fcresi":"5 dakika"},"schema":{"@context":"https:\/\/schema.org","@graph":[{"@type":"Article","@id":"https:\/\/www.kariyer.net\/kariyer-rehberi\/is-dunyasindaki-otekilesmeyi-fotografladi\/#article","isPartOf":{"@id":"https:\/\/www.kariyer.net\/kariyer-rehberi\/is-dunyasindaki-otekilesmeyi-fotografladi\/"},"author":{"name":"Merve Tun\u00e7er","@id":"https:\/\/www.kariyer.net\/kariyer-rehberi\/#\/schema\/person\/0a1b137f53ff777a71394484346c28a1"},"headline":"\u0130\u015f d\u00fcnyas\u0131ndaki \u00f6tekile\u015fmeyi foto\u011fraflad\u0131","datePublished":"2012-07-10T00:00:00+00:00","dateModified":"2024-07-03T13:01:02+00:00","mainEntityOfPage":{"@id":"https:\/\/www.kariyer.net\/kariyer-rehberi\/is-dunyasindaki-otekilesmeyi-fotografladi\/"},"wordCount":1062,"commentCount":0,"publisher":{"@id":"https:\/\/www.kariyer.net\/kariyer-rehberi\/#organization"},"image":{"@id":"https:\/\/www.kariyer.net\/kariyer-rehberi\/is-dunyasindaki-otekilesmeyi-fotografladi\/#primaryimage"},"thumbnailUrl":"https:\/\/www.kariyer.net\/kariyer-rehberi\/wp-content\/uploads\/2012\/07\/dora.jpg","articleSection":["Kariyer Geli\u015fimi"],"inLanguage":"tr","potentialAction":[{"@type":"CommentAction","name":"Comment","target":["https:\/\/www.kariyer.net\/kariyer-rehberi\/is-dunyasindaki-otekilesmeyi-fotografladi\/#respond"]}]},{"@type":"WebPage","@id":"https:\/\/www.kariyer.net\/kariyer-rehberi\/is-dunyasindaki-otekilesmeyi-fotografladi\/","url":"https:\/\/www.kariyer.net\/kariyer-rehberi\/is-dunyasindaki-otekilesmeyi-fotografladi\/","name":"\u0130\u015f d\u00fcnyas\u0131ndaki \u00f6tekile\u015fmeyi foto\u011fraflad\u0131 | Kariyer Rehberi","isPartOf":{"@id":"https:\/\/www.kariyer.net\/kariyer-rehberi\/#website"},"primaryImageOfPage":{"@id":"https:\/\/www.kariyer.net\/kariyer-rehberi\/is-dunyasindaki-otekilesmeyi-fotografladi\/#primaryimage"},"image":{"@id":"https:\/\/www.kariyer.net\/kariyer-rehberi\/is-dunyasindaki-otekilesmeyi-fotografladi\/#primaryimage"},"thumbnailUrl":"https:\/\/www.kariyer.net\/kariyer-rehberi\/wp-content\/uploads\/2012\/07\/dora.jpg","datePublished":"2012-07-10T00:00:00+00:00","dateModified":"2024-07-03T13:01:02+00:00","description":"Foto\u011fraf sanat\u00e7\u0131s\u0131 ve i\u015f adam\u0131 Dora G\u00fcnel, \u201cUnvan-s\u0131z\u201d isimli foto\u011fraf kitab\u0131n\u0131 yay\u0131nlad\u0131. G\u00fcnel, kitab\u0131nda 141 siyah beyaz foto\u011frafla, \u00e7al\u0131\u015fanlar\u0131n i\u015f ve","breadcrumb":{"@id":"https:\/\/www.kariyer.net\/kariyer-rehberi\/is-dunyasindaki-otekilesmeyi-fotografladi\/#breadcrumb"},"inLanguage":"tr","potentialAction":[{"@type":"ReadAction","target":["https:\/\/www.kariyer.net\/kariyer-rehberi\/is-dunyasindaki-otekilesmeyi-fotografladi\/"]}]},{"@type":"ImageObject","inLanguage":"tr","@id":"https:\/\/www.kariyer.net\/kariyer-rehberi\/is-dunyasindaki-otekilesmeyi-fotografladi\/#primaryimage","url":"https:\/\/www.kariyer.net\/kariyer-rehberi\/wp-content\/uploads\/2012\/07\/dora.jpg","contentUrl":"https:\/\/www.kariyer.net\/kariyer-rehberi\/wp-content\/uploads\/2012\/07\/dora.jpg","width":290,"height":150},{"@type":"BreadcrumbList","@id":"https:\/\/www.kariyer.net\/kariyer-rehberi\/is-dunyasindaki-otekilesmeyi-fotografladi\/#breadcrumb","itemListElement":[{"@type":"ListItem","position":1,"name":"Anasayfa","item":"https:\/\/www.kariyer.net\/kariyer-rehberi\/"},{"@type":"ListItem","position":2,"name":"\u0130\u015f d\u00fcnyas\u0131ndaki \u00f6tekile\u015fmeyi foto\u011fraflad\u0131"}]},{"@type":"WebSite","@id":"https:\/\/www.kariyer.net\/kariyer-rehberi\/#website","url":"https:\/\/www.kariyer.net\/kariyer-rehberi\/","name":"Kariyer Rehberi","description":"\u0130\u015f D\u00fcnyas\u0131yla \u0130lgili Bilmek \u0130stedi\u011finiz Her \u015eey","publisher":{"@id":"https:\/\/www.kariyer.net\/kariyer-rehberi\/#organization"},"potentialAction":[{"@type":"SearchAction","target":{"@type":"EntryPoint","urlTemplate":"https:\/\/www.kariyer.net\/kariyer-rehberi\/?s={search_term_string}"},"query-input":{"@type":"PropertyValueSpecification","valueRequired":true,"valueName":"search_term_string"}}],"inLanguage":"tr"},{"@type":"Organization","@id":"https:\/\/www.kariyer.net\/kariyer-rehberi\/#organization","name":"Kariyer.net","url":"https:\/\/www.kariyer.net\/kariyer-rehberi\/","logo":{"@type":"ImageObject","inLanguage":"tr","@id":"https:\/\/www.kariyer.net\/kariyer-rehberi\/#\/schema\/logo\/image\/","url":"https:\/\/www.kariyer.net\/kariyer-rehberi-new\/wp-content\/uploads\/2023\/01\/og-image11.jpg","contentUrl":"https:\/\/www.kariyer.net\/kariyer-rehberi-new\/wp-content\/uploads\/2023\/01\/og-image11.jpg","width":800,"height":800,"caption":"Kariyer.net"},"image":{"@id":"https:\/\/www.kariyer.net\/kariyer-rehberi\/#\/schema\/logo\/image\/"}},{"@type":"Person","@id":"https:\/\/www.kariyer.net\/kariyer-rehberi\/#\/schema\/person\/0a1b137f53ff777a71394484346c28a1","name":"Merve Tun\u00e7er","image":{"@type":"ImageObject","inLanguage":"tr","@id":"https:\/\/www.kariyer.net\/kariyer-rehberi\/#\/schema\/person\/image\/","url":"https:\/\/secure.gravatar.com\/avatar\/f901bc11e2b7a88ba6f6ba817ccc4d8f7782f16694472c26fd2664737093f4f2?s=96&d=mm&r=g","contentUrl":"https:\/\/secure.gravatar.com\/avatar\/f901bc11e2b7a88ba6f6ba817ccc4d8f7782f16694472c26fd2664737093f4f2?s=96&d=mm&r=g","caption":"Merve Tun\u00e7er"},"description":"Kad\u0131k\u00f6y Anadolu Lisesi\u2019nin ard\u0131ndan diplomat olma hayaliyle girdi\u011fi Marmara \u00dcniversitesi Frans\u0131zca Siyaset Bilimi ve Kamu Y\u00f6netimi B\u00f6l\u00fcm\u00fc\u2019nde e\u011fitimine devam ederken gazetecilik mesle\u011fine g\u00f6nl\u00fcn\u00fc kapt\u0131rd\u0131. \u201cT\u00fcrkiye\u2019de ve Fransa\u2019da Gazeteci Kimli\u011fi Sorunu\u201d konulu tezini yazarken \u00e7al\u0131\u015fmaya ba\u015flad\u0131\u011f\u0131 ajansta gazetecili\u011fe ad\u0131m att\u0131.","sameAs":["http:\/\/www.kariyer.net\/kariyer-rehberi\/merve-tuncer\/"],"url":"https:\/\/www.kariyer.net\/kariyer-rehberi\/author\/merve-tuncer\/"}]}},"_links":{"self":[{"href":"https:\/\/www.kariyer.net\/kariyer-rehberi\/wp-json\/wp\/v2\/posts\/879","targetHints":{"allow":["GET"]}}],"collection":[{"href":"https:\/\/www.kariyer.net\/kariyer-rehberi\/wp-json\/wp\/v2\/posts"}],"about":[{"href":"https:\/\/www.kariyer.net\/kariyer-rehberi\/wp-json\/wp\/v2\/types\/post"}],"author":[{"embeddable":true,"href":"https:\/\/www.kariyer.net\/kariyer-rehberi\/wp-json\/wp\/v2\/users\/6"}],"replies":[{"embeddable":true,"href":"https:\/\/www.kariyer.net\/kariyer-rehberi\/wp-json\/wp\/v2\/comments?post=879"}],"version-history":[{"count":1,"href":"https:\/\/www.kariyer.net\/kariyer-rehberi\/wp-json\/wp\/v2\/posts\/879\/revisions"}],"predecessor-version":[{"id":20317,"href":"https:\/\/www.kariyer.net\/kariyer-rehberi\/wp-json\/wp\/v2\/posts\/879\/revisions\/20317"}],"wp:featuredmedia":[{"embeddable":true,"href":"https:\/\/www.kariyer.net\/kariyer-rehberi\/wp-json\/wp\/v2\/media\/4145"}],"wp:attachment":[{"href":"https:\/\/www.kariyer.net\/kariyer-rehberi\/wp-json\/wp\/v2\/media?parent=879"}],"wp:term":[{"taxonomy":"category","embeddable":true,"href":"https:\/\/www.kariyer.net\/kariyer-rehberi\/wp-json\/wp\/v2\/categories?post=879"},{"taxonomy":"post_tag","embeddable":true,"href":"https:\/\/www.kariyer.net\/kariyer-rehberi\/wp-json\/wp\/v2\/tags?post=879"}],"curies":[{"name":"wp","href":"https:\/\/api.w.org\/{rel}","templated":true}]}}