{"id":897,"date":"2012-11-30T02:00:00","date_gmt":"2012-11-30T00:00:00","guid":{"rendered":"http:\/\/92.45.35.169\/depresyon-issizlik-suresinin-uzamasina-yol-aciyor\/"},"modified":"2024-07-03T14:53:29","modified_gmt":"2024-07-03T11:53:29","slug":"depresyon-issizlik-suresinin-uzamasina-yol-aciyor","status":"publish","type":"post","link":"https:\/\/www.kariyer.net\/kariyer-rehberi\/depresyon-issizlik-suresinin-uzamasina-yol-aciyor\/","title":{"rendered":"Depresyon i\u015fsizlik s\u00fcresinin uzamas\u0131na yol a\u00e7\u0131yor"},"content":{"rendered":"<p><strong>Avrupa Depresyon Birli\u011fi&#8217;nin Eyl\u00fcl 2012\u2019de 7000&#8217;den fazla ki\u015fiyle yapt\u0131\u011f\u0131 ankete g\u00f6re her 10 \u00e7al\u0131\u015fandan biri depresyon nedeniyle i\u015fe gidemiyor. Anketin en \u00e7arp\u0131c\u0131 sonucu ise depresyon i\u015fsizlik s\u00fcresini uzat\u0131yor.<\/strong><\/p>\n<p><img decoding=\"async\" style=\"margin: 10px; width: 213px; float: left; height: 200px;\" alt=\"\" src=\"http:\/\/img1.kariyer.net\/WebSite\/uploads\/KariyerRehberi\/pictures\/Prof. Dr. Nesrin Dilbazi\u00e7(1).jpg\" \/><\/p>\n<p>Avrupa Depresyon Derne\u011fi (EDA), Avrupa \u00e7ap\u0131nda \u00e7al\u0131\u015fan veya y\u00f6netici konumunda g\u00f6rev alan veya son 12 ay i\u00e7erisinde \u00e7al\u0131\u015fan veya y\u00f6netici konumunda g\u00f6rev alm\u0131\u015f 16-64 ya\u015f aras\u0131 7065 yeti\u015fkinle yap\u0131lan Avrupa\u2019daki \u0130\u015fyerlerinde Depresyonun Etkilerinin Denetimi (IDEA) anketine g\u00f6re, ankete kat\u0131lan her 10 \u00e7al\u0131\u015fandan biri depresyon nedeniyle i\u015fe gitmiyor. Depresyon nedeniyle i\u015fe gelmeyen \u00e7al\u0131\u015fanlar\u0131n oran\u0131n\u0131n bu kadar y\u00fcksek olmas\u0131na ra\u011fmen, depresyondaki her d\u00f6rt ki\u015fiden biri i\u015fverenine depresyon ge\u00e7irdi\u011fini s\u00f6ylemedi\u011fini bildiriyor. Bunlar\u0131n \u00fc\u00e7te biri, mevcut ekonomik ortamda b\u00f6yle bir durumun i\u015flerini tehlikeye ataca\u011f\u0131n\u0131 hissettiklerini s\u00f6yl\u00fcyor.<\/p>\n<p><strong>En \u00e7ok ofis \u00e7al\u0131\u015fanlar\u0131 ya\u015f\u0131yor<\/strong><br \/>\nT\u00fckenmi\u015fli\u011fin pek \u00e7ok sebebi oldu\u011funu anlatan Psikiyatr Uzman\u0131 Prof. Dr. Nesrin Dilbaz, bu durumun ev han\u0131mlar\u0131ndan \u00e7ok ofis \u00e7al\u0131\u015fanlar\u0131nda, i\u015f y\u00fck\u00fc ve sorumluluklar\u0131 fazla olan ki\u015filerde g\u00f6r\u00fclebildi\u011fini s\u00f6yl\u00fcyor. Depresyon belirtilerinin fark\u0131na var\u0131ld\u0131\u011f\u0131 zaman bir \u015fey yapmaman\u0131n durumu daha da k\u00f6t\u00fcle\u015ftirece\u011fi konusunda uyaran Prof. Dr. Dilbaz, \u015fu tavsiyelerde bulunuyor: \u201cE\u011fer hayat\u0131n\u0131z\u0131 eski dengesine kavu\u015fturmak istiyorsan\u0131z, depresyondan korunmak i\u00e7in bug\u00fcn bir \u015feyler yap\u0131n. Stresle ba\u015f etmeyi \u00f6\u011frenmeye \u00e7al\u0131\u015f\u0131n.\u201d \u0130\u015f arama s\u00fcrecinin de \u00e7ok stresli olmas\u0131 nedeniyle bu s\u00fcre\u00e7teki ki\u015filerde ruhsal hastal\u0131klara s\u0131k rastland\u0131\u011f\u0131n\u0131 dile getiren Nesrin Dilbaz, \u201c\u0130\u015fsiz ki\u015filerin aileleri ve arkada\u015flar\u0131 depresyonun uyar\u0131c\u0131 i\u015fareti olan mutsuzluk, enerji azl\u0131\u011f\u0131, uykusuzluk ve huzursuzluk gibi belirtiler konusunda dikkatli olmal\u0131d\u0131rlar\u201d tavsiyesini veriyor.<\/p>\n<p><strong>\u00c7al\u0131\u015fan neden depresyona girer?<\/strong><br \/>\n\u2022\u00a0\u00a0 \u00a0A\u015f\u0131r\u0131 veya yetersiz i\u015f y\u00fck\u00fc ve zaman bask\u0131s\u0131<br \/>\n\u2022\u00a0\u00a0 \u00a0Tek d\u00fcze \u00e7al\u0131\u015fma ve monotonluk<br \/>\n\u2022\u00a0\u00a0 \u00a0\u00c7al\u0131\u015fma ko\u015fullar\u0131n\u0131n sa\u011fl\u0131ks\u0131z olmas\u0131<br \/>\n\u2022\u00a0\u00a0 \u00a0Vardiyal\u0131 \u00e7al\u0131\u015fma ve fazla mesai<br \/>\n\u2022\u00a0\u00a0 \u00a0Yetki ve sorumluluk hatalar\u0131<br \/>\n\u2022\u00a0\u00a0 \u00a0\u00c7al\u0131\u015fanlar\u0131n kararlara kat\u0131lmas\u0131n\u0131n olmamas\u0131 veya \u00e7ok az olmas\u0131<br \/>\n\u2022\u00a0\u00a0 \u00a0Adil olmayan \u00fccretler<br \/>\n\u2022\u00a0\u00a0 \u00a0Mobbing<\/p>\n<p><strong>Depresyona yakalanmadan \u00f6nleminizi al\u0131n!<\/strong><img decoding=\"async\" style=\"margin: 10px; width: 301px; float: right; height: 200px;\" alt=\"\" src=\"http:\/\/img1.kariyer.net\/WebSite\/uploads\/KariyerRehberi\/pictures\/depresyoni\u00e7(1).jpg\" \/><br \/>\n\u2022\u00a0\u00a0 \u00a0Uyan\u0131r uyanmaz yataktan f\u0131rlamak yerine en az 15 dakikan\u0131z\u0131 rahatlama ve gerilme egzersizleri yapmaya ay\u0131r\u0131n.<br \/>\n\u2022\u00a0\u00a0 \u00a0Sorunlara bak\u0131\u015f\u0131n\u0131 de\u011fi\u015ftirin.<br \/>\n\u2022\u00a0\u00a0 \u00a0Kendinize a\u015f\u0131r\u0131 y\u00fcklenmeyin. \u2018Hay\u0131r\u2019 demeyi \u00f6\u011frenin.<br \/>\n\u2022\u00a0\u00a0 \u00a0Her g\u00fcn i\u00e7in \u00e7evrimd\u0131\u015f\u0131 olaca\u011f\u0131n\u0131z bir s\u00fcre belirleyin. Diz\u00fcst\u00fc bilgisayar\u0131n\u0131zdan uzakla\u015f\u0131n, telefonunuzu kapat\u0131n ve maillerinizi kontrol etmekten vazge\u00e7in.<br \/>\n\u2022\u00a0\u00a0 \u00a0Yeni bir \u015feyler deneyin.<br \/>\n\u2022\u00a0\u00a0 \u00a0D\u00fczenli bir hobinizi s\u00fcrd\u00fcr\u00fcn ya da e\u011flenceli bir proje se\u00e7in.<br \/>\n\u2022\u00a0\u00a0 \u00a0\u0130\u015finizle alakas\u0131 olmayan birka\u00e7 aktivite se\u00e7in.<br \/>\n\u2022\u00a0\u00a0 \u00a0G\u00fclmeye zaman ay\u0131r\u0131n, g\u00fclen insan hasta olmaz.<br \/>\n\u2022\u00a0\u00a0 \u00a0Yapamam de\u011fil deneyeyim deyin<br \/>\n\u2022\u00a0\u00a0 \u00a0Zaman\u0131 y\u00f6netmeyi \u00f6\u011frenin<br \/>\n\u2022\u00a0\u00a0 \u00a0Hedeflerinizi belirleyin<br \/>\n\u2022\u00a0\u00a0 \u00a0S\u0131k\u0131nt\u0131lar\u0131n\u0131z\u0131 yak\u0131nlar\u0131n\u0131zla payla\u015f\u0131n<\/p>\n<!-- templates\/buttons-placeholder.php -->\n<div class=\"da-reactions-outer TpostID897\">\n\t    <div class=\"da-reactions-data da-reactions-container-async center\"\n         data-type=\"post\"\n         data-id=\"897\"\n         id=\"da-reactions-slot-post-897\">\n        <div class=\"da-reactions-static\">\n\t\t\t<img src=\"https:\/\/www.kariyer.net\/kariyer-rehberi\/wp-content\/plugins\/da-reactions\/assets\/dist\/loading.svg\" alt=\"Loading spinner\" width=\"48\" height=\"48\" style=\"width:48px\" \/>\n        <\/div>\n    <\/div>\n<\/div>\n","protected":false},"excerpt":{"rendered":"<p>Avrupa Depresyon Birli\u011fi&#8217;nin Eyl\u00fcl 2012\u2019de 7000&#8217;den fazla ki\u015fiyle yapt\u0131\u011f\u0131 ankete g\u00f6re her 10 \u00e7al\u0131\u015fandan biri depresyon nedeniyle i\u015fe gidemiyor. Anketin en \u00e7arp\u0131c\u0131 sonucu ise depresyon i\u015fsizlik s\u00fcresini uzat\u0131yor. Avrupa Depresyon Derne\u011fi (EDA), Avrupa \u00e7ap\u0131nda \u00e7al\u0131\u015fan veya y\u00f6netici konumunda g\u00f6rev alan veya son 12 ay i\u00e7erisinde \u00e7al\u0131\u015fan veya y\u00f6netici konumunda g\u00f6rev alm\u0131\u015f 16-64 ya\u015f aras\u0131 7065 [&hellip;]<\/p>\n<!-- templates\/buttons-placeholder.php -->\n<div class=\"da-reactions-outer TpostID897\">\n\t    <div class=\"da-reactions-data da-reactions-container-async center\"\n         data-type=\"post\"\n         data-id=\"897\"\n         id=\"da-reactions-slot-post-897\">\n        <div class=\"da-reactions-static\">\n\t\t\t<img src=\"https:\/\/www.kariyer.net\/kariyer-rehberi\/wp-content\/plugins\/da-reactions\/assets\/dist\/loading.svg\" alt=\"Loading spinner\" width=\"48\" height=\"48\" style=\"width:48px\" \/>\n        <\/div>\n    <\/div>\n<\/div>\n","protected":false},"author":6,"featured_media":4052,"comment_status":"open","ping_status":"open","sticky":false,"template":"","format":"standard","meta":{"footnotes":"","_elementor_edit_mode":"","_elementor_template_type":"","_elementor_data":"","_elementor_page_settings":null,"_elementor_conditions":[]},"categories":[2203],"tags":[],"class_list":{"0":"post-897","1":"post","2":"type-post","3":"status-publish","4":"format-standard","5":"has-post-thumbnail","7":"category-haberler-duyurular"},"yoast_head":"<!-- This site is optimized with the Yoast SEO Premium plugin v21.4 (Yoast SEO v27.0) - https:\/\/yoast.com\/product\/yoast-seo-premium-wordpress\/ -->\n<title>Depresyon i\u015fsizlik s\u00fcresinin uzamas\u0131na yol a\u00e7\u0131yor | Kariyer Rehberi<\/title>\n<meta name=\"description\" content=\"Avrupa Depresyon Birli\u011fi&#039;nin Eyl\u00fcl 2012\u2019de 7000&#039;den fazla ki\u015fiyle yapt\u0131\u011f\u0131 ankete g\u00f6re her 10 \u00e7al\u0131\u015fandan biri depresyon nedeniyle i\u015fe gidemiyor. Anketin en\" \/>\n<meta name=\"robots\" content=\"index, follow, max-snippet:-1, max-image-preview:large, max-video-preview:-1\" \/>\n<link rel=\"canonical\" href=\"https:\/\/www.kariyer.net\/kariyer-rehberi\/depresyon-issizlik-suresinin-uzamasina-yol-aciyor\/\" \/>\n<meta property=\"og:locale\" content=\"tr_TR\" \/>\n<meta property=\"og:type\" content=\"article\" \/>\n<meta property=\"og:title\" content=\"Depresyon i\u015fsizlik s\u00fcresinin uzamas\u0131na yol a\u00e7\u0131yor\" \/>\n<meta property=\"og:description\" content=\"Avrupa Depresyon Birli\u011fi&#039;nin Eyl\u00fcl 2012\u2019de 7000&#039;den fazla ki\u015fiyle yapt\u0131\u011f\u0131 ankete g\u00f6re her 10 \u00e7al\u0131\u015fandan biri depresyon nedeniyle i\u015fe gidemiyor. Anketin en\" \/>\n<meta property=\"og:url\" content=\"https:\/\/www.kariyer.net\/kariyer-rehberi\/depresyon-issizlik-suresinin-uzamasina-yol-aciyor\/\" \/>\n<meta property=\"og:site_name\" content=\"Kariyer Rehberi\" \/>\n<meta property=\"article:published_time\" content=\"2012-11-30T00:00:00+00:00\" \/>\n<meta property=\"article:modified_time\" content=\"2024-07-03T11:53:29+00:00\" \/>\n<meta property=\"og:image\" content=\"https:\/\/www.kariyer.net\/kariyer-rehberi\/wp-content\/uploads\/2012\/11\/nesrindilbaz.jpg\" \/>\n\t<meta property=\"og:image:width\" content=\"290\" \/>\n\t<meta property=\"og:image:height\" content=\"150\" \/>\n\t<meta property=\"og:image:type\" content=\"image\/jpeg\" \/>\n<meta name=\"author\" content=\"Merve Tun\u00e7er\" \/>\n<meta name=\"twitter:card\" content=\"summary_large_image\" \/>\n<meta name=\"twitter:label1\" content=\"Yazan:\" \/>\n\t<meta name=\"twitter:data1\" content=\"Merve Tun\u00e7er\" \/>\n\t<meta name=\"twitter:label2\" content=\"Tahmini okuma s\u00fcresi\" \/>\n\t<meta name=\"twitter:data2\" content=\"3 dakika\" \/>\n<!-- \/ Yoast SEO Premium plugin. -->","yoast_head_json":{"title":"Depresyon i\u015fsizlik s\u00fcresinin uzamas\u0131na yol a\u00e7\u0131yor | Kariyer Rehberi","description":"Avrupa Depresyon Birli\u011fi'nin Eyl\u00fcl 2012\u2019de 7000'den fazla ki\u015fiyle yapt\u0131\u011f\u0131 ankete g\u00f6re her 10 \u00e7al\u0131\u015fandan biri depresyon nedeniyle i\u015fe gidemiyor. Anketin en","robots":{"index":"index","follow":"follow","max-snippet":"max-snippet:-1","max-image-preview":"max-image-preview:large","max-video-preview":"max-video-preview:-1"},"canonical":"https:\/\/www.kariyer.net\/kariyer-rehberi\/depresyon-issizlik-suresinin-uzamasina-yol-aciyor\/","og_locale":"tr_TR","og_type":"article","og_title":"Depresyon i\u015fsizlik s\u00fcresinin uzamas\u0131na yol a\u00e7\u0131yor","og_description":"Avrupa Depresyon Birli\u011fi'nin Eyl\u00fcl 2012\u2019de 7000'den fazla ki\u015fiyle yapt\u0131\u011f\u0131 ankete g\u00f6re her 10 \u00e7al\u0131\u015fandan biri depresyon nedeniyle i\u015fe gidemiyor. Anketin en","og_url":"https:\/\/www.kariyer.net\/kariyer-rehberi\/depresyon-issizlik-suresinin-uzamasina-yol-aciyor\/","og_site_name":"Kariyer Rehberi","article_published_time":"2012-11-30T00:00:00+00:00","article_modified_time":"2024-07-03T11:53:29+00:00","og_image":[{"width":290,"height":150,"url":"https:\/\/www.kariyer.net\/kariyer-rehberi\/wp-content\/uploads\/2012\/11\/nesrindilbaz.jpg","type":"image\/jpeg"}],"author":"Merve Tun\u00e7er","twitter_card":"summary_large_image","twitter_misc":{"Yazan:":"Merve Tun\u00e7er","Tahmini okuma s\u00fcresi":"3 dakika"},"schema":{"@context":"https:\/\/schema.org","@graph":[{"@type":"Article","@id":"https:\/\/www.kariyer.net\/kariyer-rehberi\/depresyon-issizlik-suresinin-uzamasina-yol-aciyor\/#article","isPartOf":{"@id":"https:\/\/www.kariyer.net\/kariyer-rehberi\/depresyon-issizlik-suresinin-uzamasina-yol-aciyor\/"},"author":{"name":"Merve Tun\u00e7er","@id":"https:\/\/www.kariyer.net\/kariyer-rehberi\/#\/schema\/person\/0a1b137f53ff777a71394484346c28a1"},"headline":"Depresyon i\u015fsizlik s\u00fcresinin uzamas\u0131na yol a\u00e7\u0131yor","datePublished":"2012-11-30T00:00:00+00:00","dateModified":"2024-07-03T11:53:29+00:00","mainEntityOfPage":{"@id":"https:\/\/www.kariyer.net\/kariyer-rehberi\/depresyon-issizlik-suresinin-uzamasina-yol-aciyor\/"},"wordCount":511,"commentCount":0,"publisher":{"@id":"https:\/\/www.kariyer.net\/kariyer-rehberi\/#organization"},"image":{"@id":"https:\/\/www.kariyer.net\/kariyer-rehberi\/depresyon-issizlik-suresinin-uzamasina-yol-aciyor\/#primaryimage"},"thumbnailUrl":"https:\/\/www.kariyer.net\/kariyer-rehberi\/wp-content\/uploads\/2012\/11\/nesrindilbaz.jpg","articleSection":["Haberler ve Duyurular"],"inLanguage":"tr","potentialAction":[{"@type":"CommentAction","name":"Comment","target":["https:\/\/www.kariyer.net\/kariyer-rehberi\/depresyon-issizlik-suresinin-uzamasina-yol-aciyor\/#respond"]}]},{"@type":"WebPage","@id":"https:\/\/www.kariyer.net\/kariyer-rehberi\/depresyon-issizlik-suresinin-uzamasina-yol-aciyor\/","url":"https:\/\/www.kariyer.net\/kariyer-rehberi\/depresyon-issizlik-suresinin-uzamasina-yol-aciyor\/","name":"Depresyon i\u015fsizlik s\u00fcresinin uzamas\u0131na yol a\u00e7\u0131yor | Kariyer Rehberi","isPartOf":{"@id":"https:\/\/www.kariyer.net\/kariyer-rehberi\/#website"},"primaryImageOfPage":{"@id":"https:\/\/www.kariyer.net\/kariyer-rehberi\/depresyon-issizlik-suresinin-uzamasina-yol-aciyor\/#primaryimage"},"image":{"@id":"https:\/\/www.kariyer.net\/kariyer-rehberi\/depresyon-issizlik-suresinin-uzamasina-yol-aciyor\/#primaryimage"},"thumbnailUrl":"https:\/\/www.kariyer.net\/kariyer-rehberi\/wp-content\/uploads\/2012\/11\/nesrindilbaz.jpg","datePublished":"2012-11-30T00:00:00+00:00","dateModified":"2024-07-03T11:53:29+00:00","description":"Avrupa Depresyon Birli\u011fi'nin Eyl\u00fcl 2012\u2019de 7000'den fazla ki\u015fiyle yapt\u0131\u011f\u0131 ankete g\u00f6re her 10 \u00e7al\u0131\u015fandan biri depresyon nedeniyle i\u015fe gidemiyor. Anketin en","breadcrumb":{"@id":"https:\/\/www.kariyer.net\/kariyer-rehberi\/depresyon-issizlik-suresinin-uzamasina-yol-aciyor\/#breadcrumb"},"inLanguage":"tr","potentialAction":[{"@type":"ReadAction","target":["https:\/\/www.kariyer.net\/kariyer-rehberi\/depresyon-issizlik-suresinin-uzamasina-yol-aciyor\/"]}]},{"@type":"ImageObject","inLanguage":"tr","@id":"https:\/\/www.kariyer.net\/kariyer-rehberi\/depresyon-issizlik-suresinin-uzamasina-yol-aciyor\/#primaryimage","url":"https:\/\/www.kariyer.net\/kariyer-rehberi\/wp-content\/uploads\/2012\/11\/nesrindilbaz.jpg","contentUrl":"https:\/\/www.kariyer.net\/kariyer-rehberi\/wp-content\/uploads\/2012\/11\/nesrindilbaz.jpg","width":290,"height":150},{"@type":"BreadcrumbList","@id":"https:\/\/www.kariyer.net\/kariyer-rehberi\/depresyon-issizlik-suresinin-uzamasina-yol-aciyor\/#breadcrumb","itemListElement":[{"@type":"ListItem","position":1,"name":"Anasayfa","item":"https:\/\/www.kariyer.net\/kariyer-rehberi\/"},{"@type":"ListItem","position":2,"name":"Depresyon i\u015fsizlik s\u00fcresinin uzamas\u0131na yol a\u00e7\u0131yor"}]},{"@type":"WebSite","@id":"https:\/\/www.kariyer.net\/kariyer-rehberi\/#website","url":"https:\/\/www.kariyer.net\/kariyer-rehberi\/","name":"Kariyer Rehberi","description":"\u0130\u015f D\u00fcnyas\u0131yla \u0130lgili Bilmek \u0130stedi\u011finiz Her \u015eey","publisher":{"@id":"https:\/\/www.kariyer.net\/kariyer-rehberi\/#organization"},"potentialAction":[{"@type":"SearchAction","target":{"@type":"EntryPoint","urlTemplate":"https:\/\/www.kariyer.net\/kariyer-rehberi\/?s={search_term_string}"},"query-input":{"@type":"PropertyValueSpecification","valueRequired":true,"valueName":"search_term_string"}}],"inLanguage":"tr"},{"@type":"Organization","@id":"https:\/\/www.kariyer.net\/kariyer-rehberi\/#organization","name":"Kariyer.net","url":"https:\/\/www.kariyer.net\/kariyer-rehberi\/","logo":{"@type":"ImageObject","inLanguage":"tr","@id":"https:\/\/www.kariyer.net\/kariyer-rehberi\/#\/schema\/logo\/image\/","url":"https:\/\/www.kariyer.net\/kariyer-rehberi-new\/wp-content\/uploads\/2023\/01\/og-image11.jpg","contentUrl":"https:\/\/www.kariyer.net\/kariyer-rehberi-new\/wp-content\/uploads\/2023\/01\/og-image11.jpg","width":800,"height":800,"caption":"Kariyer.net"},"image":{"@id":"https:\/\/www.kariyer.net\/kariyer-rehberi\/#\/schema\/logo\/image\/"}},{"@type":"Person","@id":"https:\/\/www.kariyer.net\/kariyer-rehberi\/#\/schema\/person\/0a1b137f53ff777a71394484346c28a1","name":"Merve Tun\u00e7er","image":{"@type":"ImageObject","inLanguage":"tr","@id":"https:\/\/www.kariyer.net\/kariyer-rehberi\/#\/schema\/person\/image\/","url":"https:\/\/secure.gravatar.com\/avatar\/f901bc11e2b7a88ba6f6ba817ccc4d8f7782f16694472c26fd2664737093f4f2?s=96&d=mm&r=g","contentUrl":"https:\/\/secure.gravatar.com\/avatar\/f901bc11e2b7a88ba6f6ba817ccc4d8f7782f16694472c26fd2664737093f4f2?s=96&d=mm&r=g","caption":"Merve Tun\u00e7er"},"description":"Kad\u0131k\u00f6y Anadolu Lisesi\u2019nin ard\u0131ndan diplomat olma hayaliyle girdi\u011fi Marmara \u00dcniversitesi Frans\u0131zca Siyaset Bilimi ve Kamu Y\u00f6netimi B\u00f6l\u00fcm\u00fc\u2019nde e\u011fitimine devam ederken gazetecilik mesle\u011fine g\u00f6nl\u00fcn\u00fc kapt\u0131rd\u0131. \u201cT\u00fcrkiye\u2019de ve Fransa\u2019da Gazeteci Kimli\u011fi Sorunu\u201d konulu tezini yazarken \u00e7al\u0131\u015fmaya ba\u015flad\u0131\u011f\u0131 ajansta gazetecili\u011fe ad\u0131m att\u0131.","sameAs":["http:\/\/www.kariyer.net\/kariyer-rehberi\/merve-tuncer\/"],"url":"https:\/\/www.kariyer.net\/kariyer-rehberi\/author\/merve-tuncer\/"}]}},"_links":{"self":[{"href":"https:\/\/www.kariyer.net\/kariyer-rehberi\/wp-json\/wp\/v2\/posts\/897","targetHints":{"allow":["GET"]}}],"collection":[{"href":"https:\/\/www.kariyer.net\/kariyer-rehberi\/wp-json\/wp\/v2\/posts"}],"about":[{"href":"https:\/\/www.kariyer.net\/kariyer-rehberi\/wp-json\/wp\/v2\/types\/post"}],"author":[{"embeddable":true,"href":"https:\/\/www.kariyer.net\/kariyer-rehberi\/wp-json\/wp\/v2\/users\/6"}],"replies":[{"embeddable":true,"href":"https:\/\/www.kariyer.net\/kariyer-rehberi\/wp-json\/wp\/v2\/comments?post=897"}],"version-history":[{"count":1,"href":"https:\/\/www.kariyer.net\/kariyer-rehberi\/wp-json\/wp\/v2\/posts\/897\/revisions"}],"predecessor-version":[{"id":18728,"href":"https:\/\/www.kariyer.net\/kariyer-rehberi\/wp-json\/wp\/v2\/posts\/897\/revisions\/18728"}],"wp:featuredmedia":[{"embeddable":true,"href":"https:\/\/www.kariyer.net\/kariyer-rehberi\/wp-json\/wp\/v2\/media\/4052"}],"wp:attachment":[{"href":"https:\/\/www.kariyer.net\/kariyer-rehberi\/wp-json\/wp\/v2\/media?parent=897"}],"wp:term":[{"taxonomy":"category","embeddable":true,"href":"https:\/\/www.kariyer.net\/kariyer-rehberi\/wp-json\/wp\/v2\/categories?post=897"},{"taxonomy":"post_tag","embeddable":true,"href":"https:\/\/www.kariyer.net\/kariyer-rehberi\/wp-json\/wp\/v2\/tags?post=897"}],"curies":[{"name":"wp","href":"https:\/\/api.w.org\/{rel}","templated":true}]}}