{"id":898,"date":"2012-11-30T02:00:00","date_gmt":"2012-11-30T00:00:00","guid":{"rendered":"http:\/\/92.45.35.169\/tecrube-yas-ve-okulun-onune-geciyor\/"},"modified":"2024-07-03T14:53:30","modified_gmt":"2024-07-03T11:53:30","slug":"tecrube-yas-ve-okulun-onune-geciyor","status":"publish","type":"post","link":"https:\/\/www.kariyer.net\/kariyer-rehberi\/tecrube-yas-ve-okulun-onune-geciyor\/","title":{"rendered":"Tecr\u00fcbe ya\u015f ve okulun \u00f6n\u00fcne ge\u00e7iyor"},"content":{"rendered":"<p><strong>\u00c7al\u0131\u015fanlar ve insan kaynaklar\u0131 profesyonellerinin kat\u0131l\u0131m\u0131yla ger\u00e7ekle\u015fen yeni bir ara\u015ft\u0131rma ofisteki ya\u015f farkl\u0131l\u0131klar\u0131n\u0131 mercek alt\u0131na ald\u0131. Ara\u015ft\u0131rman\u0131n sonu\u00e7lar\u0131 her ge\u00e7en g\u00fcn gen\u00e7 \u00e7al\u0131\u015fanlar\u0131n kendisinden ya\u015f\u00e7a b\u00fcy\u00fck \u00e7al\u0131\u015fanlar\u0131 y\u00f6netmeye ba\u015flad\u0131\u011f\u0131 ortaya konuyor.<\/strong><br \/>\nCareerBuilder, yapt\u0131\u011f\u0131 bir ara\u015ft\u0131rmas\u0131 ofislerdeki ya\u015f farklar\u0131n\u0131 mercek alt\u0131na ald\u0131. Ara\u015ft\u0131rman\u0131n sonu\u00e7lar\u0131 aras\u0131nda her ge\u00e7en g\u00fcn gen\u00e7 \u00e7al\u0131\u015fanlar\u0131n kendisinden ya\u015f\u00e7a b\u00fcy\u00fck \u00e7al\u0131\u015fanlar\u0131 y\u00f6netmeye ba\u015flad\u0131\u011f\u0131 ortaya konuyor. 3800 \u00e7al\u0131\u015fan ve 2200 insan kaynaklar\u0131 profesyoneli aras\u0131nda yap\u0131lan \u00e7al\u0131\u015fmada, kat\u0131l\u0131mc\u0131lar\u0131n y\u00fczde 34\u2019\u00fc kendinden ya\u015f\u00e7a daha gen\u00e7 bir y\u00f6neticiyle \u00e7al\u0131\u015ft\u0131\u011f\u0131n\u0131 s\u00f6yledi. Y\u00fczde 15\u2019i ise en az 10 ya\u015f gen\u00e7 bir y\u00f6neticisi var.\u00a0 25-34 ile 55 ve \u00fcst\u00fc iki gruba ileti\u015fim, \u00e7al\u0131\u015fma sistemleri ve kariyer avantajlar\u0131 ile ilgili sorular soruldu. Uzmanlar i\u015f hayat\u0131nda ya\u015f fark\u0131 ilk bak\u0131\u015fta sorun kayna\u011f\u0131 gibi g\u00f6z\u00fckse de asl\u0131nda birbirini tamamlayan \u00f6nemli bir unsur olarak yorumluyor.<br \/>\n<strong><img decoding=\"async\" style=\"margin: 10px; width: 200px; float: left; height: 301px;\" alt=\"\" src=\"http:\/\/img1.kariyer.net\/WebSite\/uploads\/KariyerRehberi\/pictures\/Mehmet Erkan\u0130\u00c7(4).JPG\" \/>\u0130lk y\u00f6neticilik deneyiminde sorun olabiliyor<\/strong><br \/>\n\u201cKendinden ya\u015f\u00e7a b\u00fcy\u00fck birini y\u00f6netmek genelde gen\u00e7 \u00e7al\u0131\u015fanlar\u0131n kariyerlerinin ilk y\u00f6neticilik a\u015famas\u0131nda ya\u015fad\u0131\u011f\u0131 bir problem. Ya\u015f ve bitirilen okul asl\u0131nda \u00e7al\u0131\u015fma hayat\u0131n\u0131n ilk 8-10 y\u0131l\u0131nda \u00f6nemli. Ya da en az\u0131ndan insanlar ve \u015firketler bu tecr\u00fcbe ve 30-35 ya\u015f e\u015fi\u011finden sonra \u00e7al\u0131\u015fan\u0131n ya\u015f\u0131na ve okuluna tak\u0131lm\u0131yor\u201d diyen Mehmet Erkan, 8-10 y\u0131ll\u0131k tecr\u00fcbe sonras\u0131nda ilk s\u0131rada ki\u015finin kimli\u011fi ve referans\u0131n\u0131n geldi\u011fini belirtiyor. Mehmet Erkan\u2019a g\u00f6re, kimse bug\u00fcn yeni bir y\u00f6netici atand\u0131\u011f\u0131nda o ki\u015finin ya\u015f\u0131na, okuluna tak\u0131lm\u0131yor. \u00d6nemli olan daha \u00f6nce \u00e7al\u0131\u015ft\u0131\u011f\u0131 yerler ve ba\u015far\u0131lar\u0131 oluyor.\u00a0 Mehmet Erkan, gen\u00e7 y\u00f6neticilerin s\u0131kl\u0131kla d\u00fc\u015ft\u00fc\u011f\u00fc hatan\u0131n kendinden ya\u015f\u0131 b\u00fcy\u00fck \u00e7al\u0131\u015fan\u0131na \u201cabi-abla\u201d \u00fcslubunda yakla\u015f\u0131p \u201ctecr\u00fcbelerine sayg\u0131 duyuyorum, sana y\u00f6neticilik yapmak istemiyorum\u201d mesaj\u0131 vermek oldu\u011funu belirtiyor.<br \/>\n<strong>Ya\u015f fark\u0131n\u0131 avantaja d\u00f6n\u00fc\u015ft\u00fcr\u00fcn<\/strong><br \/>\nAra\u015ft\u0131rma hem 25-34 ya\u015f grubunun hem de 55 ve \u00fcst\u00fc ya\u015f grubunun y\u00fcz y\u00fcze ileti\u015fimi tercih etti\u011fini ancak kat\u0131l\u0131mc\u0131lar\u0131n y\u00fczde 35\u2019inin mail ile ileti\u015fime de s\u0131cak bakt\u0131\u011f\u0131n\u0131 ortaya koyuyor. 25-34 ya\u015f aras\u0131 grup i\u015f yap\u0131\u015f noktas\u0131nda daha h\u0131zl\u0131, pratik, kontrols\u00fcz, teknolojiye g\u00fcvenen, rahat iken; 55 ya\u015f ve \u00fcst\u00fc grup daha manuel, a\u015f\u0131r\u0131 kontrolc\u00fc, gergin ve kendinden emin olabiliyor. Mehmet Erkan, i\u015f hayat\u0131nda ya\u015f fark\u0131n\u0131, sorun kayna\u011f\u0131 gibi g\u00f6z\u00fckse de asl\u0131nda birbirini tamamlayan \u00f6nemli bir unsur olarak yorumluyor. Erkan\u2019a g\u00f6re ya\u015f fark\u0131 ger\u00e7ekte i\u015fe iki farkl\u0131 bak\u0131\u015f a\u00e7\u0131s\u0131n\u0131n kat\u0131lmas\u0131, zenginlik demek.<br \/>\n<strong>K\u0131dem her \u015fey de\u011fil<\/strong><br \/>\nManpower T\u00fcrkiye Genel M\u00fcd\u00fcr\u00fc Reha Hatipo\u011flu, \u201cYeni nesil y\u00f6neticiler de jenerasyonlar aras\u0131 farkl\u0131l\u0131klar\u0131 ve benzerlikleri iyi anlamal\u0131<img decoding=\"async\" style=\"margin: 10px; width: 200px; float: right; height: 300px;\" alt=\"\" src=\"http:\/\/img1.kariyer.net\/WebSite\/uploads\/KariyerRehberi\/pictures\/REHA_HATIPOGLU_1i\u00e7(4).jpg\" \/> ve esnek y\u00f6netim metodolojileri uygulayarak de\u011fi\u015fik jenerasyonlar\u0131 y\u00f6netmeyi bir avantaja \u00e7evirebilmelidirler\u201d yorumunu yap\u0131yor. \u00d6nyarg\u0131lardan uzak bir ileti\u015fim ortam\u0131 y\u00f6netimdeki ya\u015f veya ku\u015fak fark\u0131ndan do\u011fabilecek sorunlar\u0131 ortadan kald\u0131raca\u011f\u0131n\u0131 savunan Hatipo\u011flu, \u00f6nemli olan\u0131n ortak hedeflere y\u00fcr\u00fcrken kimin nas\u0131l bir katk\u0131da bulunabilece\u011finin belirlenmesi ve adil, \u015feffaf bir \u015fekilde uygulanmas\u0131 oldu\u011funu savunuyor.<br \/>\n<strong>Gen\u00e7 y\u00f6netici, yeni y\u00f6ntemleri \u00f6\u011frenmek i\u00e7in f\u0131rsat!<\/strong><br \/>\n\u00b7\u00a0\u00a0 \u00a0Destek verin, a\u00e7\u0131k ileti\u015fim kurun.<br \/>\n\u00b7\u00a0\u00a0 \u00a0Ters davranarak i\u015fleri zorla\u015ft\u0131rmay\u0131n.<br \/>\n\u00b7\u00a0\u00a0 \u00a0Duygusal tepkiler yerine mant\u0131\u011f\u0131n\u0131z ile hareket edin<br \/>\n\u00b7\u00a0\u00a0 \u00a0Sizden bekleneni sorun, farz etmeyin.<br \/>\n\u00b7\u00a0\u00a0 \u00a0Y\u00f6neticinizin yeni y\u00f6ntemleri, i\u015f yap\u0131\u015f tarzlar\u0131n\u0131 g\u00f6zlemleyin.<\/p>\n<!-- templates\/buttons-placeholder.php -->\n<div class=\"da-reactions-outer TpostID898\">\n\t    <div class=\"da-reactions-data da-reactions-container-async center\"\n         data-type=\"post\"\n         data-id=\"898\"\n         id=\"da-reactions-slot-post-898\">\n        <div class=\"da-reactions-static\">\n\t\t\t<img src=\"https:\/\/www.kariyer.net\/kariyer-rehberi\/wp-content\/plugins\/da-reactions\/assets\/dist\/loading.svg\" alt=\"Loading spinner\" width=\"48\" height=\"48\" style=\"width:48px\" \/>\n        <\/div>\n    <\/div>\n<\/div>\n","protected":false},"excerpt":{"rendered":"<p>\u00c7al\u0131\u015fanlar ve insan kaynaklar\u0131 profesyonellerinin kat\u0131l\u0131m\u0131yla ger\u00e7ekle\u015fen yeni bir ara\u015ft\u0131rma ofisteki ya\u015f farkl\u0131l\u0131klar\u0131n\u0131 mercek alt\u0131na ald\u0131. Ara\u015ft\u0131rman\u0131n sonu\u00e7lar\u0131 her ge\u00e7en g\u00fcn gen\u00e7 \u00e7al\u0131\u015fanlar\u0131n kendisinden ya\u015f\u00e7a b\u00fcy\u00fck \u00e7al\u0131\u015fanlar\u0131 y\u00f6netmeye ba\u015flad\u0131\u011f\u0131 ortaya konuyor. CareerBuilder, yapt\u0131\u011f\u0131 bir ara\u015ft\u0131rmas\u0131 ofislerdeki ya\u015f farklar\u0131n\u0131 mercek alt\u0131na ald\u0131. Ara\u015ft\u0131rman\u0131n sonu\u00e7lar\u0131 aras\u0131nda her ge\u00e7en g\u00fcn gen\u00e7 \u00e7al\u0131\u015fanlar\u0131n kendisinden ya\u015f\u00e7a b\u00fcy\u00fck \u00e7al\u0131\u015fanlar\u0131 y\u00f6netmeye ba\u015flad\u0131\u011f\u0131 [&hellip;]<\/p>\n<!-- templates\/buttons-placeholder.php -->\n<div class=\"da-reactions-outer TpostID898\">\n\t    <div class=\"da-reactions-data da-reactions-container-async center\"\n         data-type=\"post\"\n         data-id=\"898\"\n         id=\"da-reactions-slot-post-898\">\n        <div class=\"da-reactions-static\">\n\t\t\t<img src=\"https:\/\/www.kariyer.net\/kariyer-rehberi\/wp-content\/plugins\/da-reactions\/assets\/dist\/loading.svg\" alt=\"Loading spinner\" width=\"48\" height=\"48\" style=\"width:48px\" \/>\n        <\/div>\n    <\/div>\n<\/div>\n","protected":false},"author":6,"featured_media":3762,"comment_status":"open","ping_status":"open","sticky":false,"template":"","format":"standard","meta":{"footnotes":"","_elementor_edit_mode":"","_elementor_template_type":"","_elementor_data":"","_elementor_page_settings":null,"_elementor_conditions":[]},"categories":[2203],"tags":[],"class_list":{"0":"post-898","1":"post","2":"type-post","3":"status-publish","4":"format-standard","5":"has-post-thumbnail","7":"category-haberler-duyurular"},"yoast_head":"<!-- This site is optimized with the Yoast SEO Premium plugin v21.4 (Yoast SEO v27.0) - https:\/\/yoast.com\/product\/yoast-seo-premium-wordpress\/ -->\n<title>Tecr\u00fcbe ya\u015f ve okulun \u00f6n\u00fcne ge\u00e7iyor | Kariyer Rehberi<\/title>\n<meta name=\"description\" content=\"\u00c7al\u0131\u015fanlar ve insan kaynaklar\u0131 profesyonellerinin kat\u0131l\u0131m\u0131yla ger\u00e7ekle\u015fen yeni bir ara\u015ft\u0131rma ofisteki ya\u015f farkl\u0131l\u0131klar\u0131n\u0131 mercek alt\u0131na ald\u0131. Ara\u015ft\u0131rman\u0131n\" \/>\n<meta name=\"robots\" content=\"index, follow, max-snippet:-1, max-image-preview:large, max-video-preview:-1\" \/>\n<link rel=\"canonical\" href=\"https:\/\/www.kariyer.net\/kariyer-rehberi\/tecrube-yas-ve-okulun-onune-geciyor\/\" \/>\n<meta property=\"og:locale\" content=\"tr_TR\" \/>\n<meta property=\"og:type\" content=\"article\" \/>\n<meta property=\"og:title\" content=\"Tecr\u00fcbe ya\u015f ve okulun \u00f6n\u00fcne ge\u00e7iyor\" \/>\n<meta property=\"og:description\" content=\"\u00c7al\u0131\u015fanlar ve insan kaynaklar\u0131 profesyonellerinin kat\u0131l\u0131m\u0131yla ger\u00e7ekle\u015fen yeni bir ara\u015ft\u0131rma ofisteki ya\u015f farkl\u0131l\u0131klar\u0131n\u0131 mercek alt\u0131na ald\u0131. Ara\u015ft\u0131rman\u0131n\" \/>\n<meta property=\"og:url\" content=\"https:\/\/www.kariyer.net\/kariyer-rehberi\/tecrube-yas-ve-okulun-onune-geciyor\/\" \/>\n<meta property=\"og:site_name\" content=\"Kariyer Rehberi\" \/>\n<meta property=\"article:published_time\" content=\"2012-11-30T00:00:00+00:00\" \/>\n<meta property=\"article:modified_time\" content=\"2024-07-03T11:53:30+00:00\" \/>\n<meta property=\"og:image\" content=\"https:\/\/www.kariyer.net\/kariyer-rehberi\/wp-content\/uploads\/2013\/10\/merkan.jpg\" \/>\n\t<meta property=\"og:image:width\" content=\"600\" \/>\n\t<meta property=\"og:image:height\" content=\"300\" \/>\n\t<meta property=\"og:image:type\" content=\"image\/jpeg\" \/>\n<meta name=\"author\" content=\"Merve Tun\u00e7er\" \/>\n<meta name=\"twitter:card\" content=\"summary_large_image\" \/>\n<meta name=\"twitter:label1\" content=\"Yazan:\" \/>\n\t<meta name=\"twitter:data1\" content=\"Merve Tun\u00e7er\" \/>\n\t<meta name=\"twitter:label2\" content=\"Tahmini okuma s\u00fcresi\" \/>\n\t<meta name=\"twitter:data2\" content=\"3 dakika\" \/>\n<!-- \/ Yoast SEO Premium plugin. -->","yoast_head_json":{"title":"Tecr\u00fcbe ya\u015f ve okulun \u00f6n\u00fcne ge\u00e7iyor | Kariyer Rehberi","description":"\u00c7al\u0131\u015fanlar ve insan kaynaklar\u0131 profesyonellerinin kat\u0131l\u0131m\u0131yla ger\u00e7ekle\u015fen yeni bir ara\u015ft\u0131rma ofisteki ya\u015f farkl\u0131l\u0131klar\u0131n\u0131 mercek alt\u0131na ald\u0131. Ara\u015ft\u0131rman\u0131n","robots":{"index":"index","follow":"follow","max-snippet":"max-snippet:-1","max-image-preview":"max-image-preview:large","max-video-preview":"max-video-preview:-1"},"canonical":"https:\/\/www.kariyer.net\/kariyer-rehberi\/tecrube-yas-ve-okulun-onune-geciyor\/","og_locale":"tr_TR","og_type":"article","og_title":"Tecr\u00fcbe ya\u015f ve okulun \u00f6n\u00fcne ge\u00e7iyor","og_description":"\u00c7al\u0131\u015fanlar ve insan kaynaklar\u0131 profesyonellerinin kat\u0131l\u0131m\u0131yla ger\u00e7ekle\u015fen yeni bir ara\u015ft\u0131rma ofisteki ya\u015f farkl\u0131l\u0131klar\u0131n\u0131 mercek alt\u0131na ald\u0131. Ara\u015ft\u0131rman\u0131n","og_url":"https:\/\/www.kariyer.net\/kariyer-rehberi\/tecrube-yas-ve-okulun-onune-geciyor\/","og_site_name":"Kariyer Rehberi","article_published_time":"2012-11-30T00:00:00+00:00","article_modified_time":"2024-07-03T11:53:30+00:00","og_image":[{"width":600,"height":300,"url":"https:\/\/www.kariyer.net\/kariyer-rehberi\/wp-content\/uploads\/2013\/10\/merkan.jpg","type":"image\/jpeg"}],"author":"Merve Tun\u00e7er","twitter_card":"summary_large_image","twitter_misc":{"Yazan:":"Merve Tun\u00e7er","Tahmini okuma s\u00fcresi":"3 dakika"},"schema":{"@context":"https:\/\/schema.org","@graph":[{"@type":"Article","@id":"https:\/\/www.kariyer.net\/kariyer-rehberi\/tecrube-yas-ve-okulun-onune-geciyor\/#article","isPartOf":{"@id":"https:\/\/www.kariyer.net\/kariyer-rehberi\/tecrube-yas-ve-okulun-onune-geciyor\/"},"author":{"name":"Merve Tun\u00e7er","@id":"https:\/\/www.kariyer.net\/kariyer-rehberi\/#\/schema\/person\/0a1b137f53ff777a71394484346c28a1"},"headline":"Tecr\u00fcbe ya\u015f ve okulun \u00f6n\u00fcne ge\u00e7iyor","datePublished":"2012-11-30T00:00:00+00:00","dateModified":"2024-07-03T11:53:30+00:00","mainEntityOfPage":{"@id":"https:\/\/www.kariyer.net\/kariyer-rehberi\/tecrube-yas-ve-okulun-onune-geciyor\/"},"wordCount":651,"commentCount":0,"publisher":{"@id":"https:\/\/www.kariyer.net\/kariyer-rehberi\/#organization"},"image":{"@id":"https:\/\/www.kariyer.net\/kariyer-rehberi\/tecrube-yas-ve-okulun-onune-geciyor\/#primaryimage"},"thumbnailUrl":"https:\/\/www.kariyer.net\/kariyer-rehberi\/wp-content\/uploads\/2013\/10\/merkan.jpg","articleSection":["Haberler ve Duyurular"],"inLanguage":"tr","potentialAction":[{"@type":"CommentAction","name":"Comment","target":["https:\/\/www.kariyer.net\/kariyer-rehberi\/tecrube-yas-ve-okulun-onune-geciyor\/#respond"]}]},{"@type":"WebPage","@id":"https:\/\/www.kariyer.net\/kariyer-rehberi\/tecrube-yas-ve-okulun-onune-geciyor\/","url":"https:\/\/www.kariyer.net\/kariyer-rehberi\/tecrube-yas-ve-okulun-onune-geciyor\/","name":"Tecr\u00fcbe ya\u015f ve okulun \u00f6n\u00fcne ge\u00e7iyor | Kariyer Rehberi","isPartOf":{"@id":"https:\/\/www.kariyer.net\/kariyer-rehberi\/#website"},"primaryImageOfPage":{"@id":"https:\/\/www.kariyer.net\/kariyer-rehberi\/tecrube-yas-ve-okulun-onune-geciyor\/#primaryimage"},"image":{"@id":"https:\/\/www.kariyer.net\/kariyer-rehberi\/tecrube-yas-ve-okulun-onune-geciyor\/#primaryimage"},"thumbnailUrl":"https:\/\/www.kariyer.net\/kariyer-rehberi\/wp-content\/uploads\/2013\/10\/merkan.jpg","datePublished":"2012-11-30T00:00:00+00:00","dateModified":"2024-07-03T11:53:30+00:00","description":"\u00c7al\u0131\u015fanlar ve insan kaynaklar\u0131 profesyonellerinin kat\u0131l\u0131m\u0131yla ger\u00e7ekle\u015fen yeni bir ara\u015ft\u0131rma ofisteki ya\u015f farkl\u0131l\u0131klar\u0131n\u0131 mercek alt\u0131na ald\u0131. Ara\u015ft\u0131rman\u0131n","breadcrumb":{"@id":"https:\/\/www.kariyer.net\/kariyer-rehberi\/tecrube-yas-ve-okulun-onune-geciyor\/#breadcrumb"},"inLanguage":"tr","potentialAction":[{"@type":"ReadAction","target":["https:\/\/www.kariyer.net\/kariyer-rehberi\/tecrube-yas-ve-okulun-onune-geciyor\/"]}]},{"@type":"ImageObject","inLanguage":"tr","@id":"https:\/\/www.kariyer.net\/kariyer-rehberi\/tecrube-yas-ve-okulun-onune-geciyor\/#primaryimage","url":"https:\/\/www.kariyer.net\/kariyer-rehberi\/wp-content\/uploads\/2013\/10\/merkan.jpg","contentUrl":"https:\/\/www.kariyer.net\/kariyer-rehberi\/wp-content\/uploads\/2013\/10\/merkan.jpg","width":600,"height":300},{"@type":"BreadcrumbList","@id":"https:\/\/www.kariyer.net\/kariyer-rehberi\/tecrube-yas-ve-okulun-onune-geciyor\/#breadcrumb","itemListElement":[{"@type":"ListItem","position":1,"name":"Anasayfa","item":"https:\/\/www.kariyer.net\/kariyer-rehberi\/"},{"@type":"ListItem","position":2,"name":"Tecr\u00fcbe ya\u015f ve okulun \u00f6n\u00fcne ge\u00e7iyor"}]},{"@type":"WebSite","@id":"https:\/\/www.kariyer.net\/kariyer-rehberi\/#website","url":"https:\/\/www.kariyer.net\/kariyer-rehberi\/","name":"Kariyer Rehberi","description":"\u0130\u015f D\u00fcnyas\u0131yla \u0130lgili Bilmek \u0130stedi\u011finiz Her \u015eey","publisher":{"@id":"https:\/\/www.kariyer.net\/kariyer-rehberi\/#organization"},"potentialAction":[{"@type":"SearchAction","target":{"@type":"EntryPoint","urlTemplate":"https:\/\/www.kariyer.net\/kariyer-rehberi\/?s={search_term_string}"},"query-input":{"@type":"PropertyValueSpecification","valueRequired":true,"valueName":"search_term_string"}}],"inLanguage":"tr"},{"@type":"Organization","@id":"https:\/\/www.kariyer.net\/kariyer-rehberi\/#organization","name":"Kariyer.net","url":"https:\/\/www.kariyer.net\/kariyer-rehberi\/","logo":{"@type":"ImageObject","inLanguage":"tr","@id":"https:\/\/www.kariyer.net\/kariyer-rehberi\/#\/schema\/logo\/image\/","url":"https:\/\/www.kariyer.net\/kariyer-rehberi-new\/wp-content\/uploads\/2023\/01\/og-image11.jpg","contentUrl":"https:\/\/www.kariyer.net\/kariyer-rehberi-new\/wp-content\/uploads\/2023\/01\/og-image11.jpg","width":800,"height":800,"caption":"Kariyer.net"},"image":{"@id":"https:\/\/www.kariyer.net\/kariyer-rehberi\/#\/schema\/logo\/image\/"}},{"@type":"Person","@id":"https:\/\/www.kariyer.net\/kariyer-rehberi\/#\/schema\/person\/0a1b137f53ff777a71394484346c28a1","name":"Merve Tun\u00e7er","image":{"@type":"ImageObject","inLanguage":"tr","@id":"https:\/\/www.kariyer.net\/kariyer-rehberi\/#\/schema\/person\/image\/","url":"https:\/\/secure.gravatar.com\/avatar\/f901bc11e2b7a88ba6f6ba817ccc4d8f7782f16694472c26fd2664737093f4f2?s=96&d=mm&r=g","contentUrl":"https:\/\/secure.gravatar.com\/avatar\/f901bc11e2b7a88ba6f6ba817ccc4d8f7782f16694472c26fd2664737093f4f2?s=96&d=mm&r=g","caption":"Merve Tun\u00e7er"},"description":"Kad\u0131k\u00f6y Anadolu Lisesi\u2019nin ard\u0131ndan diplomat olma hayaliyle girdi\u011fi Marmara \u00dcniversitesi Frans\u0131zca Siyaset Bilimi ve Kamu Y\u00f6netimi B\u00f6l\u00fcm\u00fc\u2019nde e\u011fitimine devam ederken gazetecilik mesle\u011fine g\u00f6nl\u00fcn\u00fc kapt\u0131rd\u0131. \u201cT\u00fcrkiye\u2019de ve Fransa\u2019da Gazeteci Kimli\u011fi Sorunu\u201d konulu tezini yazarken \u00e7al\u0131\u015fmaya ba\u015flad\u0131\u011f\u0131 ajansta gazetecili\u011fe ad\u0131m att\u0131.","sameAs":["http:\/\/www.kariyer.net\/kariyer-rehberi\/merve-tuncer\/"],"url":"https:\/\/www.kariyer.net\/kariyer-rehberi\/author\/merve-tuncer\/"}]}},"_links":{"self":[{"href":"https:\/\/www.kariyer.net\/kariyer-rehberi\/wp-json\/wp\/v2\/posts\/898","targetHints":{"allow":["GET"]}}],"collection":[{"href":"https:\/\/www.kariyer.net\/kariyer-rehberi\/wp-json\/wp\/v2\/posts"}],"about":[{"href":"https:\/\/www.kariyer.net\/kariyer-rehberi\/wp-json\/wp\/v2\/types\/post"}],"author":[{"embeddable":true,"href":"https:\/\/www.kariyer.net\/kariyer-rehberi\/wp-json\/wp\/v2\/users\/6"}],"replies":[{"embeddable":true,"href":"https:\/\/www.kariyer.net\/kariyer-rehberi\/wp-json\/wp\/v2\/comments?post=898"}],"version-history":[{"count":1,"href":"https:\/\/www.kariyer.net\/kariyer-rehberi\/wp-json\/wp\/v2\/posts\/898\/revisions"}],"predecessor-version":[{"id":18729,"href":"https:\/\/www.kariyer.net\/kariyer-rehberi\/wp-json\/wp\/v2\/posts\/898\/revisions\/18729"}],"wp:featuredmedia":[{"embeddable":true,"href":"https:\/\/www.kariyer.net\/kariyer-rehberi\/wp-json\/wp\/v2\/media\/3762"}],"wp:attachment":[{"href":"https:\/\/www.kariyer.net\/kariyer-rehberi\/wp-json\/wp\/v2\/media?parent=898"}],"wp:term":[{"taxonomy":"category","embeddable":true,"href":"https:\/\/www.kariyer.net\/kariyer-rehberi\/wp-json\/wp\/v2\/categories?post=898"},{"taxonomy":"post_tag","embeddable":true,"href":"https:\/\/www.kariyer.net\/kariyer-rehberi\/wp-json\/wp\/v2\/tags?post=898"}],"curies":[{"name":"wp","href":"https:\/\/api.w.org\/{rel}","templated":true}]}}