{"id":9020,"date":"2017-05-18T11:40:51","date_gmt":"2017-05-18T08:40:51","guid":{"rendered":"http:\/\/www.kariyer.net\/kariyer-rehberi\/?p=9020"},"modified":"2024-07-03T15:09:24","modified_gmt":"2024-07-03T12:09:24","slug":"mutsuzum-cunku-isimi-sevemiyorum","status":"publish","type":"post","link":"https:\/\/www.kariyer.net\/kariyer-rehberi\/mutsuzum-cunku-isimi-sevemiyorum\/","title":{"rendered":"Mutsuzum, \u00e7\u00fcnk\u00fc i\u015fimi sevemiyorum"},"content":{"rendered":"<p><strong>Bir\u00e7ok \u00e7al\u0131\u015fan, ya i\u015fini kaybetme korkusu ya da \u00fcst\u00fcyle ili\u015fkilerinin bozulmas\u0131 endi\u015fesiyle sorunlar\u0131n\u0131 dile getirmek yerine kendi i\u00e7inde \u00e7\u00f6zmeye \u00e7al\u0131\u015f\u0131yor. T\u00fcm bu nedenler ise ki\u015finin mutsuzlu\u011funu art\u0131r\u0131yor. \u00c7al\u0131\u015fanlar\u0131n bu k\u0131s\u0131r d\u00f6ng\u00fcden \u00e7\u0131kabilmek i\u00e7in ne yapmas\u0131 gerekiyor? Uzman Psikolog Duygu Y\u00fcksel, bu t\u00fcr sorunu olan \u00e7al\u0131\u015fanlara tavsiyelerde bulunuyor.<\/strong><\/p>\n<p>\u00c7evremizde bir\u00e7ok ki\u015fi hayat\u0131n\u0131 idame ettirebilmek ad\u0131na mevcut i\u015f ortam\u0131n\u0131 devam ettiriyor. Ama\u00e7 salt para kazanmak ise i\u015f yerinde mutsuzluk kanser gibi \u00f6nce ruha, sonra bedene, ard\u0131ndan sosyal \u00e7evreyle\u00a0olan ileti\u015fime do\u011fru yay\u0131l\u0131yor. Bu nedenle her ge\u00e7en g\u00fcn mutsuz olarak i\u015fe giden insan say\u0131s\u0131 art\u0131yor ve ki\u015filer aras\u0131 ili\u015fkiler ise bozuluyor. \u00c7al\u0131\u015fanlar\u0131n i\u015fyerinde mutsuz olma nedenleri aras\u0131nda \u015funlar yer al\u0131yor:<\/p>\n<ul>\n<li>\u0130\u015f g\u00fcvencesinin olmay\u0131\u015f\u0131<\/li>\n<li>Mesai saatlerinin \u00e7oklu\u011fu,<\/li>\n<li>Yap\u0131lan mesai \u00fccretinin verilmeyi\u015fi<\/li>\n<li>Sosyal hayat\u0131n her ge\u00e7en g\u00fcn daha da azalmas\u0131<\/li>\n<li>\u0130\u015f ortam\u0131nda ekip ruhunun yakalanamay\u0131\u015f\u0131<\/li>\n<li>Ki\u015fisel \u00e7abalar\u0131n g\u00f6r\u00fclmeyi\u015fi<\/li>\n<li>Bilgi\u00a0 payla\u015f\u0131m\u0131n\u0131n ki\u015filer aras\u0131 olamay\u0131\u015f\u0131, Hak edilen \u00fccretin al\u0131nmay\u0131\u015f<\/li>\n<li>Ki\u015finin kendisini geli\u015ftirmemesi<\/li>\n<li>Ba\u015far\u0131n\u0131n takdir g\u00f6rmemesi<\/li>\n<li>Adil \u00fccretlendirmenin yap\u0131lmay\u0131\u015f\u0131<\/li>\n<li>Sa\u011fl\u0131kl\u0131 \u00e7al\u0131\u015fma ortam\u0131n\u0131n olmay\u0131\u015f\u0131 gibi nedenler yer al\u0131yor.<\/li>\n<\/ul>\n<p>Yap\u0131lan i\u015fe y\u00f6nelik \u00fcstlerden takdir g\u00f6rmek, geli\u015fim sa\u011flayabilmek ad\u0131na olanaklar sunulmas\u0131 bir\u00e7ok \u00e7al\u0131\u015fan i\u00e7in olduk\u00e7a motive edicidir. Ancak motivasyon kaynaklar\u0131 \u00fcstler taraf\u0131ndan kimi zaman \u00f6nemsenmiyor kimi zamansa fark edilemiyor. Bir\u00e7ok \u00e7al\u0131\u015fan, i\u015fini kaybetme korkusundan ya da \u00fcst\u00fc ile ili\u015fkilerinin bozulma endi\u015fesinden \u00f6t\u00fcr\u00fc sorunlar\u0131n\u0131 dile getirmek yerine kendi i\u00e7inde \u00e7\u00f6zmeye \u00e7al\u0131\u015f\u0131yor. T\u00fcm bu nedenler ise ki\u015finin mutsuzlu\u011funu art\u0131yor.<\/p>\n<p><strong>\u00c7al\u0131\u015fan hangi ad\u0131mlar\u0131 atmal\u0131?<\/strong><\/p>\n<p>K\u0131s\u0131r d\u00f6ng\u00fcden \u00e7\u0131kabilmek i\u00e7in ya i\u015f ortam\u0131nda ya\u015fan\u0131lan s\u0131k\u0131nt\u0131lara m\u00fcdahale etmek ya da i\u015fi de\u011fi\u015ftirebilmek ad\u0131na ad\u0131m at\u0131lmas\u0131 gerekiyor. Ancak burada \u00f6ncelik i\u015f ortam\u0131nda ki\u015fiyi rahats\u0131z eden fakt\u00f6rler konusunda neler yapabilece\u011fi olmas\u0131nda gerekiyor. Bunun i\u00e7in \u00e7al\u0131\u015fan listeleme y\u00f6nteminden faydalanabilir. Mutsuzlu\u011fa neden olan sebeplerin belirlenmesinden sonra, konuya dair ileti\u015fim\u00a0sa\u011flanarak s\u00fcreci eyleme ge\u00e7irmek de\u011fi\u015fimin ger\u00e7ekle\u015fmesine yard\u0131mc\u0131 olacakt\u0131r. Kimi zaman da\u00a0yap\u0131lan i\u015fin sevilememesi\u00a0s\u00f6z konusu. Fakat \u00fclkemizde i\u015fsizli\u011fin yo\u011fun oldu\u011fu \u015fu g\u00fcnlerde i\u015f de\u011fi\u015fikli\u011fi yapmak bir\u00e7ok \u00e7al\u0131\u015fan i\u00e7in olduk\u00e7a radikal g\u00f6r\u00fcnmekte. Ait hissedememe, i\u015fin benimsenemeyi\u015fi her ge\u00e7en g\u00fcn ki\u015fiyi daha mutsuz k\u0131lar. \u015eayet, ki\u015fi i\u015fini de\u011fi\u015ftirmeye y\u00f6nelik gerekli g\u00fcc\u00fc hissedemiyor ya da\u00a0farkl\u0131 bir ortama ge\u00e7me olana\u011f\u0131n\u0131 bulam\u0131yorsa;<\/p>\n<p>&#8211; \u0130\u015fe y\u00fckledi\u011fimiz anlamlar\u0131 de\u011fi\u015ftirmeliyiz. \u0130\u015fimizin olumsuz yanlar\u0131n\u0131 oda\u011f\u0131m\u0131zda tuttu\u011fumuz s\u00fcrece, g\u00fczel yanlar\u0131n\u0131 g\u00f6rmemiz zorla\u015f\u0131r.<\/p>\n<p>&#8211; Ya\u015fad\u0131\u011f\u0131m\u0131z sorun\u00a0her ne ise saatlerce d\u00fc\u015f\u00fcnmek yerine eyleme ge\u00e7erek \u00e7\u00f6z\u00fcm bulmam\u0131z bizi daha \u00e7ok mutlu eder.<\/p>\n<p>&#8211; Hedefimizin ne oldu\u011funa dair liste yaparak \u00f6nceliklerimizi belirlememiz bizi rahatlat\u0131r.<\/p>\n<p>&#8211; Sosyal ortam\u0131n\u0131za daha fazla zaman ay\u0131rmak ve kendiniz i\u00e7in yapaca\u011f\u0131n\u0131 her bir aktivite zihninizde yer alan olumsuz d\u00fc\u015f\u00fcncelerin gitmesine, kafan\u0131zdaki sa\u011fl\u0131ks\u0131z i\u00e7 sesinizin k\u0131s\u0131lmas\u0131na yard\u0131mc\u0131 olur.<\/p>\n<p>&#8211; Anlay\u0131\u015fl\u0131 olmad\u0131\u011f\u0131n\u0131 d\u00fc\u015f\u00fcnd\u00fc\u011f\u00fcn\u00fcz \u00e7al\u0131\u015fma arkada\u015f\u0131n\u0131zla ya da y\u00f6neticinizle ortak bir dil yarat\u0131p, sorunlar\u0131n\u0131z\u0131 kapatmak yerine konu\u015fmak i\u015f saatlerinizi daha az stresli ge\u00e7irmenizi sa\u011flar.<\/p>\n<p>Zihindeki kaos sonland\u0131k\u00e7a, i\u00e7sel huzur artacak, dolay\u0131s\u0131yla motivasyon y\u00fckselece\u011finden i\u015f yerine y\u00fcklenilen anlamlar da de\u011fi\u015fecektir.\u00a0Anlam de\u011fi\u015ftik\u00e7e, hayat\u0131m\u0131z\u0131n sadece i\u015f ortam\u0131ndan ibaret olmad\u0131\u011f\u0131n\u0131, \u00f6zel ya\u015fam\u0131m\u0131zda alternatifler yaratarak hem \u00e7al\u0131\u015fma hayat\u0131m\u0131z\u0131n hem de \u00f6zel ya\u015fam\u0131m\u0131z\u0131n daha sa\u011fl\u0131kl\u0131 olmas\u0131n\u0131 sa\u011flayabiliriz. Yakla\u015fan yaz mevsimiyle daha dinamik ve \u00e7\u00f6z\u00fcmler \u00fcretebildi\u011finiz huzurlu i\u015f ortam\u0131 dilerim.<\/p>\n<figure id=\"attachment_8951\" aria-describedby=\"caption-attachment-8951\" style=\"width: 150px\" class=\"wp-caption alignnone\"><a href=\"http:\/\/www.yukselpsikoloji.com\/\" target=\"_blank\" rel=\"noopener\"><img decoding=\"async\" class=\"wp-image-8951 size-full\" src=\"https:\/\/www.kariyer.net\/kariyer-rehberi\/wp-content\/uploads\/2017\/04\/duygu_yuksel.jpg\" alt=\"duygu_yuksel\" width=\"150\" height=\"250\" \/><\/a><figcaption id=\"caption-attachment-8951\" class=\"wp-caption-text\">Uzman Psikolog Duygu Y\u00fcksel www.yukselpsikoloji.com<\/figcaption><\/figure>\n<p>&nbsp;<\/p>\n<p>&nbsp;<\/p>\n<!-- templates\/buttons-placeholder.php -->\n<div class=\"da-reactions-outer TpostID9020\">\n\t    <div class=\"da-reactions-data da-reactions-container-async center\"\n         data-type=\"post\"\n         data-id=\"9020\"\n         id=\"da-reactions-slot-post-9020\">\n        <div class=\"da-reactions-static\">\n\t\t\t<img src=\"https:\/\/www.kariyer.net\/kariyer-rehberi\/wp-content\/plugins\/da-reactions\/assets\/dist\/loading.svg\" alt=\"Loading spinner\" width=\"48\" height=\"48\" style=\"width:48px\" \/>\n        <\/div>\n    <\/div>\n<\/div>\n","protected":false},"excerpt":{"rendered":"<p>Bir\u00e7ok \u00e7al\u0131\u015fan, ya i\u015fini kaybetme korkusu ya da \u00fcst\u00fcyle ili\u015fkilerinin bozulmas\u0131 endi\u015fesiyle sorunlar\u0131n\u0131 dile getirmek yerine kendi i\u00e7inde \u00e7\u00f6zmeye \u00e7al\u0131\u015f\u0131yor. T\u00fcm bu nedenler ise ki\u015finin mutsuzlu\u011funu art\u0131r\u0131yor. \u00c7al\u0131\u015fanlar\u0131n bu k\u0131s\u0131r d\u00f6ng\u00fcden \u00e7\u0131kabilmek i\u00e7in ne yapmas\u0131 gerekiyor? Uzman Psikolog Duygu Y\u00fcksel, bu t\u00fcr sorunu olan \u00e7al\u0131\u015fanlara tavsiyelerde bulunuyor. \u00c7evremizde bir\u00e7ok ki\u015fi hayat\u0131n\u0131 idame ettirebilmek ad\u0131na mevcut [&hellip;]<\/p>\n<!-- templates\/buttons-placeholder.php -->\n<div class=\"da-reactions-outer TpostID9020\">\n\t    <div class=\"da-reactions-data da-reactions-container-async center\"\n         data-type=\"post\"\n         data-id=\"9020\"\n         id=\"da-reactions-slot-post-9020\">\n        <div class=\"da-reactions-static\">\n\t\t\t<img src=\"https:\/\/www.kariyer.net\/kariyer-rehberi\/wp-content\/plugins\/da-reactions\/assets\/dist\/loading.svg\" alt=\"Loading spinner\" width=\"48\" height=\"48\" style=\"width:48px\" \/>\n        <\/div>\n    <\/div>\n<\/div>\n","protected":false},"author":9,"featured_media":9957,"comment_status":"open","ping_status":"open","sticky":false,"template":"","format":"standard","meta":{"footnotes":"","_elementor_edit_mode":"","_elementor_template_type":"","_elementor_data":"","_elementor_page_settings":null,"_elementor_conditions":[]},"categories":[46,2211],"tags":[956,957,958],"class_list":{"0":"post-9020","1":"post","2":"type-post","3":"status-publish","4":"format-standard","5":"has-post-thumbnail","7":"category-is-hayati","8":"category-kariyer-gelisimi","9":"tag-uzman","10":"tag-uzman-yardimcisi","11":"tag-yonetici"},"yoast_head":"<!-- This site is optimized with the Yoast SEO Premium plugin v21.4 (Yoast SEO v27.0) - https:\/\/yoast.com\/product\/yoast-seo-premium-wordpress\/ -->\n<title>Mutsuzum, \u00e7\u00fcnk\u00fc i\u015fimi sevemiyorum | Kariyer Rehberi<\/title>\n<meta name=\"description\" content=\"Bir\u00e7ok \u00e7al\u0131\u015fan, ya i\u015fini kaybetme korkusu ya da \u00fcst\u00fcyle ili\u015fkilerinin bozulmas\u0131 endi\u015fesiyle sorunlar\u0131n\u0131 dile getirmek yerine kendi i\u00e7inde \u00e7\u00f6zmeye\" \/>\n<meta name=\"robots\" content=\"index, follow, max-snippet:-1, max-image-preview:large, max-video-preview:-1\" \/>\n<link rel=\"canonical\" href=\"https:\/\/www.kariyer.net\/kariyer-rehberi\/mutsuzum-cunku-isimi-sevemiyorum\/\" \/>\n<meta property=\"og:locale\" content=\"tr_TR\" \/>\n<meta property=\"og:type\" content=\"article\" \/>\n<meta property=\"og:title\" content=\"Mutsuzum, \u00e7\u00fcnk\u00fc i\u015fimi sevemiyorum\" \/>\n<meta property=\"og:description\" content=\"Bir\u00e7ok \u00e7al\u0131\u015fan, ya i\u015fini kaybetme korkusu ya da \u00fcst\u00fcyle ili\u015fkilerinin bozulmas\u0131 endi\u015fesiyle sorunlar\u0131n\u0131 dile getirmek yerine kendi i\u00e7inde \u00e7\u00f6zmeye\" \/>\n<meta property=\"og:url\" content=\"https:\/\/www.kariyer.net\/kariyer-rehberi\/mutsuzum-cunku-isimi-sevemiyorum\/\" \/>\n<meta property=\"og:site_name\" content=\"Kariyer Rehberi\" \/>\n<meta property=\"article:published_time\" content=\"2017-05-18T08:40:51+00:00\" \/>\n<meta property=\"article:modified_time\" content=\"2024-07-03T12:09:24+00:00\" \/>\n<meta property=\"og:image\" content=\"https:\/\/www.kariyer.net\/kariyer-rehberi\/wp-content\/uploads\/2017\/05\/mutsuzum93383.jpg\" \/>\n\t<meta property=\"og:image:width\" content=\"900\" \/>\n\t<meta property=\"og:image:height\" content=\"600\" \/>\n\t<meta property=\"og:image:type\" content=\"image\/jpeg\" \/>\n<meta name=\"author\" content=\"Konuk Yazar\" \/>\n<meta name=\"twitter:card\" content=\"summary_large_image\" \/>\n<meta name=\"twitter:label1\" content=\"Yazan:\" \/>\n\t<meta name=\"twitter:data1\" content=\"Konuk Yazar\" \/>\n\t<meta name=\"twitter:label2\" content=\"Tahmini okuma s\u00fcresi\" \/>\n\t<meta name=\"twitter:data2\" content=\"4 dakika\" \/>\n<!-- \/ Yoast SEO Premium plugin. -->","yoast_head_json":{"title":"Mutsuzum, \u00e7\u00fcnk\u00fc i\u015fimi sevemiyorum | Kariyer Rehberi","description":"Bir\u00e7ok \u00e7al\u0131\u015fan, ya i\u015fini kaybetme korkusu ya da \u00fcst\u00fcyle ili\u015fkilerinin bozulmas\u0131 endi\u015fesiyle sorunlar\u0131n\u0131 dile getirmek yerine kendi i\u00e7inde \u00e7\u00f6zmeye","robots":{"index":"index","follow":"follow","max-snippet":"max-snippet:-1","max-image-preview":"max-image-preview:large","max-video-preview":"max-video-preview:-1"},"canonical":"https:\/\/www.kariyer.net\/kariyer-rehberi\/mutsuzum-cunku-isimi-sevemiyorum\/","og_locale":"tr_TR","og_type":"article","og_title":"Mutsuzum, \u00e7\u00fcnk\u00fc i\u015fimi sevemiyorum","og_description":"Bir\u00e7ok \u00e7al\u0131\u015fan, ya i\u015fini kaybetme korkusu ya da \u00fcst\u00fcyle ili\u015fkilerinin bozulmas\u0131 endi\u015fesiyle sorunlar\u0131n\u0131 dile getirmek yerine kendi i\u00e7inde \u00e7\u00f6zmeye","og_url":"https:\/\/www.kariyer.net\/kariyer-rehberi\/mutsuzum-cunku-isimi-sevemiyorum\/","og_site_name":"Kariyer Rehberi","article_published_time":"2017-05-18T08:40:51+00:00","article_modified_time":"2024-07-03T12:09:24+00:00","og_image":[{"width":900,"height":600,"url":"https:\/\/www.kariyer.net\/kariyer-rehberi\/wp-content\/uploads\/2017\/05\/mutsuzum93383.jpg","type":"image\/jpeg"}],"author":"Konuk Yazar","twitter_card":"summary_large_image","twitter_misc":{"Yazan:":"Konuk Yazar","Tahmini okuma s\u00fcresi":"4 dakika"},"schema":{"@context":"https:\/\/schema.org","@graph":[{"@type":"Article","@id":"https:\/\/www.kariyer.net\/kariyer-rehberi\/mutsuzum-cunku-isimi-sevemiyorum\/#article","isPartOf":{"@id":"https:\/\/www.kariyer.net\/kariyer-rehberi\/mutsuzum-cunku-isimi-sevemiyorum\/"},"author":{"name":"Konuk Yazar","@id":"https:\/\/www.kariyer.net\/kariyer-rehberi\/#\/schema\/person\/6154a58a8375a4df7f7fc847997c4657"},"headline":"Mutsuzum, \u00e7\u00fcnk\u00fc i\u015fimi sevemiyorum","datePublished":"2017-05-18T08:40:51+00:00","dateModified":"2024-07-03T12:09:24+00:00","mainEntityOfPage":{"@id":"https:\/\/www.kariyer.net\/kariyer-rehberi\/mutsuzum-cunku-isimi-sevemiyorum\/"},"wordCount":753,"commentCount":0,"publisher":{"@id":"https:\/\/www.kariyer.net\/kariyer-rehberi\/#organization"},"image":{"@id":"https:\/\/www.kariyer.net\/kariyer-rehberi\/mutsuzum-cunku-isimi-sevemiyorum\/#primaryimage"},"thumbnailUrl":"https:\/\/www.kariyer.net\/kariyer-rehberi\/wp-content\/uploads\/2017\/05\/mutsuzum93383.jpg","keywords":["uzman","uzman yard\u0131mc\u0131s\u0131","y\u00f6netici"],"articleSection":["\u0130\u015f Hayat\u0131","Kariyer Geli\u015fimi"],"inLanguage":"tr","potentialAction":[{"@type":"CommentAction","name":"Comment","target":["https:\/\/www.kariyer.net\/kariyer-rehberi\/mutsuzum-cunku-isimi-sevemiyorum\/#respond"]}]},{"@type":"WebPage","@id":"https:\/\/www.kariyer.net\/kariyer-rehberi\/mutsuzum-cunku-isimi-sevemiyorum\/","url":"https:\/\/www.kariyer.net\/kariyer-rehberi\/mutsuzum-cunku-isimi-sevemiyorum\/","name":"Mutsuzum, \u00e7\u00fcnk\u00fc i\u015fimi sevemiyorum | Kariyer Rehberi","isPartOf":{"@id":"https:\/\/www.kariyer.net\/kariyer-rehberi\/#website"},"primaryImageOfPage":{"@id":"https:\/\/www.kariyer.net\/kariyer-rehberi\/mutsuzum-cunku-isimi-sevemiyorum\/#primaryimage"},"image":{"@id":"https:\/\/www.kariyer.net\/kariyer-rehberi\/mutsuzum-cunku-isimi-sevemiyorum\/#primaryimage"},"thumbnailUrl":"https:\/\/www.kariyer.net\/kariyer-rehberi\/wp-content\/uploads\/2017\/05\/mutsuzum93383.jpg","datePublished":"2017-05-18T08:40:51+00:00","dateModified":"2024-07-03T12:09:24+00:00","description":"Bir\u00e7ok \u00e7al\u0131\u015fan, ya i\u015fini kaybetme korkusu ya da \u00fcst\u00fcyle ili\u015fkilerinin bozulmas\u0131 endi\u015fesiyle sorunlar\u0131n\u0131 dile getirmek yerine kendi i\u00e7inde \u00e7\u00f6zmeye","breadcrumb":{"@id":"https:\/\/www.kariyer.net\/kariyer-rehberi\/mutsuzum-cunku-isimi-sevemiyorum\/#breadcrumb"},"inLanguage":"tr","potentialAction":[{"@type":"ReadAction","target":["https:\/\/www.kariyer.net\/kariyer-rehberi\/mutsuzum-cunku-isimi-sevemiyorum\/"]}]},{"@type":"ImageObject","inLanguage":"tr","@id":"https:\/\/www.kariyer.net\/kariyer-rehberi\/mutsuzum-cunku-isimi-sevemiyorum\/#primaryimage","url":"https:\/\/www.kariyer.net\/kariyer-rehberi\/wp-content\/uploads\/2017\/05\/mutsuzum93383.jpg","contentUrl":"https:\/\/www.kariyer.net\/kariyer-rehberi\/wp-content\/uploads\/2017\/05\/mutsuzum93383.jpg","width":900,"height":600},{"@type":"BreadcrumbList","@id":"https:\/\/www.kariyer.net\/kariyer-rehberi\/mutsuzum-cunku-isimi-sevemiyorum\/#breadcrumb","itemListElement":[{"@type":"ListItem","position":1,"name":"Anasayfa","item":"https:\/\/www.kariyer.net\/kariyer-rehberi\/"},{"@type":"ListItem","position":2,"name":"Mutsuzum, \u00e7\u00fcnk\u00fc i\u015fimi sevemiyorum"}]},{"@type":"WebSite","@id":"https:\/\/www.kariyer.net\/kariyer-rehberi\/#website","url":"https:\/\/www.kariyer.net\/kariyer-rehberi\/","name":"Kariyer Rehberi","description":"\u0130\u015f D\u00fcnyas\u0131yla \u0130lgili Bilmek \u0130stedi\u011finiz Her \u015eey","publisher":{"@id":"https:\/\/www.kariyer.net\/kariyer-rehberi\/#organization"},"potentialAction":[{"@type":"SearchAction","target":{"@type":"EntryPoint","urlTemplate":"https:\/\/www.kariyer.net\/kariyer-rehberi\/?s={search_term_string}"},"query-input":{"@type":"PropertyValueSpecification","valueRequired":true,"valueName":"search_term_string"}}],"inLanguage":"tr"},{"@type":"Organization","@id":"https:\/\/www.kariyer.net\/kariyer-rehberi\/#organization","name":"Kariyer.net","url":"https:\/\/www.kariyer.net\/kariyer-rehberi\/","logo":{"@type":"ImageObject","inLanguage":"tr","@id":"https:\/\/www.kariyer.net\/kariyer-rehberi\/#\/schema\/logo\/image\/","url":"https:\/\/www.kariyer.net\/kariyer-rehberi-new\/wp-content\/uploads\/2023\/01\/og-image11.jpg","contentUrl":"https:\/\/www.kariyer.net\/kariyer-rehberi-new\/wp-content\/uploads\/2023\/01\/og-image11.jpg","width":800,"height":800,"caption":"Kariyer.net"},"image":{"@id":"https:\/\/www.kariyer.net\/kariyer-rehberi\/#\/schema\/logo\/image\/"}},{"@type":"Person","@id":"https:\/\/www.kariyer.net\/kariyer-rehberi\/#\/schema\/person\/6154a58a8375a4df7f7fc847997c4657","name":"Konuk Yazar","image":{"@type":"ImageObject","inLanguage":"tr","@id":"https:\/\/www.kariyer.net\/kariyer-rehberi\/#\/schema\/person\/image\/","url":"https:\/\/secure.gravatar.com\/avatar\/f03aa189ddb09160e6f0ad7e5e2c4b69c7102a041cc145a1e45a96f0100baa41?s=96&d=mm&r=g","contentUrl":"https:\/\/secure.gravatar.com\/avatar\/f03aa189ddb09160e6f0ad7e5e2c4b69c7102a041cc145a1e45a96f0100baa41?s=96&d=mm&r=g","caption":"Konuk Yazar"},"url":"https:\/\/www.kariyer.net\/kariyer-rehberi\/author\/konukyazar\/"}]}},"_links":{"self":[{"href":"https:\/\/www.kariyer.net\/kariyer-rehberi\/wp-json\/wp\/v2\/posts\/9020","targetHints":{"allow":["GET"]}}],"collection":[{"href":"https:\/\/www.kariyer.net\/kariyer-rehberi\/wp-json\/wp\/v2\/posts"}],"about":[{"href":"https:\/\/www.kariyer.net\/kariyer-rehberi\/wp-json\/wp\/v2\/types\/post"}],"author":[{"embeddable":true,"href":"https:\/\/www.kariyer.net\/kariyer-rehberi\/wp-json\/wp\/v2\/users\/9"}],"replies":[{"embeddable":true,"href":"https:\/\/www.kariyer.net\/kariyer-rehberi\/wp-json\/wp\/v2\/comments?post=9020"}],"version-history":[{"count":1,"href":"https:\/\/www.kariyer.net\/kariyer-rehberi\/wp-json\/wp\/v2\/posts\/9020\/revisions"}],"predecessor-version":[{"id":19288,"href":"https:\/\/www.kariyer.net\/kariyer-rehberi\/wp-json\/wp\/v2\/posts\/9020\/revisions\/19288"}],"wp:featuredmedia":[{"embeddable":true,"href":"https:\/\/www.kariyer.net\/kariyer-rehberi\/wp-json\/wp\/v2\/media\/9957"}],"wp:attachment":[{"href":"https:\/\/www.kariyer.net\/kariyer-rehberi\/wp-json\/wp\/v2\/media?parent=9020"}],"wp:term":[{"taxonomy":"category","embeddable":true,"href":"https:\/\/www.kariyer.net\/kariyer-rehberi\/wp-json\/wp\/v2\/categories?post=9020"},{"taxonomy":"post_tag","embeddable":true,"href":"https:\/\/www.kariyer.net\/kariyer-rehberi\/wp-json\/wp\/v2\/tags?post=9020"}],"curies":[{"name":"wp","href":"https:\/\/api.w.org\/{rel}","templated":true}]}}