{"id":904,"date":"2012-12-31T02:00:00","date_gmt":"2012-12-31T00:00:00","guid":{"rendered":"http:\/\/92.45.35.169\/bosch-turkiye-calisanlarina-inisiyatif-veriyor\/"},"modified":"2024-07-03T14:53:27","modified_gmt":"2024-07-03T11:53:27","slug":"bosch-turkiye-calisanlarina-inisiyatif-veriyor","status":"publish","type":"post","link":"https:\/\/www.kariyer.net\/kariyer-rehberi\/bosch-turkiye-calisanlarina-inisiyatif-veriyor\/","title":{"rendered":"Bosch T\u00fcrkiye \u00e7al\u0131\u015fanlar\u0131na inisiyatif veriyor"},"content":{"rendered":"<p><strong>Bosch T\u00fcrkiye, \u00e7al\u0131\u015fanlar\u0131n\u0131n kariyerine y\u00f6n vermek ve gen\u00e7lere ula\u015fmak i\u00e7in bir\u00e7ok projeyi uzun y\u0131llard\u0131r beraber y\u00fcr\u00fct\u00fcyor. Bosch T\u00fcrkiye Temsilcisi Steven Young da Genel m\u00fcd\u00fcr ile ya\u015fam ko\u00e7lu\u011fu, Bosch Juniours Projeleri ve Teknik Mesleki E\u011fitim Merkezi\u2019nde yap\u0131lan \u00e7al\u0131\u015fmalarda s\u0131k s\u0131k \u00e7al\u0131\u015fanlar ve \u00f6\u011frencilerle bir araya geliyor.<\/strong><\/p>\n<div><\/div>\n<p><img decoding=\"async\" style=\"width: 350px; height: 185px; border-width: 1px; border-style: solid; margin: 1px;\" alt=\"\" src=\"http:\/\/img1.kariyer.net\/WebSite\/uploads\/KariyerRehberi\/pictures\/steven_young_350.jpg\" \/><\/p>\n<div><\/div>\n<div>\n<p>Kendisiyle ger\u00e7ekle\u015ftirece\u011fimiz \u00f6zel r\u00f6portaj i\u00e7in ofisinde bizi a\u011f\u0131rlayan Bosch T\u00fcrkiye Ceo\u2019su Steven Young, ak\u0131c\u0131 ve d\u00fczg\u00fcn T\u00fcrk\u00e7esiyle bizi \u015fa\u015f\u0131rt\u0131yor. Annesinin T\u00fcrk, babas\u0131n\u0131n Avustralyal\u0131 oldu\u011funu \u00f6\u011freniyoruz. Bosch T\u00fcrkiye Temsilcisi Steven Young, Avustralya\u2019n\u0131n Wollongong \u00dcniversitesi\u2019ndeki m\u00fchendislik fak\u00fcltesinden mezun olduktan sonra, Sydney Teknoloji \u00dcniversite\u2019sinde ve ard\u0131ndan Avustralya Y\u00f6neticilik Enstit\u00fcs\u00fc\u2019nde e\u011fitimine devam etti. Young\u2019\u0131n Avustralya Deakin \u00dcniversitesi\u2019nden \u201cY\u00f6netim\u201d alan\u0131nda lisans\u00fcst\u00fc derecesi de var.<\/p>\n<p>&nbsp;<\/p>\n<p>Steven Young, 1988 y\u0131l\u0131nda Avustralya Mannesmann\u2019da \u00f6zel proje m\u00fchendisi olarak ba\u015flad\u0131\u011f\u0131 kariyerini, 1994 y\u0131l\u0131na kadar ayn\u0131 \u015firkette, Almanya dahil, \u00e7e\u015fitli pozisyonlarda \u00fcstlendi\u011fi g\u00f6revlerle s\u00fcrd\u00fcrd\u00fc. 2011\u2019de halen s\u00fcrd\u00fcrmekte oldu\u011fu Bosch T\u00fcrkiye Temsilcili\u011fi ve Bosch Sanayi ve Tic. A\u015e Genel M\u00fcd\u00fcrl\u00fc\u011f\u00fc g\u00f6revine atand\u0131. E\u011fitim ve kariyer geli\u015fimi konusunda \u00e7al\u0131\u015fanlar\u0131n\u0131 desteklediklerine de\u011finen Young, \u00fcniversite ve lise \u00f6\u011frencilerine y\u00f6nelik projelerde de yer ald\u0131klar\u0131n\u0131 belirtiyor.<\/p>\n<p>&nbsp;<\/p>\n<p><b>T\u00fcrk i\u015f hayat\u0131n\u0131 ve \u00e7al\u0131\u015fanlar\u0131n\u0131 nas\u0131l de\u011ferlendiriyorsunuz?\u00a0<\/b><\/p>\n<p>T\u00fcrkiye ekonomisinin geli\u015fmesine paralel olarak T\u00fcrk \u015firketleri, g\u00fcn ge\u00e7tik\u00e7e k\u00fcresel pazarda g\u00fcc\u00fcn\u00fc art\u0131r\u0131yor. T\u00fcrk markalar\u0131 da d\u00fcnyada t\u00fcketicilerin tercih etti\u011fi markalar haline geliyor. Gen\u00e7 n\u00fcfusun \u00e7ok fazla oldu\u011fu T\u00fcrkiye\u2019de gen\u00e7lerin i\u015f d\u00fcnyas\u0131na yo\u011fun kat\u0131l\u0131m\u0131yla i\u015fg\u00fcc\u00fc de gittik\u00e7e gen\u00e7le\u015fiyor. \u0130yi e\u011fitimli, yeniliklere a\u00e7\u0131k, \u00f6zg\u00fcvenli ve teknolojiyle dost \u00e7al\u0131\u015fanlar\u0131n, \u015firketlerin ba\u015far\u0131s\u0131n\u0131 ve k\u00fcresel \u00e7apta rekabet g\u00fcc\u00fcn\u00fc daha da art\u0131raca\u011f\u0131na inan\u0131yorum. Biz T\u00fcrkler, esneklik ve yarat\u0131c\u0131l\u0131k konular\u0131nda ger\u00e7ekten \u00e7ok ba\u015far\u0131l\u0131y\u0131z. Bir i\u015fe ba\u015flarken b\u00fcy\u00fck heyecan duyuyoruz. Bosch\u2019ta da T\u00fcrkler ve Almanlar birlikte g\u00fc\u00e7l\u00fc bir tak\u0131m olu\u015fturuyor; \u00e7ok verimli \u00e7al\u0131\u015f\u0131yor. Bu sayede ba\u015far\u0131m\u0131z\u0131 s\u00fcrd\u00fcr\u00fclebilir k\u0131l\u0131yoruz.<\/p>\n<p>&nbsp;<\/p>\n<p><b>\u00c7al\u0131\u015fanlar\u0131n\u0131za y\u00f6nelik \u0130K politikalar\u0131 i\u00e7inde sizce en \u00f6nemlisi hangisi?<\/b><\/p>\n<p>Bosch\u2019ta hayata ge\u00e7irilen \u201cKariyer Geli\u015fimi ve Yetenek Y\u00f6netimi Program\u0131\u201dn\u0131, son d\u00f6nemde ba\u015flatt\u0131\u011f\u0131m\u0131z en \u00f6nemli uygulama olarak sayabilirim. Bu programla \u015firketimizi gelece\u011fe ta\u015f\u0131yacak gen\u00e7 \u00e7al\u0131\u015fan ve liderlerden olu\u015fan g\u00fc\u00e7l\u00fc bir organizasyona sahip olmay\u0131 hedefliyoruz. Son y\u0131llarda \u00f6zellikle gen\u00e7 ve potansiyel \u00e7al\u0131\u015fanlar\u0131m\u0131z\u0131, erken ya\u015flarda global kapsamda uygulad\u0131\u011f\u0131m\u0131z liderlik geli\u015fim s\u00fcrecimize dahil edip, kariyer geli\u015fimlerini desteklemeyi ama\u00e7l\u0131yoruz. \u015eirketlerin y\u00f6netici ve \u00e7al\u0131\u015fanlar\u0131nda sadakat sa\u011flayabilmelerinin en \u00f6nemli kriterinin, kar\u015f\u0131l\u0131kl\u0131 fayda ve memnuniyetin sa\u011flanabilmesi oldu\u011funa inan\u0131yorum. Bu anlay\u0131\u015ftan hareketle firma sadakatinin olu\u015fabilmesi ad\u0131na \u00e7e\u015fitli \u00e7al\u0131\u015fmalar ger\u00e7ekle\u015ftiriyoruz. Asl\u0131nda en \u00f6nemli nokta, \u00e7al\u0131\u015fanlar\u0131n \u015firketlerine olan g\u00fcvenlerinin tam olmas\u0131.<\/p>\n<p>&nbsp;<\/p>\n<p><b>Siz ve ekibiniz hangi y\u00f6ntemlerle ba\u015far\u0131y\u0131 yakal\u0131yorsunuz?<\/b><\/p>\n<p>\u00c7al\u0131\u015fanlar\u0131m\u0131z \u00a0en \u00f6nemli payda\u015flar\u0131m\u0131z. \u00c7al\u0131\u015fan\u0131n \u00f6zelliklerine, isteklerine ve hedeflerine uygun g\u00f6revler sunmaya \u00e7al\u0131\u015f\u0131yoruz. \u015eirket ve \u00e7al\u0131\u015fan hedeflerinin ayn\u0131 paralelde olmas\u0131 gerekti\u011fine inand\u0131\u011f\u0131m i\u00e7in de \u00e7al\u0131\u015fanlar\u0131n geli\u015fimine b\u00fcy\u00fck \u00f6nem vererek, bunu sa\u011flayacak uygulamalar\u0131 hayata ge\u00e7irmeye \u00e7al\u0131\u015f\u0131yoruz. Bu uygulamalar da \u00e7al\u0131\u015fanlar\u0131m\u0131z\u0131n yetkinliklerini kullanabilecekleri, kendilerini geli\u015ftirebilecekleri bir ortam yaratt\u0131\u011f\u0131 i\u00e7in mutlu \u00e7al\u0131\u015fmalar\u0131n\u0131 ve ba\u015far\u0131l\u0131 olmalar\u0131n\u0131 sa\u011flad\u0131\u011f\u0131na inan\u0131yorum. Ba\u015far\u0131m\u0131z\u0131n bir di\u011fer p\u00fcf noktas\u0131 da \u00e7al\u0131\u015fanlar\u0131m\u0131za verilen inisiyatiftir. \u00c7al\u0131\u015fanlar\u0131m\u0131z, i\u015flerinin as\u0131l sahibinin kendileri oldu\u011funu bilirler; yetki ve sorumluluklar\u0131n\u0131 yerine getirerek, ekibin ve \u015firketin ba\u015far\u0131s\u0131nda itici g\u00fcc\u00fc olarak g\u00f6rev al\u0131rlar.<\/p>\n<p>&nbsp;<\/p>\n<p><b>\u015eirketinizde \u00e7al\u0131\u015fanlar\u0131 nas\u0131l motive ediyorsunuz?<\/b><\/p>\n<p>Hem kendim hem de \u00e7al\u0131\u015fanlar\u0131m a\u00e7\u0131s\u0131ndan i\u015f ve \u00f6zel hayat dengesine \u00f6zen g\u00f6steriyor; \u00e7al\u0131\u015fanlar\u0131m\u0131z\u0131n aile ya\u015fant\u0131s\u0131na sayg\u0131 duyuyorum. Bosch\u2019ta kariyer ve ev hayat\u0131 aras\u0131nda bir dengenin kurulmas\u0131n\u0131 destekliyor ve ayn\u0131 zamanda ailevi sebepler i\u00e7in kullan\u0131lan izinlerin \u00f6nemine sayg\u0131 g\u00f6sterilmesi \u00fczerine odaklan\u0131yorum.<\/p>\n<p>&nbsp;<\/p>\n<p><b>\u00d6zellikle \u00e7al\u0131\u015fanlara ve \u00f6\u011frencilere y\u00f6nelik projelerinizden bahseder misiniz?<\/b><\/p>\n<p>\u201cBosch Juniors\u201d ad\u0131n\u0131 verdi\u011fimiz, \u00f6\u011frencilere y\u00f6nelik kapsaml\u0131 bir oryantasyon ve e\u011fitim program\u0131m\u0131z var. \u015eu anda 80 \u00f6\u011frencimiz bulunuyor ve yaz d\u00f6neminde bu say\u0131 art\u0131yor. \u00dcniversite \u00f6\u011frencileri ikinci s\u0131n\u0131ftan itibaren aram\u0131za kat\u0131l\u0131yor ve i\u015f hayat\u0131na haz\u0131rlanmalar\u0131na ve kariyer planlamalar\u0131na destek oluyoruz. Ben de bu programla yak\u0131ndan ilgileniyor ve \u00a0\u00f6\u011frencilerle bir araya geliyorum. Bahsetmek istedi\u011fim bir di\u011fer program\u0131m\u0131z ise Genel M\u00fcd\u00fcr ile Ya\u015fam Ko\u00e7lu\u011fu. Bu do\u011frultuda gerek \u015firket i\u00e7inde gerekse \u00fcniversitelerde \u00f6\u011frencilerle bir araya geliyorum. Bu programdaki amac\u0131m\u0131z, potansiyel ve mevcut \u00e7al\u0131\u015fanlar\u0131m\u0131zla benim aramdaki ileti\u015fimi ve i\u015fbirli\u011fini art\u0131rmak. Ki\u015fisel geli\u015fim s\u00fcre\u00e7lerine bizzat dahil olmak.<\/p>\n<p>&nbsp;<\/p>\n<p><b>\u00dcniversiteleri de s\u0131k\u00e7a ziyaret ediyorsunuz\u2026<\/b><\/p>\n<p>T\u00fcrkiye\u2019nin belirli \u00fcniversitelerinde d\u00fczenlenen kariyer g\u00fcnlerinde \u00f6\u011frencilerle bulu\u015fuyor, onlar\u0131 Bosch ailesine kat\u0131lmaya davet ediyorum.<\/p>\n<p>&nbsp;<\/p>\n<p><b>\u00c7al\u0131\u015fanlar\u0131n\u0131zla i\u015f d\u0131\u015f\u0131nda vakit ge\u00e7iriyor musunuz?\u00a0<\/b><\/p>\n<p>Arkada\u015fl\u0131\u011fa ve beraberli\u011fe \u00e7ok \u00f6nem veriyorum, \u201cFun at work\u201d aktiviteleri ger\u00e7ekle\u015ftiriyoruz. Aile piknikleri ve y\u0131lsonu partileri d\u00fczenliyoruz. \u00c7al\u0131\u015fanlar\u0131m\u0131za y\u00f6nelik olarak bizzat taraf\u0131mdan d\u00fczenlenen liderlik seminerleri ger\u00e7ekle\u015ftiriyoruz. Bu seminerlerde hem deneyimlerimizi hem de d\u00fcnyadaki son trendleri arkada\u015flar\u0131m\u0131zla payla\u015f\u0131yorum. \u00c7al\u0131\u015fanlar\u0131m\u0131z ise talep, beklenti ve \u00f6nerilerini direkt olarak genel m\u00fcd\u00fcre iletme f\u0131rsat\u0131 yakal\u0131yorlar. Her birimiz Bosch ailesinin \u00fcyeleriyiz ve fikirlerini payla\u015fmak isteyen veya herhangi bir sorunu dile getirmek isteyen ailemizin her \u00fcyesine kap\u0131m a\u00e7\u0131k.<\/p>\n<p>&nbsp;<\/p>\n<p><b>\u0130\u015f \u00f6zel hayat dengesini kurabiliyor musunuz?<\/b><\/p>\n<p>G\u00fcnde ortalama 14 saat \u00e7al\u0131\u015f\u0131yorum, ancak teknoloji sayesinde art\u0131k 7\/24 i\u015fimle ilgilenebiliyorum. Elbette bunu yaparken i\u015f-\u00f6zel ya\u015fam dengesini tutturmaya \u00e7al\u0131\u015f\u0131yorum. Yapt\u0131\u011f\u0131m her i\u015fi tam yapmak prensibimdir, dolay\u0131s\u0131yla \u00e7al\u0131\u015f\u0131rken kendimi tamamen i\u015fime veririm. Ancak hobilerimin de hakk\u0131n\u0131 vermeyi seviyorum. Denizcilik, golf, do\u011fa gezisi ailemle birlikte yapmay\u0131 sevdi\u011fim hobilerim aras\u0131nda&#8230; \u0130\u015f-\u00f6zel ya\u015fam dengesi i\u00e7in hobilerimi sevdiklerimle birlikte ger\u00e7ekle\u015ftirmeyi tercih ediyorum, hobilerimin bana katt\u0131\u011f\u0131 en b\u00fcy\u00fck de\u011fer bu.<\/p>\n<p>&nbsp;<\/p>\n<p><b>Tatillerinizi nerede ge\u00e7iriyorsunuz?<\/b><\/p>\n<p>T\u00fcrkiye\u2019de Ege sahillerine hayran\u0131m. Dat\u00e7a favorimdir. Akvaryum kadar berrak ve do\u011fa harikas\u0131 olan koylar, kendimi yeniden do\u011fmu\u015f gibi hissettiren \u00f6zelliklere sahip. Denizcilik oldu\u011fu i\u00e7in ailemle birlikte tekneyle tatil benim i\u00e7in son derece tatmin edici. Ben ayn\u0131 zamanda Avusturalyal\u0131y\u0131m ve Sidney de en sevdi\u011fim \u015fehirlerdendir. \u00d6n\u00fcm\u00fczdeki s\u00f6mest\u0131r tatilinde \u00e7ocuklar\u0131mla birlikte Sidney\u2019e gidece\u011fiz.<\/p>\n<p>&nbsp;<\/p>\n<p><b>T\u00fcrk yemekleriyle aran\u0131z nas\u0131l?<\/b><\/p>\n<p>Fevkalade iyi. T\u00fcrkiye\u2019ye geldikten sonra gardrob\u0131m\u0131 tamamen yenilemek durumunda kald\u0131m. Hi\u00e7 pi\u015fman de\u011filim.<\/p>\n<p>&nbsp;<\/p>\n<p><b>Sinemada izledi\u011fi son film:<\/b>\u00a0Skyfall<\/p>\n<p><b>En son izledi\u011fi tiyatro oyunu:\u00a0<\/b>Richard III<\/p>\n<p><b>Son okudu\u011fu kitap:<\/b>\u00a0Ali Saydam\u2019\u0131n \u201cE\u015f ve M\u00fc\u015fteri Nas\u0131l Kaybedilir\u201d<\/p>\n<p><b>En s\u0131k dinledi\u011fi alb\u00fcm:\u00a0<\/b>Dire Straits Grubu\u2019nun t\u00fcm alb\u00fcmleri<\/p>\n<p><b>En \u00e7ok kulland\u0131\u011f\u0131 internet sitesi:\u00a0<\/b>Wikipedia.<\/p>\n<p><b>Favori mekanlar\u0131:\u00a0<\/b>\u0130stanbul\u2019da Poseidon Bebek, \u0130TO ve Cemile Sultan Korusu<\/p>\n<p><b>Hayranl\u0131kla ba\u011fl\u0131 oldu\u011fu \u015fehirler:\u00a0<\/b>Sidney ve \u0130zmir<\/p>\n<p><b>Tuttu\u011fu tak\u0131m:\u00a0<\/b>Fenerbah\u00e7e<\/p>\n<p><b>Favori yemekleri:\u00a0<\/b>Erzurum ca\u011f kebab\u0131 ve k\u00fcnefe<\/p>\n<p>&nbsp;<\/p>\n<\/div>\n<!-- templates\/buttons-placeholder.php -->\n<div class=\"da-reactions-outer TpostID904\">\n\t    <div class=\"da-reactions-data da-reactions-container-async center\"\n         data-type=\"post\"\n         data-id=\"904\"\n         id=\"da-reactions-slot-post-904\">\n        <div class=\"da-reactions-static\">\n\t\t\t<img src=\"https:\/\/www.kariyer.net\/kariyer-rehberi\/wp-content\/plugins\/da-reactions\/assets\/dist\/loading.svg\" alt=\"Loading spinner\" width=\"48\" height=\"48\" style=\"width:48px\" \/>\n        <\/div>\n    <\/div>\n<\/div>\n","protected":false},"excerpt":{"rendered":"<p>Bosch T\u00fcrkiye, \u00e7al\u0131\u015fanlar\u0131n\u0131n kariyerine y\u00f6n vermek ve gen\u00e7lere ula\u015fmak i\u00e7in bir\u00e7ok projeyi uzun y\u0131llard\u0131r beraber y\u00fcr\u00fct\u00fcyor. Bosch T\u00fcrkiye Temsilcisi Steven Young da Genel m\u00fcd\u00fcr ile ya\u015fam ko\u00e7lu\u011fu, Bosch Juniours Projeleri ve Teknik Mesleki E\u011fitim Merkezi\u2019nde yap\u0131lan \u00e7al\u0131\u015fmalarda s\u0131k s\u0131k \u00e7al\u0131\u015fanlar ve \u00f6\u011frencilerle bir araya geliyor. Kendisiyle ger\u00e7ekle\u015ftirece\u011fimiz \u00f6zel r\u00f6portaj i\u00e7in ofisinde bizi a\u011f\u0131rlayan Bosch T\u00fcrkiye [&hellip;]<\/p>\n<!-- templates\/buttons-placeholder.php -->\n<div class=\"da-reactions-outer TpostID904\">\n\t    <div class=\"da-reactions-data da-reactions-container-async center\"\n         data-type=\"post\"\n         data-id=\"904\"\n         id=\"da-reactions-slot-post-904\">\n        <div class=\"da-reactions-static\">\n\t\t\t<img src=\"https:\/\/www.kariyer.net\/kariyer-rehberi\/wp-content\/plugins\/da-reactions\/assets\/dist\/loading.svg\" alt=\"Loading spinner\" width=\"48\" height=\"48\" style=\"width:48px\" \/>\n        <\/div>\n    <\/div>\n<\/div>\n","protected":false},"author":6,"featured_media":4353,"comment_status":"open","ping_status":"open","sticky":false,"template":"","format":"standard","meta":{"footnotes":"","_elementor_edit_mode":"","_elementor_template_type":"","_elementor_data":"","_elementor_page_settings":null,"_elementor_conditions":[]},"categories":[2203],"tags":[],"class_list":{"0":"post-904","1":"post","2":"type-post","3":"status-publish","4":"format-standard","5":"has-post-thumbnail","7":"category-haberler-duyurular"},"yoast_head":"<!-- This site is optimized with the Yoast SEO Premium plugin v21.4 (Yoast SEO v27.0) - https:\/\/yoast.com\/product\/yoast-seo-premium-wordpress\/ -->\n<title>Bosch T\u00fcrkiye \u00e7al\u0131\u015fanlar\u0131na inisiyatif veriyor | Kariyer Rehberi<\/title>\n<meta name=\"description\" content=\"Bosch T\u00fcrkiye, \u00e7al\u0131\u015fanlar\u0131n\u0131n kariyerine y\u00f6n vermek ve gen\u00e7lere ula\u015fmak i\u00e7in bir\u00e7ok projeyi uzun y\u0131llard\u0131r beraber y\u00fcr\u00fct\u00fcyor. Bosch T\u00fcrkiye Temsilcisi\" \/>\n<meta name=\"robots\" content=\"index, follow, max-snippet:-1, max-image-preview:large, max-video-preview:-1\" \/>\n<link rel=\"canonical\" href=\"https:\/\/www.kariyer.net\/kariyer-rehberi\/bosch-turkiye-calisanlarina-inisiyatif-veriyor\/\" \/>\n<meta property=\"og:locale\" content=\"tr_TR\" \/>\n<meta property=\"og:type\" content=\"article\" \/>\n<meta property=\"og:title\" content=\"Bosch T\u00fcrkiye \u00e7al\u0131\u015fanlar\u0131na inisiyatif veriyor\" \/>\n<meta property=\"og:description\" content=\"Bosch T\u00fcrkiye, \u00e7al\u0131\u015fanlar\u0131n\u0131n kariyerine y\u00f6n vermek ve gen\u00e7lere ula\u015fmak i\u00e7in bir\u00e7ok projeyi uzun y\u0131llard\u0131r beraber y\u00fcr\u00fct\u00fcyor. Bosch T\u00fcrkiye Temsilcisi\" \/>\n<meta property=\"og:url\" content=\"https:\/\/www.kariyer.net\/kariyer-rehberi\/bosch-turkiye-calisanlarina-inisiyatif-veriyor\/\" \/>\n<meta property=\"og:site_name\" content=\"Kariyer Rehberi\" \/>\n<meta property=\"article:published_time\" content=\"2012-12-31T00:00:00+00:00\" \/>\n<meta property=\"article:modified_time\" content=\"2024-07-03T11:53:27+00:00\" \/>\n<meta property=\"og:image\" content=\"https:\/\/www.kariyer.net\/kariyer-rehberi\/wp-content\/uploads\/2012\/12\/bosch.jpg\" \/>\n\t<meta property=\"og:image:width\" content=\"290\" \/>\n\t<meta property=\"og:image:height\" content=\"150\" \/>\n\t<meta property=\"og:image:type\" content=\"image\/jpeg\" \/>\n<meta name=\"author\" content=\"Merve Tun\u00e7er\" \/>\n<meta name=\"twitter:card\" content=\"summary_large_image\" \/>\n<meta name=\"twitter:label1\" content=\"Yazan:\" \/>\n\t<meta name=\"twitter:data1\" content=\"Merve Tun\u00e7er\" \/>\n\t<meta name=\"twitter:label2\" content=\"Tahmini okuma s\u00fcresi\" \/>\n\t<meta name=\"twitter:data2\" content=\"7 dakika\" \/>\n<!-- \/ Yoast SEO Premium plugin. -->","yoast_head_json":{"title":"Bosch T\u00fcrkiye \u00e7al\u0131\u015fanlar\u0131na inisiyatif veriyor | Kariyer Rehberi","description":"Bosch T\u00fcrkiye, \u00e7al\u0131\u015fanlar\u0131n\u0131n kariyerine y\u00f6n vermek ve gen\u00e7lere ula\u015fmak i\u00e7in bir\u00e7ok projeyi uzun y\u0131llard\u0131r beraber y\u00fcr\u00fct\u00fcyor. Bosch T\u00fcrkiye Temsilcisi","robots":{"index":"index","follow":"follow","max-snippet":"max-snippet:-1","max-image-preview":"max-image-preview:large","max-video-preview":"max-video-preview:-1"},"canonical":"https:\/\/www.kariyer.net\/kariyer-rehberi\/bosch-turkiye-calisanlarina-inisiyatif-veriyor\/","og_locale":"tr_TR","og_type":"article","og_title":"Bosch T\u00fcrkiye \u00e7al\u0131\u015fanlar\u0131na inisiyatif veriyor","og_description":"Bosch T\u00fcrkiye, \u00e7al\u0131\u015fanlar\u0131n\u0131n kariyerine y\u00f6n vermek ve gen\u00e7lere ula\u015fmak i\u00e7in bir\u00e7ok projeyi uzun y\u0131llard\u0131r beraber y\u00fcr\u00fct\u00fcyor. Bosch T\u00fcrkiye Temsilcisi","og_url":"https:\/\/www.kariyer.net\/kariyer-rehberi\/bosch-turkiye-calisanlarina-inisiyatif-veriyor\/","og_site_name":"Kariyer Rehberi","article_published_time":"2012-12-31T00:00:00+00:00","article_modified_time":"2024-07-03T11:53:27+00:00","og_image":[{"width":290,"height":150,"url":"https:\/\/www.kariyer.net\/kariyer-rehberi\/wp-content\/uploads\/2012\/12\/bosch.jpg","type":"image\/jpeg"}],"author":"Merve Tun\u00e7er","twitter_card":"summary_large_image","twitter_misc":{"Yazan:":"Merve Tun\u00e7er","Tahmini okuma s\u00fcresi":"7 dakika"},"schema":{"@context":"https:\/\/schema.org","@graph":[{"@type":"Article","@id":"https:\/\/www.kariyer.net\/kariyer-rehberi\/bosch-turkiye-calisanlarina-inisiyatif-veriyor\/#article","isPartOf":{"@id":"https:\/\/www.kariyer.net\/kariyer-rehberi\/bosch-turkiye-calisanlarina-inisiyatif-veriyor\/"},"author":{"name":"Merve Tun\u00e7er","@id":"https:\/\/www.kariyer.net\/kariyer-rehberi\/#\/schema\/person\/0a1b137f53ff777a71394484346c28a1"},"headline":"Bosch T\u00fcrkiye \u00e7al\u0131\u015fanlar\u0131na inisiyatif veriyor","datePublished":"2012-12-31T00:00:00+00:00","dateModified":"2024-07-03T11:53:27+00:00","mainEntityOfPage":{"@id":"https:\/\/www.kariyer.net\/kariyer-rehberi\/bosch-turkiye-calisanlarina-inisiyatif-veriyor\/"},"wordCount":1381,"commentCount":0,"publisher":{"@id":"https:\/\/www.kariyer.net\/kariyer-rehberi\/#organization"},"image":{"@id":"https:\/\/www.kariyer.net\/kariyer-rehberi\/bosch-turkiye-calisanlarina-inisiyatif-veriyor\/#primaryimage"},"thumbnailUrl":"https:\/\/www.kariyer.net\/kariyer-rehberi\/wp-content\/uploads\/2012\/12\/bosch.jpg","articleSection":["Haberler ve Duyurular"],"inLanguage":"tr","potentialAction":[{"@type":"CommentAction","name":"Comment","target":["https:\/\/www.kariyer.net\/kariyer-rehberi\/bosch-turkiye-calisanlarina-inisiyatif-veriyor\/#respond"]}]},{"@type":"WebPage","@id":"https:\/\/www.kariyer.net\/kariyer-rehberi\/bosch-turkiye-calisanlarina-inisiyatif-veriyor\/","url":"https:\/\/www.kariyer.net\/kariyer-rehberi\/bosch-turkiye-calisanlarina-inisiyatif-veriyor\/","name":"Bosch T\u00fcrkiye \u00e7al\u0131\u015fanlar\u0131na inisiyatif veriyor | Kariyer Rehberi","isPartOf":{"@id":"https:\/\/www.kariyer.net\/kariyer-rehberi\/#website"},"primaryImageOfPage":{"@id":"https:\/\/www.kariyer.net\/kariyer-rehberi\/bosch-turkiye-calisanlarina-inisiyatif-veriyor\/#primaryimage"},"image":{"@id":"https:\/\/www.kariyer.net\/kariyer-rehberi\/bosch-turkiye-calisanlarina-inisiyatif-veriyor\/#primaryimage"},"thumbnailUrl":"https:\/\/www.kariyer.net\/kariyer-rehberi\/wp-content\/uploads\/2012\/12\/bosch.jpg","datePublished":"2012-12-31T00:00:00+00:00","dateModified":"2024-07-03T11:53:27+00:00","description":"Bosch T\u00fcrkiye, \u00e7al\u0131\u015fanlar\u0131n\u0131n kariyerine y\u00f6n vermek ve gen\u00e7lere ula\u015fmak i\u00e7in bir\u00e7ok projeyi uzun y\u0131llard\u0131r beraber y\u00fcr\u00fct\u00fcyor. Bosch T\u00fcrkiye Temsilcisi","breadcrumb":{"@id":"https:\/\/www.kariyer.net\/kariyer-rehberi\/bosch-turkiye-calisanlarina-inisiyatif-veriyor\/#breadcrumb"},"inLanguage":"tr","potentialAction":[{"@type":"ReadAction","target":["https:\/\/www.kariyer.net\/kariyer-rehberi\/bosch-turkiye-calisanlarina-inisiyatif-veriyor\/"]}]},{"@type":"ImageObject","inLanguage":"tr","@id":"https:\/\/www.kariyer.net\/kariyer-rehberi\/bosch-turkiye-calisanlarina-inisiyatif-veriyor\/#primaryimage","url":"https:\/\/www.kariyer.net\/kariyer-rehberi\/wp-content\/uploads\/2012\/12\/bosch.jpg","contentUrl":"https:\/\/www.kariyer.net\/kariyer-rehberi\/wp-content\/uploads\/2012\/12\/bosch.jpg","width":290,"height":150},{"@type":"BreadcrumbList","@id":"https:\/\/www.kariyer.net\/kariyer-rehberi\/bosch-turkiye-calisanlarina-inisiyatif-veriyor\/#breadcrumb","itemListElement":[{"@type":"ListItem","position":1,"name":"Anasayfa","item":"https:\/\/www.kariyer.net\/kariyer-rehberi\/"},{"@type":"ListItem","position":2,"name":"Bosch T\u00fcrkiye \u00e7al\u0131\u015fanlar\u0131na inisiyatif veriyor"}]},{"@type":"WebSite","@id":"https:\/\/www.kariyer.net\/kariyer-rehberi\/#website","url":"https:\/\/www.kariyer.net\/kariyer-rehberi\/","name":"Kariyer Rehberi","description":"\u0130\u015f D\u00fcnyas\u0131yla \u0130lgili Bilmek \u0130stedi\u011finiz Her \u015eey","publisher":{"@id":"https:\/\/www.kariyer.net\/kariyer-rehberi\/#organization"},"potentialAction":[{"@type":"SearchAction","target":{"@type":"EntryPoint","urlTemplate":"https:\/\/www.kariyer.net\/kariyer-rehberi\/?s={search_term_string}"},"query-input":{"@type":"PropertyValueSpecification","valueRequired":true,"valueName":"search_term_string"}}],"inLanguage":"tr"},{"@type":"Organization","@id":"https:\/\/www.kariyer.net\/kariyer-rehberi\/#organization","name":"Kariyer.net","url":"https:\/\/www.kariyer.net\/kariyer-rehberi\/","logo":{"@type":"ImageObject","inLanguage":"tr","@id":"https:\/\/www.kariyer.net\/kariyer-rehberi\/#\/schema\/logo\/image\/","url":"https:\/\/www.kariyer.net\/kariyer-rehberi-new\/wp-content\/uploads\/2023\/01\/og-image11.jpg","contentUrl":"https:\/\/www.kariyer.net\/kariyer-rehberi-new\/wp-content\/uploads\/2023\/01\/og-image11.jpg","width":800,"height":800,"caption":"Kariyer.net"},"image":{"@id":"https:\/\/www.kariyer.net\/kariyer-rehberi\/#\/schema\/logo\/image\/"}},{"@type":"Person","@id":"https:\/\/www.kariyer.net\/kariyer-rehberi\/#\/schema\/person\/0a1b137f53ff777a71394484346c28a1","name":"Merve Tun\u00e7er","image":{"@type":"ImageObject","inLanguage":"tr","@id":"https:\/\/www.kariyer.net\/kariyer-rehberi\/#\/schema\/person\/image\/","url":"https:\/\/secure.gravatar.com\/avatar\/f901bc11e2b7a88ba6f6ba817ccc4d8f7782f16694472c26fd2664737093f4f2?s=96&d=mm&r=g","contentUrl":"https:\/\/secure.gravatar.com\/avatar\/f901bc11e2b7a88ba6f6ba817ccc4d8f7782f16694472c26fd2664737093f4f2?s=96&d=mm&r=g","caption":"Merve Tun\u00e7er"},"description":"Kad\u0131k\u00f6y Anadolu Lisesi\u2019nin ard\u0131ndan diplomat olma hayaliyle girdi\u011fi Marmara \u00dcniversitesi Frans\u0131zca Siyaset Bilimi ve Kamu Y\u00f6netimi B\u00f6l\u00fcm\u00fc\u2019nde e\u011fitimine devam ederken gazetecilik mesle\u011fine g\u00f6nl\u00fcn\u00fc kapt\u0131rd\u0131. \u201cT\u00fcrkiye\u2019de ve Fransa\u2019da Gazeteci Kimli\u011fi Sorunu\u201d konulu tezini yazarken \u00e7al\u0131\u015fmaya ba\u015flad\u0131\u011f\u0131 ajansta gazetecili\u011fe ad\u0131m att\u0131.","sameAs":["http:\/\/www.kariyer.net\/kariyer-rehberi\/merve-tuncer\/"],"url":"https:\/\/www.kariyer.net\/kariyer-rehberi\/author\/merve-tuncer\/"}]}},"_links":{"self":[{"href":"https:\/\/www.kariyer.net\/kariyer-rehberi\/wp-json\/wp\/v2\/posts\/904","targetHints":{"allow":["GET"]}}],"collection":[{"href":"https:\/\/www.kariyer.net\/kariyer-rehberi\/wp-json\/wp\/v2\/posts"}],"about":[{"href":"https:\/\/www.kariyer.net\/kariyer-rehberi\/wp-json\/wp\/v2\/types\/post"}],"author":[{"embeddable":true,"href":"https:\/\/www.kariyer.net\/kariyer-rehberi\/wp-json\/wp\/v2\/users\/6"}],"replies":[{"embeddable":true,"href":"https:\/\/www.kariyer.net\/kariyer-rehberi\/wp-json\/wp\/v2\/comments?post=904"}],"version-history":[{"count":1,"href":"https:\/\/www.kariyer.net\/kariyer-rehberi\/wp-json\/wp\/v2\/posts\/904\/revisions"}],"predecessor-version":[{"id":18725,"href":"https:\/\/www.kariyer.net\/kariyer-rehberi\/wp-json\/wp\/v2\/posts\/904\/revisions\/18725"}],"wp:featuredmedia":[{"embeddable":true,"href":"https:\/\/www.kariyer.net\/kariyer-rehberi\/wp-json\/wp\/v2\/media\/4353"}],"wp:attachment":[{"href":"https:\/\/www.kariyer.net\/kariyer-rehberi\/wp-json\/wp\/v2\/media?parent=904"}],"wp:term":[{"taxonomy":"category","embeddable":true,"href":"https:\/\/www.kariyer.net\/kariyer-rehberi\/wp-json\/wp\/v2\/categories?post=904"},{"taxonomy":"post_tag","embeddable":true,"href":"https:\/\/www.kariyer.net\/kariyer-rehberi\/wp-json\/wp\/v2\/tags?post=904"}],"curies":[{"name":"wp","href":"https:\/\/api.w.org\/{rel}","templated":true}]}}