{"id":9057,"date":"2017-05-29T14:17:59","date_gmt":"2017-05-29T11:17:59","guid":{"rendered":"http:\/\/www.kariyer.net\/kariyer-rehberi\/?p=9057"},"modified":"2024-08-08T21:10:02","modified_gmt":"2024-08-08T18:10:02","slug":"isten-ayrilman-gerektigini-ne-zaman-anlarsin","status":"publish","type":"post","link":"https:\/\/www.kariyer.net\/kariyer-rehberi\/isten-ayrilman-gerektigini-ne-zaman-anlarsin\/","title":{"rendered":"\u0130\u015ften ayr\u0131lman gerekti\u011fini ne zaman anlars\u0131n?"},"content":{"rendered":"<p><strong>\u0130\u015finizden dolay\u0131 s\u00fcrekli stres mi ya\u015f\u0131yorsunuz? Ofiste olmak yerine d\u0131\u015far\u0131da olmay\u0131 m\u0131 hayal ediyorsunuz? Ya da i\u015f yerinde s\u00fcrekli olarak gerildi\u011finizi mi hissediyorsunuz? Uzmanlara g\u00f6re t\u00fcm bu nedenler i\u015ften ayr\u0131lman\u0131n zaman\u0131n\u0131n geldi\u011fini g\u00f6steren i\u015faretlerden sadece birka\u00e7\u0131\u2026<\/strong><\/p>\n<p>\u00c7al\u0131\u015fanlar\u0131n i\u015f de\u011fi\u015fikli\u011fini d\u00fc\u015f\u00fcnme nedenleri aras\u0131nda pek \u00e7ok neden olabilir. Kimi \u00e7al\u0131\u015fanlar ya\u015fad\u0131klar\u0131 sorunlar\u0131n \u00e7\u00f6z\u00fclmedi\u011fini ve t\u00fcm \u00e7abalar\u0131na kar\u015f\u0131n ko\u015fullar\u0131n\u0131n d\u00fczelmedi\u011fini d\u00fc\u015f\u00fcnd\u00fc\u011f\u00fcnde i\u015f de\u011fi\u015fikli\u011fi yapmay\u0131 planlar. Ancak bu durum herkes i\u00e7in o kadar net olmayabilir. Nitekim The Hired Group&#8217;un Kurucusu, Kariyer Ko\u00e7u Ryan Kahn, kimi insanlar\u0131n \u00e7al\u0131\u015ft\u0131klar\u0131 i\u015fi b\u0131rakman\u0131n zaman\u0131 geldi\u011finde durumu olduk\u00e7a net anlayabildi\u011fini, ancak kimilerininse bu durumu o kadar net anlayamad\u0131\u011f\u0131n\u0131 belirtiyor. Forbes yazarlar\u0131ndan Jacquelyn Smith\u00a0\u00e7al\u0131\u015fanlar\u0131 i\u015f de\u011fi\u015fikli\u011fine g\u00f6t\u00fcren nedenleri \u015f\u00f6yle s\u0131ral\u0131yor:<\/p>\n<h2><strong>\u0130\u015fe y\u00f6nelik heyecan\u0131 kaybetmek<\/strong><\/h2>\n<p>\u201cSevdi\u011finiz i\u015fi yapm\u0131yorsan\u0131z, ger\u00e7ek potansiyelinize hi\u00e7bir zaman ula\u015famazs\u0131n\u0131z\u201d diyen Liderlik Ko\u00e7u ve Tame Your Berry Office Tyrant kitab\u0131n\u0131n yazar\u0131 Lynn Taylor, ki\u015finin heyecan duydu\u011fu, sevdi\u011fi bir i\u015fe sahip olmamas\u0131 durumunda i\u015finin sadece bir i\u015f olmaya devam edece\u011fini ve sonunda da o i\u015fi yaparken mutsuz olaca\u011f\u0131n\u0131 belirtiyor. E\u011fer her g\u00fcn i\u015fteyken al\u0131\u015fveri\u015f sitelerinde dola\u015f\u0131yor, ofiste zaman ge\u00e7mek bilmiyor, mesainin biti\u015f saatini iple \u00e7ekiyor ve i\u015finize y\u00f6nelik tutkunuzu ve heyecan\u0131n\u0131z\u0131 kaybetti\u011finizi d\u00fc\u015f\u00fcn\u00fcyorsan\u0131z s\u00fcreci farkl\u0131 bir boyutta ele almak i\u00e7in kollar\u0131n\u0131z\u0131 s\u0131vayabilirsiniz.<\/p>\n<h2><strong>Her sabah mutsuz olmak<\/strong><\/h2>\n<p>Hemen herkes i\u015f yerinde zaman zaman huzursuzluk, \u00e7at\u0131\u015fma, mutsuzluk gibi sorunlar ya\u015fayabilir. Ancak her sabah mutsuz uyan\u0131yorsan\u0131z, i\u015fe gidece\u011finiz i\u00e7in moraliniz bozuluyorsa, bu durum \u00e7ok uzun s\u00fcredir ayn\u0131 \u015fekilde devam ediyor ancak t\u00fcm u\u011fra\u015flar\u0131n\u0131za ra\u011fmen bir sonu\u00e7 alam\u0131yorsan\u0131z o zaman bir \u015feyleri de\u011ferlendirme vaktiniz gelmi\u015f olabilir.<\/p>\n<h2><strong>\u00c7al\u0131\u015fma arkada\u015flar\u0131n\u0131 ve\/veya y\u00f6neticiyi sevmemek<\/strong><\/h2>\n<p>\u00c7al\u0131\u015fma arkada\u015flar\u0131n\u0131zla ve\/veya <a href=\"https:\/\/www.kariyer.net\/kariyer-rehberi\/iskolik-bir-yoneticiyle-nasil-calisilir\/\" target=\"_blank\" rel=\"noopener\"><strong><em>y\u00f6neticilerinizle zaman zaman sorun ya\u015fayabilirsiniz<\/em><\/strong><\/a>. Ancak farkl\u0131 ileti\u015fim yollar\u0131 denemenize ra\u011fmen ileti\u015fiminizde bir iyile\u015fme g\u00f6zlemlemiyor ve huzursuz bir i\u015f ortam\u0131nda \u00e7al\u0131\u015ft\u0131\u011f\u0131n\u0131z\u0131 d\u00fc\u015f\u00fcn\u00fcyorsan\u0131z ve de bu durum hem psikolojinizi hem de i\u015f yap\u0131\u015f\u0131n\u0131z\u0131 olduk\u00e7a etkiliyorsa farkl\u0131 bir i\u015f aray\u0131\u015f\u0131nda bulunabilirsiniz.<\/p>\n<h2><strong>\u0130\u015ften kaynakl\u0131 stresin sa\u011fl\u0131\u011f\u0131 etkilemesi<\/strong><\/h2>\n<p>Sorunlar\u0131n\u0131z, i\u015finizden, birlikte \u00e7al\u0131\u015ft\u0131\u011f\u0131n\u0131z ki\u015filerden ya da \u015firket k\u00fclt\u00fcr\u00fcnden kaynaklan\u0131yorsa ve ya\u015fad\u0131\u011f\u0131n\u0131z stres\u00a0nedeniyle zihinsel ve fiziksel olarak etkileniyorsan\u0131z ya\u015fad\u0131\u011f\u0131n\u0131z sorunu irdeleme zaman\u0131 gelmi\u015f demektir. Sorununuzu g\u00f6rmezden gelmek yerine ya\u015fad\u0131\u011f\u0131n\u0131z s\u0131k\u0131nt\u0131n\u0131n daha da derinle\u015fmemesi i\u00e7in <a href=\"https:\/\/www.kariyer.net\/kariyer-rehberi\/isyerinde-stresi-5-adimda-ortadan-kaldirin\/\" target=\"_blank\" rel=\"noopener\"><strong><em>farkl\u0131 \u00e7\u00f6z\u00fcm yollar\u0131n\u0131<\/em> <\/strong><\/a>deneyebilirsiniz. Ancak herhangi bir sonuca ula\u015famad\u0131\u011f\u0131n\u0131zdan eminseniz sizin i\u00e7in en uygun ad\u0131m\u0131 atmay\u0131 deneyebilirsiniz.<\/p>\n<h2><strong>Kurum k\u00fclt\u00fcr\u00fcne inanmamak<\/strong><\/h2>\n<p>\u00c7al\u0131\u015ft\u0131\u011f\u0131n\u0131z \u015firketin kurum k\u00fclt\u00fcr\u00fcne art\u0131k uymuyorsan\u0131z ya da \u015firketinize olan inanc\u0131n\u0131z\u0131 yitirdiyseniz, bireysel de\u011ferlerinizle \u015firketinizin kurumsal de\u011ferleri uyu\u015fmad\u0131\u011f\u0131n\u0131 d\u00fc\u015f\u00fcn\u00fcyor ve kendinizi s\u00fcrekli bir \u00e7at\u0131\u015fma halinde g\u00f6r\u00fcyorsan\u0131z s\u00fcreci enine boyuna de\u011ferlendirmenizde fayda olabilir.<\/p>\n<h2><strong>\u0130\u015f &#8211; \u00f6zel hayat dengesi kuramamak<\/strong><\/h2>\n<p>Hemen her i\u015fin temposu farkl\u0131d\u0131r. Ancak bu temponun \u00f6zel hayat\u0131n\u0131za s\u00fcrekli m\u00fcdahale etti\u011fini d\u00fc\u015f\u00fcn\u00fcyor ve<strong><em><a href=\"https:\/\/www.kariyer.net\/kariyer-rehberi\/is-ve-ozel-yasam-arasinda-denge-nasil-saglanir\/\" target=\"_blank\" rel=\"noopener\"> i\u015f ile \u00f6zel hayat\u0131n\u0131z aras\u0131nda bu dengeyi kuramad\u0131\u011f\u0131n\u0131z\u0131 d\u00fc\u015f\u00fcn\u00fcyorsan\u0131z<\/a><\/em><\/strong>, y\u00f6neticinizle konu\u015fman\u0131z sizin i\u00e7in yararl\u0131 olabilir. Nitekim \u00e7al\u0131\u015fanlar\u0131n yeni bir i\u015f d\u00fc\u015f\u00fcnmesinin en \u00f6nemli sebepleri aras\u0131nda i\u015f-\u00f6zel hayat dengesinin kurulamamas\u0131 yer al\u0131r. \u0130\u015f \u2013 \u00f6zel hayat dengesinin kurulamad\u0131\u011f\u0131n\u0131 g\u00f6steren i\u015faretler aras\u0131nda ise i\u015f yo\u011funlu\u011fu nedeniyle mesai saatleri d\u0131\u015f\u0131nda da yo\u011fun bir \u015fekilde i\u015fle me\u015fgul olunmas\u0131, i\u015fi nedeniyle ki\u015finin kendine ve sevdiklerine istedi\u011fi zaman\u0131 ay\u0131ramamas\u0131, s\u00fcrekli mesaiye kalmas\u0131n\u0131n istenmesi, ki\u015finin tatil g\u00fcnlerinde de \u00e7al\u0131\u015fmas\u0131n\u0131n istenmesi ve benzeri durumlar s\u0131ralanabilir.<\/p>\n<h2><strong>Yeteneklerini \u2013 becerilerini geli\u015ftirememek<\/strong><\/h2>\n<p>Uzun s\u00fcredir ayn\u0131 i\u015f yerinde \u00e7al\u0131\u015fan ki\u015filerin ya\u015fad\u0131\u011f\u0131 bir di\u011fer s\u0131k\u0131nt\u0131 ise yeteneklerin\/becerilerin geli\u015ftirilememesi y\u00f6n\u00fcnde. E\u011fer ayn\u0131 pozisyonda s\u0131k\u0131\u015f\u0131p kald\u0131\u011f\u0131n\u0131z\u0131, yeteneklerinizi yeterince kullanmad\u0131\u011f\u0131n\u0131z\u0131, yerinizde sayd\u0131\u011f\u0131n\u0131z\u0131 ve kendinizi geli\u015ftiremedi\u011finizi d\u00fc\u015f\u00fcn\u00fcyorsan\u0131z y\u00f6neticinizle durumu konu\u015fman\u0131z ve daha fazla sorumluluk istemeniz size yeni bir kap\u0131n\u0131n a\u00e7\u0131lmas\u0131n\u0131 sa\u011flayabilir. Ancak hali haz\u0131rda \u00e7\u00f6z\u00fcm yollar\u0131n\u0131 denedi\u011finizi d\u00fc\u015f\u00fcn\u00fcyorsan\u0131z yeni bir i\u015f d\u00fc\u015f\u00fcnmenizi vakti gelmi\u015f olabilir.<\/p>\n<p>&nbsp;<\/p>\n<!-- templates\/buttons-placeholder.php -->\n<div class=\"da-reactions-outer TpostID9057\">\n\t    <div class=\"da-reactions-data da-reactions-container-async center\"\n         data-type=\"post\"\n         data-id=\"9057\"\n         id=\"da-reactions-slot-post-9057\">\n        <div class=\"da-reactions-static\">\n\t\t\t<img src=\"https:\/\/www.kariyer.net\/kariyer-rehberi\/wp-content\/plugins\/da-reactions\/assets\/dist\/loading.svg\" alt=\"Loading spinner\" width=\"48\" height=\"48\" style=\"width:48px\" \/>\n        <\/div>\n    <\/div>\n<\/div>\n","protected":false},"excerpt":{"rendered":"<p>\u0130\u015finizden dolay\u0131 s\u00fcrekli stres mi ya\u015f\u0131yorsunuz? Ofiste olmak yerine d\u0131\u015far\u0131da olmay\u0131 m\u0131 hayal ediyorsunuz? Ya da i\u015f yerinde s\u00fcrekli olarak gerildi\u011finizi mi hissediyorsunuz? Uzmanlara g\u00f6re t\u00fcm bu nedenler i\u015ften ayr\u0131lman\u0131n zaman\u0131n\u0131n geldi\u011fini g\u00f6steren i\u015faretlerden sadece birka\u00e7\u0131\u2026 \u00c7al\u0131\u015fanlar\u0131n i\u015f de\u011fi\u015fikli\u011fini d\u00fc\u015f\u00fcnme nedenleri aras\u0131nda pek \u00e7ok neden olabilir. Kimi \u00e7al\u0131\u015fanlar ya\u015fad\u0131klar\u0131 sorunlar\u0131n \u00e7\u00f6z\u00fclmedi\u011fini ve t\u00fcm \u00e7abalar\u0131na kar\u015f\u0131n [&hellip;]<\/p>\n<!-- templates\/buttons-placeholder.php -->\n<div class=\"da-reactions-outer TpostID9057\">\n\t    <div class=\"da-reactions-data da-reactions-container-async center\"\n         data-type=\"post\"\n         data-id=\"9057\"\n         id=\"da-reactions-slot-post-9057\">\n        <div class=\"da-reactions-static\">\n\t\t\t<img src=\"https:\/\/www.kariyer.net\/kariyer-rehberi\/wp-content\/plugins\/da-reactions\/assets\/dist\/loading.svg\" alt=\"Loading spinner\" width=\"48\" height=\"48\" style=\"width:48px\" \/>\n        <\/div>\n    <\/div>\n<\/div>\n","protected":false},"author":21,"featured_media":9453,"comment_status":"open","ping_status":"open","sticky":false,"template":"","format":"standard","meta":{"footnotes":"","_elementor_edit_mode":"","_elementor_template_type":"","_elementor_data":"","_elementor_page_settings":null,"_elementor_conditions":[]},"categories":[46,2214],"tags":[991,59,956,957,64],"class_list":{"0":"post-9057","1":"post","2":"type-post","3":"status-publish","4":"format-standard","5":"has-post-thumbnail","7":"category-is-hayati","8":"category-yasam","9":"tag-genc-profesyonel","10":"tag-stajyer","11":"tag-uzman","12":"tag-uzman-yardimcisi","13":"tag-yeni-mezun"},"yoast_head":"<!-- This site is optimized with the Yoast SEO Premium plugin v21.4 (Yoast SEO v27.0) - https:\/\/yoast.com\/product\/yoast-seo-premium-wordpress\/ -->\n<title>\u0130\u015ften ayr\u0131lman gerekti\u011fini ne zaman anlars\u0131n? | Kariyer Rehberi<\/title>\n<meta name=\"description\" content=\"\u0130\u015finizden dolay\u0131 s\u00fcrekli stres mi ya\u015f\u0131yorsunuz? Ofiste olmak yerine d\u0131\u015far\u0131da olmay\u0131 m\u0131 hayal ediyorsunuz? Ya da i\u015f yerinde s\u00fcrekli olarak gerildi\u011finizi mi\" \/>\n<meta name=\"robots\" content=\"index, follow, max-snippet:-1, max-image-preview:large, max-video-preview:-1\" \/>\n<link rel=\"canonical\" href=\"https:\/\/www.kariyer.net\/kariyer-rehberi\/isten-ayrilman-gerektigini-ne-zaman-anlarsin\/\" \/>\n<meta property=\"og:locale\" content=\"tr_TR\" \/>\n<meta property=\"og:type\" content=\"article\" \/>\n<meta property=\"og:title\" content=\"\u0130\u015ften ayr\u0131lman gerekti\u011fini ne zaman anlars\u0131n?\" \/>\n<meta property=\"og:description\" content=\"\u0130\u015finizden dolay\u0131 s\u00fcrekli stres mi ya\u015f\u0131yorsunuz? Ofiste olmak yerine d\u0131\u015far\u0131da olmay\u0131 m\u0131 hayal ediyorsunuz? Ya da i\u015f yerinde s\u00fcrekli olarak gerildi\u011finizi mi\" \/>\n<meta property=\"og:url\" content=\"https:\/\/www.kariyer.net\/kariyer-rehberi\/isten-ayrilman-gerektigini-ne-zaman-anlarsin\/\" \/>\n<meta property=\"og:site_name\" content=\"Kariyer Rehberi\" \/>\n<meta property=\"article:published_time\" content=\"2017-05-29T11:17:59+00:00\" \/>\n<meta property=\"article:modified_time\" content=\"2024-08-08T18:10:02+00:00\" \/>\n<meta property=\"og:image\" content=\"https:\/\/www.kariyer.net\/kariyer-rehberi\/wp-content\/uploads\/2017\/05\/istenayrilman674.jpg\" \/>\n\t<meta property=\"og:image:width\" content=\"900\" \/>\n\t<meta property=\"og:image:height\" content=\"600\" \/>\n\t<meta property=\"og:image:type\" content=\"image\/jpeg\" \/>\n<meta name=\"author\" content=\"Mehlika Akg\u00fcn\" \/>\n<meta name=\"twitter:card\" content=\"summary_large_image\" \/>\n<meta name=\"twitter:label1\" content=\"Yazan:\" \/>\n\t<meta name=\"twitter:data1\" content=\"Mehlika Akg\u00fcn\" \/>\n\t<meta name=\"twitter:label2\" content=\"Tahmini okuma s\u00fcresi\" \/>\n\t<meta name=\"twitter:data2\" content=\"4 dakika\" \/>\n<!-- \/ Yoast SEO Premium plugin. -->","yoast_head_json":{"title":"\u0130\u015ften ayr\u0131lman gerekti\u011fini ne zaman anlars\u0131n? | Kariyer Rehberi","description":"\u0130\u015finizden dolay\u0131 s\u00fcrekli stres mi ya\u015f\u0131yorsunuz? Ofiste olmak yerine d\u0131\u015far\u0131da olmay\u0131 m\u0131 hayal ediyorsunuz? Ya da i\u015f yerinde s\u00fcrekli olarak gerildi\u011finizi mi","robots":{"index":"index","follow":"follow","max-snippet":"max-snippet:-1","max-image-preview":"max-image-preview:large","max-video-preview":"max-video-preview:-1"},"canonical":"https:\/\/www.kariyer.net\/kariyer-rehberi\/isten-ayrilman-gerektigini-ne-zaman-anlarsin\/","og_locale":"tr_TR","og_type":"article","og_title":"\u0130\u015ften ayr\u0131lman gerekti\u011fini ne zaman anlars\u0131n?","og_description":"\u0130\u015finizden dolay\u0131 s\u00fcrekli stres mi ya\u015f\u0131yorsunuz? Ofiste olmak yerine d\u0131\u015far\u0131da olmay\u0131 m\u0131 hayal ediyorsunuz? Ya da i\u015f yerinde s\u00fcrekli olarak gerildi\u011finizi mi","og_url":"https:\/\/www.kariyer.net\/kariyer-rehberi\/isten-ayrilman-gerektigini-ne-zaman-anlarsin\/","og_site_name":"Kariyer Rehberi","article_published_time":"2017-05-29T11:17:59+00:00","article_modified_time":"2024-08-08T18:10:02+00:00","og_image":[{"width":900,"height":600,"url":"https:\/\/www.kariyer.net\/kariyer-rehberi\/wp-content\/uploads\/2017\/05\/istenayrilman674.jpg","type":"image\/jpeg"}],"author":"Mehlika Akg\u00fcn","twitter_card":"summary_large_image","twitter_misc":{"Yazan:":"Mehlika Akg\u00fcn","Tahmini okuma s\u00fcresi":"4 dakika"},"schema":{"@context":"https:\/\/schema.org","@graph":[{"@type":"Article","@id":"https:\/\/www.kariyer.net\/kariyer-rehberi\/isten-ayrilman-gerektigini-ne-zaman-anlarsin\/#article","isPartOf":{"@id":"https:\/\/www.kariyer.net\/kariyer-rehberi\/isten-ayrilman-gerektigini-ne-zaman-anlarsin\/"},"author":{"name":"Mehlika Akg\u00fcn","@id":"https:\/\/www.kariyer.net\/kariyer-rehberi\/#\/schema\/person\/decccb85f55a7adf9dd3be68ee3eaa53"},"headline":"\u0130\u015ften ayr\u0131lman gerekti\u011fini ne zaman anlars\u0131n?","datePublished":"2017-05-29T11:17:59+00:00","dateModified":"2024-08-08T18:10:02+00:00","mainEntityOfPage":{"@id":"https:\/\/www.kariyer.net\/kariyer-rehberi\/isten-ayrilman-gerektigini-ne-zaman-anlarsin\/"},"wordCount":853,"commentCount":0,"publisher":{"@id":"https:\/\/www.kariyer.net\/kariyer-rehberi\/#organization"},"image":{"@id":"https:\/\/www.kariyer.net\/kariyer-rehberi\/isten-ayrilman-gerektigini-ne-zaman-anlarsin\/#primaryimage"},"thumbnailUrl":"https:\/\/www.kariyer.net\/kariyer-rehberi\/wp-content\/uploads\/2017\/05\/istenayrilman674.jpg","keywords":["gen\u00e7 profesyonel","Stajyer","uzman","uzman yard\u0131mc\u0131s\u0131","yeni mezun"],"articleSection":["\u0130\u015f Hayat\u0131","Ya\u015fam"],"inLanguage":"tr","potentialAction":[{"@type":"CommentAction","name":"Comment","target":["https:\/\/www.kariyer.net\/kariyer-rehberi\/isten-ayrilman-gerektigini-ne-zaman-anlarsin\/#respond"]}]},{"@type":"WebPage","@id":"https:\/\/www.kariyer.net\/kariyer-rehberi\/isten-ayrilman-gerektigini-ne-zaman-anlarsin\/","url":"https:\/\/www.kariyer.net\/kariyer-rehberi\/isten-ayrilman-gerektigini-ne-zaman-anlarsin\/","name":"\u0130\u015ften ayr\u0131lman gerekti\u011fini ne zaman anlars\u0131n? | Kariyer Rehberi","isPartOf":{"@id":"https:\/\/www.kariyer.net\/kariyer-rehberi\/#website"},"primaryImageOfPage":{"@id":"https:\/\/www.kariyer.net\/kariyer-rehberi\/isten-ayrilman-gerektigini-ne-zaman-anlarsin\/#primaryimage"},"image":{"@id":"https:\/\/www.kariyer.net\/kariyer-rehberi\/isten-ayrilman-gerektigini-ne-zaman-anlarsin\/#primaryimage"},"thumbnailUrl":"https:\/\/www.kariyer.net\/kariyer-rehberi\/wp-content\/uploads\/2017\/05\/istenayrilman674.jpg","datePublished":"2017-05-29T11:17:59+00:00","dateModified":"2024-08-08T18:10:02+00:00","description":"\u0130\u015finizden dolay\u0131 s\u00fcrekli stres mi ya\u015f\u0131yorsunuz? Ofiste olmak yerine d\u0131\u015far\u0131da olmay\u0131 m\u0131 hayal ediyorsunuz? Ya da i\u015f yerinde s\u00fcrekli olarak gerildi\u011finizi mi","breadcrumb":{"@id":"https:\/\/www.kariyer.net\/kariyer-rehberi\/isten-ayrilman-gerektigini-ne-zaman-anlarsin\/#breadcrumb"},"inLanguage":"tr","potentialAction":[{"@type":"ReadAction","target":["https:\/\/www.kariyer.net\/kariyer-rehberi\/isten-ayrilman-gerektigini-ne-zaman-anlarsin\/"]}]},{"@type":"ImageObject","inLanguage":"tr","@id":"https:\/\/www.kariyer.net\/kariyer-rehberi\/isten-ayrilman-gerektigini-ne-zaman-anlarsin\/#primaryimage","url":"https:\/\/www.kariyer.net\/kariyer-rehberi\/wp-content\/uploads\/2017\/05\/istenayrilman674.jpg","contentUrl":"https:\/\/www.kariyer.net\/kariyer-rehberi\/wp-content\/uploads\/2017\/05\/istenayrilman674.jpg","width":900,"height":600},{"@type":"BreadcrumbList","@id":"https:\/\/www.kariyer.net\/kariyer-rehberi\/isten-ayrilman-gerektigini-ne-zaman-anlarsin\/#breadcrumb","itemListElement":[{"@type":"ListItem","position":1,"name":"Anasayfa","item":"https:\/\/www.kariyer.net\/kariyer-rehberi\/"},{"@type":"ListItem","position":2,"name":"\u0130\u015ften ayr\u0131lman gerekti\u011fini ne zaman anlars\u0131n?"}]},{"@type":"WebSite","@id":"https:\/\/www.kariyer.net\/kariyer-rehberi\/#website","url":"https:\/\/www.kariyer.net\/kariyer-rehberi\/","name":"Kariyer Rehberi","description":"\u0130\u015f D\u00fcnyas\u0131yla \u0130lgili Bilmek \u0130stedi\u011finiz Her \u015eey","publisher":{"@id":"https:\/\/www.kariyer.net\/kariyer-rehberi\/#organization"},"potentialAction":[{"@type":"SearchAction","target":{"@type":"EntryPoint","urlTemplate":"https:\/\/www.kariyer.net\/kariyer-rehberi\/?s={search_term_string}"},"query-input":{"@type":"PropertyValueSpecification","valueRequired":true,"valueName":"search_term_string"}}],"inLanguage":"tr"},{"@type":"Organization","@id":"https:\/\/www.kariyer.net\/kariyer-rehberi\/#organization","name":"Kariyer.net","url":"https:\/\/www.kariyer.net\/kariyer-rehberi\/","logo":{"@type":"ImageObject","inLanguage":"tr","@id":"https:\/\/www.kariyer.net\/kariyer-rehberi\/#\/schema\/logo\/image\/","url":"https:\/\/www.kariyer.net\/kariyer-rehberi-new\/wp-content\/uploads\/2023\/01\/og-image11.jpg","contentUrl":"https:\/\/www.kariyer.net\/kariyer-rehberi-new\/wp-content\/uploads\/2023\/01\/og-image11.jpg","width":800,"height":800,"caption":"Kariyer.net"},"image":{"@id":"https:\/\/www.kariyer.net\/kariyer-rehberi\/#\/schema\/logo\/image\/"}},{"@type":"Person","@id":"https:\/\/www.kariyer.net\/kariyer-rehberi\/#\/schema\/person\/decccb85f55a7adf9dd3be68ee3eaa53","name":"Mehlika Akg\u00fcn","image":{"@type":"ImageObject","inLanguage":"tr","@id":"https:\/\/www.kariyer.net\/kariyer-rehberi\/#\/schema\/person\/image\/","url":"https:\/\/secure.gravatar.com\/avatar\/0048a8f41307557d30c39a26a0869ff21758d0d8db97b2b4047abc9b1e394df0?s=96&d=mm&r=g","contentUrl":"https:\/\/secure.gravatar.com\/avatar\/0048a8f41307557d30c39a26a0869ff21758d0d8db97b2b4047abc9b1e394df0?s=96&d=mm&r=g","caption":"Mehlika Akg\u00fcn"},"sameAs":["http:\/\/www.kariyer.net\/kariyer-rehberi\/mehlika-akgun\/"],"url":"https:\/\/www.kariyer.net\/kariyer-rehberi\/author\/mehlikaa\/"}]}},"_links":{"self":[{"href":"https:\/\/www.kariyer.net\/kariyer-rehberi\/wp-json\/wp\/v2\/posts\/9057","targetHints":{"allow":["GET"]}}],"collection":[{"href":"https:\/\/www.kariyer.net\/kariyer-rehberi\/wp-json\/wp\/v2\/posts"}],"about":[{"href":"https:\/\/www.kariyer.net\/kariyer-rehberi\/wp-json\/wp\/v2\/types\/post"}],"author":[{"embeddable":true,"href":"https:\/\/www.kariyer.net\/kariyer-rehberi\/wp-json\/wp\/v2\/users\/21"}],"replies":[{"embeddable":true,"href":"https:\/\/www.kariyer.net\/kariyer-rehberi\/wp-json\/wp\/v2\/comments?post=9057"}],"version-history":[{"count":1,"href":"https:\/\/www.kariyer.net\/kariyer-rehberi\/wp-json\/wp\/v2\/posts\/9057\/revisions"}],"predecessor-version":[{"id":20666,"href":"https:\/\/www.kariyer.net\/kariyer-rehberi\/wp-json\/wp\/v2\/posts\/9057\/revisions\/20666"}],"wp:featuredmedia":[{"embeddable":true,"href":"https:\/\/www.kariyer.net\/kariyer-rehberi\/wp-json\/wp\/v2\/media\/9453"}],"wp:attachment":[{"href":"https:\/\/www.kariyer.net\/kariyer-rehberi\/wp-json\/wp\/v2\/media?parent=9057"}],"wp:term":[{"taxonomy":"category","embeddable":true,"href":"https:\/\/www.kariyer.net\/kariyer-rehberi\/wp-json\/wp\/v2\/categories?post=9057"},{"taxonomy":"post_tag","embeddable":true,"href":"https:\/\/www.kariyer.net\/kariyer-rehberi\/wp-json\/wp\/v2\/tags?post=9057"}],"curies":[{"name":"wp","href":"https:\/\/api.w.org\/{rel}","templated":true}]}}