{"id":9158,"date":"2017-07-04T14:01:25","date_gmt":"2017-07-04T11:01:25","guid":{"rendered":"http:\/\/www.kariyer.net\/kariyer-rehberi\/?p=9158"},"modified":"2024-08-08T21:10:01","modified_gmt":"2024-08-08T18:10:01","slug":"calisanlarin-hafta-tatili-kalkiyor-mu","status":"publish","type":"post","link":"https:\/\/www.kariyer.net\/kariyer-rehberi\/calisanlarin-hafta-tatili-kalkiyor-mu\/","title":{"rendered":"\u00c7al\u0131\u015fanlar\u0131n hafta tatili kalk\u0131yor mu?"},"content":{"rendered":"<p><strong>Hafta tatilinin kald\u0131r\u0131lmas\u0131 g\u00fcnlerdir g\u00fcndemi me\u015fgul eden bir konu. Peki, son ya\u015fanan geli\u015fmeler neticesinde hafta tatili kald\u0131r\u0131l\u0131yor mu?\u00a0S\u00fcre\u00e7, gerek \u00e7al\u0131\u015fanlara gerek i\u015f d\u00fcnyas\u0131na nas\u0131l yans\u0131yacak? Sosyal G\u00fcvenlik Uzman\u0131 Mert Nay\u0131r, geli\u015fmeler hakk\u0131nda bilgi veriyor.<\/strong><\/p>\n<p>TBMM Genel Kurulu\u2019nda kabul edilen ve Cumhurba\u015fkan\u0131 Recep Tayyip Erdo\u011fan taraf\u0131ndan imzalanan Sanayinin Geli\u015ftirilmesi ve \u00dcretimin Desteklenmesi Kanunu ile \u00f6nemli de\u011fi\u015fiklikler gelecek. Bunlardan en \u00f6nemlisi ise g\u00fcn\u00fcm\u00fczde uygulama alan\u0131 art\u0131k kalmayan, ticaret hayat\u0131n\u0131n engellerinden biri olan Hafta Tatili Kanunu&#8217;nun kald\u0131r\u0131lmas\u0131. Bu kanuna g\u00f6re, \u201c10 bin veya 10 binden fazla n\u00fcfusu olan \u015fehirlerde fabrika, imalathane, tezgah, d\u00fckkan, ma\u011faza, yaz\u0131hane, ticarethane, s\u0131nai ve ticari bilumum m\u00fcessesat ve tevabiinin haftada 1 g\u00fcn tatili faaliyet etmeleri mecburidir\u201d ibaresi mevcuttur. Bu kanunun kald\u0131r\u0131lmas\u0131 ise ticaret hayat\u0131n\u0131n t\u00fcm y\u0131l boyunca aral\u0131ks\u0131z devam etmesi anlam\u0131na geliyor.<\/p>\n<p>Ancak, Hafta Tatili Kanunu&#8217;nun kald\u0131r\u0131lmas\u0131 veya \u00e7al\u0131\u015fanlar\u0131n hafta tatili g\u00fcnlerinin kald\u0131r\u0131lmas\u0131 s\u00f6z konusu de\u011fildir. Hafta tatili gerek Anayasal dinlenme hakk\u0131 gerekse de \u0130\u015f Kanunu&#8217;nun 46. Maddesi&#8217;nde koruma alt\u0131na al\u0131nm\u0131\u015ft\u0131r. Dolay\u0131s\u0131yla Hafta Tatili Kanunu&#8217;nun kald\u0131r\u0131lmas\u0131, \u00e7al\u0131\u015fanlar\u0131n hafta tatillerinin kald\u0131r\u0131lmas\u0131 anlam\u0131na gelmemektedir.<\/p>\n<h2><strong>\u00c7al\u0131\u015fanlara en az 24 saatlik dinlenme hakk\u0131 <\/strong><\/h2>\n<p>\u0130\u015f Kanunu kapsam\u0131na giren i\u015fyerlerinde, i\u015f\u00e7ilere tatil g\u00fcn\u00fcnden \u00f6nce, belirlenen i\u015f g\u00fcnlerinde \u00e7al\u0131\u015fm\u0131\u015f olmalar\u0131 ko\u015fulu ile yedi g\u00fcnl\u00fck bir zaman dilimi i\u00e7inde kesintisiz en az 24 saat dinlenme (hafta tatili) hakk\u0131 verilir. \u00c7al\u0131\u015f\u0131lmayan hafta tatili g\u00fcn\u00fc i\u00e7in i\u015fveren taraf\u0131ndan bir i\u015f kar\u015f\u0131l\u0131\u011f\u0131 olmaks\u0131z\u0131n o g\u00fcn\u00fcn \u00fccreti tam olarak \u00f6denir.<\/p>\n<p>Zorlay\u0131c\u0131 ve ekonomik bir sebep olmadan i\u015fyerindeki \u00e7al\u0131\u015fman\u0131n haftan\u0131n bir veya birka\u00e7 g\u00fcn\u00fcnde i\u015fveren taraf\u0131ndan tatil edilmesi halinde haftan\u0131n \u00e7al\u0131\u015f\u0131lmayan g\u00fcnleri \u00fccretli hafta tatiline hak kazanmak i\u00e7in \u00e7al\u0131\u015f\u0131lm\u0131\u015f say\u0131l\u0131r.<\/p>\n<h2><strong>Yeni d\u00fczenlemeyle neler de\u011fi\u015fecek?<\/strong><\/h2>\n<p>50\u2019den az \u00e7al\u0131\u015fan\u0131 olan i\u015f yerlerinde i\u015f sa\u011fl\u0131\u011f\u0131 ve g\u00fcvenli\u011fi hizmetlerinin i\u015fverenler veya i\u015fveren vekilleri taraf\u0131ndan y\u00fcr\u00fctebilecek.<\/p>\n<ul>\n<li>50\u2019den az \u00e7al\u0131\u015fan\u0131 olan az tehlikeli i\u015fyerlerinde, sa\u011fl\u0131k raporlar\u0131 kamu hizmet sunucular\u0131 veya aile hekimlerinden al\u0131nabilecek.<\/li>\n<li>50\u2019dan az \u00e7al\u0131\u015fan\u0131 bulunan ve az tehlikeli s\u0131n\u0131fta yer alan i\u015fyerinde i\u015f sa\u011fl\u0131\u011f\u0131 ve g\u00fcvenli\u011fi hizmetlerinin \u00fcstlenilmesine ili\u015fkin y\u00f6netmelik haz\u0131rlanacak.<\/li>\n<li>6331 Say\u0131l\u0131 Kanun kapsam\u0131nda i\u015f sa\u011fl\u0131\u011f\u0131 ve g\u00fcvenli\u011fi hizmetleri, kamu kurumlar\u0131 ile 50\u2019den az \u00e7al\u0131\u015fan\u0131 olan ve az tehlikeli s\u0131n\u0131fta yer alan i\u015fyerleri i\u00e7in \u00fc\u00e7 y\u0131ll\u0131k ertelemeyle 01.07.2020 tarihinde ba\u015flayacak.<\/li>\n<li>Sanayi i\u015fletmelerinin her y\u0131l hafta tatili g\u00fcnlerinde \u00e7al\u0131\u015fabilmek i\u00e7in belediyelerden, hafta sonu \u00e7al\u0131\u015fma ruhsat\u0131 alma nedeniyle do\u011fan mali y\u00fck\u00fcn kald\u0131r\u0131lmas\u0131 amac\u0131yla 394 say\u0131l\u0131 Hafta Tatili Hakk\u0131nda Kanunun y\u00fcr\u00fcrl\u00fckten kald\u0131r\u0131ld\u0131.<\/li>\n<li>6948 Say\u0131l\u0131 Sanayi Sicili Kanunu kapsam\u0131na bili\u015fim teknolojisi ve yaz\u0131l\u0131m \u00fcreten firmalar eklendi. Dolay\u0131s\u0131yla bu t\u00fcr firmalar da sanayi sicil belgesi almak zorunda olacak.<\/li>\n<li>Sanayi siciline kaydolmayanlar hakk\u0131nda idari para cezas\u0131 verilecek.<\/li>\n<li>Organize sanayi b\u00f6lgelerinde kurulan meslek y\u00fcksekokullar\u0131 i\u00e7in e\u011fitim deste\u011fi verilecek.<\/li>\n<li>Y\u00fcksek\u00f6\u011fretim kurumlar\u0131 sermaye \u015firketi stat\u00fcs\u00fcnde teknoloji transfer ofisi kurabilecek,<\/li>\n<li>Y\u00d6K, devlet y\u00fcksek \u00f6\u011fretim kurumlar\u0131n\u0131n fen ve m\u00fchendislik b\u00f6l\u00fcmlerine son y\u0131l\u0131n bir yar\u0131 y\u0131l\u0131nda uygulanmak \u00fczere zorunlu uygulamal\u0131 e\u011fitim getirebilecek, bu \u00f6\u011frencilere \u0130\u015fsizlik Fonu&#8217;ndan net asgari \u00fccretin y\u00fczde 35 \u00fczerinden \u00fccret \u00f6denecek,<\/li>\n<li>Y\u00fcksek\u00f6\u011fretim kurumlar\u0131nda staj yapan \u00f6\u011frencilere de staj \u00fccreti \u00f6denecek,<\/li>\n<li>Teknoloji geli\u015ftirme b\u00f6lgelerinde \u00e7al\u0131\u015ft\u0131r\u0131lacak temel bilim lisans mezunlar\u0131na \u00fccret deste\u011fi verilecek.<\/li>\n<\/ul>\n<p><em>\u00c7al\u0131\u015fanlar\u0131n t\u00fcm izin haklar\u0131n\u0131 \u00f6\u011frenmek i\u00e7in &#8220;<a href=\"http:\/\/www.kariyer.net\/kariyer-rehberi\/tatil-planlari-basladi-tum-izin-haklarinizin-farkinda-misiniz\/\" target=\"_blank\" rel=\"noopener\"><strong>Tatil planlar\u0131 ba\u015flad\u0131: T\u00fcm izin haklar\u0131n\u0131z\u0131n fark\u0131nda m\u0131s\u0131n\u0131z?<\/strong><\/a>&#8221; adl\u0131\u00a0makaleyi okuyabilirsiniz.<\/em><\/p>\n<figure id=\"attachment_8869\" aria-describedby=\"caption-attachment-8869\" style=\"width: 150px\" class=\"wp-caption alignnone\"><a href=\"http:\/\/www.kariyer.net\/kariyer-rehberi\/wp-content\/uploads\/2017\/03\/mertnayir.jpg\"><img decoding=\"async\" class=\"wp-image-8869 size-full\" src=\"http:\/\/www.kariyer.net\/kariyer-rehberi\/wp-content\/uploads\/2017\/03\/mertnayir.jpg\" alt=\"mertnayir\" width=\"150\" height=\"250\" \/><\/a><figcaption id=\"caption-attachment-8869\" class=\"wp-caption-text\">Sosyal G\u00fcvenlik Uzman\u0131 Mert Nay\u0131r<\/figcaption><\/figure>\n<p>&nbsp;<\/p>\n<!-- templates\/buttons-placeholder.php -->\n<div class=\"da-reactions-outer TpostID9158\">\n\t    <div class=\"da-reactions-data da-reactions-container-async center\"\n         data-type=\"post\"\n         data-id=\"9158\"\n         id=\"da-reactions-slot-post-9158\">\n        <div class=\"da-reactions-static\">\n\t\t\t<img src=\"https:\/\/www.kariyer.net\/kariyer-rehberi\/wp-content\/plugins\/da-reactions\/assets\/dist\/loading.svg\" alt=\"Loading spinner\" width=\"48\" height=\"48\" style=\"width:48px\" \/>\n        <\/div>\n    <\/div>\n<\/div>\n","protected":false},"excerpt":{"rendered":"<p>Hafta tatilinin kald\u0131r\u0131lmas\u0131 g\u00fcnlerdir g\u00fcndemi me\u015fgul eden bir konu. Peki, son ya\u015fanan geli\u015fmeler neticesinde hafta tatili kald\u0131r\u0131l\u0131yor mu?\u00a0S\u00fcre\u00e7, gerek \u00e7al\u0131\u015fanlara gerek i\u015f d\u00fcnyas\u0131na nas\u0131l yans\u0131yacak? Sosyal G\u00fcvenlik Uzman\u0131 Mert Nay\u0131r, geli\u015fmeler hakk\u0131nda bilgi veriyor. TBMM Genel Kurulu\u2019nda kabul edilen ve Cumhurba\u015fkan\u0131 Recep Tayyip Erdo\u011fan taraf\u0131ndan imzalanan Sanayinin Geli\u015ftirilmesi ve \u00dcretimin Desteklenmesi Kanunu ile \u00f6nemli de\u011fi\u015fiklikler [&hellip;]<\/p>\n<!-- templates\/buttons-placeholder.php -->\n<div class=\"da-reactions-outer TpostID9158\">\n\t    <div class=\"da-reactions-data da-reactions-container-async center\"\n         data-type=\"post\"\n         data-id=\"9158\"\n         id=\"da-reactions-slot-post-9158\">\n        <div class=\"da-reactions-static\">\n\t\t\t<img src=\"https:\/\/www.kariyer.net\/kariyer-rehberi\/wp-content\/plugins\/da-reactions\/assets\/dist\/loading.svg\" alt=\"Loading spinner\" width=\"48\" height=\"48\" style=\"width:48px\" \/>\n        <\/div>\n    <\/div>\n<\/div>\n","protected":false},"author":9,"featured_media":9427,"comment_status":"open","ping_status":"open","sticky":false,"template":"","format":"standard","meta":{"footnotes":"","_elementor_edit_mode":"","_elementor_template_type":"","_elementor_data":"","_elementor_page_settings":null,"_elementor_conditions":[]},"categories":[46,2214],"tags":[959,961,989,960,59,956,957,64,958],"class_list":{"0":"post-9158","1":"post","2":"type-post","3":"status-publish","4":"format-standard","5":"has-post-thumbnail","7":"category-is-hayati","8":"category-yasam","9":"tag-beyaz-yaka","10":"tag-genc-profesyoneller","11":"tag-hafta-tatili","12":"tag-mavi-yaka","13":"tag-stajyer","14":"tag-uzman","15":"tag-uzman-yardimcisi","16":"tag-yeni-mezun","17":"tag-yonetici"},"yoast_head":"<!-- This site is optimized with the Yoast SEO Premium plugin v21.4 (Yoast SEO v27.0) - https:\/\/yoast.com\/product\/yoast-seo-premium-wordpress\/ -->\n<title>\u00c7al\u0131\u015fanlar\u0131n hafta tatili kalk\u0131yor mu? | Kariyer Rehberi<\/title>\n<meta name=\"description\" content=\"Hafta tatilinin kald\u0131r\u0131lmas\u0131 g\u00fcnlerdir g\u00fcndemi me\u015fgul eden bir konu. Peki, son ya\u015fanan geli\u015fmeler neticesinde hafta tatili kald\u0131r\u0131l\u0131yor mu?\u00a0S\u00fcre\u00e7, gerek\" \/>\n<meta name=\"robots\" content=\"index, follow, max-snippet:-1, max-image-preview:large, max-video-preview:-1\" \/>\n<link rel=\"canonical\" href=\"https:\/\/www.kariyer.net\/kariyer-rehberi\/calisanlarin-hafta-tatili-kalkiyor-mu\/\" \/>\n<meta property=\"og:locale\" content=\"tr_TR\" \/>\n<meta property=\"og:type\" content=\"article\" \/>\n<meta property=\"og:title\" content=\"\u00c7al\u0131\u015fanlar\u0131n hafta tatili kalk\u0131yor mu?\" \/>\n<meta property=\"og:description\" content=\"Hafta tatilinin kald\u0131r\u0131lmas\u0131 g\u00fcnlerdir g\u00fcndemi me\u015fgul eden bir konu. Peki, son ya\u015fanan geli\u015fmeler neticesinde hafta tatili kald\u0131r\u0131l\u0131yor mu?\u00a0S\u00fcre\u00e7, gerek\" \/>\n<meta property=\"og:url\" content=\"https:\/\/www.kariyer.net\/kariyer-rehberi\/calisanlarin-hafta-tatili-kalkiyor-mu\/\" \/>\n<meta property=\"og:site_name\" content=\"Kariyer Rehberi\" \/>\n<meta property=\"article:published_time\" content=\"2017-07-04T11:01:25+00:00\" \/>\n<meta property=\"article:modified_time\" content=\"2024-08-08T18:10:01+00:00\" \/>\n<meta property=\"og:image\" content=\"https:\/\/www.kariyer.net\/kariyer-rehberi\/wp-content\/uploads\/2017\/07\/haftatatili20.jpg\" \/>\n\t<meta property=\"og:image:width\" content=\"900\" \/>\n\t<meta property=\"og:image:height\" content=\"600\" \/>\n\t<meta property=\"og:image:type\" content=\"image\/jpeg\" \/>\n<meta name=\"author\" content=\"Konuk Yazar\" \/>\n<meta name=\"twitter:card\" content=\"summary_large_image\" \/>\n<meta name=\"twitter:label1\" content=\"Yazan:\" \/>\n\t<meta name=\"twitter:data1\" content=\"Konuk Yazar\" \/>\n\t<meta name=\"twitter:label2\" content=\"Tahmini okuma s\u00fcresi\" \/>\n\t<meta name=\"twitter:data2\" content=\"4 dakika\" \/>\n<!-- \/ Yoast SEO Premium plugin. -->","yoast_head_json":{"title":"\u00c7al\u0131\u015fanlar\u0131n hafta tatili kalk\u0131yor mu? | Kariyer Rehberi","description":"Hafta tatilinin kald\u0131r\u0131lmas\u0131 g\u00fcnlerdir g\u00fcndemi me\u015fgul eden bir konu. Peki, son ya\u015fanan geli\u015fmeler neticesinde hafta tatili kald\u0131r\u0131l\u0131yor mu?\u00a0S\u00fcre\u00e7, gerek","robots":{"index":"index","follow":"follow","max-snippet":"max-snippet:-1","max-image-preview":"max-image-preview:large","max-video-preview":"max-video-preview:-1"},"canonical":"https:\/\/www.kariyer.net\/kariyer-rehberi\/calisanlarin-hafta-tatili-kalkiyor-mu\/","og_locale":"tr_TR","og_type":"article","og_title":"\u00c7al\u0131\u015fanlar\u0131n hafta tatili kalk\u0131yor mu?","og_description":"Hafta tatilinin kald\u0131r\u0131lmas\u0131 g\u00fcnlerdir g\u00fcndemi me\u015fgul eden bir konu. Peki, son ya\u015fanan geli\u015fmeler neticesinde hafta tatili kald\u0131r\u0131l\u0131yor mu?\u00a0S\u00fcre\u00e7, gerek","og_url":"https:\/\/www.kariyer.net\/kariyer-rehberi\/calisanlarin-hafta-tatili-kalkiyor-mu\/","og_site_name":"Kariyer Rehberi","article_published_time":"2017-07-04T11:01:25+00:00","article_modified_time":"2024-08-08T18:10:01+00:00","og_image":[{"width":900,"height":600,"url":"https:\/\/www.kariyer.net\/kariyer-rehberi\/wp-content\/uploads\/2017\/07\/haftatatili20.jpg","type":"image\/jpeg"}],"author":"Konuk Yazar","twitter_card":"summary_large_image","twitter_misc":{"Yazan:":"Konuk Yazar","Tahmini okuma s\u00fcresi":"4 dakika"},"schema":{"@context":"https:\/\/schema.org","@graph":[{"@type":"Article","@id":"https:\/\/www.kariyer.net\/kariyer-rehberi\/calisanlarin-hafta-tatili-kalkiyor-mu\/#article","isPartOf":{"@id":"https:\/\/www.kariyer.net\/kariyer-rehberi\/calisanlarin-hafta-tatili-kalkiyor-mu\/"},"author":{"name":"Konuk Yazar","@id":"https:\/\/www.kariyer.net\/kariyer-rehberi\/#\/schema\/person\/6154a58a8375a4df7f7fc847997c4657"},"headline":"\u00c7al\u0131\u015fanlar\u0131n hafta tatili kalk\u0131yor mu?","datePublished":"2017-07-04T11:01:25+00:00","dateModified":"2024-08-08T18:10:01+00:00","mainEntityOfPage":{"@id":"https:\/\/www.kariyer.net\/kariyer-rehberi\/calisanlarin-hafta-tatili-kalkiyor-mu\/"},"wordCount":726,"commentCount":0,"publisher":{"@id":"https:\/\/www.kariyer.net\/kariyer-rehberi\/#organization"},"image":{"@id":"https:\/\/www.kariyer.net\/kariyer-rehberi\/calisanlarin-hafta-tatili-kalkiyor-mu\/#primaryimage"},"thumbnailUrl":"https:\/\/www.kariyer.net\/kariyer-rehberi\/wp-content\/uploads\/2017\/07\/haftatatili20.jpg","keywords":["beyaz yaka","gen\u00e7 profesyoneller","hafta tatili","mavi yaka","Stajyer","uzman","uzman yard\u0131mc\u0131s\u0131","yeni mezun","y\u00f6netici"],"articleSection":["\u0130\u015f Hayat\u0131","Ya\u015fam"],"inLanguage":"tr","potentialAction":[{"@type":"CommentAction","name":"Comment","target":["https:\/\/www.kariyer.net\/kariyer-rehberi\/calisanlarin-hafta-tatili-kalkiyor-mu\/#respond"]}]},{"@type":"WebPage","@id":"https:\/\/www.kariyer.net\/kariyer-rehberi\/calisanlarin-hafta-tatili-kalkiyor-mu\/","url":"https:\/\/www.kariyer.net\/kariyer-rehberi\/calisanlarin-hafta-tatili-kalkiyor-mu\/","name":"\u00c7al\u0131\u015fanlar\u0131n hafta tatili kalk\u0131yor mu? | Kariyer Rehberi","isPartOf":{"@id":"https:\/\/www.kariyer.net\/kariyer-rehberi\/#website"},"primaryImageOfPage":{"@id":"https:\/\/www.kariyer.net\/kariyer-rehberi\/calisanlarin-hafta-tatili-kalkiyor-mu\/#primaryimage"},"image":{"@id":"https:\/\/www.kariyer.net\/kariyer-rehberi\/calisanlarin-hafta-tatili-kalkiyor-mu\/#primaryimage"},"thumbnailUrl":"https:\/\/www.kariyer.net\/kariyer-rehberi\/wp-content\/uploads\/2017\/07\/haftatatili20.jpg","datePublished":"2017-07-04T11:01:25+00:00","dateModified":"2024-08-08T18:10:01+00:00","description":"Hafta tatilinin kald\u0131r\u0131lmas\u0131 g\u00fcnlerdir g\u00fcndemi me\u015fgul eden bir konu. Peki, son ya\u015fanan geli\u015fmeler neticesinde hafta tatili kald\u0131r\u0131l\u0131yor mu?\u00a0S\u00fcre\u00e7, gerek","breadcrumb":{"@id":"https:\/\/www.kariyer.net\/kariyer-rehberi\/calisanlarin-hafta-tatili-kalkiyor-mu\/#breadcrumb"},"inLanguage":"tr","potentialAction":[{"@type":"ReadAction","target":["https:\/\/www.kariyer.net\/kariyer-rehberi\/calisanlarin-hafta-tatili-kalkiyor-mu\/"]}]},{"@type":"ImageObject","inLanguage":"tr","@id":"https:\/\/www.kariyer.net\/kariyer-rehberi\/calisanlarin-hafta-tatili-kalkiyor-mu\/#primaryimage","url":"https:\/\/www.kariyer.net\/kariyer-rehberi\/wp-content\/uploads\/2017\/07\/haftatatili20.jpg","contentUrl":"https:\/\/www.kariyer.net\/kariyer-rehberi\/wp-content\/uploads\/2017\/07\/haftatatili20.jpg","width":900,"height":600},{"@type":"BreadcrumbList","@id":"https:\/\/www.kariyer.net\/kariyer-rehberi\/calisanlarin-hafta-tatili-kalkiyor-mu\/#breadcrumb","itemListElement":[{"@type":"ListItem","position":1,"name":"Anasayfa","item":"https:\/\/www.kariyer.net\/kariyer-rehberi\/"},{"@type":"ListItem","position":2,"name":"\u00c7al\u0131\u015fanlar\u0131n hafta tatili kalk\u0131yor mu?"}]},{"@type":"WebSite","@id":"https:\/\/www.kariyer.net\/kariyer-rehberi\/#website","url":"https:\/\/www.kariyer.net\/kariyer-rehberi\/","name":"Kariyer Rehberi","description":"\u0130\u015f D\u00fcnyas\u0131yla \u0130lgili Bilmek \u0130stedi\u011finiz Her \u015eey","publisher":{"@id":"https:\/\/www.kariyer.net\/kariyer-rehberi\/#organization"},"potentialAction":[{"@type":"SearchAction","target":{"@type":"EntryPoint","urlTemplate":"https:\/\/www.kariyer.net\/kariyer-rehberi\/?s={search_term_string}"},"query-input":{"@type":"PropertyValueSpecification","valueRequired":true,"valueName":"search_term_string"}}],"inLanguage":"tr"},{"@type":"Organization","@id":"https:\/\/www.kariyer.net\/kariyer-rehberi\/#organization","name":"Kariyer.net","url":"https:\/\/www.kariyer.net\/kariyer-rehberi\/","logo":{"@type":"ImageObject","inLanguage":"tr","@id":"https:\/\/www.kariyer.net\/kariyer-rehberi\/#\/schema\/logo\/image\/","url":"https:\/\/www.kariyer.net\/kariyer-rehberi-new\/wp-content\/uploads\/2023\/01\/og-image11.jpg","contentUrl":"https:\/\/www.kariyer.net\/kariyer-rehberi-new\/wp-content\/uploads\/2023\/01\/og-image11.jpg","width":800,"height":800,"caption":"Kariyer.net"},"image":{"@id":"https:\/\/www.kariyer.net\/kariyer-rehberi\/#\/schema\/logo\/image\/"}},{"@type":"Person","@id":"https:\/\/www.kariyer.net\/kariyer-rehberi\/#\/schema\/person\/6154a58a8375a4df7f7fc847997c4657","name":"Konuk Yazar","image":{"@type":"ImageObject","inLanguage":"tr","@id":"https:\/\/www.kariyer.net\/kariyer-rehberi\/#\/schema\/person\/image\/","url":"https:\/\/secure.gravatar.com\/avatar\/f03aa189ddb09160e6f0ad7e5e2c4b69c7102a041cc145a1e45a96f0100baa41?s=96&d=mm&r=g","contentUrl":"https:\/\/secure.gravatar.com\/avatar\/f03aa189ddb09160e6f0ad7e5e2c4b69c7102a041cc145a1e45a96f0100baa41?s=96&d=mm&r=g","caption":"Konuk Yazar"},"url":"https:\/\/www.kariyer.net\/kariyer-rehberi\/author\/konukyazar\/"}]}},"_links":{"self":[{"href":"https:\/\/www.kariyer.net\/kariyer-rehberi\/wp-json\/wp\/v2\/posts\/9158","targetHints":{"allow":["GET"]}}],"collection":[{"href":"https:\/\/www.kariyer.net\/kariyer-rehberi\/wp-json\/wp\/v2\/posts"}],"about":[{"href":"https:\/\/www.kariyer.net\/kariyer-rehberi\/wp-json\/wp\/v2\/types\/post"}],"author":[{"embeddable":true,"href":"https:\/\/www.kariyer.net\/kariyer-rehberi\/wp-json\/wp\/v2\/users\/9"}],"replies":[{"embeddable":true,"href":"https:\/\/www.kariyer.net\/kariyer-rehberi\/wp-json\/wp\/v2\/comments?post=9158"}],"version-history":[{"count":1,"href":"https:\/\/www.kariyer.net\/kariyer-rehberi\/wp-json\/wp\/v2\/posts\/9158\/revisions"}],"predecessor-version":[{"id":20663,"href":"https:\/\/www.kariyer.net\/kariyer-rehberi\/wp-json\/wp\/v2\/posts\/9158\/revisions\/20663"}],"wp:featuredmedia":[{"embeddable":true,"href":"https:\/\/www.kariyer.net\/kariyer-rehberi\/wp-json\/wp\/v2\/media\/9427"}],"wp:attachment":[{"href":"https:\/\/www.kariyer.net\/kariyer-rehberi\/wp-json\/wp\/v2\/media?parent=9158"}],"wp:term":[{"taxonomy":"category","embeddable":true,"href":"https:\/\/www.kariyer.net\/kariyer-rehberi\/wp-json\/wp\/v2\/categories?post=9158"},{"taxonomy":"post_tag","embeddable":true,"href":"https:\/\/www.kariyer.net\/kariyer-rehberi\/wp-json\/wp\/v2\/tags?post=9158"}],"curies":[{"name":"wp","href":"https:\/\/api.w.org\/{rel}","templated":true}]}}