{"id":923,"date":"2013-05-08T03:00:00","date_gmt":"2013-05-08T00:00:00","guid":{"rendered":"http:\/\/92.45.35.169\/mutfak-tezgahinda-basladi-dunyaya-acildi\/"},"modified":"2024-07-03T14:52:59","modified_gmt":"2024-07-03T11:52:59","slug":"mutfak-tezgahinda-basladi-dunyaya-acildi","status":"publish","type":"post","link":"https:\/\/www.kariyer.net\/kariyer-rehberi\/mutfak-tezgahinda-basladi-dunyaya-acildi\/","title":{"rendered":"Mutfak tezgah\u0131nda ba\u015flad\u0131, d\u00fcnyaya a\u00e7\u0131ld\u0131"},"content":{"rendered":"<p><strong><img decoding=\"async\" style=\"margin: 10px; width: 300px; height: 200px; float: left;\" alt=\"\" src=\"http:\/\/img1.kariyer.net\/WebSite\/uploads\/KariyerRehberi\/pictures\/biota_ic.jpg\" \/>Bir evin mutfa\u011f\u0131nda \u00fcretime ba\u015flayan Biota Laboratuvarlar\u0131, bug\u00fcn d\u00fcnyan\u0131n d\u00f6rt bir yan\u0131ndaki ofisleriyle faaliyet g\u00f6steriyor. Biota \u0130nsan Kaynaklar\u0131 M\u00fcd\u00fcr\u00fc Murat Erdo\u011fan, \u201cBir \u015firket i\u00e7in \u0130K politikalar\u0131 aras\u0131nda \u2018\u0130yiyi bulmak, iyiyi en iyi yapmak ve elde tutmak\u2019 ilk s\u0131rada gelmeli\u201d yorumunu yap\u0131yor<\/strong><\/p>\n<p>&nbsp;<\/p>\n<p>Bioxcin, Bioder, Bioblas, Biomen ve Nutraxin gibi markalar\u0131 b\u00fcnyesinde bulunduran Biota Laboratuvarlar\u0131, kuruldu\u011fu 2002 y\u0131l\u0131ndan bu yana sa\u011fl\u0131k ve g\u00fczellik sorunlar\u0131na bitkisel \u00e7\u00f6z\u00fcmler geli\u015ftiriyor. \u015eirketin do\u011fu\u015fu, Biota Laboratuvarlar\u0131 Y\u00f6netim Kurulu Ba\u015fkan\u0131 Cihat D\u00fcndar\u2019\u0131n hayallerine dayan\u0131yor. \u00c7ocuklu\u011fundan gelen bitki merak\u0131 ve insan\u0131n ihtiya\u00e7 duydu\u011fu \u015fifan\u0131n do\u011fada bulundu\u011fu inanc\u0131 ile ara\u015ft\u0131rma yap\u0131yor. Mutfakta kurdu\u011fu laboratuvar ortam\u0131nda yapt\u0131\u011f\u0131 deneyler ile insanlar\u0131n derdine \u00e7are olacak bitkisel \u00fcr\u00fcnler \u00fczerinde \u00e7al\u0131\u015fmalar yap\u0131yor. \u00dc\u00e7 y\u0131l\u0131n sonunda bitki \u00f6zl\u00fc ilk \u00fcr\u00fcn\u00fcn\u00fcn form\u00fcl\u00fcn\u00fc geli\u015ftiriyor. Bu form\u00fcle, Eski\u015fehir \u00dcniversitesi\u2019nde ara\u015ft\u0131r\u0131l\u0131p etkinli\u011fi kan\u0131tlanarak bakanl\u0131ktan onay al\u0131n\u0131yor. \u0130lk al\u0131c\u0131lar\u0131, \u00fczerinde deney yap\u0131lan d\u00f6rt denek oluyor. T\u00fcy azalt\u0131c\u0131 bu bitkisel \u00fcr\u00fcn, yetersiz sermaye g\u00fcc\u00fc sebebiyle fason bir \u00fcreticide \u00fcretilerek bir arkada\u015f ofisinde telemarketing ile sat\u0131lmaya ba\u015flan\u0131yor.<\/p>\n<p>&nbsp;<\/p>\n<p><strong>H\u0131zl\u0131 b\u00fcy\u00fcme istihdam yarat\u0131yor<\/strong><\/p>\n<p>Biota \u0130nsan Kaynaklar\u0131 M\u00fcd\u00fcr\u00fc Murat Erdo\u011fan, \u015firketin gen\u00e7 yeteneklere verdi\u011fi \u00f6nemin alt\u0131n\u0131 \u00e7iziyor. Erdo\u011fan, \u201cFirma i\u00e7i tecr\u00fcbe \u00e7ok \u00f6nemli bir olgu ancak bunu mutlak surette enerji, dinamizm ve yarat\u0131c\u0131l\u0131kla birle\u015ftirmeniz ve \u00fczerine farkl\u0131 bak\u0131\u015f a\u00e7\u0131lar\u0131 katman\u0131z gerekiyor.\u201d yorumunu yap\u0131yor. Erdo\u011fan, firman\u0131n \u00e7al\u0131\u015fanlar\u0131na ve \u00f6zellikle gen\u00e7 yeteneklere y\u00f6nelik olarak y\u00fcr\u00fctt\u00fc\u011f\u00fc \u00e7al\u0131\u015fmalardan bahsediyor.<\/p>\n<p>&nbsp;<\/p>\n<p><strong>K\u0131dem ve tecr\u00fcbe kadar sergilenen performans da \u00f6nemli<\/strong><\/p>\n<p>\u0130\u00e7eriden atama ve terfi uygulamas\u0131 s\u0131k kulland\u0131\u011f\u0131m\u0131z bir y\u00f6ntem olmakla beraber ihtiya\u00e7 duydu\u011fumuz d\u00f6nemlerde firma d\u0131\u015f\u0131ndan transferler de ger\u00e7ekle\u015ftiriyoruz. \u015eirket personelinin neredeyse yar\u0131s\u0131 k\u0131dem ortalamas\u0131 \u00fc\u00e7 y\u0131l ve \u00fczerinde olan personellerden olu\u015fuyor. Ancak ger\u00e7ekle\u015fen b\u00fcy\u00fcme ile do\u011fru orant\u0131l\u0131 olarak yeni istihdamlar\u0131m\u0131z da oldu. K\u0131demi 1 y\u0131l\u0131n alt\u0131nda olan personel say\u0131s\u0131 da yakla\u015f\u0131k y\u00fczde 20\u2019yi buluyor.<\/p>\n<p>Gen\u00e7 beyinler bizim i\u00e7in de\u011ferli. Bir\u00e7ok gen\u00e7 arkada\u015f\u0131m\u0131n kariyer basamaklar\u0131n\u0131 nas\u0131l \u00e7\u0131kt\u0131\u011f\u0131n\u0131 burada ge\u00e7irdi\u011fim alt\u0131 sene i\u00e7erisinde \u00fc\u00e7 defa terfi alm\u0131\u015f bir \u00e7al\u0131\u015fan olarak bizzat destekleyerek izledim. En alt basamaktan ba\u015flay\u0131p y\u00f6netim kadrolar\u0131na gelen \u00e7ok say\u0131da arkada\u015f\u0131m\u0131z var. Elbette, sadece k\u0131deme dayal\u0131 b\u00fcrokratik ve \u00e7arklar\u0131n a\u011f\u0131r d\u00f6nd\u00fc\u011f\u00fc hantal bir yap\u0131 akla gelmemeli. K\u0131dem ve tecr\u00fcbe kadar sergilenen performans da son derece \u00f6nemli.\u00a0Ayr\u0131ca \u0130K olarak kariyer plan\u0131n\u0131 olu\u015fturdu\u011funuz personelin kariyer basamaklar\u0131n\u0131 do\u011fru \u00e7\u0131kabilmesi i\u00e7in hangi e\u011fitimlere ihtiyac\u0131 oldu\u011funu ve olaca\u011f\u0131n\u0131 do\u011fru olarak belirleyip bunu sa\u011flaman\u0131z, zay\u0131f y\u00f6nlerini g\u00fc\u00e7lendirmeniz g\u00fc\u00e7l\u00fc y\u00f6nlerini de firmaya daha fazla katma de\u011fer sa\u011flayacak hale getirmeniz gerekiyor. Bu \u015fekilde hem personel ba\u011fl\u0131l\u0131\u011f\u0131n\u0131 art\u0131rabilir hem de \u00e7al\u0131\u015fan\u0131n firma i\u00e7in daha verimli hale gelmesini sa\u011flayabilirsiniz.<\/p>\n<p>&nbsp;<\/p>\n<p><strong>Gen\u00e7ler inisiyatif istiyor<\/strong><\/p>\n<p>G\u00fcn\u00fcm\u00fcz ku\u015fa\u011f\u0131n\u0131 memnun ve ikna etmek \u00e7ok kolay de\u011fil, ba\u011fl\u0131l\u0131k yaratmak daha da zor. Gen\u00e7 ve yetenekli i\u015f g\u00fcc\u00fcn\u00fc elde tutabilmek i\u00e7in onlar\u0131n istedi\u011fi olanaklar\u0131n ve f\u0131rsatlar\u0131n firman\u0131n \u00e7at\u0131s\u0131 alt\u0131nda oldu\u011funu g\u00f6rmelerini sa\u011flaman\u0131z gerekiyor. En \u00f6nemli noktalardan birisi kendilerini g\u00f6sterip ifade edebilecekleri, sorumluluk al\u0131p inisiyatif kullanabildikleri bir sahan\u0131n ve bu sahada kendilerine ko\u00e7luk yapacak y\u00f6neticilerin bulunmas\u0131. Biota\u2019da her yeni ba\u015flayan gen\u00e7 yetenek bu imkanlara sahip oluyor. Kendilerine kariyer plan\u0131 haz\u0131rlan\u0131p sunuluyor. Firmam\u0131zda \u00e7al\u0131\u015fmaya ba\u015flayan gen\u00e7lerin \u00f6zellikle pazarlama ve Ar-Ge alan\u0131nda standart talimatlar\u0131 uygulayan veya sadece \u00fcstlerinden gelen direktifler do\u011frultusunda hareket eden personeller olmas\u0131ndan ziyade, inisiyatif alabilen, yarat\u0131c\u0131l\u0131\u011f\u0131n\u0131 kullanabilen, kendisi de bir \u015feyler katabilen bireyler olmas\u0131 bizim i\u00e7in olduk\u00e7a \u00f6nemli.<\/p>\n<!-- templates\/buttons-placeholder.php -->\n<div class=\"da-reactions-outer TpostID923\">\n\t    <div class=\"da-reactions-data da-reactions-container-async center\"\n         data-type=\"post\"\n         data-id=\"923\"\n         id=\"da-reactions-slot-post-923\">\n        <div class=\"da-reactions-static\">\n\t\t\t<img src=\"https:\/\/www.kariyer.net\/kariyer-rehberi\/wp-content\/plugins\/da-reactions\/assets\/dist\/loading.svg\" alt=\"Loading spinner\" width=\"48\" height=\"48\" style=\"width:48px\" \/>\n        <\/div>\n    <\/div>\n<\/div>\n","protected":false},"excerpt":{"rendered":"<p>Bir evin mutfa\u011f\u0131nda \u00fcretime ba\u015flayan Biota Laboratuvarlar\u0131, bug\u00fcn d\u00fcnyan\u0131n d\u00f6rt bir yan\u0131ndaki ofisleriyle faaliyet g\u00f6steriyor. Biota \u0130nsan Kaynaklar\u0131 M\u00fcd\u00fcr\u00fc Murat Erdo\u011fan, \u201cBir \u015firket i\u00e7in \u0130K politikalar\u0131 aras\u0131nda \u2018\u0130yiyi bulmak, iyiyi en iyi yapmak ve elde tutmak\u2019 ilk s\u0131rada gelmeli\u201d yorumunu yap\u0131yor &nbsp; Bioxcin, Bioder, Bioblas, Biomen ve Nutraxin gibi markalar\u0131 b\u00fcnyesinde bulunduran Biota Laboratuvarlar\u0131, kuruldu\u011fu [&hellip;]<\/p>\n<!-- templates\/buttons-placeholder.php -->\n<div class=\"da-reactions-outer TpostID923\">\n\t    <div class=\"da-reactions-data da-reactions-container-async center\"\n         data-type=\"post\"\n         data-id=\"923\"\n         id=\"da-reactions-slot-post-923\">\n        <div class=\"da-reactions-static\">\n\t\t\t<img src=\"https:\/\/www.kariyer.net\/kariyer-rehberi\/wp-content\/plugins\/da-reactions\/assets\/dist\/loading.svg\" alt=\"Loading spinner\" width=\"48\" height=\"48\" style=\"width:48px\" \/>\n        <\/div>\n    <\/div>\n<\/div>\n","protected":false},"author":6,"featured_media":4021,"comment_status":"open","ping_status":"open","sticky":false,"template":"","format":"standard","meta":{"footnotes":"","_elementor_edit_mode":"","_elementor_template_type":"","_elementor_data":"","_elementor_page_settings":null,"_elementor_conditions":[]},"categories":[2203],"tags":[],"class_list":{"0":"post-923","1":"post","2":"type-post","3":"status-publish","4":"format-standard","5":"has-post-thumbnail","7":"category-haberler-duyurular"},"yoast_head":"<!-- This site is optimized with the Yoast SEO Premium plugin v21.4 (Yoast SEO v27.0) - https:\/\/yoast.com\/product\/yoast-seo-premium-wordpress\/ -->\n<title>Mutfak tezgah\u0131nda ba\u015flad\u0131, d\u00fcnyaya a\u00e7\u0131ld\u0131 | Kariyer Rehberi<\/title>\n<meta name=\"description\" content=\"Bir evin mutfa\u011f\u0131nda \u00fcretime ba\u015flayan Biota Laboratuvarlar\u0131, bug\u00fcn d\u00fcnyan\u0131n d\u00f6rt bir yan\u0131ndaki ofisleriyle faaliyet g\u00f6steriyor. Biota \u0130nsan Kaynaklar\u0131\" \/>\n<meta name=\"robots\" content=\"index, follow, max-snippet:-1, max-image-preview:large, max-video-preview:-1\" \/>\n<link rel=\"canonical\" href=\"https:\/\/www.kariyer.net\/kariyer-rehberi\/mutfak-tezgahinda-basladi-dunyaya-acildi\/\" \/>\n<meta property=\"og:locale\" content=\"tr_TR\" \/>\n<meta property=\"og:type\" content=\"article\" \/>\n<meta property=\"og:title\" content=\"Mutfak tezgah\u0131nda ba\u015flad\u0131, d\u00fcnyaya a\u00e7\u0131ld\u0131\" \/>\n<meta property=\"og:description\" content=\"Bir evin mutfa\u011f\u0131nda \u00fcretime ba\u015flayan Biota Laboratuvarlar\u0131, bug\u00fcn d\u00fcnyan\u0131n d\u00f6rt bir yan\u0131ndaki ofisleriyle faaliyet g\u00f6steriyor. Biota \u0130nsan Kaynaklar\u0131\" \/>\n<meta property=\"og:url\" content=\"https:\/\/www.kariyer.net\/kariyer-rehberi\/mutfak-tezgahinda-basladi-dunyaya-acildi\/\" \/>\n<meta property=\"og:site_name\" content=\"Kariyer Rehberi\" \/>\n<meta property=\"article:published_time\" content=\"2013-05-08T00:00:00+00:00\" \/>\n<meta property=\"article:modified_time\" content=\"2024-07-03T11:52:59+00:00\" \/>\n<meta property=\"og:image\" content=\"https:\/\/www.kariyer.net\/kariyer-rehberi\/wp-content\/uploads\/2013\/05\/biota.jpg\" \/>\n\t<meta property=\"og:image:width\" content=\"290\" \/>\n\t<meta property=\"og:image:height\" content=\"150\" \/>\n\t<meta property=\"og:image:type\" content=\"image\/jpeg\" \/>\n<meta name=\"author\" content=\"Merve Tun\u00e7er\" \/>\n<meta name=\"twitter:card\" content=\"summary_large_image\" \/>\n<meta name=\"twitter:label1\" content=\"Yazan:\" \/>\n\t<meta name=\"twitter:data1\" content=\"Merve Tun\u00e7er\" \/>\n\t<meta name=\"twitter:label2\" content=\"Tahmini okuma s\u00fcresi\" \/>\n\t<meta name=\"twitter:data2\" content=\"4 dakika\" \/>\n<!-- \/ Yoast SEO Premium plugin. -->","yoast_head_json":{"title":"Mutfak tezgah\u0131nda ba\u015flad\u0131, d\u00fcnyaya a\u00e7\u0131ld\u0131 | Kariyer Rehberi","description":"Bir evin mutfa\u011f\u0131nda \u00fcretime ba\u015flayan Biota Laboratuvarlar\u0131, bug\u00fcn d\u00fcnyan\u0131n d\u00f6rt bir yan\u0131ndaki ofisleriyle faaliyet g\u00f6steriyor. Biota \u0130nsan Kaynaklar\u0131","robots":{"index":"index","follow":"follow","max-snippet":"max-snippet:-1","max-image-preview":"max-image-preview:large","max-video-preview":"max-video-preview:-1"},"canonical":"https:\/\/www.kariyer.net\/kariyer-rehberi\/mutfak-tezgahinda-basladi-dunyaya-acildi\/","og_locale":"tr_TR","og_type":"article","og_title":"Mutfak tezgah\u0131nda ba\u015flad\u0131, d\u00fcnyaya a\u00e7\u0131ld\u0131","og_description":"Bir evin mutfa\u011f\u0131nda \u00fcretime ba\u015flayan Biota Laboratuvarlar\u0131, bug\u00fcn d\u00fcnyan\u0131n d\u00f6rt bir yan\u0131ndaki ofisleriyle faaliyet g\u00f6steriyor. Biota \u0130nsan Kaynaklar\u0131","og_url":"https:\/\/www.kariyer.net\/kariyer-rehberi\/mutfak-tezgahinda-basladi-dunyaya-acildi\/","og_site_name":"Kariyer Rehberi","article_published_time":"2013-05-08T00:00:00+00:00","article_modified_time":"2024-07-03T11:52:59+00:00","og_image":[{"width":290,"height":150,"url":"https:\/\/www.kariyer.net\/kariyer-rehberi\/wp-content\/uploads\/2013\/05\/biota.jpg","type":"image\/jpeg"}],"author":"Merve Tun\u00e7er","twitter_card":"summary_large_image","twitter_misc":{"Yazan:":"Merve Tun\u00e7er","Tahmini okuma s\u00fcresi":"4 dakika"},"schema":{"@context":"https:\/\/schema.org","@graph":[{"@type":"Article","@id":"https:\/\/www.kariyer.net\/kariyer-rehberi\/mutfak-tezgahinda-basladi-dunyaya-acildi\/#article","isPartOf":{"@id":"https:\/\/www.kariyer.net\/kariyer-rehberi\/mutfak-tezgahinda-basladi-dunyaya-acildi\/"},"author":{"name":"Merve Tun\u00e7er","@id":"https:\/\/www.kariyer.net\/kariyer-rehberi\/#\/schema\/person\/0a1b137f53ff777a71394484346c28a1"},"headline":"Mutfak tezgah\u0131nda ba\u015flad\u0131, d\u00fcnyaya a\u00e7\u0131ld\u0131","datePublished":"2013-05-08T00:00:00+00:00","dateModified":"2024-07-03T11:52:59+00:00","mainEntityOfPage":{"@id":"https:\/\/www.kariyer.net\/kariyer-rehberi\/mutfak-tezgahinda-basladi-dunyaya-acildi\/"},"wordCount":743,"commentCount":0,"publisher":{"@id":"https:\/\/www.kariyer.net\/kariyer-rehberi\/#organization"},"image":{"@id":"https:\/\/www.kariyer.net\/kariyer-rehberi\/mutfak-tezgahinda-basladi-dunyaya-acildi\/#primaryimage"},"thumbnailUrl":"https:\/\/www.kariyer.net\/kariyer-rehberi\/wp-content\/uploads\/2013\/05\/biota.jpg","articleSection":["Haberler ve Duyurular"],"inLanguage":"tr","potentialAction":[{"@type":"CommentAction","name":"Comment","target":["https:\/\/www.kariyer.net\/kariyer-rehberi\/mutfak-tezgahinda-basladi-dunyaya-acildi\/#respond"]}]},{"@type":"WebPage","@id":"https:\/\/www.kariyer.net\/kariyer-rehberi\/mutfak-tezgahinda-basladi-dunyaya-acildi\/","url":"https:\/\/www.kariyer.net\/kariyer-rehberi\/mutfak-tezgahinda-basladi-dunyaya-acildi\/","name":"Mutfak tezgah\u0131nda ba\u015flad\u0131, d\u00fcnyaya a\u00e7\u0131ld\u0131 | Kariyer Rehberi","isPartOf":{"@id":"https:\/\/www.kariyer.net\/kariyer-rehberi\/#website"},"primaryImageOfPage":{"@id":"https:\/\/www.kariyer.net\/kariyer-rehberi\/mutfak-tezgahinda-basladi-dunyaya-acildi\/#primaryimage"},"image":{"@id":"https:\/\/www.kariyer.net\/kariyer-rehberi\/mutfak-tezgahinda-basladi-dunyaya-acildi\/#primaryimage"},"thumbnailUrl":"https:\/\/www.kariyer.net\/kariyer-rehberi\/wp-content\/uploads\/2013\/05\/biota.jpg","datePublished":"2013-05-08T00:00:00+00:00","dateModified":"2024-07-03T11:52:59+00:00","description":"Bir evin mutfa\u011f\u0131nda \u00fcretime ba\u015flayan Biota Laboratuvarlar\u0131, bug\u00fcn d\u00fcnyan\u0131n d\u00f6rt bir yan\u0131ndaki ofisleriyle faaliyet g\u00f6steriyor. Biota \u0130nsan Kaynaklar\u0131","breadcrumb":{"@id":"https:\/\/www.kariyer.net\/kariyer-rehberi\/mutfak-tezgahinda-basladi-dunyaya-acildi\/#breadcrumb"},"inLanguage":"tr","potentialAction":[{"@type":"ReadAction","target":["https:\/\/www.kariyer.net\/kariyer-rehberi\/mutfak-tezgahinda-basladi-dunyaya-acildi\/"]}]},{"@type":"ImageObject","inLanguage":"tr","@id":"https:\/\/www.kariyer.net\/kariyer-rehberi\/mutfak-tezgahinda-basladi-dunyaya-acildi\/#primaryimage","url":"https:\/\/www.kariyer.net\/kariyer-rehberi\/wp-content\/uploads\/2013\/05\/biota.jpg","contentUrl":"https:\/\/www.kariyer.net\/kariyer-rehberi\/wp-content\/uploads\/2013\/05\/biota.jpg","width":290,"height":150},{"@type":"BreadcrumbList","@id":"https:\/\/www.kariyer.net\/kariyer-rehberi\/mutfak-tezgahinda-basladi-dunyaya-acildi\/#breadcrumb","itemListElement":[{"@type":"ListItem","position":1,"name":"Anasayfa","item":"https:\/\/www.kariyer.net\/kariyer-rehberi\/"},{"@type":"ListItem","position":2,"name":"Mutfak tezgah\u0131nda ba\u015flad\u0131, d\u00fcnyaya a\u00e7\u0131ld\u0131"}]},{"@type":"WebSite","@id":"https:\/\/www.kariyer.net\/kariyer-rehberi\/#website","url":"https:\/\/www.kariyer.net\/kariyer-rehberi\/","name":"Kariyer Rehberi","description":"\u0130\u015f D\u00fcnyas\u0131yla \u0130lgili Bilmek \u0130stedi\u011finiz Her \u015eey","publisher":{"@id":"https:\/\/www.kariyer.net\/kariyer-rehberi\/#organization"},"potentialAction":[{"@type":"SearchAction","target":{"@type":"EntryPoint","urlTemplate":"https:\/\/www.kariyer.net\/kariyer-rehberi\/?s={search_term_string}"},"query-input":{"@type":"PropertyValueSpecification","valueRequired":true,"valueName":"search_term_string"}}],"inLanguage":"tr"},{"@type":"Organization","@id":"https:\/\/www.kariyer.net\/kariyer-rehberi\/#organization","name":"Kariyer.net","url":"https:\/\/www.kariyer.net\/kariyer-rehberi\/","logo":{"@type":"ImageObject","inLanguage":"tr","@id":"https:\/\/www.kariyer.net\/kariyer-rehberi\/#\/schema\/logo\/image\/","url":"https:\/\/www.kariyer.net\/kariyer-rehberi-new\/wp-content\/uploads\/2023\/01\/og-image11.jpg","contentUrl":"https:\/\/www.kariyer.net\/kariyer-rehberi-new\/wp-content\/uploads\/2023\/01\/og-image11.jpg","width":800,"height":800,"caption":"Kariyer.net"},"image":{"@id":"https:\/\/www.kariyer.net\/kariyer-rehberi\/#\/schema\/logo\/image\/"}},{"@type":"Person","@id":"https:\/\/www.kariyer.net\/kariyer-rehberi\/#\/schema\/person\/0a1b137f53ff777a71394484346c28a1","name":"Merve Tun\u00e7er","image":{"@type":"ImageObject","inLanguage":"tr","@id":"https:\/\/www.kariyer.net\/kariyer-rehberi\/#\/schema\/person\/image\/","url":"https:\/\/secure.gravatar.com\/avatar\/f901bc11e2b7a88ba6f6ba817ccc4d8f7782f16694472c26fd2664737093f4f2?s=96&d=mm&r=g","contentUrl":"https:\/\/secure.gravatar.com\/avatar\/f901bc11e2b7a88ba6f6ba817ccc4d8f7782f16694472c26fd2664737093f4f2?s=96&d=mm&r=g","caption":"Merve Tun\u00e7er"},"description":"Kad\u0131k\u00f6y Anadolu Lisesi\u2019nin ard\u0131ndan diplomat olma hayaliyle girdi\u011fi Marmara \u00dcniversitesi Frans\u0131zca Siyaset Bilimi ve Kamu Y\u00f6netimi B\u00f6l\u00fcm\u00fc\u2019nde e\u011fitimine devam ederken gazetecilik mesle\u011fine g\u00f6nl\u00fcn\u00fc kapt\u0131rd\u0131. \u201cT\u00fcrkiye\u2019de ve Fransa\u2019da Gazeteci Kimli\u011fi Sorunu\u201d konulu tezini yazarken \u00e7al\u0131\u015fmaya ba\u015flad\u0131\u011f\u0131 ajansta gazetecili\u011fe ad\u0131m att\u0131.","sameAs":["http:\/\/www.kariyer.net\/kariyer-rehberi\/merve-tuncer\/"],"url":"https:\/\/www.kariyer.net\/kariyer-rehberi\/author\/merve-tuncer\/"}]}},"_links":{"self":[{"href":"https:\/\/www.kariyer.net\/kariyer-rehberi\/wp-json\/wp\/v2\/posts\/923","targetHints":{"allow":["GET"]}}],"collection":[{"href":"https:\/\/www.kariyer.net\/kariyer-rehberi\/wp-json\/wp\/v2\/posts"}],"about":[{"href":"https:\/\/www.kariyer.net\/kariyer-rehberi\/wp-json\/wp\/v2\/types\/post"}],"author":[{"embeddable":true,"href":"https:\/\/www.kariyer.net\/kariyer-rehberi\/wp-json\/wp\/v2\/users\/6"}],"replies":[{"embeddable":true,"href":"https:\/\/www.kariyer.net\/kariyer-rehberi\/wp-json\/wp\/v2\/comments?post=923"}],"version-history":[{"count":1,"href":"https:\/\/www.kariyer.net\/kariyer-rehberi\/wp-json\/wp\/v2\/posts\/923\/revisions"}],"predecessor-version":[{"id":18707,"href":"https:\/\/www.kariyer.net\/kariyer-rehberi\/wp-json\/wp\/v2\/posts\/923\/revisions\/18707"}],"wp:featuredmedia":[{"embeddable":true,"href":"https:\/\/www.kariyer.net\/kariyer-rehberi\/wp-json\/wp\/v2\/media\/4021"}],"wp:attachment":[{"href":"https:\/\/www.kariyer.net\/kariyer-rehberi\/wp-json\/wp\/v2\/media?parent=923"}],"wp:term":[{"taxonomy":"category","embeddable":true,"href":"https:\/\/www.kariyer.net\/kariyer-rehberi\/wp-json\/wp\/v2\/categories?post=923"},{"taxonomy":"post_tag","embeddable":true,"href":"https:\/\/www.kariyer.net\/kariyer-rehberi\/wp-json\/wp\/v2\/tags?post=923"}],"curies":[{"name":"wp","href":"https:\/\/api.w.org\/{rel}","templated":true}]}}