{"id":9259,"date":"2017-07-27T15:09:01","date_gmt":"2017-07-27T12:09:01","guid":{"rendered":"http:\/\/www.kariyer.net\/kariyer-rehberi\/?p=9259"},"modified":"2020-07-22T14:50:01","modified_gmt":"2020-07-22T11:50:01","slug":"ozgecmisinizde-hangi-bilgi-eksik-hangisi-fazla","status":"publish","type":"post","link":"https:\/\/www.kariyer.net\/kariyer-rehberi\/ozgecmisinizde-hangi-bilgi-eksik-hangisi-fazla\/","title":{"rendered":"\u00d6zge\u00e7mi\u015finizde hangi bilgi eksik hangisi fazla?"},"content":{"rendered":"<p><strong>\u201cCV\u2019nizi haz\u0131rlarken bilgi, beceri ve yapabileceklerinizi yans\u0131tman\u0131z gerekiyor. Gerekli bilgiyi yeterli \u00f6zenle yazarsan\u0131z fark yarat\u0131r ve b\u00f6ylelikle bireysel markan\u0131za g\u00f6sterdi\u011finiz \u00f6zeni de ifade etmi\u015f olursunuz\u201d diyen \u0130K ve Kariyer Dan\u0131\u015fman\u0131 Esra Kemer, \u00f6zge\u00e7mi\u015f haz\u0131rlarken nelere dikkat edilmesi gerekti\u011fini, \u00f6zge\u00e7mi\u015fin olmazsa olmazlar\u0131n\u0131 ve olmasa da olurlar\u0131n\u0131 anlat\u0131yor.<\/strong><\/p>\n<p>\u00d6zge\u00e7mi\u015f, sizin kariyer ge\u00e7mi\u015finizin ve kariyer yolculu\u011funuza ait bilgilerin oldu\u011fu tan\u0131t\u0131m dok\u00fcman\u0131, kariyerinizin pazarlama arac\u0131d\u0131r. Farkl\u0131 i\u015f arama kanallar\u0131nda da bu tan\u0131t\u0131m arac\u0131n\u0131 kullan\u0131r\u0131z. \u00d6zge\u00e7mi\u015flerde, pozisyonlara ve i\u015flere g\u00f6re farkl\u0131l\u0131k olsa da, her \u00f6zge\u00e7mi\u015fte mutlaka olmas\u0131 gerekli b\u00f6l\u00fcmler ve bilgiler vard\u0131r.<\/p>\n<p>Dan\u0131\u015fanlar\u0131mla yapt\u0131\u011f\u0131m g\u00f6r\u00fc\u015fmelerde \u201cBu kadar tecr\u00fcbeyi iki sayfaya nas\u0131l s\u0131\u011fd\u0131raca\u011f\u0131m?\u201d, \u201cYapt\u0131klar\u0131m\u0131 nas\u0131l anlataca\u011f\u0131m?\u201d, \u201cBir s\u00fcr\u00fc projem ve ba\u015far\u0131 \u00f6yk\u00fcm var, bunlar\u0131 yazmam gerekli mi?\u201d sorular\u0131n\u0131 duyuyorum.\u00a0 <strong><a href=\"http:\/\/www.kariyer.net\/kariyer-rehberi\/cvnizi-daha-etkili-hale-getirmek-icin-rakamlari-nasil-kullanabilirsiniz\/\" target=\"_blank\" rel=\"noopener noreferrer\">CV\u2019nizi haz\u0131rlarken<\/a><\/strong> bilgi, beceri ve yapabileceklerinizi yans\u0131tman\u0131z gerekiyor. Gerekli bilgiyi yeterli \u00f6zenle yazarsan\u0131z fark yarat\u0131r ve b\u00f6ylelikle bireysel markan\u0131za g\u00f6sterdi\u011finiz \u00f6zeni ifade etmi\u015f olursunuz.<\/p>\n<h2><strong>CV\u2019lerin olmazsa olmazlar\u0131 neler?<\/strong><\/h2>\n<p>CV\u2019de olmazsa olmazlar ile olmasa da olurlar var. Bu ayr\u0131m\u0131 iyi yapmak gerekir. Baz\u0131 bilgiler ba\u015fvurulan ilana g\u00f6re gereksiz kalabiliyor. Peki, nelere dikkat etmeniz gerekiyor?<\/p>\n<p>-CV size ait ve ba\u015fl\u0131\u011f\u0131nda da siz olmal\u0131s\u0131n\u0131z. (Cirriculum Vitae ile ba\u015flayan CV\u2019ler de g\u00f6rd\u00fcm.)<\/p>\n<p>-S\u00fcrekli kullan\u0131lan, takip edilen bir e-posta adresiniz mutlaka olmal\u0131. Kullanaca\u011f\u0131n\u0131z e-posta adresiniz \u201cnickname\u201d de\u011fil, kurumsal hayat\u0131 da temsil edebilecek bir e-posta adresi olmal\u0131.<\/p>\n<p>-Kulland\u0131\u011f\u0131n\u0131z telefon numaralar\u0131 ula\u015f\u0131l\u0131r olmal\u0131. Bir \u0130K uzman\u0131 i\u015f g\u00f6r\u00fc\u015fmesi i\u00e7in arad\u0131\u011f\u0131nda size ula\u015fabilmeli. Di\u011fer bir ki\u015finin numaras\u0131n\u0131 veriyorsan\u0131z bu ki\u015fiyi de konuyla ilgili bilgilendirmeniz sa\u011fl\u0131kl\u0131 olur.<\/p>\n<p>-A\u00e7\u0131k adres yerine sadece mahalle ve il\u00e7e bilgisini verebilirsiniz. Sonu\u00e7ta i\u015fe ba\u015flad\u0131\u011f\u0131n\u0131zda a\u00e7\u0131k adres detaylar\u0131n\u0131 payla\u015facaks\u0131n\u0131z.<\/p>\n<p>-G\u00fcn\u00fcm\u00fczde sosyal a\u011flar\u0131n \u00f6nemi art\u0131yorken profesyonel ama\u00e7l\u0131 kulland\u0131\u011f\u0131n\u0131z LinkedIn gibi bir sosyal a\u011f hesab\u0131n\u0131z\u0131 da ileti\u015fim bilgilerinize ekleyebilirsiniz. Ancak bu sosyal a\u011f hesaplar\u0131n\u0131z\u0131 veriyorsan\u0131z bu a\u011flar\u0131 profesyonel hayata uygun kullanman\u0131z\u0131 \u00f6neririm.<\/p>\n<p>-\u00d6zge\u00e7mi\u015finizde kariyer \u00f6zetinizden ve hedefinizden bahsetmenizde fayda var. <strong><a href=\"http:\/\/www.kariyer.net\/kariyer-rehberi\/az-deneyimle-daha-gorunur-cv-nasil-hazirlanir\/\" target=\"_blank\" rel=\"noopener noreferrer\">\u00d6\u011frenciler <\/a><\/strong>\u00f6zet yerine profesyonel kimli\u011fine at\u0131fta bulunarak hedeflerini yazabilir. \u00c7al\u0131\u015fanlar ise kariyer \u00f6zetini, uzmanl\u0131k alanlar\u0131n\u0131, yetkinliklerini yazabilirler.<\/p>\n<p>-CV\u2019yi inceleyen \u0130K uzman\u0131n\u0131n profesyonel kimli\u011finiz ve gelecek hedefleriniz hakk\u0131nda bilgi sahibi olmas\u0131, CV\u2019nizi incelemesi i\u00e7in faydal\u0131 olacakt\u0131r. Bu arada CV\u2019nizi hedefinizle ve ba\u015fvurdu\u011funuz i\u015fle ayn\u0131 do\u011frultuda yazman\u0131z\u0131n \u00f6nemini de hat\u0131rlatmak isterim.<\/p>\n<p>-\u0130\u015f ve staj tecr\u00fcbelerinizi belirtmeniz \u00f6nemli.\u00a0 Hangi tarih aral\u0131\u011f\u0131nda, hangi \u015firkette, hangi pozisyonda \u00e7al\u0131\u015ft\u0131\u011f\u0131n\u0131z\u0131 mutlaka belirtmelisiniz. \u0130\u015f tecr\u00fcbelerinizin detaylar\u0131n\u0131 da belirtmeli ve yapt\u0131klar\u0131n\u0131zla desteklemelisiniz. Tecr\u00fcbelerinizi tersine kronolojik olarak yani sondan ba\u015fa do\u011fru olacak \u015fekilde yazmal\u0131s\u0131n\u0131z. (Deneyimlerini i\u015f hayat\u0131na ilk ba\u015flad\u0131\u011f\u0131 yerden anlatmaya ba\u015flanan CV&#8217;leri olduk\u00e7a s\u0131k g\u00f6r\u00fcyorum.)<\/p>\n<p>-E\u011fitim bilgilerinizi detaylar\u0131yla belirtmelisiniz. Ama geriye do\u011fru gittik\u00e7e ilkokul bilgileri \u00f6nemsiz; MBA, y\u00fcksek lisans, \u00fcniversite detaylar\u0131 \u00f6nemlidir. E\u011fitim hayat\u0131nda ald\u0131\u011f\u0131n\u0131z notlar ise duruma g\u00f6re yaz\u0131labilir.<\/p>\n<p>-Kat\u0131ld\u0131\u011f\u0131n\u0131z ki\u015fisel ve mesleki geli\u015fim e\u011fitimlerini, seminerlerin en gerekli olanlar\u0131n\u0131 mutlaka yaz\u0131n. Sertifikalar\u0131n\u0131z\u0131, uzmanl\u0131k belgelerini numaras\u0131yla birlikte yaz\u0131lmas\u0131 faydal\u0131 olacakt\u0131r.<\/p>\n<p>-Bildi\u011finiz yabanc\u0131 diller, seviyeleri, nereden \u00f6\u011frendi\u011finiz, bunlar \u00f6nemli konular. Kulland\u0131\u011f\u0131n\u0131z bilgisayar programlar\u0131n\u0131,\u00a0 yaz\u0131l\u0131m dillerini eklemelisiniz. Burada dikkat etmeniz gereken konu ba\u015fvurdu\u011funuz i\u015fe, sekt\u00f6re g\u00f6re detayland\u0131rman\u0131z olacakt\u0131r.\u00a0 Faks \u00e7ekmenizin \u00e7ok \u00f6nemi yok ama baz\u0131 ekipmanlar\u0131 kullanabilmeniz sizi bir ad\u0131m \u00f6ne \u00e7\u0131karabilir.<\/p>\n<p>-Bana gelen sorulardan bir tanesi de hobiler ve ilgi alanlar\u0131 ilgili. Sadece ge\u00e7en yaz y\u00fczd\u00fcyseniz, iki ay \u00f6nce sinemaya gittiyseniz yazmay\u0131n. Hobileriniz, kendinize ay\u0131rd\u0131\u011f\u0131n\u0131z zamand\u0131r, kendinize yapt\u0131\u011f\u0131n\u0131z yat\u0131r\u0131md\u0131r. Hobilerinizle de geli\u015fiminizi desteklersiniz. E\u011fer d\u00fczenli ata biniyorsan\u0131z ve kul\u00fcp \u00fcyeli\u011finiz varsa mutlaka belirtin. Bu hobiniz ekip \u00e7al\u0131\u015fmas\u0131na uygunlu\u011funuzu g\u00f6sterir.<\/p>\n<p>-Ba\u015fvurdu\u011funuz i\u015f ilan\u0131nda istenilen ek bilgiler varsa \u00f6zge\u00e7mi\u015finizde bu bilgiye mutlaka yer verin. \u00d6rne\u011fin ehliyet detaylar\u0131, erkekler i\u00e7in askerlik bilgisi gibi. Bu bilgilere ki\u015fisel bilgiler b\u00f6l\u00fcm\u00fcnde yer verebilirsiniz.<\/p>\n<p>-Referanslara isim ve detay bilgisi yazmak yerine, \u201cBu bilgi istenildi\u011finde verilecektir\u201d denebildi\u011fi gibi, verilmeyebilir de. E\u011fer illa yazmak istiyorsan\u0131z, ileti\u015fim bilgileri d\u0131\u015f\u0131nda ad-soyad\u0131-\u015firket unvan\u0131 verebilirsiniz.<\/p>\n<h2><strong>\u00d6zge\u00e7mi\u015finizdeki bilgilerin eksik ya da fazla oldu\u011funu nas\u0131l anlars\u0131n\u0131z?<\/strong><\/h2>\n<p>\u00d6zge\u00e7mi\u015finizde yazaca\u011f\u0131n\u0131z her detaya karar verirken sorman\u0131z gereken birka\u00e7 soru var. Bu sorular:<\/p>\n<p>* Bu bilgi ba\u015fvurdu\u011fum ilan i\u00e7in ne kadar gerekli?<\/p>\n<p>* Yazaca\u011f\u0131m detay bilgi \u00f6z gelece\u011fim i\u00e7in faydal\u0131 olacak m\u0131?<\/p>\n<p>* Bu bilgi CV&#8217;nin neresinde olmal\u0131?<\/p>\n<p>* Yazd\u0131klar\u0131m beni ve bireysel markam\u0131 gerekli \u015fekilde temsil ediyor mu?<\/p>\n<p>E\u011fer yazmak istedi\u011finiz bilgilerin ba\u015fvuraca\u011f\u0131n\u0131z i\u015fle ilgisi yoksa, g\u00f6revinize ve \u00f6z gelece\u011finize katk\u0131s\u0131 olmayacaksa yazd\u0131\u011f\u0131n\u0131z her detay gereksiz bilgi olarak yer i\u015fgal edecektir. Ba\u015far\u0131larla dolu bir kariyer dilerim.<\/p>\n<!-- templates\/buttons-placeholder.php -->\n<div class=\"da-reactions-outer TpostID9259\">\n\t    <div class=\"da-reactions-data da-reactions-container-async center\"\n         data-type=\"post\"\n         data-id=\"9259\"\n         id=\"da-reactions-slot-post-9259\">\n        <div class=\"da-reactions-static\">\n\t\t\t<img src=\"https:\/\/www.kariyer.net\/kariyer-rehberi\/wp-content\/plugins\/da-reactions\/assets\/dist\/loading.svg\" alt=\"Loading spinner\" width=\"48\" height=\"48\" style=\"width:48px\" \/>\n        <\/div>\n    <\/div>\n<\/div>\n","protected":false},"excerpt":{"rendered":"<p>\u201cCV\u2019nizi haz\u0131rlarken bilgi, beceri ve yapabileceklerinizi yans\u0131tman\u0131z gerekiyor. Gerekli bilgiyi yeterli \u00f6zenle yazarsan\u0131z fark yarat\u0131r ve b\u00f6ylelikle bireysel markan\u0131za g\u00f6sterdi\u011finiz \u00f6zeni de ifade etmi\u015f olursunuz\u201d diyen \u0130K ve Kariyer Dan\u0131\u015fman\u0131 Esra Kemer, \u00f6zge\u00e7mi\u015f haz\u0131rlarken nelere dikkat edilmesi gerekti\u011fini, \u00f6zge\u00e7mi\u015fin olmazsa olmazlar\u0131n\u0131 ve olmasa da olurlar\u0131n\u0131 anlat\u0131yor. \u00d6zge\u00e7mi\u015f, sizin kariyer ge\u00e7mi\u015finizin ve kariyer yolculu\u011funuza ait bilgilerin [&hellip;]<\/p>\n<!-- templates\/buttons-placeholder.php -->\n<div class=\"da-reactions-outer TpostID9259\">\n\t    <div class=\"da-reactions-data da-reactions-container-async center\"\n         data-type=\"post\"\n         data-id=\"9259\"\n         id=\"da-reactions-slot-post-9259\">\n        <div class=\"da-reactions-static\">\n\t\t\t<img src=\"https:\/\/www.kariyer.net\/kariyer-rehberi\/wp-content\/plugins\/da-reactions\/assets\/dist\/loading.svg\" alt=\"Loading spinner\" width=\"48\" height=\"48\" style=\"width:48px\" \/>\n        <\/div>\n    <\/div>\n<\/div>\n","protected":false},"author":9,"featured_media":9419,"comment_status":"open","ping_status":"open","sticky":false,"template":"","format":"standard","meta":{"footnotes":"","_elementor_edit_mode":"","_elementor_template_type":"","_elementor_data":"","_elementor_page_settings":null,"_elementor_conditions":[]},"categories":[34,35],"tags":[],"class_list":{"0":"post-9259","1":"post","2":"type-post","3":"status-publish","4":"format-standard","5":"has-post-thumbnail","7":"category-oz-gecmis","8":"category-ozgecmis-hazirlama"},"yoast_head":"<!-- This site is optimized with the Yoast SEO Premium plugin v21.4 (Yoast SEO v27.0) - https:\/\/yoast.com\/product\/yoast-seo-premium-wordpress\/ -->\n<title>\u00d6zge\u00e7mi\u015finizde hangi bilgi eksik hangisi fazla? | Kariyer Rehberi<\/title>\n<meta name=\"description\" content=\"\u201cCV\u2019nizi haz\u0131rlarken bilgi, beceri ve yapabileceklerinizi yans\u0131tman\u0131z gerekiyor. Gerekli bilgiyi yeterli \u00f6zenle yazarsan\u0131z fark yarat\u0131r ve b\u00f6ylelikle\" \/>\n<meta name=\"robots\" content=\"index, follow, max-snippet:-1, max-image-preview:large, max-video-preview:-1\" \/>\n<link rel=\"canonical\" href=\"https:\/\/www.kariyer.net\/kariyer-rehberi\/ozgecmisinizde-hangi-bilgi-eksik-hangisi-fazla\/\" \/>\n<meta property=\"og:locale\" content=\"tr_TR\" \/>\n<meta property=\"og:type\" content=\"article\" \/>\n<meta property=\"og:title\" content=\"\u00d6zge\u00e7mi\u015finizde hangi bilgi eksik hangisi fazla?\" \/>\n<meta property=\"og:description\" content=\"\u201cCV\u2019nizi haz\u0131rlarken bilgi, beceri ve yapabileceklerinizi yans\u0131tman\u0131z gerekiyor. Gerekli bilgiyi yeterli \u00f6zenle yazarsan\u0131z fark yarat\u0131r ve b\u00f6ylelikle\" \/>\n<meta property=\"og:url\" content=\"https:\/\/www.kariyer.net\/kariyer-rehberi\/ozgecmisinizde-hangi-bilgi-eksik-hangisi-fazla\/\" \/>\n<meta property=\"og:site_name\" content=\"Kariyer Rehberi\" \/>\n<meta property=\"article:published_time\" content=\"2017-07-27T12:09:01+00:00\" \/>\n<meta property=\"article:modified_time\" content=\"2020-07-22T11:50:01+00:00\" \/>\n<meta property=\"og:image\" content=\"https:\/\/www.kariyer.net\/kariyer-rehberi\/wp-content\/uploads\/2017\/07\/mehcido5775757.jpg\" \/>\n\t<meta property=\"og:image:width\" content=\"900\" \/>\n\t<meta property=\"og:image:height\" content=\"600\" \/>\n\t<meta property=\"og:image:type\" content=\"image\/jpeg\" \/>\n<meta name=\"author\" content=\"Konuk Yazar\" \/>\n<meta name=\"twitter:card\" content=\"summary_large_image\" \/>\n<meta name=\"twitter:label1\" content=\"Yazan:\" \/>\n\t<meta name=\"twitter:data1\" content=\"Konuk Yazar\" \/>\n\t<meta name=\"twitter:label2\" content=\"Tahmini okuma s\u00fcresi\" \/>\n\t<meta name=\"twitter:data2\" content=\"5 dakika\" \/>\n<!-- \/ Yoast SEO Premium plugin. -->","yoast_head_json":{"title":"\u00d6zge\u00e7mi\u015finizde hangi bilgi eksik hangisi fazla? | Kariyer Rehberi","description":"\u201cCV\u2019nizi haz\u0131rlarken bilgi, beceri ve yapabileceklerinizi yans\u0131tman\u0131z gerekiyor. Gerekli bilgiyi yeterli \u00f6zenle yazarsan\u0131z fark yarat\u0131r ve b\u00f6ylelikle","robots":{"index":"index","follow":"follow","max-snippet":"max-snippet:-1","max-image-preview":"max-image-preview:large","max-video-preview":"max-video-preview:-1"},"canonical":"https:\/\/www.kariyer.net\/kariyer-rehberi\/ozgecmisinizde-hangi-bilgi-eksik-hangisi-fazla\/","og_locale":"tr_TR","og_type":"article","og_title":"\u00d6zge\u00e7mi\u015finizde hangi bilgi eksik hangisi fazla?","og_description":"\u201cCV\u2019nizi haz\u0131rlarken bilgi, beceri ve yapabileceklerinizi yans\u0131tman\u0131z gerekiyor. Gerekli bilgiyi yeterli \u00f6zenle yazarsan\u0131z fark yarat\u0131r ve b\u00f6ylelikle","og_url":"https:\/\/www.kariyer.net\/kariyer-rehberi\/ozgecmisinizde-hangi-bilgi-eksik-hangisi-fazla\/","og_site_name":"Kariyer Rehberi","article_published_time":"2017-07-27T12:09:01+00:00","article_modified_time":"2020-07-22T11:50:01+00:00","og_image":[{"width":900,"height":600,"url":"https:\/\/www.kariyer.net\/kariyer-rehberi\/wp-content\/uploads\/2017\/07\/mehcido5775757.jpg","type":"image\/jpeg"}],"author":"Konuk Yazar","twitter_card":"summary_large_image","twitter_misc":{"Yazan:":"Konuk Yazar","Tahmini okuma s\u00fcresi":"5 dakika"},"schema":{"@context":"https:\/\/schema.org","@graph":[{"@type":"Article","@id":"https:\/\/www.kariyer.net\/kariyer-rehberi\/ozgecmisinizde-hangi-bilgi-eksik-hangisi-fazla\/#article","isPartOf":{"@id":"https:\/\/www.kariyer.net\/kariyer-rehberi\/ozgecmisinizde-hangi-bilgi-eksik-hangisi-fazla\/"},"author":{"name":"Konuk Yazar","@id":"https:\/\/www.kariyer.net\/kariyer-rehberi\/#\/schema\/person\/6154a58a8375a4df7f7fc847997c4657"},"headline":"\u00d6zge\u00e7mi\u015finizde hangi bilgi eksik hangisi fazla?","datePublished":"2017-07-27T12:09:01+00:00","dateModified":"2020-07-22T11:50:01+00:00","mainEntityOfPage":{"@id":"https:\/\/www.kariyer.net\/kariyer-rehberi\/ozgecmisinizde-hangi-bilgi-eksik-hangisi-fazla\/"},"wordCount":960,"commentCount":0,"publisher":{"@id":"https:\/\/www.kariyer.net\/kariyer-rehberi\/#organization"},"image":{"@id":"https:\/\/www.kariyer.net\/kariyer-rehberi\/ozgecmisinizde-hangi-bilgi-eksik-hangisi-fazla\/#primaryimage"},"thumbnailUrl":"https:\/\/www.kariyer.net\/kariyer-rehberi\/wp-content\/uploads\/2017\/07\/mehcido5775757.jpg","articleSection":["\u00d6zge\u00e7mi\u015f","\u00d6zge\u00e7mi\u015f Haz\u0131rlama"],"inLanguage":"tr","potentialAction":[{"@type":"CommentAction","name":"Comment","target":["https:\/\/www.kariyer.net\/kariyer-rehberi\/ozgecmisinizde-hangi-bilgi-eksik-hangisi-fazla\/#respond"]}]},{"@type":"WebPage","@id":"https:\/\/www.kariyer.net\/kariyer-rehberi\/ozgecmisinizde-hangi-bilgi-eksik-hangisi-fazla\/","url":"https:\/\/www.kariyer.net\/kariyer-rehberi\/ozgecmisinizde-hangi-bilgi-eksik-hangisi-fazla\/","name":"\u00d6zge\u00e7mi\u015finizde hangi bilgi eksik hangisi fazla? | Kariyer Rehberi","isPartOf":{"@id":"https:\/\/www.kariyer.net\/kariyer-rehberi\/#website"},"primaryImageOfPage":{"@id":"https:\/\/www.kariyer.net\/kariyer-rehberi\/ozgecmisinizde-hangi-bilgi-eksik-hangisi-fazla\/#primaryimage"},"image":{"@id":"https:\/\/www.kariyer.net\/kariyer-rehberi\/ozgecmisinizde-hangi-bilgi-eksik-hangisi-fazla\/#primaryimage"},"thumbnailUrl":"https:\/\/www.kariyer.net\/kariyer-rehberi\/wp-content\/uploads\/2017\/07\/mehcido5775757.jpg","datePublished":"2017-07-27T12:09:01+00:00","dateModified":"2020-07-22T11:50:01+00:00","description":"\u201cCV\u2019nizi haz\u0131rlarken bilgi, beceri ve yapabileceklerinizi yans\u0131tman\u0131z gerekiyor. Gerekli bilgiyi yeterli \u00f6zenle yazarsan\u0131z fark yarat\u0131r ve b\u00f6ylelikle","breadcrumb":{"@id":"https:\/\/www.kariyer.net\/kariyer-rehberi\/ozgecmisinizde-hangi-bilgi-eksik-hangisi-fazla\/#breadcrumb"},"inLanguage":"tr","potentialAction":[{"@type":"ReadAction","target":["https:\/\/www.kariyer.net\/kariyer-rehberi\/ozgecmisinizde-hangi-bilgi-eksik-hangisi-fazla\/"]}]},{"@type":"ImageObject","inLanguage":"tr","@id":"https:\/\/www.kariyer.net\/kariyer-rehberi\/ozgecmisinizde-hangi-bilgi-eksik-hangisi-fazla\/#primaryimage","url":"https:\/\/www.kariyer.net\/kariyer-rehberi\/wp-content\/uploads\/2017\/07\/mehcido5775757.jpg","contentUrl":"https:\/\/www.kariyer.net\/kariyer-rehberi\/wp-content\/uploads\/2017\/07\/mehcido5775757.jpg","width":900,"height":600},{"@type":"BreadcrumbList","@id":"https:\/\/www.kariyer.net\/kariyer-rehberi\/ozgecmisinizde-hangi-bilgi-eksik-hangisi-fazla\/#breadcrumb","itemListElement":[{"@type":"ListItem","position":1,"name":"Anasayfa","item":"https:\/\/www.kariyer.net\/kariyer-rehberi\/"},{"@type":"ListItem","position":2,"name":"\u00d6zge\u00e7mi\u015finizde hangi bilgi eksik hangisi fazla?"}]},{"@type":"WebSite","@id":"https:\/\/www.kariyer.net\/kariyer-rehberi\/#website","url":"https:\/\/www.kariyer.net\/kariyer-rehberi\/","name":"Kariyer Rehberi","description":"\u0130\u015f D\u00fcnyas\u0131yla \u0130lgili Bilmek \u0130stedi\u011finiz Her \u015eey","publisher":{"@id":"https:\/\/www.kariyer.net\/kariyer-rehberi\/#organization"},"potentialAction":[{"@type":"SearchAction","target":{"@type":"EntryPoint","urlTemplate":"https:\/\/www.kariyer.net\/kariyer-rehberi\/?s={search_term_string}"},"query-input":{"@type":"PropertyValueSpecification","valueRequired":true,"valueName":"search_term_string"}}],"inLanguage":"tr"},{"@type":"Organization","@id":"https:\/\/www.kariyer.net\/kariyer-rehberi\/#organization","name":"Kariyer.net","url":"https:\/\/www.kariyer.net\/kariyer-rehberi\/","logo":{"@type":"ImageObject","inLanguage":"tr","@id":"https:\/\/www.kariyer.net\/kariyer-rehberi\/#\/schema\/logo\/image\/","url":"https:\/\/www.kariyer.net\/kariyer-rehberi-new\/wp-content\/uploads\/2023\/01\/og-image11.jpg","contentUrl":"https:\/\/www.kariyer.net\/kariyer-rehberi-new\/wp-content\/uploads\/2023\/01\/og-image11.jpg","width":800,"height":800,"caption":"Kariyer.net"},"image":{"@id":"https:\/\/www.kariyer.net\/kariyer-rehberi\/#\/schema\/logo\/image\/"}},{"@type":"Person","@id":"https:\/\/www.kariyer.net\/kariyer-rehberi\/#\/schema\/person\/6154a58a8375a4df7f7fc847997c4657","name":"Konuk Yazar","image":{"@type":"ImageObject","inLanguage":"tr","@id":"https:\/\/www.kariyer.net\/kariyer-rehberi\/#\/schema\/person\/image\/","url":"https:\/\/secure.gravatar.com\/avatar\/f03aa189ddb09160e6f0ad7e5e2c4b69c7102a041cc145a1e45a96f0100baa41?s=96&d=mm&r=g","contentUrl":"https:\/\/secure.gravatar.com\/avatar\/f03aa189ddb09160e6f0ad7e5e2c4b69c7102a041cc145a1e45a96f0100baa41?s=96&d=mm&r=g","caption":"Konuk Yazar"},"url":"https:\/\/www.kariyer.net\/kariyer-rehberi\/author\/konukyazar\/"}]}},"_links":{"self":[{"href":"https:\/\/www.kariyer.net\/kariyer-rehberi\/wp-json\/wp\/v2\/posts\/9259","targetHints":{"allow":["GET"]}}],"collection":[{"href":"https:\/\/www.kariyer.net\/kariyer-rehberi\/wp-json\/wp\/v2\/posts"}],"about":[{"href":"https:\/\/www.kariyer.net\/kariyer-rehberi\/wp-json\/wp\/v2\/types\/post"}],"author":[{"embeddable":true,"href":"https:\/\/www.kariyer.net\/kariyer-rehberi\/wp-json\/wp\/v2\/users\/9"}],"replies":[{"embeddable":true,"href":"https:\/\/www.kariyer.net\/kariyer-rehberi\/wp-json\/wp\/v2\/comments?post=9259"}],"version-history":[{"count":0,"href":"https:\/\/www.kariyer.net\/kariyer-rehberi\/wp-json\/wp\/v2\/posts\/9259\/revisions"}],"wp:featuredmedia":[{"embeddable":true,"href":"https:\/\/www.kariyer.net\/kariyer-rehberi\/wp-json\/wp\/v2\/media\/9419"}],"wp:attachment":[{"href":"https:\/\/www.kariyer.net\/kariyer-rehberi\/wp-json\/wp\/v2\/media?parent=9259"}],"wp:term":[{"taxonomy":"category","embeddable":true,"href":"https:\/\/www.kariyer.net\/kariyer-rehberi\/wp-json\/wp\/v2\/categories?post=9259"},{"taxonomy":"post_tag","embeddable":true,"href":"https:\/\/www.kariyer.net\/kariyer-rehberi\/wp-json\/wp\/v2\/tags?post=9259"}],"curies":[{"name":"wp","href":"https:\/\/api.w.org\/{rel}","templated":true}]}}