{"id":927,"date":"2013-05-14T03:00:00","date_gmt":"2013-05-14T00:00:00","guid":{"rendered":"http:\/\/92.45.35.169\/yildiz-teknik-universitesi-dunya-1-si-oldu\/"},"modified":"2024-07-03T14:52:56","modified_gmt":"2024-07-03T11:52:56","slug":"yildiz-teknik-universitesi-dunya-1-si-oldu","status":"publish","type":"post","link":"https:\/\/www.kariyer.net\/kariyer-rehberi\/yildiz-teknik-universitesi-dunya-1-si-oldu\/","title":{"rendered":"Y\u0131ld\u0131z Teknik \u00dcniversitesi d\u00fcnya 1.\u2019si oldu"},"content":{"rendered":"<p><strong>Y\u0131ld\u0131z Teknik \u00dcniversitesi \u00f6\u011frencileri uluslararas\u0131 d\u00fczeyde d\u00fczenlenen \u00e7ok-k\u00fclt\u00fcrl\u00fcl\u00fck ve yeni teknolojiler temel al\u0131narak olu\u015fturulan hedefler ile bi\u00e7imlendirilen Indra Gelece\u011fin Fikirleri Yar\u0131\u015fmas\u0131\u2019n\u0131n, Indra\u2019n\u0131n Brezilya Sao Paula\u2019daki Merkezinde d\u00fczenlenen finalinde birinci oldu.<\/strong><\/p>\n<p><img decoding=\"async\" style=\"margin: 10px; width: 320px; height: 200px; float: left;\" alt=\"\" src=\"http:\/\/img1.kariyer.net\/WebSite\/uploads\/KariyerRehberi\/pictures\/indra_ic.JPG\" \/><\/p>\n<p>Y\u0131ld\u0131z Teknik \u00dcniversitesi\u2019nden yar\u0131\u015fmaya kat\u0131lan; Vildan Nurda\u011f, Necati Cihan Camg\u00f6z ve S\u00fcha Boncuk\u00e7u uluslararas\u0131 d\u00fczeyde d\u00fczenlenen, \u00e7ok-k\u00fclt\u00fcrl\u00fcl\u00fck ve yeni teknolojiler temel al\u0131narak olu\u015fturulan hedefler ile bi\u00e7imlendirilen Indra Gelece\u011fin Fikirleri Yar\u0131\u015fmas\u0131\u2019n\u0131 kazand\u0131. \u0130lk defa Indra\u2019n\u0131n Brezilya Sao Paulo\u2019daki ofislerinde final a\u015famas\u0131 d\u00fczenlenen yar\u0131\u015fmada \u00f6\u011frenciler Brezilya\u2019da y\u00fcr\u00fct\u00fclen ger\u00e7ek Indra projelerine ili\u015fkin analizler yaparak \u00e7\u00f6z\u00fcmler sundular.<\/p>\n<p>&nbsp;<\/p>\n<p>Y\u0131ld\u0131z Teknik \u00f6\u011frencileri final a\u015famas\u0131nda ikincilik \u00f6d\u00fcl\u00fcn\u00fc kazanan Filipinler Diliman \u00dcniversitesi \u00f6\u011frencileri ile yar\u0131\u015ft\u0131lar; ekipler yar\u0131-finalde Madrid Teknik \u00dcniversitesi (\u0130spanya) ve Sao Paulo \u00dcniversitesi (Brezilya) \u00f6\u011frencileri ile yar\u0131\u015ft\u0131lar.<\/p>\n<p>&nbsp;<\/p>\n<p><strong>Yetenekleri ortaya \u00e7\u0131kar\u0131yor<\/strong><\/p>\n<p>Yar\u0131-finalde T\u00fcrk ve Filipinli ekipler, mobilite ve ak\u0131ll\u0131 \u015fehirler kapsam\u0131nda Curitiba \u015fehrindeki toplu ta\u015f\u0131ma ve ula\u015f\u0131m i\u00e7in geli\u015ftirilen bir Indra projesini temel al\u0131narak sunduklar\u0131 \u00f6nerileri ile yar\u0131\u015fmay\u0131 kazand\u0131lar. Yar\u0131\u015fmay\u0131 kazanan \u00fc\u00e7 \u00f6\u011frenci, e\u011fitimlerini tamamlad\u0131ktan sonra se\u00e7mi\u015f olduklar\u0131 bir \u00fclkede Indra\u2019ya ba\u011fl\u0131 bir dan\u0131\u015fmanl\u0131k ve teknoloji \u015firketinin ekibine kat\u0131lma \u00f6d\u00fcl\u00fcn\u00fc kazand\u0131lar. Bu f\u0131rsat \u00f6\u011frencilere profesyonel kariyerlerlerinin ba\u015f\u0131nda uluslararas\u0131 deneyim kazand\u0131rarak \u00f6\u011frenciler \u015firketlerin halihaz\u0131rda arad\u0131klar\u0131 global profili olu\u015fturma f\u0131rsat\u0131n\u0131 yakalayacaklar.<\/p>\n<p>Indra Brezilya\u2019da g\u00f6rev yapmakta olan K\u0131demli Ba\u015fkan Yard\u0131mc\u0131s\u0131 Edenilson Fleischmann \u00f6d\u00fcl t\u00f6reninde \u015funlar\u0131 s\u00f6yledi: &#8220;Yenilik\u00e7ilik insanlar\u0131n yeteneklerinin bir sonucudur ve biz d\u00fcnya \u00e7ap\u0131ndaki yetenekleri cezbedecek bir zorluk olu\u015fturmal\u0131y\u0131z. Bu uluslararas\u0131 yar\u0131\u015fma de\u011ferlerimizi payla\u015fan yetenekli gen\u00e7lerle tan\u0131\u015fma f\u0131rsat\u0131 sa\u011fl\u0131yor&#8221;. Etkinlikte, Sao Paulo\u2019dan gelen ve 4000 \u00e7ocuk ve yeti\u015fkinden olu\u015fan &#8220;Meninos do Morumbi&#8221; M\u00fczik Grubu bir performans sergiledi; bu m\u00fczik grubu m\u00fczi\u011fi fikirlerin olu\u015fturulmas\u0131 ve \u015fehrin sosyal ekonomik olarak en dezavantajl\u0131 b\u00f6lgelerinden gelen ki\u015filer i\u00e7in ekonomik ve sosyal farkl\u0131l\u0131klar\u0131n asgari d\u00fczeye getirilmesi i\u00e7in bir ara\u00e7 olarak kullan\u0131yorlar.<\/p>\n<p>&nbsp;<\/p>\n<p><strong>Yar\u0131\u015fmaya 11 \u00fclkeden 16 ekip kat\u0131ld\u0131<\/strong><\/p>\n<p>Indra Gelece\u011fin Fikirleri Yar\u0131\u015fmas\u0131 11 \u00fclkeden, telekom\u00fcnikasyon m\u00fchendisli\u011fi, end\u00fcstri m\u00fchendisli\u011fi ve bilgisayar m\u00fchendisli\u011fi b\u00f6l\u00fcml\u00fc son s\u0131n\u0131f \u00f6\u011frencilerinden olu\u015fan 16 ekip ile ba\u015flad\u0131. \u0130lk a\u015famada ekiplerden Indra taraf\u0131ndan \u00f6nerilen ve ger\u00e7ek projelerin temel al\u0131nd\u0131\u011f\u0131 \u00e7e\u015fitli problemleri \u00e7\u00f6zmeleri istendi. Bu projeler; bir \u00fclke i\u00e7in yeni bir sa\u011fl\u0131k sisteminin tasarlanmas\u0131, s\u00fcrd\u00fcr\u00fclebilirli\u011fi olan in\u015faat projeleri i\u00e7in serbest-ak\u0131\u015fl\u0131 elektronik bir ge\u00e7i\u015f sisteminin olu\u015fturulmas\u0131, i\u015fletme analitikleri veya topluma etkinliklerin duyurulmas\u0131 gibi konular\u0131 kapsad\u0131. \u0130lk a\u015fama sanal ortamda ve \u00e7ok-k\u00fclt\u00fcrl\u00fc olarak yap\u0131ld\u0131. \u00d6\u011frenciler ekipler olu\u015fturarak di\u011fer \u00fclkelerdeki \u00f6\u011frenciler ile teknolojik yollarla i\u015fbirli\u011finde bulundu. 16 ekipten sadece d\u00f6rt tanesi Brezilya\u2019daki final a\u015famas\u0131nda \u00e7\u00f6z\u00fcm \u00f6nerilerini sunma f\u0131rsat\u0131na eri\u015ftiler.<\/p>\n<p>&nbsp;<\/p>\n<p><strong>\u201cYurt d\u0131\u015f\u0131nda kariyer \u015fans\u0131m oldu\u201d<\/strong><\/p>\n<p>\u201cYar\u0131\u015fma tek a\u015famal\u0131 de\u011fildi. Elemelerde, yar\u0131 finalde ve finalde farkl\u0131 sistem tasar\u0131mlar\u0131 ile yar\u0131\u015ft\u0131k\u201d diyen Y\u0131ld\u0131z Teknik \u00dcniversitesi \u00d6\u011frencisi S\u00fcha Boncuk\u00e7u, yar\u0131\u015fma ile ilgili g\u00f6r\u00fc\u015flerini \u015f\u00f6yle aktar\u0131yor: \u201cBu sistemlerin senaryolar\u0131 bize Indra taraf\u0131ndan verildi ve bu senaryolar i\u00e7in kurulmas\u0131 olas\u0131 en iyi sistemleri yaratmaya \u00e7al\u0131\u015ft\u0131k. En iyi ile anlatmak istedi\u011fimiz; en kolay uygulanabilir, en ucuza mal edilebilir, en fazla problemi \u00e7\u00f6zen, s\u00fcreklili\u011fi olan ve mevcut sistemleri kullanan bir sistem. Eleme a\u015famas\u0131nda bas\u0131nda da bahsedildi\u011fi gibi ak\u0131ll\u0131 bir acil durum uyar\u0131 sistemi hakk\u0131nda bir proje yapt\u0131k. Projemiz, g\u00fcnl\u00fck hayatta kar\u015f\u0131la\u015f\u0131lan problemleri de (trafik kazas\u0131 gibi) b\u00fcy\u00fck \u00e7apta felaketleri de insanlara bildiriyordu. Engelli insanlar i\u00e7in \u00e7\u00f6z\u00fcm \u00f6nerileri \u00fcretmemiz ve herkesin elinde olan teknolojileri kullanmam\u0131z projemizin art\u0131lar\u0131ndand\u0131. Yar\u0131 final a\u015famas\u0131nda ise ger\u00e7ek bir problemle kar\u015f\u0131 kar\u015f\u0131yayd\u0131k. Brezilya&#8217;da yap\u0131lan finaller a\u015famas\u0131nda Yar\u0131 final i\u00e7in haz\u0131rlad\u0131\u011f\u0131m\u0131z sistem 2014 y\u0131l\u0131nda yap\u0131lacak FIFA D\u00fcnya Kupas\u0131&#8217;n\u0131n 4 ma\u00e7\u0131n\u0131n da yap\u0131laca\u011f\u0131 Curitiba \u015fehrinin toplu ta\u015f\u0131t ve trafik sistemiydi. \u00a0Finalde ise yine ger\u00e7ek bir problem ile kar\u015f\u0131 kar\u015f\u0131yayd\u0131k. Birincili\u011fi ald\u0131\u011f\u0131m\u0131z sistem merkezi Brezilya&#8217;da olan Petrobras enerji \u015firketinin fabrikalar\u0131n\u0131n y\u00f6netilmesiyle ilgili bir sistemdi. Yar\u0131 finalde ve finalde J\u00fcride Curitiba \u015fehrinden ve Petrobras&#8217;dan yetkililer bulunmaktayd\u0131. Kariyer planlar\u0131mda\u00a0\u00a0mezun oldu\u011fum an kurumsal bir \u015firkette \u00e7al\u0131\u015fmak olmasa da bu f\u0131rsat\u0131 elbette de\u011ferlendirece\u011fim. Birincilik \u00f6d\u00fcl\u00fc yar\u0131\u015fmaya kat\u0131lan \u00fclkelerde \u00e7al\u0131\u015fma imkan\u0131 olan bir yar\u0131\u015fmay\u0131 kazan\u0131nca, insan ister istemez planlar\u0131n\u0131 de\u011fi\u015ftiriyor. Yurt d\u0131\u015f\u0131na \u00e7\u0131kmak, kariyer konusunda her zaman iyi bir ad\u0131md\u0131r diye d\u00fc\u015f\u00fcn\u00fcyorum.\u201d<\/p>\n<!-- templates\/buttons-placeholder.php -->\n<div class=\"da-reactions-outer TpostID927\">\n\t    <div class=\"da-reactions-data da-reactions-container-async center\"\n         data-type=\"post\"\n         data-id=\"927\"\n         id=\"da-reactions-slot-post-927\">\n        <div class=\"da-reactions-static\">\n\t\t\t<img src=\"https:\/\/www.kariyer.net\/kariyer-rehberi\/wp-content\/plugins\/da-reactions\/assets\/dist\/loading.svg\" alt=\"Loading spinner\" width=\"48\" height=\"48\" style=\"width:48px\" \/>\n        <\/div>\n    <\/div>\n<\/div>\n","protected":false},"excerpt":{"rendered":"<p>Y\u0131ld\u0131z Teknik \u00dcniversitesi \u00f6\u011frencileri uluslararas\u0131 d\u00fczeyde d\u00fczenlenen \u00e7ok-k\u00fclt\u00fcrl\u00fcl\u00fck ve yeni teknolojiler temel al\u0131narak olu\u015fturulan hedefler ile bi\u00e7imlendirilen Indra Gelece\u011fin Fikirleri Yar\u0131\u015fmas\u0131\u2019n\u0131n, Indra\u2019n\u0131n Brezilya Sao Paula\u2019daki Merkezinde d\u00fczenlenen finalinde birinci oldu. Y\u0131ld\u0131z Teknik \u00dcniversitesi\u2019nden yar\u0131\u015fmaya kat\u0131lan; Vildan Nurda\u011f, Necati Cihan Camg\u00f6z ve S\u00fcha Boncuk\u00e7u uluslararas\u0131 d\u00fczeyde d\u00fczenlenen, \u00e7ok-k\u00fclt\u00fcrl\u00fcl\u00fck ve yeni teknolojiler temel al\u0131narak olu\u015fturulan hedefler ile [&hellip;]<\/p>\n<!-- templates\/buttons-placeholder.php -->\n<div class=\"da-reactions-outer TpostID927\">\n\t    <div class=\"da-reactions-data da-reactions-container-async center\"\n         data-type=\"post\"\n         data-id=\"927\"\n         id=\"da-reactions-slot-post-927\">\n        <div class=\"da-reactions-static\">\n\t\t\t<img src=\"https:\/\/www.kariyer.net\/kariyer-rehberi\/wp-content\/plugins\/da-reactions\/assets\/dist\/loading.svg\" alt=\"Loading spinner\" width=\"48\" height=\"48\" style=\"width:48px\" \/>\n        <\/div>\n    <\/div>\n<\/div>\n","protected":false},"author":6,"featured_media":4016,"comment_status":"open","ping_status":"open","sticky":false,"template":"","format":"standard","meta":{"footnotes":"","_elementor_edit_mode":"","_elementor_template_type":"","_elementor_data":"","_elementor_page_settings":null,"_elementor_conditions":[]},"categories":[2203],"tags":[],"class_list":{"0":"post-927","1":"post","2":"type-post","3":"status-publish","4":"format-standard","5":"has-post-thumbnail","7":"category-haberler-duyurular"},"yoast_head":"<!-- This site is optimized with the Yoast SEO Premium plugin v21.4 (Yoast SEO v27.0) - https:\/\/yoast.com\/product\/yoast-seo-premium-wordpress\/ -->\n<title>Y\u0131ld\u0131z Teknik \u00dcniversitesi d\u00fcnya 1.\u2019si oldu | Kariyer Rehberi<\/title>\n<meta name=\"description\" content=\"Y\u0131ld\u0131z Teknik \u00dcniversitesi \u00f6\u011frencileri uluslararas\u0131 d\u00fczeyde d\u00fczenlenen \u00e7ok-k\u00fclt\u00fcrl\u00fcl\u00fck ve yeni teknolojiler temel al\u0131narak olu\u015fturulan hedefler ile\" \/>\n<meta name=\"robots\" content=\"index, follow, max-snippet:-1, max-image-preview:large, max-video-preview:-1\" \/>\n<link rel=\"canonical\" href=\"https:\/\/www.kariyer.net\/kariyer-rehberi\/yildiz-teknik-universitesi-dunya-1-si-oldu\/\" \/>\n<meta property=\"og:locale\" content=\"tr_TR\" \/>\n<meta property=\"og:type\" content=\"article\" \/>\n<meta property=\"og:title\" content=\"Y\u0131ld\u0131z Teknik \u00dcniversitesi d\u00fcnya 1.\u2019si oldu\" \/>\n<meta property=\"og:description\" content=\"Y\u0131ld\u0131z Teknik \u00dcniversitesi \u00f6\u011frencileri uluslararas\u0131 d\u00fczeyde d\u00fczenlenen \u00e7ok-k\u00fclt\u00fcrl\u00fcl\u00fck ve yeni teknolojiler temel al\u0131narak olu\u015fturulan hedefler ile\" \/>\n<meta property=\"og:url\" content=\"https:\/\/www.kariyer.net\/kariyer-rehberi\/yildiz-teknik-universitesi-dunya-1-si-oldu\/\" \/>\n<meta property=\"og:site_name\" content=\"Kariyer Rehberi\" \/>\n<meta property=\"article:published_time\" content=\"2013-05-14T00:00:00+00:00\" \/>\n<meta property=\"article:modified_time\" content=\"2024-07-03T11:52:56+00:00\" \/>\n<meta property=\"og:image\" content=\"https:\/\/www.kariyer.net\/kariyer-rehberi\/wp-content\/uploads\/2013\/05\/y\u0131ld\u0131zteknik.jpg\" \/>\n\t<meta property=\"og:image:width\" content=\"290\" \/>\n\t<meta property=\"og:image:height\" content=\"150\" \/>\n\t<meta property=\"og:image:type\" content=\"image\/jpeg\" \/>\n<meta name=\"author\" content=\"Merve Tun\u00e7er\" \/>\n<meta name=\"twitter:card\" content=\"summary_large_image\" \/>\n<meta name=\"twitter:label1\" content=\"Yazan:\" \/>\n\t<meta name=\"twitter:data1\" content=\"Merve Tun\u00e7er\" \/>\n\t<meta name=\"twitter:label2\" content=\"Tahmini okuma s\u00fcresi\" \/>\n\t<meta name=\"twitter:data2\" content=\"4 dakika\" \/>\n<!-- \/ Yoast SEO Premium plugin. -->","yoast_head_json":{"title":"Y\u0131ld\u0131z Teknik \u00dcniversitesi d\u00fcnya 1.\u2019si oldu | Kariyer Rehberi","description":"Y\u0131ld\u0131z Teknik \u00dcniversitesi \u00f6\u011frencileri uluslararas\u0131 d\u00fczeyde d\u00fczenlenen \u00e7ok-k\u00fclt\u00fcrl\u00fcl\u00fck ve yeni teknolojiler temel al\u0131narak olu\u015fturulan hedefler ile","robots":{"index":"index","follow":"follow","max-snippet":"max-snippet:-1","max-image-preview":"max-image-preview:large","max-video-preview":"max-video-preview:-1"},"canonical":"https:\/\/www.kariyer.net\/kariyer-rehberi\/yildiz-teknik-universitesi-dunya-1-si-oldu\/","og_locale":"tr_TR","og_type":"article","og_title":"Y\u0131ld\u0131z Teknik \u00dcniversitesi d\u00fcnya 1.\u2019si oldu","og_description":"Y\u0131ld\u0131z Teknik \u00dcniversitesi \u00f6\u011frencileri uluslararas\u0131 d\u00fczeyde d\u00fczenlenen \u00e7ok-k\u00fclt\u00fcrl\u00fcl\u00fck ve yeni teknolojiler temel al\u0131narak olu\u015fturulan hedefler ile","og_url":"https:\/\/www.kariyer.net\/kariyer-rehberi\/yildiz-teknik-universitesi-dunya-1-si-oldu\/","og_site_name":"Kariyer Rehberi","article_published_time":"2013-05-14T00:00:00+00:00","article_modified_time":"2024-07-03T11:52:56+00:00","og_image":[{"width":290,"height":150,"url":"https:\/\/www.kariyer.net\/kariyer-rehberi\/wp-content\/uploads\/2013\/05\/y\u0131ld\u0131zteknik.jpg","type":"image\/jpeg"}],"author":"Merve Tun\u00e7er","twitter_card":"summary_large_image","twitter_misc":{"Yazan:":"Merve Tun\u00e7er","Tahmini okuma s\u00fcresi":"4 dakika"},"schema":{"@context":"https:\/\/schema.org","@graph":[{"@type":"Article","@id":"https:\/\/www.kariyer.net\/kariyer-rehberi\/yildiz-teknik-universitesi-dunya-1-si-oldu\/#article","isPartOf":{"@id":"https:\/\/www.kariyer.net\/kariyer-rehberi\/yildiz-teknik-universitesi-dunya-1-si-oldu\/"},"author":{"name":"Merve Tun\u00e7er","@id":"https:\/\/www.kariyer.net\/kariyer-rehberi\/#\/schema\/person\/0a1b137f53ff777a71394484346c28a1"},"headline":"Y\u0131ld\u0131z Teknik \u00dcniversitesi d\u00fcnya 1.\u2019si oldu","datePublished":"2013-05-14T00:00:00+00:00","dateModified":"2024-07-03T11:52:56+00:00","mainEntityOfPage":{"@id":"https:\/\/www.kariyer.net\/kariyer-rehberi\/yildiz-teknik-universitesi-dunya-1-si-oldu\/"},"wordCount":891,"commentCount":0,"publisher":{"@id":"https:\/\/www.kariyer.net\/kariyer-rehberi\/#organization"},"image":{"@id":"https:\/\/www.kariyer.net\/kariyer-rehberi\/yildiz-teknik-universitesi-dunya-1-si-oldu\/#primaryimage"},"thumbnailUrl":"https:\/\/www.kariyer.net\/kariyer-rehberi\/wp-content\/uploads\/2013\/05\/y\u0131ld\u0131zteknik.jpg","articleSection":["Haberler ve Duyurular"],"inLanguage":"tr","potentialAction":[{"@type":"CommentAction","name":"Comment","target":["https:\/\/www.kariyer.net\/kariyer-rehberi\/yildiz-teknik-universitesi-dunya-1-si-oldu\/#respond"]}]},{"@type":"WebPage","@id":"https:\/\/www.kariyer.net\/kariyer-rehberi\/yildiz-teknik-universitesi-dunya-1-si-oldu\/","url":"https:\/\/www.kariyer.net\/kariyer-rehberi\/yildiz-teknik-universitesi-dunya-1-si-oldu\/","name":"Y\u0131ld\u0131z Teknik \u00dcniversitesi d\u00fcnya 1.\u2019si oldu | Kariyer Rehberi","isPartOf":{"@id":"https:\/\/www.kariyer.net\/kariyer-rehberi\/#website"},"primaryImageOfPage":{"@id":"https:\/\/www.kariyer.net\/kariyer-rehberi\/yildiz-teknik-universitesi-dunya-1-si-oldu\/#primaryimage"},"image":{"@id":"https:\/\/www.kariyer.net\/kariyer-rehberi\/yildiz-teknik-universitesi-dunya-1-si-oldu\/#primaryimage"},"thumbnailUrl":"https:\/\/www.kariyer.net\/kariyer-rehberi\/wp-content\/uploads\/2013\/05\/y\u0131ld\u0131zteknik.jpg","datePublished":"2013-05-14T00:00:00+00:00","dateModified":"2024-07-03T11:52:56+00:00","description":"Y\u0131ld\u0131z Teknik \u00dcniversitesi \u00f6\u011frencileri uluslararas\u0131 d\u00fczeyde d\u00fczenlenen \u00e7ok-k\u00fclt\u00fcrl\u00fcl\u00fck ve yeni teknolojiler temel al\u0131narak olu\u015fturulan hedefler ile","breadcrumb":{"@id":"https:\/\/www.kariyer.net\/kariyer-rehberi\/yildiz-teknik-universitesi-dunya-1-si-oldu\/#breadcrumb"},"inLanguage":"tr","potentialAction":[{"@type":"ReadAction","target":["https:\/\/www.kariyer.net\/kariyer-rehberi\/yildiz-teknik-universitesi-dunya-1-si-oldu\/"]}]},{"@type":"ImageObject","inLanguage":"tr","@id":"https:\/\/www.kariyer.net\/kariyer-rehberi\/yildiz-teknik-universitesi-dunya-1-si-oldu\/#primaryimage","url":"https:\/\/www.kariyer.net\/kariyer-rehberi\/wp-content\/uploads\/2013\/05\/y\u0131ld\u0131zteknik.jpg","contentUrl":"https:\/\/www.kariyer.net\/kariyer-rehberi\/wp-content\/uploads\/2013\/05\/y\u0131ld\u0131zteknik.jpg","width":290,"height":150},{"@type":"BreadcrumbList","@id":"https:\/\/www.kariyer.net\/kariyer-rehberi\/yildiz-teknik-universitesi-dunya-1-si-oldu\/#breadcrumb","itemListElement":[{"@type":"ListItem","position":1,"name":"Anasayfa","item":"https:\/\/www.kariyer.net\/kariyer-rehberi\/"},{"@type":"ListItem","position":2,"name":"Y\u0131ld\u0131z Teknik \u00dcniversitesi d\u00fcnya 1.\u2019si oldu"}]},{"@type":"WebSite","@id":"https:\/\/www.kariyer.net\/kariyer-rehberi\/#website","url":"https:\/\/www.kariyer.net\/kariyer-rehberi\/","name":"Kariyer Rehberi","description":"\u0130\u015f D\u00fcnyas\u0131yla \u0130lgili Bilmek \u0130stedi\u011finiz Her \u015eey","publisher":{"@id":"https:\/\/www.kariyer.net\/kariyer-rehberi\/#organization"},"potentialAction":[{"@type":"SearchAction","target":{"@type":"EntryPoint","urlTemplate":"https:\/\/www.kariyer.net\/kariyer-rehberi\/?s={search_term_string}"},"query-input":{"@type":"PropertyValueSpecification","valueRequired":true,"valueName":"search_term_string"}}],"inLanguage":"tr"},{"@type":"Organization","@id":"https:\/\/www.kariyer.net\/kariyer-rehberi\/#organization","name":"Kariyer.net","url":"https:\/\/www.kariyer.net\/kariyer-rehberi\/","logo":{"@type":"ImageObject","inLanguage":"tr","@id":"https:\/\/www.kariyer.net\/kariyer-rehberi\/#\/schema\/logo\/image\/","url":"https:\/\/www.kariyer.net\/kariyer-rehberi-new\/wp-content\/uploads\/2023\/01\/og-image11.jpg","contentUrl":"https:\/\/www.kariyer.net\/kariyer-rehberi-new\/wp-content\/uploads\/2023\/01\/og-image11.jpg","width":800,"height":800,"caption":"Kariyer.net"},"image":{"@id":"https:\/\/www.kariyer.net\/kariyer-rehberi\/#\/schema\/logo\/image\/"}},{"@type":"Person","@id":"https:\/\/www.kariyer.net\/kariyer-rehberi\/#\/schema\/person\/0a1b137f53ff777a71394484346c28a1","name":"Merve Tun\u00e7er","image":{"@type":"ImageObject","inLanguage":"tr","@id":"https:\/\/www.kariyer.net\/kariyer-rehberi\/#\/schema\/person\/image\/","url":"https:\/\/secure.gravatar.com\/avatar\/f901bc11e2b7a88ba6f6ba817ccc4d8f7782f16694472c26fd2664737093f4f2?s=96&d=mm&r=g","contentUrl":"https:\/\/secure.gravatar.com\/avatar\/f901bc11e2b7a88ba6f6ba817ccc4d8f7782f16694472c26fd2664737093f4f2?s=96&d=mm&r=g","caption":"Merve Tun\u00e7er"},"description":"Kad\u0131k\u00f6y Anadolu Lisesi\u2019nin ard\u0131ndan diplomat olma hayaliyle girdi\u011fi Marmara \u00dcniversitesi Frans\u0131zca Siyaset Bilimi ve Kamu Y\u00f6netimi B\u00f6l\u00fcm\u00fc\u2019nde e\u011fitimine devam ederken gazetecilik mesle\u011fine g\u00f6nl\u00fcn\u00fc kapt\u0131rd\u0131. \u201cT\u00fcrkiye\u2019de ve Fransa\u2019da Gazeteci Kimli\u011fi Sorunu\u201d konulu tezini yazarken \u00e7al\u0131\u015fmaya ba\u015flad\u0131\u011f\u0131 ajansta gazetecili\u011fe ad\u0131m att\u0131.","sameAs":["http:\/\/www.kariyer.net\/kariyer-rehberi\/merve-tuncer\/"],"url":"https:\/\/www.kariyer.net\/kariyer-rehberi\/author\/merve-tuncer\/"}]}},"_links":{"self":[{"href":"https:\/\/www.kariyer.net\/kariyer-rehberi\/wp-json\/wp\/v2\/posts\/927","targetHints":{"allow":["GET"]}}],"collection":[{"href":"https:\/\/www.kariyer.net\/kariyer-rehberi\/wp-json\/wp\/v2\/posts"}],"about":[{"href":"https:\/\/www.kariyer.net\/kariyer-rehberi\/wp-json\/wp\/v2\/types\/post"}],"author":[{"embeddable":true,"href":"https:\/\/www.kariyer.net\/kariyer-rehberi\/wp-json\/wp\/v2\/users\/6"}],"replies":[{"embeddable":true,"href":"https:\/\/www.kariyer.net\/kariyer-rehberi\/wp-json\/wp\/v2\/comments?post=927"}],"version-history":[{"count":1,"href":"https:\/\/www.kariyer.net\/kariyer-rehberi\/wp-json\/wp\/v2\/posts\/927\/revisions"}],"predecessor-version":[{"id":18703,"href":"https:\/\/www.kariyer.net\/kariyer-rehberi\/wp-json\/wp\/v2\/posts\/927\/revisions\/18703"}],"wp:featuredmedia":[{"embeddable":true,"href":"https:\/\/www.kariyer.net\/kariyer-rehberi\/wp-json\/wp\/v2\/media\/4016"}],"wp:attachment":[{"href":"https:\/\/www.kariyer.net\/kariyer-rehberi\/wp-json\/wp\/v2\/media?parent=927"}],"wp:term":[{"taxonomy":"category","embeddable":true,"href":"https:\/\/www.kariyer.net\/kariyer-rehberi\/wp-json\/wp\/v2\/categories?post=927"},{"taxonomy":"post_tag","embeddable":true,"href":"https:\/\/www.kariyer.net\/kariyer-rehberi\/wp-json\/wp\/v2\/tags?post=927"}],"curies":[{"name":"wp","href":"https:\/\/api.w.org\/{rel}","templated":true}]}}