{"id":9276,"date":"2017-08-15T11:38:37","date_gmt":"2017-08-15T08:38:37","guid":{"rendered":"http:\/\/www.kariyer.net\/kariyer-rehberi\/?p=9276"},"modified":"2018-06-06T10:01:23","modified_gmt":"2018-06-06T07:01:23","slug":"ik-uzmanlari-cvniz-hakkinda-ne-dusunuyor","status":"publish","type":"post","link":"https:\/\/www.kariyer.net\/kariyer-rehberi\/ik-uzmanlari-cvniz-hakkinda-ne-dusunuyor\/","title":{"rendered":"\u0130K uzmanlar\u0131 CV\u2019niz hakk\u0131nda ne d\u00fc\u015f\u00fcn\u00fcyor?"},"content":{"rendered":"<p><strong>\u00a0\u0130\u015f arayan adaylar\u0131n\u00a0akl\u0131nda genellikle, \u201c\u0130K uzmanlar\u0131 acaba \u00f6zge\u00e7mi\u015fimi be\u011feniyor mu?\u201d, \u201c\u00d6zge\u00e7mi\u015fim \u0130K profesyonelleri taraf\u0131ndan nas\u0131l alg\u0131lan\u0131yor?\u201d sorular\u0131 yer al\u0131r. Bu i\u00e7g\u00f6r\u00fcden yola \u00e7\u0131kan \u0130K ve Kariyer Dan\u0131\u015fman\u0131 Esra Kemer, i\u015f arayan adaylar\u0131n kendi CV\u2019leri hakk\u0131nda fikir sahibi olmalar\u0131n\u0131 sa\u011flamak amac\u0131yla 200\u2019e yak\u0131n \u0130K profesyonelinin yan\u0131tlad\u0131\u011f\u0131 bir anket d\u00fczenledi. Anketin sonu\u00e7lar\u0131 \u0130K uzmanlar\u0131n\u0131n adaylar\u0131n CV\u2019lerinde olmas\u0131 ve olmamas\u0131 gerekenler konusunda fikir veriyor.<\/strong><\/p>\n<p>\u201c<strong>M\u00fclakatlara \u00c7a\u011fr\u0131lma A\u015famas\u0131nda CV\u2019nin \u00d6nizleme ve De\u011ferlendirilmesi<\/strong>\u201d ba\u015fl\u0131kl\u0131 yapt\u0131\u011f\u0131m ankete yakla\u015f\u0131k 200 \u0130K uzman\u0131 kat\u0131ld\u0131. Bu anket sonu\u00e7lar\u0131 i\u015f arayanlara fikir verece\u011fi gibi \u0130K uzmanlar\u0131n\u0131n da birbirlerinin g\u00f6r\u00fc\u015flerini \u00f6\u011frenmesi anlam\u0131nda faydal\u0131 olacak. Anket kapsam\u0131nda \u0130K profesyonellerine y\u00f6neltilen sorular, bu sorular\u0131n cevaplar\u0131 ve \u00e7\u0131kan sonu\u00e7lara ili\u015fkin de\u011ferlendirmelerim \u015f\u00f6yle:<\/p>\n<h2><strong>CV format\u0131 nas\u0131l olmal\u0131d\u0131r?<\/strong><\/h2>\n<p><a href=\"http:\/\/www.kariyer.net\/kariyer-rehberi\/wp-content\/uploads\/2017\/08\/cv1jjd884.jpg\"><img fetchpriority=\"high\" decoding=\"async\" class=\"alignnone wp-image-9277\" src=\"http:\/\/www.kariyer.net\/kariyer-rehberi\/wp-content\/uploads\/2017\/08\/cv1jjd884.jpg\" alt=\"cv1jjd884\" width=\"546\" height=\"139\" srcset=\"https:\/\/www.kariyer.net\/kariyer-rehberi\/wp-content\/uploads\/2017\/08\/cv1jjd884.jpg 629w, https:\/\/www.kariyer.net\/kariyer-rehberi\/wp-content\/uploads\/2017\/08\/cv1jjd884-300x76.jpg 300w\" sizes=\"(max-width: 546px) 100vw, 546px\" \/><\/a><\/p>\n<p>\u0130K uzmanlar\u0131n\u0131n \u00e7o\u011funlu\u011fu ki\u015fiye \u00f6zel <strong>CV<\/strong> olmas\u0131 gerekti\u011fini d\u00fc\u015f\u00fcn\u00fcyor. Her bireyin bilgi, beceri ve yetkinliklerinin CV\u2019de yer almas\u0131 gerekti\u011fini belirtiyor. Ayr\u0131ca uzmanlar \u00f6zge\u00e7mi\u015f\u00a0i\u00e7eri\u011finin de \u00e7ok \u00f6nemli oldu\u011funu vurguluyor.\u00a0Beyaz yaka uzman ve y\u00f6netici pozisyonlar\u0131, bu konuda daha hassas ve\u00a0konunun \u00f6neminin fark\u0131nda. Mavi yaka ve ara pozisyonlarda ise i\u015f arama kanallar\u0131n\u0131n format\u0131 yeterli olarak g\u00f6r\u00fclebiliyor. Adaylara tavsiyem, e\u011fer kendilerine \u00f6zel bir CV\u2019leri yoksa kendilerine uygun, hedef odakl\u0131 bir CV\u2019yi en k\u0131sa zamanda haz\u0131rlamalar\u0131 y\u00f6n\u00fcnde.<\/p>\n<p><strong>\u0130K profesyonellerin bu konuya ili\u015fkin yorumlar\u0131 \u015f\u00f6yle:<\/strong><\/p>\n<ul>\n<li>Bir <strong>\u00f6zge\u00e7mi\u015fte\u00a0<\/strong>\u00f6nemli olan, aday\u0131n bilgilerine h\u0131zl\u0131 ve do\u011fru bir \u015fekilde ula\u015fmak. \u0130\u00e7eri\u011fin do\u011fru yans\u0131t\u0131ld\u0131\u011f\u0131 ve okunmas\u0131 kolay bir CV olmas\u0131 gerekiyor.<\/li>\n<li>Yarat\u0131c\u0131l\u0131k gerektiren pozisyonlarda, aday\u0131n CV format\u0131 elbette \u00f6nem kazan\u0131yor. Ancak CV\u2019de as\u0131l \u00f6nemli olan \u015fey i\u00e7eri\u011fi. G\u00f6rev tan\u0131m\u0131, e\u011fitim detaylar\u0131 gibi. Ayr\u0131ca verilen bilgilerde herhangi bir tutars\u0131zl\u0131k olmamas\u0131 \u00f6nemli.<\/li>\n<\/ul>\n<h2><strong>Adaylar\u0131n CV&#8217;lerinde bi\u00e7im olarak nelere dikkat edersiniz?<\/strong><\/h2>\n<p><a href=\"http:\/\/www.kariyer.net\/kariyer-rehberi\/wp-content\/uploads\/2017\/08\/cv2j8477.jpg\"><img decoding=\"async\" class=\"alignnone wp-image-9280\" src=\"http:\/\/www.kariyer.net\/kariyer-rehberi\/wp-content\/uploads\/2017\/08\/cv2j8477.jpg\" alt=\"cv2j8477\" width=\"539\" height=\"178\" srcset=\"https:\/\/www.kariyer.net\/kariyer-rehberi\/wp-content\/uploads\/2017\/08\/cv2j8477.jpg 624w, https:\/\/www.kariyer.net\/kariyer-rehberi\/wp-content\/uploads\/2017\/08\/cv2j8477-300x99.jpg 300w\" sizes=\"(max-width: 539px) 100vw, 539px\" \/><\/a><\/p>\n<p>D\u00fczenli \u00f6zge\u00e7mi\u015f, \u0130K uzmanlar\u0131n arad\u0131\u011f\u0131n\u0131 bulmalar\u0131 a\u00e7\u0131s\u0131ndan \u00e7ok \u00f6nemli. Ayr\u0131ca verilen cevaplardan uzmanlar\u0131n imla hatalar\u0131n\u0131 da dikkate ald\u0131klar\u0131n\u0131 g\u00f6r\u00fcyoruz. Bu nedenle adaylar\u0131n CV\u2019lerini yazarken hem CV d\u00fczenine hem i\u00e7eri\u011fe hem de imlaya dikkat etmeleri olduk\u00e7a kritik. Bir k\u0131s\u0131m \u0130K uzman\u0131 yaz\u0131m formatlar\u0131n\u0131n da d\u00fczenli ve standart olmas\u0131 gerekti\u011fini ankette belirtirken, bir k\u0131s\u0131m \u0130K profesyoneli ise yarat\u0131c\u0131 veya renklendirilmi\u015f CV\u2019lerin bir art\u0131s\u0131n\u0131n olmad\u0131\u011f\u0131n\u0131, \u00f6nemli olan \u015feyin CV\u2019deki i\u00e7erik oldu\u011funu vurgulan\u0131yor. Bu anlamda yarat\u0131c\u0131 CV\u2019lerin yarat\u0131c\u0131l\u0131k gerektiren pozisyonlarda i\u015fe yarad\u0131\u011f\u0131n\u0131 s\u00f6yleyebiliriz. \u00d6zge\u00e7mi\u015f, profesyonelin kendisine verdi\u011fi de\u011fer ve profesyonel markas\u0131n\u0131n g\u00f6stergesidir. Adaylar CV\u2019lerini yazarken \u00e7ok \u00f6zensiz, dikkatsiz, h\u0131zl\u0131ca haz\u0131rlayabiliyor. Bunun yan\u0131nda bir m\u00fcddet sonra kendi yapt\u0131\u011f\u0131 i\u015fleri de g\u00f6rmezden gelebiliyor. Bu anlamda i\u015f arayan\u0131n kendisini iyi analiz ederek hedef odakl\u0131, d\u00fczene-bi\u00e7ime dikkat etti\u011fi CV haz\u0131rlamas\u0131 faydal\u0131 olacakt\u0131r.<\/p>\n<p><strong>\u0130K profesyonellerin bu konuya ili\u015fkin yorumlar\u0131 \u015f\u00f6yle:<\/strong><\/p>\n<ul>\n<li>\u0130mla, foto\u011fraf, i\u015f deneyimlerinin tarih s\u0131ras\u0131yla yaz\u0131lmas\u0131 ve CV\u2019nin d\u00fczeni CV\u2019ye verilen \u00f6zeni g\u00f6steriyor.<\/li>\n<li>\u00d6nyaz\u0131, adaylar\u0131 \u0130K olarak \u015fekillendirmemize yard\u0131mc\u0131 oluyor.<\/li>\n<li>\u00d6zge\u00e7mi\u015flerin genel d\u00fczeni ilk izlenim i\u00e7in \u00f6nemli. Yaz\u0131m hatalar\u0131 ya da da\u011f\u0131n\u0131k i\u00e7erik, ki\u015finin deneyimi ne kadar kuvvetli olursa olsun olumsuz etki b\u0131rak\u0131yor.<\/li>\n<\/ul>\n<h2><strong>\u00d6zge\u00e7mi\u015fte foto\u011fraf olmal\u0131 m\u0131?<\/strong><\/h2>\n<p><a href=\"http:\/\/www.kariyer.net\/kariyer-rehberi\/wp-content\/uploads\/2017\/08\/cv3jjmmdd.jpg\"><img decoding=\"async\" class=\"alignnone wp-image-9281\" src=\"http:\/\/www.kariyer.net\/kariyer-rehberi\/wp-content\/uploads\/2017\/08\/cv3jjmmdd.jpg\" alt=\"cv3jjmmdd\" width=\"563\" height=\"130\" srcset=\"https:\/\/www.kariyer.net\/kariyer-rehberi\/wp-content\/uploads\/2017\/08\/cv3jjmmdd.jpg 624w, https:\/\/www.kariyer.net\/kariyer-rehberi\/wp-content\/uploads\/2017\/08\/cv3jjmmdd-300x69.jpg 300w\" sizes=\"(max-width: 563px) 100vw, 563px\" \/><\/a><\/p>\n<p>\u0130K uzmanlar\u0131n\u0131n b\u00fcy\u00fck \u00e7o\u011funlu\u011fu \u00f6zge\u00e7mi\u015fte foto\u011fraf g\u00f6rmek istiyor. Foto\u011fraf\u0131n gereklili\u011fi, pozisyona g\u00f6re de\u011fi\u015firken CV\u2019de yer alacak olan foto\u011fraf\u0131n mutlaka profesyonel olmas\u0131 gerekiyor. Baz\u0131 uzmanlar ise foto\u011fraf\u0131n CV\u2019den kald\u0131r\u0131lmas\u0131 gerekti\u011fini belirtiyor.<\/p>\n<p><strong>\u0130K profesyonellerin bu konuya ili\u015fkin yorumlar\u0131 \u015f\u00f6yle:<\/strong><\/p>\n<ul>\n<li>Adayla y\u00fcz y\u00fcze g\u00f6r\u00fc\u015ft\u00fc\u011f\u00fcm\u00fczde foto\u011fraf\u0131n olmamas\u0131 \u00f6nemli de\u011fil. Ancak aday\u0131n \u00f6zge\u00e7mi\u015fini daha sonra de\u011ferlendireceksem foto\u011fraf \u00f6nem kazan\u0131yor.<\/li>\n<li>\u00d6zge\u00e7mi\u015fte foto\u011fraf\u0131n olmas\u0131 adaylarla i\u015f g\u00f6r\u00fc\u015fmesi yapt\u0131ktan sonra onlar\u0131 hat\u0131rlayabilmemizi sa\u011fl\u0131yor. Foto\u011fraf\u0131 CV\u2019sinde yer almayan adaylar bazen zor hat\u0131rlanabiliyor.<\/li>\n<li>G\u00fcn\u00fcm\u00fczde halen foto\u011frafl\u0131 \u00f6zge\u00e7mi\u015fler dikkate al\u0131n\u0131yor. Ancak foto\u011fraf\u0131n CV&#8217;den kald\u0131r\u0131lmas\u0131 gerekiyor. \u00c7\u00fcnk\u00fc ki\u015finin deneyimi, ba\u015far\u0131s\u0131 foto\u011fraf\u0131n g\u00f6lgesinde kalabiliyor.<\/li>\n<\/ul>\n<h2><strong>E\u011fitimler, sertifikalar ve seminerler sizin i\u00e7in \u00f6nemli mi?<\/strong><\/h2>\n<p><a href=\"http:\/\/www.kariyer.net\/kariyer-rehberi\/wp-content\/uploads\/2017\/08\/cv4hudud.jpg\"><img loading=\"lazy\" decoding=\"async\" class=\"alignnone wp-image-9283\" src=\"http:\/\/www.kariyer.net\/kariyer-rehberi\/wp-content\/uploads\/2017\/08\/cv4hudud.jpg\" alt=\"cv4hudud\" width=\"584\" height=\"148\" srcset=\"https:\/\/www.kariyer.net\/kariyer-rehberi\/wp-content\/uploads\/2017\/08\/cv4hudud.jpg 620w, https:\/\/www.kariyer.net\/kariyer-rehberi\/wp-content\/uploads\/2017\/08\/cv4hudud-300x76.jpg 300w\" sizes=\"(max-width: 584px) 100vw, 584px\" \/><\/a><\/p>\n<p>\u0130K uzmanlar\u0131n\u0131n bir k\u0131sm\u0131 al\u0131nan e\u011fitimlere\/sertifikalara direkt olarak odaklanmazken, di\u011fer bir k\u0131sm\u0131 i\u015fe al\u0131m yap\u0131lacak pozisyona g\u00f6re e\u011fitim\/sertifika bilgisini sorguluyor. \u00d6zellikle teknik ve \u00f6zel pozisyonlarda al\u0131nan e\u011fitimlere mutlaka dikkat ediliyor. CV\u2019de yer alan bir g\u00fcnl\u00fck veya yar\u0131m g\u00fcnl\u00fck seminerler ise dikkat \u00e7ekmiyor. Bu konu \u00f6zellikle \u00f6\u011frencilerin ve kariyerinde ilerleyen uzmanlar i\u00e7in \u00f6nemli, \u00e7\u00fcnk\u00fc <strong><em><a href=\"http:\/\/www.kariyer.net\/kariyer-rehberi\/ozgecmisinizde-hangi-bilgi-eksik-hangisi-fazla\/\" target=\"_blank\">CV\u2019nizde her e\u011fitimi yazman\u0131z de\u011fil<\/a><\/em><\/strong> \u00e7al\u0131\u015fmay\u0131 hedefledi\u011finiz pozisyon i\u00e7in gerekli e\u011fitimleri yazman\u0131z gerekiyor.<\/p>\n<p><strong>\u0130K profesyonellerin bu konuya ili\u015fkin yorumlar\u0131 \u015f\u00f6yle:<\/strong><\/p>\n<ul>\n<li>Seminerlere kat\u0131lmak g\u00fcn\u00fcm\u00fczde \u00f6nemli, fakat gereksiz, her t\u00fcrl\u00fc e\u011fitime kat\u0131lmak ki\u015filerde beklentiyi art\u0131r\u0131yor. CV\u2019ye katk\u0131s\u0131 olan e\u011fitimler dikkat \u00e7ekiyor.<\/li>\n<li>Teknik bir pozisyonda i\u015fe al\u0131m yap\u0131lacaksa aday\u0131n ald\u0131\u011f\u0131 e\u011fitim ve sertifikalara bakmak \u00f6nem kazan\u0131yor.<\/li>\n<\/ul>\n<h2><strong>Aday\u0131n CV&#8217;de hobilerini ve ilgi alanlar\u0131n\u0131 belirtmesi \u00f6nemli mi?\u00a0<\/strong><\/h2>\n<p><a href=\"http:\/\/www.kariyer.net\/kariyer-rehberi\/wp-content\/uploads\/2017\/08\/cv5hdud.jpg\"><img loading=\"lazy\" decoding=\"async\" class=\"alignnone wp-image-9284\" src=\"http:\/\/www.kariyer.net\/kariyer-rehberi\/wp-content\/uploads\/2017\/08\/cv5hdud.jpg\" alt=\"cv5hdud\" width=\"584\" height=\"156\" srcset=\"https:\/\/www.kariyer.net\/kariyer-rehberi\/wp-content\/uploads\/2017\/08\/cv5hdud.jpg 629w, https:\/\/www.kariyer.net\/kariyer-rehberi\/wp-content\/uploads\/2017\/08\/cv5hdud-300x80.jpg 300w\" sizes=\"(max-width: 584px) 100vw, 584px\" \/><\/a><\/p>\n<p>Hobiler her ne kadar \u00e7ok \u00f6nemli de\u011fil gibi dursa da \u0130K umanlar\u0131 hobileri inceliyor ve m\u00fclakat s\u0131ras\u0131nda da adaya soruyor.\u00a0\u0130K uzmanlar\u0131 hobileri ciddiye al\u0131yor. Ancak adaylar\u0131n bu b\u00f6l\u00fcm\u00fc genelleme yapmadan yazmas\u0131 gerekiyor. \u00d6rne\u011fin, hangi kul\u00fcpte ata bindi\u011finizi yazman\u0131z veya profesyonel foto\u011fraf\u00e7\u0131l\u0131kla ilgileniyorsan\u0131z bu foto\u011fraflar\u0131 sergiledi\u011finiz bir web adresini\/sosyal medya adresini belirtmeniz \u00f6nemli.<\/p>\n<h2><strong>Sosyal sorumluluk projeleri\/vak\u0131f, dernek gibi \u00fcyelikler CV\u2019de olmal\u0131 m\u0131?<\/strong><\/h2>\n<p><a href=\"http:\/\/www.kariyer.net\/kariyer-rehberi\/wp-content\/uploads\/2017\/08\/cv6gggg.jpg\"><img loading=\"lazy\" decoding=\"async\" class=\"alignnone wp-image-9285\" src=\"http:\/\/www.kariyer.net\/kariyer-rehberi\/wp-content\/uploads\/2017\/08\/cv6gggg.jpg\" alt=\"cv6gggg\" width=\"579\" height=\"119\" srcset=\"https:\/\/www.kariyer.net\/kariyer-rehberi\/wp-content\/uploads\/2017\/08\/cv6gggg.jpg 628w, https:\/\/www.kariyer.net\/kariyer-rehberi\/wp-content\/uploads\/2017\/08\/cv6gggg-300x62.jpg 300w\" sizes=\"(max-width: 579px) 100vw, 579px\" \/><\/a><\/p>\n<p>CV\u2019de sosyal sorumluluklara ait detaylara \u0130K uzmanlar\u0131 olduk\u00e7a \u00f6nem veriyor. \u00a0Sosyal sorumluluk deneyimlerinizde ald\u0131\u011f\u0131n\u0131z g\u00f6revler, sorumluluklar\u0131n\u0131z, topluma katt\u0131\u011f\u0131n\u0131z de\u011ferler \u00f6nem ta\u015f\u0131yor.<\/p>\n<h2><strong>Bir CV\u2019de sosyal medya hesaplar\u0131 olmal\u0131 m\u0131?<\/strong><\/h2>\n<p><a href=\"http:\/\/www.kariyer.net\/kariyer-rehberi\/wp-content\/uploads\/2017\/08\/cv7ggggg.jpg\"><img loading=\"lazy\" decoding=\"async\" class=\"alignnone wp-image-9286\" src=\"http:\/\/www.kariyer.net\/kariyer-rehberi\/wp-content\/uploads\/2017\/08\/cv7ggggg.jpg\" alt=\"cv7ggggg\" width=\"579\" height=\"109\" srcset=\"https:\/\/www.kariyer.net\/kariyer-rehberi\/wp-content\/uploads\/2017\/08\/cv7ggggg.jpg 627w, https:\/\/www.kariyer.net\/kariyer-rehberi\/wp-content\/uploads\/2017\/08\/cv7ggggg-300x56.jpg 300w\" sizes=\"(max-width: 579px) 100vw, 579px\" \/><\/a><\/p>\n<p>Sosyal medya hesaplar\u0131na dikkat eden \u0130K uzman\u0131 da var, dikkat etmeyen de. Aday\u0131n SM hesaplar\u0131 gizli de\u011filse bile payla\u015f\u0131mlar\u0131na yine de dikkat etmesini \u00f6neririm. (Elbette aday\u0131n de\u011ferleri ve hedefleri do\u011frultusunda bunu tavsiye edebilirim. \u00a0Ancak adaylar\u0131n \u00f6zellikle i\u015f arama d\u00f6nemlerinde daha da dikkat etmesi gerekti\u011fini d\u00fc\u015f\u00fcn\u00fcyorum)<\/p>\n<p><strong>Genel de\u011ferlendirme<\/strong><\/p>\n<p>\u0130K uzmanlar\u0131 CV\u2019de d\u00fczene ve i\u00e7eri\u011fe mutlaka dikkat ediyor. Ayr\u0131ca tek yabanc\u0131 dil ile haz\u0131rlanm\u0131\u015f CV\u2019n\u0131n yan\u0131nda T\u00fcrk\u00e7e haz\u0131rlanm\u0131\u015f \u00f6zge\u00e7mi\u015f de isteniyor. Bu nedenle adaylar\u0131n her iki dilde haz\u0131rlad\u0131klar\u0131 bir CV\u2019lerinin olmalar\u0131 \u00f6nemli. Pozisyonlar ve k\u0131demler artt\u0131k\u00e7a \u0130K uzmanlar\u0131 CV\u2019de detaylara daha \u00e7ok dikkat ediyor. \u00d6\u011frencilerde, ki\u015finin kendini nas\u0131l geli\u015ftirdi\u011fine ve e\u011fitim hayat\u0131 boyunca neler yapt\u0131\u011f\u0131na odaklan\u0131l\u0131yor. Uzman seviyesindeki \u00e7al\u0131\u015fanlarda ise ki\u015finin g\u00f6revlerini iyi yaz\u0131p yazmad\u0131\u011f\u0131na odaklan\u0131l\u0131yor. Y\u00f6netici CV\u2019lerinde her detay \u00f6nemli.\u00a0CV\u2019inizi tozlu raflara b\u0131rakt\u0131ysan\u0131z i\u015f aramaya ba\u015flamadan \u00f6nce <a href=\"http:\/\/www.kariyer.net\/kariyer-rehberi\/ozgecmis-guncelleme-nasil-yapilir\/\" target=\"_blank\"><em><strong>\u00f6zge\u00e7mi\u015finizi g\u00fcncellemenizi<\/strong><\/em><\/a> mutlaka tavsiye ederim. CV\u2019niz derli dertli toplu ve d\u00fczenli olmal\u0131. Ne kendinizi abart\u0131n \u00f6zge\u00e7mi\u015f yazarken ne de m\u00fctevazi olun. Hep s\u00f6yl\u00fcyorum, \u201cA\u011f kurmay\u0131n ba\u011f kurun!\u201d Markan\u0131z\u0131 bu kurdu\u011funuz ba\u011fda da iyi pazarlay\u0131n.<\/p>\n<figure id=\"attachment_9260\" aria-describedby=\"caption-attachment-9260\" style=\"width: 150px\" class=\"wp-caption alignnone\"><a href=\"http:\/\/www.cvcheckup.com\/\" target=\"_blank\"><img loading=\"lazy\" decoding=\"async\" class=\"wp-image-9260 size-full\" src=\"http:\/\/www.kariyer.net\/kariyer-rehberi\/wp-content\/uploads\/2017\/07\/esra-kemer.jpg\" alt=\"esra-kemer\" width=\"150\" height=\"200\" \/><\/a><figcaption id=\"caption-attachment-9260\" class=\"wp-caption-text\">\u0130K ve Kariyer Dan\u0131\u015fman\u0131 Esra Kemer esra@cvcheckup.com<\/figcaption><\/figure>\n<p>&nbsp;<\/p>\n<!-- templates\/buttons-placeholder.php -->\n<div class=\"da-reactions-outer TpostID9276\">\n\t    <div class=\"da-reactions-data da-reactions-container-async center\"\n         data-type=\"post\"\n         data-id=\"9276\"\n         id=\"da-reactions-slot-post-9276\">\n        <div class=\"da-reactions-static\">\n\t\t\t<img src=\"https:\/\/www.kariyer.net\/kariyer-rehberi\/wp-content\/plugins\/da-reactions\/assets\/dist\/loading.svg\" alt=\"Loading spinner\" width=\"48\" height=\"48\" style=\"width:48px\" \/>\n        <\/div>\n    <\/div>\n<\/div>\n","protected":false},"excerpt":{"rendered":"<p>\u00a0\u0130\u015f arayan adaylar\u0131n\u00a0akl\u0131nda genellikle, \u201c\u0130K uzmanlar\u0131 acaba \u00f6zge\u00e7mi\u015fimi be\u011feniyor mu?\u201d, \u201c\u00d6zge\u00e7mi\u015fim \u0130K profesyonelleri taraf\u0131ndan nas\u0131l alg\u0131lan\u0131yor?\u201d sorular\u0131 yer al\u0131r. Bu i\u00e7g\u00f6r\u00fcden yola \u00e7\u0131kan \u0130K ve Kariyer Dan\u0131\u015fman\u0131 Esra Kemer, i\u015f arayan adaylar\u0131n kendi CV\u2019leri hakk\u0131nda fikir sahibi olmalar\u0131n\u0131 sa\u011flamak amac\u0131yla 200\u2019e yak\u0131n \u0130K profesyonelinin yan\u0131tlad\u0131\u011f\u0131 bir anket d\u00fczenledi. Anketin sonu\u00e7lar\u0131 \u0130K uzmanlar\u0131n\u0131n adaylar\u0131n CV\u2019lerinde olmas\u0131 [&hellip;]<\/p>\n<!-- templates\/buttons-placeholder.php -->\n<div class=\"da-reactions-outer TpostID9276\">\n\t    <div class=\"da-reactions-data da-reactions-container-async center\"\n         data-type=\"post\"\n         data-id=\"9276\"\n         id=\"da-reactions-slot-post-9276\">\n        <div class=\"da-reactions-static\">\n\t\t\t<img src=\"https:\/\/www.kariyer.net\/kariyer-rehberi\/wp-content\/plugins\/da-reactions\/assets\/dist\/loading.svg\" alt=\"Loading spinner\" width=\"48\" height=\"48\" style=\"width:48px\" \/>\n        <\/div>\n    <\/div>\n<\/div>\n","protected":false},"author":9,"featured_media":9365,"comment_status":"open","ping_status":"open","sticky":false,"template":"","format":"standard","meta":{"footnotes":"","_elementor_edit_mode":"","_elementor_template_type":"","_elementor_data":"","_elementor_page_settings":null,"_elementor_conditions":[]},"categories":[34,35],"tags":[959,74,812,811,961,367,59,956,957,64],"class_list":{"0":"post-9276","1":"post","2":"type-post","3":"status-publish","4":"format-standard","5":"has-post-thumbnail","7":"category-oz-gecmis","8":"category-ozgecmis-hazirlama","9":"tag-beyaz-yaka","10":"tag-cv","11":"tag-cv-checkup","12":"tag-esra-kemer","13":"tag-genc-profesyoneller","14":"tag-ozgecmis","15":"tag-stajyer","16":"tag-uzman","17":"tag-uzman-yardimcisi","18":"tag-yeni-mezun"},"yoast_head":"<!-- This site is optimized with the Yoast SEO Premium plugin v21.4 (Yoast SEO v27.0) - https:\/\/yoast.com\/product\/yoast-seo-premium-wordpress\/ -->\n<title>\u0130K uzmanlar\u0131 CV\u2019niz hakk\u0131nda ne d\u00fc\u015f\u00fcn\u00fcyor? | Kariyer Rehberi<\/title>\n<meta name=\"description\" content=\"\u00a0\u0130\u015f arayan adaylar\u0131n\u00a0akl\u0131nda genellikle, \u201c\u0130K uzmanlar\u0131 acaba \u00f6zge\u00e7mi\u015fimi be\u011feniyor mu?\u201d, \u201c\u00d6zge\u00e7mi\u015fim \u0130K profesyonelleri taraf\u0131ndan nas\u0131l alg\u0131lan\u0131yor?\u201d\" \/>\n<meta name=\"robots\" content=\"index, follow, max-snippet:-1, max-image-preview:large, max-video-preview:-1\" \/>\n<link rel=\"canonical\" href=\"https:\/\/www.kariyer.net\/kariyer-rehberi\/ik-uzmanlari-cvniz-hakkinda-ne-dusunuyor\/\" \/>\n<meta property=\"og:locale\" content=\"tr_TR\" \/>\n<meta property=\"og:type\" content=\"article\" \/>\n<meta property=\"og:title\" content=\"\u0130K uzmanlar\u0131 CV\u2019niz hakk\u0131nda ne d\u00fc\u015f\u00fcn\u00fcyor?\" \/>\n<meta property=\"og:description\" content=\"\u00a0\u0130\u015f arayan adaylar\u0131n\u00a0akl\u0131nda genellikle, \u201c\u0130K uzmanlar\u0131 acaba \u00f6zge\u00e7mi\u015fimi be\u011feniyor mu?\u201d, \u201c\u00d6zge\u00e7mi\u015fim \u0130K profesyonelleri taraf\u0131ndan nas\u0131l alg\u0131lan\u0131yor?\u201d\" \/>\n<meta property=\"og:url\" content=\"https:\/\/www.kariyer.net\/kariyer-rehberi\/ik-uzmanlari-cvniz-hakkinda-ne-dusunuyor\/\" \/>\n<meta property=\"og:site_name\" content=\"Kariyer Rehberi\" \/>\n<meta property=\"article:published_time\" content=\"2017-08-15T08:38:37+00:00\" \/>\n<meta property=\"article:modified_time\" content=\"2018-06-06T07:01:23+00:00\" \/>\n<meta property=\"og:image\" content=\"https:\/\/www.kariyer.net\/kariyer-rehberi\/wp-content\/uploads\/2017\/08\/ikuzmani94949441.jpg\" \/>\n\t<meta property=\"og:image:width\" content=\"900\" \/>\n\t<meta property=\"og:image:height\" content=\"600\" \/>\n\t<meta property=\"og:image:type\" content=\"image\/jpeg\" \/>\n<meta name=\"author\" content=\"Konuk Yazar\" \/>\n<meta name=\"twitter:card\" content=\"summary_large_image\" \/>\n<meta name=\"twitter:label1\" content=\"Yazan:\" \/>\n\t<meta name=\"twitter:data1\" content=\"Konuk Yazar\" \/>\n\t<meta name=\"twitter:label2\" content=\"Tahmini okuma s\u00fcresi\" \/>\n\t<meta name=\"twitter:data2\" content=\"7 dakika\" \/>\n<!-- \/ Yoast SEO Premium plugin. -->","yoast_head_json":{"title":"\u0130K uzmanlar\u0131 CV\u2019niz hakk\u0131nda ne d\u00fc\u015f\u00fcn\u00fcyor? | Kariyer Rehberi","description":"\u00a0\u0130\u015f arayan adaylar\u0131n\u00a0akl\u0131nda genellikle, \u201c\u0130K uzmanlar\u0131 acaba \u00f6zge\u00e7mi\u015fimi be\u011feniyor mu?\u201d, \u201c\u00d6zge\u00e7mi\u015fim \u0130K profesyonelleri taraf\u0131ndan nas\u0131l alg\u0131lan\u0131yor?\u201d","robots":{"index":"index","follow":"follow","max-snippet":"max-snippet:-1","max-image-preview":"max-image-preview:large","max-video-preview":"max-video-preview:-1"},"canonical":"https:\/\/www.kariyer.net\/kariyer-rehberi\/ik-uzmanlari-cvniz-hakkinda-ne-dusunuyor\/","og_locale":"tr_TR","og_type":"article","og_title":"\u0130K uzmanlar\u0131 CV\u2019niz hakk\u0131nda ne d\u00fc\u015f\u00fcn\u00fcyor?","og_description":"\u00a0\u0130\u015f arayan adaylar\u0131n\u00a0akl\u0131nda genellikle, \u201c\u0130K uzmanlar\u0131 acaba \u00f6zge\u00e7mi\u015fimi be\u011feniyor mu?\u201d, \u201c\u00d6zge\u00e7mi\u015fim \u0130K profesyonelleri taraf\u0131ndan nas\u0131l alg\u0131lan\u0131yor?\u201d","og_url":"https:\/\/www.kariyer.net\/kariyer-rehberi\/ik-uzmanlari-cvniz-hakkinda-ne-dusunuyor\/","og_site_name":"Kariyer Rehberi","article_published_time":"2017-08-15T08:38:37+00:00","article_modified_time":"2018-06-06T07:01:23+00:00","og_image":[{"width":900,"height":600,"url":"https:\/\/www.kariyer.net\/kariyer-rehberi\/wp-content\/uploads\/2017\/08\/ikuzmani94949441.jpg","type":"image\/jpeg"}],"author":"Konuk Yazar","twitter_card":"summary_large_image","twitter_misc":{"Yazan:":"Konuk Yazar","Tahmini okuma s\u00fcresi":"7 dakika"},"schema":{"@context":"https:\/\/schema.org","@graph":[{"@type":"Article","@id":"https:\/\/www.kariyer.net\/kariyer-rehberi\/ik-uzmanlari-cvniz-hakkinda-ne-dusunuyor\/#article","isPartOf":{"@id":"https:\/\/www.kariyer.net\/kariyer-rehberi\/ik-uzmanlari-cvniz-hakkinda-ne-dusunuyor\/"},"author":{"name":"Konuk Yazar","@id":"https:\/\/www.kariyer.net\/kariyer-rehberi\/#\/schema\/person\/6154a58a8375a4df7f7fc847997c4657"},"headline":"\u0130K uzmanlar\u0131 CV\u2019niz hakk\u0131nda ne d\u00fc\u015f\u00fcn\u00fcyor?","datePublished":"2017-08-15T08:38:37+00:00","dateModified":"2018-06-06T07:01:23+00:00","mainEntityOfPage":{"@id":"https:\/\/www.kariyer.net\/kariyer-rehberi\/ik-uzmanlari-cvniz-hakkinda-ne-dusunuyor\/"},"wordCount":1364,"commentCount":0,"publisher":{"@id":"https:\/\/www.kariyer.net\/kariyer-rehberi\/#organization"},"image":{"@id":"https:\/\/www.kariyer.net\/kariyer-rehberi\/ik-uzmanlari-cvniz-hakkinda-ne-dusunuyor\/#primaryimage"},"thumbnailUrl":"https:\/\/www.kariyer.net\/kariyer-rehberi\/wp-content\/uploads\/2017\/08\/ikuzmani94949441.jpg","keywords":["beyaz yaka","CV","CV Checkup","Esra KEMER","gen\u00e7 profesyoneller","\u00d6zge\u00e7mi\u015f","Stajyer","uzman","uzman yard\u0131mc\u0131s\u0131","yeni mezun"],"articleSection":["\u00d6zge\u00e7mi\u015f","\u00d6zge\u00e7mi\u015f Haz\u0131rlama"],"inLanguage":"tr","potentialAction":[{"@type":"CommentAction","name":"Comment","target":["https:\/\/www.kariyer.net\/kariyer-rehberi\/ik-uzmanlari-cvniz-hakkinda-ne-dusunuyor\/#respond"]}]},{"@type":"WebPage","@id":"https:\/\/www.kariyer.net\/kariyer-rehberi\/ik-uzmanlari-cvniz-hakkinda-ne-dusunuyor\/","url":"https:\/\/www.kariyer.net\/kariyer-rehberi\/ik-uzmanlari-cvniz-hakkinda-ne-dusunuyor\/","name":"\u0130K uzmanlar\u0131 CV\u2019niz hakk\u0131nda ne d\u00fc\u015f\u00fcn\u00fcyor? | Kariyer Rehberi","isPartOf":{"@id":"https:\/\/www.kariyer.net\/kariyer-rehberi\/#website"},"primaryImageOfPage":{"@id":"https:\/\/www.kariyer.net\/kariyer-rehberi\/ik-uzmanlari-cvniz-hakkinda-ne-dusunuyor\/#primaryimage"},"image":{"@id":"https:\/\/www.kariyer.net\/kariyer-rehberi\/ik-uzmanlari-cvniz-hakkinda-ne-dusunuyor\/#primaryimage"},"thumbnailUrl":"https:\/\/www.kariyer.net\/kariyer-rehberi\/wp-content\/uploads\/2017\/08\/ikuzmani94949441.jpg","datePublished":"2017-08-15T08:38:37+00:00","dateModified":"2018-06-06T07:01:23+00:00","description":"\u00a0\u0130\u015f arayan adaylar\u0131n\u00a0akl\u0131nda genellikle, \u201c\u0130K uzmanlar\u0131 acaba \u00f6zge\u00e7mi\u015fimi be\u011feniyor mu?\u201d, \u201c\u00d6zge\u00e7mi\u015fim \u0130K profesyonelleri taraf\u0131ndan nas\u0131l alg\u0131lan\u0131yor?\u201d","breadcrumb":{"@id":"https:\/\/www.kariyer.net\/kariyer-rehberi\/ik-uzmanlari-cvniz-hakkinda-ne-dusunuyor\/#breadcrumb"},"inLanguage":"tr","potentialAction":[{"@type":"ReadAction","target":["https:\/\/www.kariyer.net\/kariyer-rehberi\/ik-uzmanlari-cvniz-hakkinda-ne-dusunuyor\/"]}]},{"@type":"ImageObject","inLanguage":"tr","@id":"https:\/\/www.kariyer.net\/kariyer-rehberi\/ik-uzmanlari-cvniz-hakkinda-ne-dusunuyor\/#primaryimage","url":"https:\/\/www.kariyer.net\/kariyer-rehberi\/wp-content\/uploads\/2017\/08\/ikuzmani94949441.jpg","contentUrl":"https:\/\/www.kariyer.net\/kariyer-rehberi\/wp-content\/uploads\/2017\/08\/ikuzmani94949441.jpg","width":900,"height":600},{"@type":"BreadcrumbList","@id":"https:\/\/www.kariyer.net\/kariyer-rehberi\/ik-uzmanlari-cvniz-hakkinda-ne-dusunuyor\/#breadcrumb","itemListElement":[{"@type":"ListItem","position":1,"name":"Anasayfa","item":"https:\/\/www.kariyer.net\/kariyer-rehberi\/"},{"@type":"ListItem","position":2,"name":"\u0130K uzmanlar\u0131 CV\u2019niz hakk\u0131nda ne d\u00fc\u015f\u00fcn\u00fcyor?"}]},{"@type":"WebSite","@id":"https:\/\/www.kariyer.net\/kariyer-rehberi\/#website","url":"https:\/\/www.kariyer.net\/kariyer-rehberi\/","name":"Kariyer Rehberi","description":"\u0130\u015f D\u00fcnyas\u0131yla \u0130lgili Bilmek \u0130stedi\u011finiz Her \u015eey","publisher":{"@id":"https:\/\/www.kariyer.net\/kariyer-rehberi\/#organization"},"potentialAction":[{"@type":"SearchAction","target":{"@type":"EntryPoint","urlTemplate":"https:\/\/www.kariyer.net\/kariyer-rehberi\/?s={search_term_string}"},"query-input":{"@type":"PropertyValueSpecification","valueRequired":true,"valueName":"search_term_string"}}],"inLanguage":"tr"},{"@type":"Organization","@id":"https:\/\/www.kariyer.net\/kariyer-rehberi\/#organization","name":"Kariyer.net","url":"https:\/\/www.kariyer.net\/kariyer-rehberi\/","logo":{"@type":"ImageObject","inLanguage":"tr","@id":"https:\/\/www.kariyer.net\/kariyer-rehberi\/#\/schema\/logo\/image\/","url":"https:\/\/www.kariyer.net\/kariyer-rehberi-new\/wp-content\/uploads\/2023\/01\/og-image11.jpg","contentUrl":"https:\/\/www.kariyer.net\/kariyer-rehberi-new\/wp-content\/uploads\/2023\/01\/og-image11.jpg","width":800,"height":800,"caption":"Kariyer.net"},"image":{"@id":"https:\/\/www.kariyer.net\/kariyer-rehberi\/#\/schema\/logo\/image\/"}},{"@type":"Person","@id":"https:\/\/www.kariyer.net\/kariyer-rehberi\/#\/schema\/person\/6154a58a8375a4df7f7fc847997c4657","name":"Konuk Yazar","image":{"@type":"ImageObject","inLanguage":"tr","@id":"https:\/\/www.kariyer.net\/kariyer-rehberi\/#\/schema\/person\/image\/","url":"https:\/\/secure.gravatar.com\/avatar\/f03aa189ddb09160e6f0ad7e5e2c4b69c7102a041cc145a1e45a96f0100baa41?s=96&d=mm&r=g","contentUrl":"https:\/\/secure.gravatar.com\/avatar\/f03aa189ddb09160e6f0ad7e5e2c4b69c7102a041cc145a1e45a96f0100baa41?s=96&d=mm&r=g","caption":"Konuk Yazar"},"url":"https:\/\/www.kariyer.net\/kariyer-rehberi\/author\/konukyazar\/"}]}},"_links":{"self":[{"href":"https:\/\/www.kariyer.net\/kariyer-rehberi\/wp-json\/wp\/v2\/posts\/9276","targetHints":{"allow":["GET"]}}],"collection":[{"href":"https:\/\/www.kariyer.net\/kariyer-rehberi\/wp-json\/wp\/v2\/posts"}],"about":[{"href":"https:\/\/www.kariyer.net\/kariyer-rehberi\/wp-json\/wp\/v2\/types\/post"}],"author":[{"embeddable":true,"href":"https:\/\/www.kariyer.net\/kariyer-rehberi\/wp-json\/wp\/v2\/users\/9"}],"replies":[{"embeddable":true,"href":"https:\/\/www.kariyer.net\/kariyer-rehberi\/wp-json\/wp\/v2\/comments?post=9276"}],"version-history":[{"count":0,"href":"https:\/\/www.kariyer.net\/kariyer-rehberi\/wp-json\/wp\/v2\/posts\/9276\/revisions"}],"wp:featuredmedia":[{"embeddable":true,"href":"https:\/\/www.kariyer.net\/kariyer-rehberi\/wp-json\/wp\/v2\/media\/9365"}],"wp:attachment":[{"href":"https:\/\/www.kariyer.net\/kariyer-rehberi\/wp-json\/wp\/v2\/media?parent=9276"}],"wp:term":[{"taxonomy":"category","embeddable":true,"href":"https:\/\/www.kariyer.net\/kariyer-rehberi\/wp-json\/wp\/v2\/categories?post=9276"},{"taxonomy":"post_tag","embeddable":true,"href":"https:\/\/www.kariyer.net\/kariyer-rehberi\/wp-json\/wp\/v2\/tags?post=9276"}],"curies":[{"name":"wp","href":"https:\/\/api.w.org\/{rel}","templated":true}]}}