{"id":928,"date":"2013-05-14T03:00:00","date_gmt":"2013-05-14T00:00:00","guid":{"rendered":"http:\/\/92.45.35.169\/staj-yapmak-ne-isime-yarar\/"},"modified":"2024-07-03T15:31:43","modified_gmt":"2024-07-03T12:31:43","slug":"staj-yapmak-ne-isime-yarar","status":"publish","type":"post","link":"https:\/\/www.kariyer.net\/kariyer-rehberi\/staj-yapmak-ne-isime-yarar\/","title":{"rendered":"Staj yapmak ne i\u015fime yarar?"},"content":{"rendered":"<p><strong><img decoding=\"async\" style=\"float: left; width: 350px; height: 185px; border-width: 1px; border-style: solid; margin: 10px 1px;\" alt=\"\" src=\"http:\/\/img1.kariyer.net\/WebSite\/uploads\/KariyerRehberi\/pictures\/young1.jpg\" \/><\/strong><\/p>\n<p><strong>Yeni mezun ya da son s\u0131n\u0131f \u00f6\u011frencisiysen staj olanaklar\u0131n\u0131 mutlaka takip etmelisin. Staj sana kariyer hedefini belirlemede, i\u015f tecr\u00fcbesi kazanmanda, belki de staj yapt\u0131\u011f\u0131n \u015firkette tam zamanl\u0131 bir \u00e7al\u0131\u015fan olmana yard\u0131m edecek.<\/strong><\/p>\n<p>E\u011fer hi\u00e7 i\u015f tecr\u00fcben yoksa mezun olduktan sonra i\u015f bulmak senin i\u00e7in ciddi bir sorun olabilir. Bir i\u015fte tecr\u00fcbe edinmek senin \u00f6n\u00fcn\u00fcz\u00fc a\u00e7acakt\u0131r. Staj, mezun oldu\u011funda iyi bir i\u015f bulabilmek i\u00e7in do\u011fru bir yol. Staj yapmak; \u00fcniversite \u00f6\u011frencilerine, yeni mezunlara ve kariyer de\u011fi\u015fikli\u011fi yapmak isteyenler i\u00e7in i\u015f tecr\u00fcbesi sunar. \u00c7ok az miktarda ya da \u00fccretsiz i\u015fe ald\u0131klar\u0131 i\u00e7in \u015firketler de az ya da \u00e7ok az i\u015f tecr\u00fcbesi olan stajyerleri tercih ediyor.<br \/>\n<strong>\u0130\u015f tecr\u00fcbesi kazan\u0131yorsun<\/strong><br \/>\nE\u011fer hangi alanda kariyer yapaca\u011f\u0131na hen\u00fcz karar vermediysen, staj senin i\u00e7in iyi bir f\u0131rsat olabilir. Stajlar genellikle k\u0131sa s\u00fcrelidir ve herhangi bir zorunlu\u011fu yoktur. Staj \u00e7al\u0131\u015ft\u0131\u011f\u0131n alan\u0131n seni tatmin edip edemeyece\u011fini anlaman i\u00e7in yeterli olacakt\u0131r.<\/p>\n<p><strong>Staj yapt\u0131\u011f\u0131n \u015firkette i\u015fe girme f\u0131rsat\u0131n olabilir<\/strong><br \/>\nBir\u00e7ok \u015firket stajyerleri potansiyel \u00e7al\u0131\u015fan olarak g\u00f6r\u00fcr ve staj s\u00fcresi bitti\u011finde tam zamanl\u0131 olarak devam etmelerini ister. Uzun bir i\u015f g\u00f6r\u00fc\u015fmesinde oldu\u011fu gibi staj yaparken de nas\u0131l uygun ve yetenekli bir aday oldu\u011funu \u015firkete anlatman gerekiyor. E\u011fer \u015firkette kendini g\u00f6sterirsen, i\u015fi kapars\u0131n.<br \/>\n<strong>\u0130\u015f \u00e7evreni olu\u015fturmaya ba\u015flad\u0131n<\/strong><br \/>\n\u00c7al\u0131\u015fmak istedi\u011fin alanda yeni ki\u015filerle tan\u0131\u015fma \u015fans\u0131 elde edersin. Hangi alanda ya da sekt\u00f6rde olursa olsun yeni ki\u015filerle ili\u015fkiler kurmak sana asla zarar vermez. Staj yaparken tan\u0131\u015ft\u0131\u011f\u0131n biri belki mezun olduktan sonra sana ba\u015fka bir kap\u0131n\u0131n a\u00e7\u0131lmas\u0131n\u0131 sa\u011flayacakt\u0131r. Ayr\u0131ca bu ki\u015filerden ald\u0131\u011f\u0131n referanslar ileri de \u00e7ok i\u015fine yarayacak.<br \/>\n<strong>\u00d6\u011frendiklerini prati\u011fe d\u00f6k<\/strong><br \/>\n\u00c7al\u0131\u015fma alan\u0131n ne olursa olsun staj sana okulda \u00f6\u011frendiklerini prati\u011fe d\u00f6kme imkan\u0131 veriyor. Teoride \u00f6\u011frendiklerin peki\u015firken di\u011fer yandan i\u015f d\u00fcnyas\u0131n\u0131n kendi ba\u015f\u0131na bir okul oldu\u011funun fark\u0131na varacaks\u0131n.<br \/>\n<strong>\u0130\u015f g\u00f6r\u00fc\u015fmesinde kendine g\u00fcvenin art\u0131yor<\/strong><br \/>\nTecr\u00fcbe kazanmak ki\u015finin kendine olan g\u00fcvenini kuvvetlendirir. E\u011ferki etkileyici bir CV\u2019ye sahipsen, i\u015f ararken kendine g\u00fcvenin daha da artacakt\u0131r. Staj\u0131n\u0131 yapt\u0131ktan sonra, e\u011fer i\u015f g\u00f6r\u00fc\u015fmesinde m\u00fclakat\u0131 yapan \u0130nsan Kaynaklar\u0131 uzman\u0131 sana i\u015f s\u00fcre\u00e7leri ile ilgili bilgin olup olmad\u0131\u011f\u0131n\u0131 sorarsa, \u201cyapabilece\u011fimi d\u00fc\u015f\u00fcn\u00fcyorum\u201d demek yerine \u201cyapabiliyorum\u201d diyebilir ve \u00f6rnekler verebilirsin.<\/p>\n<p><strong>Staj bulmak i\u00e7in ne yapmal\u0131s\u0131n?<\/strong><br \/>\n\u00dcniversitenin kariyer planlama merkezinden yard\u0131m al\u0131n<br \/>\nHala \u00fcniversitede okuyorsan, \u00fcniversitenin kariyer merkezinden staj bulmak i\u00e7in bilgi ve destek alabilirsin. \u00dcniversitelerde d\u00fczenlenen kariyer g\u00fcnlerinde firmalar\u0131n stantlar\u0131nda CV\u2019ni b\u0131rakabilirsin.<br \/>\n<strong>\u0130nternetten staj ara\u015ft\u0131rmas\u0131 yap<\/strong><br \/>\nE\u011fer hala \u00f6\u011frenci de\u011filsen ya da okulunun kariyer merkezinin sa\u011flad\u0131\u011f\u0131 imkanlar\u0131 yeterli bulmad\u0131ysan, kendi kendine staj arayabilirsin. \u0130nternet \u00fczerinden yaparak, stajyerlik ilan\u0131 veren bir\u00e7ok \u015firkete ula\u015fabilirsin.<\/p>\n<p>Staj f\u0131rsatlar\u0131 i\u00e7in t\u0131klay\u0131n\u0131z&#8230;<\/p>\n<p><a href=\"http:\/\/staj.kariyer.net\/website\/index.aspx\">http:\/\/staj.kariyer.net\/website\/index.aspx<\/a><\/p>\n<p><a href=\"http:\/\/www.kariyerkampuste.com\/\">www.kariyerkampuste.com<\/a><\/p>\n<!-- templates\/buttons-placeholder.php -->\n<div class=\"da-reactions-outer TpostID928\">\n\t    <div class=\"da-reactions-data da-reactions-container-async center\"\n         data-type=\"post\"\n         data-id=\"928\"\n         id=\"da-reactions-slot-post-928\">\n        <div class=\"da-reactions-static\">\n\t\t\t<img src=\"https:\/\/www.kariyer.net\/kariyer-rehberi\/wp-content\/plugins\/da-reactions\/assets\/dist\/loading.svg\" alt=\"Loading spinner\" width=\"48\" height=\"48\" style=\"width:48px\" \/>\n        <\/div>\n    <\/div>\n<\/div>\n","protected":false},"excerpt":{"rendered":"<p>Yeni mezun ya da son s\u0131n\u0131f \u00f6\u011frencisiysen staj olanaklar\u0131n\u0131 mutlaka takip etmelisin. Staj sana kariyer hedefini belirlemede, i\u015f tecr\u00fcbesi kazanmanda, belki de staj yapt\u0131\u011f\u0131n \u015firkette tam zamanl\u0131 bir \u00e7al\u0131\u015fan olmana yard\u0131m edecek. E\u011fer hi\u00e7 i\u015f tecr\u00fcben yoksa mezun olduktan sonra i\u015f bulmak senin i\u00e7in ciddi bir sorun olabilir. Bir i\u015fte tecr\u00fcbe edinmek senin \u00f6n\u00fcn\u00fcz\u00fc a\u00e7acakt\u0131r. [&hellip;]<\/p>\n<!-- templates\/buttons-placeholder.php -->\n<div class=\"da-reactions-outer TpostID928\">\n\t    <div class=\"da-reactions-data da-reactions-container-async center\"\n         data-type=\"post\"\n         data-id=\"928\"\n         id=\"da-reactions-slot-post-928\">\n        <div class=\"da-reactions-static\">\n\t\t\t<img src=\"https:\/\/www.kariyer.net\/kariyer-rehberi\/wp-content\/plugins\/da-reactions\/assets\/dist\/loading.svg\" alt=\"Loading spinner\" width=\"48\" height=\"48\" style=\"width:48px\" \/>\n        <\/div>\n    <\/div>\n<\/div>\n","protected":false},"author":6,"featured_media":3751,"comment_status":"open","ping_status":"open","sticky":false,"template":"","format":"standard","meta":{"footnotes":"","_elementor_edit_mode":"","_elementor_template_type":"","_elementor_data":"","_elementor_page_settings":null,"_elementor_conditions":[]},"categories":[2211],"tags":[],"class_list":{"0":"post-928","1":"post","2":"type-post","3":"status-publish","4":"format-standard","5":"has-post-thumbnail","7":"category-kariyer-gelisimi"},"yoast_head":"<!-- This site is optimized with the Yoast SEO Premium plugin v21.4 (Yoast SEO v27.0) - https:\/\/yoast.com\/product\/yoast-seo-premium-wordpress\/ -->\n<title>Staj yapmak ne i\u015fime yarar? | Kariyer Rehberi<\/title>\n<meta name=\"description\" content=\"Yeni mezun ya da son s\u0131n\u0131f \u00f6\u011frencisiysen staj olanaklar\u0131n\u0131 mutlaka takip etmelisin. Staj sana kariyer hedefini belirlemede, i\u015f tecr\u00fcbesi kazanmanda, belki\" \/>\n<meta name=\"robots\" content=\"index, follow, max-snippet:-1, max-image-preview:large, max-video-preview:-1\" \/>\n<link rel=\"canonical\" href=\"https:\/\/www.kariyer.net\/kariyer-rehberi\/staj-yapmak-ne-isime-yarar\/\" \/>\n<meta property=\"og:locale\" content=\"tr_TR\" \/>\n<meta property=\"og:type\" content=\"article\" \/>\n<meta property=\"og:title\" content=\"Staj yapmak ne i\u015fime yarar?\" \/>\n<meta property=\"og:description\" content=\"Yeni mezun ya da son s\u0131n\u0131f \u00f6\u011frencisiysen staj olanaklar\u0131n\u0131 mutlaka takip etmelisin. Staj sana kariyer hedefini belirlemede, i\u015f tecr\u00fcbesi kazanmanda, belki\" \/>\n<meta property=\"og:url\" content=\"https:\/\/www.kariyer.net\/kariyer-rehberi\/staj-yapmak-ne-isime-yarar\/\" \/>\n<meta property=\"og:site_name\" content=\"Kariyer Rehberi\" \/>\n<meta property=\"article:published_time\" content=\"2013-05-14T00:00:00+00:00\" \/>\n<meta property=\"article:modified_time\" content=\"2024-07-03T12:31:43+00:00\" \/>\n<meta property=\"og:image\" content=\"https:\/\/www.kariyer.net\/kariyer-rehberi\/wp-content\/uploads\/2013\/05\/staj1.jpg\" \/>\n\t<meta property=\"og:image:width\" content=\"600\" \/>\n\t<meta property=\"og:image:height\" content=\"300\" \/>\n\t<meta property=\"og:image:type\" content=\"image\/jpeg\" \/>\n<meta name=\"author\" content=\"Merve Tun\u00e7er\" \/>\n<meta name=\"twitter:card\" content=\"summary_large_image\" \/>\n<meta name=\"twitter:label1\" content=\"Yazan:\" \/>\n\t<meta name=\"twitter:data1\" content=\"Merve Tun\u00e7er\" \/>\n\t<meta name=\"twitter:label2\" content=\"Tahmini okuma s\u00fcresi\" \/>\n\t<meta name=\"twitter:data2\" content=\"3 dakika\" \/>\n<!-- \/ Yoast SEO Premium plugin. -->","yoast_head_json":{"title":"Staj yapmak ne i\u015fime yarar? | Kariyer Rehberi","description":"Yeni mezun ya da son s\u0131n\u0131f \u00f6\u011frencisiysen staj olanaklar\u0131n\u0131 mutlaka takip etmelisin. Staj sana kariyer hedefini belirlemede, i\u015f tecr\u00fcbesi kazanmanda, belki","robots":{"index":"index","follow":"follow","max-snippet":"max-snippet:-1","max-image-preview":"max-image-preview:large","max-video-preview":"max-video-preview:-1"},"canonical":"https:\/\/www.kariyer.net\/kariyer-rehberi\/staj-yapmak-ne-isime-yarar\/","og_locale":"tr_TR","og_type":"article","og_title":"Staj yapmak ne i\u015fime yarar?","og_description":"Yeni mezun ya da son s\u0131n\u0131f \u00f6\u011frencisiysen staj olanaklar\u0131n\u0131 mutlaka takip etmelisin. Staj sana kariyer hedefini belirlemede, i\u015f tecr\u00fcbesi kazanmanda, belki","og_url":"https:\/\/www.kariyer.net\/kariyer-rehberi\/staj-yapmak-ne-isime-yarar\/","og_site_name":"Kariyer Rehberi","article_published_time":"2013-05-14T00:00:00+00:00","article_modified_time":"2024-07-03T12:31:43+00:00","og_image":[{"width":600,"height":300,"url":"https:\/\/www.kariyer.net\/kariyer-rehberi\/wp-content\/uploads\/2013\/05\/staj1.jpg","type":"image\/jpeg"}],"author":"Merve Tun\u00e7er","twitter_card":"summary_large_image","twitter_misc":{"Yazan:":"Merve Tun\u00e7er","Tahmini okuma s\u00fcresi":"3 dakika"},"schema":{"@context":"https:\/\/schema.org","@graph":[{"@type":"Article","@id":"https:\/\/www.kariyer.net\/kariyer-rehberi\/staj-yapmak-ne-isime-yarar\/#article","isPartOf":{"@id":"https:\/\/www.kariyer.net\/kariyer-rehberi\/staj-yapmak-ne-isime-yarar\/"},"author":{"name":"Merve Tun\u00e7er","@id":"https:\/\/www.kariyer.net\/kariyer-rehberi\/#\/schema\/person\/0a1b137f53ff777a71394484346c28a1"},"headline":"Staj yapmak ne i\u015fime yarar?","datePublished":"2013-05-14T00:00:00+00:00","dateModified":"2024-07-03T12:31:43+00:00","mainEntityOfPage":{"@id":"https:\/\/www.kariyer.net\/kariyer-rehberi\/staj-yapmak-ne-isime-yarar\/"},"wordCount":553,"commentCount":0,"publisher":{"@id":"https:\/\/www.kariyer.net\/kariyer-rehberi\/#organization"},"image":{"@id":"https:\/\/www.kariyer.net\/kariyer-rehberi\/staj-yapmak-ne-isime-yarar\/#primaryimage"},"thumbnailUrl":"https:\/\/www.kariyer.net\/kariyer-rehberi\/wp-content\/uploads\/2013\/05\/staj1.jpg","articleSection":["Kariyer Geli\u015fimi"],"inLanguage":"tr","potentialAction":[{"@type":"CommentAction","name":"Comment","target":["https:\/\/www.kariyer.net\/kariyer-rehberi\/staj-yapmak-ne-isime-yarar\/#respond"]}]},{"@type":"WebPage","@id":"https:\/\/www.kariyer.net\/kariyer-rehberi\/staj-yapmak-ne-isime-yarar\/","url":"https:\/\/www.kariyer.net\/kariyer-rehberi\/staj-yapmak-ne-isime-yarar\/","name":"Staj yapmak ne i\u015fime yarar? | Kariyer Rehberi","isPartOf":{"@id":"https:\/\/www.kariyer.net\/kariyer-rehberi\/#website"},"primaryImageOfPage":{"@id":"https:\/\/www.kariyer.net\/kariyer-rehberi\/staj-yapmak-ne-isime-yarar\/#primaryimage"},"image":{"@id":"https:\/\/www.kariyer.net\/kariyer-rehberi\/staj-yapmak-ne-isime-yarar\/#primaryimage"},"thumbnailUrl":"https:\/\/www.kariyer.net\/kariyer-rehberi\/wp-content\/uploads\/2013\/05\/staj1.jpg","datePublished":"2013-05-14T00:00:00+00:00","dateModified":"2024-07-03T12:31:43+00:00","description":"Yeni mezun ya da son s\u0131n\u0131f \u00f6\u011frencisiysen staj olanaklar\u0131n\u0131 mutlaka takip etmelisin. Staj sana kariyer hedefini belirlemede, i\u015f tecr\u00fcbesi kazanmanda, belki","breadcrumb":{"@id":"https:\/\/www.kariyer.net\/kariyer-rehberi\/staj-yapmak-ne-isime-yarar\/#breadcrumb"},"inLanguage":"tr","potentialAction":[{"@type":"ReadAction","target":["https:\/\/www.kariyer.net\/kariyer-rehberi\/staj-yapmak-ne-isime-yarar\/"]}]},{"@type":"ImageObject","inLanguage":"tr","@id":"https:\/\/www.kariyer.net\/kariyer-rehberi\/staj-yapmak-ne-isime-yarar\/#primaryimage","url":"https:\/\/www.kariyer.net\/kariyer-rehberi\/wp-content\/uploads\/2013\/05\/staj1.jpg","contentUrl":"https:\/\/www.kariyer.net\/kariyer-rehberi\/wp-content\/uploads\/2013\/05\/staj1.jpg","width":600,"height":300},{"@type":"BreadcrumbList","@id":"https:\/\/www.kariyer.net\/kariyer-rehberi\/staj-yapmak-ne-isime-yarar\/#breadcrumb","itemListElement":[{"@type":"ListItem","position":1,"name":"Anasayfa","item":"https:\/\/www.kariyer.net\/kariyer-rehberi\/"},{"@type":"ListItem","position":2,"name":"Staj yapmak ne i\u015fime yarar?"}]},{"@type":"WebSite","@id":"https:\/\/www.kariyer.net\/kariyer-rehberi\/#website","url":"https:\/\/www.kariyer.net\/kariyer-rehberi\/","name":"Kariyer Rehberi","description":"\u0130\u015f D\u00fcnyas\u0131yla \u0130lgili Bilmek \u0130stedi\u011finiz Her \u015eey","publisher":{"@id":"https:\/\/www.kariyer.net\/kariyer-rehberi\/#organization"},"potentialAction":[{"@type":"SearchAction","target":{"@type":"EntryPoint","urlTemplate":"https:\/\/www.kariyer.net\/kariyer-rehberi\/?s={search_term_string}"},"query-input":{"@type":"PropertyValueSpecification","valueRequired":true,"valueName":"search_term_string"}}],"inLanguage":"tr"},{"@type":"Organization","@id":"https:\/\/www.kariyer.net\/kariyer-rehberi\/#organization","name":"Kariyer.net","url":"https:\/\/www.kariyer.net\/kariyer-rehberi\/","logo":{"@type":"ImageObject","inLanguage":"tr","@id":"https:\/\/www.kariyer.net\/kariyer-rehberi\/#\/schema\/logo\/image\/","url":"https:\/\/www.kariyer.net\/kariyer-rehberi-new\/wp-content\/uploads\/2023\/01\/og-image11.jpg","contentUrl":"https:\/\/www.kariyer.net\/kariyer-rehberi-new\/wp-content\/uploads\/2023\/01\/og-image11.jpg","width":800,"height":800,"caption":"Kariyer.net"},"image":{"@id":"https:\/\/www.kariyer.net\/kariyer-rehberi\/#\/schema\/logo\/image\/"}},{"@type":"Person","@id":"https:\/\/www.kariyer.net\/kariyer-rehberi\/#\/schema\/person\/0a1b137f53ff777a71394484346c28a1","name":"Merve Tun\u00e7er","image":{"@type":"ImageObject","inLanguage":"tr","@id":"https:\/\/www.kariyer.net\/kariyer-rehberi\/#\/schema\/person\/image\/","url":"https:\/\/secure.gravatar.com\/avatar\/f901bc11e2b7a88ba6f6ba817ccc4d8f7782f16694472c26fd2664737093f4f2?s=96&d=mm&r=g","contentUrl":"https:\/\/secure.gravatar.com\/avatar\/f901bc11e2b7a88ba6f6ba817ccc4d8f7782f16694472c26fd2664737093f4f2?s=96&d=mm&r=g","caption":"Merve Tun\u00e7er"},"description":"Kad\u0131k\u00f6y Anadolu Lisesi\u2019nin ard\u0131ndan diplomat olma hayaliyle girdi\u011fi Marmara \u00dcniversitesi Frans\u0131zca Siyaset Bilimi ve Kamu Y\u00f6netimi B\u00f6l\u00fcm\u00fc\u2019nde e\u011fitimine devam ederken gazetecilik mesle\u011fine g\u00f6nl\u00fcn\u00fc kapt\u0131rd\u0131. \u201cT\u00fcrkiye\u2019de ve Fransa\u2019da Gazeteci Kimli\u011fi Sorunu\u201d konulu tezini yazarken \u00e7al\u0131\u015fmaya ba\u015flad\u0131\u011f\u0131 ajansta gazetecili\u011fe ad\u0131m att\u0131.","sameAs":["http:\/\/www.kariyer.net\/kariyer-rehberi\/merve-tuncer\/"],"url":"https:\/\/www.kariyer.net\/kariyer-rehberi\/author\/merve-tuncer\/"}]}},"_links":{"self":[{"href":"https:\/\/www.kariyer.net\/kariyer-rehberi\/wp-json\/wp\/v2\/posts\/928","targetHints":{"allow":["GET"]}}],"collection":[{"href":"https:\/\/www.kariyer.net\/kariyer-rehberi\/wp-json\/wp\/v2\/posts"}],"about":[{"href":"https:\/\/www.kariyer.net\/kariyer-rehberi\/wp-json\/wp\/v2\/types\/post"}],"author":[{"embeddable":true,"href":"https:\/\/www.kariyer.net\/kariyer-rehberi\/wp-json\/wp\/v2\/users\/6"}],"replies":[{"embeddable":true,"href":"https:\/\/www.kariyer.net\/kariyer-rehberi\/wp-json\/wp\/v2\/comments?post=928"}],"version-history":[{"count":1,"href":"https:\/\/www.kariyer.net\/kariyer-rehberi\/wp-json\/wp\/v2\/posts\/928\/revisions"}],"predecessor-version":[{"id":19670,"href":"https:\/\/www.kariyer.net\/kariyer-rehberi\/wp-json\/wp\/v2\/posts\/928\/revisions\/19670"}],"wp:featuredmedia":[{"embeddable":true,"href":"https:\/\/www.kariyer.net\/kariyer-rehberi\/wp-json\/wp\/v2\/media\/3751"}],"wp:attachment":[{"href":"https:\/\/www.kariyer.net\/kariyer-rehberi\/wp-json\/wp\/v2\/media?parent=928"}],"wp:term":[{"taxonomy":"category","embeddable":true,"href":"https:\/\/www.kariyer.net\/kariyer-rehberi\/wp-json\/wp\/v2\/categories?post=928"},{"taxonomy":"post_tag","embeddable":true,"href":"https:\/\/www.kariyer.net\/kariyer-rehberi\/wp-json\/wp\/v2\/tags?post=928"}],"curies":[{"name":"wp","href":"https:\/\/api.w.org\/{rel}","templated":true}]}}