{"id":931,"date":"2013-06-06T03:00:00","date_gmt":"2013-06-06T00:00:00","guid":{"rendered":"http:\/\/92.45.35.169\/terfiniz-gizli-bir-tehdit-olabilir-mi\/"},"modified":"2024-07-03T15:09:48","modified_gmt":"2024-07-03T12:09:48","slug":"terfiniz-gizli-bir-tehdit-olabilir-mi","status":"publish","type":"post","link":"https:\/\/www.kariyer.net\/kariyer-rehberi\/terfiniz-gizli-bir-tehdit-olabilir-mi\/","title":{"rendered":"Terfiniz gizli bir tehdit olabilir mi?"},"content":{"rendered":"<p><strong>Yazar ve \u0130K Uzman\u0131 Mehmet Erkan\u00a0 \u00fcst y\u00f6neticili\u011fin nas\u0131l ate\u015ften bir g\u00f6mle\u011fe d\u00f6n\u00fc\u015febilece\u011fini k\u0131sa bir \u00f6yk\u00fcyle anlat\u0131yor. <\/strong><strong>Daha \u00f6nceleri dalga ge\u00e7ilen ihtiyar bu kez ne\u015feli: \u201cBen demedim mi!\u201d diyor. Bir adam\u0131 bitirmek istiyorsan terfi ettireceksin. Ne kadar y\u00fckse\u011fe \u00e7\u0131karsa d\u00fc\u015fme riski o kadar artar. Ate\u015ften g\u00f6mlektir \u00fcst y\u00f6neticilik.<\/strong><\/p>\n<p><img decoding=\"async\" style=\"width: 200px; height: 301px; margin: 10px; float: left;\" alt=\"\" src=\"http:\/\/img1.kariyer.net\/WebSite\/uploads\/KariyerRehberi\/pictures\/Mehmet Erkan\u0130\u00c7(5).JPG\" \/><\/p>\n<p>Ofislerde mutlaka birileri birilerini \u00e7ok severken, baz\u0131lar\u0131 baz\u0131lar\u0131n\u0131 hi\u00e7 sevmez. Yine ofislerde birileri birileriyle ayn\u0131 ekipteyken, baz\u0131lar\u0131 baz\u0131lar\u0131yla kar\u015f\u0131 cephededir. T\u0131pk\u0131 normal hayattaki gibi, i\u015f hayat\u0131nda da insanlar \u201ctaraf\u201d t\u0131rlar ve \u00e7o\u011fu zaman \u201cbitaraf\u201d olan bertaraf olur. Bug\u00fcn ad\u0131na ili\u015fki y\u00f6netimi dedi\u011fimiz \u015fey de asl\u0131nda ofislerde ya\u015fanan bu sava\u015fta, bir \u015fekilde hayatta kalmakt\u0131r.<\/p>\n<p>Sava\u015f genelde a\u015fa\u011f\u0131dan \u00e7ok yukar\u0131da hissedilir.<\/p>\n<p><strong>Unvanlar artt\u0131k\u00e7a g\u00fc\u00e7, g\u00fc\u00e7 artt\u0131k\u00e7a \u00e7\u0131kar, \u00e7\u0131kar artt\u0131k\u00e7a da sava\u015f\u0131n \u015fiddeti artar. <\/strong>A\u015fa\u011f\u0131da kalanlarsa \u00e7o\u011fu kez bu m\u00fccadelenin seyircisi, ama bir yandan da taraftar\u0131d\u0131rlar.<\/p>\n<p>Seyirci \u00e7o\u011fu zaman heyecanlan\u0131r, ya\u015fananlar\u0131 anlamaya \u00e7al\u0131\u015f\u0131r, kendince yorumlar yapar ve nihayetinde kendini \u015firket i\u00e7i dedikodunun i\u00e7inde bulur. \u00c7o\u011fu zaman ya\u015fananlar anla\u015f\u0131lmazd\u0131r, bu adam \u015fimdi neden b\u00f6yle yapt\u0131, \u015fu kad\u0131n neden \u00f6yle bir karar verdi anla\u015f\u0131lmaz.<\/p>\n<p><strong>\u0130\u015fte tam da bu anla\u015f\u0131lmaz zamanlardan birini ya\u015fayan bir ofise \u00e7evirece\u011fiz \u015fimdi g\u00f6zlerimizi.<\/strong>A\u00e7\u0131k ofiste k\u00fc\u00e7\u00fck bir kalabal\u0131k toplanm\u0131\u015f ve ekranlar\u0131nda a\u00e7\u0131k olan yaz\u0131ya bir anlam vermeye \u00e7al\u0131\u015f\u0131yorlar. Yaz\u0131n\u0131n ba\u015fl\u0131\u011f\u0131nda \u201cy\u00f6netim duyurusu\u201d yaz\u0131yor.<\/p>\n<p>-Anlam\u0131yorum, diyor gen\u00e7 bir kad\u0131n, neden terfi ettirdi ki Tarcan\u2019\u0131 \u015fimdi, hani hi\u00e7 sevmiyordu kendisini, ba\u015fa geldi\u011finde onu kovacakt\u0131?<\/p>\n<p>Ba\u015fka birisi ekliyor:<\/p>\n<p>-Bu i\u015f d\u00fcnyas\u0131 ger\u00e7ekten ilgin\u00e7, t\u00fcm tahminlerimiz bo\u015fa \u00e7\u0131kt\u0131. <strong>Daha d\u00fcn birbirlerine demedik laf b\u0131rakmayan bunlar de\u011fil miydi?<\/strong><\/p>\n<p>Bir di\u011feri umutsuzca:<\/p>\n<p>-Yok ya hi\u00e7bir \u015fey de\u011fi\u015fmez bu \u015firkette, g\u00fcvendi\u011fimiz da\u011flara kar ya\u011fd\u0131.<\/p>\n<p>Bu cephe bir ay \u00f6nce zaferi ya\u015farken, \u015fimdi hayal k\u0131r\u0131kl\u0131\u011f\u0131n\u0131 tad\u0131yor. Hep ba\u015fa gelmesini istedikleri Tansel\u2019i istedikleri koltu\u011fa oturtmu\u015flar, ancak onun icraatlar\u0131nda bekledikleri ac\u0131mas\u0131zl\u0131\u011f\u0131 bulamam\u0131\u015flard\u0131.<\/p>\n<p>Bir di\u011fer katta, bir di\u011fer cephedeyse beklenmedik sevin\u00e7 hakimdi. Tansel yeni g\u00f6revine atand\u0131\u011f\u0131nda, <strong>Tarcan\u2019\u0131n ekibi olarak tasfiyeyi bekleyenler, \u015fimdi iktidara ortak olman\u0131n beklenmedik mutlulu\u011funu ya\u015f\u0131yorlard\u0131.<\/strong><\/p>\n<p>Orta ya\u015fl\u0131 bir bey:<\/p>\n<p>-Do\u011frusu \u015fok oldum, diyordu, b\u00f6ylesi bir g\u00f6revlendirmeyi hi\u00e7birimiz beklemiyorduk.<\/p>\n<p>Bir di\u011feri araya giriyordu:<\/p>\n<p><strong>-Tam her \u015fey bitti derken yeniden ba\u015flad\u0131k. Tansel de biliyordu ama Tarcan\u2019s\u0131z yapamayaca\u011f\u0131n\u0131. <\/strong><\/p>\n<p>Bug\u00fcn ofislerde hep gen\u00e7 insanlar vard\u0131r. Ya\u015fl\u0131lar\u0131n say\u0131s\u0131 \u00e7o\u011fu \u015firkette bir elin parmaklar\u0131n\u0131 ge\u00e7mez. \u0130\u015fte o ender g\u00f6r\u00fclen ya\u015fl\u0131lardan biri, konu\u015fulanlar\u0131 dinliyor bu s\u0131rada. G\u00f6zleri \u00e7ok organizasyonel de\u011fi\u015fiklik g\u00f6rm\u00fc\u015f, kulaklar\u0131 \u00e7ok dedikodu i\u015fitmi\u015f. K\u0131r\u0131\u015f\u0131k \u015fakaklar\u0131n\u0131 daha da k\u0131r\u0131\u015ft\u0131r\u0131p tek s\u00f6z s\u00f6yl\u00fcyor:<\/p>\n<p>-Bence ortada sevinilecek bir durum yok, Tansel Tarcan\u2019a yapabilece\u011fi en b\u00fcy\u00fck k\u00f6t\u00fcl\u00fc\u011f\u00fc yapt\u0131.<\/p>\n<p>O an kimse bu c\u00fcmleden bir \u015fey anlam\u0131yor. Herkes bu eski kafa ihtiyara g\u00fcl\u00fcyor. Ama zaman akt\u0131k\u00e7a beraberinde ger\u00e7ekleri de getiriyor. Ve o ger\u00e7ekler g\u00fcn gelip bo\u011fazlarda t\u0131kan\u0131yor.<\/p>\n<p><strong>\u00c7ok de\u011fil sadece alt\u0131 ay sonra \u00e7uvall\u0131yor Tarcan.<\/strong>Terfisiyle beraber kendisinden ola\u011fan\u00fcst\u00fc \u015feyler isteniyor. Ona destek vermesi gereken b\u00f6l\u00fcmler, nedense gerekti\u011fi gibi yard\u0131mc\u0131 olmuyor. Ondan i\u015f bekleyen b\u00f6l\u00fcmlerse, istedikleri gelmiyor diye fazlas\u0131yla veryans\u0131n ediyor. Bir \u015fekilde ba\u015far\u0131s\u0131z oluyor, olduruluyor Tarcan. <strong>Ve i\u015flerle birlikte kendisi de patl\u0131yor. Bir s\u00fcre sonra herkes onun art\u0131k g\u00f6revi b\u0131rak\u0131p gitmesi gerekti\u011finde hemfikir oluyor, kendi ekibi bile\u2026<\/strong><\/p>\n<p>Bu yeni geli\u015fme de yine ofiste konu\u015fuluyor. Daha \u00f6nceleri dalga ge\u00e7ilen ihtiyar bu kez ne\u015feli:<\/p>\n<p>-Ben demedim mi, diyor, bir adam\u0131 bitirmek istiyorsan terfi ettireceksin. Ne kadar y\u00fckse\u011fe \u00e7\u0131karsa d\u00fc\u015fme riski o kadar artar. Ate\u015ften g\u00f6mlektir \u00fcst y\u00f6neticilik.<\/p>\n<p>O g\u00fcn ofiste Tarcan\u2019\u0131n istifas\u0131 ile birlikte, bir de \u015f\u00f6yle bir dedikodu dola\u015f\u0131yor. Rivayete g\u00f6re Tansel ilk g\u00f6reve geldi\u011finde \u015f\u00f6yle demi\u015f:<\/p>\n<p><strong>-Onu en tepeden a\u015fa\u011f\u0131 b\u0131rakaca\u011f\u0131m!<\/strong><\/p>\n<p><strong>Ancak bunun do\u011frulu\u011funu \u015fu ana kadar kimse teyit edemedi.<\/strong><\/p>\n<!-- templates\/buttons-placeholder.php -->\n<div class=\"da-reactions-outer TpostID931\">\n\t    <div class=\"da-reactions-data da-reactions-container-async center\"\n         data-type=\"post\"\n         data-id=\"931\"\n         id=\"da-reactions-slot-post-931\">\n        <div class=\"da-reactions-static\">\n\t\t\t<img src=\"https:\/\/www.kariyer.net\/kariyer-rehberi\/wp-content\/plugins\/da-reactions\/assets\/dist\/loading.svg\" alt=\"Loading spinner\" width=\"48\" height=\"48\" style=\"width:48px\" \/>\n        <\/div>\n    <\/div>\n<\/div>\n","protected":false},"excerpt":{"rendered":"<p>Yazar ve \u0130K Uzman\u0131 Mehmet Erkan\u00a0 \u00fcst y\u00f6neticili\u011fin nas\u0131l ate\u015ften bir g\u00f6mle\u011fe d\u00f6n\u00fc\u015febilece\u011fini k\u0131sa bir \u00f6yk\u00fcyle anlat\u0131yor. Daha \u00f6nceleri dalga ge\u00e7ilen ihtiyar bu kez ne\u015feli: \u201cBen demedim mi!\u201d diyor. Bir adam\u0131 bitirmek istiyorsan terfi ettireceksin. Ne kadar y\u00fckse\u011fe \u00e7\u0131karsa d\u00fc\u015fme riski o kadar artar. Ate\u015ften g\u00f6mlektir \u00fcst y\u00f6neticilik. Ofislerde mutlaka birileri birilerini \u00e7ok severken, baz\u0131lar\u0131 [&hellip;]<\/p>\n<!-- templates\/buttons-placeholder.php -->\n<div class=\"da-reactions-outer TpostID931\">\n\t    <div class=\"da-reactions-data da-reactions-container-async center\"\n         data-type=\"post\"\n         data-id=\"931\"\n         id=\"da-reactions-slot-post-931\">\n        <div class=\"da-reactions-static\">\n\t\t\t<img src=\"https:\/\/www.kariyer.net\/kariyer-rehberi\/wp-content\/plugins\/da-reactions\/assets\/dist\/loading.svg\" alt=\"Loading spinner\" width=\"48\" height=\"48\" style=\"width:48px\" \/>\n        <\/div>\n    <\/div>\n<\/div>\n","protected":false},"author":6,"featured_media":3762,"comment_status":"open","ping_status":"open","sticky":false,"template":"","format":"standard","meta":{"footnotes":"","_elementor_edit_mode":"","_elementor_template_type":"","_elementor_data":"","_elementor_page_settings":null,"_elementor_conditions":[]},"categories":[46,2211],"tags":[],"class_list":{"0":"post-931","1":"post","2":"type-post","3":"status-publish","4":"format-standard","5":"has-post-thumbnail","7":"category-is-hayati","8":"category-kariyer-gelisimi"},"yoast_head":"<!-- This site is optimized with the Yoast SEO Premium plugin v21.4 (Yoast SEO v27.0) - https:\/\/yoast.com\/product\/yoast-seo-premium-wordpress\/ -->\n<title>Terfiniz gizli bir tehdit olabilir mi? | Kariyer Rehberi<\/title>\n<meta name=\"description\" content=\"Yazar ve \u0130K Uzman\u0131 Mehmet Erkan\u00a0 \u00fcst y\u00f6neticili\u011fin nas\u0131l ate\u015ften bir g\u00f6mle\u011fe d\u00f6n\u00fc\u015febilece\u011fini k\u0131sa bir \u00f6yk\u00fcyle anlat\u0131yor. Daha \u00f6nceleri dalga ge\u00e7ilen\" \/>\n<meta name=\"robots\" content=\"index, follow, max-snippet:-1, max-image-preview:large, max-video-preview:-1\" \/>\n<link rel=\"canonical\" href=\"https:\/\/www.kariyer.net\/kariyer-rehberi\/terfiniz-gizli-bir-tehdit-olabilir-mi\/\" \/>\n<meta property=\"og:locale\" content=\"tr_TR\" \/>\n<meta property=\"og:type\" content=\"article\" \/>\n<meta property=\"og:title\" content=\"Terfiniz gizli bir tehdit olabilir mi?\" \/>\n<meta property=\"og:description\" content=\"Yazar ve \u0130K Uzman\u0131 Mehmet Erkan\u00a0 \u00fcst y\u00f6neticili\u011fin nas\u0131l ate\u015ften bir g\u00f6mle\u011fe d\u00f6n\u00fc\u015febilece\u011fini k\u0131sa bir \u00f6yk\u00fcyle anlat\u0131yor. Daha \u00f6nceleri dalga ge\u00e7ilen\" \/>\n<meta property=\"og:url\" content=\"https:\/\/www.kariyer.net\/kariyer-rehberi\/terfiniz-gizli-bir-tehdit-olabilir-mi\/\" \/>\n<meta property=\"og:site_name\" content=\"Kariyer Rehberi\" \/>\n<meta property=\"article:published_time\" content=\"2013-06-06T00:00:00+00:00\" \/>\n<meta property=\"article:modified_time\" content=\"2024-07-03T12:09:48+00:00\" \/>\n<meta property=\"og:image\" content=\"https:\/\/www.kariyer.net\/kariyer-rehberi\/wp-content\/uploads\/2013\/10\/merkan.jpg\" \/>\n\t<meta property=\"og:image:width\" content=\"600\" \/>\n\t<meta property=\"og:image:height\" content=\"300\" \/>\n\t<meta property=\"og:image:type\" content=\"image\/jpeg\" \/>\n<meta name=\"author\" content=\"Merve Tun\u00e7er\" \/>\n<meta name=\"twitter:card\" content=\"summary_large_image\" \/>\n<meta name=\"twitter:label1\" content=\"Yazan:\" \/>\n\t<meta name=\"twitter:data1\" content=\"Merve Tun\u00e7er\" \/>\n\t<meta name=\"twitter:label2\" content=\"Tahmini okuma s\u00fcresi\" \/>\n\t<meta name=\"twitter:data2\" content=\"4 dakika\" \/>\n<!-- \/ Yoast SEO Premium plugin. -->","yoast_head_json":{"title":"Terfiniz gizli bir tehdit olabilir mi? | Kariyer Rehberi","description":"Yazar ve \u0130K Uzman\u0131 Mehmet Erkan\u00a0 \u00fcst y\u00f6neticili\u011fin nas\u0131l ate\u015ften bir g\u00f6mle\u011fe d\u00f6n\u00fc\u015febilece\u011fini k\u0131sa bir \u00f6yk\u00fcyle anlat\u0131yor. Daha \u00f6nceleri dalga ge\u00e7ilen","robots":{"index":"index","follow":"follow","max-snippet":"max-snippet:-1","max-image-preview":"max-image-preview:large","max-video-preview":"max-video-preview:-1"},"canonical":"https:\/\/www.kariyer.net\/kariyer-rehberi\/terfiniz-gizli-bir-tehdit-olabilir-mi\/","og_locale":"tr_TR","og_type":"article","og_title":"Terfiniz gizli bir tehdit olabilir mi?","og_description":"Yazar ve \u0130K Uzman\u0131 Mehmet Erkan\u00a0 \u00fcst y\u00f6neticili\u011fin nas\u0131l ate\u015ften bir g\u00f6mle\u011fe d\u00f6n\u00fc\u015febilece\u011fini k\u0131sa bir \u00f6yk\u00fcyle anlat\u0131yor. Daha \u00f6nceleri dalga ge\u00e7ilen","og_url":"https:\/\/www.kariyer.net\/kariyer-rehberi\/terfiniz-gizli-bir-tehdit-olabilir-mi\/","og_site_name":"Kariyer Rehberi","article_published_time":"2013-06-06T00:00:00+00:00","article_modified_time":"2024-07-03T12:09:48+00:00","og_image":[{"width":600,"height":300,"url":"https:\/\/www.kariyer.net\/kariyer-rehberi\/wp-content\/uploads\/2013\/10\/merkan.jpg","type":"image\/jpeg"}],"author":"Merve Tun\u00e7er","twitter_card":"summary_large_image","twitter_misc":{"Yazan:":"Merve Tun\u00e7er","Tahmini okuma s\u00fcresi":"4 dakika"},"schema":{"@context":"https:\/\/schema.org","@graph":[{"@type":"Article","@id":"https:\/\/www.kariyer.net\/kariyer-rehberi\/terfiniz-gizli-bir-tehdit-olabilir-mi\/#article","isPartOf":{"@id":"https:\/\/www.kariyer.net\/kariyer-rehberi\/terfiniz-gizli-bir-tehdit-olabilir-mi\/"},"author":{"name":"Merve Tun\u00e7er","@id":"https:\/\/www.kariyer.net\/kariyer-rehberi\/#\/schema\/person\/0a1b137f53ff777a71394484346c28a1"},"headline":"Terfiniz gizli bir tehdit olabilir mi?","datePublished":"2013-06-06T00:00:00+00:00","dateModified":"2024-07-03T12:09:48+00:00","mainEntityOfPage":{"@id":"https:\/\/www.kariyer.net\/kariyer-rehberi\/terfiniz-gizli-bir-tehdit-olabilir-mi\/"},"wordCount":785,"commentCount":0,"publisher":{"@id":"https:\/\/www.kariyer.net\/kariyer-rehberi\/#organization"},"image":{"@id":"https:\/\/www.kariyer.net\/kariyer-rehberi\/terfiniz-gizli-bir-tehdit-olabilir-mi\/#primaryimage"},"thumbnailUrl":"https:\/\/www.kariyer.net\/kariyer-rehberi\/wp-content\/uploads\/2013\/10\/merkan.jpg","articleSection":["\u0130\u015f Hayat\u0131","Kariyer Geli\u015fimi"],"inLanguage":"tr","potentialAction":[{"@type":"CommentAction","name":"Comment","target":["https:\/\/www.kariyer.net\/kariyer-rehberi\/terfiniz-gizli-bir-tehdit-olabilir-mi\/#respond"]}]},{"@type":"WebPage","@id":"https:\/\/www.kariyer.net\/kariyer-rehberi\/terfiniz-gizli-bir-tehdit-olabilir-mi\/","url":"https:\/\/www.kariyer.net\/kariyer-rehberi\/terfiniz-gizli-bir-tehdit-olabilir-mi\/","name":"Terfiniz gizli bir tehdit olabilir mi? | Kariyer Rehberi","isPartOf":{"@id":"https:\/\/www.kariyer.net\/kariyer-rehberi\/#website"},"primaryImageOfPage":{"@id":"https:\/\/www.kariyer.net\/kariyer-rehberi\/terfiniz-gizli-bir-tehdit-olabilir-mi\/#primaryimage"},"image":{"@id":"https:\/\/www.kariyer.net\/kariyer-rehberi\/terfiniz-gizli-bir-tehdit-olabilir-mi\/#primaryimage"},"thumbnailUrl":"https:\/\/www.kariyer.net\/kariyer-rehberi\/wp-content\/uploads\/2013\/10\/merkan.jpg","datePublished":"2013-06-06T00:00:00+00:00","dateModified":"2024-07-03T12:09:48+00:00","description":"Yazar ve \u0130K Uzman\u0131 Mehmet Erkan\u00a0 \u00fcst y\u00f6neticili\u011fin nas\u0131l ate\u015ften bir g\u00f6mle\u011fe d\u00f6n\u00fc\u015febilece\u011fini k\u0131sa bir \u00f6yk\u00fcyle anlat\u0131yor. Daha \u00f6nceleri dalga ge\u00e7ilen","breadcrumb":{"@id":"https:\/\/www.kariyer.net\/kariyer-rehberi\/terfiniz-gizli-bir-tehdit-olabilir-mi\/#breadcrumb"},"inLanguage":"tr","potentialAction":[{"@type":"ReadAction","target":["https:\/\/www.kariyer.net\/kariyer-rehberi\/terfiniz-gizli-bir-tehdit-olabilir-mi\/"]}]},{"@type":"ImageObject","inLanguage":"tr","@id":"https:\/\/www.kariyer.net\/kariyer-rehberi\/terfiniz-gizli-bir-tehdit-olabilir-mi\/#primaryimage","url":"https:\/\/www.kariyer.net\/kariyer-rehberi\/wp-content\/uploads\/2013\/10\/merkan.jpg","contentUrl":"https:\/\/www.kariyer.net\/kariyer-rehberi\/wp-content\/uploads\/2013\/10\/merkan.jpg","width":600,"height":300},{"@type":"BreadcrumbList","@id":"https:\/\/www.kariyer.net\/kariyer-rehberi\/terfiniz-gizli-bir-tehdit-olabilir-mi\/#breadcrumb","itemListElement":[{"@type":"ListItem","position":1,"name":"Anasayfa","item":"https:\/\/www.kariyer.net\/kariyer-rehberi\/"},{"@type":"ListItem","position":2,"name":"Terfiniz gizli bir tehdit olabilir mi?"}]},{"@type":"WebSite","@id":"https:\/\/www.kariyer.net\/kariyer-rehberi\/#website","url":"https:\/\/www.kariyer.net\/kariyer-rehberi\/","name":"Kariyer Rehberi","description":"\u0130\u015f D\u00fcnyas\u0131yla \u0130lgili Bilmek \u0130stedi\u011finiz Her \u015eey","publisher":{"@id":"https:\/\/www.kariyer.net\/kariyer-rehberi\/#organization"},"potentialAction":[{"@type":"SearchAction","target":{"@type":"EntryPoint","urlTemplate":"https:\/\/www.kariyer.net\/kariyer-rehberi\/?s={search_term_string}"},"query-input":{"@type":"PropertyValueSpecification","valueRequired":true,"valueName":"search_term_string"}}],"inLanguage":"tr"},{"@type":"Organization","@id":"https:\/\/www.kariyer.net\/kariyer-rehberi\/#organization","name":"Kariyer.net","url":"https:\/\/www.kariyer.net\/kariyer-rehberi\/","logo":{"@type":"ImageObject","inLanguage":"tr","@id":"https:\/\/www.kariyer.net\/kariyer-rehberi\/#\/schema\/logo\/image\/","url":"https:\/\/www.kariyer.net\/kariyer-rehberi-new\/wp-content\/uploads\/2023\/01\/og-image11.jpg","contentUrl":"https:\/\/www.kariyer.net\/kariyer-rehberi-new\/wp-content\/uploads\/2023\/01\/og-image11.jpg","width":800,"height":800,"caption":"Kariyer.net"},"image":{"@id":"https:\/\/www.kariyer.net\/kariyer-rehberi\/#\/schema\/logo\/image\/"}},{"@type":"Person","@id":"https:\/\/www.kariyer.net\/kariyer-rehberi\/#\/schema\/person\/0a1b137f53ff777a71394484346c28a1","name":"Merve Tun\u00e7er","image":{"@type":"ImageObject","inLanguage":"tr","@id":"https:\/\/www.kariyer.net\/kariyer-rehberi\/#\/schema\/person\/image\/","url":"https:\/\/secure.gravatar.com\/avatar\/f901bc11e2b7a88ba6f6ba817ccc4d8f7782f16694472c26fd2664737093f4f2?s=96&d=mm&r=g","contentUrl":"https:\/\/secure.gravatar.com\/avatar\/f901bc11e2b7a88ba6f6ba817ccc4d8f7782f16694472c26fd2664737093f4f2?s=96&d=mm&r=g","caption":"Merve Tun\u00e7er"},"description":"Kad\u0131k\u00f6y Anadolu Lisesi\u2019nin ard\u0131ndan diplomat olma hayaliyle girdi\u011fi Marmara \u00dcniversitesi Frans\u0131zca Siyaset Bilimi ve Kamu Y\u00f6netimi B\u00f6l\u00fcm\u00fc\u2019nde e\u011fitimine devam ederken gazetecilik mesle\u011fine g\u00f6nl\u00fcn\u00fc kapt\u0131rd\u0131. \u201cT\u00fcrkiye\u2019de ve Fransa\u2019da Gazeteci Kimli\u011fi Sorunu\u201d konulu tezini yazarken \u00e7al\u0131\u015fmaya ba\u015flad\u0131\u011f\u0131 ajansta gazetecili\u011fe ad\u0131m att\u0131.","sameAs":["http:\/\/www.kariyer.net\/kariyer-rehberi\/merve-tuncer\/"],"url":"https:\/\/www.kariyer.net\/kariyer-rehberi\/author\/merve-tuncer\/"}]}},"_links":{"self":[{"href":"https:\/\/www.kariyer.net\/kariyer-rehberi\/wp-json\/wp\/v2\/posts\/931","targetHints":{"allow":["GET"]}}],"collection":[{"href":"https:\/\/www.kariyer.net\/kariyer-rehberi\/wp-json\/wp\/v2\/posts"}],"about":[{"href":"https:\/\/www.kariyer.net\/kariyer-rehberi\/wp-json\/wp\/v2\/types\/post"}],"author":[{"embeddable":true,"href":"https:\/\/www.kariyer.net\/kariyer-rehberi\/wp-json\/wp\/v2\/users\/6"}],"replies":[{"embeddable":true,"href":"https:\/\/www.kariyer.net\/kariyer-rehberi\/wp-json\/wp\/v2\/comments?post=931"}],"version-history":[{"count":1,"href":"https:\/\/www.kariyer.net\/kariyer-rehberi\/wp-json\/wp\/v2\/posts\/931\/revisions"}],"predecessor-version":[{"id":19301,"href":"https:\/\/www.kariyer.net\/kariyer-rehberi\/wp-json\/wp\/v2\/posts\/931\/revisions\/19301"}],"wp:featuredmedia":[{"embeddable":true,"href":"https:\/\/www.kariyer.net\/kariyer-rehberi\/wp-json\/wp\/v2\/media\/3762"}],"wp:attachment":[{"href":"https:\/\/www.kariyer.net\/kariyer-rehberi\/wp-json\/wp\/v2\/media?parent=931"}],"wp:term":[{"taxonomy":"category","embeddable":true,"href":"https:\/\/www.kariyer.net\/kariyer-rehberi\/wp-json\/wp\/v2\/categories?post=931"},{"taxonomy":"post_tag","embeddable":true,"href":"https:\/\/www.kariyer.net\/kariyer-rehberi\/wp-json\/wp\/v2\/tags?post=931"}],"curies":[{"name":"wp","href":"https:\/\/api.w.org\/{rel}","templated":true}]}}