{"id":933,"date":"2013-06-11T03:00:00","date_gmt":"2013-06-11T00:00:00","guid":{"rendered":"http:\/\/92.45.35.169\/calisanlar-nasil-bir-sirkette-calismak-istiyor\/"},"modified":"2017-08-21T17:26:42","modified_gmt":"2017-08-21T14:26:42","slug":"calisanlar-nasil-bir-sirkette-calismak-istiyor","status":"publish","type":"post","link":"https:\/\/www.kariyer.net\/kariyer-rehberi\/calisanlar-nasil-bir-sirkette-calismak-istiyor\/","title":{"rendered":"\u00c7al\u0131\u015fanlar nas\u0131l bir \u015firkette \u00e7al\u0131\u015fmak istiyor?"},"content":{"rendered":"<p><strong>Towers Watson K\u00fcresel Yetenek Y\u00f6netimi ve \u00d6d\u00fcl Ara\u015ft\u0131rmas\u0131 farkl\u0131 stratejik yakla\u015f\u0131ma sahip \u015firketlerin, yetenekleri \u00e7ekmek ve elde tutmak konusunda di\u011ferlerine g\u00f6re daha ba\u015far\u0131l\u0131 oldu\u011funu g\u00f6sterdi. Sonu\u00e7lara g\u00f6re, bu \u015firketler benzerlerine g\u00f6re \u00e7al\u0131\u015fanlar\u0131n\u0131 elde tutmada yedi kat daha ba\u015far\u0131l\u0131yken finansal performanslar\u0131 da \u00fc\u00e7 kat daha iyi.<\/strong><\/p>\n<p><img decoding=\"async\" style=\"width: 200px; height: 296px; margin: 10px; float: left;\" alt=\"\" src=\"http:\/\/img1.kariyer.net\/WebSite\/uploads\/KariyerRehberi\/pictures\/ARIF_GURDENLI_ic.JPG\" \/><\/p>\n<p>Rekabetin k\u00fcreselle\u015fti\u011fi g\u00fcn\u00fcm\u00fczde, organizasyonlar finansal ba\u015far\u0131lar\u0131n\u0131 s\u00fcrd\u00fcrmek i\u00e7in yetene\u011fi \u00e7ekecek, elde tutacak ve ba\u011fl\u0131l\u0131\u011f\u0131n\u0131 sa\u011flayacak bir strateji olu\u015fturmak zorunda. D\u00fcnya \u00e7ap\u0131nda 1605 \u015firketin kat\u0131ld\u0131\u011f\u0131 Towers Watson K\u00fcresel Yetenek Y\u00f6netimi ve \u00d6d\u00fcl Ara\u015ft\u0131rmas\u0131 da bu ihtiyac\u0131 ortaya koyuyor. Kat\u0131l\u0131mc\u0131lar\u0131n y\u00fczde 41\u2019i Asya Pasifik, y\u00fczde 26&#8217;s\u0131 Avrupa, Ortado\u011fu ve Afrika, y\u00fczde 32\u2019si ise Kuzey ve G\u00fcney Amerika&#8217;dan oldu. Pek \u00e7ok farkl\u0131 sekt\u00f6rden gelen kat\u0131l\u0131mc\u0131lar\u0131n \u00fc\u00e7te ikisi \u00e7ok uluslu firmalardan, geri kalan\u0131 ise yerel firmalardan geliyor. Kat\u0131l\u0131mc\u0131 i\u015fverenlerin ortalama istihdam b\u00fcy\u00fckl\u00fc\u011f\u00fc ise 19 bin \u00e7al\u0131\u015fan.<\/p>\n<p>Ara\u015ft\u0131rmada \u015firketlere i\u015fg\u00fcc\u00fc y\u00f6netimi ve \u00e7al\u0131\u015fan \u00f6d\u00fcllendirmeleri ile ilgili uygulamalar\u0131na ili\u015fkin sorular y\u00f6nlendirildi. \u015eirketler k\u00fcresel anlamda rekabet edebilirliklerini art\u0131rmak i\u00e7in ihtiya\u00e7 duyduklar\u0131 yetene\u011fe ve y\u00fcksek potansiyele sahip kritik i\u015fg\u00fcc\u00fcn\u00fc organizasyonlar\u0131na \u00e7ekmekte ve elde tutmakta zorland\u0131klar\u0131n\u0131 belirtiyor. Ara\u015ft\u0131rma sonu\u00e7lar\u0131, \u015firketlerin d\u00f6rtte \u00fc\u00e7\u00fcn\u00fcn kritik yeteneklere sahip i\u015fg\u00fcc\u00fcn\u00fc \u00e7ekmekte, yar\u0131s\u0131ndan fazlas\u0131n\u0131n ise elde tutmakta zorland\u0131\u011f\u0131n\u0131 ortaya \u00e7\u0131k\u0131yor.<\/p>\n<p><strong>Kritik fakt\u00f6rler \u00f6ne \u00e7\u0131k\u0131yor<\/strong><\/p>\n<p>Ara\u015ft\u0131rmada \u00f6ne \u00e7\u0131kan \u00e7\u00f6z\u00fcm ise \u00c7al\u0131\u015fan De\u011fer \u00d6nermesi ve Toplam \u00d6d\u00fcl yakla\u015f\u0131m\u0131. EVP\u2019nin i\u015fe al\u0131mda, \u00e7al\u0131\u015fanlar\u0131 \u00e7ekmede ve elde tutmada kritik bir fakt\u00f6r oldu\u011fu g\u00f6r\u00fcl\u00fcyor. EVP yakla\u015f\u0131m\u0131, \u00e7al\u0131\u015fan ve i\u015fverenin ihtiya\u00e7lar\u0131 aras\u0131nda denge sa\u011fl\u0131yor. Toplam \u00d6d\u00fcl Y\u00f6netimi stratejisini de i\u00e7eren bu yakla\u015f\u0131m iyi bir y\u00f6netim, e\u011fitim ve kariyer geli\u015fimi olanaklar\u0131, g\u00fc\u00e7l\u00fc bir itibar ve iyi bir \u00f6d\u00fcl paketine kar\u015f\u0131l\u0131k geliyor.\u00a0Bu yakla\u015f\u0131m, i\u015fvereni benzersiz ve farkl\u0131 k\u0131l\u0131yor ve \u00e7al\u0131\u015fana de\u011fer verdi\u011fi bir i\u015f imkan\u0131 sunuyor. Sonu\u00e7lara g\u00f6re, etkin bir EVP\u2019ye sahip \u015firketler benzerlerine g\u00f6re \u00e7al\u0131\u015fanlar\u0131n\u0131 elde tutmada 7 kat daha ba\u015far\u0131l\u0131yken finansal performanslar\u0131 da 3 kat daha iyi.<\/p>\n<p>&nbsp;<\/p>\n<p><strong>\u00d6l\u00e7me EVP etkinli\u011fini art\u0131r\u0131yor<\/strong><\/p>\n<p>Ara\u015ft\u0131rma sonu\u00e7lar\u0131, EVP etkinlikleri y\u00fcksek olan \u015firketlerin, d\u00fc\u015f\u00fck olanlara k\u0131yasla \u00f6l\u00e7me konusunda daha titiz ve dikkatli olduklar\u0131 g\u00f6r\u00fcl\u00fcyor. S\u00fcrd\u00fcr\u00fclen programlar\u0131n etkinli\u011finin \u00f6l\u00e7\u00fcm\u00fc \u015firketlerin EVP ve Toplam \u00d6d\u00fcl Y\u00f6netimi yakla\u015f\u0131m\u0131ndan ald\u0131klar\u0131 verimi art\u0131rmalar\u0131nda b\u00fcy\u00fck rol oynuyor. Programlar\u0131n etkinli\u011finin takibi i\u00e7in yap\u0131lan \u00f6l\u00e7\u00fcmler; kurumun uygulamakta oldu\u011fu programlar\u0131n ba\u015far\u0131s\u0131na y\u00f6nelik faydal\u0131 bilgiler sa\u011fl\u0131yor ve yap\u0131lmas\u0131 gereken de\u011fi\u015fiklikleri ortaya koyuyor.<\/p>\n<p>Ger\u00e7ekle\u015ftirilen \u00e7al\u0131\u015fma, ayn\u0131 zamanda iyi bir EVP ve Toplam \u00d6d\u00fcl Y\u00f6netimi stratejisinde ileti\u015fimin de \u00f6nemli bir bile\u015fen oldu\u011funu ama bu bile\u015fenin genellikle ihmal edildi\u011fini g\u00f6steriyor. \u015eirketlerin, EVP stratejilerinin a\u00e7\u0131k bir \u015fekilde ileti\u015fimini sa\u011flamas\u0131 ve t\u00fcm \u00e7al\u0131\u015fanlar\u0131 taraf\u0131ndan anla\u015f\u0131lmas\u0131n\u0131 sa\u011flamalar\u0131 gerekiyor. \u00c7al\u0131\u015fanlar, ancak Toplam \u00d6d\u00fcl Y\u00f6netimi\u2019nin i\u015fleyi\u015fini ve stratejisini anlad\u0131klar\u0131nda \u015firketin kendilerine sundu\u011fu de\u011feri takdir edebiliyorlar.<\/p>\n<p>&nbsp;<\/p>\n<p><strong>Arz-talep dengesi bozuluyor<\/strong><\/p>\n<p>\u201cAra\u015ft\u0131rma, \u00f6n\u00fcm\u00fczdeki 10 y\u0131ll\u0131k d\u00f6nemde i\u015fg\u00fcc\u00fc ve yetenek anlam\u0131nda arz-talep aras\u0131nda \u00e7ok \u00f6nemli bir bo\u015fluk olaca\u011f\u0131n\u0131 g\u00f6steriyor\u201d yorumunu yapan Towers Watson T\u00fcrkiye Yetenek Y\u00f6netimi ve \u00d6d\u00fcllendirme Direkt\u00f6r\u00fc Arif G\u00fcrdenli, Japonya\u2019da \u00f6n\u00fcm\u00fczdeki 10 y\u0131l i\u00e7inde yetenek a\u00e7\u0131\u011f\u0131n\u0131n y\u00fczde 20, ABD\u2019de de y\u00fczde 9 olmas\u0131n\u0131n beklendi\u011fine de\u011finiyor. \u201cT\u00fcrkiye\u2019de ise y\u00fczde 7\u2019den daha fazla bir oranda yetenek gereksinimi duyulacak\u201d diyen G\u00fcrdenli, \u015firketlerin artan bir bi\u00e7imde kendilerine uygun yetenekleri \u00e7ekmek anlam\u0131nda ger\u00e7ek bir rekabet i\u00e7ine gireceklerini iddia ediyor.<\/p>\n<p>\u00d6zellikle T\u00fcrkiye\u2019nin 2023\u2019e kadar d\u00fcnyan\u0131n en b\u00fcy\u00fck 10 ekonomisinden biri olma hedefi d\u00fc\u015f\u00fcn\u00fcld\u00fc\u011f\u00fcnde yetenek a\u00e7\u0131\u011f\u0131 \u015firketler ve i\u015f d\u00fcnyas\u0131 taraf\u0131ndan ele al\u0131nmas\u0131 gereken \u00f6nemli bir konu oldu\u011funa dikkat \u00e7eken G\u00fcrdenli, yetenek a\u00e7\u0131\u011f\u0131 ile ba\u015fa \u00e7\u0131kabilmek i\u00e7in geli\u015fmi\u015f \u00fclkelerde \u015firketler kendilerince baz\u0131 inisiyatifler ba\u015flatt\u0131klar\u0131n\u0131 s\u00f6yl\u00fcyor. G\u00fcrdenli, \u201cYapt\u0131klar\u0131 \u015feylerden biri emekli olmu\u015f ki\u015filerin i\u015fte bir s\u00fcre daha kalmalar\u0131n\u0131 ve \u00e7al\u0131\u015fmalar\u0131n\u0131 te\u015fvik etmek. \u00d6zellikle uzmanl\u0131k gerektiren i\u015f kollar\u0131nda, i\u015f hakk\u0131nda derin bilgi birikimine sahip ki\u015filerin emekli olmas\u0131 gerekli tedbirler al\u0131nmad\u0131\u011f\u0131nda b\u00fcy\u00fck bir s\u0131k\u0131nt\u0131 yaratabilir\u201d yorumunu yap\u0131yor. G\u00fcrdenli, di\u011fer bir \u00f6rne\u011fin ise ba\u015fka sebeplerden \u00f6t\u00fcr\u00fc i\u015fine ara vermi\u015f ki\u015filerin, \u00f6rne\u011fin annelerin belli programlar \u00e7er\u00e7evesinde yeniden i\u015fe d\u00f6n\u00fcp, \u00e7al\u0131\u015fmaya devam etmesinin sa\u011flanmas\u0131 oldu\u011funun alt\u0131n\u0131 \u00e7iziyor.<\/p>\n<p>&nbsp;<\/p>\n<p><strong>\u00c7al\u0131\u015fanlar nas\u0131l bir \u015firkette \u00e7al\u0131\u015fmak istiyor?<\/strong><\/p>\n<p style=\"margin-left: 36.0pt;\">\u00b7\u00a0\u00a0\u00a0\u00a0\u00a0\u00a0\u00a0\u00a0 \u00c7al\u0131\u015fanlar gelecekleri hakk\u0131nda onlara g\u00fcven veren ve kariyer geli\u015fimlerine olanak sa\u011flayan bir i\u015fyerinde \u00e7al\u0131\u015fmak istiyor. Ara\u015ft\u0131rmada bu e\u011filimin en belirgin g\u00f6stergelerinden biri ise emeklilik yan haklar\u0131n\u0131n \u00f6ne \u00e7\u0131kmas\u0131.<\/p>\n<p style=\"margin-left: 36.0pt;\">\u00b7\u00a0\u00a0\u00a0\u00a0\u00a0\u00a0\u00a0\u00a0 Organizasyonlar\u0131n \u00e7al\u0131\u015fanlar nezdinde yaratm\u0131\u015f olduklar\u0131 imaj, \u00e7al\u0131\u015fanlar\u0131 kuruma \u00e7ekmede en etkili ikinci unsur.<\/p>\n<p style=\"margin-left: 36.0pt;\">\u00b7\u00a0\u00a0\u00a0\u00a0\u00a0\u00a0\u00a0\u00a0 Gelece\u011fe y\u00f6nelik beklentilerinin kar\u015f\u0131lanmamas\u0131 ve g\u00fcndelik olarak i\u015f hayat\u0131 ile ilgili ya\u015fanan sorunlar bir \u00e7al\u0131\u015fan\u0131n \u015firketten ayr\u0131lmas\u0131nda belirleyici rol oynuyor.<\/p>\n<!-- templates\/buttons-placeholder.php -->\n<div class=\"da-reactions-outer TpostID933\">\n\t    <div class=\"da-reactions-data da-reactions-container-async center\"\n         data-type=\"post\"\n         data-id=\"933\"\n         id=\"da-reactions-slot-post-933\">\n        <div class=\"da-reactions-static\">\n\t\t\t<img src=\"https:\/\/www.kariyer.net\/kariyer-rehberi\/wp-content\/plugins\/da-reactions\/assets\/dist\/loading.svg\" alt=\"Loading spinner\" width=\"48\" height=\"48\" style=\"width:48px\" \/>\n        <\/div>\n    <\/div>\n<\/div>\n","protected":false},"excerpt":{"rendered":"<p>Towers Watson K\u00fcresel Yetenek Y\u00f6netimi ve \u00d6d\u00fcl Ara\u015ft\u0131rmas\u0131 farkl\u0131 stratejik yakla\u015f\u0131ma sahip \u015firketlerin, yetenekleri \u00e7ekmek ve elde tutmak konusunda di\u011ferlerine g\u00f6re daha ba\u015far\u0131l\u0131 oldu\u011funu g\u00f6sterdi. Sonu\u00e7lara g\u00f6re, bu \u015firketler benzerlerine g\u00f6re \u00e7al\u0131\u015fanlar\u0131n\u0131 elde tutmada yedi kat daha ba\u015far\u0131l\u0131yken finansal performanslar\u0131 da \u00fc\u00e7 kat daha iyi. Rekabetin k\u00fcreselle\u015fti\u011fi g\u00fcn\u00fcm\u00fczde, organizasyonlar finansal ba\u015far\u0131lar\u0131n\u0131 s\u00fcrd\u00fcrmek i\u00e7in yetene\u011fi \u00e7ekecek, [&hellip;]<\/p>\n<!-- templates\/buttons-placeholder.php -->\n<div class=\"da-reactions-outer TpostID933\">\n\t    <div class=\"da-reactions-data da-reactions-container-async center\"\n         data-type=\"post\"\n         data-id=\"933\"\n         id=\"da-reactions-slot-post-933\">\n        <div class=\"da-reactions-static\">\n\t\t\t<img src=\"https:\/\/www.kariyer.net\/kariyer-rehberi\/wp-content\/plugins\/da-reactions\/assets\/dist\/loading.svg\" alt=\"Loading spinner\" width=\"48\" height=\"48\" style=\"width:48px\" \/>\n        <\/div>\n    <\/div>\n<\/div>\n","protected":false},"author":6,"featured_media":4013,"comment_status":"open","ping_status":"open","sticky":false,"template":"","format":"standard","meta":{"footnotes":"","_elementor_edit_mode":"","_elementor_template_type":"","_elementor_data":"","_elementor_page_settings":null,"_elementor_conditions":[]},"categories":[46],"tags":[],"class_list":{"0":"post-933","1":"post","2":"type-post","3":"status-publish","4":"format-standard","5":"has-post-thumbnail","7":"category-is-hayati"},"yoast_head":"<!-- This site is optimized with the Yoast SEO Premium plugin v21.4 (Yoast SEO v27.0) - https:\/\/yoast.com\/product\/yoast-seo-premium-wordpress\/ -->\n<title>\u00c7al\u0131\u015fanlar nas\u0131l bir \u015firkette \u00e7al\u0131\u015fmak istiyor? | Kariyer Rehberi<\/title>\n<meta name=\"description\" content=\"Towers Watson K\u00fcresel Yetenek Y\u00f6netimi ve \u00d6d\u00fcl Ara\u015ft\u0131rmas\u0131 farkl\u0131 stratejik yakla\u015f\u0131ma sahip \u015firketlerin, yetenekleri \u00e7ekmek ve elde tutmak konusunda\" \/>\n<meta name=\"robots\" content=\"index, follow, max-snippet:-1, max-image-preview:large, max-video-preview:-1\" \/>\n<link rel=\"canonical\" href=\"https:\/\/www.kariyer.net\/kariyer-rehberi\/calisanlar-nasil-bir-sirkette-calismak-istiyor\/\" \/>\n<meta property=\"og:locale\" content=\"tr_TR\" \/>\n<meta property=\"og:type\" content=\"article\" \/>\n<meta property=\"og:title\" content=\"\u00c7al\u0131\u015fanlar nas\u0131l bir \u015firkette \u00e7al\u0131\u015fmak istiyor?\" \/>\n<meta property=\"og:description\" content=\"Towers Watson K\u00fcresel Yetenek Y\u00f6netimi ve \u00d6d\u00fcl Ara\u015ft\u0131rmas\u0131 farkl\u0131 stratejik yakla\u015f\u0131ma sahip \u015firketlerin, yetenekleri \u00e7ekmek ve elde tutmak konusunda\" \/>\n<meta property=\"og:url\" content=\"https:\/\/www.kariyer.net\/kariyer-rehberi\/calisanlar-nasil-bir-sirkette-calismak-istiyor\/\" \/>\n<meta property=\"og:site_name\" content=\"Kariyer Rehberi\" \/>\n<meta property=\"article:published_time\" content=\"2013-06-11T00:00:00+00:00\" \/>\n<meta property=\"article:modified_time\" content=\"2017-08-21T14:26:42+00:00\" \/>\n<meta property=\"og:image\" content=\"https:\/\/www.kariyer.net\/kariyer-rehberi\/wp-content\/uploads\/2013\/06\/Towers-Watson.jpg\" \/>\n\t<meta property=\"og:image:width\" content=\"600\" \/>\n\t<meta property=\"og:image:height\" content=\"300\" \/>\n\t<meta property=\"og:image:type\" content=\"image\/jpeg\" \/>\n<meta name=\"author\" content=\"Merve Tun\u00e7er\" \/>\n<meta name=\"twitter:card\" content=\"summary_large_image\" \/>\n<meta name=\"twitter:label1\" content=\"Yazan:\" \/>\n\t<meta name=\"twitter:data1\" content=\"Merve Tun\u00e7er\" \/>\n\t<meta name=\"twitter:label2\" content=\"Tahmini okuma s\u00fcresi\" \/>\n\t<meta name=\"twitter:data2\" content=\"5 dakika\" \/>\n<!-- \/ Yoast SEO Premium plugin. -->","yoast_head_json":{"title":"\u00c7al\u0131\u015fanlar nas\u0131l bir \u015firkette \u00e7al\u0131\u015fmak istiyor? | Kariyer Rehberi","description":"Towers Watson K\u00fcresel Yetenek Y\u00f6netimi ve \u00d6d\u00fcl Ara\u015ft\u0131rmas\u0131 farkl\u0131 stratejik yakla\u015f\u0131ma sahip \u015firketlerin, yetenekleri \u00e7ekmek ve elde tutmak konusunda","robots":{"index":"index","follow":"follow","max-snippet":"max-snippet:-1","max-image-preview":"max-image-preview:large","max-video-preview":"max-video-preview:-1"},"canonical":"https:\/\/www.kariyer.net\/kariyer-rehberi\/calisanlar-nasil-bir-sirkette-calismak-istiyor\/","og_locale":"tr_TR","og_type":"article","og_title":"\u00c7al\u0131\u015fanlar nas\u0131l bir \u015firkette \u00e7al\u0131\u015fmak istiyor?","og_description":"Towers Watson K\u00fcresel Yetenek Y\u00f6netimi ve \u00d6d\u00fcl Ara\u015ft\u0131rmas\u0131 farkl\u0131 stratejik yakla\u015f\u0131ma sahip \u015firketlerin, yetenekleri \u00e7ekmek ve elde tutmak konusunda","og_url":"https:\/\/www.kariyer.net\/kariyer-rehberi\/calisanlar-nasil-bir-sirkette-calismak-istiyor\/","og_site_name":"Kariyer Rehberi","article_published_time":"2013-06-11T00:00:00+00:00","article_modified_time":"2017-08-21T14:26:42+00:00","og_image":[{"width":600,"height":300,"url":"https:\/\/www.kariyer.net\/kariyer-rehberi\/wp-content\/uploads\/2013\/06\/Towers-Watson.jpg","type":"image\/jpeg"}],"author":"Merve Tun\u00e7er","twitter_card":"summary_large_image","twitter_misc":{"Yazan:":"Merve Tun\u00e7er","Tahmini okuma s\u00fcresi":"5 dakika"},"schema":{"@context":"https:\/\/schema.org","@graph":[{"@type":"Article","@id":"https:\/\/www.kariyer.net\/kariyer-rehberi\/calisanlar-nasil-bir-sirkette-calismak-istiyor\/#article","isPartOf":{"@id":"https:\/\/www.kariyer.net\/kariyer-rehberi\/calisanlar-nasil-bir-sirkette-calismak-istiyor\/"},"author":{"name":"Merve Tun\u00e7er","@id":"https:\/\/www.kariyer.net\/kariyer-rehberi\/#\/schema\/person\/0a1b137f53ff777a71394484346c28a1"},"headline":"\u00c7al\u0131\u015fanlar nas\u0131l bir \u015firkette \u00e7al\u0131\u015fmak istiyor?","datePublished":"2013-06-11T00:00:00+00:00","dateModified":"2017-08-21T14:26:42+00:00","mainEntityOfPage":{"@id":"https:\/\/www.kariyer.net\/kariyer-rehberi\/calisanlar-nasil-bir-sirkette-calismak-istiyor\/"},"wordCount":1010,"commentCount":0,"publisher":{"@id":"https:\/\/www.kariyer.net\/kariyer-rehberi\/#organization"},"image":{"@id":"https:\/\/www.kariyer.net\/kariyer-rehberi\/calisanlar-nasil-bir-sirkette-calismak-istiyor\/#primaryimage"},"thumbnailUrl":"https:\/\/www.kariyer.net\/kariyer-rehberi\/wp-content\/uploads\/2013\/06\/Towers-Watson.jpg","articleSection":["\u0130\u015f Hayat\u0131"],"inLanguage":"tr","potentialAction":[{"@type":"CommentAction","name":"Comment","target":["https:\/\/www.kariyer.net\/kariyer-rehberi\/calisanlar-nasil-bir-sirkette-calismak-istiyor\/#respond"]}]},{"@type":"WebPage","@id":"https:\/\/www.kariyer.net\/kariyer-rehberi\/calisanlar-nasil-bir-sirkette-calismak-istiyor\/","url":"https:\/\/www.kariyer.net\/kariyer-rehberi\/calisanlar-nasil-bir-sirkette-calismak-istiyor\/","name":"\u00c7al\u0131\u015fanlar nas\u0131l bir \u015firkette \u00e7al\u0131\u015fmak istiyor? | Kariyer Rehberi","isPartOf":{"@id":"https:\/\/www.kariyer.net\/kariyer-rehberi\/#website"},"primaryImageOfPage":{"@id":"https:\/\/www.kariyer.net\/kariyer-rehberi\/calisanlar-nasil-bir-sirkette-calismak-istiyor\/#primaryimage"},"image":{"@id":"https:\/\/www.kariyer.net\/kariyer-rehberi\/calisanlar-nasil-bir-sirkette-calismak-istiyor\/#primaryimage"},"thumbnailUrl":"https:\/\/www.kariyer.net\/kariyer-rehberi\/wp-content\/uploads\/2013\/06\/Towers-Watson.jpg","datePublished":"2013-06-11T00:00:00+00:00","dateModified":"2017-08-21T14:26:42+00:00","description":"Towers Watson K\u00fcresel Yetenek Y\u00f6netimi ve \u00d6d\u00fcl Ara\u015ft\u0131rmas\u0131 farkl\u0131 stratejik yakla\u015f\u0131ma sahip \u015firketlerin, yetenekleri \u00e7ekmek ve elde tutmak konusunda","breadcrumb":{"@id":"https:\/\/www.kariyer.net\/kariyer-rehberi\/calisanlar-nasil-bir-sirkette-calismak-istiyor\/#breadcrumb"},"inLanguage":"tr","potentialAction":[{"@type":"ReadAction","target":["https:\/\/www.kariyer.net\/kariyer-rehberi\/calisanlar-nasil-bir-sirkette-calismak-istiyor\/"]}]},{"@type":"ImageObject","inLanguage":"tr","@id":"https:\/\/www.kariyer.net\/kariyer-rehberi\/calisanlar-nasil-bir-sirkette-calismak-istiyor\/#primaryimage","url":"https:\/\/www.kariyer.net\/kariyer-rehberi\/wp-content\/uploads\/2013\/06\/Towers-Watson.jpg","contentUrl":"https:\/\/www.kariyer.net\/kariyer-rehberi\/wp-content\/uploads\/2013\/06\/Towers-Watson.jpg","width":600,"height":300},{"@type":"BreadcrumbList","@id":"https:\/\/www.kariyer.net\/kariyer-rehberi\/calisanlar-nasil-bir-sirkette-calismak-istiyor\/#breadcrumb","itemListElement":[{"@type":"ListItem","position":1,"name":"Anasayfa","item":"https:\/\/www.kariyer.net\/kariyer-rehberi\/"},{"@type":"ListItem","position":2,"name":"\u00c7al\u0131\u015fanlar nas\u0131l bir \u015firkette \u00e7al\u0131\u015fmak istiyor?"}]},{"@type":"WebSite","@id":"https:\/\/www.kariyer.net\/kariyer-rehberi\/#website","url":"https:\/\/www.kariyer.net\/kariyer-rehberi\/","name":"Kariyer Rehberi","description":"\u0130\u015f D\u00fcnyas\u0131yla \u0130lgili Bilmek \u0130stedi\u011finiz Her \u015eey","publisher":{"@id":"https:\/\/www.kariyer.net\/kariyer-rehberi\/#organization"},"potentialAction":[{"@type":"SearchAction","target":{"@type":"EntryPoint","urlTemplate":"https:\/\/www.kariyer.net\/kariyer-rehberi\/?s={search_term_string}"},"query-input":{"@type":"PropertyValueSpecification","valueRequired":true,"valueName":"search_term_string"}}],"inLanguage":"tr"},{"@type":"Organization","@id":"https:\/\/www.kariyer.net\/kariyer-rehberi\/#organization","name":"Kariyer.net","url":"https:\/\/www.kariyer.net\/kariyer-rehberi\/","logo":{"@type":"ImageObject","inLanguage":"tr","@id":"https:\/\/www.kariyer.net\/kariyer-rehberi\/#\/schema\/logo\/image\/","url":"https:\/\/www.kariyer.net\/kariyer-rehberi-new\/wp-content\/uploads\/2023\/01\/og-image11.jpg","contentUrl":"https:\/\/www.kariyer.net\/kariyer-rehberi-new\/wp-content\/uploads\/2023\/01\/og-image11.jpg","width":800,"height":800,"caption":"Kariyer.net"},"image":{"@id":"https:\/\/www.kariyer.net\/kariyer-rehberi\/#\/schema\/logo\/image\/"}},{"@type":"Person","@id":"https:\/\/www.kariyer.net\/kariyer-rehberi\/#\/schema\/person\/0a1b137f53ff777a71394484346c28a1","name":"Merve Tun\u00e7er","image":{"@type":"ImageObject","inLanguage":"tr","@id":"https:\/\/www.kariyer.net\/kariyer-rehberi\/#\/schema\/person\/image\/","url":"https:\/\/secure.gravatar.com\/avatar\/f901bc11e2b7a88ba6f6ba817ccc4d8f7782f16694472c26fd2664737093f4f2?s=96&d=mm&r=g","contentUrl":"https:\/\/secure.gravatar.com\/avatar\/f901bc11e2b7a88ba6f6ba817ccc4d8f7782f16694472c26fd2664737093f4f2?s=96&d=mm&r=g","caption":"Merve Tun\u00e7er"},"description":"Kad\u0131k\u00f6y Anadolu Lisesi\u2019nin ard\u0131ndan diplomat olma hayaliyle girdi\u011fi Marmara \u00dcniversitesi Frans\u0131zca Siyaset Bilimi ve Kamu Y\u00f6netimi B\u00f6l\u00fcm\u00fc\u2019nde e\u011fitimine devam ederken gazetecilik mesle\u011fine g\u00f6nl\u00fcn\u00fc kapt\u0131rd\u0131. \u201cT\u00fcrkiye\u2019de ve Fransa\u2019da Gazeteci Kimli\u011fi Sorunu\u201d konulu tezini yazarken \u00e7al\u0131\u015fmaya ba\u015flad\u0131\u011f\u0131 ajansta gazetecili\u011fe ad\u0131m att\u0131.","sameAs":["http:\/\/www.kariyer.net\/kariyer-rehberi\/merve-tuncer\/"],"url":"https:\/\/www.kariyer.net\/kariyer-rehberi\/author\/merve-tuncer\/"}]}},"_links":{"self":[{"href":"https:\/\/www.kariyer.net\/kariyer-rehberi\/wp-json\/wp\/v2\/posts\/933","targetHints":{"allow":["GET"]}}],"collection":[{"href":"https:\/\/www.kariyer.net\/kariyer-rehberi\/wp-json\/wp\/v2\/posts"}],"about":[{"href":"https:\/\/www.kariyer.net\/kariyer-rehberi\/wp-json\/wp\/v2\/types\/post"}],"author":[{"embeddable":true,"href":"https:\/\/www.kariyer.net\/kariyer-rehberi\/wp-json\/wp\/v2\/users\/6"}],"replies":[{"embeddable":true,"href":"https:\/\/www.kariyer.net\/kariyer-rehberi\/wp-json\/wp\/v2\/comments?post=933"}],"version-history":[{"count":0,"href":"https:\/\/www.kariyer.net\/kariyer-rehberi\/wp-json\/wp\/v2\/posts\/933\/revisions"}],"wp:featuredmedia":[{"embeddable":true,"href":"https:\/\/www.kariyer.net\/kariyer-rehberi\/wp-json\/wp\/v2\/media\/4013"}],"wp:attachment":[{"href":"https:\/\/www.kariyer.net\/kariyer-rehberi\/wp-json\/wp\/v2\/media?parent=933"}],"wp:term":[{"taxonomy":"category","embeddable":true,"href":"https:\/\/www.kariyer.net\/kariyer-rehberi\/wp-json\/wp\/v2\/categories?post=933"},{"taxonomy":"post_tag","embeddable":true,"href":"https:\/\/www.kariyer.net\/kariyer-rehberi\/wp-json\/wp\/v2\/tags?post=933"}],"curies":[{"name":"wp","href":"https:\/\/api.w.org\/{rel}","templated":true}]}}