{"id":938,"date":"2013-01-01T03:00:00","date_gmt":"2013-01-01T01:00:00","guid":{"rendered":"http:\/\/92.45.35.169\/novartisliler-carsamba-gunleri-evden-calisiyor\/"},"modified":"2024-07-03T15:04:47","modified_gmt":"2024-07-03T12:04:47","slug":"novartisliler-carsamba-gunleri-evden-calisiyor","status":"publish","type":"post","link":"https:\/\/www.kariyer.net\/kariyer-rehberi\/novartisliler-carsamba-gunleri-evden-calisiyor\/","title":{"rendered":"Novartisliler \u00e7ar\u015famba g\u00fcnleri evden \u00e7al\u0131\u015f\u0131yor"},"content":{"rendered":"<p><strong>1955\u2019ten bu yana T\u00fcrkiye\u2019deki faaliyetlerini s\u00fcrd\u00fcren Novartis, y\u00f6netim kurulunda y\u00fczde 63\u2019l\u00fck kad\u0131n \u00fcye oran\u0131yla dikkat \u00e7ekiyor. E\u015fitlik ilkesiyle hareket ettiklerini s\u00f6yleyen Novartis T\u00fcrkiye Kurumsal \u0130nsan Kaynaklar\u0131 Direkt\u00f6r\u00fc Dr. Senay K\u0131z\u0131lkaya \u00c7e\u015fitlilik ve Dahil Etme projelerinin \u00f6nemine de\u011finiyor.\u00a0\u00a0\u00a0 <\/strong><\/p>\n<p><img decoding=\"async\" style=\"width: 200px; height: 300px; margin: 10px; float: left;\" alt=\"\" src=\"http:\/\/img1.kariyer.net\/WebSite\/uploads\/KariyerRehberi\/pictures\/mercek_novartis_ic.jpg\" \/>Merkezi \u0130svi\u00e7re\u2019nin Basel kentinde bulunan Novartis ya\u015fam kalitesini art\u0131rmay\u0131 ve s\u00fcresini uzatmay\u0131 hedefleyen yenilik\u00e7i \u00fcr\u00fcnleri ke\u015ffetmek, geli\u015ftirmek ve t\u0131bb\u0131n hizmetine sunmak i\u00e7in faaliyet g\u00f6steriyor. Novartis Grubu firmalar\u0131 d\u00fcnya \u00e7ap\u0131nda 140 \u00fclkede faaliyet g\u00f6steriyor ve yakla\u015f\u0131k 128 bin ki\u015fiyi istihdam ediyor. T\u00fcrkiye\u2019de yakla\u015f\u0131k 2200 \u00e7al\u0131\u015fan\u0131 ile 1955\u2019ten bu yana \u00fcretim, pazarlama, ila\u00e7 Ar-Ge\u2019si alanlar\u0131nda faaliyetlerini y\u00fcr\u00fct\u00fcyor. Firma \u00e7al\u0131\u015fanlar\u0131n\u0131n yakla\u015f\u0131k y\u00fczde 40\u2019\u0131 kad\u0131n. Y\u00f6netim kurulunda kad\u0131n \u00fcye say\u0131s\u0131 ise y\u00fczde 63 gibi olduk\u00e7a y\u00fcksek bir orana sahip. \u201cNovartis olarak e\u015fitlik ilkesine b\u00fcy\u00fck \u00f6nem veriyoruz\u201d diyen Novartis T\u00fcrkiye Kurumsal \u0130nsan Kaynaklar\u0131 Direkt\u00f6r\u00fc Dr. Senay K\u0131z\u0131lkaya, uzun y\u0131llard\u0131r devam eden ve \u00e7al\u0131\u015fanlar aras\u0131nda din, dil, \u0131rk, cinsiyet ayr\u0131mc\u0131l\u0131\u011f\u0131 g\u00f6zetilmemesine b\u00fcy\u00fck \u00f6nem verdiklerinden bahsediyor.<\/p>\n<p>&nbsp;<\/p>\n<p><strong>\u00c7al\u0131\u015fma mekanlar\u0131n\u0131 \u00e7al\u0131\u015fanlar se\u00e7iyor<\/strong><\/p>\n<p>\u0130nsan haklar\u0131, \u00e7al\u0131\u015fma uygulamalar\u0131 ve \u00e7evre konular\u0131ndaki ilkeleri belirleyen Birle\u015fmi\u015f Milletler Evrensel S\u00f6zle\u015fmesi\u2019ni 1999 y\u0131l\u0131nda imzalayan ilk kurulu\u015flardan biriyiz. Bunun yan\u0131 s\u0131ra hem global hem de yerel olmak \u00fczere \u00e7ok say\u0131da sosyal sorumluluk projemiz bulunuyor. \u00c7al\u0131\u015fma Mekan\u0131n\u0131 Kendin Se\u00e7 uygulamam\u0131z kapsam\u0131nda; Novartis \u0130la\u00e7 T\u00fcrkiye Genel M\u00fcd\u00fcrl\u00fck \u00e7al\u0131\u015fanlar\u0131 her hafta \u00e7ar\u015famba g\u00fcnleri \u00e7al\u0131\u015fma mekanlar\u0131n\u0131 kendileri se\u00e7iyor. T\u00fcm fonksiyonlardaki \u00e7al\u0131\u015fanlar\u0131m\u0131z istisnas\u0131z bu uygulamaya dahiller. Saha ekiplerimiz i\u00e7in de tek bir mesai ba\u015flang\u0131\u00e7 saati ve biti\u015fi yok. O gruplarda da i\u015fin dinami\u011fine uygun olarak esnek \u00e7al\u0131\u015fmay\u0131 uyguluyoruz. Haftada bir g\u00fcn \u00e7al\u0131\u015fma mekan\u0131n\u0131 se\u00e7ebilme \u00f6zg\u00fcrl\u00fc\u011f\u00fc herkesin hayalini kurdu\u011fu ve bir s\u00fcredir kendi i\u00e7imizde konu\u015ftu\u011fumuz bir ba\u015fl\u0131kt\u0131. Dolay\u0131s\u0131yla bu uygulaman\u0131n bu kadar net ve y\u00f6netim deste\u011fiyle de hayata ge\u00e7mesi ve herkesi kapsamas\u0131 t\u00fcm ekibimizi \u00e7ok heyecanland\u0131rd\u0131.<\/p>\n<p>&nbsp;<\/p>\n<p><strong>Kad\u0131nlara \u00f6zel y\u00f6netici geli\u015ftirme program\u0131<\/strong><\/p>\n<p>Kad\u0131n \u00e7al\u0131\u015fanlar\u0131m\u0131za \u00f6zel y\u00f6netici geli\u015ftirme programlar\u0131m\u0131z da bulunuyor. Kad\u0131n y\u00f6netici say\u0131m\u0131z\u0131 global ve lokal olarak takip ediyoruz. Ge\u00e7en y\u0131l KAG\u0130DER ile birlikte FEM (F\u0131rsat E\u015fitli\u011fi Modeli) anla\u015fmas\u0131n\u0131 imzalad\u0131k. FEM modeli kapsam\u0131nda firmalar\u0131n ne kadar kad\u0131n \u00e7al\u0131\u015fan dostu oldu\u011fu tespit edilmeye \u00e7al\u0131\u015f\u0131l\u0131yor. Bu projeye ba\u015fvuran ve sertifika alan ilk 11 firmadan biriyiz. Proje kapsam\u0131nda ge\u00e7en y\u0131l yap\u0131lan denetimleri ba\u015far\u0131yla ge\u00e7erek kad\u0131n \u00e7al\u0131\u015fan dostu bir firma oldu\u011fumuza ili\u015fkin ve kad\u0131n \u00e7al\u0131\u015fanlar\u0131m\u0131za e\u015fit kariyer f\u0131rsatlar\u0131 sundu\u011fumuzun bir nevi akreditasyonu niteli\u011finde olan bu sertifikay\u0131 almak bizim i\u00e7in g\u00fczel bir te\u015fvik oldu.<\/p>\n<p>\u201c\u00c7e\u015fitlilik ve Dahil Etme\u201d konusunda \u00f6nc\u00fc yakla\u015f\u0131mlar\u0131m\u0131z\u0131 2004 y\u0131l\u0131ndan bu yana ba\u015far\u0131yla uyguluyoruz. \u201c\u00c7e\u015fitlilik ve Dahil Etme\u201d, kad\u0131n ve erkek dahiliyetinin g\u00fcndeme gelmesiyle birlikte ya\u015f, dil, jenerasyon, e\u011fitim gibi bir\u00e7ok fakt\u00f6r\u00fcn asl\u0131nda ne kadar karma olursa \u015firket sonu\u00e7lar\u0131 i\u00e7in o kadar iyi oldu\u011fu d\u00fc\u015f\u00fcncesinden hareketle ortaya \u00e7\u0131kan bir proje. Projeye ilk ba\u015fland\u0131\u011f\u0131nda Novartis\u2019in hangi konularda \u00e7e\u015fitlili\u011fe sahip olup olmad\u0131\u011f\u0131na bak\u0131ld\u0131. \u0130lk g\u00f6ze \u00e7arpan husus y\u00f6netim kurulu ve genel m\u00fcd\u00fcr gibi seviyelerde kad\u0131n \u00e7e\u015fitlili\u011finin neredeyse olmamas\u0131yd\u0131. B\u00f6ylece 2004 y\u0131l\u0131 itibariyle proje \u00fczerine daha da yo\u011funla\u015f\u0131ld\u0131. Bu kapsamda Genel M\u00fcd\u00fcr\u00fcm\u00fcz G\u00fcldem Berkman Global Novartis\u2019te ilk be\u015f kad\u0131n genel m\u00fcd\u00fcrden biri olarak Macaristan\u2019a atand\u0131. Biz de Novartis olarak farkl\u0131l\u0131klar\u0131n bize de\u011fer katt\u0131\u011f\u0131na \u00e7ok inan\u0131yor, \u00e7al\u0131\u015fan kad\u0131n y\u00f6neticileri destekliyor ve onlara y\u00f6nelik ko\u00e7luk programlar\u0131 uyguluyoruz.<\/p>\n<p>&nbsp;<\/p>\n<p><strong>\u00c7al\u0131\u015fan verimlili\u011fi artt\u0131<\/strong><\/p>\n<p>T\u00fcm \u00e7al\u0131\u015fmalar\u0131m\u0131zda \u00e7al\u0131\u015fanlar\u0131m\u0131z\u0131n g\u00f6r\u00fc\u015fleri ve beklentileri bizim i\u00e7in en \u00f6nemli konuyu te\u015fkil ediyor. Ekiplerimizi dinlemeye ve onlar\u0131n geri bildirimlerini do\u011fru bi\u00e7imde anlamaya ve uygulamaya almaya b\u00fcy\u00fck \u00f6zen g\u00f6steriyoruz. Burada sayd\u0131\u011f\u0131m\u0131z bir\u00e7ok aksiyon, \u00e7al\u0131\u015fanlar\u0131m\u0131zdan ald\u0131\u011f\u0131m\u0131z geri bildirimlerle \u015fekillendirildi. Ekiplerimizden ald\u0131\u011f\u0131m\u0131z geri bildirimleri uygulamaya yans\u0131tmak ger\u00e7ekten \u00e7ok \u00f6nemli. Ald\u0131\u011f\u0131m\u0131z aksiyonlar\u0131n \u00e7al\u0131\u015fanlar\u0131m\u0131z\u0131n memnuniyet ve ba\u011fl\u0131l\u0131\u011f\u0131n\u0131 artt\u0131\u011f\u0131n\u0131 g\u00f6zlemledik. T\u00fcm bunlar bize do\u011fru projelerle, do\u011fru yolda oldu\u011fumuzu g\u00f6steriyor.<\/p>\n<p>&nbsp;<\/p>\n<p><strong>Novartis felsefeleriyle hayata ge\u00e7en projeler<\/strong><\/p>\n<p style=\"margin-left: 53.25pt;\">\u00b7\u00a0\u00a0\u00a0\u00a0\u00a0\u00a0\u00a0\u00a0 Esnek \u00e7ar\u015famba &#8211; \u00c7al\u0131\u015fma Mekan\u0131n\u0131 Kendin Se\u00e7<\/p>\n<p style=\"margin-left: 53.25pt;\">\u00b7\u00a0\u00a0\u00a0\u00a0\u00a0\u00a0\u00a0\u00a0 Esnek mesai saatleri<\/p>\n<p style=\"margin-left: 53.25pt;\">\u00b7\u00a0\u00a0\u00a0\u00a0\u00a0\u00a0\u00a0\u00a0 Yazlar\u0131 cuma g\u00fcnleri erken paydos<\/p>\n<p style=\"margin-left: 53.25pt;\">\u00b7\u00a0\u00a0\u00a0\u00a0\u00a0\u00a0\u00a0\u00a0 Hobi kul\u00fcpleri, \u015firket i\u00e7i kuaf\u00f6r, toplu \u015firket indirimleri<\/p>\n<p style=\"margin-left: 53.25pt;\">\u00b7\u00a0\u00a0\u00a0\u00a0\u00a0\u00a0\u00a0\u00a0 \u00dccretsiz spor kul\u00fcb\u00fc \u00fcyeli\u011fi<\/p>\n<p style=\"margin-left: 53.25pt;\">\u00b7\u00a0\u00a0\u00a0\u00a0\u00a0\u00a0\u00a0\u00a0 \u00c7al\u0131\u015fan destek program\u0131<\/p>\n<p style=\"margin-left: 53.25pt;\">\u00b7\u00a0\u00a0\u00a0\u00a0\u00a0\u00a0\u00a0\u00a0 Okulun ilk g\u00fcn\u00fcnde \u00c7ocu\u011funun Yan\u0131nda Ol izni<\/p>\n<p style=\"margin-left: 53.25pt;\">\u00b7\u00a0\u00a0\u00a0\u00a0\u00a0\u00a0\u00a0\u00a0 E\u011fitim i\u00e7in toplu izin kullanma se\u00e7ene\u011fi<\/p>\n<p style=\"margin-left: 53.25pt;\">\u00b7\u00a0\u00a0\u00a0\u00a0\u00a0\u00a0\u00a0\u00a0 Sohbet toplant\u0131lar\u0131<\/p>\n<p style=\"margin-left: 53.25pt;\">\u00b7\u00a0\u00a0\u00a0\u00a0\u00a0\u00a0\u00a0\u00a0 Bilin\u00e7lendirme e\u011fitimleri<\/p>\n<p style=\"margin-left: 53.25pt;\">Novartis \u0130\u015f \u0130lanlar\u0131n\u0131 G\u00f6rmek \u0130\u00e7in T\u0131klay\u0131n\u0131z&#8230;<\/p>\n<p style=\"margin-left: 53.25pt;\"><a href=\"http:\/\/www.kariyer.net\/is-ilanlari\/novartis-saglik-gida-ve-tarim-urunleri-san-is-ilanlari\/1030\/325\/?a=2\">http:\/\/www.kariyer.net\/is-ilanlari\/novartis-saglik-gida-ve-tarim-urunleri-san-is-ilanlari\/1030\/325\/?a=2<\/a><\/p>\n<!-- templates\/buttons-placeholder.php -->\n<div class=\"da-reactions-outer TpostID938\">\n\t    <div class=\"da-reactions-data da-reactions-container-async center\"\n         data-type=\"post\"\n         data-id=\"938\"\n         id=\"da-reactions-slot-post-938\">\n        <div class=\"da-reactions-static\">\n\t\t\t<img src=\"https:\/\/www.kariyer.net\/kariyer-rehberi\/wp-content\/plugins\/da-reactions\/assets\/dist\/loading.svg\" alt=\"Loading spinner\" width=\"48\" height=\"48\" style=\"width:48px\" \/>\n        <\/div>\n    <\/div>\n<\/div>\n","protected":false},"excerpt":{"rendered":"<p>1955\u2019ten bu yana T\u00fcrkiye\u2019deki faaliyetlerini s\u00fcrd\u00fcren Novartis, y\u00f6netim kurulunda y\u00fczde 63\u2019l\u00fck kad\u0131n \u00fcye oran\u0131yla dikkat \u00e7ekiyor. E\u015fitlik ilkesiyle hareket ettiklerini s\u00f6yleyen Novartis T\u00fcrkiye Kurumsal \u0130nsan Kaynaklar\u0131 Direkt\u00f6r\u00fc Dr. Senay K\u0131z\u0131lkaya \u00c7e\u015fitlilik ve Dahil Etme projelerinin \u00f6nemine de\u011finiyor.\u00a0\u00a0\u00a0 Merkezi \u0130svi\u00e7re\u2019nin Basel kentinde bulunan Novartis ya\u015fam kalitesini art\u0131rmay\u0131 ve s\u00fcresini uzatmay\u0131 hedefleyen yenilik\u00e7i \u00fcr\u00fcnleri ke\u015ffetmek, geli\u015ftirmek ve [&hellip;]<\/p>\n<!-- templates\/buttons-placeholder.php -->\n<div class=\"da-reactions-outer TpostID938\">\n\t    <div class=\"da-reactions-data da-reactions-container-async center\"\n         data-type=\"post\"\n         data-id=\"938\"\n         id=\"da-reactions-slot-post-938\">\n        <div class=\"da-reactions-static\">\n\t\t\t<img src=\"https:\/\/www.kariyer.net\/kariyer-rehberi\/wp-content\/plugins\/da-reactions\/assets\/dist\/loading.svg\" alt=\"Loading spinner\" width=\"48\" height=\"48\" style=\"width:48px\" \/>\n        <\/div>\n    <\/div>\n<\/div>\n","protected":false},"author":6,"featured_media":4321,"comment_status":"open","ping_status":"open","sticky":false,"template":"","format":"standard","meta":{"footnotes":"","_elementor_edit_mode":"","_elementor_template_type":"","_elementor_data":"","_elementor_page_settings":null,"_elementor_conditions":[]},"categories":[46,2211],"tags":[],"class_list":{"0":"post-938","1":"post","2":"type-post","3":"status-publish","4":"format-standard","5":"has-post-thumbnail","7":"category-is-hayati","8":"category-kariyer-gelisimi"},"yoast_head":"<!-- This site is optimized with the Yoast SEO Premium plugin v21.4 (Yoast SEO v27.0) - https:\/\/yoast.com\/product\/yoast-seo-premium-wordpress\/ -->\n<title>Novartisliler \u00e7ar\u015famba g\u00fcnleri evden \u00e7al\u0131\u015f\u0131yor | Kariyer Rehberi<\/title>\n<meta name=\"description\" content=\"1955\u2019ten bu yana T\u00fcrkiye\u2019deki faaliyetlerini s\u00fcrd\u00fcren Novartis, y\u00f6netim kurulunda y\u00fczde 63\u2019l\u00fck kad\u0131n \u00fcye oran\u0131yla dikkat \u00e7ekiyor. E\u015fitlik ilkesiyle\" \/>\n<meta name=\"robots\" content=\"index, follow, max-snippet:-1, max-image-preview:large, max-video-preview:-1\" \/>\n<link rel=\"canonical\" href=\"https:\/\/www.kariyer.net\/kariyer-rehberi\/novartisliler-carsamba-gunleri-evden-calisiyor\/\" \/>\n<meta property=\"og:locale\" content=\"tr_TR\" \/>\n<meta property=\"og:type\" content=\"article\" \/>\n<meta property=\"og:title\" content=\"Novartisliler \u00e7ar\u015famba g\u00fcnleri evden \u00e7al\u0131\u015f\u0131yor\" \/>\n<meta property=\"og:description\" content=\"1955\u2019ten bu yana T\u00fcrkiye\u2019deki faaliyetlerini s\u00fcrd\u00fcren Novartis, y\u00f6netim kurulunda y\u00fczde 63\u2019l\u00fck kad\u0131n \u00fcye oran\u0131yla dikkat \u00e7ekiyor. E\u015fitlik ilkesiyle\" \/>\n<meta property=\"og:url\" content=\"https:\/\/www.kariyer.net\/kariyer-rehberi\/novartisliler-carsamba-gunleri-evden-calisiyor\/\" \/>\n<meta property=\"og:site_name\" content=\"Kariyer Rehberi\" \/>\n<meta property=\"article:published_time\" content=\"2013-01-01T01:00:00+00:00\" \/>\n<meta property=\"article:modified_time\" content=\"2024-07-03T12:04:47+00:00\" \/>\n<meta property=\"og:image\" content=\"https:\/\/www.kariyer.net\/kariyer-rehberi\/wp-content\/uploads\/2013\/07\/novartis.jpg\" \/>\n\t<meta property=\"og:image:width\" content=\"290\" \/>\n\t<meta property=\"og:image:height\" content=\"150\" \/>\n\t<meta property=\"og:image:type\" content=\"image\/jpeg\" \/>\n<meta name=\"author\" content=\"Merve Tun\u00e7er\" \/>\n<meta name=\"twitter:card\" content=\"summary_large_image\" \/>\n<meta name=\"twitter:label1\" content=\"Yazan:\" \/>\n\t<meta name=\"twitter:data1\" content=\"Merve Tun\u00e7er\" \/>\n\t<meta name=\"twitter:label2\" content=\"Tahmini okuma s\u00fcresi\" \/>\n\t<meta name=\"twitter:data2\" content=\"5 dakika\" \/>\n<!-- \/ Yoast SEO Premium plugin. -->","yoast_head_json":{"title":"Novartisliler \u00e7ar\u015famba g\u00fcnleri evden \u00e7al\u0131\u015f\u0131yor | Kariyer Rehberi","description":"1955\u2019ten bu yana T\u00fcrkiye\u2019deki faaliyetlerini s\u00fcrd\u00fcren Novartis, y\u00f6netim kurulunda y\u00fczde 63\u2019l\u00fck kad\u0131n \u00fcye oran\u0131yla dikkat \u00e7ekiyor. E\u015fitlik ilkesiyle","robots":{"index":"index","follow":"follow","max-snippet":"max-snippet:-1","max-image-preview":"max-image-preview:large","max-video-preview":"max-video-preview:-1"},"canonical":"https:\/\/www.kariyer.net\/kariyer-rehberi\/novartisliler-carsamba-gunleri-evden-calisiyor\/","og_locale":"tr_TR","og_type":"article","og_title":"Novartisliler \u00e7ar\u015famba g\u00fcnleri evden \u00e7al\u0131\u015f\u0131yor","og_description":"1955\u2019ten bu yana T\u00fcrkiye\u2019deki faaliyetlerini s\u00fcrd\u00fcren Novartis, y\u00f6netim kurulunda y\u00fczde 63\u2019l\u00fck kad\u0131n \u00fcye oran\u0131yla dikkat \u00e7ekiyor. E\u015fitlik ilkesiyle","og_url":"https:\/\/www.kariyer.net\/kariyer-rehberi\/novartisliler-carsamba-gunleri-evden-calisiyor\/","og_site_name":"Kariyer Rehberi","article_published_time":"2013-01-01T01:00:00+00:00","article_modified_time":"2024-07-03T12:04:47+00:00","og_image":[{"width":290,"height":150,"url":"https:\/\/www.kariyer.net\/kariyer-rehberi\/wp-content\/uploads\/2013\/07\/novartis.jpg","type":"image\/jpeg"}],"author":"Merve Tun\u00e7er","twitter_card":"summary_large_image","twitter_misc":{"Yazan:":"Merve Tun\u00e7er","Tahmini okuma s\u00fcresi":"5 dakika"},"schema":{"@context":"https:\/\/schema.org","@graph":[{"@type":"Article","@id":"https:\/\/www.kariyer.net\/kariyer-rehberi\/novartisliler-carsamba-gunleri-evden-calisiyor\/#article","isPartOf":{"@id":"https:\/\/www.kariyer.net\/kariyer-rehberi\/novartisliler-carsamba-gunleri-evden-calisiyor\/"},"author":{"name":"Merve Tun\u00e7er","@id":"https:\/\/www.kariyer.net\/kariyer-rehberi\/#\/schema\/person\/0a1b137f53ff777a71394484346c28a1"},"headline":"Novartisliler \u00e7ar\u015famba g\u00fcnleri evden \u00e7al\u0131\u015f\u0131yor","datePublished":"2013-01-01T01:00:00+00:00","dateModified":"2024-07-03T12:04:47+00:00","mainEntityOfPage":{"@id":"https:\/\/www.kariyer.net\/kariyer-rehberi\/novartisliler-carsamba-gunleri-evden-calisiyor\/"},"wordCount":939,"commentCount":0,"publisher":{"@id":"https:\/\/www.kariyer.net\/kariyer-rehberi\/#organization"},"image":{"@id":"https:\/\/www.kariyer.net\/kariyer-rehberi\/novartisliler-carsamba-gunleri-evden-calisiyor\/#primaryimage"},"thumbnailUrl":"https:\/\/www.kariyer.net\/kariyer-rehberi\/wp-content\/uploads\/2013\/07\/novartis.jpg","articleSection":["\u0130\u015f Hayat\u0131","Kariyer Geli\u015fimi"],"inLanguage":"tr","potentialAction":[{"@type":"CommentAction","name":"Comment","target":["https:\/\/www.kariyer.net\/kariyer-rehberi\/novartisliler-carsamba-gunleri-evden-calisiyor\/#respond"]}]},{"@type":"WebPage","@id":"https:\/\/www.kariyer.net\/kariyer-rehberi\/novartisliler-carsamba-gunleri-evden-calisiyor\/","url":"https:\/\/www.kariyer.net\/kariyer-rehberi\/novartisliler-carsamba-gunleri-evden-calisiyor\/","name":"Novartisliler \u00e7ar\u015famba g\u00fcnleri evden \u00e7al\u0131\u015f\u0131yor | Kariyer Rehberi","isPartOf":{"@id":"https:\/\/www.kariyer.net\/kariyer-rehberi\/#website"},"primaryImageOfPage":{"@id":"https:\/\/www.kariyer.net\/kariyer-rehberi\/novartisliler-carsamba-gunleri-evden-calisiyor\/#primaryimage"},"image":{"@id":"https:\/\/www.kariyer.net\/kariyer-rehberi\/novartisliler-carsamba-gunleri-evden-calisiyor\/#primaryimage"},"thumbnailUrl":"https:\/\/www.kariyer.net\/kariyer-rehberi\/wp-content\/uploads\/2013\/07\/novartis.jpg","datePublished":"2013-01-01T01:00:00+00:00","dateModified":"2024-07-03T12:04:47+00:00","description":"1955\u2019ten bu yana T\u00fcrkiye\u2019deki faaliyetlerini s\u00fcrd\u00fcren Novartis, y\u00f6netim kurulunda y\u00fczde 63\u2019l\u00fck kad\u0131n \u00fcye oran\u0131yla dikkat \u00e7ekiyor. E\u015fitlik ilkesiyle","breadcrumb":{"@id":"https:\/\/www.kariyer.net\/kariyer-rehberi\/novartisliler-carsamba-gunleri-evden-calisiyor\/#breadcrumb"},"inLanguage":"tr","potentialAction":[{"@type":"ReadAction","target":["https:\/\/www.kariyer.net\/kariyer-rehberi\/novartisliler-carsamba-gunleri-evden-calisiyor\/"]}]},{"@type":"ImageObject","inLanguage":"tr","@id":"https:\/\/www.kariyer.net\/kariyer-rehberi\/novartisliler-carsamba-gunleri-evden-calisiyor\/#primaryimage","url":"https:\/\/www.kariyer.net\/kariyer-rehberi\/wp-content\/uploads\/2013\/07\/novartis.jpg","contentUrl":"https:\/\/www.kariyer.net\/kariyer-rehberi\/wp-content\/uploads\/2013\/07\/novartis.jpg","width":290,"height":150},{"@type":"BreadcrumbList","@id":"https:\/\/www.kariyer.net\/kariyer-rehberi\/novartisliler-carsamba-gunleri-evden-calisiyor\/#breadcrumb","itemListElement":[{"@type":"ListItem","position":1,"name":"Anasayfa","item":"https:\/\/www.kariyer.net\/kariyer-rehberi\/"},{"@type":"ListItem","position":2,"name":"Novartisliler \u00e7ar\u015famba g\u00fcnleri evden \u00e7al\u0131\u015f\u0131yor"}]},{"@type":"WebSite","@id":"https:\/\/www.kariyer.net\/kariyer-rehberi\/#website","url":"https:\/\/www.kariyer.net\/kariyer-rehberi\/","name":"Kariyer Rehberi","description":"\u0130\u015f D\u00fcnyas\u0131yla \u0130lgili Bilmek \u0130stedi\u011finiz Her \u015eey","publisher":{"@id":"https:\/\/www.kariyer.net\/kariyer-rehberi\/#organization"},"potentialAction":[{"@type":"SearchAction","target":{"@type":"EntryPoint","urlTemplate":"https:\/\/www.kariyer.net\/kariyer-rehberi\/?s={search_term_string}"},"query-input":{"@type":"PropertyValueSpecification","valueRequired":true,"valueName":"search_term_string"}}],"inLanguage":"tr"},{"@type":"Organization","@id":"https:\/\/www.kariyer.net\/kariyer-rehberi\/#organization","name":"Kariyer.net","url":"https:\/\/www.kariyer.net\/kariyer-rehberi\/","logo":{"@type":"ImageObject","inLanguage":"tr","@id":"https:\/\/www.kariyer.net\/kariyer-rehberi\/#\/schema\/logo\/image\/","url":"https:\/\/www.kariyer.net\/kariyer-rehberi-new\/wp-content\/uploads\/2023\/01\/og-image11.jpg","contentUrl":"https:\/\/www.kariyer.net\/kariyer-rehberi-new\/wp-content\/uploads\/2023\/01\/og-image11.jpg","width":800,"height":800,"caption":"Kariyer.net"},"image":{"@id":"https:\/\/www.kariyer.net\/kariyer-rehberi\/#\/schema\/logo\/image\/"}},{"@type":"Person","@id":"https:\/\/www.kariyer.net\/kariyer-rehberi\/#\/schema\/person\/0a1b137f53ff777a71394484346c28a1","name":"Merve Tun\u00e7er","image":{"@type":"ImageObject","inLanguage":"tr","@id":"https:\/\/www.kariyer.net\/kariyer-rehberi\/#\/schema\/person\/image\/","url":"https:\/\/secure.gravatar.com\/avatar\/f901bc11e2b7a88ba6f6ba817ccc4d8f7782f16694472c26fd2664737093f4f2?s=96&d=mm&r=g","contentUrl":"https:\/\/secure.gravatar.com\/avatar\/f901bc11e2b7a88ba6f6ba817ccc4d8f7782f16694472c26fd2664737093f4f2?s=96&d=mm&r=g","caption":"Merve Tun\u00e7er"},"description":"Kad\u0131k\u00f6y Anadolu Lisesi\u2019nin ard\u0131ndan diplomat olma hayaliyle girdi\u011fi Marmara \u00dcniversitesi Frans\u0131zca Siyaset Bilimi ve Kamu Y\u00f6netimi B\u00f6l\u00fcm\u00fc\u2019nde e\u011fitimine devam ederken gazetecilik mesle\u011fine g\u00f6nl\u00fcn\u00fc kapt\u0131rd\u0131. \u201cT\u00fcrkiye\u2019de ve Fransa\u2019da Gazeteci Kimli\u011fi Sorunu\u201d konulu tezini yazarken \u00e7al\u0131\u015fmaya ba\u015flad\u0131\u011f\u0131 ajansta gazetecili\u011fe ad\u0131m att\u0131.","sameAs":["http:\/\/www.kariyer.net\/kariyer-rehberi\/merve-tuncer\/"],"url":"https:\/\/www.kariyer.net\/kariyer-rehberi\/author\/merve-tuncer\/"}]}},"_links":{"self":[{"href":"https:\/\/www.kariyer.net\/kariyer-rehberi\/wp-json\/wp\/v2\/posts\/938","targetHints":{"allow":["GET"]}}],"collection":[{"href":"https:\/\/www.kariyer.net\/kariyer-rehberi\/wp-json\/wp\/v2\/posts"}],"about":[{"href":"https:\/\/www.kariyer.net\/kariyer-rehberi\/wp-json\/wp\/v2\/types\/post"}],"author":[{"embeddable":true,"href":"https:\/\/www.kariyer.net\/kariyer-rehberi\/wp-json\/wp\/v2\/users\/6"}],"replies":[{"embeddable":true,"href":"https:\/\/www.kariyer.net\/kariyer-rehberi\/wp-json\/wp\/v2\/comments?post=938"}],"version-history":[{"count":1,"href":"https:\/\/www.kariyer.net\/kariyer-rehberi\/wp-json\/wp\/v2\/posts\/938\/revisions"}],"predecessor-version":[{"id":19054,"href":"https:\/\/www.kariyer.net\/kariyer-rehberi\/wp-json\/wp\/v2\/posts\/938\/revisions\/19054"}],"wp:featuredmedia":[{"embeddable":true,"href":"https:\/\/www.kariyer.net\/kariyer-rehberi\/wp-json\/wp\/v2\/media\/4321"}],"wp:attachment":[{"href":"https:\/\/www.kariyer.net\/kariyer-rehberi\/wp-json\/wp\/v2\/media?parent=938"}],"wp:term":[{"taxonomy":"category","embeddable":true,"href":"https:\/\/www.kariyer.net\/kariyer-rehberi\/wp-json\/wp\/v2\/categories?post=938"},{"taxonomy":"post_tag","embeddable":true,"href":"https:\/\/www.kariyer.net\/kariyer-rehberi\/wp-json\/wp\/v2\/tags?post=938"}],"curies":[{"name":"wp","href":"https:\/\/api.w.org\/{rel}","templated":true}]}}