{"id":945,"date":"2013-10-07T03:00:00","date_gmt":"2013-10-07T00:00:00","guid":{"rendered":"http:\/\/92.45.35.169\/en-iyi-isverenlerden-mukemmel-isyeri-kulturune-yolculugun-sirlari\/"},"modified":"2024-07-03T14:52:48","modified_gmt":"2024-07-03T11:52:48","slug":"en-iyi-isverenlerden-mukemmel-isyeri-kulturune-yolculugun-sirlari","status":"publish","type":"post","link":"https:\/\/www.kariyer.net\/kariyer-rehberi\/en-iyi-isverenlerden-mukemmel-isyeri-kulturune-yolculugun-sirlari\/","title":{"rendered":"En iyi i\u015fverenlerden m\u00fckemmel i\u015fyeri k\u00fclt\u00fcr\u00fcne yolculu\u011fun s\u0131rlar\u0131"},"content":{"rendered":"<p>Great Place to Work\u00ae Enstit\u00fcs\u00fc taraf\u0131ndan her y\u0131l d\u00fczenli olarak farkl\u0131 konseptler de ger\u00e7ekle\u015ftirilecek olan HR Leader Breakfast etkinli\u011fi bu y\u0131l 25 Eyl\u00fcl 2013 Tarihinde \u0130stanbul Edition Otel de \u00fclkemizin \u00f6nemli \u015firketlerinden \u0130K \u00fcst y\u00f6netiminde g\u00f6rev alan toplam 140 kat\u0131l\u0131mc\u0131 ile 2. ya\u015f\u0131n\u0131 kutlad\u0131.<\/p>\n<p>Great Place to Work\u00ae Enstit\u00fcs\u00fcn\u00fcn faaliyette bulundu\u011fu t\u00fcm \u00fclkelerde ger\u00e7ekle\u015ftirdi\u011fi\u00a0 ve global olarak \u00f6nemli bir sayg\u0131nl\u0131\u011fa sahip olan En \u0130yi i\u015fverenler ara\u015ft\u0131rmas\u0131 , 2013 y\u0131l\u0131nda ilk kez T\u00fcrkiye de D\u00fczenlenmi\u015fti . 2013 y\u0131l\u0131nda d\u00fczenlenen T\u00fcrkiye\u2019nin En \u0130yi \u0130\u015fverenleri\u00a0 yar\u0131\u015fmas\u0131n\u0131n ard\u0131ndan, En \u0130yi \u0130\u015fverenler listesinde yer alan \u015firketlerin s\u00fcre\u00e7 i\u00e7erisindeki deneyimleri, uygulamalar\u0131 ve politikalar\u0131n\u0131 t\u00fcm kat\u0131l\u0131mc\u0131lar ile payla\u015fma f\u0131rsat\u0131 elde etti\u011fi etkinlik , kat\u0131l\u0131mc\u0131lar\u0131na En iyi i\u015fverenlerden m\u00fckemmel i\u015fyeri k\u00fclt\u00fcr\u00fcne yolculu\u011fun s\u0131rlar\u0131 hakk\u0131nda \u00f6nemli ba\u015fl\u0131klar sundu.<\/p>\n<p><img decoding=\"async\" style=\"width: 283px; height: 200px; margin: 10px; float: left;\" alt=\"\" src=\"http:\/\/img1.kariyer.net\/WebSite\/uploads\/KariyerRehberi\/pictures\/gptw_ic.jpg\" \/><\/p>\n<p><strong>En iyi i\u015fverenlerden m\u00fckemmel i\u015fyeri k\u00fclt\u00fcr\u00fcne yolculu\u011fun s\u0131rlar\u0131<\/strong><\/p>\n<p>ATOS, PEPS\u0130CO, BOYNER HOLD\u0130NG, BURSAGAZ ve MERCEDES-BENZ F\u0130NANSMAN T\u00dcRK A.\u015e \u2018nin konu\u015fmac\u0131 olarak yer ald\u0131\u011f\u0131 etkinlik de \u015firketlerin \u0130nsan kaynaklar\u0131 alan\u0131nda ger\u00e7ekle\u015ftirdikleri \u00f6zel uygulamalar ve \u00e7al\u0131\u015fmalar\u0131 hakk\u0131nda pek \u00e7ok \u00f6nemli detay\u0131 i\u00e7eren sunumlar\u0131 kat\u0131l\u0131mc\u0131lar taraf\u0131ndan b\u00fcy\u00fck ilgi ve be\u011feni toplad\u0131.<\/p>\n<p>&nbsp;<\/p>\n<p><strong>ATOS T\u00dcRK\u0130YE<\/strong><\/p>\n<p><strong>501 ve \u00fczeri \u00e7al\u0131\u015fan say\u0131s\u0131na sahip \u015firketler kategorisi 2.si<\/strong><\/p>\n<p><strong>Orhan akbulut<\/strong><\/p>\n<p><strong>Atos T\u00fcrkiye Y\u00f6netim Kurulu Ba\u015fkan\u0131 \/ CEO <\/strong><\/p>\n<p>Atos olarak en \u00f6nemli rekabet g\u00fcc\u00fcm\u00fcz \u00e7al\u0131\u015fanlar\u0131m\u0131z; biz \u00e7al\u0131\u015fanlar\u0131na ve ancak onlarla b\u00fcy\u00fcyece\u011fine inanan bir \u015firketiz. Hedefimiz T\u00fcrkiye\u2019de en \u00e7ok \u00e7al\u0131\u015f\u0131lmak istenen firmalardan biri olmak. Bu do\u011frultuda \u00f6zellikle Y ku\u015fa\u011f\u0131na hitap eden farkl\u0131 insan kaynaklar\u0131 uygulamalar\u0131na imza atmaya devam ediyoruz. Bu konuda d\u00fcnya \u00e7ap\u0131nda en prestijli ve kabul g\u00f6rm\u00fc\u015f \u201cGreat Place to Work\u00ae Ensit\u00fcs\u00fc taraf\u0131ndan ilk kez \u00fclkemizde d\u00fczenlenen T\u00fcrkiye\u2019nin En \u0130yi \u0130\u015fverenleri yar\u0131\u015fmas\u0131nda, \u201c500 \u00e7al\u0131\u015fan ve \u00fcst\u00fc b\u00fcy\u00fck i\u015fletmeler\u201d kategorisinde, Atos T\u00fcrkiye olarak 2\u2019incili\u011fi elde etmi\u015f olmam\u0131z, bizi \u00e7ok sevindirdi ve onurland\u0131rd\u0131. Atos\u2019un t\u00fcm d\u00fcnyada y\u00fcr\u00fctt\u00fc\u011f\u00fc \u201cwellbeing at work\u201d (\u0130\u015fyerinde mutluluk) program\u0131n\u0131n T\u00fcrkiye\u2019de bu \u00f6d\u00fcl\u00fc kazanmam\u0131zda b\u00fcy\u00fck rol\u00fc bulunuyor. Biz bu program kapsam\u0131nda, \u00e7al\u0131\u015fanlar\u0131m\u0131z i\u00e7in i\u015fle \u00f6zel hayat aras\u0131ndaki dengeyi sa\u011flamay\u0131, onlar\u0131n memnuniyetini ve sadakatini art\u0131rmay\u0131 hedefliyoruz. \u201cGreat Place To Work\u00ae\u201d yar\u0131\u015fmas\u0131nda elde etti\u011fimiz ba\u015far\u0131 ise bu programla do\u011fru yolda oldu\u011fumuzu g\u00f6zler \u00f6n\u00fcne seriyor.<\/p>\n<p>&nbsp;<\/p>\n<p>&nbsp;<\/p>\n<p><strong>PEPS\u0130CO <\/strong><\/p>\n<p><strong>501 ve \u00fczeri \u00e7al\u0131\u015fan say\u0131s\u0131na sahip \u015firketler kategorisi 3.s\u00fc<\/strong><\/p>\n<p><strong>\u0130rem \u00d6nal <\/strong><\/p>\n<p><strong>Sat\u0131\u015f ve Sat\u0131\u015f geli\u015ftirme \u0130K M\u00fcd\u00fcr\u00fc<\/strong><\/p>\n<p>T\u00fcrkiye\u2019nin En \u0130yi \u0130\u015fverenleri 2013 ara\u015ft\u0131rmas\u0131 kapsam\u0131nda \u2018\u2019 Great Place to Work\u00ae\u00a0 anketine kat\u0131larak hem \u00e7al\u0131\u015fanlar\u0131m\u0131z\u0131n \u015firketimiz hakk\u0131ndaki de\u011ferlendirmelerini ve fikirlerini alm\u0131\u015f olduk, hem de bir i\u015fveren olarak her ge\u00e7en g\u00fcn daha da rekabet\u00e7i hale gelen i\u015f d\u00fcnyas\u0131nda bir i\u015fveren olarak nas\u0131l alg\u0131land\u0131\u011fm\u0131z\u0131 kar\u015f\u0131la\u015ft\u0131rmal\u0131 olarak \u00f6\u011frenme \u015fans\u0131n\u0131 yakalad\u0131k. Ald\u0131\u011f\u0131m\u0131z detay raporda, Great Place to Work\u00ae enstit\u00fcs\u00fcn\u00fcn sundu\u011fu yarat\u0131c\u0131 fikir ve \u00f6neriler de daha da iyi bir i\u015fveren olma yolundaki aksiyonlar\u0131m\u0131za \u0131\u015f\u0131k tuttu.<\/p>\n<p><strong>BURSAGAZ A.\u015e <\/strong><\/p>\n<p><strong>50-500 \u00e7al\u0131\u015fan say\u0131s\u0131na sahip \u015firketler kategorisi 3.s\u00fc \/ Avrupa\u2019n\u0131n En \u0130yi \u0130\u015fverenleri 2013 yar\u0131\u015fmas\u0131 49.su<\/strong><\/p>\n<p><strong>Tu\u011f\u00e7e Balaras\u0131<\/strong><\/p>\n<p><strong>Y\u00f6netim Sistemleri Birim Y\u00f6neticisi<\/strong><\/p>\n<p>Great Place to Work\u00ae gibi sayg\u0131n bir enstit\u00fcn\u00fcn ara\u015ft\u0131rma \u00e7al\u0131\u015fmas\u0131na kat\u0131lmak son derece heyecan vericiydi, \u00fclkemize bu ara\u015ft\u0131rman\u0131n geli\u015fini Avrupa Kalite \u00f6d\u00fcll\u00fc bir \u015firket olarak d\u00f6rt g\u00f6zle bekliyorduk. En az elde etti\u011fimiz sonu\u00e7 kadar benchmark \u00e7al\u0131\u015fmalar\u0131nda ald\u0131\u011f\u0131m\u0131z geri bildirim de s\u00fcre\u00e7lerimizin iyile\u015ftirilmesine \u00f6nemli d\u00fczeyde katk\u0131 sa\u011flad\u0131. \u00dclkemizi Avrupa\u2019da temsil eden tek yerel \u015firket olmak bizler i\u00e7in gurur verici\u2026 Bu konuda Great Place to Work\u00ae Turkiye yetkililerinin destekleri, bizi s\u00fcrece y\u00f6nlendirmeleri ve uygulama alan\u0131ndaki tavsiyeleri daha etkin geri d\u00f6n\u00fc\u015fler almam\u0131z\u0131 sa\u011flad\u0131. G\u00fcn\u00fcm\u00fcz s\u00fcrd\u00fcr\u00fclebilirlik stratejilerini dikkate ald\u0131\u011f\u0131m\u0131zda hedefi zirveye y\u00f6neltmi\u015f \u015firketlerin mutlaka bu s\u00fcre\u00e7le tan\u0131\u015fmalar\u0131 gerekti\u011fine inan\u0131yorum.<\/p>\n<p><strong>BOYNER HOLD\u0130NG<\/strong><\/p>\n<p><strong>T\u00fcrkiye&#8217;nin En \u0130yi \u0130\u015fverenleri 2013 \u00d6d\u00fcl\u00fc \/ T\u00fcrkiye&#8217;nin En \u0130yi \u0130\u015fverenleri yar\u0131\u015fmas\u0131 &#8221;F\u0131rsat E\u015fitli\u011fi ve Kad\u0131nlar\u0131n Desteklenmesi&#8221; \u00d6zel \u00d6d\u00fcl\u00fc<\/strong><\/p>\n<p><strong>\u0130d\u0130L T\u00dcRKMENO\u011eLU<\/strong><\/p>\n<p><strong>\u0130K ve Kurumsal \u0130leti\u015fim Direkt\u00f6r\u00fc <\/strong><\/p>\n<p>Great Place to Work<sup>\u00ae<\/sup> gibi uluslararas\u0131 itibar\u0131 y\u00fcksek bir enstit\u00fc taraf\u0131ndan bu ara\u015ft\u0131rman\u0131n T\u00fcrkiye\u2019de d\u00fczenlenecek oldu\u011funu \u00f6\u011frendi\u011fimizde hi\u00e7 teredd\u00fct etmeden kat\u0131lmaya karar verdik. Sistemati\u011fini, \u00e7al\u0131\u015fanlara ula\u015fan dilini \u00f6zellikle be\u011fendik. \u00c7al\u0131\u015fanlar\u0131m\u0131z\u0131n g\u00f6r\u00fc\u015flerini ve yapt\u0131klar\u0131m\u0131z\u0131n de\u011ferlendirmesini Great Place to Work\u00ae ile birlikte izlemeye devam edece\u011fiz.<\/p>\n<!-- templates\/buttons-placeholder.php -->\n<div class=\"da-reactions-outer TpostID945\">\n\t    <div class=\"da-reactions-data da-reactions-container-async center\"\n         data-type=\"post\"\n         data-id=\"945\"\n         id=\"da-reactions-slot-post-945\">\n        <div class=\"da-reactions-static\">\n\t\t\t<img src=\"https:\/\/www.kariyer.net\/kariyer-rehberi\/wp-content\/plugins\/da-reactions\/assets\/dist\/loading.svg\" alt=\"Loading spinner\" width=\"48\" height=\"48\" style=\"width:48px\" \/>\n        <\/div>\n    <\/div>\n<\/div>\n","protected":false},"excerpt":{"rendered":"<p>Great Place to Work\u00ae Enstit\u00fcs\u00fc taraf\u0131ndan her y\u0131l d\u00fczenli olarak farkl\u0131 konseptler de ger\u00e7ekle\u015ftirilecek olan HR Leader Breakfast etkinli\u011fi bu y\u0131l 25 Eyl\u00fcl 2013 Tarihinde \u0130stanbul Edition Otel de \u00fclkemizin \u00f6nemli \u015firketlerinden \u0130K \u00fcst y\u00f6netiminde g\u00f6rev alan toplam 140 kat\u0131l\u0131mc\u0131 ile 2. ya\u015f\u0131n\u0131 kutlad\u0131. Great Place to Work\u00ae Enstit\u00fcs\u00fcn\u00fcn faaliyette bulundu\u011fu t\u00fcm \u00fclkelerde ger\u00e7ekle\u015ftirdi\u011fi\u00a0 ve [&hellip;]<\/p>\n<!-- templates\/buttons-placeholder.php -->\n<div class=\"da-reactions-outer TpostID945\">\n\t    <div class=\"da-reactions-data da-reactions-container-async center\"\n         data-type=\"post\"\n         data-id=\"945\"\n         id=\"da-reactions-slot-post-945\">\n        <div class=\"da-reactions-static\">\n\t\t\t<img src=\"https:\/\/www.kariyer.net\/kariyer-rehberi\/wp-content\/plugins\/da-reactions\/assets\/dist\/loading.svg\" alt=\"Loading spinner\" width=\"48\" height=\"48\" style=\"width:48px\" \/>\n        <\/div>\n    <\/div>\n<\/div>\n","protected":false},"author":6,"featured_media":3730,"comment_status":"open","ping_status":"open","sticky":false,"template":"","format":"standard","meta":{"footnotes":"","_elementor_edit_mode":"","_elementor_template_type":"","_elementor_data":"","_elementor_page_settings":null,"_elementor_conditions":[]},"categories":[2203],"tags":[],"class_list":{"0":"post-945","1":"post","2":"type-post","3":"status-publish","4":"format-standard","5":"has-post-thumbnail","7":"category-haberler-duyurular"},"yoast_head":"<!-- This site is optimized with the Yoast SEO Premium plugin v21.4 (Yoast SEO v27.0) - https:\/\/yoast.com\/product\/yoast-seo-premium-wordpress\/ -->\n<title>En iyi i\u015fverenlerden m\u00fckemmel i\u015fyeri k\u00fclt\u00fcr\u00fcne yolculu\u011fun s\u0131rlar\u0131 | Kariyer Rehberi<\/title>\n<meta name=\"description\" content=\"Great Place to Work\u00ae Enstit\u00fcs\u00fc taraf\u0131ndan her y\u0131l d\u00fczenli olarak farkl\u0131 konseptler de ger\u00e7ekle\u015ftirilecek olan HR Leader Breakfast etkinli\u011fi bu y\u0131l 25\" \/>\n<meta name=\"robots\" content=\"index, follow, max-snippet:-1, max-image-preview:large, max-video-preview:-1\" \/>\n<link rel=\"canonical\" href=\"https:\/\/www.kariyer.net\/kariyer-rehberi\/en-iyi-isverenlerden-mukemmel-isyeri-kulturune-yolculugun-sirlari\/\" \/>\n<meta property=\"og:locale\" content=\"tr_TR\" \/>\n<meta property=\"og:type\" content=\"article\" \/>\n<meta property=\"og:title\" content=\"En iyi i\u015fverenlerden m\u00fckemmel i\u015fyeri k\u00fclt\u00fcr\u00fcne yolculu\u011fun s\u0131rlar\u0131\" \/>\n<meta property=\"og:description\" content=\"Great Place to Work\u00ae Enstit\u00fcs\u00fc taraf\u0131ndan her y\u0131l d\u00fczenli olarak farkl\u0131 konseptler de ger\u00e7ekle\u015ftirilecek olan HR Leader Breakfast etkinli\u011fi bu y\u0131l 25\" \/>\n<meta property=\"og:url\" content=\"https:\/\/www.kariyer.net\/kariyer-rehberi\/en-iyi-isverenlerden-mukemmel-isyeri-kulturune-yolculugun-sirlari\/\" \/>\n<meta property=\"og:site_name\" content=\"Kariyer Rehberi\" \/>\n<meta property=\"article:published_time\" content=\"2013-10-07T00:00:00+00:00\" \/>\n<meta property=\"article:modified_time\" content=\"2024-07-03T11:52:48+00:00\" \/>\n<meta property=\"og:image\" content=\"https:\/\/www.kariyer.net\/kariyer-rehberi\/wp-content\/uploads\/2013\/10\/gptw_ic.jpg\" \/>\n\t<meta property=\"og:image:width\" content=\"283\" \/>\n\t<meta property=\"og:image:height\" content=\"200\" \/>\n\t<meta property=\"og:image:type\" content=\"image\/jpeg\" \/>\n<meta name=\"author\" content=\"Merve Tun\u00e7er\" \/>\n<meta name=\"twitter:card\" content=\"summary_large_image\" \/>\n<meta name=\"twitter:label1\" content=\"Yazan:\" \/>\n\t<meta name=\"twitter:data1\" content=\"Merve Tun\u00e7er\" \/>\n\t<meta name=\"twitter:label2\" content=\"Tahmini okuma s\u00fcresi\" \/>\n\t<meta name=\"twitter:data2\" content=\"4 dakika\" \/>\n<!-- \/ Yoast SEO Premium plugin. -->","yoast_head_json":{"title":"En iyi i\u015fverenlerden m\u00fckemmel i\u015fyeri k\u00fclt\u00fcr\u00fcne yolculu\u011fun s\u0131rlar\u0131 | Kariyer Rehberi","description":"Great Place to Work\u00ae Enstit\u00fcs\u00fc taraf\u0131ndan her y\u0131l d\u00fczenli olarak farkl\u0131 konseptler de ger\u00e7ekle\u015ftirilecek olan HR Leader Breakfast etkinli\u011fi bu y\u0131l 25","robots":{"index":"index","follow":"follow","max-snippet":"max-snippet:-1","max-image-preview":"max-image-preview:large","max-video-preview":"max-video-preview:-1"},"canonical":"https:\/\/www.kariyer.net\/kariyer-rehberi\/en-iyi-isverenlerden-mukemmel-isyeri-kulturune-yolculugun-sirlari\/","og_locale":"tr_TR","og_type":"article","og_title":"En iyi i\u015fverenlerden m\u00fckemmel i\u015fyeri k\u00fclt\u00fcr\u00fcne yolculu\u011fun s\u0131rlar\u0131","og_description":"Great Place to Work\u00ae Enstit\u00fcs\u00fc taraf\u0131ndan her y\u0131l d\u00fczenli olarak farkl\u0131 konseptler de ger\u00e7ekle\u015ftirilecek olan HR Leader Breakfast etkinli\u011fi bu y\u0131l 25","og_url":"https:\/\/www.kariyer.net\/kariyer-rehberi\/en-iyi-isverenlerden-mukemmel-isyeri-kulturune-yolculugun-sirlari\/","og_site_name":"Kariyer Rehberi","article_published_time":"2013-10-07T00:00:00+00:00","article_modified_time":"2024-07-03T11:52:48+00:00","og_image":[{"width":283,"height":200,"url":"https:\/\/www.kariyer.net\/kariyer-rehberi\/wp-content\/uploads\/2013\/10\/gptw_ic.jpg","type":"image\/jpeg"}],"author":"Merve Tun\u00e7er","twitter_card":"summary_large_image","twitter_misc":{"Yazan:":"Merve Tun\u00e7er","Tahmini okuma s\u00fcresi":"4 dakika"},"schema":{"@context":"https:\/\/schema.org","@graph":[{"@type":"Article","@id":"https:\/\/www.kariyer.net\/kariyer-rehberi\/en-iyi-isverenlerden-mukemmel-isyeri-kulturune-yolculugun-sirlari\/#article","isPartOf":{"@id":"https:\/\/www.kariyer.net\/kariyer-rehberi\/en-iyi-isverenlerden-mukemmel-isyeri-kulturune-yolculugun-sirlari\/"},"author":{"name":"Merve Tun\u00e7er","@id":"https:\/\/www.kariyer.net\/kariyer-rehberi\/#\/schema\/person\/0a1b137f53ff777a71394484346c28a1"},"headline":"En iyi i\u015fverenlerden m\u00fckemmel i\u015fyeri k\u00fclt\u00fcr\u00fcne yolculu\u011fun s\u0131rlar\u0131","datePublished":"2013-10-07T00:00:00+00:00","dateModified":"2024-07-03T11:52:48+00:00","mainEntityOfPage":{"@id":"https:\/\/www.kariyer.net\/kariyer-rehberi\/en-iyi-isverenlerden-mukemmel-isyeri-kulturune-yolculugun-sirlari\/"},"wordCount":916,"commentCount":0,"publisher":{"@id":"https:\/\/www.kariyer.net\/kariyer-rehberi\/#organization"},"image":{"@id":"https:\/\/www.kariyer.net\/kariyer-rehberi\/en-iyi-isverenlerden-mukemmel-isyeri-kulturune-yolculugun-sirlari\/#primaryimage"},"thumbnailUrl":"https:\/\/www.kariyer.net\/kariyer-rehberi\/wp-content\/uploads\/2013\/10\/gptw_ic.jpg","articleSection":["Haberler ve Duyurular"],"inLanguage":"tr","potentialAction":[{"@type":"CommentAction","name":"Comment","target":["https:\/\/www.kariyer.net\/kariyer-rehberi\/en-iyi-isverenlerden-mukemmel-isyeri-kulturune-yolculugun-sirlari\/#respond"]}]},{"@type":"WebPage","@id":"https:\/\/www.kariyer.net\/kariyer-rehberi\/en-iyi-isverenlerden-mukemmel-isyeri-kulturune-yolculugun-sirlari\/","url":"https:\/\/www.kariyer.net\/kariyer-rehberi\/en-iyi-isverenlerden-mukemmel-isyeri-kulturune-yolculugun-sirlari\/","name":"En iyi i\u015fverenlerden m\u00fckemmel i\u015fyeri k\u00fclt\u00fcr\u00fcne yolculu\u011fun s\u0131rlar\u0131 | Kariyer Rehberi","isPartOf":{"@id":"https:\/\/www.kariyer.net\/kariyer-rehberi\/#website"},"primaryImageOfPage":{"@id":"https:\/\/www.kariyer.net\/kariyer-rehberi\/en-iyi-isverenlerden-mukemmel-isyeri-kulturune-yolculugun-sirlari\/#primaryimage"},"image":{"@id":"https:\/\/www.kariyer.net\/kariyer-rehberi\/en-iyi-isverenlerden-mukemmel-isyeri-kulturune-yolculugun-sirlari\/#primaryimage"},"thumbnailUrl":"https:\/\/www.kariyer.net\/kariyer-rehberi\/wp-content\/uploads\/2013\/10\/gptw_ic.jpg","datePublished":"2013-10-07T00:00:00+00:00","dateModified":"2024-07-03T11:52:48+00:00","description":"Great Place to Work\u00ae Enstit\u00fcs\u00fc taraf\u0131ndan her y\u0131l d\u00fczenli olarak farkl\u0131 konseptler de ger\u00e7ekle\u015ftirilecek olan HR Leader Breakfast etkinli\u011fi bu y\u0131l 25","breadcrumb":{"@id":"https:\/\/www.kariyer.net\/kariyer-rehberi\/en-iyi-isverenlerden-mukemmel-isyeri-kulturune-yolculugun-sirlari\/#breadcrumb"},"inLanguage":"tr","potentialAction":[{"@type":"ReadAction","target":["https:\/\/www.kariyer.net\/kariyer-rehberi\/en-iyi-isverenlerden-mukemmel-isyeri-kulturune-yolculugun-sirlari\/"]}]},{"@type":"ImageObject","inLanguage":"tr","@id":"https:\/\/www.kariyer.net\/kariyer-rehberi\/en-iyi-isverenlerden-mukemmel-isyeri-kulturune-yolculugun-sirlari\/#primaryimage","url":"https:\/\/www.kariyer.net\/kariyer-rehberi\/wp-content\/uploads\/2013\/10\/gptw_ic.jpg","contentUrl":"https:\/\/www.kariyer.net\/kariyer-rehberi\/wp-content\/uploads\/2013\/10\/gptw_ic.jpg","width":283,"height":200},{"@type":"BreadcrumbList","@id":"https:\/\/www.kariyer.net\/kariyer-rehberi\/en-iyi-isverenlerden-mukemmel-isyeri-kulturune-yolculugun-sirlari\/#breadcrumb","itemListElement":[{"@type":"ListItem","position":1,"name":"Anasayfa","item":"https:\/\/www.kariyer.net\/kariyer-rehberi\/"},{"@type":"ListItem","position":2,"name":"En iyi i\u015fverenlerden m\u00fckemmel i\u015fyeri k\u00fclt\u00fcr\u00fcne yolculu\u011fun s\u0131rlar\u0131"}]},{"@type":"WebSite","@id":"https:\/\/www.kariyer.net\/kariyer-rehberi\/#website","url":"https:\/\/www.kariyer.net\/kariyer-rehberi\/","name":"Kariyer Rehberi","description":"\u0130\u015f D\u00fcnyas\u0131yla \u0130lgili Bilmek \u0130stedi\u011finiz Her \u015eey","publisher":{"@id":"https:\/\/www.kariyer.net\/kariyer-rehberi\/#organization"},"potentialAction":[{"@type":"SearchAction","target":{"@type":"EntryPoint","urlTemplate":"https:\/\/www.kariyer.net\/kariyer-rehberi\/?s={search_term_string}"},"query-input":{"@type":"PropertyValueSpecification","valueRequired":true,"valueName":"search_term_string"}}],"inLanguage":"tr"},{"@type":"Organization","@id":"https:\/\/www.kariyer.net\/kariyer-rehberi\/#organization","name":"Kariyer.net","url":"https:\/\/www.kariyer.net\/kariyer-rehberi\/","logo":{"@type":"ImageObject","inLanguage":"tr","@id":"https:\/\/www.kariyer.net\/kariyer-rehberi\/#\/schema\/logo\/image\/","url":"https:\/\/www.kariyer.net\/kariyer-rehberi-new\/wp-content\/uploads\/2023\/01\/og-image11.jpg","contentUrl":"https:\/\/www.kariyer.net\/kariyer-rehberi-new\/wp-content\/uploads\/2023\/01\/og-image11.jpg","width":800,"height":800,"caption":"Kariyer.net"},"image":{"@id":"https:\/\/www.kariyer.net\/kariyer-rehberi\/#\/schema\/logo\/image\/"}},{"@type":"Person","@id":"https:\/\/www.kariyer.net\/kariyer-rehberi\/#\/schema\/person\/0a1b137f53ff777a71394484346c28a1","name":"Merve Tun\u00e7er","image":{"@type":"ImageObject","inLanguage":"tr","@id":"https:\/\/www.kariyer.net\/kariyer-rehberi\/#\/schema\/person\/image\/","url":"https:\/\/secure.gravatar.com\/avatar\/f901bc11e2b7a88ba6f6ba817ccc4d8f7782f16694472c26fd2664737093f4f2?s=96&d=mm&r=g","contentUrl":"https:\/\/secure.gravatar.com\/avatar\/f901bc11e2b7a88ba6f6ba817ccc4d8f7782f16694472c26fd2664737093f4f2?s=96&d=mm&r=g","caption":"Merve Tun\u00e7er"},"description":"Kad\u0131k\u00f6y Anadolu Lisesi\u2019nin ard\u0131ndan diplomat olma hayaliyle girdi\u011fi Marmara \u00dcniversitesi Frans\u0131zca Siyaset Bilimi ve Kamu Y\u00f6netimi B\u00f6l\u00fcm\u00fc\u2019nde e\u011fitimine devam ederken gazetecilik mesle\u011fine g\u00f6nl\u00fcn\u00fc kapt\u0131rd\u0131. \u201cT\u00fcrkiye\u2019de ve Fransa\u2019da Gazeteci Kimli\u011fi Sorunu\u201d konulu tezini yazarken \u00e7al\u0131\u015fmaya ba\u015flad\u0131\u011f\u0131 ajansta gazetecili\u011fe ad\u0131m att\u0131.","sameAs":["http:\/\/www.kariyer.net\/kariyer-rehberi\/merve-tuncer\/"],"url":"https:\/\/www.kariyer.net\/kariyer-rehberi\/author\/merve-tuncer\/"}]}},"_links":{"self":[{"href":"https:\/\/www.kariyer.net\/kariyer-rehberi\/wp-json\/wp\/v2\/posts\/945","targetHints":{"allow":["GET"]}}],"collection":[{"href":"https:\/\/www.kariyer.net\/kariyer-rehberi\/wp-json\/wp\/v2\/posts"}],"about":[{"href":"https:\/\/www.kariyer.net\/kariyer-rehberi\/wp-json\/wp\/v2\/types\/post"}],"author":[{"embeddable":true,"href":"https:\/\/www.kariyer.net\/kariyer-rehberi\/wp-json\/wp\/v2\/users\/6"}],"replies":[{"embeddable":true,"href":"https:\/\/www.kariyer.net\/kariyer-rehberi\/wp-json\/wp\/v2\/comments?post=945"}],"version-history":[{"count":1,"href":"https:\/\/www.kariyer.net\/kariyer-rehberi\/wp-json\/wp\/v2\/posts\/945\/revisions"}],"predecessor-version":[{"id":18692,"href":"https:\/\/www.kariyer.net\/kariyer-rehberi\/wp-json\/wp\/v2\/posts\/945\/revisions\/18692"}],"wp:featuredmedia":[{"embeddable":true,"href":"https:\/\/www.kariyer.net\/kariyer-rehberi\/wp-json\/wp\/v2\/media\/3730"}],"wp:attachment":[{"href":"https:\/\/www.kariyer.net\/kariyer-rehberi\/wp-json\/wp\/v2\/media?parent=945"}],"wp:term":[{"taxonomy":"category","embeddable":true,"href":"https:\/\/www.kariyer.net\/kariyer-rehberi\/wp-json\/wp\/v2\/categories?post=945"},{"taxonomy":"post_tag","embeddable":true,"href":"https:\/\/www.kariyer.net\/kariyer-rehberi\/wp-json\/wp\/v2\/tags?post=945"}],"curies":[{"name":"wp","href":"https:\/\/api.w.org\/{rel}","templated":true}]}}