{"id":947,"date":"2013-10-08T03:00:00","date_gmt":"2013-10-08T00:00:00","guid":{"rendered":"http:\/\/92.45.35.169\/ogrenme-sureci-hic-bitmez\/"},"modified":"2024-07-03T14:56:09","modified_gmt":"2024-07-03T11:56:09","slug":"ogrenme-sureci-hic-bitmez","status":"publish","type":"post","link":"https:\/\/www.kariyer.net\/kariyer-rehberi\/ogrenme-sureci-hic-bitmez\/","title":{"rendered":"\u00d6\u011frenme s\u00fcreci hi\u00e7 bitmez"},"content":{"rendered":"<p><strong>Ayd\u0131nl\u0131 Grup Genel M\u00fcd\u00fcr\u00fc Osman \u015eent\u00fcrk\u2019\u00fcn perakende sekt\u00f6r\u00fcyle tan\u0131\u015fmas\u0131 e\u011fitim i\u00e7in gitti\u011fi Amerika\u2019da bir arkada\u015f\u0131yla T\u00fcrkiye\u2019den hal\u0131 getirtip satt\u0131\u011f\u0131 y\u0131llara dayan\u0131yor. \u015eent\u00fcrk, hangi pozisyon olursa olsun \u201cBilmiyorum\u201d kelimesinden korkmamak gerekti\u011fini s\u00f6yl\u00fcyor.<\/strong><\/p>\n<p><img decoding=\"async\" style=\"width: 200px; height: 300px; margin: 10px; float: left;\" src=\"http:\/\/img1.kariyer.net\/WebSite\/uploads\/KariyerRehberi\/pictures\/aydinli_ic.JPG\" alt=\"\" \/><\/p>\n<p>Memur bir baban\u0131n o\u011flu olarak 1973\u2019te \u0130zmit\u2019te d\u00fcnyaya gelen Osman \u015eent\u00fcrk, 1990\u2019da \u0130T\u00dc End\u00fcstri M\u00fchendisli\u011fi B\u00f6l\u00fcm\u00fc\u2019n\u00fc kazanm\u0131\u015f. Ayn\u0131 \u00fcniversitede master program\u0131na ba\u015flayan \u015eent\u00fcrk, eline ge\u00e7en bir Amerika f\u0131rsat\u0131n\u0131 de\u011ferlendirip hem dil \u00f6\u011frenmek hem de e\u011fitimine devam etmek i\u00e7in Missouri Columbia\u2019ya gitmi\u015f. \u015eent\u00fcrk, \u201cS\u0131n\u0131f arkada\u015flar\u0131m\u0131n \u00e7o\u011funlu\u011fu iki, \u00fc\u00e7 dil biliyorlard\u0131 oysa ben daha \u0130ngilizce bilmiyordum\u201d diyor.<\/p>\n<p>\u015eent\u00fcrk, mezun oldu\u011fu y\u0131l Amerika\u2019n\u0131n sayg\u0131n dan\u0131\u015fmanl\u0131k firmalar\u0131ndan birinde \u00e7al\u0131\u015fmaya ba\u015flam\u0131\u015f. Oradaki g\u00fcnleriyle ilgili \u015funlar\u0131 anlat\u0131yor: \u201cBu durum bana yeni bir kap\u0131 a\u00e7t\u0131 \u00e7\u00fcnk\u00fc hi\u00e7 al\u0131\u015fagelmedi\u011fim bir d\u00fcnyaya beni soktular. \u0130nsan \u00f6n\u00fcne neler \u00e7\u0131kabilece\u011fini hayal bile edemiyor.\u201d \u015eent\u00fcrk, bir y\u0131l kadar da kendi i\u015fini yapm\u0131\u015f, bir arkada\u015f\u0131yla T\u00fcrkiye\u2019den hal\u0131 getirtip Amerika\u2019da internetten satm\u0131\u015f.<\/p>\n<p>T\u00fcrkiye\u2019ye d\u00f6nd\u00fckten sonra 2005 y\u0131l\u0131na kadar bir un fabrikas\u0131nda \u00fcst d\u00fczey y\u00f6neticilik yapm\u0131\u015f. Perakende sekt\u00f6r\u00fcne LCWakiki\u2019de ad\u0131m atan \u015eent\u00fcrk, 2011 Haziran\u2019dan bu yana Ayd\u0131nl\u0131 Grup Genel M\u00fcd\u00fcr\u00fc olarak g\u00f6rev yap\u0131yor.<\/p>\n<p><strong>Perakendecilik alan\u0131nda profesyonel tecr\u00fcbeniz nas\u0131l ba\u015flad\u0131?<\/strong><\/p>\n<p>LCWakiki o zaman IT\u2019den, kalite g\u00fcvenceden ve \u0130K\u2019dan sorumlu genel m\u00fcd\u00fcr yard\u0131mc\u0131s\u0131 ar\u0131yordu. \u00c7ok ilgin\u00e7 gelmi\u015fti, \u00fc\u00e7\u00fcn\u00fc birden y\u00f6netecek ki\u015fi profili nas\u0131l bir profildir diye. \u015eu anda \u00fc\u00e7 pozisyonun bir arada olmas\u0131n\u0131 ben de \u00e7ok \u00f6nemsiyorum \u00e7\u00fcnk\u00fc belki de kariyerimde bu \u00fc\u00e7 pozisyonda devrald\u0131\u011f\u0131m sorumluluklarla ilgili ilerledi\u011fimi d\u00fc\u015f\u00fcn\u00fcyorum. Haziran 2011\u2019de ise Ayd\u0131nl\u0131 Grup\u2019taki g\u00f6revimi \u00fcstlendim.<\/p>\n<p><strong>Kariyer hayat\u0131n\u0131zda d\u00f6n\u00fcm noktas\u0131 dedi\u011finiz bir yer var m\u0131?<\/strong><\/p>\n<p>\u0130lki Amerika\u2019ya gidi\u015fimdir \u00e7\u00fcnk\u00fc hi\u00e7 hayal bile etmedi\u011fim bamba\u015fka bir ufuk a\u00e7t\u0131. \u00c7al\u0131\u015ft\u0131\u011f\u0131m dan\u0131\u015fmanl\u0131k \u015firketinde farkl\u0131 k\u00fclt\u00fcr din, dil, \u0131rklardan \u00e7al\u0131\u015fanlar\u0131n bir arada oldu\u011fu bir yap\u0131dayd\u0131k. K\u0131sacas\u0131 d\u00fcnyay\u0131 g\u00f6rme imkan\u0131m oldu. \u0130kincisi ise LCWaikiki\u2019de i\u015fe ba\u015flayarak perakende sekt\u00f6r\u00fcne ge\u00e7mem; \u00fc\u00e7\u00fcnc\u00fcs\u00fc ise Ayd\u0131nl\u0131\u2019d\u0131r. Evet, biz i\u015f yap\u0131yoruz, toplant\u0131 yap\u0131yoruz, ticari hayat i\u00e7erisindeyiz ama bunun hepsini temel insani de\u011ferlerimiz i\u00e7erisinde yapmak durumunday\u0131z. Bu \u015firkette herkes mutlu olmak zorunda. Mutlu olmazsa e\u011fer bir \u015feyleri yanl\u0131\u015f yapt\u0131\u011f\u0131m\u0131z\u0131 kabul ediyoruz.<\/p>\n<p><strong>\u0130\u015f hayat\u0131n\u0131zda kar\u015f\u0131la\u015ft\u0131\u011f\u0131n\u0131z zorluklar neler oldu?<\/strong><\/p>\n<p>Genellikle i\u015f hayat\u0131nda bence zorluk diye bir \u015fey yok. Biz zorluk \u00e7\u0131kart\u0131yoruz. Yani insanlar bilmedikleri \u015feyle stres ya\u015f\u0131yorlar. H\u00e2lbuki bilmedi\u011fini bilse ve \u201cben bunu bilmiyorum, bilen birine soraca\u011f\u0131m\u201d dese hi\u00e7 bu kadar zorluk ya\u015famaz. Bu kadar zorluk ya\u015famaz. Ben duygular\u0131ma kap\u0131l\u0131p verdi\u011fim kararlarda ve bilmedi\u011fim bir \u015feyde biliyormu\u015f gibi yapt\u0131\u011f\u0131m zaman zorluklar ya\u015fad\u0131m. Ne zaman istek, arzu ve gayretlerim bir h\u0131rsa d\u00f6n\u00fc\u015f\u00fcp ki\u015fisel bireyselle\u015fmeye g\u00f6t\u00fcrd\u00fcyse zorluk ya\u015fad\u0131m ama ne zaman tam tersi ki\u015fisel bir beklentinin d\u0131\u015f\u0131nda tamamen g\u00f6rev sorumlulu\u011fu azmiyle \u00e7al\u0131\u015ft\u0131m, o zaman rahat ettim.<\/p>\n<p><strong>Tekstilin \u201ct\u201dsini bilmiyordum<\/strong><\/p>\n<p><strong>\u201cSormak\u2019tan kormay\u0131n\u201d diyorsunuz\u2026<\/strong><\/p>\n<p>LCWaikiki\u2019ye ilk ba\u015flad\u0131\u011f\u0131m zamanlard\u0131 tekstilin \u2018t\u2019sini bilmiyordum. Her t\u00fcrl\u00fc detaya girip bu ne diye sorabildim. Zorluk \u00e7ekiyorsak hemen kendi kendimize \u015funlar\u0131 sormam\u0131z, d\u00fc\u015f\u00fcnmemiz laz\u0131m. Ben bir yerde hata m\u0131 yap\u0131yorum? Ben bu i\u015fte yetkin miyim, bu i\u015fi yapmaya \u00e7al\u0131\u015f\u0131yorum? Bilen birine sormad\u0131m, kapasitemden y\u00fcksek sorumluluklar \u00fcstlenmi\u015f olabilirim.<\/p>\n<p><strong>Kendinizi birka\u00e7 kelime ya da c\u00fcmleyle anlatman\u0131z\u0131 istesek nas\u0131l tan\u0131mlars\u0131n\u0131z?<\/strong><\/p>\n<p>Ki\u015fisel olarak herhalde \u00e7ok tez canl\u0131 diye tan\u0131mlar\u0131m. G\u00fcler y\u00fczl\u00fc oldu\u011fumu s\u00f6yleyebiliriz. Biraz duygusal yan\u0131m da var baz\u0131 konularda, bazen kendi kendime ya benim pozisyonumda bir insan\u0131n bu kadar detaylara girmemesi ve duygusal olmamas\u0131 laz\u0131m dedi\u011fim de oluyor. Genel m\u00fcd\u00fcrl\u00fck masas\u0131nda genel m\u00fcd\u00fcr a\u011flam\u0131\u015f m\u0131d\u0131r? Ben a\u011fl\u0131yorum bazen.<\/p>\n<p><strong>Karar verme s\u00fcrecinde nas\u0131l hareket ediyorsunuz?<\/strong><\/p>\n<p>Mant\u0131kla ve say\u0131larla karar vermeye \u00e7al\u0131\u015f\u0131yoruz ama vicdan\u0131m\u0131z\u0131 hep bir kontrol olarak kullan\u0131yoruz. Vicdan\u0131m\u0131z\u0131n s\u00fczgecine tak\u0131lan kararlarda da hemen isti\u015fare a\u00e7\u0131yoruz. Yan\u0131m\u0131zdaki, etraf\u0131m\u0131zdaki arkada\u015flara \u201cBen b\u00f6yle g\u00f6rd\u00fcm ama siz ne diyorsunuz?\u201d diye soruyoruz vicdan\u0131n\u0131z\u0131n s\u0131k\u0131nt\u0131 olu\u015fturdu\u011fu durumlarda. Ortak kararla hareket edince insan hi\u00e7 de\u011filse oradaki olas\u0131 sapma, hata yapma riskini minimuma indirmi\u015f oluyor.<\/p>\n<p><strong>\u0130K bir felsefedir<\/strong><\/p>\n<p><strong>Bir kurum i\u00e7in \u0130K\u2019n\u0131n \u00f6nemi nedir?<\/strong><\/p>\n<p>Kurumlardaki her y\u00f6neticinin kendini bir \u0130nsan Kaynaklar\u0131 uzman\u0131 g\u00f6rerek \u00e7al\u0131\u015fmas\u0131 gerekiyor. \u0130K sadece \u015firketin de\u011fil, departman\u0131n, birimin i\u015fi olarak bak\u0131lmamal\u0131. Ayr\u0131ca \u0130K\u2019n\u0131n rol\u00fc asl\u0131nda \u015firketteki bu faaliyetleri koordine eden, disipline eden, onu y\u00f6neten ve deneyim aktaran, metot \u00f6\u011freten bir departman olarak konumland\u0131r\u0131p \u015firketin i\u00e7erisindeki b\u00fct\u00fcn y\u00f6netime n\u00fcfus etmi\u015f bir yap\u0131da olmas\u0131 laz\u0131m. O y\u00fczden \u0130K\u2019y\u0131 ben ayr\u0131 bir departman gibi g\u00f6remiyorum. Ki\u015fiyi i\u015fe alan o, onun e\u011fitiminden sorumlu olan o, onun g\u00f6rev tan\u0131m\u0131n\u0131 kendisiyle payla\u015fan, \u00f6zl\u00fck haklar\u0131n\u0131 g\u00f6r\u00fc\u015fen, onunla anla\u015fan, yar\u0131n \u00f6b\u00fcr g\u00fcn onunla ilgili bir anla\u015fmazl\u0131k \u00e7\u0131kt\u0131\u011f\u0131nda \u00e7\u00f6z\u00fcm s\u00fcre\u00e7lerini y\u00f6neten, b\u00fct\u00fcn kariyer s\u00fcrecini y\u00f6neten, her \u015feyle sorumlu o. \u0130K bir felsefedir, bir departman\u0131n \u00e7ok daha \u00f6tesinde bir \u015fey ve hayat\u0131n, i\u015fin i\u00e7inde olmak zorunda. \u00c7\u00fcnk\u00fc \u015firketlerde insan esas zaten insan olmay\u0131nca ba\u015fka bir \u015fey yok, ondan sonras\u0131 zaten bo\u015f.<\/p>\n<p><strong>Sekt\u00f6rdeki \u00e7al\u0131\u015fanlar\u0131n s\u0131k\u0131nt\u0131lar\u0131 sizce neler? <\/strong><\/p>\n<p>Bu y\u0131l Amerikan Perakende Derne\u011fi 100. y\u0131l\u0131n\u0131 kutlad\u0131. T\u00fcrkiye\u2019den haz\u0131r giyim perakendecili\u011finin ge\u00e7mi\u015fi ise 25 &#8211; 30 y\u0131l\u0131 ge\u00e7miyor. Dolay\u0131s\u0131yla \u015firketler \u015fu anda kendi i\u00e7inde pozisyonlar\u0131 yeti\u015ftirmeye \u00e7al\u0131\u015f\u0131yor. En b\u00fcy\u00fck s\u0131k\u0131nt\u0131m\u0131z organize bir e\u011fitim modeli oturtamam\u0131\u015f olmas\u0131 ve \u00fcniversite birimleri, b\u00f6l\u00fcmleri kuramam\u0131\u015f olmam\u0131z. \u015eu anda Amerika\u2019dan gelmi\u015f Maria isminde bir stajyerimiz var. Amerika\u2019da \u00fcr\u00fcn y\u00f6netimi okuyor ve staj i\u00e7in \u015fu anda T\u00fcrkiye\u2019ye gelmi\u015f. T\u00fcrkiye\u2019de b\u00f6yle bir b\u00f6l\u00fcm\u00fcm\u00fcz yok. \u0130ki y\u0131ll\u0131k okulumuz bile yok. Sekt\u00f6rde b\u00fct\u00fcn \u0130nsan Kaynaklar\u0131 \u00e7al\u0131\u015fanlar\u0131 ma\u011faza y\u00f6neticili\u011fi ile ilgili, \u201cAdam\u0131m\u0131z yok, adam bulam\u0131yoruz, istedi\u011fimiz nitelikte de\u011fil\u201d \u015feklinde yak\u0131n\u0131yor. Her \u015firket kendi ya\u011f\u0131nda kavrulmaya \u00e7al\u0131\u015f\u0131yor. \u00d6rne\u011fin; tasar\u0131mc\u0131 var ama haz\u0131r giyim alan\u0131nda bilgisi yok. Bu nedenle bu bran\u015flarda e\u011fitim alan\u0131nda ciddi yat\u0131r\u0131mlara ihtiyac\u0131m\u0131z var.<\/p>\n<p><strong>\u00c7al\u0131\u015fanlar\u0131n\u0131za ne gibi kariyer f\u0131rsatlar\u0131 sunuyorsunuz?<\/strong><\/p>\n<p>\u00d6zellikle perakende sekt\u00f6r\u00fcnde faaliyet g\u00f6steren b\u00fcy\u00fck \u015firketlerde y\u00fckselme imkanlar\u0131 daha kolay oluyor. Firmam\u0131zda i\u015fe ba\u015flayan ki\u015finin \u00f6nce stajyerli\u011fe ba\u015flamas\u0131, sat\u0131\u015f temsilcisi, uzman sat\u0131\u015f dan\u0131\u015fman\u0131, reklam sat\u0131\u015f dan\u0131\u015fman\u0131, birinci m\u00fcd\u00fcr, ikinci m\u00fcd\u00fcr, b\u00f6lge m\u00fcd\u00fcr\u00fc, operasyon direkt\u00f6r\u00fc ve genel m\u00fcd\u00fcr yard\u0131mc\u0131l\u0131\u011f\u0131na kadar giden \u00e7ok ciddi bir kariyer yolu var. Elbette, her bir pozisyon baz\u0131nda e\u011fitimler, s\u0131navlar, sunumlar, belli hizmet \u015fartlar\u0131 var. Bu a\u015famalar\u0131 a\u015fan \u00e7al\u0131\u015fanlar\u0131m\u0131z\u0131n \u00f6n\u00fc \u00e7ok a\u00e7\u0131k.<\/p>\n<p><strong>Bo\u015f zamanlar\u0131n\u0131z\u0131 nas\u0131l de\u011ferlendiriyorsunuz? Hobiniz var m\u0131?<\/strong><\/p>\n<p>Bo\u015f zamanlar\u0131m maalesef olmuyor. Bir teknem vard\u0131 maalesef art\u0131k o kadar uzak kald\u0131m ki kullanamay\u0131nca art\u0131k bu y\u0131l satmaya karar verdim. \u00dczerimdeki sorumluluk \u00e7ok b\u00fcy\u00fck oldu\u011fu i\u00e7in sadece tatillerimizde gider gelir hale geldik. Denizde vakit ge\u00e7irmeyi seviyorum \u00e7\u00fcnk\u00fc kafam\u0131 bo\u015faltabiliyorum. \u0130nsan\u0131n kendisiyle ba\u015f ba\u015fa kalabilmesi zaman zaman kendisini dinleyebilmesi \u00e7ok \u00f6nemli. Yo\u011fun tempolarda bazen bu ihmal ediyoruz.<\/p>\n<p><strong>Ailenizle nas\u0131l vakit ge\u00e7iriyorsunuz?<\/strong><\/p>\n<p>Genellikle iki \u00e7ocu\u011fum ve e\u015fimle teknede\u2026 Bazen k\u0131z\u0131yorlar ve \u201cS\u00fcrekli tekneyle mi gezece\u011fiz?\u201d diyorlar. Evde oldu\u011fum zamanlar 9 ya\u015f\u0131ndaki o\u011flumla lego yap\u0131yoruz ve iPad\u2019te oyun oynuyoruz. K\u0131z\u0131m ise 15 ya\u015f\u0131nda, art\u0131k oturup sohbet ederek keyifli vakit ge\u00e7iriyoruz.<\/p>\n<!-- templates\/buttons-placeholder.php -->\n<div class=\"da-reactions-outer TpostID947\">\n\t    <div class=\"da-reactions-data da-reactions-container-async center\"\n         data-type=\"post\"\n         data-id=\"947\"\n         id=\"da-reactions-slot-post-947\">\n        <div class=\"da-reactions-static\">\n\t\t\t<img src=\"https:\/\/www.kariyer.net\/kariyer-rehberi\/wp-content\/plugins\/da-reactions\/assets\/dist\/loading.svg\" alt=\"Loading spinner\" width=\"48\" height=\"48\" style=\"width:48px\" \/>\n        <\/div>\n    <\/div>\n<\/div>\n","protected":false},"excerpt":{"rendered":"<p>Ayd\u0131nl\u0131 Grup Genel M\u00fcd\u00fcr\u00fc Osman \u015eent\u00fcrk\u2019\u00fcn perakende sekt\u00f6r\u00fcyle tan\u0131\u015fmas\u0131 e\u011fitim i\u00e7in gitti\u011fi Amerika\u2019da bir arkada\u015f\u0131yla T\u00fcrkiye\u2019den hal\u0131 getirtip satt\u0131\u011f\u0131 y\u0131llara dayan\u0131yor. \u015eent\u00fcrk, hangi pozisyon olursa olsun \u201cBilmiyorum\u201d kelimesinden korkmamak gerekti\u011fini s\u00f6yl\u00fcyor. Memur bir baban\u0131n o\u011flu olarak 1973\u2019te \u0130zmit\u2019te d\u00fcnyaya gelen Osman \u015eent\u00fcrk, 1990\u2019da \u0130T\u00dc End\u00fcstri M\u00fchendisli\u011fi B\u00f6l\u00fcm\u00fc\u2019n\u00fc kazanm\u0131\u015f. Ayn\u0131 \u00fcniversitede master program\u0131na ba\u015flayan \u015eent\u00fcrk, eline [&hellip;]<\/p>\n<!-- templates\/buttons-placeholder.php -->\n<div class=\"da-reactions-outer TpostID947\">\n\t    <div class=\"da-reactions-data da-reactions-container-async center\"\n         data-type=\"post\"\n         data-id=\"947\"\n         id=\"da-reactions-slot-post-947\">\n        <div class=\"da-reactions-static\">\n\t\t\t<img src=\"https:\/\/www.kariyer.net\/kariyer-rehberi\/wp-content\/plugins\/da-reactions\/assets\/dist\/loading.svg\" alt=\"Loading spinner\" width=\"48\" height=\"48\" style=\"width:48px\" \/>\n        <\/div>\n    <\/div>\n<\/div>\n","protected":false},"author":6,"featured_media":3745,"comment_status":"open","ping_status":"open","sticky":false,"template":"","format":"standard","meta":{"footnotes":"","_elementor_edit_mode":"","_elementor_template_type":"","_elementor_data":"","_elementor_page_settings":null,"_elementor_conditions":[]},"categories":[2203],"tags":[1177,1178],"class_list":{"0":"post-947","1":"post","2":"type-post","3":"status-publish","4":"format-standard","5":"has-post-thumbnail","7":"category-haberler-duyurular","8":"tag-aydinli","9":"tag-osman-senturk"},"yoast_head":"<!-- This site is optimized with the Yoast SEO Premium plugin v21.4 (Yoast SEO v27.0) - https:\/\/yoast.com\/product\/yoast-seo-premium-wordpress\/ -->\n<title>\u00d6\u011frenme s\u00fcreci hi\u00e7 bitmez | Kariyer Rehberi<\/title>\n<meta name=\"description\" content=\"Ayd\u0131nl\u0131 Grup Genel M\u00fcd\u00fcr\u00fc Osman \u015eent\u00fcrk\u2019\u00fcn perakende sekt\u00f6r\u00fcyle tan\u0131\u015fmas\u0131 e\u011fitim i\u00e7in gitti\u011fi Amerika\u2019da bir arkada\u015f\u0131yla T\u00fcrkiye\u2019den hal\u0131 getirtip satt\u0131\u011f\u0131\" \/>\n<meta name=\"robots\" content=\"index, follow, max-snippet:-1, max-image-preview:large, max-video-preview:-1\" \/>\n<link rel=\"canonical\" href=\"https:\/\/www.kariyer.net\/kariyer-rehberi\/ogrenme-sureci-hic-bitmez\/\" \/>\n<meta property=\"og:locale\" content=\"tr_TR\" \/>\n<meta property=\"og:type\" content=\"article\" \/>\n<meta property=\"og:title\" content=\"\u00d6\u011frenme s\u00fcreci hi\u00e7 bitmez\" \/>\n<meta property=\"og:description\" content=\"Ayd\u0131nl\u0131 Grup Genel M\u00fcd\u00fcr\u00fc Osman \u015eent\u00fcrk\u2019\u00fcn perakende sekt\u00f6r\u00fcyle tan\u0131\u015fmas\u0131 e\u011fitim i\u00e7in gitti\u011fi Amerika\u2019da bir arkada\u015f\u0131yla T\u00fcrkiye\u2019den hal\u0131 getirtip satt\u0131\u011f\u0131\" \/>\n<meta property=\"og:url\" content=\"https:\/\/www.kariyer.net\/kariyer-rehberi\/ogrenme-sureci-hic-bitmez\/\" \/>\n<meta property=\"og:site_name\" content=\"Kariyer Rehberi\" \/>\n<meta property=\"article:published_time\" content=\"2013-10-08T00:00:00+00:00\" \/>\n<meta property=\"article:modified_time\" content=\"2024-07-03T11:56:09+00:00\" \/>\n<meta property=\"og:image\" content=\"https:\/\/www.kariyer.net\/kariyer-rehberi\/wp-content\/uploads\/2013\/10\/aydinli250.jpg\" \/>\n\t<meta property=\"og:image:width\" content=\"250\" \/>\n\t<meta property=\"og:image:height\" content=\"150\" \/>\n\t<meta property=\"og:image:type\" content=\"image\/jpeg\" \/>\n<meta name=\"author\" content=\"Merve Tun\u00e7er\" \/>\n<meta name=\"twitter:card\" content=\"summary_large_image\" \/>\n<meta name=\"twitter:label1\" content=\"Yazan:\" \/>\n\t<meta name=\"twitter:data1\" content=\"Merve Tun\u00e7er\" \/>\n\t<meta name=\"twitter:label2\" content=\"Tahmini okuma s\u00fcresi\" \/>\n\t<meta name=\"twitter:data2\" content=\"7 dakika\" \/>\n<!-- \/ Yoast SEO Premium plugin. -->","yoast_head_json":{"title":"\u00d6\u011frenme s\u00fcreci hi\u00e7 bitmez | Kariyer Rehberi","description":"Ayd\u0131nl\u0131 Grup Genel M\u00fcd\u00fcr\u00fc Osman \u015eent\u00fcrk\u2019\u00fcn perakende sekt\u00f6r\u00fcyle tan\u0131\u015fmas\u0131 e\u011fitim i\u00e7in gitti\u011fi Amerika\u2019da bir arkada\u015f\u0131yla T\u00fcrkiye\u2019den hal\u0131 getirtip satt\u0131\u011f\u0131","robots":{"index":"index","follow":"follow","max-snippet":"max-snippet:-1","max-image-preview":"max-image-preview:large","max-video-preview":"max-video-preview:-1"},"canonical":"https:\/\/www.kariyer.net\/kariyer-rehberi\/ogrenme-sureci-hic-bitmez\/","og_locale":"tr_TR","og_type":"article","og_title":"\u00d6\u011frenme s\u00fcreci hi\u00e7 bitmez","og_description":"Ayd\u0131nl\u0131 Grup Genel M\u00fcd\u00fcr\u00fc Osman \u015eent\u00fcrk\u2019\u00fcn perakende sekt\u00f6r\u00fcyle tan\u0131\u015fmas\u0131 e\u011fitim i\u00e7in gitti\u011fi Amerika\u2019da bir arkada\u015f\u0131yla T\u00fcrkiye\u2019den hal\u0131 getirtip satt\u0131\u011f\u0131","og_url":"https:\/\/www.kariyer.net\/kariyer-rehberi\/ogrenme-sureci-hic-bitmez\/","og_site_name":"Kariyer Rehberi","article_published_time":"2013-10-08T00:00:00+00:00","article_modified_time":"2024-07-03T11:56:09+00:00","og_image":[{"width":250,"height":150,"url":"https:\/\/www.kariyer.net\/kariyer-rehberi\/wp-content\/uploads\/2013\/10\/aydinli250.jpg","type":"image\/jpeg"}],"author":"Merve Tun\u00e7er","twitter_card":"summary_large_image","twitter_misc":{"Yazan:":"Merve Tun\u00e7er","Tahmini okuma s\u00fcresi":"7 dakika"},"schema":{"@context":"https:\/\/schema.org","@graph":[{"@type":"Article","@id":"https:\/\/www.kariyer.net\/kariyer-rehberi\/ogrenme-sureci-hic-bitmez\/#article","isPartOf":{"@id":"https:\/\/www.kariyer.net\/kariyer-rehberi\/ogrenme-sureci-hic-bitmez\/"},"author":{"name":"Merve Tun\u00e7er","@id":"https:\/\/www.kariyer.net\/kariyer-rehberi\/#\/schema\/person\/0a1b137f53ff777a71394484346c28a1"},"headline":"\u00d6\u011frenme s\u00fcreci hi\u00e7 bitmez","datePublished":"2013-10-08T00:00:00+00:00","dateModified":"2024-07-03T11:56:09+00:00","mainEntityOfPage":{"@id":"https:\/\/www.kariyer.net\/kariyer-rehberi\/ogrenme-sureci-hic-bitmez\/"},"wordCount":1497,"commentCount":0,"publisher":{"@id":"https:\/\/www.kariyer.net\/kariyer-rehberi\/#organization"},"image":{"@id":"https:\/\/www.kariyer.net\/kariyer-rehberi\/ogrenme-sureci-hic-bitmez\/#primaryimage"},"thumbnailUrl":"https:\/\/www.kariyer.net\/kariyer-rehberi\/wp-content\/uploads\/2013\/10\/aydinli250.jpg","keywords":["Ayd\u0131nl\u0131","Osman \u015eent\u00fcrk"],"articleSection":["Haberler ve Duyurular"],"inLanguage":"tr","potentialAction":[{"@type":"CommentAction","name":"Comment","target":["https:\/\/www.kariyer.net\/kariyer-rehberi\/ogrenme-sureci-hic-bitmez\/#respond"]}]},{"@type":"WebPage","@id":"https:\/\/www.kariyer.net\/kariyer-rehberi\/ogrenme-sureci-hic-bitmez\/","url":"https:\/\/www.kariyer.net\/kariyer-rehberi\/ogrenme-sureci-hic-bitmez\/","name":"\u00d6\u011frenme s\u00fcreci hi\u00e7 bitmez | Kariyer Rehberi","isPartOf":{"@id":"https:\/\/www.kariyer.net\/kariyer-rehberi\/#website"},"primaryImageOfPage":{"@id":"https:\/\/www.kariyer.net\/kariyer-rehberi\/ogrenme-sureci-hic-bitmez\/#primaryimage"},"image":{"@id":"https:\/\/www.kariyer.net\/kariyer-rehberi\/ogrenme-sureci-hic-bitmez\/#primaryimage"},"thumbnailUrl":"https:\/\/www.kariyer.net\/kariyer-rehberi\/wp-content\/uploads\/2013\/10\/aydinli250.jpg","datePublished":"2013-10-08T00:00:00+00:00","dateModified":"2024-07-03T11:56:09+00:00","description":"Ayd\u0131nl\u0131 Grup Genel M\u00fcd\u00fcr\u00fc Osman \u015eent\u00fcrk\u2019\u00fcn perakende sekt\u00f6r\u00fcyle tan\u0131\u015fmas\u0131 e\u011fitim i\u00e7in gitti\u011fi Amerika\u2019da bir arkada\u015f\u0131yla T\u00fcrkiye\u2019den hal\u0131 getirtip satt\u0131\u011f\u0131","breadcrumb":{"@id":"https:\/\/www.kariyer.net\/kariyer-rehberi\/ogrenme-sureci-hic-bitmez\/#breadcrumb"},"inLanguage":"tr","potentialAction":[{"@type":"ReadAction","target":["https:\/\/www.kariyer.net\/kariyer-rehberi\/ogrenme-sureci-hic-bitmez\/"]}]},{"@type":"ImageObject","inLanguage":"tr","@id":"https:\/\/www.kariyer.net\/kariyer-rehberi\/ogrenme-sureci-hic-bitmez\/#primaryimage","url":"https:\/\/www.kariyer.net\/kariyer-rehberi\/wp-content\/uploads\/2013\/10\/aydinli250.jpg","contentUrl":"https:\/\/www.kariyer.net\/kariyer-rehberi\/wp-content\/uploads\/2013\/10\/aydinli250.jpg","width":250,"height":150},{"@type":"BreadcrumbList","@id":"https:\/\/www.kariyer.net\/kariyer-rehberi\/ogrenme-sureci-hic-bitmez\/#breadcrumb","itemListElement":[{"@type":"ListItem","position":1,"name":"Anasayfa","item":"https:\/\/www.kariyer.net\/kariyer-rehberi\/"},{"@type":"ListItem","position":2,"name":"\u00d6\u011frenme s\u00fcreci hi\u00e7 bitmez"}]},{"@type":"WebSite","@id":"https:\/\/www.kariyer.net\/kariyer-rehberi\/#website","url":"https:\/\/www.kariyer.net\/kariyer-rehberi\/","name":"Kariyer Rehberi","description":"\u0130\u015f D\u00fcnyas\u0131yla \u0130lgili Bilmek \u0130stedi\u011finiz Her \u015eey","publisher":{"@id":"https:\/\/www.kariyer.net\/kariyer-rehberi\/#organization"},"potentialAction":[{"@type":"SearchAction","target":{"@type":"EntryPoint","urlTemplate":"https:\/\/www.kariyer.net\/kariyer-rehberi\/?s={search_term_string}"},"query-input":{"@type":"PropertyValueSpecification","valueRequired":true,"valueName":"search_term_string"}}],"inLanguage":"tr"},{"@type":"Organization","@id":"https:\/\/www.kariyer.net\/kariyer-rehberi\/#organization","name":"Kariyer.net","url":"https:\/\/www.kariyer.net\/kariyer-rehberi\/","logo":{"@type":"ImageObject","inLanguage":"tr","@id":"https:\/\/www.kariyer.net\/kariyer-rehberi\/#\/schema\/logo\/image\/","url":"https:\/\/www.kariyer.net\/kariyer-rehberi-new\/wp-content\/uploads\/2023\/01\/og-image11.jpg","contentUrl":"https:\/\/www.kariyer.net\/kariyer-rehberi-new\/wp-content\/uploads\/2023\/01\/og-image11.jpg","width":800,"height":800,"caption":"Kariyer.net"},"image":{"@id":"https:\/\/www.kariyer.net\/kariyer-rehberi\/#\/schema\/logo\/image\/"}},{"@type":"Person","@id":"https:\/\/www.kariyer.net\/kariyer-rehberi\/#\/schema\/person\/0a1b137f53ff777a71394484346c28a1","name":"Merve Tun\u00e7er","image":{"@type":"ImageObject","inLanguage":"tr","@id":"https:\/\/www.kariyer.net\/kariyer-rehberi\/#\/schema\/person\/image\/","url":"https:\/\/secure.gravatar.com\/avatar\/f901bc11e2b7a88ba6f6ba817ccc4d8f7782f16694472c26fd2664737093f4f2?s=96&d=mm&r=g","contentUrl":"https:\/\/secure.gravatar.com\/avatar\/f901bc11e2b7a88ba6f6ba817ccc4d8f7782f16694472c26fd2664737093f4f2?s=96&d=mm&r=g","caption":"Merve Tun\u00e7er"},"description":"Kad\u0131k\u00f6y Anadolu Lisesi\u2019nin ard\u0131ndan diplomat olma hayaliyle girdi\u011fi Marmara \u00dcniversitesi Frans\u0131zca Siyaset Bilimi ve Kamu Y\u00f6netimi B\u00f6l\u00fcm\u00fc\u2019nde e\u011fitimine devam ederken gazetecilik mesle\u011fine g\u00f6nl\u00fcn\u00fc kapt\u0131rd\u0131. \u201cT\u00fcrkiye\u2019de ve Fransa\u2019da Gazeteci Kimli\u011fi Sorunu\u201d konulu tezini yazarken \u00e7al\u0131\u015fmaya ba\u015flad\u0131\u011f\u0131 ajansta gazetecili\u011fe ad\u0131m att\u0131.","sameAs":["http:\/\/www.kariyer.net\/kariyer-rehberi\/merve-tuncer\/"],"url":"https:\/\/www.kariyer.net\/kariyer-rehberi\/author\/merve-tuncer\/"}]}},"_links":{"self":[{"href":"https:\/\/www.kariyer.net\/kariyer-rehberi\/wp-json\/wp\/v2\/posts\/947","targetHints":{"allow":["GET"]}}],"collection":[{"href":"https:\/\/www.kariyer.net\/kariyer-rehberi\/wp-json\/wp\/v2\/posts"}],"about":[{"href":"https:\/\/www.kariyer.net\/kariyer-rehberi\/wp-json\/wp\/v2\/types\/post"}],"author":[{"embeddable":true,"href":"https:\/\/www.kariyer.net\/kariyer-rehberi\/wp-json\/wp\/v2\/users\/6"}],"replies":[{"embeddable":true,"href":"https:\/\/www.kariyer.net\/kariyer-rehberi\/wp-json\/wp\/v2\/comments?post=947"}],"version-history":[{"count":1,"href":"https:\/\/www.kariyer.net\/kariyer-rehberi\/wp-json\/wp\/v2\/posts\/947\/revisions"}],"predecessor-version":[{"id":18775,"href":"https:\/\/www.kariyer.net\/kariyer-rehberi\/wp-json\/wp\/v2\/posts\/947\/revisions\/18775"}],"wp:featuredmedia":[{"embeddable":true,"href":"https:\/\/www.kariyer.net\/kariyer-rehberi\/wp-json\/wp\/v2\/media\/3745"}],"wp:attachment":[{"href":"https:\/\/www.kariyer.net\/kariyer-rehberi\/wp-json\/wp\/v2\/media?parent=947"}],"wp:term":[{"taxonomy":"category","embeddable":true,"href":"https:\/\/www.kariyer.net\/kariyer-rehberi\/wp-json\/wp\/v2\/categories?post=947"},{"taxonomy":"post_tag","embeddable":true,"href":"https:\/\/www.kariyer.net\/kariyer-rehberi\/wp-json\/wp\/v2\/tags?post=947"}],"curies":[{"name":"wp","href":"https:\/\/api.w.org\/{rel}","templated":true}]}}